{"id":14082,"date":"2018-06-25T20:21:03","date_gmt":"2018-06-25T20:21:03","guid":{"rendered":"https:\/\/www.cilip.de\/?p=14082"},"modified":"2018-06-25T20:21:03","modified_gmt":"2018-06-25T20:21:03","slug":"meldepflicht-fuer-tatbeobachterinnen","status":"publish","type":"post","link":"https:\/\/wp-dev.daten.cool\/?p=14082","title":{"rendered":"Meldepflicht f\u00fcr \u201eTatbeobachter\u201c"},"content":{"rendered":"<p>ZivilpolizistInnen d\u00fcrfen sich auf Versammlungen vermummen, m\u00fcssen sich aber der Versammlungsleitung zu erkennen zu geben. Zu dieser Einsch\u00e4tzung kommt ein Gutachten des Wissenschaftlichen Dienstes im Bundestag.<a href=\"#_ftn1\" name=\"_ftnref1\">[1]<\/a> Demnach gilt das sogenannte Vermummungsverbot aus dem Versammlungsgesetz nur f\u00fcr Teilnehmende. Aus dienstlichen Gr\u00fcnden anwesende PolizistInnen geh\u00f6ren wie \u201efliegende H\u00e4ndler\u201c oder Bedienungspersonal nicht dazu.<!--more--><\/p>\n<p>Die Polizei hatte beim G20-Gipfel in Hamburg \u201eTatbeobachter\u201c in die Demonstration \u201eWelcome to Hell\u201c am 6. Juli 2017 entsandt. Vermummt sollen diese auch im \u201eSchwarzen Block\u201c agiert haben. Laut einem Polizeisprecher habe es sich um eine \u201eeinstellige Zahl\u201c von \u201eTatbeobachtern\u201c gehandelt.<a href=\"#_ftn2\" name=\"_ftnref2\">[2]<\/a> Unklar ist aber, welche anderen Landes- oder Bundesbeh\u00f6rden ebenfalls zivile BeamtInnen inmitten der Demonstration eingesetzt haben.<\/p>\n<p>Laut den Bundestags-JuristInnen hat die Polizei auf einer Versammlung ein \u201eAnwesenheitsrecht\u201c, das an eine \u201eLegitimationspflicht\u201c gekoppelt ist. Demnach muss die Versammlungsleitung \u201egerade die nicht uniformierten Polizisten als solche erkennen (k\u00f6nnen), um ihr etwaiges Eingreifen nicht als Verhalten von Teilnehmern zu missdeuten\u201c. Das Gutachten spricht von einer \u201eUnsicherheit der Versammlungsteilnehmer\u201c, wenn diese von einer Beobachtung durch die Polizei ausgehen m\u00fcs\u00adsen. Entweder soll deshalb \u201ejeder einzelne Polizist\u201c Namen und Dienst\u00adstelle nennen oder, wenn es um eine gr\u00f6\u00dfere Zahl entsandter Po\u00adli\u00adzistInnen handelt, nur die EinsatzleiterIn. Auf keinen Fall d\u00fcrfe der Staat unmittelbar oder mittelbar durch \u201eagents provocateurs\u201c einen Grund f\u00fcr die Aufl\u00f6sung einer Versammlung schaffen. Die Demonstration \u201eWelcome to Hell\u201c war jedoch noch vor dem Start wegen angeblicher Vermummung durch die Polizei angegriffen und schlie\u00dflich aufgel\u00f6st worden.<\/p>\n<h6><a href=\"#_ftnref1\" name=\"_ftn1\">[1]<\/a>\u00a0 <a href=\"http:\/\/www.bundestag.de\/blob\/560902\/637a2ce83177d72f6122bf5132fa7998\/wd-3-181-18-pdf-data.pdf\">www.bundestag.de\/blob\/560902\/637a2ce83177d72f6122bf5132fa7998\/wd-3-181-18-pdf-data.pdf<\/a><\/h6>\n<h6><a href=\"#_ftnref2\" name=\"_ftn2\">[2]<\/a> <a href=\"http:\/\/www.abendblatt.de\/hamburg\/article214484035\/G-20-Warum-noch-kein-Polizist-angeklagt-wurde.html\">www.abendblatt.de\/hamburg\/article214484035\/G-20-Warum-noch-kein-Polizist-angeklagt-wurde.html<\/a><\/h6>\n<h3>Beitragsbild: Anti-G20-Demonstration am 6. Juli 2017 in Hamburg (Montecruz Foto).<\/h3>\n","protected":false},"excerpt":{"rendered":"<p>ZivilpolizistInnen d\u00fcrfen sich auf Versammlungen vermummen, m\u00fcssen sich aber der Versammlungsleitung zu erkennen zu geben.<\/p>\n","protected":false},"author":3,"featured_media":14089,"comment_status":"open","ping_status":"open","sticky":false,"template":"","format":"standard","meta":{"footnotes":""},"categories":[121,146],"tags":[],"class_list":["post-14082","post","type-post","status-publish","format-standard","has-post-thumbnail","hentry","category-cilip-116","category-meldungen-inland"],"_links":{"self":[{"href":"https:\/\/wp-dev.daten.cool\/index.php?rest_route=\/wp\/v2\/posts\/14082","targetHints":{"allow":["GET"]}}],"collection":[{"href":"https:\/\/wp-dev.daten.cool\/index.php?rest_route=\/wp\/v2\/posts"}],"about":[{"href":"https:\/\/wp-dev.daten.cool\/index.php?rest_route=\/wp\/v2\/types\/post"}],"author":[{"embeddable":true,"href":"https:\/\/wp-dev.daten.cool\/index.php?rest_route=\/wp\/v2\/users\/3"}],"replies":[{"embeddable":true,"href":"https:\/\/wp-dev.daten.cool\/index.php?rest_route=%2Fwp%2Fv2%2Fcomments&post=14082"}],"version-history":[{"count":0,"href":"https:\/\/wp-dev.daten.cool\/index.php?rest_route=\/wp\/v2\/posts\/14082\/revisions"}],"wp:featuredmedia":[{"embeddable":true,"href":"https:\/\/wp-dev.daten.cool\/index.php?rest_route=\/wp\/v2\/media\/14089"}],"wp:attachment":[{"href":"https:\/\/wp-dev.daten.cool\/index.php?rest_route=%2Fwp%2Fv2%2Fmedia&parent=14082"}],"wp:term":[{"taxonomy":"category","embeddable":true,"href":"https:\/\/wp-dev.daten.cool\/index.php?rest_route=%2Fwp%2Fv2%2Fcategories&post=14082"},{"taxonomy":"post_tag","embeddable":true,"href":"https:\/\/wp-dev.daten.cool\/index.php?rest_route=%2Fwp%2Fv2%2Ftags&post=14082"}],"curies":[{"name":"wp","href":"https:\/\/api.w.org\/{rel}","templated":true}]}}