{"id":14086,"date":"2018-06-25T20:24:27","date_gmt":"2018-06-25T20:24:27","guid":{"rendered":"https:\/\/www.cilip.de\/?p=14086"},"modified":"2018-06-25T20:24:27","modified_gmt":"2018-06-25T20:24:27","slug":"gefaehrlicher-ort-fluechtlingsunterkunft","status":"publish","type":"post","link":"https:\/\/wp-dev.daten.cool\/?p=14086","title":{"rendered":"\u201eGef\u00e4hrlicher Ort\u201c Fl\u00fcchtlingsunterkunft"},"content":{"rendered":"<p>An einem Vormittag im November 2015 kontrollierten in Olpe (Nordrhein-Westfalen) zwei Polizeibeamte die Insassen eines Fahrzeugs, das in der N\u00e4he einer Notunterkunft parkte. Weil der Fahrer den Sinn dieser Kontrolle hinterfragte, wurde ihm mitgeteilt, dass er \u201eaugenscheinlich nicht deutscher Herkunft sei und sein aufenthaltsrechtlicher Status in der BRD \u00fcberpr\u00fcft werden m\u00fcsse\u201c. Diese Begr\u00fcndung wurde in einem nun ver\u00f6ffentlichten Urteil des Verwaltungsgerichts Arnsberg f\u00fcr rechtswidrig erkl\u00e4rt.<a href=\"#_ftn1\" name=\"_ftnref1\">[1]<\/a> Es fehlten Anhaltspunkte daf\u00fcr, \u201edass der Aufenthaltsstatus \u00fcberhaupt auch nur zweifelhaft war\u201c. Allein das Aussehen gen\u00fcge nicht, \u201eum vern\u00fcnftige Zweifel an der Rechtsm\u00e4\u00dfigkeit\u201c des Aufenthalts begr\u00fcnden zu k\u00f6nnen.<!--more--><\/p>\n<p>Bemerkenswert an dem Urteil ist zweierlei. Zum einen erkennt das Gericht an, dass der Ma\u00dfnahme einer Aufenthalts\u00fcberpr\u00fcfung \u201eimmanent\u201c sei, \u201edass in erster Linie solche Personen, deren Aussehen eine ausl\u00e4ndische Herkunft vermuten lassen, ins Visier einer Aufenthalts\u00fcberpr\u00fcfung geraten.\u201c Oder kurz gesagt: polizeiliche Ma\u00dfnahmen zur Durchsetzung des Aufenthaltsrechts funktionieren nicht ohne \u201eracial profiling\u201c. Zum anderen geht das Gericht ausf\u00fchrlich auf die Ausf\u00fchrungen der nordrhein-westf\u00e4lischen Polizei ein, die die Personenkontrolle im Nachhinein durch ihre Befugnisse zur verdachtsunabh\u00e4ngigen Kontrolle an einem \u201egef\u00e4hrlichen Ort\u201c legitimieren wollte (\u00a7 12 Abs. 1 Nr. 2 Polizeigesetz NRW). Sie verkn\u00fcpfte dabei Gefl\u00fcchtete und ihre Unterk\u00fcnfte pauschal mit Kriminalit\u00e4t und Terrorismus. Dies wies das Gericht ausf\u00fchrlich zur\u00fcck. Denn auch f\u00fcr \u201egef\u00e4hrliche Orte\u201c m\u00fcssten mehr konkrete Anhaltspunkte vorgebracht werden als lediglich der Verweis auf Aussehen und Aufenthaltsstatus der sich dort aufhaltenden Personen.<\/p>\n<h6><a href=\"#_ftnref1\" name=\"_ftn1\">[1]<\/a>\u00a0Urteil v. 2.2.2017, Az.: 6 K 3996\/15; Leits\u00e4tze: <a href=\"http:\/\/www.zvr-online.com\/index.php?id=414\">www.zvr-online.com\/index.php?id=414<\/a><\/h6>\n","protected":false},"excerpt":{"rendered":"<p>An einem Vormittag im November 2015 kontrollierten in Olpe (Nordrhein-Westfalen) zwei Polizeibeamte die Insassen eines<\/p>\n","protected":false},"author":14,"featured_media":0,"comment_status":"open","ping_status":"open","sticky":false,"template":"","format":"standard","meta":{"footnotes":""},"categories":[121,146],"tags":[],"class_list":["post-14086","post","type-post","status-publish","format-standard","hentry","category-cilip-116","category-meldungen-inland"],"_links":{"self":[{"href":"https:\/\/wp-dev.daten.cool\/index.php?rest_route=\/wp\/v2\/posts\/14086","targetHints":{"allow":["GET"]}}],"collection":[{"href":"https:\/\/wp-dev.daten.cool\/index.php?rest_route=\/wp\/v2\/posts"}],"about":[{"href":"https:\/\/wp-dev.daten.cool\/index.php?rest_route=\/wp\/v2\/types\/post"}],"author":[{"embeddable":true,"href":"https:\/\/wp-dev.daten.cool\/index.php?rest_route=\/wp\/v2\/users\/14"}],"replies":[{"embeddable":true,"href":"https:\/\/wp-dev.daten.cool\/index.php?rest_route=%2Fwp%2Fv2%2Fcomments&post=14086"}],"version-history":[{"count":0,"href":"https:\/\/wp-dev.daten.cool\/index.php?rest_route=\/wp\/v2\/posts\/14086\/revisions"}],"wp:attachment":[{"href":"https:\/\/wp-dev.daten.cool\/index.php?rest_route=%2Fwp%2Fv2%2Fmedia&parent=14086"}],"wp:term":[{"taxonomy":"category","embeddable":true,"href":"https:\/\/wp-dev.daten.cool\/index.php?rest_route=%2Fwp%2Fv2%2Fcategories&post=14086"},{"taxonomy":"post_tag","embeddable":true,"href":"https:\/\/wp-dev.daten.cool\/index.php?rest_route=%2Fwp%2Fv2%2Ftags&post=14086"}],"curies":[{"name":"wp","href":"https:\/\/api.w.org\/{rel}","templated":true}]}}