{"id":1422,"date":"2003-02-03T14:48:28","date_gmt":"2003-02-03T14:48:28","guid":{"rendered":"http:\/\/www.cilip.de\/?p=1422"},"modified":"2003-02-03T14:48:28","modified_gmt":"2003-02-03T14:48:28","slug":"inland-aktuell","status":"publish","type":"post","link":"https:\/\/wp-dev.daten.cool\/?p=1422","title":{"rendered":"Neuanfang der Kritischen Polizistinnen und Polizisten?"},"content":{"rendered":"<p>Totgesagte leben l\u00e4nger, lautet ein Sprichwort, das im Falle der Bundesarbeitsgemeinschaft (BAG) Kritischer Polizistinnen und Polizisten (Hamburger Signal e.V.) nicht unbedingt gilt. Zwar wurde die einstweilige Verf\u00fcgung gegen die ehemalige Bundessprecherin Bianca M\u00fcller wegen der Mobbing-Vorw\u00fcrfe im Zusammenhang mit dem Suizid eines Berliner Polizeibeamten in der Berufung am 15.4.2002 aufgehoben.\u00a0Das Verfahren hatte wegen der hohen Kosten zur Insolvenz des Vereins gef\u00fchrt. <!--more-->Die inneren Zerw\u00fcrfnisse zwischen ehemaligen und noch aktiven BAG-Mitgliedern bestehen nach wie vor weiter. Dokumentiert wird dies auf den konkurrierenden Internetseiten von Bianca M\u00fcller, die nun als &#8222;Koordinatorin&#8220; der neu gegr\u00fcndeten &#8222;Arbeitsgemeinschaft Kritische PolizistInnen&#8220; fungiert (<a href=\"http:\/\/www.kritische-polizistinnen.de\" target=\"1\" rel=\"noopener\">www.kritische-polizistinnen.de<\/a>) und den Seiten der weiterhin existierenden, wenn auch rechtlich nicht gesch\u00e4ftsf\u00e4higen BAG (<a href=\"http:\/\/www.kritische-polizisten.de\" target=\"1\" rel=\"noopener\">www.kritische-polizisten.de<\/a>) unter Bundessprecher Thomas W\u00fcppesahl. Auch wenn die gerichtlichen Niederlagen abgewendet werden konnten, ist die inhaltliche Krise offenbar noch nicht \u00fcberwunden. Vom fr\u00fcheren Selbstverst\u00e4ndnis, zu gesellschaftspolitischen Themen Stellung zu nehmen und sich als Teil der B\u00fcrgerrechtsbewegung aktiv einzumischen, sind die &#8222;Kritischen&#8220; um M\u00fcller wie auch um W\u00fcppesahl weit entfernt. Statt dessen verharren beide AGs beim Thema Mobbing und drohen damit zu polizeiinternen Selbsthilfegruppen zu werden.<\/p>\n<p>Das Zwischenspiel bei der Humanistischen Union (HU), zu deren Beitritt der fr\u00fchere BAG-Vorstand im August 2001 f\u00fcr den Fall der Aufl\u00f6sung aufgerufen hatte, war auch nur kurz. Nur wenige Mitglieder folgten dem Vorschlag zusammen mit Bianca M\u00fcller, die Ansprechpartnerin einer zu gr\u00fcndenden Polizei-Arbeitsgruppe werden sollte. Mittlerweile haben sich M\u00fcller und HU einvernehmlich getrennt. Eine Polizei-Arbeitsgruppe unter Leitung von Reinhard Mokros und Fredrik Roggan befindet sich bei der HU aber weiterhin in der Planung.<\/p>\n<p>(Martina Kant)<\/p>\n","protected":false},"excerpt":{"rendered":"<p>Totgesagte leben l\u00e4nger, lautet ein Sprichwort, das im Falle der Bundesarbeitsgemeinschaft (BAG) Kritischer Polizistinnen und<\/p>\n","protected":false},"author":2,"featured_media":0,"comment_status":"open","ping_status":"open","sticky":false,"template":"","format":"standard","meta":{"footnotes":""},"categories":[80,146],"tags":[],"class_list":["post-1422","post","type-post","status-publish","format-standard","hentry","category-cilip-074","category-meldungen-inland"],"_links":{"self":[{"href":"https:\/\/wp-dev.daten.cool\/index.php?rest_route=\/wp\/v2\/posts\/1422","targetHints":{"allow":["GET"]}}],"collection":[{"href":"https:\/\/wp-dev.daten.cool\/index.php?rest_route=\/wp\/v2\/posts"}],"about":[{"href":"https:\/\/wp-dev.daten.cool\/index.php?rest_route=\/wp\/v2\/types\/post"}],"author":[{"embeddable":true,"href":"https:\/\/wp-dev.daten.cool\/index.php?rest_route=\/wp\/v2\/users\/2"}],"replies":[{"embeddable":true,"href":"https:\/\/wp-dev.daten.cool\/index.php?rest_route=%2Fwp%2Fv2%2Fcomments&post=1422"}],"version-history":[{"count":0,"href":"https:\/\/wp-dev.daten.cool\/index.php?rest_route=\/wp\/v2\/posts\/1422\/revisions"}],"wp:attachment":[{"href":"https:\/\/wp-dev.daten.cool\/index.php?rest_route=%2Fwp%2Fv2%2Fmedia&parent=1422"}],"wp:term":[{"taxonomy":"category","embeddable":true,"href":"https:\/\/wp-dev.daten.cool\/index.php?rest_route=%2Fwp%2Fv2%2Fcategories&post=1422"},{"taxonomy":"post_tag","embeddable":true,"href":"https:\/\/wp-dev.daten.cool\/index.php?rest_route=%2Fwp%2Fv2%2Ftags&post=1422"}],"curies":[{"name":"wp","href":"https:\/\/api.w.org\/{rel}","templated":true}]}}