{"id":14445,"date":"2018-08-03T21:13:05","date_gmt":"2018-08-03T21:13:05","guid":{"rendered":"https:\/\/www.cilip.de\/?p=14445"},"modified":"2018-08-03T21:13:05","modified_gmt":"2018-08-03T21:13:05","slug":"chronologie-juli-2018","status":"publish","type":"post","link":"https:\/\/wp-dev.daten.cool\/?p=14445","title":{"rendered":"Chronologie Juli 2018"},"content":{"rendered":"<h3>zusammengestellt von Otto Diederichs<\/h3>\n<p>1. Juli: <strong>Waffenverbot in Z\u00fcgen<\/strong>: Die Bundespolizei (BPol) <a href=\"http:\/\/www.wz.de\/lokales\/nrw\/waffenverbot-am-dortmunder-hauptbahnhof-400-kontrollen-1.2713868\">bilanziert<\/a> das von ihr f\u00fcr das vergangene Wochenende \u00fcber den Hauptbahnhof in Dortmund (NRW) verh\u00e4ngte Waffenverbot: Bei knapp 400 Kontrollen wurden f\u00fcnf Messer, ein Teleskopschlagstock und ein unzul\u00e4ssiges Pfefferspray sichergestellt. Demnach kam es zu 128 Platzverweisen, 15 Ingewahrsamnahmen, 27 Ermittlungsverfahren und einer Festnahme aufgrund eines offenen Haftbefehls.<\/p>\n<p>2. Juli: <strong>Festnahmen von mutma\u00dflichen Dschihadisten<\/strong>: Die Bundesanwaltschaft (BAW) <a href=\"http:\/\/www.faz.net\/aktuell\/politik\/inland\/generalbundesanwalt-laesst-erstmals-is-heimkehrerin-festnehmen-15670301.html\">gibt die Festnahme einer Frau bekannt<\/a>, der vorgeworfen wird, zwischen September 2014 und Anfang 2016 im Irak als Mitglied der Terrororganisation \u201eIslamischer Staat\u201c (IS) als \u201eSittenw\u00e4chterin\u201c gearbeitet zu haben. <a href=\"http:\/\/www.spiegel.de\/politik\/deutschland\/islamistischer-staat-is-bundespolizei-nimmt-22-jaehrigen-fest-a-1219210.html\">Am 19. Juli<\/a> nimmt die Polizei in Plauen (Sachsen) einen Syrer fest, der im Verdacht steht seit September 2017 Propagandavideos des IS verbreitet und in zwei F\u00e4llen um Mitglieder f\u00fcr die Terrormiliz geworben zu haben. <a href=\"http:\/\/www.spiegel.de\/politik\/deutschland\/koeln-rizin-fall-ehefrau-von-verdaechtigem-islamisten-festgenommen-a-1219891.html\">Am 24. Juli<\/a> wird in K\u00f6ln die Ehefrau des im Juni unter dem Verdacht einen Giftanschlag vorbereitet zu haben, festgenommenen Tunesiers verhaftet. Sie ist verd\u00e4chtig ihren Mann unterst\u00fctzt zu haben. Im Raum Karlsruhe (Baden-W\u00fcrttemberg) nimmt die Polizei <a href=\"http:\/\/www.spiegel.de\/politik\/deutschland\/baden-wuerttemberg-dschihadistin-sabine-s-festgenommen-a-1220358.html\">am 26. Juli<\/a> eine Frau unter dem Verdacht der IS-Mitgliedschaft fest.<!--more--><\/p>\n<p><b>Bayerische Grenzpolizei:<\/b> Mit Dienstsitz in Passau und 500 Beamten beginnt die neu gegr\u00fcndete Bayerische Grenzpolizei <a href=\"https:\/\/www.behoerden-spiegel.de\/2018\/07\/03\/wieder-grenzpolizei-fuer-bayern\">ihren Dienstantritt<\/a>; Leiter wird <a href=\"https:\/\/www.tagesspiegel.de\/politik\/alois-mannichl-kaempfer-gegen-rechts-fuehrt-jetzt-bayerns-grenzpolizei\/22755654.html\">Alois Mannichl<\/a>. <a href=\"https:\/\/www.sueddeutsche.de\/bayern\/sicherheitspolitik-bayerische-landespolizei-beginnt-mit-grenzkontrollen-1.4059510\">Am 18. Juli<\/a> nimmt sie offiziell ihren Dienst auf; hierzu muss sie jedoch von der BPol angefordert und die Eins\u00e4tze abgestimmt werden.<\/p>\n<p><b>Missst\u00e4nde an Berliner Polizeischulen:<\/b> Die bisherige Leiterin eines Berliner Polizeiabschnittes, Tanja Knapp, wird <a href=\"https:\/\/www.berliner-zeitung.de\/berlin\/polizei\/berliner-polizeischule-amtsbeginn-fuer-leiterin-tanja-knapp-30720244\">neue Chefin der Berliner Polizeischule<\/a>, die im Herbst 2017 aufgrund erheblicher Missst\u00e4nde in die Kritik geraten war. <a href=\"https:\/\/www.morgenpost.de\/berlin\/article214682681\/Polizeiakademie-Unterrichtsausfall-und-miese-Unterbringung.html\">Im Bericht eines externen Sonderermittlers<\/a> ist u.a. von Lehrermangel, massivem Unterrichtsausfall, schlechter Unterbringung und erheblichem Mangel an Deutschkenntnissen die Rede.<\/p>\n<p><b>Alternative f\u00fcr Deutschland (AfD):<\/b> Auf das Auto des AfD-Bundestagsabgeordneten aus K\u00fclitz (Niedersachsen) wird ein Brandanschlag ver\u00fcbt. Es entsteht <a href=\"http:\/\/www.faz.net\/aktuell\/politik\/inland\/brandanschlag-auf-auto-von-afd-abgeordnetem-von-gottberg-15674569.html\">geringer Sachschaden<\/a>. Beim Parteitag der rechtspopulistischen AfD in Heilbronn (Baden-W\u00fcrttemberg) <a href=\"https:\/\/www.berliner-zeitung.de\/politik\/polizei-schickt-hubschrauber-vermummte-feuern-mit-konfetti-kanone-auf-afd-treffen-30729740\">am 3. Juli<\/a> schie\u00dfen Unbekannte mit einer Konfetti-Kanone durch das ge\u00f6ffnete Fenster in den Veranstaltungssaal: Die AfD meldet bei der Polizei daraufhin einen \u201eAnschlag mit Schusswaffen\u201c.<\/p>\n<p>3. Juli: <b>Rechtsextremistische Terrorgruppe NSU:<\/b> Nach 436 Verhandlungstagen <a href=\"http:\/\/www.spiegel.de\/panorama\/justiz\/nsu-prozess-beate-zschaepe-distanziert-sich-von-rechter-szene-urteil-am-11-juli-a-1216329.html\">beendet das Oberlandesgericht (OLG) M\u00fcnchen (Bayern) die Beweisaufnahme<\/a>. In ihrem Schlusswort distanziert sich die Hauptangeklagte Beate Zsch\u00e4pe von der rechten Szene und den Morden des NSU. Sie habe keine Kenntnis davon gehabt, wie und warum ihre Freunde ihre Opfer ausw\u00e4hlten. <a href=\"http:\/\/www.spiegel.de\/panorama\/justiz\/nsu-prozess-lebenslange-haft-fuer-beate-zschaepe-a-1217791.html\">Am 11. Juli<\/a> verurteilt das OLG Beate Zsch\u00e4pe als Mitt\u00e4terin wegen Mordes, Mitgliedschaft in einer terroristischen Vereinigung und schwerer Brandstiftung zu einer lebensl\u00e4nglichen Haftstrafe. Ihre Verteidiger k\u00fcndigen Revision an. Der Mitangeklagte Ralf Wohlleben erh\u00e4lt als Waffenbeschaffer <a href=\"http:\/\/www.spiegel.de\/panorama\/justiz\/nsu-prozess-ralf-wohlleben-zu-zehn-jahren-haft-verurteilt-a-1217731.html\">wegen Beihilfe zum Mord eine Haftstrafe von 10 Jahren<\/a>; der Waffen\u00fcberbringer Carsten S. eine <a href=\"http:\/\/www.spiegel.de\/panorama\/justiz\/nsu-prozess-das-urteil-gegen-carsten-s-a-1216182.html\">dreij\u00e4hrige Jugendstrafe<\/a> und Andr\u00e9 E. wegen Unterst\u00fctzung <a href=\"http:\/\/www.spiegel.de\/panorama\/justiz\/nsu-prozess-andre-e-zu-zweieinhalb-jahren-haft-verurteilt-a-1216239.html\">zweieinhalb Jahre<\/a>. Der Haftbefehl gegen ihn wird jedoch aufgehoben und er <a href=\"http:\/\/www.spiegel.de\/panorama\/justiz\/nsu-prozess-andre-e-nach-schuldspruch-aus-u-haft-entlassen-a-1217896.html\">aus der Untersuchungshaft entlassen<\/a>. Nach dem Urteil demonstrieren in Berlin, M\u00fcnchen (Bayern),Hamburg, Bremen, Kiel (Schleswig-Holstein), Frankfurt\/M. (Hessen) und Rostock (Mecklenburg-Vorpommern) <a href=\"http:\/\/www.spiegel.de\/panorama\/justiz\/nsu-urteil-tausende-demonstranten-fordern-weitere-aufklaerung-a-1217962.html\">mehrere tausend Menschen<\/a> und fordern eine weitergehende Aufkl\u00e4rung der rechtsterroristischen Terrorserie. <a href=\"http:\/\/www.spiegel.de\/panorama\/justiz\/nsu-ralf-wohlleben-kommt-frei-a-1218994.html\">Am 17. Juli<\/a> hebt das OLG M\u00fcnchen (Bayern) den Haftbefehl gegen Ralf Wohlleben auf. Nach sechs Jahren und acht Monaten Untersuchungshaft bestehe keine Fluchtgefahr mehr. Durch Presseberichte wird <a href=\"https:\/\/www.tagesspiegel.de\/politik\/nach-urteilsspruch-angeklagte-im-nsu-prozess-legen-revision-ein\/22818320.html\">am 19. Juli<\/a> bekannt, dass die Verteidiger aller Angeklagten und auch die Bundesanwaltschaft ( BAW) Revision gegen das Urteil eingelegt haben.<\/p>\n<p><b>Abschiebung<\/b><b>en<\/b><b>:<\/b> In einer Sammelabschiebung werden 69 Fl\u00fcchtlinge abgeschoben; es ist der gr\u00f6\u00dfte Abschiebeflug seit Dezember 2016. Damit wurden seither insgesamt rund <a href=\"https:\/\/www.tagesspiegel.de\/politik\/flug-nach-kabul-bisher-groesste-gruppe-von-afghanen-abgeschoben\/22766886.html\">300 Afghanen abgeschoben<\/a>. Darunter auch ein 20-J\u00e4hriger, dessen Asylklageverfahren vor dem Verwaltungsgericht (VG) Greifswald (Mecklenburg-Vorpommern) noch nicht abgeschlossen war und der somit <a href=\"https:\/\/www.morgenpost.de\/politik\/inland\/article214871097\/Afghane-moeglicherweise-rechtswidrig-abgeschoben.html\">nicht h\u00e4tte abgeschoben werden d\u00fcrfen<\/a>. <a href=\"http:\/\/www.faz.net\/aktuell\/gesellschaft\/kriminalitaet\/hessen-schiebt-salafisten-in-die-tuerkei-ab-15686137.html\">Am 10. Juli<\/a> teilt das hessische Innenministerium mit, dass ein als islamistischer Gef\u00e4hrder eingestufter Mann in die T\u00fcrkei abgeschoben wurde. <a href=\"https:\/\/www.sueddeutsche.de\/politik\/kabinettsbeschluss-regierung-erklaert-vier-weitere-laender-zu-sicheren-herkunftsstaaten-1.4059426\">Am 18. Juli<\/a> erkl\u00e4rt die Bundesregierung Tunesien, Algerien, Marokko und Georgien zu sicheren Herkunftsstaaten in die k\u00fcnftig abgeschoben werden kann. <a href=\"https:\/\/www.morgenpost.de\/berlin\/article214949803\/Verurteilter-Gewaltverbrecher-beantragt-Asyl-in-Berlin.html\">Am 23. Juli<\/a> wird die Abschiebung eines mehrfach verurteilten Gewaltt\u00e4ters aus Berlin in die T\u00fcrkei abgebrochen, da seine Anw\u00e4ltin einen Asylantrag stellt. <a href=\"https:\/\/www.morgenpost.de\/berlin\/article214949803\/Verurteilter-Gewaltverbrecher-beantragt-Asyl-in-Berlin.html\">Durch Presseberichte<\/a> wird am 27. Juli bekannt, dass bis Ende Mai insgesamt 322 abgelehnte Asylbewerber aus Berlin abgeschoben wurden. Ebenfalls an diesem Tag er\u00f6ffnet Bayerns Ministerpr\u00e4sident Markus S\u00f6der (CSU) in Ingolstadt das neue \u201eBayerische Landesamt f\u00fcr Asyl und R\u00fcckf\u00fchrungen\u201c. <a href=\"http:\/\/www.spiegel.de\/politik\/deutschland\/bayern-gruene-kritisieren-markus-soeders-asylamt-a-1220508.html\">Dabei macht er deutlich<\/a>, dass dessen Hauptaufgabe die schnellere Abschiebung von nicht anerkannten Asylbewerbern sein soll. Leiter des neuen Amtes wird der <a href=\"https:\/\/www.behoerden-spiegel.de\/2018\/07\/25\/erster-praesident-des-neuen-bayerischen-landesamts-fuer-asyl\/\">bisherige Inspekteur der bayerischen Polizei, Thomas Hampel<\/a>.<\/p>\n<p>5. Juli: <b>Rechte und fremdenfeindliche Angriffe auf Fl\u00fcchtlingsheime:<\/b> Das Landgericht (LG) Neuruppin (Brandenburg) <a href=\"https:\/\/www.berliner-zeitung.de\/berlin\/polizei\/kremmen-viereinhalb-jahre-haft-nach-brandanschlag-auf-fluechtlingsheim-30914666\">verurteilt zwei M\u00e4nner<\/a>, die im April 2017 Brands\u00e4tze auf eine Fl\u00fcchtlingsunterkunft in Kremmen geworfen hatten, wegen gemeinschaftlicher versuchter Brandstiftung zu Haftstrafen. Der Hauptt\u00e4ter erh\u00e4lt viereinhalb Jahre Haft, sein Komplize zwei Jahre auf Bew\u00e4hrung. Das LG Potsdam (Brandenburg) verurteilt zwei M\u00e4nner f\u00fcr einen Brandanschlag auf eine Fl\u00fcchtlingsunterkunft in J\u00fcterbog im Oktober 2016 zu langj\u00e4hrigen Haftstrafen. Der Vater des Hauptt\u00e4ters erh\u00e4lt als Anstifter <a href=\"http:\/\/www.spiegel.de\/panorama\/justiz\/potsdam-anschlag-auf-fluechtlingsheim-in-jueterbog-haftstrafen-a-1217525.html\">sechseinhalb Jahre Gef\u00e4ngnis<\/a>; der damalige Mitt\u00e4ter eine dreij\u00e4hrige Jugendstrafe. Der Hauptt\u00e4ter war bereits im November 2017 zu einer zweij\u00e4hrigen Bew\u00e4hrungsstrafe und der Ableistung von Sozialstunden verurteilt worden.<\/p>\n<p><b>Rechtsextremismus:<\/b> <a href=\"https:\/\/www.morgenpost.de\/berlin\/article214776039\/Zahl-der-Reichsbuerger-gestiegen.html\">Nach Angaben des brandenburgischen Verfassungsschutzes<\/a> wurden im Bundesland 2017 insgesamt 1.540 Rechtsextremisten gez\u00e4hlt, von denen 1.120 als gewaltorientiert gelten. <a href=\"http:\/\/www.faz.net\/aktuell\/politik\/inland\/deutlicher-rueckgang-rechtsextremer-gewalttaten-2017-15677294.html\">Laut Bundesamt f\u00fcr Verfassungsschutz<\/a> (BfV) ist die Zahl rechtsextremistisch motivierter Gewalttaten in Deutschland 2017 \u201edeutlich gesunken\u201c (K\u00f6rperverletzungen: -30%; Brandstiftungen: -60%; Anschl\u00e4ge auf Asylunterk\u00fcnfte: -70%). <a href=\"https:\/\/www.berliner-zeitung.de\/politik\/zahlen-vom-bka-fast-jeden-zweiten-tag-anschlag-auf-fluechtlingsunterkunft-30920192\">Laut Meldungen des Bundeskriminalamtes<\/a> (BKA) vom gleichen Tag waren dies im ersten Halbjahr 74 Anschl\u00e4ge. Die rechtsextreme NPD <a href=\"https:\/\/www.morgenpost.de\/berlin\/article214860981\/Rechtsextreme-Buergerwehr-patrouilliert-in-Berliner-S-Bahn.html\">patrouilliert in der Berliner S-Bahn<\/a>, ruft dabei zur bundesweiten B\u00fcrgerwehren auf und verbreitet die Aktion in einem Video. <a href=\"http:\/\/www.spiegel.de\/politik\/deutschland\/verfassungsschutzbericht-rechtsextremismus-und-reichsbuerger-als-problem-a-1220128.html\">Laut BfV<\/a> beziffert sich die Zahl der Rechtsextremisten bundesweit auf 24.000 Personen. Seit 2011 haben Sicherheitsbeh\u00f6rden bei Razzien in der rechtsextremen Szene \u201eFeindeslisten\u201c aufgefunden, auf denen mehr als 25.000 Personen verzeichnet sind. Dar\u00fcber informiert und unter Zeugenschutz gestellt wurden nur drei Personen. Dies geht <a href=\"http:\/\/www.spiegel.de\/politik\/deutschland\/rechtsextremismus-25-000-menschen-stehen-auf-feindeslisten-a-1220883.html\">am 30. Juli<\/a> aus Presseberichten unter Berufung auf eine parlamentarische Anfrage der Linksfraktion im Bundestag hervor.<\/p>\n<p>\u201e<b>Reichsb\u00fcrger\u201c:<\/b> <a href=\"https:\/\/www.morgenpost.de\/berlin\/article214776039\/Zahl-der-Reichsbuerger-gestiegen.html\">Nach Angaben des Verfassungsschutzes<\/a> wurden in Brandenburg 2017 insgesamt 560 \u201eReichsb\u00fcrger\u201c gez\u00e4hlt. In Erlenbach (Baden-W\u00fcrttemberg) leisten <a href=\"http:\/\/www.spiegel.de\/panorama\/justiz\/erlenbach-reichsbuerger-wehren-sich-gegen-neuen-stromzaehler-a-1218371.html\">am 13. Juli<\/a> mehrere \u201eReichsb\u00fcrger\u201c derart heftigen Widerstand gegen den Einbau eines Stromz\u00e4hlers, dass dabei drei Polizeibeamte verletzt werden. Mit Stand von Ende M\u00e4rz gibt es <a href=\"https:\/\/www.berliner-zeitung.de\/berlin\/polizei\/behoerden-alarmiert-zahl-der-reichsbuerger-in-berlin-steigt-auf-550-30958526\">laut Berliner Innenverwaltung<\/a> in der Stadt 550 \u201eReichsb\u00fcrger\u201c, von denen 130 als rechtsextremistisch eingestuft werden (2017: 500 \/ 2016: 400). <a href=\"http:\/\/www.faz.net\/aktuell\/gesellschaft\/kriminalitaet\/hessen-entwaffnet-reichsbuerger-15697969.html\">In Hessen gibt es 1.000 \u201eReichsb\u00fcrger\u201c<\/a>, von denen 171 als rechtsextremistisch eingestuft werden. Bis Ende Juni wurden bei \u201eReichsb\u00fcrgern\u201c demnach 27 Pistolen und 48 Gewehre eingezogen. 2017 z\u00e4hlte der Verfassungsschutz in der Bundesrepublik insgesamt rund 16.500 \u201eReichsb\u00fcrger\u201c (2016: 12.500), darunter 900 Rechtsextremisten. <a href=\"https:\/\/www.sueddeutsche.de\/politik\/reichsbuerger-verfassungsschutz-1.4067176\">Dies erkl\u00e4rt Bundesinnenminister Horst Seehofer<\/a> (CSU) bei der Vorstellung des Verfassungsschutzberichtes .<\/p>\n<p><b>Repression gegen L<\/b><b>inks:<\/b> <a href=\"https:\/\/www.morgenpost.de\/berlin\/article214776039\/Zahl-der-Reichsbuerger-gestiegen.html\">Nach Angaben des Verfassungsschutzes<\/a> wurden in Brandenburg 2017 insgesamt 520 Personen dem Linksextremismus zugerechnet, die f\u00fcr 24 Straftaten verantwortlich gemacht werden. 2017 z\u00e4hlte der Verfassungsschutz in der Bundesrepublik insgesamt rund 9.000 Linksextreme. Dies erkl\u00e4rt Bundesinnenminister Horst Seehofer (CSU) bei der <a href=\"http:\/\/www.spiegel.de\/polilitik\/deutschland\/\/deutschland-verfassungsschutz-warnt-vor-zehntausenden-gewaltbereiten-personen-a-1219911,html\">Vorstellung des Verfassungsschutzberichtes<\/a>.<\/p>\n<p><b>I<\/b><b>slamis<\/b><b>tischer Extremis<\/b><b>mus:<\/b> <a href=\"https:\/\/www.morgenpost.de\/berlin\/article214776039\/Zahl-der-Reichsbuerger-gestiegen.html\">Nach Angaben des Verfassungsschutzes<\/a> wurden in Brandenburg 2017 insgesamt 130 extremistische Islamisten gez\u00e4hlt.<\/p>\n<p><b>Salafismus:<\/b> Ein Berliner Amtsgericht (AG) <a href=\"https:\/\/www.tagesspiegel.de\/berlin\/gericht-in-berlin-ex-salafist-wegen-hetze-verurteilt\/22773040.html\">verurteilt einen ehemaligen Salafisten<\/a> wegen Volksverhetzung zu einer Geldstrafe von 4.800 EUR.<\/p>\n<p><b>Terroranschlag auf Berliner Weihnachtsmarkt:<\/b> Der Bundesgerichtshof (BGH) <a href=\"http:\/\/www.sueddeutsche.de\/politik\/anis-amri-hintermann-haftbefehl-1.4042803\">erl\u00e4sst Haftbefehl<\/a> gegen einen Tunesier,der als mutma\u00dflicher Anleiter des Berliner Weihnachtsmarkt-Attent\u00e4ters Anis Amri identifiziert wurde. Bei dem Anschlag im Dezember 2016 waren 11 Menschen get\u00f6tet und etliche verletzt worden. Durch Presseberichte wird <a href=\"https:\/\/www.morgenpost.de\/berlin\/article214824133\/Rechtsextremisten-Vorwuerfe-gegen-Berliner-Elite-Polizist.html\">am 12. Juli<\/a> bekannt, dass zwei Beamte der Staatsschutzabteilung der Berliner Polizei, die mit Ermittlungen gegen den sp\u00e4teren Attent\u00e4ter Amri befasst waren, in den Jahren 2016 und 2017 SMS-Mitteilungen mit rechtsradikalem Vokabular austauschten. Die Beamten sollen <a href=\"https:\/\/www.morgenpost.de\/berlin\/article214842577\/Polizisten-sollen-vor-Untersuchungsausschuss-aussagen.html\">im Untersuchungsausschuss des Abgeordnetenhauses vernommen werden<\/a>. Gut ein Jahr nach seiner Einsetzung <a href=\"https:\/\/www.morgenpost.de\/berlin\/article214950965\/Abgeordnete-warten-weiter-auf-Akten-im-Fall-Anis-Amri.html\">wartet der Untersuchungsausschuss immer noch<\/a> auf etliche, angeforderte Akten aus dem Bereich der Berliner Innenverwaltung.<\/p>\n<p><b>Angriffe auf PolizistInnen:<\/b> Als in Berlin ein betrunkener Busfahrer \u00fcberpr\u00fcft werden soll, <a href=\"https:\/\/www.morgenpost.de\/berlin\/article214785037\/Betrunkener-Busfahrer-tritt-nach-Polizisten.html\">tritt und schl\u00e4gt er nach den BeamtInnen<\/a>. <a href=\"https:\/\/www.tagesspiegel.de\/berlin\/polizei-justiz\/berlin-spandau-polizist-ausser-dienst-bei-angriff-verletzt\/22798634.html\">Am 12. Juli<\/a> versucht in Berlin ein Polizeibeamter au\u00dfer Dienst einen Streit zu schlichten. Dabei wird er von einem der Kontrahenten angegriffen und verletzt. Der Mann kann \u00fcberw\u00e4ltigt werden; gegen ihn wird wegen gef\u00e4hrlicher K\u00f6rperverletzung ermittelt. Bei einer Unfallaufnahme in Fulda (Hessen) wird ein Polizist <a href=\"http:\/\/www.faz.net\/aktuell\/gesellschaft\/kriminalitaet\/passant-geht-grundlos-auf-polizisten-los-15689709.html\">am 13. Juli<\/a> pl\u00f6tzlich von einem unbeteiligten Passanten mit einer Flasche bedroht. Bei seiner Festnahme werden drei Beamte leicht verletzt. Als eine Polizistin <a href=\"https:\/\/www.morgenpost.de\/berlin\/polizeibericht\/article214884395\/Schwarzfahrerin-kratzt-und-beisst-Polizistin-blutig-Klinik.html\">am 19. Juli<\/a> in einer S-Bahn in Berlin Kontrolleure bei der Kontrolle einer Schwarzfahrerin unterst\u00fctzen will, wird sie von der Frau derart getreten, gekratzt und gebissen, dass sie in einem Krankenhaus behandelt werden muss. Die Frau wird festgenommen. Als Polizisten <a href=\"https:\/\/www.morgenpost.de\/berlin\/polizeibericht\/article214944681\/Anwohner-versuchen-Festnahme-von-Fahrraddieben-zu-verhindern.html\">am 26. Juli<\/a> in Berlin zwei Fahrraddiebe festnehmen, setzt sich einer von ihnen massiv zur Wehr und verletzt drei Beamte; einen von ihnen schwer. Auch Anwohner, die auf die Situation aufmerksam werden, attackieren die Beamten. <a href=\"http:\/\/www.fr.de\/rhein-main\/kriminalitaet\/frankfurt-main-urteil-nach-angriff-auf-polizisten-a-1553815\">Am 30. Juli<\/a> verurteilt das AG Frankfurt\/M. (Hessen) einen Br\u00f6tchendieb, der in zwei F\u00e4llen Polizisten angegriffen hatte, zu einer elfmonatigen Haftstrafe ohne Bew\u00e4hrung.<\/p>\n<p>6. Juli: <b>Bundesnachrichtendienst <\/b><b>(BND)<\/b><b>:<\/b> Pressemeldungen zufolge h\u00f6rte der BND mindestens ab 2000 mehrere Filialen und Tochtergesellschaften deutscher Unternehmen im europ\u00e4ischen Ausland ab. Diese Aktivit\u00e4ten seien auch den parlamentarischen Kontrollgremien des Bundestages <a href=\"http:\/\/www.spiegel.de\/politik\/deutschland\/bundesnachrichtendienst-bnd-hoerte-filialen-deutscher-firmen-in-der-eu-ab-a-1217016.html\">nicht mitgeteilt worden<\/a>.<\/p>\n<p>7. Juli: <b>A<\/b><b>ntisemitische <\/b><b>Straftaten<\/b><b>:<\/b> In Berlin wird ein j\u00fcdischer Syrer von mehreren Landsleuten angegriffen und verpr\u00fcgelt. <a href=\"https:\/\/www.berliner-zeitung.de\/berlin\/polizei\/gruppe-pruegelt-auf-juden-ein-zehn-tatverdaechtige-festgenommen-30926646\">10 Personen werden festgenommen<\/a>. In Bonn (NRW) wird <a href=\"https:\/\/www.tagesspiegel.de\/politik\/angriff-in-bonn-israeli-wird-antisemitisch-attackiert-und-dann-noch-von-der-polizei-geschlagen\/22793830.html\">am 11. Juli<\/a> ein israelischer Hochschulprofessor von einem Deutsch-Pal\u00e4stinenser beleidigt und geschlagen. Die alarmierten Polizisten nehmen zun\u00e4chst den Professor fest und schlagen ihn dabei. In einem Berliner Lokal werden <a href=\"https:\/\/www.tagesspiegel.de\/berlin\/polizei-justiz\/berlin-mitte-antisemitischer-uebergriff-auf-gaeste-in-weddinger-lokal\/22798350.html\">am 12. Juli<\/a> die G\u00e4ste von zwei M\u00e4nnern antisemitisch und volksverhetzend beschimpft und teilweise angegriffen. Die M\u00e4nner werden festgenommen. In der Presse wirft der attackierte israelische Professor der Bonner Polizei <a href=\"http:\/\/www.spiegel.de\/panorama\/justiz\/bonn-geschlagener.juedischer-professor-wift-polizei-luegen-vor-a-1218428.html\">am 14. Juli<\/a> vor, \u201eL\u00fcgen \u00fcber den Vorfall zu verbreiten\u201c um die Brutalit\u00e4t des Einsatzes zu verdecken. <a href=\"https:\/\/www.morgenpost.de\/vermischtes\/stars-und-promis\/article214865123\/Urteil-Xavier-Naidoo-darf-nicht-Antisemit-genannt-werden.html\">Am 17. Juli<\/a> untersagt das LG Regensburg (Bayern) einer Frau, den S\u00e4nger Xavier Naidoo als Antisemiten zu bezeichnen. Der Vorwurf sei nicht ausreichend belegt worden. 2017 z\u00e4hlte die Polizei bundesweit 1.453 antisemitische Straftaten. Zudem hat sich der Judenhass im Internet seit 2007 verdreifacht. Dies <a href=\"http:\/\/www.spiegel.de\/politik\/deutschland\/antisemitismus-so-viel-judenhass.wie-noch-nie-im-netz-a-1219086.html\">geht am 18. Juli aus einer Langzeitstudie hervor<\/a>.<\/p>\n<p><b>Nordrhein-<\/b><b>W<\/b><b>estf\u00e4lisches Polizeigesetz:<\/b> In D\u00fcsseldorf (NRW) <a href=\"https:\/\/www.nrz.de\/politik\/landespolitik\/tausende-demonstrieren-gegen-geplantes-nrw-polizeigesetz-id214786719.html\">demonstrieren rund 10.000 Menschen<\/a> gegen das geplante neue Polizeigesetz. Mit ihm sollen k\u00fcnftig u.a. Kontakt- und Aufenthaltsvorgaben \u201efast willk\u00fcrlich\u201c verh\u00e4ngt werden k\u00f6nnen und ein fast <a href=\"http:\/\/www.spiegel.de\/politik\/deutschland\/nordrhein-westfalen-tausende-demonstrieren-gegen-schaerferes-polizeigesetz-a-1217243.html\">einmonatiger pr\u00e4ventiver Polizeigewahrsam eingef\u00fchrt werden<\/a>.<\/p>\n<p>8. Juli: <b>Fremdenfeindliche Handlungen:<\/b> Auf einem Berliner U-Bahnhof tritt ein Mann eine Frau und <a href=\"https:\/\/www.berliner-zeitung.de\/berlin\/polizei\/polizeibericht-angriff-in-u5\u2014mann-tritt-frau-und-beleidigt-sie-rassistisch-30928876\">beleidigt sie dabei rassistisch<\/a>. Er kann unerkannt entkommen. Bei einer Freiluftparty in Berlin wird <a href=\"https:\/\/www.tagesspiegel.de\/berlin\/polizei-justiz\/alt-hohenschoenhausen-fremdenfeindlicher-angriff-bei-party-am-berliner-orankesee\/22829538.html\">am 21. Juli<\/a> ein Schwarzer von einem Partygast beleidigt und angegriffen. In Cottbus (Brandenburg) greifen <a href=\"https:\/\/www.berliner-zeitung.de\/berlin\/polizei\/cottbus-maenner-auslaenderfeindlich-beleidigt-und-angegriffen-31008398\">am 23. Juli<\/a> drei junge M\u00e4nner eine kleine Migrantengruppe an und skandieren dabei ausl\u00e4nder- und verfassungsfeindliche Parolen. Auch die herbeigerufenen Polizisten greifen sie an und br\u00fcllen ihre Parolen weiter; sie werden festgenommen.<\/p>\n<p><b>Rechtsradikal<\/b><b>ismus<\/b><b>:<\/b> In Berlin bespr\u00fchen Unbekannte eine Stra\u00dfe <a href=\"https:\/\/www.berliner-zeitung.de\/berlin\/polizei\/polizeibericht-angriff-in-u5\u2014mann-tritt-frau-und-beleidigt-sie-rassistisch-30928876\">gro\u00dffl\u00e4chig mit volksverhetzende Parolen<\/a>. <a href=\"http:\/\/www.sueddeutsche.de\/muenchen\/2.220\/ermittlungen-unbekannter-bedroht-kindergartenkinder-1.4057105\">Am 16. Juli<\/a> teilt die Polizei in M\u00fcnchen (Bayern) mit, dass mehrere Kinderg\u00e4rten im Landkreis seit einiger Zeit mit einem Hakenkreuz versehene Drohbriefe mit volksverhetzendem Inhalt und Vernichtungsfantasien \u2013 insbesondere gegen j\u00fcdische und muslimische Kinder \u2013 erhalten.<\/p>\n<p>10. Juli: <b>Rockerkriminalit\u00e4t: <\/b>Bundesinnenminister Horst Seehofer (CSU) verbietet die Rockergruppe \u201eOsmanen Germania\u201c. In Rheinland-Pfalz, Baden-W\u00fcrttemberg, Bayern und Hessen <a href=\"http:\/\/www.spiegel.de\/panorama\/justiz\/osmanen-germania-innenminister-verbietet-rockergruppe-a-1217565.html\">kommt es zu Durchsuchungen<\/a>. Im Mordprozess gegen 11 Angeklagte der \u201eHells Angels\u201c wegen T\u00f6tung eines Konkurrenten, stellt das LG Berlin <a href=\"http:\/\/www.spiegel.de\/panorama\/justiz\/hells-angels-berliner-polizei-liess-laut-gericht-rocker-mord-geschehen-a-1220611.html\">am 27. Juli<\/a> fest, dass Beamte des Landeskriminalamtes (LKA) Berlin den Mord billigend in Kauf genommen h\u00e4tten, um die \u201eHells Angels\u201c-Mitglieder anschlie\u00dfend festnehmen zu k\u00f6nnen.<\/p>\n<p><b>Kriminelle Polizisten:<\/b> Ein AG in M\u00fcnchen (Bayern) erl\u00e4sst Haftbefehl gegen einen Polizeibeamten wegen der Herstellung von Kinderpornografie und sexueller Handlungen an einem Kind. Der seit Oktober 2017 vom Dienst suspendierte Beamte <a href=\"https:\/\/www.berliner-zeitung.de\/panorama\/umfangreiches-gestaendnis-haftbefehl-gegen-polizisten-wegen-kinderpornografie-30937572\">ist gest\u00e4ndig<\/a>. Durch <a href=\"http:\/\/www.spiegel.de\/panorama\/justiz\/hamburg-polizist-soll-hausdurchsuchungen-vorgetaeuscht-haben-a-1219954.html\">Presseberichte<\/a> wird bekannt, dass in Hamburg ein Polizeibeamter und drei Komplizen festgenommen wurden. Sie hatten sich unter Vort\u00e4uschung von Hausdurchsuchungsbefehlen Zutritt verschafft und dabei gr\u00f6\u00dfere Mengen Bargeld und Wertgegenst\u00e4nde gestohlen.<\/p>\n<p><b>Waffenverbotszonen:<\/b> Hessens Innenminister Peter Beuth (CDU) <a href=\"https:\/\/www.behoerden-spiegel.de\/2018\/07\/19\/waffenverbotszonen-moeglich\/\">\u00fcbertr\u00e4gt den Landr\u00e4ten und Oberb\u00fcrgermeistern kreisfreier St\u00e4dte<\/a> das Recht, in Abstimmung mit der Polizei, eigenst\u00e4ndig Waffenverbotszonen zu verh\u00e4ngen.<\/p>\n<p>12.Juli: <b>Mutma\u00dflich illegale Abschiebung:<\/b> Trotz eines Abschiebeverbots durch das VG Gelsenkirchen (NRW) wird der als islamistischer Gef\u00e4hrder eingestufte, mutma\u00dfliche fr\u00fchere Leibw\u00e4chter des get\u00f6teten Al-Kaida-Chefs Osama Bin Laden, <a href=\"http:\/\/www.sueddeutsche.de\/politik\/bin-laden-leibwaechter-abgeschoben-1.4052989\">nach Tunesien abgeschoben<\/a>. Zuvor hatte das BAMF ein bereits bestehendes Abschiebeverbot des Oberverwaltungsgerichtes (OVG) M\u00fcnster stillschweigend aufgehoben. In einem Eilverfahren entscheidet das VG Gelsenkirchen <a href=\"http:\/\/www.spiegel.de\/politik\/deutschland\/sami-a-klagt-gegen-abschiebung-nach-tunesien-a-1218375.html\">am 13. Juli<\/a>, dass der Mann zur\u00fcckgeholt werden muss. <a href=\"https:\/\/www.tagesspiegel.de\/politik\/islamistischer-gefaehrder-stadt-bochum-legt-beschwerde-gegen-rueckholung-von-sami-a-ein\/22813302.html\">Am 18. Juli<\/a> legt die Stadt Bochum (NRW) beim OVG M\u00fcnster Beschwerde gegen diese Entscheidung ein. In einer Sondersitzung des NRW-Landtages am 20. Juli verteidigt NRW-Fl\u00fcchtlingsminister Joachim Stamp (FDP) die Abschiebung des mutma\u00dflichen Bin-Laden-Leibw\u00e4chters. <a href=\"https:\/\/www.nrz.de\/politik\/landespolitik\/nrw-fluechtlingsminister-verteidigt-abschiebung-von-sami-a-id214891577.html\">Diese sei zwar \u201eungl\u00fccklich verlaufen\u201c<\/a>, es habe am Abschiebe-Morgen jedoch \u201ekein Abschiebehindernis\u201c gegeben. Am <a href=\"http:\/\/www.spiegel.de\/politik\/deutschland\/sami-a-verwaltungsgericht-gelsenkirchen-droht-bochum-mit-zwangsgeld-frist-gesetzt-a-1220055.html\">24. Juli<\/a> setzt das VG Gelsenkirchen der Stadt Bochum unter Androhung eines Zwangsgeldes eine einw\u00f6chige Frist um den Mann zur\u00fcckzuholen. Am gleichen Tag <a href=\"http:\/\/www.faz.net\/aktuell\/politik\/inland\/tunesien-will-sami-a-nicht-nach-deutschland-ausliefern-15705957.html\">teilt die tunesische Regierung mit<\/a>, dass sie ihrerseits eine R\u00fcck-Auslieferung ablehne. <a href=\"https:\/\/www.sueddeutsche.de\/politik\/sami-a-tunesien-frei-1.4071881\">Am 27. Juli<\/a> teilt Tunesien zudem mit, der Mann werde vorerst aus der Haft entlassen und auf freien Fu\u00df gesetzt. Er muss jedoch zumindest vorerst in Tunesien bleiben (). Um Mitternacht des 31. Juli <a href=\"http:\/\/www.spiegel.de\/politik\/deutschland\/sami-a-bochum-droht-zwangsgeld-von-10-000-euro-a-1221093.html\">l\u00e4uft die Frist des VG Gelsenkirchen ab<\/a>. Eine vorherige Beschwerde der Stadt Bochum <a href=\"https:\/\/www.sueddeutsche.de\/politik\/sami-a-zwangsgeld-bochum-1.4077440\">hatte das OVG NRW abgewiesen<\/a>, da Bochum \u201ekeinerlei Bem\u00fchungen entfaltet\u201c habe, den Abgeschobenen zur\u00fcckzuholen. Dessen Anw\u00e4ltin fordert daraufhin das Zwangsgeld ein.<\/p>\n<p><b>Europ\u00e4ischer Haftbefehl:<\/b> Der katalanische Separatistenf\u00fchrer Carles Puigdemont darf wegen des Vorwurfs der Veruntreuung \u00f6ffentlicher Gelder an Spanien ausgeliefert werden. Dies <a href=\"http:\/\/www.sueddeutsche.de\/politik\/katalonien-konflikt-puigdemont-soll-an-spanien-ausgeliefert-werden-1.4051354\">entscheidet das OLG Schleswig-Holstein<\/a>. Der Vorwurf der Rebellion darf nicht herangezogen werden. Aufgrund eines Europ\u00e4ischen Haftbefehls war Puigdemont im M\u00e4rz festgenommen worden. Daraufhin zieht der Oberste Gerichtshof Spaniens den Haftbefehl zur\u00fcck und <a href=\"https:\/\/www.sueddeutsche.de\/politik\/puigdemont-spanien-haftbefehl-auslieferung-1.4061837\">verzichtet auf eine Auslieferung<\/a>. Am <a href=\"https:\/\/www.tagesspiegel.de\/politik\/ankunft-in-bruessel-puigdemont-hat-deutschland-offenbar-verlassen\/22857706.html\">28. Juli<\/a> reist Puigdemont daraufhin aus Deutschland aus.<\/p>\n<p><b>Rechtsradikale Polizisten:<\/b> Durch <a href=\"https:\/\/www.morgenpost.de\/berlin\/article214824133\/Rechtsextremisten-Vorwuerfe-gegen-Berliner-Elite-Polizist.html\">Presseberichte<\/a> wird bekannt, dass zwei Beamte der Staatsschutzabteilung der Berliner Polizei in den Jahren 2016 und 2017 SMS-Mitteilungen mit rechtsradikalem Vokabular austauschten. Einer der Beamten erhielt daraufhin im Juni 2017 einen Verweis. <a href=\"https:\/\/www.morgenpost.de\/berlin\/article214842577\/Polizisten-sollen-vor-Untersuchungsausschuss-aussagen.html\">Am 14. Juli<\/a> werden weitere Vorf\u00e4lle bekannt: so hat die Berliner Polizei etwa seit Anfang 2017 deswegen 11 Disziplinarverfahren eingeleitet.<\/p>\n<p>entscheidet das VG Wiesbaden (Hessen), dass ein Polizeibeamter auf Probe, der im November 2015 und im Januar 2016 an rechten Demonstrationen gegen die Asyl- und Fl\u00fcchtlingspolitik teilgenommen hatte, aus dem Dienst entlassen werden durfte (Az: 3 L 5382\/17.WI).<\/p>\n<p><b>Polizeikennzeichnung:<\/b> Im bayerischen Landtag <a href=\"http:\/\/www.sueddeutsche.de\/bayern\/bayern-polizisten-sollen-bei-grosseinsaetzen-anonym-bleiben-1.4052797\">lehnt die CSU-Regierung<\/a> einen Antrag von SPD und Gr\u00fcnen ab, Polizeibeamte mit individuell zuordenbare Kennzeichen auszustatten.<\/p>\n<p><b>Bodycams:<\/b> In Anklam, Schwerin und Rostock (Mecklenburg-Vorpommern) <a href=\"https:\/\/www.behoerden-spiegel.de\/2018\/07\/12\/mecklenburg-vorpommern-erprobt-bodycams\/\">testet die Polizei bis Februar<\/a> 2019 Bodycams drei verschiedener Systeme.<\/p>\n<p>13. Juli: <b>1. Mai-Demonstration:<\/b> Laut <a href=\"https:\/\/www.morgenpost.de\/berlin\/article214831229\/Randale-in-Grunewald-Polizei-will-ein-Exempel-statuieren.html\">Presseberichten<\/a> hat die Berliner Polizei nach der Mai-Demonstration durch ein Berliner Villenviertel insgesamt acht Ermittlungsverfahren wegen Sachbesch\u00e4digung und 72 wegen Landfriedensbruch eingeleitet.<\/p>\n<p><b>Gewalt gegen<\/b><b> Obdachlose:<\/b> Nach einem Streit unter Obdachlosen wird in Berlin der <a href=\"https:\/\/www.tagesspiegel.de\/berlin\/polizei-justiz\/berlin-neukoelln-unbekannter-zuendet-schlafplatz-von-obdachlosem-an\/22801578.html\">Schlafplatz eines Mannes angez\u00fcndet<\/a>. Wiederum in Berlin werden <a href=\"https:\/\/www.morgenpost.de\/berlin\/polizeibericht\/article214910361\/Zwei-Obdachlose-vor-S-Bahnhof-Schoeneweide-angezuendet.html\">am 22. Juli<\/a> zwei Obdachlose von einem Unbekannten mit einer brennbaren Fl\u00fcssigkeit \u00fcbergossen und angez\u00fcndet. Sie kommen mit lebensgef\u00e4hrlichen Brandverletzungen ins Krankenhaus. <a href=\"https:\/\/www.berliner-zeitung.de\/berlin\/polizei\/brandanschlag-auf-obdachlose\u2014polizei-nimmt-tatverdaechtigen-in-koepenick-fest-31046246\">Am 31. Juli<\/a> wird ein Verd\u00e4chtiger festgenommen.<\/p>\n<p><b>Organisierte Kriminalit\u00e4t:<\/b> In Berlin durchsucht die Polizei 12 Wohnungen und Gesch\u00e4ftsr\u00e4ume einer arabischen Gro\u00dffamilie, deren Mitglieder h\u00e4ufig durch spektakul\u00e4re Einbr\u00fcche aufgefallen sind. <a href=\"http:\/\/www.spiegel.de\/panorama\/justiz\/berlin-polizei-beschlagnahmt-dutzende-immobilien-arabischer-grossfamilie-a-1218905.html\">Am 18. Juli<\/a> werden dann insgesamt 77 Immobilien im Gesamtwert von etwa 10 Mio. EUR vorl\u00e4ufig beschlagnahmt.<\/p>\n<p>14. Juli: <b>K\u00f6rperverletzung im Amt: <\/b>In der Presse wirft ein israelischer Professor der Bonner Polizei <a href=\"http:\/\/www.spiegel.de\/panorama\/justiz\/bonn-geschlagener.juedischer-professor-wift-polizei-luegen-vor-a-1218428.html\">am 14. Juli<\/a> vor, \u201eL\u00fcgen \u00fcber den Vorfall zu verbreiten\u201c um die Brutalit\u00e4t des Einsatzes zu verdecken bei dem er drei Tage zuvor <a href=\"https:\/\/www.tagesspiegel.de\/politik\/angriff-in-bonn-israeli-wird-antisemitisch-attackiert-und-dann-noch-von-der-polizei-geschlagen\/22793830.html\">irrt\u00fcmlich festgenommen und geschlagen worden<\/a> war. Gegen die Beamten <a href=\"http:\/\/www.spiegel.de\/panorama\/justiz\/bonn-geschlagener.juedischer-professor-wirft-polizei-luegen-vor-a-1218428.html\">wird ermittelt<\/a>.<\/p>\n<p>19. Juli: <b>Rechtsextreme <\/b><b>G<\/b><b>ruppe \u201e<\/b><b>Combat 18<\/b><b>\u201c:<\/b> Die seit 2000 als \u201ehandlungsunf\u00e4hig\u201c geltende Neonazi-Gruppe \u201eCombat 18\u201c <a href=\"http:\/\/www.spiegel.de\/politik\/deutschland\/combat-18-neonazi-gruppe-in-deutschland-immer-besser-vernetzt-a-1218919.html\">hat sich neu formiert<\/a> und mindestens 25 Mitglieder. Der Zusammenhalt wird durch ein Handbuch streng geregelt.<\/p>\n<p>23. Juli: <b>Verfassungsschutz:<\/b> <a href=\"https:\/\/www.berliner-zeitung.de\/berlin\/polizei\/gerichtsbeschluss-neukoellner-moschee-in-verfassungsschutzbericht-unzulaessig-erwaehnt\u201431007208\">Das OVG Berlin-Brandenburg entscheidet<\/a>, dass eine Berliner Moschee und ihr Tr\u00e4gerverein im Verfassungsschutzbericht 2016 in unzul\u00e4ssiger Weise erw\u00e4hnt wurden. Der Bericht darf in seiner jetzigen Form nicht weiter verbreitet werden; auch im Bericht 2017 darf der Verein nicht erw\u00e4hnt werden (Az: OVG 1 S 39.18).<\/p>\n<p><b>Tattoos kein Einstellungshindernis:<\/b> Ein Polizeibewerber mit sichtbaren T\u00e4towierungen darf nicht grunds\u00e4tzlich abgelehnt werden. <a href=\"https:\/\/www.morgenpost.de\/berlin\/article214936559\/Berliner-Polizei-darf-taetowierte-Bewerber-nicht-ablehnen.html\">Dies entscheidet das VG Berlin<\/a> (Az: VG 5 L 248.18).<\/p>\n<p>24. Juli: <b>Polizeisch<\/b><b>\u00fc<\/b><b>ss<\/b><b>e<\/b><b>:<\/b> In Duisburg (NRW) kommt es zu einem Schusswechsel zwischen einem Polizeibeamten und einem Randalierer. Beide M\u00e4nner <a href=\"http:\/\/www.spiegel.de\/panorama\/justiz\/duisburg-polizist-und-tatverdaechtiger-bei-schusswechsel-verletzt-a-1219927.html\">werden verletzt<\/a> .<\/p>\n<p><b>Dschihadismus:<\/b> 2017 z\u00e4hlte der Verfassungsschutz in der Bundesrepublik insgesamt 774 islamistische Gef\u00e4hrder. Mehr als 1.000 Personen seien zudem in Richtung Syrien und <a href=\"http:\/\/www.spiegel.de\/polilitik\/deutschland\/\/deutschland-verfassungsschutz-warnt-vor-zehntausenden-gewaltbereiten-personen-a-1219911,html\">Irak ausgereist<\/a> um sich dort islamistischen Gruppierungen anzuschlie\u00dfen. Dies erkl\u00e4rt Bundesinnenminister Horst Seehofer (CSU) bei der Vorstellung des Verfassungsschutzberichtes.<\/p>\n<p><b>Schleuser<\/b><b>kriminalit\u00e4t<\/b><b>:<\/b> In vier Bundesl\u00e4ndern <a href=\"http:\/\/www.spiegel.de\/panorama\/justiz\/frankfurt-bundespolizei-ermittelt-gegen-mutmassliche-vermittler-von-scheinehen-a-1220189.html\">durchsucht die BPol<\/a> insgesamt 19 Wohnungen und Gewerbeobjekte wegen des Verdachtes der Vermittlung von Scheinehen. Heiratsurkunden, EU-Aufenthaltspapiere, Bargeld und eine Handfeuerwaffe werden beschlagnahmt.<\/p>\n<p><b>T\u00f6tung von Obdachlosem:<\/b> In Dortmund (NRW) wird ein <a href=\"https:\/\/www.berliner-zeitung.de\/panorama\/mit-spitzem-gegenstand-obdachloser-in-dortmund-getoetet-31015206\">Obdachloser erstochen<\/a>. Als Tatverd\u00e4chtige gelten drei andere obdachlose M\u00e4nner.<\/p>\n<p>25. Juli: <b>Polizeisch<\/b><b>\u00fc<\/b><b>ss<\/b><b>e<\/b><b>:<\/b> In Berlin versucht ein Mann sich mit Sch\u00fcssen in seiner Wohnung einem Besuch durch den Sozialpsychiatrischen Dienst zu entziehen. Bei dem \u201eNotzugriff\u201c der herbeigerufenen Polizeibeamten <a href=\"https:\/\/www.berliner-zeitung.de\/berlin\/polizei\/prenzlauer-berg-sek-schiesst-auf-verwirrten-mann-31014290\">schie\u00dfen diese auf den Mann<\/a> und verletzen ihn schwer.<\/p>\n<p><b>D<\/b><b>rogenfahndung:<\/b> In einem <a href=\"https:\/\/www.sueddeutsche.de\/muenchen\/grosseinsatz-der-polizei-razzien-im-kampf-gegen-den-drogenhandel-im-darknet-1.4069515\">gemeinsamen Einsatz<\/a> gegen Drogenhandel im Darknet durchsuchen Polizei, Zollfahndungsamt (ZFA) und Staatsanwaltschaft (StA) in Bayern insgesamt 34 Wohnungen; drei Personen werden festgenommen.<\/p>\n<p><b>Gaffer<\/b><b>problematik<\/b><b>:<\/b> Schleswig-Holstein <a href=\"https:\/\/www.behoerden-spiegel.de\/2018\/07\/25\/gegen-das-gaffen-bei-unfaellen\/\">schafft mobile Sichtschutzw\u00e4nde an<\/a>, die k\u00fcnftig bei Verkehrsunf\u00e4llen aufgestellt werden sollen.<\/p>\n<p>26. Juli: <b>Polizeischuss:<\/b> Als ein mit Messern bewaffneter Mann in M\u00fcnster (NRW) diese trotz Aufforderung nicht ablegt, <a href=\"http:\/\/www.spiegel.de\/panorama\/justiz\/muenster-polizist-schiesst-bewaffneten-mann-nieder-a-1220455.html\">schie\u00dft ein Polizeibeamter auf ihn<\/a>. Der Mann wird in Arm und Bauch getroffen.<\/p>\n<p>\u201e<b>Sky Marshals\u201c:<\/b> Der Bundesgerichtshof (BGH) <a href=\"http:\/\/www.faz.net\/aktuell\/politik\/inland\/bgh-lufthansa-muss-kosten-fuer-sky-marshals-uebernehmen-15709058.html\">weist eine Millionenklage der Lufthansa zur\u00fcck<\/a>. Die Fluggesellschaft muss bewaffnete Flugbegleiter der BPol auch weiterhin kostenlos mitnehmen.<\/p>\n<p>27. Juli: <b>Prozess<\/b><b>e<\/b><b> gegen Polizisten:<\/b> Im Prozess gegen sechs Beamte des bayerischen LKA, denen vorgeworfen wurde, Straftaten eines V-Mannes bei der Rockergruppe \u201eBandidos\u201c nicht nur nicht verhindert sondern sogar gedeckt zu haben, <a href=\"http:\/\/www.spiegel.de\/panorama\/justiz\/nuernberg-lka-beamte-von-hauptvorwuerfen-freigesprochen-a-1220518.html\">verk\u00fcndet das LG N\u00fcrnberg<\/a> (Bayern) zwei Bew\u00e4hrungsstrafen und vier Freispr\u00fcche.<\/p>\n<p><b>Asyl:<\/b> Durch eine parlamentarische Anfrage <a href=\"https:\/\/www.morgenpost.de\/berlin\/article214949803\/Verurteilter-Gewaltverbrecher-beantragt-Asyl-in-Berlin.html\">wird bekannt<\/a>, dass bis Ende Mai insgesamt 3.170 asylsuchende Personen vom BAMF nach Berlin verteilt wurden.<\/p>\n<p>28. Juli: <b>Homophobe <\/b><b>Angriffe<\/b><b>:<\/b> Am Rande des Berliner Christopher-Street-Day wird eine Frau von einer anderen homophob <a href=\"https:\/\/www.berliner-zeitung.de\/berlin\/polizei\/polizeibericht-homophober-angriff\u2014frau-schlaegt-28-jaehriger-flasche-ins-gesicht-31029384\">beschimpft und mit einer Flasche ins Gesicht geschlagen<\/a>. Die Angreiferin kann entkommen.<\/p>\n<p>30. Juli: <b>Ermittlungen gegen <\/b><b>Polizeibeamte<\/b><b>:<\/b> Durch <a href=\"https:\/\/www.morgenpost.de\/bezirke\/reinickendorf\/article214968089\/Mord-im-Rockermilieu-Ermittlungen-gegen-drei-LKA-Beamte.html\">Presseberichte<\/a> wird bekannt, dass die Berliner StA ein Ermittlungsverfahren gegen drei Beamte des Berliner LKA wegen Totschlag durch Unterlassung eingeleitet hat. Sie stehen im Verdacht, 2014 einen Rockermord bewusst zugelassen zu haben, um <a href=\"https:\/\/www.morgenpost.de\/incoming\/article214956253\/Rocker-Mord-gebilligt-Schwere-Vorwuerfe-gegen-die-Polizei.html\">anschlie\u00dfend die T\u00e4ter festnehmen zu k\u00f6nnen<\/a>. Dar\u00fcber hinaus teilt die Polizeif\u00fchrung mit, die Beamten seien bis auf Weiteres vom Dienst <a href=\"https:\/\/www.tagesspiegel.de\/berlin\/berliner-rockermord-polizei-berlin-suspendiert-drei-lka-beamte\/22862072.html\">suspendiert worden<\/a>.<\/p>\n<p>31. Juli: <b>Anschlag auf D\u00fcsseldorfer S-Bahn:<\/b> Im Prozess um einen Bombenanschlag auf die D\u00fcsseldorfer S-Bahn im Juli 2000, bei dem 10 Menschen verletzt wurden, spricht das LG D\u00fcsseldorf den angeklagten Neo-Nazi <a href=\"http:\/\/www.spiegel.de\/panorama\/justiz\/duesseldorf-anschlag-an-s-bahnstation-wehrhahn-gericht-spricht-angeklagten-frei-a-1220939.html\">aus Mangel an Beweisen frei<\/a>.<\/p>\n<p><b>Telefon\u00fcberwachung:<\/b> In Berlin wurden im vergangenen Jahr von den Sicherheitsbeh\u00f6rden insgesamt 1.027.368 Telefongespr\u00e4che abgeh\u00f6rt. Dies geht <a href=\"https:\/\/www.morgenpost.de\/berlin\/article214976733\/Mehr-als-eine-Million-Telefonate-wurden-in-Berlin-ueberwacht.html\">aus dem Jahresbericht des Justizsenators hervor<\/a>.<\/p>\n<h3>Bild: Wasserwerfern sprengt das Gr\u00fcn im Regierungsviertel<\/h3>\n","protected":false},"excerpt":{"rendered":"<p>zusammengestellt von Otto Diederichs 1. Juli: Waffenverbot in Z\u00fcgen: Die Bundespolizei (BPol) bilanziert das von<\/p>\n","protected":false},"author":2,"featured_media":14447,"comment_status":"open","ping_status":"open","sticky":false,"template":"","format":"standard","meta":{"footnotes":""},"categories":[6],"tags":[216,667,820,1094,1195,1216],"class_list":["post-14445","post","type-post","status-publish","format-standard","has-post-thumbnail","hentry","category-chronologien","tag-antisemitismus","tag-geheimdienste","tag-justiz","tag-polizei","tag-rechtsextremismus","tag-repression"],"_links":{"self":[{"href":"https:\/\/wp-dev.daten.cool\/index.php?rest_route=\/wp\/v2\/posts\/14445","targetHints":{"allow":["GET"]}}],"collection":[{"href":"https:\/\/wp-dev.daten.cool\/index.php?rest_route=\/wp\/v2\/posts"}],"about":[{"href":"https:\/\/wp-dev.daten.cool\/index.php?rest_route=\/wp\/v2\/types\/post"}],"author":[{"embeddable":true,"href":"https:\/\/wp-dev.daten.cool\/index.php?rest_route=\/wp\/v2\/users\/2"}],"replies":[{"embeddable":true,"href":"https:\/\/wp-dev.daten.cool\/index.php?rest_route=%2Fwp%2Fv2%2Fcomments&post=14445"}],"version-history":[{"count":0,"href":"https:\/\/wp-dev.daten.cool\/index.php?rest_route=\/wp\/v2\/posts\/14445\/revisions"}],"wp:featuredmedia":[{"embeddable":true,"href":"https:\/\/wp-dev.daten.cool\/index.php?rest_route=\/wp\/v2\/media\/14447"}],"wp:attachment":[{"href":"https:\/\/wp-dev.daten.cool\/index.php?rest_route=%2Fwp%2Fv2%2Fmedia&parent=14445"}],"wp:term":[{"taxonomy":"category","embeddable":true,"href":"https:\/\/wp-dev.daten.cool\/index.php?rest_route=%2Fwp%2Fv2%2Fcategories&post=14445"},{"taxonomy":"post_tag","embeddable":true,"href":"https:\/\/wp-dev.daten.cool\/index.php?rest_route=%2Fwp%2Fv2%2Ftags&post=14445"}],"curies":[{"name":"wp","href":"https:\/\/api.w.org\/{rel}","templated":true}]}}