{"id":14506,"date":"2018-08-28T20:40:39","date_gmt":"2018-08-28T20:40:39","guid":{"rendered":"https:\/\/www.cilip.de\/?p=14506"},"modified":"2018-08-28T20:40:39","modified_gmt":"2018-08-28T20:40:39","slug":"neue-deutsche-welle","status":"publish","type":"post","link":"https:\/\/wp-dev.daten.cool\/?p=14506","title":{"rendered":"Neue deutsche Welle"},"content":{"rendered":"<p><strong>Veranstaltung zur Polizeigesetzgebung in den Bundesl\u00e4ndern<\/strong><\/p>\n<p>Im letzten Jahr hat die Gro\u00dfe Koalition das neue Bundeskriminalamtgesetz durch den Bundestag gepaukt. Jetzt ziehen die L\u00e4nder mit ihren Polizeigesetzen nach. In der aktuellen Ausgabe von B\u00fcrgerrechte &amp; Polizei\/CILIP berichten wir \u00fcber den neuen Stand: F\u00fcnf Bundesl\u00e4nder haben bereits Gesetze verabschiedet, in vier liegen Entw\u00fcrfe vor. In Bremen wurde ein Vorschlag vorerst zur\u00fcckgezogen. In den meisten anderen L\u00e4ndern sind Vorlagen angek\u00fcndigt oder geplant. Jenseits der l\u00e4nderspezifischen Details sind dabei drei Punkte zentral:<\/p>\n<blockquote class=\"alignright\"><p>Mittwoch, 5. September 2018, 19.30 Uhr im Baiz (Sch\u00f6nhauser Allee 26A, U-Bhf Senefelder Platz \/ Eberswalder Str.).<\/p><\/blockquote>\n<p>\u2022 die rechtliche Absicherung polizeilicher Eingriffe im Vorfeld durch die \u201edrohende Gefahr\u201c,<\/p>\n<p>\u2022 die Erweiterung der \u00dcberwachungsmethoden um die pr\u00e4ventive Telekommunikations\u00fcberwachung und den Trojaner-Einsatz<\/p>\n<p>\u2022 und schlie\u00dflich der elektronisch \u00fcberwachte Hausarrest und die Pr\u00e4ventivhaft f\u00fcr \u201eGef\u00e4hrderInnen\u201c.<\/p>\n<p><strong>Heiner Busch, Christian Meyer<\/strong> und <strong>Benjamin Derin<\/strong> stellen die Polizeigesetzgebung in den L\u00e4ndern dar. Alle Drei sind Mitglieder der Redaktion der Zeitschrift B\u00fcrgerrechte &amp; Polizei\/CILIP. Anschlie\u00dfend wollen wir mit Euch \u00fcber die Bedeutung dieser Gesetze und die Perspektiven der Gegenwehr debattieren.<\/p>\n<p><em>Veranstaltet vom Institut f\u00fcr B\u00fcrgerrechte &amp; \u00f6ffentliche Sicherheit e.V.\/ Zeitschrift B\u00fcrgerrechte &amp; Polizei\/CILIP<\/em><\/p>\n<h4>Benjamin Derin, Heiner Busch, Christian Meyer:<\/h4>\n<audio class=\"wp-audio-shortcode\" id=\"audio-14506-1\" preload=\"none\" style=\"width: 100%;\" controls=\"controls\"><source type=\"audio\/mpeg\" src=\"https:\/\/archiv.cilip.de\/Audio\/20180905_Polizeigesetze_Heiner_Busch_Benjamin_Derin_Christian_Meyer.mp3?_=1\" \/><a href=\"https:\/\/archiv.cilip.de\/Audio\/20180905_Polizeigesetze_Heiner_Busch_Benjamin_Derin_Christian_Meyer.mp3\">https:\/\/archiv.cilip.de\/Audio\/20180905_Polizeigesetze_Heiner_Busch_Benjamin_Derin_Christian_Meyer.mp3<\/a><\/audio>\n<h4>Diskussion (Ausz\u00fcge)<\/h4>\n<audio class=\"wp-audio-shortcode\" id=\"audio-14506-2\" preload=\"none\" style=\"width: 100%;\" controls=\"controls\"><source type=\"audio\/mpeg\" src=\"https:\/\/archiv.cilip.de\/Audio\/20180905_Polizeigesetze_Heiner_Busch_Benjamin_Derin_Christian_Meyer_Diskussion.mp3?_=2\" \/><a href=\"https:\/\/archiv.cilip.de\/Audio\/20180905_Polizeigesetze_Heiner_Busch_Benjamin_Derin_Christian_Meyer_Diskussion.mp3\">https:\/\/archiv.cilip.de\/Audio\/20180905_Polizeigesetze_Heiner_Busch_Benjamin_Derin_Christian_Meyer_Diskussion.mp3<\/a><\/audio>\n","protected":false},"excerpt":{"rendered":"<p>Veranstaltung zur Polizeigesetzgebung in den Bundesl\u00e4ndern Im letzten Jahr hat die Gro\u00dfe Koalition das neue<\/p>\n","protected":false},"author":2,"featured_media":14141,"comment_status":"open","ping_status":"open","sticky":false,"template":"","format":"standard","meta":{"footnotes":""},"categories":[150],"tags":[],"class_list":["post-14506","post","type-post","status-publish","format-standard","has-post-thumbnail","hentry","category-veranstaltungen"],"_links":{"self":[{"href":"https:\/\/wp-dev.daten.cool\/index.php?rest_route=\/wp\/v2\/posts\/14506","targetHints":{"allow":["GET"]}}],"collection":[{"href":"https:\/\/wp-dev.daten.cool\/index.php?rest_route=\/wp\/v2\/posts"}],"about":[{"href":"https:\/\/wp-dev.daten.cool\/index.php?rest_route=\/wp\/v2\/types\/post"}],"author":[{"embeddable":true,"href":"https:\/\/wp-dev.daten.cool\/index.php?rest_route=\/wp\/v2\/users\/2"}],"replies":[{"embeddable":true,"href":"https:\/\/wp-dev.daten.cool\/index.php?rest_route=%2Fwp%2Fv2%2Fcomments&post=14506"}],"version-history":[{"count":0,"href":"https:\/\/wp-dev.daten.cool\/index.php?rest_route=\/wp\/v2\/posts\/14506\/revisions"}],"wp:featuredmedia":[{"embeddable":true,"href":"https:\/\/wp-dev.daten.cool\/index.php?rest_route=\/wp\/v2\/media\/14141"}],"wp:attachment":[{"href":"https:\/\/wp-dev.daten.cool\/index.php?rest_route=%2Fwp%2Fv2%2Fmedia&parent=14506"}],"wp:term":[{"taxonomy":"category","embeddable":true,"href":"https:\/\/wp-dev.daten.cool\/index.php?rest_route=%2Fwp%2Fv2%2Fcategories&post=14506"},{"taxonomy":"post_tag","embeddable":true,"href":"https:\/\/wp-dev.daten.cool\/index.php?rest_route=%2Fwp%2Fv2%2Ftags&post=14506"}],"curies":[{"name":"wp","href":"https:\/\/api.w.org\/{rel}","templated":true}]}}