{"id":14509,"date":"2018-09-02T21:19:21","date_gmt":"2018-09-02T21:19:21","guid":{"rendered":"https:\/\/www.cilip.de\/?p=14509"},"modified":"2018-09-02T21:19:21","modified_gmt":"2018-09-02T21:19:21","slug":"chronologie-august-2018","status":"publish","type":"post","link":"https:\/\/wp-dev.daten.cool\/?p=14509","title":{"rendered":"Chronologie August 2018"},"content":{"rendered":"<h3>zusammengestellt von Otto Diederichs<\/h3>\n<p>1. August: <b>\u201eAnkerzentren\u201c:<\/b> In allen sieben Regierungsbezirken Bayerns werden so genannte \u201eAnkerzentren\u201c <a href=\"https:\/\/www.sueddeutsche.de\/bayern\/fluechtlingspolitik-das-sind-die-sieben-neuen-ankerzentren-in-bayern-1.4075073\">offiziell in Betrieb genommen<\/a>; andere Bundesl\u00e4nder beteiligen sich zun\u00e4chst nicht. Anker steht dabei f\u00fcr <em>An<\/em>kunft, <em>k<\/em>ommunale Verteilung, <em>E<\/em>ntscheidung und <em>R<\/em>\u00fcckf\u00fchrung. In den Zentren, in denen jeweils 1.000 bis 1.500 Fl\u00fcchtlinge untergebracht werden sollen, soll \u00fcber schnelle Asylentscheidungen und R\u00fcckf\u00fchrungen <a href=\"https:\/\/www.abendzeitung-muenchen.de\/inhalt.seehofers-zentrales-projekt-ankerzentren-starten-in-bayern.9274c789-d91d-4646-a94d-d5c58238d313.html\">entschieden werden<\/a>.<\/p>\n<p><b>Bundesamt f\u00fcr Migration und Fl\u00fcchtlinge (BAMF):<\/b> Das Verwaltungsgericht (VG) Bremen entscheidet, dass Innenstaatssekret\u00e4r Stephan Mayer (CSU) seine Behauptung, in der Bremer BAMF-Au\u00dfenstelle sei \u201ehochkriminell kollusiv und bandenm\u00e4\u00dfig\u201c zwischen Mitarbeitern und Rechtsanw\u00e4lten zusammengearbeitet worden, <a href=\"http:\/\/www.spiegel.de\/politik\/deutschland\/bamf-in-bremen-staatssekret\u00e4r-stephan-mayer-darf-behauptung-nicht-wiederholen-a-1221239.html\">vorerst nicht mehr wiederholen darf<\/a>, da eine juristische Aufarbeitung noch nicht stattgefunden habe. Im April waren Verdachtsmomente bekannt geworden, wonach im Bremer BAMF zwischen 2013 und 2016 zahlreiche Asylantr\u00e4ge unrechtm\u00e4\u00dfig bewilligt worden sein sollen. <!--more-->Durch eine parlamentarische Anfrage der Linken-Bundestagsfraktion wird <a href=\"http:\/\/www.spiegel.de\/politik\/deutschland\/fluechtlinge-nur-wenige-haben-lauf-bamf-bleiberecht-erschlichen-a-1223974.html\">am 20. August<\/a> bekannt, dass sich bei einer \u00dcberpr\u00fcfung des BAMF im ersten Halbjahr 2018 lediglich 307 von \u00fcber 43.000 Asylantr\u00e4gen als unrechtm\u00e4\u00dfig erteilt erwiesen haben. Unter Berufung auf einen vertraulichen Abschlussbericht des BAMF wird <a href=\"http:\/\/www.spiegel.de\/politik\/deutschland\/bamf-skandal-in-bremen-offenbar-deutlich-weniger-verstoesse-a-1224973.html\">am 26. August<\/a> bekannt, dass die \u00dcberpr\u00fcfung der Asylantr\u00e4ge der Bremer BAMF-Au\u00dfenstelle bei insgesamt 165 F\u00e4llen ein \u201egrobes Hinwegsetzen \u00fcber Vorgaben\u201c festgestellt hat. Urspr\u00fcnglich war von rund 1.200 F\u00e4llen seit dem Jahr 2000 die Rede gewesen.<\/p>\n<p>2. August: <b>Festnahmen von mutma\u00dflichen Dschihadisten:<\/b> In Calw (Baden-W\u00fcrttemberg) <a href=\"http:\/\/www.spiegel.de\/politik\/deutschland\/calw-bundesanwaltschaft-laesst-syrer-unter-terror-verdacht-festnehmen-a-1221421.html\">nimmt die Polizei einen Syrer fest<\/a>, der im Verdacht steht, f\u00fcr die Terrormiliz Al-Nusra-Front gek\u00e4mpft und Sprengs\u00e4tze hergestellt zu haben. In Berlin nimmt die Polizei <a href=\"https:\/\/www.berliner-zeitung.de\/berlin\/polizei\/terror-razzia-in-berlin-buch-magomed-ali-c--war-auf-liste-islamistischer-gefaehrder-31147762\">am 22. August<\/a> einen islamistischen Terrorverd\u00e4chtigen fest, der einen Anschlag geplant haben soll und Kontakt zu einem im April 2017 in Frankreich festgenommenen mutma\u00dflichen Attent\u00e4ter haben soll. In der Wohnung vermuteter Sprengstoff wird nicht gefunden. <a href=\"http:\/\/www.spiegel.de\/politik\/deutschland\/berlin-festnahme-eins-terrorverdaechtigen-spuren-fuehren-auch-zu-anis-amri-a-1224458.html\">Am 22. August<\/a> erkl\u00e4rt die Berliner Staatsanwaltschaft (StA), dass zwischen den in Berlin und Frankreich festgenommenen M\u00e4nnern auch Verbindungen zum Berliner Weihnachtsmarkt-Attent\u00e4ter Anis Amri bestanden. <a href=\"http:\/\/www.spiegel.de\/politik\/deutschland\/berlin-terrorverdacht-mutmasslicher-islamist-kommt-in-untersuchungshaft-a-1224618\">Am 23. August<\/a> wird der Verd\u00e4chtige von einem Ermittlungsrichter des Bundesgerichtshofs (BGH) in Untersuchungshaft genommen.<\/p>\n<p><b>Kinderpornografie:<\/b> Vor dem Landgericht (LG) Limburg (Hessen) <a href=\"https:\/\/www.morgenpost.de\/vermischtes\/article214993071\/Kinderporno-Plattform-Elysium-Vier-Maenner-vor-Gericht.html\">beginnt der Prozess gegen vier M\u00e4nner<\/a>, die als F\u00fchrungsfiguren der Kinderpornoplattform \u201eElysium\u201c gelten. Die Darknet-Plattform war im Juni 2017 vom Bundeskriminalamt (BKA) abgeschaltet worden. <a href=\"http:\/\/www.spiegel.de\/panorama\/justiz\/elysium-prozess-in-limburg-erster-angeklagter-sagt-aus-a-1224383.html\">Am 22. August<\/a> gesteht einer der Angeklagten, die Technik f\u00fcr die Plattform bereitgestellt zu haben. Auch weitere Angeklagte <a href=\"http:\/\/www.spiegel.de\/panorama\/justiz\/elysium-prozess-wie-der-administrator-sein-mitwirken-erklaert-a-1224469.html\">gestehen ihre Teilnahme<\/a> und liefern daf\u00fcr abstruse Erkl\u00e4rungen.<\/p>\n<p>3. August: <b>Organisierte Kriminalit\u00e4t:<\/b> <a href=\"https:\/\/www.morgenpost.de\/berlin\/article214997771\/Berlin-schoepft-40-Millionen-Euro-von-Straftaetern-ab.html\">Laut einer Statistik<\/a> der Berliner Justizverwaltung haben die Berliner Strafverfolgungsbeh\u00f6rden 2017 insgesamt 19.028.504 EUR an kriminellen Gewinnen eingezogen (1. Halbjahr 2018: 22.499.378 EUR). Erm\u00f6glicht wird das durch eine Gesetzes\u00e4nderung zur Gewinnabsch\u00f6pfung vom Sommer 2017. Am 15. August erkl\u00e4rt die StA Berlin, nach jahrelangen Ermittlungen sei es gelungen, das deutschlandweit gr\u00f6\u00dfte bekannt gewordene Umsatzsteuerkartell zu zerschlagen. Daran sollen \u00fcber 50 Firmen beteiligt gewesen und einen Steuerschaden von etwa 68 Mio. EUR verursacht haben. <a href=\"https:\/\/www.berliner-zeitung.de\/wirtschaft\/erste-verurteilung-steuerkartell-hinterzieht-hunderte-millionen-mit-kupferhandel--31114884\">Bereits am Tag zuvor<\/a> war ein Hauptbeschuldigter zu sieben Jahren Haft verurteilt worden. In einem polizeilichen Gro\u00dfeinsatz durchsucht die Polizei <a href=\"https:\/\/www.welt.de\/politik\/deutschland\/article181315460\/Drogenhandel-Polizei-Grosseinsatz-gegen-Clankriminalitaet-in-Berlin.html\">am 27. August<\/a> in Berlin mehrere Objekte einer arabischen Gro\u00dffamilie, die u.a. im Verdacht steht, im Kokainhandel aktiv zu sein. Computer und sonstige Datentr\u00e4ger, sowie ein Fahrzeug mit zwei Kilo Cannabis werden beschlagnahmt; zudem wird scharfe Munition gefunden. F\u00fcnf M\u00e4nner werden <a href=\"https:\/\/www.berliner-zeitung.de\/berlin\/polizei\/grossrazzia-gegen-clans--kampf-gegen-die-hydra-der-organisierten-kriminalitaet--31169898\">vor\u00fcbergehend festgenommen<\/a>. <a href=\"http:\/\/www.faz.net\/aktuell\/gesellschaft\/kriminalitaet\/waffen-sichergestellt-razzia-gegen-grossfamilien-in-niedersachsen-15761263.html\">Am 28. August<\/a> f\u00fchrt die Polizei in mehreren St\u00e4dten in Niedersachsen in Objekten, die einer arabischen Gro\u00dffamilie zugeordnet werden, Durchsuchungen durch. Es werden mehrere Schusswaffen sichergestellt. Durch eine parlamentarische Anfrage der FDP-Landtagsfraktion wird <a href=\"https:\/\/www.berliner-zeitung.de\/berlin\/polizei\/ueber-600-000-euro-wert-staatsanwaltschaft-beschlagnahmt-bitcoins-von-kriminellen-31176186\">am gleichen Tag<\/a> bekannt, dass die Berliner StA im Zuge eines Verfahrens gegen Drogenhandel im Internet Bitcoins im Wert von 649.000 EUR eingezogen hat. <a href=\"https:\/\/www.morgenpost.de\/berlin\/polizeibericht\/article215201167\/Erneut-Durchsuchungen-bei-arabischer-Grossfamilie.html\">Am 29. August<\/a> f\u00fchrt die Berliner Polizei erneut eine Durchsuchung bei der arabischen Gro\u00dffamilie durch, diesmal unter dem Vorwurf, Falschgeld in Umlauf zu bringen.<\/p>\n<p align=\"left\"><b>Rechtsradikalismus:<\/b> In Essen (NRW) <a href=\"http:\/\/www.spiegel.de\/panorama\/justiz\/essen-26-jaehriger-soll-rechtsradikalen-anschlag-geplant-haben-a-1221553.html\">durchsucht die Polizei<\/a> die Wohnung eines Mannes, der im Verdacht steht, einen rechtsradikalen Anschlag geplant zu haben. Konkrete Hinweise auf Anschlagsziel und -zeitpunkt werden nicht bekannt. Durch Presseberichte wird <a href=\"http:\/\/www.spiegel.de\/panorama\/justiz\/schoenberg-hakenkreuze-dort-wo-ein-syrischer-junge-starb-a-1221759.html\">am 5. August<\/a> bekannt, dass in Sch\u00f6nberg (Mecklenburg-Vorpommern) mehrfach Hakenkreuz-Schmierereien an einer Unfallstelle aufgetaucht sind, an der im Juni ein syrisches Kind zu Tode kam. <a href=\"http:\/\/www.spiegel.de\/panorama\/justiz\/schoenberg-hakenkreuze-an-unfallort-polizei-wemittelt-mutmassliche-taeter-a-1221880.html\">Am 6. August<\/a> gibt die StA Schwerin bekannt, dass zwei Tatverd\u00e4chtige ermittelt seien. <a href=\"http:\/\/www.spiegel.de\/politik\/deutschland\/migrantenschreck-betreiber-mario-roensch-angeklagt-a-1223062.html\">Am 14. August<\/a> erhebt die StA Berlin Anklage wegen unerlaubtem Waffenhandel gegen den Betreiber des illegalen Online-Waffenversandhandels \u201eMigrantenschreck\u201c. Im ersten Halbjahr gab es <a href=\"http:\/\/www.spiegel.de\/politik\/deutschland\/neonazi-konzerte-mehr-als-130-veranstaltungen-im-ersten-halbjahr-2018-a-1223047.html\">nach Auskunft der Bundesregierung<\/a> auf eine Anfrage der Links-Fraktion insgesamt 131 Rechtsrockkonzerte (2017 gesamt: 296) mit mehr als 12.000 Besuchern. <a href=\"https:\/\/www.ndr.de\/nachrichten\/mecklenburg-vorpommern\/Saenger-von-Feine-Sahne-Fischfilet-vor-Gericht.prozess4250.html\">Am 21. August<\/a> stellt die StA Rostock (Mecklenburg-Vorpommern) die Ermittlungen gegen 15 Neonazis ein, die im Mai 2015 am Rande einer antirassistischen Kundgebung in G\u00fcstrow in Auseinandersetzungen mit Kundgebungsteilnehmern verwickelt waren. Es sei ihnen nicht nachzuweisen, dass sie diese begonnen h\u00e4tten. <a href=\"https:\/\/www.tagesspiegel.de\/politik\/verfassungsschutz-immer-mehr-salafisten-und-reichsbuerger-in-berlin\/22936234.html\">Laut dem Jahresbericht 2017<\/a> des Berliner Verfassungsschutzes hat die Berliner NPD 230 Mitglieder. Nachdem das VG Weimar (Th\u00fcringen) ein, f\u00fcr den 25. August geplantes Rechtsrock-Konzert in der Gemeinde Mattstedt verboten hatte, <a href=\"https:\/\/www.morgenpost.de\/politik\/inland\/article215175261\/Rechtsrock-Konzert-in-Thueringen-abgesagt.html\">weichen die rund 400 TeilnehmerInnen<\/a> kurzfristig auf ein Privatgrundst\u00fcck in der Gemeinde Kloster Ve\u00dfra aus.<\/p>\n<p align=\"left\"><b>Mutma\u00dflich illegale Abschiebungen:<\/b> Das VG Gelsenkirchen (NRW) <a href=\"http:\/\/www.spiegel.de\/politik\/deutschland\/sami-a-gericht-setzt-zwangsgeld-gegen-stadt-bochum-fest-a-1221623.html\">verf\u00fcgt<\/a>, dass die Stadt Bochum ein festgesetztes Zwangsgeld in H\u00f6he von 10.000 EUR zahlen muss, da sie keine Initiativen ergriffen hatte, um einen rechtswidrig nach Tunesien abgeschobenen Mann wieder zur\u00fcck zu holen. Mit dem Beschluss wird zudem eine weitere Zahlung in gleicher H\u00f6he angedroht. Der als ehemaliger Leibw\u00e4chter des Ex-Al-Qaida-Chefs Osama Bin Laden geltende Mann war Mitte Juli abgeschoben worden, obwohl das Gelsenkirchener VG dies untersagt hatte. <a href=\"http:\/\/www.faz.net\/aktuell\/politik\/inland\/f-a-s-exklusiv-sami-a-koennte-zurueck-15722745.html\">Am 5. August<\/a> gibt seine Anw\u00e4ltin bekannt, dass der tunesische Ermittlungsrichter ihr mitgeteilt habe, dass gegen\u00fcber ihrem Mandanten kein Ausreiseverbot verh\u00e4ngt sei. <a href=\"https:\/\/www.sueddeutsche.de\/muenchen\/behoerdenpanne-uigure-soll-rechtswidrig-aus-bayern-abgeschoben-worden-sein-1.4083181\">Am 6. August<\/a> wird bekannt, dass Bayern im April einen Uiguren wenige Stunden vor seiner Asylanh\u00f6rung nach China abgeschoben hat. Ein entsprechendes Fax des BAMF gilt als nicht angekommen. Der Verbleib des Mannes ist unklar. <a href=\"http:\/\/www.spiegel.de\/politik\/deutschland\/fall-sami-a-tunesien-zweifelt-an-schuld-a-1222556.html\">Am 10. August<\/a> lehnt das VG Gelsenkirchen (NRW) einen Antrag des BAMF ab, das seit Juni 2010 geltende Abschiebeverbot f\u00fcr den mutma\u00dflichen Bin Laden-Leibw\u00e4chter aufzuheben. Zuvor hatte bereits das Oberverwaltungsgericht (OVG) NRW eine Beschwerde der Stadt Bochum gegen den R\u00fcckholbeschluss zur\u00fcckgewiesen. <a href=\"http:\/\/www.spiegel.de\/politik\/deutschland\/nasibullah-s-zu-unrecht-abgeschobener-asylbewerber-zurueck-in-deutschland-a-12222818.html\">Am 12. August<\/a> landet ein Anfang Juli unrechtm\u00e4\u00dfig abgeschobener Afghane wieder in Deutschland. Er musste zur\u00fcck geholt werden, da sein am VG Greifswald (Mecklenburg-Vorpommern) laufendes Asylverfahren noch nicht abgeschlossen ist. Das Ausl\u00e4nderamt der Stadt Bochum (NRW) hat f\u00fcr den abgeschobenen mutma\u00dflichen Bin Laden-Leibw\u00e4chter \u00fcber das Landeskriminalamt (LKA) <a href=\"https:\/\/www.ksta.de\/politik\/islamistischer-gefaehrder\u2014einreisesperre-fuer-sami-a--verhaengt--31100274\">eine Einreisesperre in Schengen-Staaten beantragt<\/a>. In letzter Instanz entscheidet das OVG M\u00fcnster (NRW) <a href=\"https:\/\/www.sueddeutsche.de\/politik\/oberstes-nrw-gericht-sami-a-muss-nach-deutschland-zurueckgeholt-werden-1.4093967\">am 15. August<\/a>, dass die Abschiebung des Mannes \u201eoffensichtlich rechtswidrig\u201c gewesen sei und er zur\u00fcck geholt werden m\u00fcsse (Az: 17 B 1029\/18). Hochrangige PolitikerInnen h\u00e4tten dabei erheblichen Druck aufgebaut um ihn als Gef\u00e4hrder abzuschieben. NRW-Innenminister Herbert Reul (CDU) <a href=\"http:\/\/www.spiegel.de\/politik\/deutschland\/sami-a-muss-nach-deutschland-zurueckgeholt-werden-a-1223351.html\">kritisiert das Urteil<\/a>. Die Stadt Bochum (NRW) erkl\u00e4rt, der Abgeschobene werde nicht zur\u00fcck geholt, sondern m\u00fcsse selbst nach Deutschland zur\u00fcckreisen. Die Stadt gebe der Anw\u00e4ltin jedoch eine <a href=\"http:\/\/www.spiegel.de\/politik\/deutschland\/sami-a-muss-nach-deutschland-zurueckgeholt-werden-a-1223351.html\">Kosten\u00fcbernahmezusage f\u00fcr den R\u00fcckflug<\/a>. Tunesiens Regierung <a href=\"https:\/\/www.sueddeutsche.de\/politik\/oberstes-nrw-gericht-sami-a-muss-nach-deutschland-zurueckgeholt-werden-1.4093967\">erkl\u00e4rt daraufhin<\/a>, das eigene Verfahren sei noch nicht abgeschlossen; daher sei eine Ausreise nicht m\u00f6glich. Durch Presseberichte wird <a href=\"https:\/\/www.sueddeutsche.de\/muenchen\/zu-unrecht-abgeschobener-uigure-bamf-zurueck-nach-deutschland-1.4094257\">am 16. August<\/a> bekannt, dass die Bundesregierung \u00fcber die seinerzeitige rechtswidrige Abschiebung des Uiguren Bescheid wusste und das BAMF den Mann nun zur\u00fcckholen soll. <a href=\"http:\/\/www.spiegel.de\/politik\/deutschland\/deutschland-schon-fuenf-rechtswidrige-abschiebungen-seit-jahresbeginn-a-1223597.html\">Am 17. August<\/a> wird durch eine parlamentarische Anfrage der Gr\u00fcnen-Bundestagsfraktion bekannt, dass in diesem Jahr bereits f\u00fcnf Menschen rechtswidrig abgeschoben wurden (2017: 2). In der Antwort auf eine parlamentarische Anfrage der Gr\u00fcnen-Bundestagsfraktion <a href=\"https:\/\/www.sueddeutsche.de\/politik\/asylpolitik-innenministerium-stoppt-abschiebung-von-uiguren-nach-china-1.4101046\">hei\u00dft es<\/a>, dass das Bundesinnenministerium bestimmt hat, dass \u201ebis auf weiteres\u201c keine Uiguren und Angeh\u00f6rige anderer muslimischer Minderheiten mehr nach China abgeschoben werden sollen. <a href=\"http:\/\/www.faz.net\/aktuell\/politik\/inland\/laschet-ruft-minister-im-fall-sami-a-zur-ordnung-15752415.html\">Am 23. August<\/a> kritisiert NRW-Ministerpr\u00e4sident Amin Laschet (CDU) seinen Innen- und den Integrationsminsister im Fall des abgeschobenen mutma\u00dflichen Ex-Bin Laden-Leibw\u00e4chter und stellt sich voll hinter den R\u00fcckholbeschluss des OVG M\u00fcnster. <a href=\"https:\/\/www.berliner-zeitung.de\/politik\/rueckholung-von-asylbewerbern-vorschnelle-abschiebungen-kosten-rund-22-000-euro-31157958\">Laut der Antwort<\/a> auf eine parlamentarische Anfrage der Linksfraktion im Bundestag am 24. August hat die R\u00fcckholung der sieben seit 2017 unrechtm\u00e4\u00dfig abgeschobenen Asylbewerber die Bundesrepublik rund 22.000 EUR gekostet.<\/p>\n<p><b>Geplanter Giftgasanschlag:<\/b> Die Bundesanwaltschaft (BAW) <a href=\"https:\/\/www.sueddeutsche.de\/politik\/islamistischer-terror-rizin-bombenbauer-plante-anschlag-1.4081007\">gibt bekannt<\/a>, dass der Haftbefehl gegen den Mann, der Mitte Juni in K\u00f6ln unter dem Verdacht festgenommen worden war, einen islamistischen Giftgasanschlag geplant zu haben, um den dringenden Tatverdacht der Vorbereitung einer schweren staatsgef\u00e4hrdenden Gewalttat erweitert wurde.<\/p>\n<p align=\"left\"><b>Rechtsradikale und fremdenfeindliche Angriffe auf Fl\u00fcchtlinge:<\/b> <a href=\"https:\/\/www.morgenpost.de\/berlin\/polizeibericht\/article215008907\/Gehweg-nur-fuer-Deutsche-Hass-Attacke-auf-Fluechtlinge.html\">In Berlin<\/a> beschimpft ein Mann zwei Fl\u00fcchtlinge zun\u00e4chst rassistisch und greift dann einen von ihnen an. Er kann unerkannt entkommen. Im ersten Halbjahr kam es <a href=\"http:\/\/www.faz.net\/aktuell\/gesellschaft\/kriminalitaet\/mehr-als-700-angriffe-auf-fluechtlinge-im-ersten-halbjahr-15734096.html\">bundesweit zu 627 Angriffen auf Fl\u00fcchtlinge<\/a>.<\/p>\n<p align=\"left\">\u201e<b>Fehlende charakterliche Eignung\u201c:<\/b> Das OVG Bremen hat die Entlassung eines Polizeisch\u00fclers <a href=\"https:\/\/www.morgenpost.de\/vermischtes\/article215003833\/Lauter-Sex-auf-Balkon-Polizeischueler-erhaelt-die-Kuendigung.html\">f\u00fcr rechtens erkannt<\/a>. Der Mann hatte durch lautstarken Sex auf seinem Balkon mehrfach Polizeieins\u00e4tze ausgel\u00f6st. Nachdem er dies auch nach entsprechenden Mahnungen seiner Dienststelle nicht unterlie\u00df, war ihm wegen \u201efehlender charakterlicher Eignung\u201c gek\u00fcndigt worden. Dagegen hatte der Mann geklagt (Az: 2 B 174\/18).<\/p>\n<p align=\"left\">4. August: <b>Bayerisches Polizeigesetz: <\/b>Der Wissenschaftliche Dienst des Bundestages h\u00e4lt das neue bayerische Polizeiaufgabengesetz (PAG) <a href=\"http:\/\/www.spiegel.de\/panorama\/justiz\/bayerns-polizeirecht-taugt-eher-nicht-als-vorbild-gutachten-des-bundestages-a-1221547.html\">in Teilen f\u00fcr zu unspezifisch<\/a>. Es lasse eine \u201eAusweitung polizeilicher Befugnisse\u201c zu, die \u00fcber die Bek\u00e4mpfung von Terrorismus hinausgingen. Durch eine parlamentarische Anfrage der Gr\u00fcnen-Landtagsfraktion wird <a href=\"https:\/\/www.sueddeutsche.de\/bayern\/praeventivhaft-elf-personen-in-bayern-ohne-anklage-in-gefaengnis-1.4094271\">am 16. August<\/a> bekannt, dass aufgrund der ausgeweiteten Pr\u00e4ventivhaft im PAG 11 Personen \u2013 zumeist Asylbewerber \u2013 l\u00e4nger als zwei Wochen ohne Anklageerhebung in Haft gehalten wurden. <a href=\"http:\/\/www.faz.net\/aktuell\/politik\/inland\/verfassungsbeschwerde-gegen-bayerisches-polizeiaufgabengesetz-15741785.html\">Am 17. August<\/a> reicht die FDP Verfassungsbeschwerde gegen das Polizeigesetz ein.<\/p>\n<p align=\"left\"><b>Homophobe Angriffe:<\/b> In Berlin beleidigt ein Mann zwei Frauen homophob und bewirft sie mit einer Plastikflasche. Einer zu Hilfe kommenden dritten Frau schl\u00e4gt er ein Bierglas an den Kopf. <a href=\"https:\/\/www.tagesspiegel.de\/berlin\/polizei-justiz\/berlin-friedrichshain-paar-im-bierzelt-homophob-beleidigt\/22881584.html\">Der Mann wird festgenommen<\/a>. Erneut wird <a href=\"https:\/\/www.berliner-zeitung.de\/berlin\/polizei\/polizeibericht-unbekannter-beleidigt-und-schlaegt-homosexuelles-paar-31101306\">am 12. August<\/a> ein Frauenp\u00e4rchen homophob beleidigt und angegriffen. Der T\u00e4ter kann entkommen. Wiederum in Berlin werden <a href=\"https:\/\/www.berliner-zeitung.de\/berlin\/polizei\/polizeibericht-unbekannte-schlagen-und-treten-auf-mann-in-frauenkleidern-ein-31146458\">am 21. August<\/a> ein Mann in Frauenkleidern und sein Begleiter von zwei Unbekannten beleidigt, geschlagen und getreten. Die T\u00e4ter k\u00f6nnen fl\u00fcchten.<\/p>\n<p align=\"left\">6. August: <b>Verfassungsschutz:<\/b> In einer Analyse des Bundesamtes f\u00fcr Verfassungsschutz (BfV) <a href=\"http:\/\/www.spiegel.de\/politik\/deutschland\/verfassungsschutz-warnt-vor-kindern-aus-islamistischen-familien-a-1221783.html\">warnt dieser<\/a> vor der Radikalisierung von Kindern aus islamistischen Familien.<\/p>\n<p align=\"left\">7. August: <b>Stille SMS und <\/b><b>Funkzellenabfrage<\/b><b>n<\/b><b>:<\/b> Im ersten Halbjahr 2018 <a href=\"https:\/\/netzpolitik.org\/2018\/halbjahreswerte-fuer-stille-sms-imsi-catcher-und-funkzellenabfragen\/\">verschickte das BfV knapp \u00fcber 103.000 \u201estille SMS\u201c<\/a> zur Ortung von Handys (2017: ca. 29.000). Vom BKA wurden im gleichen Zeitraum insgesamt 20 Funkzellenabfragen ein (2014: 3); von der Bundespolizei (BPol) 64 (2014: unter 50).<\/p>\n<p align=\"left\"><b>Staatstrojaner:<\/b> Der Verein \u201eDigitalcourage\u201c reicht beim Bundesverfassungsgericht (BVerfG) <a href=\"http:\/\/www.haz.de\/Nachrichten\/Medien\/Netzwelt\/Datenschuetzer-klagen-in-Karlsruhe-gegen-Staatstrojaner\">Verfassungsbeschwerde gegen den Einsatz von sog. Staatstrojanern<\/a> ein, mit denen heimlich Smartphones, Tablets und Computer ausgelesen werden k\u00f6nnen. Seit rund einem Jahr ist ihr Einsatz bei der Verbrechensbek\u00e4mpfung gesetzlich erlaubt. <a href=\"https:\/\/www.morgenpost.de\/politik\/inland\/article215165585\/Staatstrojaner-Verfassungsbeschwerde-von-Journalisten.html\">Am 24. August<\/a> legen auch die \u201eGesellschaft f\u00fcr Freiheitsrechte\u201c und der \u201eDeutsche Anwaltsverein\u201c Beschwerde ein.<\/p>\n<p align=\"left\"><b>Racial Profiling:<\/b> Das OVG M\u00fcnster (NRW) <a href=\"https:\/\/www.sueddeutsche.de\/politik\/personenkontrolle-hautfarbe-rechtswidrig-1.4084633\">entscheidet<\/a>, dass die Ausweiskontrolle eines Mannes am Hauptbahnhof Bochum im November 2013 allein aufgrund seiner Hautfarbe ein Versto\u00df gegen das Diskriminierungsverbot und damit rechtswidrig war (<a href=\"https:\/\/www.juris.de\/jportal\/portal\/t\/vkd\/page\/homerl.psml?nid=jnachr-JUNA180802429&amp;cmsuri=%2Fjuris%2Fde%2Fnachrichten%2Fzeigenachricht.jsp\">Az: 5 A 294\/16<\/a>).<\/p>\n<p align=\"left\"><b>Anschlag auf D\u00fcsseldorfer S-Bahn: <\/b>Im Ende Juli mit einem Freispruch f\u00fcr den angeklagten Neo-Nazi beendeten Prozess um einen Bombenanschlag auf die D\u00fcsseldorfer S-Bahn im Juli 2000 <a href=\"http:\/\/www.faz.net\/aktuell\/politik\/inland\/staatsanwaltschaft-legt-revision-gegen-wehrhahn-urteil-ein-15726598.html\">legt die StA Revision ein<\/a>.<\/p>\n<p align=\"left\"><b>Rechte und fremdenfeindliche Angriffe auf Fl\u00fcchtlingsheime:<\/b> <a href=\"https:\/\/www.sueddeutsche.de\/bayern\/verfassungsschutzbericht-politisch-motivierte-gewalt-in-bayern-nimmt-ab-1.4084372\">Laut bayerischem Verfassungsschutz<\/a> gab es im ersten Halbjahr in Bayern acht Angriffe auf Asylbewerberheime. In Bliedersdorf (Niedersachsen) werfen Unbekannte zun\u00e4chst Steine auf eine Fl\u00fcchtlingsunterkunft, danach dringen vier bis sieben Personen in das Heim ein. Bei der daraus folgenden Auseinandersetzung wird ein Heimbewohner <a href=\"http:\/\/www.spiegel.de\/panorama\/justiz\/bliedersdorf-angriff-auf-fluechtlingsunterkunft-mit-steinen-a-1222227.html\">mit einem Messer verletzt<\/a>. Im ersten Halbjahr kam es <a href=\"http:\/\/www.faz.net\/aktuell\/gesellschaft\/kriminalitaet\/mehr-als-700-angriffe-auf-fluechtlinge-im-ersten-halbjahr-15734096.html\">bundesweit zu 77 Angriffen auf Fl\u00fcchtlingsheime<\/a>.<\/p>\n<p align=\"left\"><b>Antisemitische Straftaten:<\/b> Im ersten Halbjahr 2018 gab es <a href=\"https:\/\/www.tagesspiegel.de\/berlin\/judenhass-in-deutschland-jede-fuenfte-antisemitische-straftat-geschieht-in-berlin\/22888416.html\">bundesweit 401 antisemitische Straftaten<\/a>. Die meisten davon in Berlin (80) und Bayern (43). <a href=\"https:\/\/www.morgenpost.de\/politik\/article215091515\/Im-Osten-Deutschlands-ist-der-Antisemitismus-am-staerksten.html\">Seit 2010<\/a> liegen die Zahlen bei insgesamt 11.786 Straftaten (Baden-W\u00fcrttemberg: 960 \/ Berlin: 1.649 \/ Hamburg: 287 \/ NRW: 2.272).<\/p>\n<p align=\"left\"><b>Menschenhandel:<\/b> Im vergangenen Jahr ermittelte das BKA in 340 F\u00e4llen von Menschenhandel (2016: 375); das <a href=\"https:\/\/www.tagesspiegel.de\/weltspiegel\/ausbeutung-in-deutschland-bka-menschenhandel-nimmt-deutlich-zu\/22888048.html\">geht aus einem entsprechendem BKA-Bericht hervor<\/a>. Auf einem Autobahnparkplatz in Sachsen entdeckt die Polizei <a href=\"https:\/\/www.morgenpost.de\/vermischtes\/article215153255\/Bundespolizei-findet-26-Vietnamesen-in-Kleintransporter.html\">am 21. August<\/a> 26 VietnamesInnen in einem Kleintransporter. Der Fahrer wird festgenommen.<\/p>\n<p align=\"left\">8. August: \u201e<b>Patriotische Europ\u00e4er gegen die Islamisierung des Abendlandes\u201c (Pegida):<\/b> Aus dem gesamten Bundesgebiet gingen <a href=\"https:\/\/www.morgenpost.de\/politik\/inland\/article215042757\/Mehrere-Anzeigen-wegen-Absaufen-Rufen-bei-Pegida.html\">Anzeigen gegen TeilnehmerInnen einer Pegida-Kundgebung<\/a> im Juni in Dresden (Sachsen) ein, die gegen Mittelmeer-Fl\u00fcchtlingsretter \u201eAbsaufen &#8211; Absaufen\u201c-Rufe skandierten. Bei einem Besuch von Bundeskanzlerin Angela Merkel am 16. August in Sachsen, demonstrieren rund 300 Pegida-Anh\u00e4ngerInnen vor dem Landtag gegen diese. Ein Kameramann, der die Protestkundgebung filmt, wird von einem Teilnehmer bep\u00f6belt und angezeigt. Daraufhin wird das gesamte Filmteam etwa <a href=\"https:\/\/www.sueddeutsche.de\/medien\/pressefreiheit-hat-sachsens-polizei-einen-reporter-behindert.1.4096925\">45 Minuten festgehalten und kontrolliert<\/a>. Journalistenverb\u00e4nde <a href=\"http:\/\/www.spiegel.de\/politik\/deutschland\/pegida-demo-polizei-rechtfertigt-einsatz-gegen-journalisten-a-1224093.html\">protestieren heftig gegen den Vorfall<\/a>. <a href=\"https:\/\/www.sueddeutsche.de\/muenchen\/prozess-ns-regime-glorifiziert-muenchner-pegida-chef-verurteilt-1.4096306\">Am 17. August<\/a> verurteilt das Amtsgericht (AG) M\u00fcnchen (Bayern) den Chef von \u201ePegida-M\u00fcnchen\u201c wegen der Billigung von Straftaten und Verst\u00f6\u00dfen gegen Versammlungsauflagen zu einer f\u00fcnfmonatigen Bew\u00e4hrungsstrafe und einer Geldstrafe von 140 Tagess\u00e4tzen. <a href=\"http:\/\/www.spiegel.de\/politik\/deutschland\/zdf-bei-pegida-demo-festgesetzt-poebelnder-demonstrant-ist-lka-mitarbeiter-a-1224477.html\">Am 22. August<\/a> wird bekannt, dass der Pegida-Demonstrant, der den Vorfall beim Merkel-Besuch ausgel\u00f6st hatte, ein Mitarbeiter des s\u00e4chsischen LKA ist. <a href=\"http:\/\/www.spiegel.de\/politik\/deutschland\/pegida-in-dresden-lka-mann-aus-zdf-viseo-ist-buchpruefer-a-1224566.html\">Der Mann arbeitet als Buchpr\u00fcfer<\/a> f\u00fcr Wirtschaftskriminalit\u00e4t, schreibt f\u00fcr das LKA entsprechende Gutachten und tritt auch in Prozessen auf. In einem gemeinsamen Gespr\u00e4ch auf seine Einladung, entschuldigt sich Sachsens Polizeipr\u00e4sident <a href=\"http:\/\/www.spiegel.de\/kultur\/gesellschaft\/zdf-team-bei-pegida-in-dresden-polizeipraesident-entschuldigt-sich-a-1224868.html\">am 24. August<\/a> f\u00fcr die Art und Weise der Ma\u00dfnahmen der Polizei gegen das Filmteam bei der Pegida-Kundgebung in Dresden. Nach den rechtsextremen Krawallen nach dem Tod eines Mannes auf einem Stadtfest in Chemnitz (Sachsen) h\u00e4lt Pegida <a href=\"http:\/\/www.faz.net\/aktuell\/politik\/inland\/nach-krawallen-in-chemnitz-kaum-zulauf-bei-pegida-mahnwache-in-dresden-15760435.html\">am 28. August<\/a> vor dem s\u00e4chsischen Landtag in Dresden eine Mahnwache mit rund 50 Teilnehmern ab. Eine Gegenveranstaltung ist etwa dreimal so gro\u00df. Nach der t\u00f6dlich verlaufenen Messerstecherei verbreitet Pegida-Mitbegr\u00fcnder Lutz Bachmann einen <a href=\"https:\/\/www.sueddeutsche.de\/politik\/sachsen-ministerpr\u00e4sident-kretschmer-lobt-super-job-der-polizei-1.4108763\">am 29. August<\/a> von der rechtsradikalen Gruppierung \u201ePro Chemnitz\u201c ins Internet gestellten Haftbefehl gegen einen der mutma\u00dflichen T\u00e4ter mit Namen und Tatumst\u00e4nden weiter. Die StA Dresden <a href=\"https:\/\/www.sueddeutsche.de\/politik\/2.220\/sachsen-ministerpraesident-kretschmer-lobt-super-job-der-polizei-1.4108763\">leitet Ermittlungen ein<\/a>. <a href=\"http:\/\/www.spiegel.de\/panorama\/justiz\/sachsen-poebelnder-lka-mann-muss-polizeidienst-verlassen-a-1225670.html\">Am 30. August<\/a> gibt das LKA Sachsen bekannt, dass der Mitarbeiter der den Zwischenfall bei der Pegida-Demonstration gegen den Merkel-Besuch in Dresden ausgel\u00f6st hatte, den Polizeidienst verlassen wird.<\/p>\n<p align=\"left\"><b>Gafferproblematik:<\/b> Bei einem Verkehrsunfall bei Lauenburg (Schleswig-Holstein) <a href=\"https:\/\/www.morgenpost.de\/vermischtes\/article215055599\/Toedlicher-Unfall-Zeuge-postet-Beitrag-statt-zu-helfen.html\">verbrennt ein Mann in seinem Auto<\/a>. Statt zu helfen, postet ein Zeuge den Unfall auf facebook. Die Polizei ermittelt wegen unterlassener Hilfeleistung. Bei einem schweren Autounfall auf der Autobahn bei Wismar (Mecklenburg-Vorpommern) <a href=\"http:\/\/www.spiegel.de\/panorama\/justiz\/wismar-vier-schwerverletzte-bei-unfall-bussgeld-fuer-handyaufnahmen-a-1222781.html\">am 11. August<\/a> machen vorbeifahrende Autofahrer Handyfotos. Die Polizei leitet f\u00fcnf Bu\u00dfgeldverfahren ein.<\/p>\n<p align=\"left\">9. August: <b>Abschiebung<\/b><b>en<\/b><b>:<\/b> Im ersten Halbjahr kam es bundesweit zu insgesamt <a href=\"http:\/\/www.spiegel.de\/politik\/deutschland\/fluechtlinge-mehr-migranten-verhindern-ihre-abschiebung-a-1222383.html\">12.261 Abschiebungen<\/a> (Vorjahreszeitraum: 12.545). <a href=\"http:\/\/www.spiegel.de\/politik\/ausland\/kamel-ben-yahia-s-nordrhein-westfalen-schiebt-gefaehrder-nach-tunesien-ab-a-1222701.html\">Am 10. August<\/a> wird ein als Unterst\u00fctzer der Terrororganisation \u201eIslamischer Staat\u201c (IS) verurteilter Mann direkt aus der Haftanstalt Dortmund (NRW), wo er seit 2014 einsitzt, nach Tunesien abgeschoben. Berlin hat im Juli einen islamistischen Gef\u00e4hrder <a href=\"https:\/\/www.tagesspiegel.de\/berlin\/justizvollzugsanstalt-tegel-gefaehrder-aus-berlin-nach-schweden-abgeschoben\/22913030.html\">unter Berufung auf das Dublin-Abkommen nach Schweden abgeschoben<\/a>. Nach Intervention des Ausw\u00e4rtigen Amtes (AA) stoppt Schleswig-Holstein <a href=\"http:\/\/www.spiegel.de\/politik\/deutschland\/fluechtlinge-auswaertiges-amt-verhindert-abschiebung-nach-zadschikistan-a-1224151.html\">am 21. August<\/a> im letzten Moment die geplante Abschiebung eines tadschikischen Oppositionellen in seine Heimat. <a href=\"http:\/\/www.spiegel.de\/politik\/deutschland\/abschiebung-bundesverwaltungsgericht-weist-klage-von-terrorverdaechtigem-ab-a-1224291.html\">Ebenfalls am 21. August<\/a> erkl\u00e4rt das Bundesverwaltungsgericht (BVerwG) die Abschiebung eines Terrorverd\u00e4chtigen im Oktober 2017 in die T\u00fcrkei f\u00fcr rechtm\u00e4\u00dfig (Az: BVerwG 1 A 16.17). <a href=\"https:\/\/www.berliner-zeitung.de\/berlin\/polizei\/acht-bis-zehn-plaetze-berlin-eroeffnet-abschiebegewahrsam-fuer-gefaehrder-31144412\">Am gleichen Tag<\/a> er\u00f6ffnet Berlin einen gesonderten Abschiebegewahrsam f\u00fcr Gef\u00e4hrder mit 10 Pl\u00e4tzen.<\/p>\n<p align=\"left\"><b>Asyl:<\/b> Der Oberb\u00fcrgermeister von D\u00fcsseldorf (NRW) <a href=\"http:\/\/www.spiegel.de\/politik\/deutschland\/duesseldorf-ob-thomas-geisel-wollte-fluechtlinge-aufnehmen-und-erhielt-morddrohungen-a-1222430.html\">erh\u00e4lt Hassmails<\/a> mit \u201eoffen rassistischen T\u00f6nen\u201c und auch Morddrohungen. Er hatte zuvor in einem offenen Brief gemeinsam mit K\u00f6ln und Bonn angeboten, gerettete Bootsfl\u00fcchtlinge aufzunehmen. <a href=\"http:\/\/www.spiegel.de\/politik\/deutschland\/kirchenasyl-viele-gemeinden-missachten-die-regeln-a-1224189.html\">Am 21. August<\/a> erkl\u00e4rt der Leiter der Deutschen Bischofskonferenz dass 2017 nur etwa die H\u00e4lfte aller F\u00e4lle von Kirchenasyl wie vorgeschrieben an das BAMF weitergemeldet worden seien. Genaue Zahlen gibt es nicht.<\/p>\n<p align=\"left\">11. August: <b>\u201eReichsb\u00fcrger\u201c:<\/b> Sicherheitsbeh\u00f6rden haben mehreren 100 \u201eReichsb\u00fcrgern\u201c <a href=\"http:\/\/www.spiegel.de\/politik\/deutschland\/verfassungsschutz-entwaffnet-mehr-als-300-reichsbuerger-a-1222713.html\">die Waffenerlaubnis entzogen und die Waffen beschlagnahmt<\/a>. Ende M\u00e4rz besa\u00dfen demnach 1.200 Personen eine waffenrechtliche Erlaubnis; Ende Juni noch etwa 920. <a href=\"https:\/\/www.tagesspiegel.de\/politik\/verfassungsschutz-immer-mehr-salafisten-und-reichsbuerger-in-berlin\/22936234.html\">Laut dem Jahresbericht 2017<\/a> des Berliner Verfassungsschutzes gibt es in der Stadt etwa 500 \u201eReichsb\u00fcrger\u201c (2016: rund 400).<\/p>\n<p align=\"left\"><b>Fu\u00dfball-Auseinandersetzungen:<\/b> Am Rande eines Fu\u00dfballspiels in Berlin kommt es zu einer <a href=\"https:\/\/www.morgenpost.de\/berlin\/polizeibericht\/article215067781\/Fussballturnier-in-Wedding-endet-mit-Massenschlaegerei.html\">Massenschl\u00e4gerei mit rund 40 Personen<\/a>. Dabei erleidet einer der Beteiligten eine Schnittverletzung im Bauchbereich; zwei Tatverd\u00e4chtige werden festgenommen. Nach einem Zweitliga-Spiel <a href=\"http:\/\/www.faz.net\/aktuell\/gesellschaft\/kriminalitaet\/polizei-sieht-bei-randale-in-in-koeln-neue-dimension-der-gewalt-15737900.html\">verhindert die Polizei in K\u00f6ln<\/a> (NRW) am 13. August eine Schl\u00e4gerei zwischen Hooligans beider Vereine, als rund 100 vermummte K\u00f6lner Fans den Bus aus Berlin mit Steinen angreifen. 28 Personen werden in Gewahrsam genommen; Fahrzeuge, Schlagst\u00f6cke, Pyrotechnik und andere gef\u00e4hrliche Gegenst\u00e4nde werden beschlagnahmt.<\/p>\n<p align=\"left\"><b>Angriffe auf Polizisten:<\/b> <a href=\"https:\/\/www.berliner-zeitung.de\/berlin\/polizei\/polizeibericht-raser-schlaegt-bei-polizeikontrolle-auf-polizisten-ein-31097116\">Bei einer Fahrzeugkontrolle in Berlin<\/a> greift ein wegen \u00fcberh\u00f6hter Geschwindigkeit angehaltener Mann die Polizisten an und verletzt sie leicht. In 2017 wurden bundesweit 4.522 \u201eVollstreckungskr\u00e4fte und gleichstehende Personen\u201c <a href=\"http:\/\/www.spiegel.de\/panorama\/justiz\/polizei-gewalt-gegen-einsatzkraefte-nimmt-zu-a-1224879.html\">im Dienst attackiert<\/a> (2013: 3.710). <a href=\"https:\/\/www.tagesspiegel.de\/politik\/rheinisches-braunkohlerevier-vermummte-attackieren-polizisten-am-hambacher-forst-mit-steinen\/22953092.html\">Ebenfalls am 24. August<\/a> greifen am Hambacher Forst (NRW) Vermummte die Polizei an und bewerfen sie mit Steinen; ein Beamter muss zur Behandlung ins Krankenhaus. <a href=\"https:\/\/www.welt.de\/vermischtes\/article181308410\/Hambacher-Forst-Polizisten-mit-Molotowcocktails-angegriffen.html\">Am darauf folgenden Tag<\/a> werden die Beamten mit B\u00f6llern und Molotowcocktails beworfen; es kommt zu einer Festnahme. Der Hambacher Forst gilt als Symbol des Widerstandes gegen die Braunkohle .<\/p>\n<p align=\"left\">12.August: <b>Gewalt gegen Obdachlose:<\/b> <a href=\"https:\/\/www.sueddeutsche.de\/muenchen\/polizei-in-muenchen-toter-am-alten-nordfriedhof-entdeckt-1.4090737\">Auf einem ehemaligen Friedhof in M\u00fcnchen<\/a> (Bayern) wird die Leiche eines Obdachlosen mit \u201emassiven Kopfverletzungen\u201c gefunden. In Tatortn\u00e4he wird ein Tatverd\u00e4chtiger festgenommen. In Berlin wird <a href=\"https:\/\/www.berliner-zeitung.de\/berlin\/polizei\/toetungsdelikt-obdachloser-erliegt-kopfverletzungen---polizei-sucht-zeugen-31185238\">am 24. August<\/a> ein Obdachloser gefunden, der zwei Tage sp\u00e4ter im Krankenhaus stirbt und dessen Kopfverletzungen laut Obduktionsergebnis keine nat\u00fcrlichen Ursachen haben k\u00f6nnen.<\/p>\n<p align=\"left\">Die Zahl der Angriffe auf Obdachlose ist seit 2011 von 249 <a href=\"http:\/\/www.spiegel.de\/panorama\/justiz\/obdachlose-angriffe-auf-wohnungslose-nehmen-zu-a-1225138.html\">auf 592 F\u00e4lle in 2017 gestiegen<\/a>. Zudem gibt es seither 70 Ermittlungen wegen der T\u00f6tung von Obdachlosen. Die Bundesarbeitsgemeinschaft Wohnungslosenhilfe (BAGW) z\u00e4hlt f\u00fcr den gleichen Zeitraum fast 150 T\u00f6tungsdelikte.<\/p>\n<p align=\"left\">14. August: <b>\u201eReichsb\u00fcrger\u201c bei der Polizei:<\/b> Vor dem Verwaltungsgericht (VG) Trier (Rheinland-Pfalz) findet <a href=\"http:\/\/www.spiegel.de\/panorama\/justiz\/rheinland-pfalz-will-polizist-wegen-naehe-zu-reichsbuergern-entlassen-a-1223089.html\">ein Prozess gegen einen Polizisten statt<\/a>, den das Land wegen dessen N\u00e4he zu den \u201eReichsb\u00fcrgern\u201c aus dem Dienst entfernen will. Der Mann ist bereits seit November 2016 vom Dienst suspendiert. <a href=\"http:\/\/www.spiegel.de\/panorama\/justiz\/trier-reichsbuerger-darf-nicht-als-polizist-arbeiten-a-1225501.html\">Noch gleichen Tag<\/a> entscheidet das Gericht zugunsten des Landes. Gegen das Urteil ist Berufung m\u00f6glich. (<a href=\"https:\/\/www.juris.de\/jportal\/portal\/t\/hnf\/page\/homerl.psml?nid=jnachr-JUNA180802581&amp;cmsuri=%2Fjuris%2Fde%2Fnachrichten%2Fzeigenachricht.jsp\">Az: 3 K 2486\/18.TR<\/a>).<\/p>\n<p align=\"left\"><b>Bundesnachrichtendienst (BND):<\/b> <a href=\"https:\/\/www.tagesspiegel.de\/politik\/informationen-fuer-parlamentarier-bnd-beamter-wegen-geheimnisverrats-verurteilt\/22913536.html\">Ein Berliner AG verurteilt<\/a> einen BND-Mitarbeiter wegen Geheimnisverrat zu einer Geldstrafe von 8.000 EUR. Der Mann hatte 2014 einen CDU-Bundestagsabgeordneten dar\u00fcber informiert, dass im Reservistenverband der Bundeswehr zwei BND-Agenten t\u00e4tig seien.<\/p>\n<p align=\"left\"><b>Sammelabschiebung:<\/b> Vom Flughafen M\u00fcnchen (Bayern) werden <a href=\"https:\/\/www.sueddeutsche.de\/politik\/von-muenchen-nach-kabul-menschen-nach-afghanistan-abgeschoben-1.4092954\">46 Personen nach Afghanistan abgeschoben<\/a>. 600 bis 700 Menschen protestieren dagegen. Es ist die 15. Sammelabschiebung nach Afghanistan seit Dezember 2016; etwa 350 Afghanen wurden seither so abgeschoben.<\/p>\n<p align=\"left\">15. August: <b>Ermittlungen gegen Polizeibeamte:<\/b> Die Berliner StA <a href=\"https:\/\/www.morgenpost.de\/berlin\/article215092069\/Frau-gestorben-Polizei-fuhr-mit-Tempo-134-durch-die-Stadt.html\">ermittelt gegen zwei Polizisten<\/a> wegen fahrl\u00e4ssiger T\u00f6tung. Die Beamten hatten w\u00e4hrend einer Einsatzfahrt mit Blaulicht und Sirene einen Unfall verursacht, bei dem eine junge Frau starb.<\/p>\n<p align=\"left\"><b>Alternative f\u00fcr Deutschland (AfD):<\/b> Das Schiedsgericht der rechtspopulistischen AfD setzt den nieders\u00e4chsischen Landesvorsitzenden der AfD-Jugendorganisation \u201eJunge Alternative\u201c <a href=\"http:\/\/www.spiegel.de\/politik\/deutschland\/afd-lars-steinke-verliert-sein-amt-nach-stauffenberg-kritik-a-1223284.html\">mit sofortiger Wirkung ab<\/a>. Er hatte in einem facebook-Eintrag den Hitler-Attent\u00e4ter Claus von Stauffenberg einen \u201eFeigling\u201c und \u201eVerr\u00e4ter\u201c genannt. In Berlin kommt es <a href=\"https:\/\/www.morgenpost.de\/bezirke\/friedrichshain-kreuzberg\/article215105203\/Schiff-mit-AfD-Abgeordnetem-trifft-auf-Demo-Glaeser-fliegen.html\">am 15. August<\/a> bei einem zuf\u00e4lligen Zusammentreffen zwischen AfD-Anh\u00e4ngerInnen und DemonstrantInnen f\u00fcr die Seenotrettung im Mittelmeer zu Angriffen auf die Versammlung und Auseinandersetzungen. Es folgen mehreren Anzeigen gegen Beteiligte beider Seiten. <a href=\"http:\/\/www.spiegel.de\/politik\/deutschland\/afd-darf-franz-bergmueller-nicht-ausschliessen-a-1224239.html\">Am 21. August<\/a> verbietet das LG Berlin den Ausschluss eines bayerischen AfD-Mitgliedes aus der Bundespartei. In Chemnitz (Sachsen) ziehen <a href=\"http:\/\/www.spiegel.de\/politik\/deutschland\/chemnitz-rechte-marschieren-nach-tod-eines-36-jaehrigen-auf-a-1225028.html\">am 26. August<\/a> etwa 100 AfD-Anh\u00e4ngerInnen durch die Stadt. Ausl\u00f6ser ist eine Messerstecherei auf dem Stadtfest am Vorabend zwischen \u201eMenschen mehrerer Nationalit\u00e4ten\u201c bei der ein Mann get\u00f6tet worden war. Das Fest wird vorzeitig abgebrochen. Der AfD-Vorsitzende Alexander Gauland verteidigt die folgenden Chemnitzer Krawalle <a href=\"http:\/\/www.faz.net\/aktuell\/politik\/inland\/gauland-nennt-krawalle-in-chemnitz-selbstverteidigung-15761753.html\">am 29. August<\/a> als \u201eSelbstverteidigung\u201c. Zudem verbreitet die AfD an <a href=\"http:\/\/www.spiegel.de\/panorama\/justiz\/chemnitz-rechte-gruppierung-pro-chemnitz-postet-haftbefehl-gegen-iraker-a-1225445.html\">diesem Tag<\/a> einen, von der rechtsradikalen Gruppierung \u201ePro Chemnitz\u201c im Internet ver\u00f6ffentlichten Haftbefehl gegen einen der mutma\u00dflichen T\u00e4ter mit Namen und Tatumst\u00e4nden weiter. Die StA Dresden <a href=\"https:\/\/www.sueddeutsche.de\/politik\/2.220\/sachsen-ministerpraesident-kretschmer-lobt-super-job-der-polizei-1.4108763\">leitet Ermittlungen ein<\/a>. <a href=\"https:\/\/www.berliner-zeitung.de\/politik\/nach-vorfaellen-in-chemnitz-gauland-verteidigt-proteste-31194460\">Am 31. August<\/a> verteidigt der AfD-Vorsitzende Alexander Gauland die Chemnitzer Vorf\u00e4lle erneut: \u201eAusrasten ist nach einer solchen Tat legitim\u201c.<\/p>\n<p align=\"left\"><b>Rechtsradikale Demonstrationen und Kundgebungen:<\/b> <a href=\"https:\/\/www.berliner-zeitung.de\/berlin\/innensenator-geisel-neonazi-demo-durch-spandau-wird-nicht-verboten-31114222\">Berlins Innensenator Andreas Geisel (SPD) erkl\u00e4rt<\/a>, keine rechtliche M\u00f6glichkeit zu sehen, den geplanten rechtsradikalen Aufmarsch anl\u00e4sslich des Todestages von Hitler-Stellvertreter Rudolf He\u00df zu verbieten. <a href=\"https:\/\/www.berliner-zeitung.de\/berlin\/polizei\/rudolf-hess-aufmarsch-polizei-verweigert-neonazis-gewuenschte-strecke-in-spandau-31117036\">Am 16. August<\/a> \u00e4ndert die Berliner Polizei daraufhin die von den Neo-Nazis angemeldete Route und belegt die Demonstration mit strengen Auflagen. Daraufhin verlegen die Neo-Nazis ihren Aufmarsch mit rund 600 Beteiligten kurzfristig in einen anderen Stadtteil. <a href=\"https:\/\/www.morgenpost.de\/politik\/inland\/article215120053\/Demonstrationen-gegen-Neonazis-in-Berlin.html\">Einige tausend GegendemonstrantInnen versuchen<\/a>, den Marsch mit Sitzblockaden zu stoppen, die von der Polizei jedoch aufgel\u00f6st werden. Es kommt zu Stein- und Flaschenw\u00fcrfen. Die Polizei leitet <a href=\"https:\/\/www.berliner-zeitung.de\/berlin\/polizei\/koerperverletzung\u2014sachbeschaedigung-45-ermittlungsverfahren-nach-neonazi-aufmarsch-31131906\">45 Ermittlungsverfahren<\/a> ein. In Chemnitz (Sachsen) ziehen <a href=\"http:\/\/www.spiegel.de\/politik\/deutschland\/rechte-in-chemnitz-oberbuergermeisterin-entsetzt-polizei-offenbar-ueberfordert-a-1225042.html\">am 26. August<\/a> etwa 800 bis 1.000 RechtsextremistInnen durch die Stadt und greifen Migranten an. Ausl\u00f6ser ist die <a href=\"http:\/\/www.spiegel.de\/politik\/deutschland\/chemnitz-rechte-marschieren-nach-tod-eines-36-jaehrigen-auf-a-1225028.html\">Messerstecherei auf dem Stadtfest am Vorabend<\/a>. <a href=\"http:\/\/www.spiegel.de\/panorama\/justiz\/chemnitz-staatsanwaltschaft-beantragt-haftbefehl-fuer-zwei-maenner-a-1225153.html\">Am 27. August<\/a> erl\u00e4sst die StA gegen zwei nordafrikanische M\u00e4nner Haftbefehl wegen gemeinschaftlichem Totschlag. Am gleichen Tag kommt es in Chemnitz erneut zu Demonstrationen. Zun\u00e4chst demonstrieren rund 1.000 Personen gegen rechte Gewalt; sp\u00e4ter marschieren wieder mehrere 1.000 Rechte auf. <a href=\"http:\/\/www.spiegel.de\/politik\/deutschland\/chemnitz-wie-die-polizei-eine-stadt-den-rechten-ueberliess-a-1225238.html\">Am Abend<\/a> kommt es zu teils heftigen Auseinandersetzungen. Die in Unterzahl vorhandene Polizei ist \u00fcberfordert. Es werden 10 Ermittlungsverfahren wegen Zeigen des Hitlergru\u00dfes eingeleitet; <a href=\"http:\/\/www.spiegel.de\/politik\/deutschland\/chemnitz-zehn-ermittlungsverfahren-wegen-hitlergruss-a-1225294.html\">zu Festnahmen kommt es nicht<\/a>. <a href=\"http:\/\/www.spiegel.de\/panorama\/gesellschaft\/chemnitz-fluechtlingsrat-sagt-festival-ab-a-1225657.html\">Am 30. August<\/a> sagt der S\u00e4chsische Fl\u00fcchtlingsrat das in Chemnitz geplante Sommerfest ab, da die Sicherheit der Besucher nicht garantiert werden k\u00f6nne. Auf \u201eWeisung\u201c des Landes Sachsen wird ein f\u00fcr den 1. September geplantes Fu\u00dfballspiel der 2. Bundesliga <a href=\"http:\/\/www.faz.net\/aktuell\/politik\/inland\/zweitligaspiel-wegen-angekuendigter-proteste-in-chemnitz-abgesagt-15765682.html\">in Dresden abgesagt<\/a>. <a href=\"http:\/\/www.spiegel.de\/panorama\/justiz\/chemnitz-ausschreitungen-generalbundesanwalt-schaltet-sich-ein-a-1225936.html\">Am gleichen Tag<\/a> \u00fcbernimmt zudem der Generalbundesanwalt (GBA) die Ermittlungen zu den Chemnitzer Vorg\u00e4ngen.<\/p>\n<p align=\"left\">16. August: <b>Rechtsradikale Straftaten:<\/b> Vor dem AG Leipzig (Sachsen) <a href=\"https:\/\/www.sueddeutsche.de\/politik\/2.220\/prozess-gegen-rechtsextreme-ich-sag-bloss-connewitz-1.4092668\">beginnt der erste Prozess<\/a> gegen zwei mutma\u00dfliche T\u00e4ter der rechtsradikalen Ausschreitungen im Leipziger Stadtteil Connewitz im Januar 2016. Rund 250 Neo-Nazis waren damals durch das linke Viertel gezogen, hatten Fensterscheiben von Gesch\u00e4ften zerschlagen, Reizgas verspr\u00fcht und selbstgebastelte Sprengk\u00f6rper geworfen. Im ersten Halbjahr 2018 kam es zu <a href=\"https:\/\/www.sueddeutsche.de\/politik\/deutschland-angriffe-auf-muslime-und-moscheen-gehen-zurueck-1.4100392\">320 \u201eantimuslimischen\u201c Straftaten<\/a> mit 25 Verletzten (Vorjahreszeitraum 2017: etwa 500 mit 18 Verletzten). <a href=\"http:\/\/www.spiegel.de\/panorama\/justiz\/connewitz-haftstrafen-wegen-rechtsextremer-krawalle.in-leipzig-a-1224646.html\">Am 23. August<\/a> verurteilt das AG Leipzig (Sachsen) die Angeklagten wegen der Ausschreitungen in Connewitz wegen Landfriedensbruch in einem besonders schweren Fall zu Haftstrafen von einem Jahr und acht Monaten. Nach der t\u00f6dlich verlaufenen Messerstecherei auf einem Stadtfest in Chemnitz (Sachsen) ver\u00f6ffentlicht <a href=\"http:\/\/www.spiegel.de\/panorama\/justiz\/chemnitz-rechte-gruppierung-pro-chemnitz-postet-haftbefehl-gegen-iraker-a-1225445.html\">am 29. August<\/a> die rechte Gruppierung \u201ePro Chemnitz\u201c den Haftbefehl gegen einen der mutma\u00dflichen T\u00e4ter mit Namen und Tatumst\u00e4nden im Internet. Die StA Dresden <a href=\"https:\/\/www.sueddeutsche.de\/politik\/2.220\/sachsen-ministerpraesident-kretschmer-lobt-super-job-der-polizei-1.4108763\">leitet Ermittlungen ein<\/a>. <a href=\"http:\/\/www.spiegel.de\/panorama\/justiz\/chemnitz-bremer-abgeordneter-soll-haftbefehl-weiterverbreitet-haben-a-1225678.html\">Am gleichen Tag<\/a> l\u00e4sst die StA Bremen wegen des Verdachtes, den Chemnitzer Haftbefehl verbreitet zu haben, die Wohnung eines B\u00fcrgerschaftsabgeordneten der rechten W\u00e4hlervereinigung \u201eB\u00fcrger in Wut\u201c durchsuchen. <a href=\"http:\/\/www.spiegel.de\/panorama\/justiz\/chemnitz-jan-timke-raeumt-weiterverbreitung-des-haftbefehls-ein-a-1225778.html\">Am 30. August<\/a> best\u00e4tigt der Abgeordnete, den Haftbefehl-Post weiterverbreitet zu haben, bestreitet jedoch, der Urheber zu sein. <a href=\"http:\/\/www.spiegel.de\/panorama\/justiz\/chemnitz-weitergabe-von-haftbefehl-dresdener-justizbeamter-suspendiert-a-1225791.html\">Am gleichen Tag<\/a> teilt das S\u00e4chsische Justizministerium mit, dass ein Dresdner Justizbeamter den Haftbefehl fotografiert habe und mit sofortiger Wirkung vom Dienst suspendiert worden sei. <a href=\"http:\/\/www.spiegel.de\/politik\/deutschland\/dresden-fast-zehn-jahre-haft-wegen-anschlag-auf-moschee-a-1225996.html\">Am 31. August<\/a> verurteilt das LG Dresden einen Mann, der im September 2016 Sprengstoffanschl\u00e4ge auf eine Moschee und ein Kongresszentrum in Dresden ver\u00fcbt hatte, zu einer Haftstrafe von neun Jahren und acht Monaten. Der Mann war gest\u00e4ndig.<\/p>\n<p align=\"left\"><b>Demonstrationsrecht:<\/b> Das VG Ansbach (Bayern) erkl\u00e4rt ein, von der Stadt N\u00fcrnberg verh\u00e4ngtes Redeverbot f\u00fcr einen bestimmten Redner auf einer rechtsradikalen Versammlung, f\u00fcr rechtswidrig (<a href=\"https:\/\/www.juris.de\/jportal\/portal\/t\/c6j\/page\/homerl.psml?nid=jnachr-JUNA180802509&amp;cmsuri=%2Fjuris%2Fde%2Fnachrichten%2Fzeigenachricht.jsp\">Az: AN 4 S 18.01603<\/a>).<\/p>\n<p align=\"left\">18. August: <b>T\u00f6dlicher Pfefferspray-Einsatz:<\/b> <a href=\"http:\/\/www.faz.net\/aktuell\/gesellschaft\/kriminalitaet\/randalierer-stirbt-nach-pfefferspray-einsatz-der-polizei-15745566.html\">In Langenhagen<\/a> (Niedersachsen) wird die Polizei gerufen, weil ein Randalierer mit einer Eisenstange Autos besch\u00e4digt. Als er auch die Beamten angreift und sich heftig gegen seine Festnahme wehrt, setzen sie Pfefferspray ein. Der Mann bricht zusammen und stirbt sp\u00e4ter im Krankenhaus. <a href=\"http:\/\/www.taz.de\/Nach-Reizgas-Einsatz-der-Polizei\/!5527533\/\">Am 21. August<\/a> stirbt in einer psychiatrischen Klinik in Hamburg ein randalierender Patient nachdem er von Polizeibeamten mit Pfefferspray \u00fcberw\u00e4ltigt wurde. <a href=\"http:\/\/www.bundestag.de\/blob\/191580\/%20825a599710SfBaede09106fe71b92bce\/pfefferspray-data.pdf\">Ein Gutachten des Wissenschaftlichen Bundestags-Dienstes<\/a> weist seit l\u00e4ngerem auf \u201eindirekte gesundheitliche Gefahren\u201c beim Einsatz von Pfefferspray hin.<\/p>\n<p align=\"left\">19. August: <b>Missbrauch von Berliner Polizeicomputer:<\/b> <a href=\"https:\/\/www.berliner-zeitung.de\/berlin\/polizei\/sicherheitsluecke-wie-ermittler-polizeiinterne-daten-missbrauchen-31132814\">Durch Presseberichte wird bekannt<\/a>, dass im zentralen Berliner Computersystem eine Sicherheitsl\u00fccke besteht, die in der Vergangenheit in mindestens drei F\u00e4llen von PolizeibeamtInnen f\u00fcr private und kriminelle Interessen ausgenutzt wurde. Die Datenschutzbeauftragte pr\u00fcft den Fall.<\/p>\n<p align=\"left\">20. August: <b>Dschihadisten-Prozesse:<\/b> Das Oberlandesgericht (OLG) Hamburg <a href=\"https:\/\/www.sueddeutsche.de\/politik\/islamismus-is-rueckkehrer-aus-bremen-zu-haftstrafe-verurteilt-1.4098640\">verurteilt einen<\/a> im September 2017 festgenommenen IS-R\u00fcckkehrer zu einer Haftstrafe von vier Jahren und zwei Monaten. Vor dem Berliner Kammergericht (KG) erhebt die BAW <a href=\"https:\/\/www.morgenpost.de\/berlin\/article215156751\/Anklage-gegen-zwei-mutmassliche-Kriegsverbrecher-aus-dem-Irak.html\">am 23. August<\/a> gegen zwei irakische IS-K\u00e4mpfer Anklage wegen Kriegsverbrechen .<\/p>\n<p align=\"left\">21. August: <b>Rechtsextremismus:<\/b> <a href=\"https:\/\/www.tagesspiegel.de\/politik\/verfassungsschutz-immer-mehr-salafisten-und-reichsbuerger-in-berlin\/22936234.html\">Laut dem Jahresbericht 2017<\/a> des Berliner Verfassungsschutzes gibt es in der Stadt rund 700 gewaltbereite Rechtsextremisten. <a href=\"https:\/\/www.morgenpost.de\/politik\/inland\/article215140005\/Verbote-gegen-Neonazis-Rocker-und-Hamas-Helfer-bestaetigt.html\">Ebenfalls am 21. August<\/a> teilt das BVerfG mit, dass die im Jahre 2010 vom Bundesinnenministerium verbotene rechtsextreme \u201eHilfsorganisation f\u00fcr nationale politische Gefangene\u201c (HNG) verboten bleibt. In Chemnitz (Sachsen) ziehen <a href=\"http:\/\/www.spiegel.de\/politik\/deutschland\/rechte-in-chemnitz-oberbuergermeisterin-entsetzt-polizei-offenbar-ueberfordert-a-1225042.html\">am 26. August<\/a> etwa 800 bis 1.000 Rechtsextremisten durch die Stadt und greifen Migranten an. Ausl\u00f6ser ist eine Messerstecherei auf dem Stadtfest am Vorabend zwischen \u201eMenschen mehrerer Nationalit\u00e4ten\u201c bei der ein Mann get\u00f6tet worden war; bereits zuvor hatten etwa 100 AfD-Anh\u00e4nger demonstriert. Das Fest wird <a href=\"http:\/\/www.spiegel.de\/politik\/deutschland\/chemnitz-rechte-marschieren-nach-tod-eines-36-jaehrigen-auf-a-1225028.html\">vorzeitig abgebrochen<\/a>.<\/p>\n<p align=\"left\"><b>L<\/b><b>inksextremismus:<\/b> <a href=\"https:\/\/www.tagesspiegel.de\/politik\/verfassungsschutz-immer-mehr-salafisten-und-reichsbuerger-in-berlin\/22936234.html\">Die Zahl der LinksextremistInnen<\/a> liegt dem Jahresbericht 2017 des Berliner Verfassungsschutzes zufolge bei 1.450 (2016: 1.300. In Berlin besucht am 28. August eine Gruppe von Personen, die den Linksautonomen zugeordnet wird, die Senatsjustizverwaltung und bedroht angeblich einen Referatsleiter in dessen B\u00fcro. <a href=\"https:\/\/www.tagesspiegel.de\/berlin\/konflikt-um-rigaer-strasse-linksextreme-bedrohen-berliner-referatsleiter-im-buero\/22973730.html\">Sie k\u00f6nnen unerkannt entkommen<\/a>.<\/p>\n<p align=\"left\"><b>Salafismus:<\/b> Die Zahl der Salafisten wird im Jahresbericht 2017 des Berliner Verfassungsschutzes <a href=\"https:\/\/www.tagesspiegel.de\/politik\/verfassungsschutz-immer-mehr-salafisten-und-reichsbuerger-in-berlin\/22936234.html\">mit 950 angegeben<\/a> (2016: 840).<\/p>\n<p align=\"left\"><b>Rockerkriminalit\u00e4t:<\/b> <a href=\"https:\/\/www.morgenpost.de\/politik\/inland\/article215140005\/Verbote-gegen-Neonazis-Rocker-und-Hamas-Helfer-bestaetigt.html\">Das BVerfG teilt mit<\/a>, dass das vom Bundesinnenministerium verh\u00e4ngte Verbot der Rockergruppe \u201eHells Angels\u201c Bestand hat. Am Abend des 26. August h\u00e4lt an einer Ampel in Hamburg ein Fahrzeug neben dem Wagen des Hamburger Hells-Angels-Boss und <a href=\"https:\/\/www.mopo.de\/hamburg\/polizei\/mordanschlag-auf-dariusch-f\u2014wurde-der-hells-angels-boss-opfer-eines-rache-angriffs--31174690\">feuert auf diesen<\/a>. Der Rocker wird lebensgef\u00e4hrlich verletzt und im Krankenhaus unter Polizeischutz gestellt.<\/p>\n<p align=\"left\">24. August: <b>\u201eIdentit\u00e4re Bewegung\u201c:<\/b> Mitglieder der rechtsextremen \u201eIdentit\u00e4ren Bewegung\u201c haben von April 2017 bis August 2018 insgesamt <a href=\"https:\/\/www.berliner-zeitung.de\/politik\/koerperverletzung\u2014noetigung-identitaere-bewegung-begeht-mehr-als-100-straftaten-31158248\">114 Straftaten begangen<\/a>. <a href=\"https:\/\/www.sueddeutsche.de\/muenchen\/identitaere-bewegung-polizei-muenchen-1.4108081\">Am 25. August<\/a> findet in Dresden (Sachsen) ein Europatreffen der \u201eIdentit\u00e4ren Bewegung\u201c statt. Zur gleichen Zeit gr\u00f6len in M\u00fcnchen (Bayern) 15 Mitglieder der \u201eIdentit\u00e4ren\u201c Nazi-Parolen. Gegen sie wird wegen Volksverhetzung ermittelt.<\/p>\n<p align=\"left\">26. August: <b>Fremdenfeindliche Angriffe:<\/b> <a href=\"https:\/\/www.berliner-zeitung.de\/berlin\/polizei\/polizeibericht-weniger-heroin-und-kokain\u2014mehr-marihuana--31170486\">In Berlin<\/a> beleidigt ein Mann eine Familie zun\u00e4chst fremdenfeindlich und hetzt anschlie\u00dfend seinen Hund auf sie. In Sondershausen (Th\u00fcringen) beschimpfen <a href=\"https:\/\/www.morgenpost.de\/vermischtes\/article215220489\/Attacke-auf-Eritreer-Vier-Verdaechtige-aus-rechter-Szene.html\">am 29. August<\/a> vier M\u00e4nner einen Eritreer fremdenfeindlich und schlagen ihn zusammen. Die Hintergr\u00fcnde sind unklar, da alle Beteiligten aus dem Drogenmilieu bekannt sind. In Wismar (Mecklenburg-Vorpommern) beschimpfen <a href=\"https:\/\/www.tagesspiegel.de\/politik\/mecklenburg-vorpommern-unbekannte-schlagen-migranten-in-wismar-zusammen\/22974686.html\">am gleichen Tag<\/a> drei Unbekannte einen Migranten und schlagen ihn \u2013 u.a. mit einer Eisenkette zusammen. <a href=\"http:\/\/www.spiegel.de\/panorama\/justiz\/wismar-tatverdaechtiger-nach-attacke-auf-syrer-festgenommen-a-1225829.html\">Am 30. August<\/a> teilt die StA Wismar mit, dass ein Tatverd\u00e4chtiger vorl\u00e4ufig festgenommen wurde.<\/p>\n<p align=\"left\">27. August: <b>Ermittlungen gegen Dschihadisten:<\/b> <a href=\"http:\/\/www.faz.net\/aktuell\/politik\/inland\/mehr-ermittlungen-gegen-islamistischen-terrorverdaechtige-15757210.html\">Seit Jahresbeginn<\/a> bis Juli f\u00fchren die hessischen Sicherheitsbeh\u00f6rden 128 Ermittlungsverfahren gegen mutma\u00dfliche islamistische Gef\u00e4hrder (2017: 374; 2015\/2016: rund 100; 2014: 70; 2013: 52). Dies geht aus einer internen Statistik des Justizministeriums hervor.<\/p>\n<p align=\"left\"><b>Bayerische Grenzpolizei:<\/b> Bayerns Innenminister Joachim Hermann (CSU) <a href=\"https:\/\/www.tagesspiegel.de\/politik\/grenzkontrollen-bayerische-grenzpolizei-zieht-erste-bilanz\/22958062.html\">stellt die erste Bilanz der im Juli gegr\u00fcndeten Grenzpolizei vor<\/a>: Demnach wurden seither 1.750 Anzeigen wegen Straftaten und Ordnungswidrigkeiten erstattet und 500 Fahndungstreffer erzielt.<\/p>\n<p align=\"left\">28. August: <b>Terroranschlag auf Berliner Weihnachtsmarkt:<\/b> <a href=\"http:\/\/www.spiegel.de\/politik\/deutschland\/anschlag-in-berlin-verfassungssschutz-soll-spitzel-frueh-zu-anis-amri-befragt-haben-a-1225251.html\">Laut Presseberichten<\/a> soll das BfV bereits im Juni 2016 einen seiner V-Leute zu dem sp\u00e4teren Weihnachtsmarkt-Attent\u00e4ter Anis Amri befragt und ihm dabei auch Fotos und Telefonnummern vorgelegt haben. Solche Kontakte hatte die Bundesregierung im Februar 2017 bestritten. Durch weitere Medienrecherchen best\u00e4tigen sich diese Berichte. Danach hat BfV-P\u00e4sident Hans-Georg Maa\u00dfen im M\u00e4rz 2017 auch Berlins Innensenator Andreas Geisel (SPD) <a href=\"https:\/\/www.sueddeutsche.de\/politik\/anschlag-am-berliner-breitscheidplatz-verfassungsschutz-wollte-wohl-v-mann-in-amris-umfeld-verheimlichen-1.4110300\">dar\u00fcber informiert<\/a>. <a href=\"https:\/\/www.morgenpost.de\/berlin\/article215216869\/Innensenator-Andreas-Geisel-ueber-V-Mann-nicht-informiert.html\">Am 30. August<\/a> best\u00e4tigt die Berliner Innenverwaltung zwar ein Treffen zwischen Geisel und Maa\u00dfen, bestreitet jedoch jegliche Information.<\/p>\n<p align=\"left\"><b>Schleuserkriminalit\u00e4t:<\/b> <a href=\"http:\/\/www.spiegel.de\/panorama\/justiz\/esselborn-polizei-befreit-16-fluechtlinge-aus-lastwagen-a-1225414.html\">Auf einem Autobahnparkplatz bei Esselborn<\/a> (Rheinland-Pfalz) befreit die Polizei 16 afrikanische Fl\u00fcchtlinge aus dem Anh\u00e4nger eines Sattelzuges nachdem daraus Hilferufe geh\u00f6rt wurden. In mehreren St\u00e4dten in NRW durchsucht die BPol <a href=\"http:\/\/www.spiegel.de\/panorama\/justiz\/nordrhein-westfalen-razzia-gegen-schleuser-sie-indern-bleiberecht-verkauften-a-1225521.html\">am 29. August<\/a> insgesamt 21 Wohnungen; ein mutma\u00dflicher Schleuser wird festgenommen und sechs eingeschleuste Inder in Abschiebehaft genommen.<\/p>\n<p align=\"left\"><b>Tattoos kein Einstellungshindernis:<\/b> Das OVG Berlin-Brandenburg entscheidet, dass sichtbare, aber nicht zu beanstandende T\u00e4towierungen kein Einstellungshindernis f\u00fcr den Polizeidienst sind und weist damit eine Beschwerde der Berliner Polizei auf ein vorheriges Urteil des VG Berlin zur\u00fcck. Hierzu bed\u00fcrfe es einer gesetzlichen Grundlage (<a href=\"https:\/\/dejure.org\/dienste\/vernetzung\/rechtsprechung?Gericht=VG%20D%FCsseldorf&amp;Datum=24.08.2017&amp;Aktenzeichen=2%20L%203279\/17\">Az: 4 S 36.18<\/a>).<\/p>\n<p align=\"left\">29. August: <b>Polizeischuss:<\/b> Nachdem der Einsatz von Pfefferspray erfolglos bleibt, <a href=\"http:\/\/www.spiegel.de\/panorama\/justiz\/flensburg-polizist-schiesst-offenbar-bewaffneten-mann-ins-bein-a-1225575.html\">schie\u00dft in Flensburg<\/a> (Schleswig-Holstein) ein Polizist einem psychisch auff\u00e4lligem Mann, der sich selbst schwere Schnittwunden zuf\u00fcgt, ins Bein.<\/p>\n<p align=\"left\">30. August: <b>Demonstrationen gegen rechte Gewalt:<\/b> Nach den Vorf\u00e4llen in Chemnitz (Sachsen) demonstrieren in Berlin <a href=\"https:\/\/www.berliner-zeitung.de\/berlin\/demo-gegen-rechte-ausschreitungen-gut-5000-menschen-protestieren-in-neukoelln-31192930\">rund 5.000 Menschen gegen rechte Gewalt<\/a>. Erneut treffen sich <a href=\"https:\/\/www.morgenpost.de\/berlin\/polizeibericht\/article215222373\/Rund-1000-Menschen-demonstrieren-gegen-Rechtsextremismus.html\">am 31. August<\/a> rund 1.000 Menschen vor der S\u00e4chsischen Landesvertretung in Berlin um gegen die Chemnitzer Vorg\u00e4nge zu demonstrieren.<\/p>\n<p align=\"left\"><b>Rechtsradikale Polizisten:<\/b> <a href=\"http:\/\/www.spiegel.de\/politik\/deutschland\/rosenheim-bundespolizisten-sollen-hitlergru\u00df-gezeigt-haben-a-1226091.html\">In einem Lokal in Rosenheim<\/a> (Bayern) fallen mehrere \u201eoffenbar alkoholisierte Personen\u201c durch fremdenfeindliche Parolen und den Hitlergru\u00df auf. Laut den bisherigen Ermittlungen handelt es sich dabei um zwei BPol-Beamte und ein Mitglied der Sicherheitswacht.<\/p>\n<h3 align=\"left\">Beitragsbild: <a href=\"https:\/\/commons.wikimedia.org\/wiki\/User:Sicherlich\">Ralf Lotys<\/a> (Sicherlich), <a href=\"https:\/\/commons.wikimedia.org\/wiki\/File:2018-08_-_Dresden_01_Pegizei.jpg\" target=\"_blank\" rel=\"noopener\">2018-08 &#8211; Dresden 01 Pegizei<\/a>, <a href=\"https:\/\/creativecommons.org\/licenses\/by\/4.0\/legalcode\" target=\"_blank\" rel=\"license noopener\">CC BY 4.0<\/a><\/h3>\n","protected":false},"excerpt":{"rendered":"<p>zusammengestellt von Otto Diederichs 1. August: \u201eAnkerzentren\u201c: In allen sieben Regierungsbezirken Bayerns werden so genannte<\/p>\n","protected":false},"author":2,"featured_media":14512,"comment_status":"open","ping_status":"open","sticky":false,"template":"","format":"standard","meta":{"footnotes":""},"categories":[6],"tags":[667,820,1094,1186,1195,1216],"class_list":["post-14509","post","type-post","status-publish","format-standard","has-post-thumbnail","hentry","category-chronologien","tag-geheimdienste","tag-justiz","tag-polizei","tag-rassismus","tag-rechtsextremismus","tag-repression"],"_links":{"self":[{"href":"https:\/\/wp-dev.daten.cool\/index.php?rest_route=\/wp\/v2\/posts\/14509","targetHints":{"allow":["GET"]}}],"collection":[{"href":"https:\/\/wp-dev.daten.cool\/index.php?rest_route=\/wp\/v2\/posts"}],"about":[{"href":"https:\/\/wp-dev.daten.cool\/index.php?rest_route=\/wp\/v2\/types\/post"}],"author":[{"embeddable":true,"href":"https:\/\/wp-dev.daten.cool\/index.php?rest_route=\/wp\/v2\/users\/2"}],"replies":[{"embeddable":true,"href":"https:\/\/wp-dev.daten.cool\/index.php?rest_route=%2Fwp%2Fv2%2Fcomments&post=14509"}],"version-history":[{"count":0,"href":"https:\/\/wp-dev.daten.cool\/index.php?rest_route=\/wp\/v2\/posts\/14509\/revisions"}],"wp:featuredmedia":[{"embeddable":true,"href":"https:\/\/wp-dev.daten.cool\/index.php?rest_route=\/wp\/v2\/media\/14512"}],"wp:attachment":[{"href":"https:\/\/wp-dev.daten.cool\/index.php?rest_route=%2Fwp%2Fv2%2Fmedia&parent=14509"}],"wp:term":[{"taxonomy":"category","embeddable":true,"href":"https:\/\/wp-dev.daten.cool\/index.php?rest_route=%2Fwp%2Fv2%2Fcategories&post=14509"},{"taxonomy":"post_tag","embeddable":true,"href":"https:\/\/wp-dev.daten.cool\/index.php?rest_route=%2Fwp%2Fv2%2Ftags&post=14509"}],"curies":[{"name":"wp","href":"https:\/\/api.w.org\/{rel}","templated":true}]}}