{"id":14545,"date":"2018-09-27T22:18:16","date_gmt":"2018-09-27T22:18:16","guid":{"rendered":"https:\/\/www.cilip.de\/?p=14545"},"modified":"2018-09-27T22:18:16","modified_gmt":"2018-09-27T22:18:16","slug":"kein-notstand-neue-verschiebungen-im-verhaeltnis-von-polizei-und-militaer","status":"publish","type":"post","link":"https:\/\/wp-dev.daten.cool\/?p=14545","title":{"rendered":"Kein Notstand. Neue Verschiebungen im Verh\u00e4ltnis von Polizei und Milit\u00e4r"},"content":{"rendered":"<p><strong>Release-Veranstaltung zum CILIP-Heft 116 \u201eMilitarisierung und Verpolizeilichung\u201c<\/strong><\/p>\n<p>Mit den Notstandsgesetzen wurde 1968 zwar der innere Einsatz des Milit\u00e4rs verfassungsrechtlich abgesichert. Der \u201eVerteidigungsfall\u201c und der \u201einnere Notstand\u201c und damit der bewaffnete Einsatz der Bundeswehr im Innern blieben der BRD jedoch erspart. Gleichzeitig bildeten die Notstandsgesetze die Voraussetzung f\u00fcr eine Entmilitarisierung der Polizei: Bereits 1968 beschloss die Innenministerkonferenz, die Granatwerfer der Bereitschaftspolizeien der L\u00e4nder zu verschrotten. Bis Ende der 1970er Jahre hatten die meisten Landespolizeien auch ihre Handgranaten und Maschinengewehre abgegeben oder eingemottet.<\/p>\n<blockquote class=\"alignright\"><p>Freitag, 19. Oktober, 19 Uhr<br \/>\nLichthof im Hauptgeb\u00e4ude der Humboldt-Universit\u00e4t<br \/>\nUnter den Linden 6, Berlin<\/p><\/blockquote>\n<p>Im Januar 2017, zwei Wochen nach dem Anschlag auf den Weihnachtsmarkt an der Berliner Ged\u00e4chtniskirche, gab der damalige Bundesinnenminister Thomas de Maizi\u00e8re in der FAZ \u201eLeitlinien f\u00fcr einen starken Staat\u201c aus und warb darin unter anderem f\u00fcr den Einsatz der Bundeswehr in \u201enationalen Katastrophenf\u00e4llen\u201c. Zwei Monate sp\u00e4ter fand eine erste gemeinsame Terrorabwehr-\u00dcbung von Polizei und Milit\u00e4r statt. Seit 2017 schwappt eine Welle neuer Polizeigesetze durchs Land, geplant sind darin unter anderem \u201eExplosivmittel\u201c f\u00fcr die Sondereinheiten. Stehen wir also p\u00fcnktlich zum 50. Jubil\u00e4um der Notstandsgesetze vor einer neuen Militarisierung im Innern?<\/p>\n<p><strong>Heiner Busch, CILIP-Redakteur.<\/strong> Schrieb zu Notstandsgesetzen und der Aufr\u00fcstung der Polizei mit neuen Waffen.<\/p>\n<p><strong>Stephanie Schmidt, Kulturanthropologin.<\/strong> Schrieb zum Verh\u00e4ltnis von Wirtschaft und Polizei auf dem Europ\u00e4ischen Polizeikongress.<\/p>\n<p><strong>Fabien Jobard, Forscher.<\/strong> Schrieb zur militarisierten Polizei in Frankreich.<\/p>\n<p><strong>Moderation: Dirk Burczyk.<\/strong> CILIP-Redakteur. Schrieb zur aktuellen Aus- und Aufr\u00fcstung deutscher Polizeien.<\/p>\n<p><em>Veranstaltet vom Institut f\u00fcr B\u00fcrgerrechte &amp; \u00f6ffentliche Sicherheit e.V.\/ Zeitschrift B\u00fcrgerrechte &amp; Polizei\/CILIP<\/em><\/p>\n<p><em>Hier der <a href=\"http:\/\/archiv.cilip.de\/Veranstaltungen\/20181019_Kein_Notstand.pdf\">Flyer zur Veranstaltung<\/a>.<\/em><\/p>\n<h4>Heiner Busch, Fabien Jobard, Dirk Burczyk:<\/h4>\n<audio class=\"wp-audio-shortcode\" id=\"audio-14545-1\" preload=\"none\" style=\"width: 100%;\" controls=\"controls\"><source type=\"audio\/mpeg\" src=\"http:\/\/archiv.cilip.de\/Audio\/20181019_Militarisierung.mp3?_=1\" \/><a href=\"http:\/\/archiv.cilip.de\/Audio\/20181019_Militarisierung.mp3\">http:\/\/archiv.cilip.de\/Audio\/20181019_Militarisierung.mp3<\/a><\/audio>\n<h4>Diskussion (Antworten):<\/h4>\n<audio class=\"wp-audio-shortcode\" id=\"audio-14545-2\" preload=\"none\" style=\"width: 100%;\" controls=\"controls\"><source type=\"audio\/mpeg\" src=\"http:\/\/archiv.cilip.de\/Audio\/20181019_Militarisierung_Antworten.mp3?_=2\" \/><a href=\"http:\/\/archiv.cilip.de\/Audio\/20181019_Militarisierung_Antworten.mp3\">http:\/\/archiv.cilip.de\/Audio\/20181019_Militarisierung_Antworten.mp3<\/a><\/audio>\n<p><em>Veranstaltet vom Institut f\u00fcr B\u00fcrgerrechte &amp; \u00f6ffentliche Sicherheit e.V.\/ Zeitschrift B\u00fcrgerrechte &amp; Polizei\/CILIP<\/em><\/p>\n","protected":false},"excerpt":{"rendered":"<p>Release-Veranstaltung zum CILIP-Heft 116 \u201eMilitarisierung und Verpolizeilichung\u201c Mit den Notstandsgesetzen wurde 1968 zwar der innere<\/p>\n","protected":false},"author":2,"featured_media":14548,"comment_status":"open","ping_status":"open","sticky":false,"template":"","format":"standard","meta":{"footnotes":""},"categories":[150],"tags":[],"class_list":["post-14545","post","type-post","status-publish","format-standard","has-post-thumbnail","hentry","category-veranstaltungen"],"_links":{"self":[{"href":"https:\/\/wp-dev.daten.cool\/index.php?rest_route=\/wp\/v2\/posts\/14545","targetHints":{"allow":["GET"]}}],"collection":[{"href":"https:\/\/wp-dev.daten.cool\/index.php?rest_route=\/wp\/v2\/posts"}],"about":[{"href":"https:\/\/wp-dev.daten.cool\/index.php?rest_route=\/wp\/v2\/types\/post"}],"author":[{"embeddable":true,"href":"https:\/\/wp-dev.daten.cool\/index.php?rest_route=\/wp\/v2\/users\/2"}],"replies":[{"embeddable":true,"href":"https:\/\/wp-dev.daten.cool\/index.php?rest_route=%2Fwp%2Fv2%2Fcomments&post=14545"}],"version-history":[{"count":0,"href":"https:\/\/wp-dev.daten.cool\/index.php?rest_route=\/wp\/v2\/posts\/14545\/revisions"}],"wp:featuredmedia":[{"embeddable":true,"href":"https:\/\/wp-dev.daten.cool\/index.php?rest_route=\/wp\/v2\/media\/14548"}],"wp:attachment":[{"href":"https:\/\/wp-dev.daten.cool\/index.php?rest_route=%2Fwp%2Fv2%2Fmedia&parent=14545"}],"wp:term":[{"taxonomy":"category","embeddable":true,"href":"https:\/\/wp-dev.daten.cool\/index.php?rest_route=%2Fwp%2Fv2%2Fcategories&post=14545"},{"taxonomy":"post_tag","embeddable":true,"href":"https:\/\/wp-dev.daten.cool\/index.php?rest_route=%2Fwp%2Fv2%2Ftags&post=14545"}],"curies":[{"name":"wp","href":"https:\/\/api.w.org\/{rel}","templated":true}]}}