{"id":14553,"date":"2018-10-04T16:34:46","date_gmt":"2018-10-04T16:34:46","guid":{"rendered":"https:\/\/www.cilip.de\/?p=14553"},"modified":"2018-10-04T16:34:46","modified_gmt":"2018-10-04T16:34:46","slug":"chronologie-september-2018","status":"publish","type":"post","link":"https:\/\/wp-dev.daten.cool\/?p=14553","title":{"rendered":"Chronologie September 2018"},"content":{"rendered":"<h3>zusammengestellt von Otto Diederichs<\/h3>\n<p>1. September: <b>Rechtsradikale Demonstrationen und Kundgebungen:<\/b> In Chemnitz (Sachsen) <a href=\"http:\/\/www.spiegel.de\/politik\/deutschland\/chemnitz-tausende-menschen-demonstrieren-polizei-teigt-starke-praesenz-a-1226108.html\">demonstrieren rund 4.500 Personen<\/a> in einem gemeinsamen Marsch der rechtspopulistischen Partei \u201eAlternative f\u00fcr Deutschland\u201c (AfD), der rechtsextremen \u201ePatriotischen Europ\u00e4er gegen die Islamisierung des Abendlandes\u201c (Pegida) und der rechtsradikalen B\u00fcrgerbewegung \u201ePro Chemnitz\u201c gegen die Fl\u00fcchtlingspolitik der Bundesregierung. Hintergrund ist wiederum die Messerstecherei auf dem Chemnitzer Stadtfest mit einem Toten im August. Die Gegendemonstration eines breiten demokratischen B\u00fcndnisses z\u00e4hlt etwa 3.500 Personen. Ein Fernseh-Team, dass die Demonstration von einem Balkon aus filmt, wird angegriffen und verletzt. <a href=\"http:\/\/www.spiegel.de\/politik\/deutschland\/soeren-bartol-spd-politiker-besuchergruppe-von-rechtradikalen-ueberfallen-a-1226126-druck.html)\">Auch an anderen Stellen<\/a> kommt es zu Angriffen auf Journalisten und eine SPD-Gruppe sowie am Abend zu Auseinandersetzungen \u201ezwischen Kleingruppen von St\u00f6rern beider politischen Lager\u201c. 18 Menschen <a href=\"https:\/\/www.berliner-zeitung.de\/politik\/18-verletzte-polizei-zieht-bilanz-in-chemnitz---naechste-grossveranstaltung-steht-an-31202132\">werden verletzt<\/a>. Zudem wird am Rande der rechten Demonstration ein junger Afghane von einer Gruppe Vermummter <a href=\"https:\/\/www.morgenpost.de\/politik\/article215231563\/Vermummte-jagen-in-Chemnitz-Fluechtling-und-pruegeln-ihn.html\">zusammengeschlagen<\/a>. Parallel dazu folgen in Plauen (Sachsen) rund 500 bis 800 Personen einem Demonstrationsaufruf der rechten Gruppierung \u201eIII. Weg\u201c (GegendemonstrantInnen: <a href=\"https:\/\/www.tagesspiegel.de\/politik\/sachsen-nazi-parole-in-plauen-bleibt-straffrei\/23017044.html\">rund 250<\/a>). An einer rechtsradikalen \u201eMerkel muss weg\u201c-Kundgebung nehmen <a href=\"https:\/\/www.morgenpost.de\/politik\/inland\/article215263507\/Tausende-demonstrieren-gegen-rechte-Kundgebung-in-Hamburg.html\">am 5. September<\/a> 125 Personen teil (Gegendemonstranten: rund 10.000). <!--more-->Durch Presseberichte wird am 6. September bekannt, dass die Staatsanwaltschaft (StA) Chemnitz in Zusammenhang mit den Ausschreitungen inzwischen <a href=\"http:\/\/www.spiegel.de\/politik\/deutschland\/chemnitz-bei-der-staatsanwaltschaft-laufen-120-ermittlungsverfahren-a-1226930.html\">120 Ermittlungsverfahren<\/a> wegen Landfriedensbruch, Zeigen des Hitlergru\u00dfes bis hin zu K\u00f6rperverletzung f\u00fchrt. <a href=\"http:\/\/www.spiegel.de\/politik\/deutschland\/hans-georg-maassen-sieht-keine-beweise-fuer-hetzjagd-in-chemnitz-a-1226949.html\">Am 7. September<\/a> erkl\u00e4rt der Pr\u00e4sident des Bundesamtes f\u00fcr Verfassungsschutzes (BfV), Hans-Georg Maa\u00dfen, er habe Zweifel daran, dass es sich bei den Filmaufnahmen zu den in Chemnitz stattgefundenen Ausschreitungen und Hetzjagden um authentisches Material handele. Die Generalstaatsanwaltschaft (GStA) Dresden (Sachsen) <a href=\"https:\/\/www.tagesspiegel.de\/sport\/video-von-hetzjagd-in-chemnitz-generalstaatsanwaltschaft-dresden-wiederspricht-maassen\/23012084.html\">widerspricht dem<\/a> noch am gleichen Tage: \u201eWir haben keine Anhaltspunkte daf\u00fcr, dass das Video ein Fake sein k\u00f6nnte\u201c. An einer erneuten rechtspopulistischen Demonstration nehmen am Abend <a href=\"http:\/\/www.spiegel.de\/politik\/deutschland\/chemnitz-tausende-gehen-erneut-auf-die-strasse-a-1227148.html\">des 7. September<\/a> rund 2.350 Personen teil (Gegendemonstration etwa 1.000). Am 8. September wird bekannt, dass es am Rande der Chemnitzer Krawalle Ende August auch zu einem <a href=\"http:\/\/www.spiegel.de\/politik\/deutschland\/chemnitz-offenbar-attacke-auf-juedisches-restaurant-waehrend-krawalle-a-1227153.html\">Angriff auf ein j\u00fcdisches Restaurant<\/a> gekommen ist. In K\u00f6then (Sachsen-Anhalt) versammeln sich <a href=\"https:\/\/www.tagesspiegel.de\/politik\/nach-dem-tod-eines-22-jaehrigen-zehn-anzeigen-und-500-rechtsextreme-bei-kundgebung-in-koethen\/23017982.html\">am 9. September<\/a> rund 2.500 Menschen, darunter etwa <a href=\"http:\/\/www.spiegel.de\/panorama\/justiz\/koethen-nach-tod-eines-22-jaehrigen-marschieren-rechte-durch-die-stadt-a-1227272.html\">500 Rechtsextreme<\/a> zu einer rechten Kundgebung; sie bleibt weitgehend friedlich. Dennoch nimmt die Polizei <a href=\"https:\/\/www.tagesspiegel.de\/politik\/nach-dem-tod-eines-22-jaehrigen-zehn-anzeigen-und-500-rechtsextreme-bei-kundgebung-in-koethen\/23017982.html\">10 Anzeigen<\/a> wegen Volksverhetzung, Beleidigung und anderer Straftaten auf. Hintergrund ist ein t\u00f6dlich verlaufener Streit zwischen einem Deutschen und zwei Afghanen. Durch Presseberichte wird <a href=\"https:\/\/www.tagesspiegel.de\/politik\/sachsen-nazi-parole-in-plauen-bleibt-straffrei\/23017044.html\">am 10. September<\/a> bekannt, dass die StA Anzeigen wegen Volksverhetzung w\u00e4hrend der \u201eIII. Weg\u201c-Demonstration in Plauen (Sachsen) nicht weiter bearbeiten wird, da es \u201ean zureichenden tats\u00e4chlichen Anhaltspunkten\u201c fehle. Nach einer rechten Demonstration in Halle (Sachsen-Anhalt) mit mehreren 100 Personen leitet die StA <a href=\"http:\/\/www.spiegel.de\/politik\/deutschland\/halle-polizei-sachsen-anhalt-ermittelt-wegen-hitlergruss-a-1227508.html\">14 Ermittlungsverfahren<\/a> wegen Verwendung verfassungsfeindlicher Kennzeichen sowie wegen K\u00f6rperverletzung ein. An einer Demonstration der rechtspopulistischen Bewegung \u201ePro Chemnitz\u201c <a href=\"https:\/\/www.berliner-zeitung.de\/politik\/ohne-zwischenfaelle-3500-demo-teilnehmer-marschieren-durch-chemnitz-31270152\">am 14. September<\/a> beteiligen sich rund 3.500 Personen; sie bleibt st\u00f6rungsfrei. In K\u00f6then (Sachsen-Anhalt) folgen <a href=\"http:\/\/www.spiegel.de\/politik\/deutschland\/koethen-1300-menschen-bei-rechtsgerichteter-demo-a-1228383.html\">am 16. September<\/a> etwa 1.300 Menschen einer rechtsgerichteten Demonstration von Pegida Dresden und dem rechten Brandenburger Verein \u201eZukunft Heimat\u201c (Gegendemonstranten: <a href=\"http:\/\/www.spiegel.de\/politik\/deutschland\/koezhen-kundgebung-rechter-gruppierungen-hat-begonnen-a-1228378.html\">600-800<\/a>). In Gelsenkirchen (NRW) demonstrieren am gleichen Tag etwa <a href=\"http:\/\/www.spiegel.de\/politik\/deutschland\/proteste-gegen-rechts-tausende-gehen-in-nrw-auf-die-strasse-a-1228379.html\">350 Personen<\/a>. Aus einer Demonstration des rechtspopulistischen B\u00fcndnis \u201ePro Chemnitz\u201c <a href=\"http:\/\/www.spiegel.de\/politik\/deutschland\/chemnitz-angriff-auf-parteibuero-der-linken-waehrend-pro-chemnitz-demo-a-1229495.html\">am 21. September<\/a> in Chemnitz (Sachsen) mit rund 2.000 Teilnehmern heraus wird das Parteib\u00fcro der Linkspartei angegriffen (Gegendemonstranten: etwa 400). Auch in Dortmund (NRW) finden am 21. September zwei rechtsextremistische Versammlungen statt. Auf der Neonazi-Demonstration mit rund 100 Teilnehmer werden dabei <a href=\"https:\/\/www.tagesspiegel.de\/politik\/rechte-vorfaelle-in-dortmund-und-chemnitz-nazis-bruesten-sich-mit-antisemitismus\/23100866.html\">offen antisemitische Parolen<\/a> skandiert.<\/p>\n<p><b>Rechtsradikale Straftaten:<\/b> In einer Berliner B\u00e4ckerei beleidigt ein Mann die Verk\u00e4uferin und <a href=\"https:\/\/www.morgenpost.de\/berlin\/polizeibericht\/article215228909\/Mann-ruft-Sieg-Heil-in-Baeckerei-Staatsschutz-ermittelt.html\">ruft: \u201eSieg Heil\u201c<\/a>; die Polizei ermittelt wegen Verwendung von Kennzeichen verfassungsfeindlicher Kennzeichen. In Essen (NRW) <a href=\"https:\/\/www.sueddeutsche.de\/politik\/rechte-gewalt-das-ist-wie-eine-welle-1.4134135\">beleidigen und verpr\u00fcgeln<\/a> am gleichen Tag zwei M\u00e4nner einen Politiker der Linkspartei und den ihn begleitenden Fl\u00fcchtling. <a href=\"https:\/\/www.berliner-zeitung.de\/berlin\/polizei\/polizeibericht-staatsschutz-ermittelt-nach-hitlergruss--31212788\">Am 3. September<\/a> l\u00e4uft in Berlin ein Mann durch die Stadt und zeigt dabei den Hitlergru\u00df. Er wird festgenommen. Ebenfalls an diesem Tag greift in Rostock (Mecklenburg-Vorpommern) ein Mann drei ausl\u00e4ndische Studenten <a href=\"https:\/\/www.sueddeutsche.de\/politik\/rechte-gewalt-das-ist-wie-eine-welle-1.4134135\">mit einem Kn\u00fcppel an<\/a>. Im Rahmen eines Polizeieinsatzes in Berlin zeigen zwei M\u00e4nner <a href=\"https:\/\/www.berliner-zeitung.de\/berlin\/polizei\/polizeibericht-mann-zeigt-polizisten-hitlergruss-und-nackten-hintern-31235778\">am 7. September<\/a> den Beamten den Hitlergru\u00df. Die Polizei stellt ihre Personalien fest und erteilt einen Platzverweis.<\/p>\n<p><a href=\"https:\/\/www.berliner-zeitung.de\/politik\/hitlergruss-bei-demo--erster-prozess-im-schnellverfahren-31259044\">Am 13. September<\/a> beginnt vor dem Amtsgericht (AG) Chemnitz (Sachsen) der Prozess gegen einen Mann, der auf der Demonstration aus Anlass der T\u00f6tung eines Mannes auf dem Stadtteilfest, den Hitlergru\u00df gezeigt hatte. Er wird noch am gleichen Tag zu <a href=\"http:\/\/www.spiegel.de\/panorama\/justiz\/chemnitz-hitlergruss-bei-demo-bewaehrungsstrafe-fuer-33-jaehrigen-a-1227924.html\">acht Monaten Haft auf Bew\u00e4hrung und 2.000 EUR Geldstrafe<\/a> verurteilt. Am <a href=\"http:\/\/www.spiegel.de\/panorama\/justiz\/chemnitz-34-jaehriger-wegen-hitlergruss-zu-haftstrafe-verurteilt-a-1228127.html\">14. September<\/a> verurteilt das AG Chemnitz (Sachsen) einen zweiten Mann wegen mehrfachen Zeigens des Hitlergru\u00dfes zu f\u00fcnf Monaten ohne Bew\u00e4hrung. Am 24. September verurteilt das Landgericht (LG) Leipzig (Sachsen) einen Rechtsradikalen, der im Juli 2017 in Torgau auf einen Syrer geschossen hatte, zu <a href=\"http:\/\/www.spiegel.de\/panorama\/justiz\/torgau-schuesse-auf-fluechtling-so-faellt-das-urteil-gegen-den-taeter-aus-a-1229796.html\">13 Jahren Haft und anschlie\u00dfender Sicherheitsverwahrung<\/a>. Das Opfer hatte damals nur durch eine Notoperation \u00fcberlebt. Erneut verurteilt das AG Chemnitz (Sachsen) <a href=\"http:\/\/www.spiegel.de\/panorama\/justiz\/chemnitz-mann-wegen-hitlergruss-zu-geldstrafe-verurteilt-a-1230460.html\">am 27. September<\/a> einen Mann wegen Zeigens des Hitlergru\u00dfes bei einer rechtsgerichteten Kundgebung. Er erh\u00e4lt eine Geldstrafe in H\u00f6he von 4.200 EUR. Als ein Journalist <a href=\"http:\/\/www.spiegel.de\/politik\/deutschland\/naumburg-journalist-offenbar-von-rechten-mit-messer-attackiert-a-1231110.html\">am 28 September<\/a> in Naumburg (Sachsen-Anhalt) drei Jugendliche nach beleidigenden Gesten zur Rede stellen will, zeigt einer den Hitlergru\u00df und ein anderer sticht ihm ein Messer in den Bauch.<\/p>\n<p align=\"left\"><b>Rechtsradikale <\/b><b>und fremdenfeindliche <\/b><b>Angriffe auf Fl\u00fcchtlinge:<\/b> Am Rande einer rechten Demonstration in Chemnitz (Sachsen) wird ein junger Afghane von einer Gruppe Vermummter <a href=\"https:\/\/www.morgenpost.de\/politik\/article215231563\/Vermummte-jagen-in-Chemnitz-Fluechtling-und-pruegeln-ihn.html\">zusammengeschlagen<\/a>. Am <a href=\"http:\/\/www.spiegel.de\/panorama\/justiz\/chemnitzer-polizei-ermittelt-wegen-angriffs-auf-tunesier-a-1228229.html\">12. September<\/a> schlagen in Chemnitz (Sachsen) vier M\u00e4nner einen Tunesier zusammen und beschimpfen ihn rassistisch. In M\u00fcnchen (Bayern) bedroht <a href=\"https:\/\/www.sueddeutsche.de\/politik\/rechte-gewalt-das-ist-wie-eine-welle-1.4134135\">am 14. September<\/a> ein Mann einen Nigerianer und spr\u00fcht ihm Pfefferspray ins Gesicht.<\/p>\n<p>2. September: <b>Rechtsradikal<\/b><b>ismus<\/b><b>:<\/b> Zu einer von der NPD angemeldeten Kundgebung in M\u00fcnchen (Bayern) erscheinen lediglich neun Personen; die Gegendemonstration umfasst etwa <a href=\"https:\/\/www.sueddeutsche.de\/muenchen\/npd-kundgebung-am-marienplatz-ein-knappes-dutzend-rechte-trifft-auf-gegendemonstranten-1.4113848\">300 Menschen<\/a>. Am <a href=\"http:\/\/www.spiegel.de\/panorama\/justiz\/salzwedel-vermummte-stuermen-club-angriff-von-rechtsextremen-a-1227198.html\">8. September<\/a> st\u00fcrmen in Salzwedel (Niedersachsen) 10 vermummte Rechtsradikale ein Lokal, das als Treffpunkt der linken Szene gilt. Eine Person wird leicht verletzt; ein Tatverd\u00e4chtiger kann festgenommen werden. <a href=\"http:\/\/www.spiegel.de\/panorama\/gesellschaft\/wiesloch-auslaender-beleidigt-und-angegriffen-vor-eisdiele-a-1227368.html\">Am 9. September<\/a> kommt es bei einem so genannten Junggesellenabschied in Wiesloch (Baden-W\u00fcrttemberg) zu ausl\u00e4nderfeindlichen Rufen. Das AG Neumarkt (Bayern) verurteilt <a href=\"https:\/\/www.sueddeutsche.de\/bayern\/neumarkt-in-der-oberpfalz-kaminkehrer-singt-horst-wessel-lied-vor-azubis-1.4124961\">am 12. September<\/a> einen Kaminkehrermeister wegen Volksverhetzung zu einer Geldstrafe von 120 Tagess\u00e4tzen. Er hatte im Januar vor Schornsteinfegerlehrlingen das Horst-Wessel-Lied gesungen und Heil Hitler gerufen. In Chemnitz (Sachsen) werden <a href=\"http:\/\/www.spiegel.de\/panorama\/justiz\/chemnitz-sechs-buergerwehr-mitglieder-fesrtgenommen-a-1228311.html\">am 14. September<\/a> 15 Mitglieder einer rechtsradikalen \u201eB\u00fcrgerwehr\u201c zun\u00e4chst in Gewahrsam genommen; sechs von ihnen werden anschlie\u00dfend festgenommen. Durch Presseberichte wird am 17. September bekannt, dass der <a href=\"http:\/\/www.taz.de\/Rechtslastiger-Ex-Verfassungsschutzchef\/!5533240\/\">ehemalige Pr\u00e4sident des Landesamtes f\u00fcr Verfassungsschutz (LfV) Hamburg<\/a> und sp\u00e4tere Innensenator der Stadt, Heino Vahldieck (CDU), Mitglied der stark rechtslastigen \u201eMerkel muss weg\u201c-Facebook-Gruppe ist.<\/p>\n<p>Am <a href=\"http:\/\/www.spiegel.de\/politik\/deutschland\/chemnitz-polizei-durchsucht-sogenannte-buergerwehr-gegen-auslaender-a-1229261.html\">20. September<\/a> durchsucht die Polizei die Wohnungen mehrerer Mitglieder der Chemnitzer \u201eB\u00fcrgerwehr\u201c. <a href=\"http:\/\/www.spiegel.de\/panorama\/justiz\/deutschland-kinder-und-jugendliche-oft-opfer-rechter-gewalt-a-1229367.html\">175 Kinder und Jugendliche<\/a> wurden 2017 Opfer rechter Gewalt (2016: 272). Dies geht am 22. September aus der parlamentarischen Anfrage der Gr\u00fcnen-Bundestagsfraktion hervor. <a href=\"http:\/\/www.spiegel.de\/panorama\/gesellschaft\/koethen-landkreis-verbietet-rechtsrock-konzert-in-sachsen-anhalt-a-1230613.html\">Am 28. September<\/a> verbietet der Landkreis ein f\u00fcr den n\u00e4chsten Tag in K\u00f6then (Sachsen-Anhalt) geplantes Rechtsrock-Konzert. Eine Kundgebung der rechtspopulistischen Partei \u201eDie Republikaner\u201c kann stattfinden.<\/p>\n<p align=\"left\"><b>Fremdenfeindliche Angriffe:<\/b> In Berlin wird eine Frau von einer anderen auf der Stra\u00dfe unvermittelt mit der Faust <a href=\"https:\/\/www.tagesspiegel.de\/berlin\/polizei-justiz\/charlottenburg-wilmersdorf-unbekannte-schlaegt-frau-mit-faust-gegen-hals-weil-ihr-auslaender-seid\/22995866.html\">geschlagen und danach fremdenfeindlich beschimpft<\/a>. Die Angreiferin entkommt. In einem Berliner Bus wird <a href=\"https:\/\/www.berliner-zeitung.de\/berlin\/polizei\/polizeibericht-iranerin-in-spandau-fremdenfeindlich-beleidigt-31235778\">am 8. September<\/a> eine Iranerin von einer anderen Frau fremdenfeindlich beleidigt und geschlagen. Die Polizei ermittelt. Am <a href=\"https:\/\/www.sueddeutsche.de\/muenchen\/s-bahn-muenchen-mutmasslich-rassistischer-angriff-helfer-wird-verletzt-1.4123449\">9. September<\/a> greift in einer S-Bahn in M\u00fcnchen (Bayern) ein Zeuge ein, als zwei dunkelh\u00e4utige Fahrg\u00e4ste von einem Unbekannten angegangen werden. Daraufhin wird auch er angegriffen und verletzt. In Hasselfelde und Halberstadt (Sachsen-Anhalt) kommt es <a href=\"http:\/\/www.spiegel.de\/panorama\/justiz\/harz-maenner-greifen-fkuechtlinge-in-hasselfelde-und-halberstadt-an-a-1228344.html\">am 15. September<\/a> zu Angriffen auf Migranten; vier Menschen aus Afghanistan und Somalia werden dabei verletzt. In Berlin wird <a href=\"https:\/\/www.tagesspiegel.de\/berlin\/polizei-justiz\/tempelhof-schoeneberg-mann-fremdenfeindlich-beleidigt-und-geschlagen\/23117680.html\">am 26. September<\/a> ein Mann von einem anderen zun\u00e4chst fremdenfeindlich und volksverhetzend beschimpft und danach geschlagen. Er kann festgenommen werden.<\/p>\n<p><b>Bundesamt f\u00fcr Migration und Fl\u00fcchtlinge (BAMF):<\/b> Durch Presseberichte wird ein interner Pr\u00fcfbericht des Bundesrechnungshofes bekannt, worin dieser dem Bundesinnenministerium (BMI) <a href=\"http:\/\/www.spiegel.de\/politik\/deutschland\/asylverfahren-rechnungshof-sieht-schwere-maengel-bei-bamf-kontrolle-a-1226144.html\">schwere Vers\u00e4umnisse<\/a> bei der Fachaufsicht \u00fcber das BAMF vorwirft. Am <a href=\"http:\/\/www.spiegel.de\/politik\/deutschland\/bamf-affaere-in-bremen-zahl-der-fragwuerdigen-akten-soll-doch-hoeher-sein-a-1227032.html\">7. September<\/a> wird bekannt, dass die StA Bremen in der BAMF-Aff\u00e4re gegen zwei Rechtsanw\u00e4lte und die fr\u00fchere Leiterin der BAMF-Au\u00dfenstelle wegen Verleitung zum Asylmissbrauch ermittelt. <a href=\"http:\/\/www.spiegel.de\/politik\/deutschland\/bremen-gericht-untersagt-horst-seehofer-vorverurteilung-ehemaliger-bamf-chefin-a-1227435.html\">Am 10. September<\/a> verbietet das Oberverwaltungsgericht (OVG) Bremen Bundesinnenminister Horst Seehofer (CSU) die weitere Vorverurteilung der fr\u00fcheren Leiterin der Bremer BAMF-Au\u00dfenstelle. Aus einem Pr\u00fcfbericht, der <a href=\"http:\/\/www.spiegel.de\/politik\/deutschland\/bamf-untersuchung-hinweise-auf-manipulation-nur-in-bremen-a-1229796.html\">am 24. September<\/a> im Innenausschuss des Bundestages bekannt wird, geht hervor, dass es in der Bremer Au\u00dfenstelle \u201ebewusst manipulative Einflussnahmen\u201c auf Asylentscheidungen gegeben habe. In weiteren 10 gepr\u00fcften BAMF-Au\u00dfenstellen habe man allenfalls Schlampereien feststellen k\u00f6nnen. Durch Presseberichte wird <a href=\"http:\/\/faz.net\/aktuell\/politik\/inland\/entlassene-bamf-chefin-bekommt-neuen-posten-im-innenministerium-15807198.html\">am 26. September<\/a> bekannt, dass die im Zuge der Aff\u00e4re um manipulierte Asyl-Entscheidungen entlassene, fr\u00fchere BAMF-Pr\u00e4sidentin k\u00fcnftig im BMI Aufgaben im Bereich der Digitalisierung wahrnehmen soll. <a href=\"http:\/\/www.spiegel.de\/politik\/deutschland\/bamf-fluechtlingsamt-aechzt-unter-neuet-prueflast-a-1230649.html\">Am 29. September<\/a> berichten Medien, das BAMF m\u00fcsse bis Ende 2019 rund eine halbe Million Widerrufsverfahren pr\u00fcfen.<\/p>\n<p><b>Organisierte Kriminalit\u00e4t:<\/b> In Berlin kommt es zu einer <a href=\"https:\/\/www.berliner-zeitung.de\/berlin\/polizei\/brutaler-clan-konflikt--wildwest-mitten-in-kreuzberg-und-neukoelln-31211012\">Massenschl\u00e4gerei<\/a> mit Schlagst\u00f6cken, Messern und einer Axt zwischen Angeh\u00f6rigen zweier arabischer Gro\u00dffamilien. Drei Personen werden vorl\u00e4ufig festgenommen. <a href=\"https:\/\/www.berliner-zeitung.de\/berlin\/polizei\/brutaler-clan-konflikt--wildwest-mitten-in-kreuzberg-und-neukoelln-31211012\">Am 3. September<\/a> kommt es erneut zu einem Vorfall: Zwei M\u00e4nner werden vor einer Bar zusammengeschossen; ein Zeuge, der die fl\u00fcchtenden Angreifer verfolgt, wird ebenfalls beschossen. Er bleibt unverletzt. <a href=\"https:\/\/www.morgenpost.de\/berlin\/polizeibericht\/article215256781\/Polizei-durchsucht-Raeume-von-Grossfamilie-in-Neukoelln.html\">Am 4. September<\/a> durchsucht die Berliner Polizei erneut zwei Objekte eines Familien-Clans. Scharfe Munition, illegale Medikamente und gr\u00f6\u00dfere Mengen Bargeld werden beschlagnahmt; ein Mann wird festgenommen. Einen Zusammenhang <a href=\"https:\/\/www.berliner-zeitung.de\/berlin\/polizei\/munition-und-viel-bargeld-gefunden-razzia-in-neukoelln---clan-mitglied-festgenommen-31218884\">mit den Vorf\u00e4llen vom Wochenende<\/a> bestreitet die Polizei. Durch Presseberichte wird <a href=\"https:\/\/www.morgenpost.de\/berlin\/article215282417\/Polizei-warnt-arabischen-Clanchef-Arafat-A-C-vor-Anschlag.html\">am 8. September<\/a> bekannt, dass der Chef eines arabischen Clans im Internet interne Ermittlungsunterlagen des Landeskriminalamtes (LKA) ver\u00f6ffentlicht hatte. Wiederum in Berlin wird <a href=\"https:\/\/www.berliner-zeitung.de\/berlin\/polizei\/schiesserei-in-neukoelln-clan-mitglied-getoetet---polizeiaufgebot-vor-klinik-31239806\">am 9. September<\/a> ein Mitglied eines arabischen Clans erschossen. Mit einem Gro\u00dfaufgebot f\u00fchrt die Polizei <a href=\"http:\/\/www.spiegel.de\/panorama\/justiz\/frankfurt-fast-500-beamte-bei-grossrattia-im-bahnhofsviertel-im-einsatz-a-1228040.html\">am 13. September<\/a> im Bahnhofsviertel von Frankfurt\/M. (Hessen) eine Razzia gegen Organisierte Kriminalit\u00e4t durch. Vor dem LG Konstanz (Baden-W\u00fcrttemberg) beginnt der Prozess gegen neun Angeklagte wegen bandenm\u00e4\u00dfigen Drogenhandels, K\u00f6rperverletzung, Waffenbesitz und Brandstiftung; einem Angeklagten wird zudem versuchter Mord vorgeworfen. Die M\u00e4nner sollen<a href=\"http:\/\/www.spiegel.de\/panorama\/justiz\/karlsruhe-angeklagte-im-mafia-prozess-wollen-nicht-aussagen-a-1229337.html\"> Kontakte zu italienischen Mafia-Organisationen<\/a> haben. In Bremen f\u00fchrt die Polizei am gleichen Tag eine Razzia gegen eine Telefonbetr\u00fcgerbande durch. 18 Objekte werden durchsucht und Verm\u00f6genswerte von rund 1,8 Mio. EUR sowie mehrere Schusswaffen sichergestellt, mehrere Personen <a href=\"http:\/\/www.spiegel.de\/panorama\/justiz\/bremen-grosseinsatz-gegen-callcenter-mafia-in-bremen-a-1229341.html\">werden festgenommen<\/a>. Laut einem Zahlenvergleich der Bundesl\u00e4nder werden in NRW 111 Ermittlungsverfahren wegen Organisierter Kriminalit\u00e4t gef\u00fchrt; in Bayern 76 und in Berlin 68. Dies erkl\u00e4rt Berlins Innensenator <a href=\"https:\/\/www.berliner-zeitung.de\/berlin\/polizei\/neue-zahlen-organisierte-kriminalitaet-in-berlin-weit-verbreitet-31340080\">am 24. September<\/a> im Innenausschuss des Abgeordnetenhauses.<\/p>\n<p>3. September: <b>Verfassungsschutz:<\/b> Der Bremer Verfassungsschutz erkl\u00e4rt, die Jugendorganisation der AfD \u201eJunge Alternative\u201c (JA) werde in dem Bundesland seit einer Woche observiert. Auch das nieders\u00e4chsische LfV erkl\u00e4rt, die dortige JA k\u00fcnftig <a href=\"http:\/\/www.spiegel.de\/politik\/deutschland\/afd-bremer-und-niedersaechsischer-verfassungsschutz-beobachten-junge-alternative-a-1226264.html\">zu observieren<\/a>. Der s\u00e4chsische Verfassungsschutz lehnt eine AfD-Beobachtung <a href=\"http:\/\/www.spiegel.de\/politik\/deutschland\/sachsen-verfassungsschutz-wird-afd-im-freistaat-nicht-beobachten-a-1226428.html\">am 4. September<\/a> allerdings ab. Der Th\u00fcringer Verfassungsschutz erkl\u00e4rt den dortigen AfD-Landesverband <a href=\"https:\/\/www.sueddeutsche.de\/politik\/afd-thueringen-verfassungsschutz-1.4119095\">am 6. September<\/a> zum \u201ePr\u00fcffall\u201c und damit zur Vorstufe zur Beobachtung. Am 7. September erkl\u00e4rt BfV-Pr\u00e4sident Maa\u00dfen, er habe Zweifel daran, dass es sich bei den Filmaufnahmen zu den in Chemnitz stattgefundenen Ausschreitungen und Hetzjagden um authentisches Material handele. Es spr\u00e4chen <a href=\"http:\/\/www.spiegel.de\/politik\/deutschland\/hans-georg-maassen-sieht-keine-beweise-fuer-hetzjagd-in-chemnitz-a-1226949.html\">\u201egute Gr\u00fcnde daf\u00fcr, dass es sich um gezielte Falschinformation handelt\u201c<\/a>. Am gleichen Tag wird ein internes Dokument des LfV NRW bekannt, wonach gegen den <a href=\"http:\/\/www.spiegel.de\/politik\/deutschland\/afd-interner-verfassungsschutz-vermerk-belastet-patriotische-plattform-a-1226993.html\">AfD-nahen Verein \u201ePatriotische Plattform\u201c<\/a> (PP) gewichtige Anhaltspunkte f\u00fcr eine verfassungsfeindliche Bestrebung\u201c vorliegen. In einem Schreiben an das BMI relativiert BfV-Chef Maa\u00dfen <a href=\"https:\/\/www.sueddeutsche.de\/politik\/rechtsextreme-ausschreitungen-maassen-relativiert-aussage-zu-vorfaellen-in-chemnitz-1.4123374\">am 10. September<\/a> seine vorherigen \u00c4u\u00dferungen: Das Video sei nicht gef\u00e4lscht; hier sei er falsch verstanden worden. Es gebe jedoch Zweifel, ob darin \u201eauthentisch\u201c eine Menschenjagd gezeigt werde. In einem Bericht an das BMI erkl\u00e4rt Maa\u00dfen <a href=\"https:\/\/www.berliner-zeitung.de\/politik\/maassens-bericht-an-seehofer-twitter-account-hat--hetzjagd--video-falsch-etikettiert-31253604\">am 11. September<\/a> seine \u00c4u\u00dferungen mit der Sorge vor einer Desinformationskampagne. Dar\u00fcber hinaus habe der Urheber des Videos dessen Echtheit zu belegen. Am 12. September wird Maa\u00dfen auch vom Parlamentarischen Kontrollgremium (PKGr) des Bundestages befragt. CDU, CSU und FDP <a href=\"http:\/\/www.spiegel.de\/politik\/deutschland\/nach-hetzjagd-aussage-union-und-fdp-stellen-sich-hinter-hans-georg-maassen-a-1227823-druck.html\">sprechen ihm anschlie\u00dfend ihr Vertrauen aus<\/a>. Aufgrund seiner \u00c4u\u00dferungen zu den Chemnitzer Vorf\u00e4llen wird Hans-Georg Maa\u00dfen <a href=\"http:\/\/www.spiegel.de\/politik\/deutschland\/hans-georg-maassen-wird-als-verfassungsschutzchef-abgeloest-a-1228762.html\">am 18. September<\/a> als BfV-Pr\u00e4sident abgel\u00f6st und als Staatssekret\u00e4r ins BMI versetzt, was einer Bef\u00f6rderung gleichkommt. Dort soll Maa\u00dfen die <a href=\"https:\/\/www.sueddeutsche.de\/politik\/livestream-seehofer-aeussert-sich-zum-fall-maassen-1.4135943\">Abteilung f\u00fcr Innere Sicherheit<\/a> \u00fcbernehmen, jedoch nicht die Aufsicht \u00fcber den Verfassungsschutz erhalten. Bis zur Neubesetzung der Stelle des BfV-Pr\u00e4sidenten soll er allerdings <a href=\"http:\/\/www.spiegel.de\/politik\/deutschland\/horst-seehofer-hans-georg-massen-wird-zustaendig-fuer-innere-sicherheit-a-1228854.html\">im jetzigen Amt bleiben<\/a>. Durch Presseberichte wird <a href=\"http:\/\/www.spiegel.de\/politik\/deutschland\/afd-funktionaer-arbeitet-beim-verfassungsschutz-in-sachsen-a-1229106.html\">am 20. September<\/a> bekannt, dass ein Mitarbeiter des s\u00e4chsischen LfV zugleich auch Funktion\u00e4r der AfD ist. Dies ist auch dem LfV seit 2015 bekannt. Am gleichen Tag wird durch Presseberichte ebenfalls bekannt, dass das BfV die <a href=\"https:\/\/www.tagesspiegel.de\/politik\/moscheeverband-verfassungsschutz-prueft-beobachtung-von-ditib\/23096228.html\">Beobachtung der \u201eT\u00fcrkisch-Islamischen Union Ditib\u201c pr\u00fcft<\/a>. Ditib koordiniert als Dachverband etwa 900 Moscheen in Deutschland. Aufgrund innerparteilicher und \u00f6ffentlicher Emp\u00f6rung wird die geplante Bef\u00f6rderung Maa\u00dfens <a href=\"http:\/\/www.spiegel.de\/politik\/deutschland\/hans-georg-maassen-wird-doch-nicht-zum-staatssekretaer-befoerdert-a-1229616.html\">am 23. September<\/a> r\u00fcckg\u00e4ngig gemacht: Er soll im BMI nun Sonderberater f\u00fcr europ\u00e4ische und internationale Aufgaben im Rang eines Abteilungsleiters werden. Durch Presseberichte wird <a href=\"https:\/\/www.berliner-zeitung.de\/politik\/is-terrormiliz-berliner-v-mann-ermoeglichte-16-jaehrigem-reise-nach-syrien-31355274\">am 26. September<\/a> bekannt, dass ein V-Mann des LfV Berlin im August 2015 einen Jugendlichen f\u00fcr die Reise zum IS in Syrien unterst\u00fctzt hat. Der Jugendliche war jedoch in der T\u00fcrkei festgenommen und nach Deutschland zur\u00fcckgeschoben worden. Der V-Mann wurde daraufhin abgeschaltet. Ein Ermittlungsverfahren der StA wegen Vorbereitung<br \/>\neiner schweren staatsgef\u00e4hrdenden Gewalttat <a href=\"http:\/\/www.taz.de\/Verfassungsschutz-Berlin\/!5536033\/\">wurde eingestellt<\/a>.<\/p>\n<p align=\"left\"><b>Alternative f\u00fcr Deutschland (AfD):<\/b> In Bremen wird die Jugendorganisation der AfD, \u201eJunge Alternative\u201c (JA) seit einer Woche observiert; dies erkl\u00e4rt das LfV. Auch das nieders\u00e4chsische Verfassungsschutzlandesamt erkl\u00e4rt, die dortige JA <a href=\"http:\/\/www.spiegel.de\/politik\/deutschland\/afd-bremer-und-niedersaechsischer-verfassungsschutz-beobachten-junge-alternative-a-1226264.html\">k\u00fcnftig zu observieren<\/a>. In einer Berliner Bezirksverordnetenversammlung ruft <a href=\"https:\/\/www.tagesspiegel.de\/berlin\/eklat-in-der-bvv-neukoelln-afd-politikerin-ruft-die-polizei\/23006768.html\">am 5. September<\/a> eine AfD-Politikerin die Polizei um einen Journalisten anzuzeigen, der ihre drohende Hand weggeschlagen hatte. <a href=\"https:\/\/www.sueddeutsche.de\/politik\/afd-thueringen-verfassungsschutz-1.4119095\">Am 6. September<\/a> erkl\u00e4rt der Th\u00fcringer Verfassungsschutz den dortigen AfD-Landesverband zum \u201ePr\u00fcffall\u201c und damit zur Vorstufe zur Beobachtung. Am gleichen Tag wird zudem bekannt, dass ein AfD-Abgeordneter, der Vorsitzender des Datenschutzausschusses im Berliner Abgeordnetenhaus ist, den Chemnitzer Haftbefehl <a href=\"https:\/\/www.berliner-zeitung.de\/berlin\/haftbefehl-verbreitet-fraktionen-kritisieren-berliner-afd-politiker-ronald-glaeser-31227922\">ebenfalls weiterverbreitet hatte<\/a>. Am 7. September wird ein internes Dokument des LfV NRW bekannt, wonach gegen den AfD-nahen Verein \u201ePatriotische Plattform\u201c (PP) gewichtige Anhaltspunkte f\u00fcr eine <a href=\"http:\/\/www.spiegel.de\/politik\/deutschland\/afd-interner-verfassungsschutz-vermerk-belastet-patriotische-plattform-a-1226993.html\">verfassungsfeindliche Bestrebung<\/a>\u201c vorliegen. Auf einer AfD-Wahlkampfveranstaltung anl\u00e4sslich der bayerischen Landtagswahlen protestieren in M\u00fcnchen (Bayern) <a href=\"https:\/\/www.sueddeutsche.de\/muenchen\/protest-gegen-afd-in-muenchen-menschen-gegen-storch-auftritt-sie-sind-lauter-1.4121971\">rund 2.000 Menschen<\/a> gegen die Partei. Zudem wird bekannt, dass die AfD mit <a href=\"https:\/\/www.morgenpost.de\/politik\/article215282175\/Islamfreie-Schulen-Bayerische-AfD-empoert-mit-Wahlplakat.html\">Plakaten f\u00fcr \u201eIslamfreie Schulen\u201c<\/a> f\u00fcr sich wirbt. <a href=\"https:\/\/www.sueddeutsche.de\/muenchen\/rechter-youtube-clip-spd-politiker-laesst-afd-video-von-staatsanwaltschaft-pruefen-1.4122576\">Am 9. September<\/a> beantragt ein bayerischer SPD-Landtagsabgeordneter bei der StA, ein Internet-Video eines AfD-Politikers auf den Straftatbestand der Volksverhetzung zu pr\u00fcfen. Darin erkl\u00e4rt der AfD-Mann, Afrikaner seien bei der Aus\u00fcbung von Gewalt \u201eenthemmt\u201c und w\u00fcrden \u00fcberall Drogen \u201everticken\u201c. Am Abend des <a href=\"http:\/\/www.spiegel.de\/politik\/deutschland\/koethen-mehrere-hundert-menschen-bei-kundgebung-a-1227464.html\">10. September<\/a> ruft die AfD zu einem \u201eTrauermarsch\u201c in K\u00f6then (Sachsen-Anhalt) f\u00fcr den bei einer Auseinandersetzung mit Afghanen zu Todes gekommenen Deutschen auf. Rund 550 Personen folgen dem friedlich verlaufenen Aufruf. Laut Obduktionsergebnis starb der Mann an Herzversagen. <a href=\"http:\/\/www.spiegel.de\/politik\/deutschland\/afd-alexander-gauland-berichtet-von-drei-gespraechen-mit-hans-georg-maa\u00dfen-a-1227567.html\">Am 11. September<\/a> berichtet der AfD-Vorsitzende Alexander Gauland detaillierter als bisher \u00fcber seine Kontakte zu BfV-Chef Maa\u00dfen. Durch Presseberichte wird <a href=\"http:\/\/www.spiegel.de\/politik\/deutschland\/rassistischer-tweet-ermittlungen-gegen-afd-abgeordneten-maier-eingestellt-a-1227797.html\">am 12. September<\/a> bekannt, dass die StA Dresden (Sachsen) ein Ermittlungsverfahren wegen eines rassistischen Tweets gegen einen AfD-Bundestagsabgeordneten eingestellt hat. Einer seiner Mitarbeiter hatte zuvor die Urheberschaft einger\u00e4umt. <a href=\"https:\/\/www.tagesspiegel.de\/politik\/verfassungsschutzpraesident-maassen-soll-unveroeffentlichte-informationen-an-afd-gegeben-haben\/23062494.html\">Am 13. September<\/a> wird durch Presseberichte bekannt, dass BfV-Pr\u00e4sident Maa\u00dfen bereits Wochen vor Ver\u00f6ffentlichung des Verfassungsschutzberichtes Abgeordneten der AfD schon die darin enthaltenen Zahlen islamistischer Gef\u00e4hrder genannt hat. Dies wird von einem AfD-Mann best\u00e4tigt. <a href=\"https:\/\/www.berliner-zeitung.de\/politik\/gruene-widersprechen-bfv-maassen-soll-geheime-daten-nur-an-die-afd-gegeben-haben-31262106\">Gr\u00fcne Bundestagsabgeordnete bestreiten<\/a> noch am gleichen Tag Meldungen des BfV, wonach dies ein normaler Vorgang sei und solche Informationen an alle Fraktionen gegeben worden seien. Durch Presseberichte wird <a href=\"http:\/\/www.spiegel.de\/politik\/deutschland\/hans-georg-maassen-traf-sich-mit-frauke-petry-in-kurzem-abstand-a-1228095.html\">am 14. September<\/a> bekannt, dass sich BfV-Chef Maa\u00dfen im November 2015 zweimal mit der damaligen AfD-Vorsitzenden Frauke Petry getroffen hat, obwohl die Partei seinerzeit noch gar nicht im Bundestag vertreten war. An einem Informationsstand der AfD in Potsdam (Brandenburg) erscheinen <a href=\"https:\/\/www.berliner-zeitung.de\/berlin\/polizei\/polizeibericht-100-linke-an-afd-stand-aufgetaucht---polizei-muss-einschreiten-31272692\">am 15. September<\/a> etwa 100 linke Aktivisten. Die Polizei kann die Gruppen auseinander halten. Die 25 AfDler verlassen den Ort. <a href=\"http:\/\/www.spiegel.de\/politik\/deutschland\/afd-abgeordneter-thomas-seitz-verliert-beamtenstatus-a-1211931.html\">Am 19. September<\/a> vermelden Medien, dass das Richterdienstgericht in Karlsruhe (Baden-W\u00fcrttemberg) einen AfD-Bundestagsabgeordneten und ehemaligen Staatsanwalt aus dem Beamtenverh\u00e4ltnis entfernt hat. Der Mann hatte in Wahlk\u00e4mpfen rassistische \u00c4u\u00dferungen im Internet gepostet. Berufung ist m\u00f6glich. Durch Presseberichte wird <a href=\"http:\/\/www.spiegel.de\/politik\/deutschland\/afd-funktionaer-arbeitet-beim-verfassungsschutz-in-sachsen-a-1229106.html\">am 20. September<\/a> bekannt, dass ein Mitarbeiter des s\u00e4chsischen LfV zugleich auch Funktion\u00e4r der AfD ist. Er ist dort in der Landesprogrammkommission f\u00fcr Konzepte zu Themen der Inneren Sicherheit zust\u00e4ndig. Dies ist auch dem LfV seit 2015 bekannt. Die bayerische AfD erh\u00e4lt im Landtagswahlkampf kostenlose Hilfe von einem \u201eVerein zur Erhaltung der Rechtsstaatlichkeit und der b\u00fcrgerlichen Freiheiten\u201c. Dies wird <a href=\"https:\/\/www.sueddeutsche.de\/bayern\/landtagswahl-bayern-afd-wahlkampf-gratis-zeitungen-1.4137860\">am 20. September<\/a> durch Presseberichte bekannt. Die Parteispitze hatte das bisher bestritten. In Berlin demonstrieren am gleichen Tag <a href=\"https:\/\/www.morgenpost.de\/bezirke\/reinickendorf\/article215379215\/200-Menschen-demonstrieren-gegen-AfD-Veranstaltung-an-Schule.html\">rund 200 Eltern, Lehrer und Sch\u00fcler<\/a> gegen eine AfD-Veranstaltung in ihrer Schule. Unter dem Motto \u201eF\u00fcr unser Land und unsere Kinder\u201c demonstrieren <a href=\"http:\/\/www.spiegel.de\/politik\/deutschland\/afd-kundgebung-in-rostock-4000-menschen-protestieren-gegen-rechts-a-1229549.html\">am 22. September<\/a> in Rostock (Mecklenburg-Vorpommern) rund 600 Personen (Gegendemonstranten: etwa 4.000).<\/p>\n<p align=\"left\"><b>Konzerte gegen Rechts:<\/b> Nach den rechten Demonstrationen nach dem Tod eines Mannes auf dem Stadtfest in Chemnitz (Sachsen) findet dort ein von linken Gruppen organisiertes <a href=\"http:\/\/www.spiegel.de\/politik\/deutschland\/chemnitz-verbietet-gegendemo-zu-wirsindmehr-konzert-a-1226281.html\">\u201e#wirsindmehr\u201c-Open-Air-Konzert<\/a> mit vielen popul\u00e4ren deutschen Rock- und Rap-Bands statt. Rund <a href=\"https:\/\/www.sueddeutsche.de\/politik\/konzert-chemnitz-feine-sahne-fischfilet-casper-marteria-kraftklub-1.4115999\">65.000 Menschen<\/a> nehmen daran teil. Am Abend des <a href=\"http:\/\/www.spiegel.de\/politik\/deutschland\/chemnitz-tausende-gehen-erneut-auf-die-strasse-a-1227148.html\">7. September<\/a> veranstalten die Chemnitzer Kulturbetriebe ein klassisches Open-Air-Konzert gegen Fremdenfeindlichkeit, Hetze und Gewalt. Rund 5.000 Menschen nehmen daran teil. In einer Eilentscheidung weist der Verfassungsgerichtshof (VGH) Kassel (Hessen) <a href=\"https:\/\/www.juris.de\/jportal\/portal\/t\/uf8\/page\/homerl.psml?nid=jnachr-JUNA181002949&amp;cmsuri=%2Fjuris%2Fde%2Fnachrichten%2Fzeigenachricht.jsp\">am 29. September<\/a> eine Entscheidung der Stadt Frankfurt\/M. zur\u00fcck, die den Auftritt einer t\u00fcrkischen Band bei einer Kundgebung \u201eGegen Rassismus und gegen Degeneration\u201c am gleichen Tag verbieten wollte. Die Band darf unter Auflagen auftreten (Az: 2 B 2015\/18).<\/p>\n<p align=\"left\">\u201e<b>Patriotische Europ\u00e4er gegen die Islamisierung des Abendlandes\u201c (Peg<\/b><b>ida):<\/b> Die Stadt Chemnitz (Sachsen) <a href=\"http:\/\/www.spiegel.de\/politik\/deutschland\/chemnitz-verbietet-gegendemo-zu-wirsindmehr-konzert-a-1226281.html\">verbietet eine Demonstration<\/a> des th\u00fcringischen Pegida-Ableger \u201eTh\u00fcgida\u201c als Gegenveranstaltung des \u201e#wirsindmehr\u201c-Konzertes. Der Mitarbeiter des LKA Sachsen, der Mitte August bei einer Pegida-Demonstration gegen einen Besuch von Bundeskanzlerin Angela (CDU) Journalisten bep\u00f6belt hatte, <a href=\"http:\/\/www.spiegel.de\/panorama\/justiz\/sachsen-poebelnder-lka-mann-muss-polizeidienst-verlassen-a-1225670.html\">verl\u00e4sst den Polizeidienst<\/a>. An einer Demonstration von Pegida Dresden (Sachsen) und dem rechtsgerichteten Brandenburger Verein \u201eZukunft Heimat\u201c in K\u00f6then (Sachsen-Anhalt) beteiligen sich <a href=\"http:\/\/www.spiegel.de\/politik\/deutschland\/koethen-kundgebung-rechter-gruppierungen-hat-begonnen-a-1228378.html\">am 16. September<\/a> etwa <a href=\"http:\/\/www.spiegel.de\/koethen-1300-menschen-bei-rechtsgerichteter-demo-a-1228383.html\">1.300 Personen<\/a>.<\/p>\n<p align=\"left\"><b>Rockerkriminalit\u00e4t:<\/b> Im Prozess um den Mord an einem Rocker im Januar 2014 sagt vor dem LG Berlin ein Mordermittler zu der Frage aus, ob die Berliner Polizei den Mord bewusst geschehen lie\u00df um danach besser gegen die T\u00e4ter vorgehen zu k\u00f6nnen. Er erkl\u00e4rt, die damaligen Ermittlungen seien aus seiner Sicht zwar <a href=\"http:\/\/www.spiegel.de\/panorama\/justiz\/mord-an-tahir-oezbek-interner-ermittler-sagt-zu-vorwuerfen-gegen-polizei-aus-a-1226334.html\">\u201eziemlich ungeordnet\u201c bis \u201eunprofessionell\u201c<\/a> gef\u00fchrt worden, einen Vorsatz k\u00f6nne er jedoch nicht erkennen. Durch Presseberichte wird <a href=\"http:\/\/www.spiegel.de\/panorama\/justiz\/hamburg-schuesse-auf-der-reeperbahn-tatverdaechtige-festgenommen-a-1226387.html\">am 4. September<\/a> bekannt, dass die Polizei eine Frau festgenommen hat, die Ende August in Hamburg auf den Boss der Rockergruppe \u201eHells Angels\u201c geschossen und ihn lebensgef\u00e4hrlich verletzt haben soll. <a href=\"https:\/\/www.berliner-zeitung.de\/berlin\/polizei\/hells-angels-rockerbande-demonstriert-erneut-gegen-kuttenverbot-31236950\">Am 8. September<\/a> demonstrieren in Berlin mehrere 100 Rocker der \u201eHells Angels\u201c gegen das seit 2017 geltende Kuttenverbot.<\/p>\n<p align=\"left\">4. September: <b>Chemnitzer T\u00f6tungsfall:<\/b> Das AG Chemnitz (Sachsen) erl\u00e4sst <a href=\"http:\/\/www.spiegel.de\/politik\/deutschland\/chemnitz-generalstaatsanwalt-sucht-dritten-mann-im-toetungsfall-a-1226468-druck.html\">Haftbefehl gegen einen dritten Mann<\/a>, der Ende August an der Messerstecherei auf dem Chemnitzer Stadtfest beteiligt gewesen sein soll und ordnet eine \u00d6ffentlichkeitsfahndung an. Bei der Auseinandersetzung war ein Mann get\u00f6tet worden; dies hatte in der Stadt gr\u00f6\u00dfere rechtsradikale Demonstrationen ausgel\u00f6st. <a href=\"https:\/\/www.morgenpost.de\/vermischtes\/article215260505\/Haftbefehl-weitergegeben-Weitere-Justizbeamte-im-Fokus.html\">Am 5. September<\/a> teilt das S\u00e4chsische Justizministerium mit, dass gepr\u00fcft werde, ob sich weitere Justizbedienstete als Mitwisser bei der Ver\u00f6ffentlichung des Haftbefehls in Zusammenhang mit der Messerstecherei schuldig gemacht haben. Zudem seien mehrere Disziplinarma\u00dfnahmen eingeleitet worden. <a href=\"http:\/\/www.spiegel.de\/politik\/deutschland\/sachsen-behoerden-durchsuchen-fraktionsraeume-von-pro-chemnitz-a-1227436.html\">Am 10. September<\/a> l\u00e4sst die StA Dresden (Sachsen) wegen der Ver\u00f6ffentlichung des Haftbefehls Wohnungen und B\u00fcros der rechtspopulistischen Bewegung \u201ePro Chemnitz\u201c sowie eine Anwaltskanzlei durchsuchen. <a href=\"http:\/\/www.spiegel.de\/panorama\/justiz\/chemnitz-verdaechtiger-kommt-aus-untersuchungshaft-frei-a-1228564.html\">Am 18. September<\/a> hebt das AG Chemnitz (Sachsen) den Haftbefehl f\u00fcr einen der Tatverd\u00e4chtigen auf.<\/p>\n<p align=\"left\"><b>Asyl:<\/b> Die StA Bad Kreuznach (Rheinland-Pfalz) hat Ermittlungsverfahren gegen neun Migranten eingeleitet hat, die <a href=\"http:\/\/www.spiegel.de\/panorama\/justit\/kirchenasyl-in-rheinland-pfalz-ermittlungen-gegen-fluechtlinge-und-pfarrer-a-1226559.html\">sich im Kirchenasyl befinden<\/a>; sie sollen nach Italien abgeschoben werden. Weiterhin wird gegen f\u00fcnf Pfarrer wegen Beihilfe zum unerlaubten Aufenthalt ermittelt. <a href=\"https:\/\/www.sueddeutsche.de\/politik\/widerrechtlich-abgeschobener-fluechtling-zunaechst-kein-asyl-fuer-nasibullah-s-1.4135864\">Am 18. September<\/a> entscheidet das Verwaltungsgericht (VG) Greifswald (Mecklenburg-Vorpommern), dass ein im Juli 2018 widerrechtlich abgeschobener afghanischer Fl\u00fcchtling in Deutschland kein Asyl erh\u00e4lt, da er w\u00e4hrend seiner Zeit in Afghanistan nicht verfolgt wurde.<\/p>\n<p align=\"left\"><b>Marode Schie\u00dfanlagen:<\/b> Ein Schie\u00dfausbilder, der mutma\u00dflich an den giftigen Pulverd\u00e4mpfen in den maroden Schie\u00dfst\u00e4nden der Berliner Polizei an Krebs erkrankt war, verstirbt. Die StA l\u00e4sst den <a href=\"https:\/\/www.tagesspiegel.de\/berlin\/schiessstand-affaere-in-berlin-schiesstrainer-gestorben-leichnam-beschlagnahmt\/23006478.html\">Leichnam beschlagnahmen<\/a>.<\/p>\n<p align=\"left\">5. September: <b>Terroranschlag auf Berliner Weihnachtsmarkt:<\/b> Laut einem Pressebericht hat das BfV der Zeitung best\u00e4tigt, dass das Amt 2017 <a href=\"https:\/\/www.tagesspiegel.de\/politik\/geheimdienst-affaeren-verfassungsschutz-praesident-liess-berichte-zu-amri-spitzel-unterdruecken\/22999444.html\">\u201eanwaltliche Korrekturbitten\u201c<\/a> an Medien versenden lie\u00df, um Berichte \u00fcber V-Leute im Umfeld des Weihnachtsmarkt-Attent\u00e4ters Anis Amri zu unterdr\u00fccken. Den Bitten sei entsprochen worden. Vor dem Berliner Untersuchungsausschuss sagt <a href=\"https:\/\/www.tagesspiegel.de\/berlin\/neue-erkenntnisse-im-fall-anis-amri-amri-suchte-nach-anleitungen-zum-bombenbau\/23011500.html\">am 7. September<\/a> ein Leitender Beamter des LKA NRW aus, nach den dortigen Erkenntnissen habe Amri im Internet nach Waffen und Anleitungen zum Bombenbau gesucht. Ein Antrag auf Sicherungshaft sei damals jedoch \u201ekategorisch von einem Richter\u201c abgelehnt worden. Durch Presseberichte unter Berufung auf bisher unbekannte, interne Vermerke des BfV wird <a href=\"https:\/\/www.morgenpost.de\/berlin\/article215315947\/Verfassungsschutz-war-im-Fall-Amri-aktiver-als-angenommen.html\">am 13. September<\/a> bekannt, dass das BfV bereits im M\u00e4rz 2016 eine \u201eIntensivierung der Beobachtungen zu Amri\u201c gefordert hatte. BfV-Chef Maa\u00dfen hat den Fall dagegen stets zu einem reinen Polizeifall erkl\u00e4rt. Vor dem Bundestags-Untersuchungsausschuss r\u00e4umt eine BfV-Mitarbeiterin als Zeugin am gleichen Tag erstmals ein, <a href=\"https:\/\/www.morgenpost.de\/berlin\/article215325151\/Zeugin-sagt-aus-Verfassungsschutz-ueberwachte-Amri.html\">dass Amri auch mit nachrichtendienstlichem Mitteln \u00fcberwacht wurde<\/a>.<\/p>\n<p align=\"left\"><b>Kinderpornografie:<\/b> Im Jahr 2017 sind beim Bundeskriminalamt (BKA) insgesamt <a href=\"http:\/\/www.spiegel.de\/panorama\/justiz\/kinderpornografie-zahl-der-hinweise-an-behoerden-2017-verdoppelt-a-1226576.html\">5.977 Meldungen zu Kinderpornografie<\/a> im Internet eingegangen (2016: 2.721). In mehr als zwei Dutzend F\u00e4llen konnte das BKA jedoch nicht handeln, da der Standort des Servers nicht zu ermitteln war. Dies geht aus dem Jahresbericht des Bundesjustizministeriums (BMJ) hervor.<\/p>\n<p align=\"left\"><b>Fremdenfeindliche Handlungen:<\/b> Durch Presseberichte wird bekannt, dass in Brandenburg a.d. Havel (Brandenburg) in einem Krankenhaus Eltern darauf bestanden, dass ihr kranker Sohn nicht mit einem nicht-deutschen Kind auf ein gemeinsames Zimmer verlegt wird; anderenfalls w\u00fcrden sie das Krankenhaus verlassen. Begr\u00fcndung: <a href=\"https:\/\/www.morgenpost.de\/vermischtes\/article215258541\/Eltern-wollen-keine-Auslaender-in-Krankenzimmer-ihres-Sohnes.html\">\u201eDie Ausl\u00e4nder bringen die Krankheiten hier rein\u201c<\/a>. Ebenfalls durch Pressemeldungen werden <a href=\"http:\/\/www.spiegel.de\/politik\/deutschland\/veronika-bellmann-cdu-abgeordnete-will-keine-muslime-in-der-partei-a-1227071.html\">am 7. September<\/a> \u00c4u\u00dferungen einer s\u00e4chsischen CDU-Abgeordneten bekannt, wonach Muslime in ihrer Partei nichts zu suchen h\u00e4tten.<\/p>\n<p align=\"left\"><b>Polizeikennzeichnung:<\/b> Das OVG Berlin-Brandenburg entscheidet, dass PolizeibeamtInnen die im Januar 2013 in Brandenburg eingef\u00fchrten <a href=\"https:\/\/www.juris.de\/jportal\/portal\/t\/fcz\/page\/homerl.psml?nid=jnachr-JUNA180902679&amp;cmsuri=%2Fjuris%2Fde%2Fnachrichten%2Fzeigenachricht.jsp\">Namensschilder an der Uniform tragen m\u00fcssen<\/a>. Die Klage dagegen von einer Polizistin und einem Polizisten war bereits im Dezember vom VG Potsdam abgewiesen worden. Gegen das OVG-Urteil ist Revision m\u00f6glich (Az: 4 B 3.17, 4 B 4.17).<\/p>\n<p align=\"left\"><b>Bayerisches <\/b><b>Polizeigesetz: <\/b>Die SPD-Landtagsfraktion reicht beim Bayerischen Verfassungsgerichtshof <a href=\"https:\/\/www.sueddeutsche.de\/bayern\/pag-bayern-spd-klage-polizeiaufgabengesetz-1.4118631\">Klage gegen das Polizeiaufgabengesetz (PAG)<\/a> ein und folgt damit der GR\u00dcNEN-Fraktion, die bereits im Juni Klage eingereicht hatte. <a href=\"https:\/\/www.sueddeutsche.de\/politik\/polizeiaufgabengesetz-fdp-linke-und-gruene-klagen-gemeinsam-1.4123388\">Am 10. September<\/a> reichen die Bundestagsparteien von Gr\u00fcnen, Linken und FDP eine gemeinsame Klage gegen das PAG beim Bundesverfassungsgericht (BVerfG) ein.<\/p>\n<p align=\"left\"><b>Demonstration<\/b><b>en<\/b><b> gegen <\/b><b>Rechts<\/b><b>:<\/b> Rund <a href=\"https:\/\/www.morgenpost.de\/politik\/inland\/article215263507\/Tausende-demonstrieren-gegen-rechte-Kundgebung-in-Hamburg.html\">10.000 Menschen<\/a> demonstrieren in Hamburg gegen gegen eine rechtsradikale \u201eMerkel muss weg\u201c-Kundgebung. An einer Demonstration gegen die fremdenfeindlichen Aufm\u00e4rsche in Chemnitz (Sachsen) nehmen <a href=\"http:\/\/www.spiegel.de\/politik\/deutschland\/essen-mehrere-tausend-menschen-demonstrieren-gegen-rechts-a-1228035.html\">am 13. September<\/a> in Essen (NRW) rund 5.000 Menschen teil. An einer rechten Mahnwache beteiligen sich zur gleichen Zeit sieben Personen. In K\u00f6ln (NRW) beteiligen sich <a href=\"https:\/\/www.ksta.de\/koeln\/-koeln-zeigt-haltung\u2014bis-zu-12-000-teilnehmer-bei-demo-gegen-rechts-31273900\">am 16. September<\/a> rund 12.000 Menschen an einer Demonstration gegen Rechts und Fremdenfeindlichkeit. An einer Demonstration gegen Rechts in Gelsenkirchen (NRW) beteiligen sich etwa <a href=\"http:\/\/www.spiegel.de\/politik\/deutschland\/proteste-gegen-rechts-tausende-gehen-in-nrw-auf-die-strasse-a-1228379.html\">2.000 Personen<\/a> (rechte Gegendemonstranten: rund 350); eine weitere Demonstration gibt es an diesem Tag in Dortmund (NRW). Rund 4.000 Menschen blockieren <a href=\"http:\/\/www.spiegel.de\/politik\/deutschland\/afd-kundgebung-in-rostock-4000-menschen-protestieren-gegen-rechts-a-1229549.html\">am 22. September<\/a> in Rostock (Mecklenburg-Vorpommern) eine AfD-Demonstration mit etwa 600 Teilnehmern. Rund 14.000 Teilnehmer demonstrieren <a href=\"http:\/\/www.spiegel.de\/panorama\/gesellschaft7hamburg-tausende-menschen-bei-anti-rassismus-demo-a-1230815.html\">am 29. September<\/a> in Hamburg gegen Rassismus.<\/p>\n<p align=\"left\"><b>Angriffe auf Polizisten:<\/b> In Frankfurt\/M. (Hessen) kommt es an diesem Tag zu mindestens <a href=\"http:\/\/www.faz.net\/aktuell\/gesellschaft\/kriminalitaet\/mehrere-angriffe-auf-polizisten-in-frankfurt-15775161.html\">sieben Angriffen auf Polizisten<\/a>; zwei Beamte werden leicht verletzt. Nach seiner Festnahme beginnt <a href=\"https:\/\/www.berliner-zeitung.de\/berlin\/polizei\/polizeibericht-mann-zeigt-polizisten-hitlergruss-und-nackten-hintern-31235778\">am 7. September<\/a> in Berlin ein betrunkener, mutma\u00dflicher Dieb zu randalieren und bricht dabei einem Polizisten die Hand. Durch Presseberichte wird ebenfalls an 7. September bekannt, dass das OLG Celle (Niedersachsen) das Urteil des LG Celle vom Dezember 2017 <a href=\"http:\/\/www.spiegel.de\/panorama\/justiz\/meckelfeld-polizist-ins-koma-gepruegelt-oberlandesgericht-hebt-urteil-auf-a-1226612.html\">aufgehoben hat<\/a>. Das LG hatte einen Mann, der im August 2015 einen Polizisten niedergeschlagen und schwer am Kopf verletzt hatte, zu dreieinhalb Jahren Haft verurteilt. Der Prozess muss neu verhandelt werden. In Essen (NRW) werden am gleichen Tag zwei Beamte bei einer Routinekontrolle von <a href=\"http:\/\/www.faz.net\/aktuell\/gesellschaft\/kriminalitaet\/polizistin-bei-routinekontrolle-in-essen-verletzt-15784003.html\">mehreren Jugendlichen attackiert<\/a>. Die Beamtin wird dabei so erheblich verletzt, dass sie vom Dienst abtreten muss. Bei einer Familienstreiterei in Bad Nauheim (Hessen) wird die Polizei bei ihrem Eintreffen <a href=\"http:\/\/www.faz.net\/aktuell\/gesellschaft\/kriminalitaet\/streitende-familie-greift-polizisten-an-15780679.html\">von allen Familienmitgliedern angegriffen<\/a>. Die M\u00e4nner werden in Gewahrsam genommen; die Polizei ermittelt wegen versuchter gemeinschaftlicher K\u00f6rperverletzung. <a href=\"https:\/\/www.juris.de\/jportal\/portal\/t\/mfm\/page\/homerl.psml?nid=jnachr-JUNA180902917&amp;cmsuri=%2Fjuris%2Fde%2Fnachrichten%2Fzeigenachricht.jsp\">Am 11. September<\/a> verurteilt das OLG Hamm (NRW) einen Mann zu vier Monaten ohne Bew\u00e4hrung. Er hatte im Juni 2017 einen Polizisten, der er ihn wegen Ruhest\u00f6rung kontrollierte, als \u201eSpinner\u201c und \u201eSpasti\u201c beleidigt (Az: 1 RVs 58\/18). <a href=\"https:\/\/www.berliner-zeitung.de\/berlin\/polizei\/schlaege-auf-dem-gehweg-radfahrer-verletzt-polizisten---geldstrafe-31256106\">Am 12. September<\/a> verurteilt ein Berliner AG einen Radfahrer zu 2.700 EUR Geldstrafe, der im April 2017 einen Polizisten in Zivil angegriffen und verletzt hatte. In M\u00fcnchen (Bayern) verletzt ein Randalierer <a href=\"https:\/\/sueddeutsche.de\/muenchen\/schillerstrasse-angriff-polizisten-1.4134917\">am 18. September<\/a> zwei Polizisten so schwer, dass sie dienstunf\u00e4hig abtreten mussten; zu seiner \u00dcberw\u00e4ltigung sind 30 Beamte notwendig. <a href=\"http:\/\/www.spiegel.de\/panorama\/justiz\/chemnitz-angriff-auf-polizisten-bewaehrungsstrafe-fuer-demonstranten-a-1230198.html\">Am 26. September<\/a> verurteilt das AG Chemnitz (Sachsen) einen Mann, der nach einer Demonstration eine Festnahme gest\u00f6rt und den Polizisten angegriffen hatte, zu einer f\u00fcnfmonatigen Bew\u00e4hrungsstrafe. In Berlin versuchen <a href=\"https:\/\/www.morgenpost.de\/berlin\/article215434265\/Anwohner-werfen-Flaschen-und-Steine-auf-Polizisten.html\">am 27. September<\/a> mehrere Personen die Festnahme eines Fahrraddiebes zu verhindern und bewerfen die Beamten mit Steinen und Flaschen; ein Polizist wird schwerer verletzt.<\/p>\n<p align=\"left\">7. September: <b>Abschiebung<\/b><b>en<\/b><b>:<\/b> Durch eine parlamentarische Anfrage der Linksfraktion im Bundestag wird bekannt, dass im ersten Halbjahr insgesamt <a href=\"https:\/\/www.morgenpost.de\/article215272529\/Deutschland-schiebt-mehr-Asylbewerber-in-EU-Staaten-ab.html\">450 Menschen<\/a> gem\u00e4\u00df dem Dublin-Abkommen abgeschoben wurden; zumeist nach Italien. Der Europ\u00e4ische Gerichtshof (EuGH) verwirft <a href=\"https:\/\/www.berliner-zeitung.de\/politik\/beschwerde-gegen-deutschland-abgeschobener-gefaehrder-scheitert-in-strassburg-31358024\">am 27. September<\/a> die Beschwerde eines im Mai als Gef\u00e4hrder nach Tunesien abgeschobenen Mannes. Die Entscheidung Deutschlands verletze das Menschenrecht auf Leben nicht (Beschwerde-Nr.: 7675\/18).<\/p>\n<p align=\"left\"><b>A<\/b><b>ntisemitische <\/b><b>Straftaten<\/b><b>:<\/b> In Frankfurt\/M. (Hessen) kommt es laut Polizei zu einer <a href=\"http:\/\/www.spiegel.de\/panorama\/justiz\/frankfurt-am-main-jude-angegriffen-polizei-geht-von-antisemitischer-attacke-aus-a-1228390.html\">\u201eantisemitischen Attacke\u201c<\/a>, bei der ein Mann leicht verletzt wird. Durch Presseberichte wird <a href=\"http:\/\/www.spiegel.de\/politik\/deutschland\/chemnitz-offenbar-attacke-auf-juedisches-restaurant-waehrend-krawalle-a-1227153.html\">am 8. September<\/a> bekannt, dass es am Rande der Chemnitzer Krawalle Ende August auch zu einem Angriff auf ein j\u00fcdisches Restaurant gekommen ist. In Berlin beleidigen zwei Unbekannte <a href=\"https:\/\/www.tagesspiegel.de\/berlin\/polizei-justiz\/antisemitische-attacke-in-berlin-angreifer-fragen-bist-du-jude-und-schlagen-zu\/23131174.html\">am 29. September<\/a> einen Mann antisemitisch und schlagen und treten ihn.<\/p>\n<p>10. September: <b>\u201e<\/b><b>Wei\u00dfer Ring\u201c:<\/b> Die StA L\u00fcbeck (Schleswig-Holstein) erhebt Anklage wegen K\u00f6rperverletzung in Tateinheit mit N\u00f6tigung, sexueller N\u00f6tigung und exhibitionistischer Handlung <a href=\"http:\/\/www.spiegel.de\/panorama\/justiz\/weisser-ring-luebeck-ex-leiter-detlef-hardt-wird-angeklagt-a-1227420.html\">gegen den fr\u00fcheren Leiter der Opferberatung \u201eWei\u00dfer Ring\u201c<\/a>. Hintergrund sind entsprechende Vorw\u00fcrfe mehrerer Frauen aus den Jahren 2015 und 2016.<\/p>\n<p>11. September: <b>Neue Generalstaatsanw\u00e4ltin:<\/b> Der Berliner Senat ernennt die fr\u00fchere Polizeivizepr\u00e4sidentin <a href=\"https:\/\/www.berliner-zeitung.de\/berlin\/polizei\/trotz-schiessstand-affaere-margarete-koppers-nun-offiziell-berlins-generalstaatsanwaeltin-31250704\">Margarete Koppers zur neuen Berliner Generalstaatsanw\u00e4ltin<\/a>. Ihre Berufung war umstritten.<\/p>\n<p>12.September: <b>Sammelabschiebung:<\/b> In Afghanistan landet ein Flugzeug aus M\u00fcnchen (Bayern) mit <a href=\"https:\/\/www.berliner-zeitung.de\/politik\/von-protesten-begleitet-abschiebeflug-in-afghanistan-angekommen-31253894\">rund 20 abgeschobenen Personen<\/a> auf dem Flughafen Kabul. Es ist die 16. Sammelabschiebung seit Dezember 2016.<\/p>\n<p align=\"left\"><b>Kriminelle Polizisten:<\/b> Die StA Berlin erhebt Anklage gegen einen Polizeibeamten wegen <a href=\"https:\/\/www.morgenpost.de\/bezirke\/mitte\/article215310609\/Polizist-angeklagt-Drogenrazzien-gegen-Geld-verraten.html\">Bestechlichkeit, Verletzung von Dienstgeheimnissen und Beteiligung am Bet\u00e4ubungsmittelhandel<\/a>. Der Mann soll vor Drogenrazzien gewarnt und daf\u00fcr mindestens 44.000 EUR kassiert haben. In Berlin ermitteln und Polizei und StA <a href=\"https:\/\/www.berliner-zeitung.de\/berlin\/polizei\/spionageverdacht-tuerkischer-geheimdienst-soll-spitzel-bei-berliner-polizei-haben-31355606\">gegen einen h\u00f6heren Polizeibeamten<\/a>, der im Verdacht steht, Meldedaten von Erdogan-Kritikern und -gegnern an den t\u00fcrkischen Geheimdienst gegeben zu haben.<\/p>\n<p align=\"left\"><b>Polizeischuss:<\/b> Am Hambacher Forst bei Aachen (NRW) gibt ein Polizist <a href=\"https:\/\/www.sueddeutsche.de\/politik\/protest-gegen-braunkohleabbau-polizist-gibt-am-hambacher-forst-warnschuss-ab-1.4126764\">einen Warnschuss ab<\/a>, als er mit Steinen beworfen wird. Verletzt wird niemand.<\/p>\n<p align=\"left\">13. September: <b>Festnahmen von mutma\u00dflichen Dschihadisten:<\/b> Die StA Frankfurt\/M. (Hessen) gibt die Festnahme eines Jugendlichen wegen <a href=\"http:\/\/www.spiegel.de\/politik\/deutschland\/rhein-main-gebiet-jugendlicher-wegen-terrorverdacht-festgenommen-a-1227931.html\">Vorbereitung eines islamistisch-motivierten Terroranschlags<\/a> bekannt. Bei der Durchsuchung seiner Wohnung waren Komponenten zur Sprengstoffherstellung gefunden worden. In Berlin wird <a href=\"https:\/\/www.morgenpost.de\/berlin\/polizeibericht\/article215433993\/Festnahme-in-Berlin-Syrer-soll-Anschlag-geplant-haben.html\">am 20. September<\/a> ein Syrer festgenommen, der im Verdacht steht, einen Anschlag in Israel geplant und K\u00e4mpfer f\u00fcr den IS angeworben zu haben. Auf dem Flughafen D\u00fcsseldorf (NRW) wird <a href=\"http:\/\/www.spiegel.de\/panorama\/justiz\/islamischer-staat-ermittler-nehmen-deutsche-dschihadistin-fest-a-1229306.html\">am 21. September<\/a> eine junge Frau festgenommen. Sie war im November 2013 nach Syrien ausgereist und hatte sich dem IS angeschlossen; Anfang des Jahres floh sie in die T\u00fcrkei und wurde nun ausgeliefert.<\/p>\n<p align=\"left\"><b>Hambacher Forst:<\/b> Mit rund 3.000 Polizisten beginnt die R\u00e4umung der ersten Baumh\u00e4user der <a href=\"https:\/\/www.sueddeutsche.de\/politik\/hambacher-forst-ueber-allen-wipfeln-ist-laerm-1.4128897\">Besetzer im Hambacher Forst<\/a> bei Aachen (NRW), die dort gegen die bevorstehende Rodung zugunsten des Braunkohleabbaus protestieren. Zuvor hatte das VG K\u00f6ln entschieden, dass die <a href=\"https:\/\/www.juris.de\/jportal\/portal\/t\/g66\/page\/homerl.psml?nid=jnachr-JUNA180902771&amp;cmsuri=%2Fjuris%2Fde%2Fnachrichten%2Fzeigenachricht.jsp\">R\u00e4umungsverf\u00fcgung rechtm\u00e4\u00dfig<\/a> ist (Az: 23 L 2060\/18). <a href=\"https:\/\/www.juris.de\/jportal\/portal\/t\/mah\/page\/homerl.psml?nid=jnachr-JUNA180902780&amp;cmsuri=%2Fjuris%2Fde%2Fnachrichten%2Fzeigenachricht.jsp\">Am 14. September<\/a> best\u00e4tigt das OVG M\u00fcnster das Urteil (Az: 7 B 1354\/18). In Berlin r\u00e4umt die Polizei am gleichen Tag die <a href=\"https:\/\/www.berliner-zeitung.de\/berlin\/polizei\/proteste-gegen-braunkohle-polizei-raeumt-blockade-an-nrw-landesvertretung-in-berlin-31266220\">Blockade der NRW-Landesvertretung<\/a>. Hambach-Symphatisanten hatten das Foyer und den Eingangsbereich blockiert; w\u00e4hrend die R\u00e4umung im Hambacher Forst sowohl <a href=\"https:\/\/www.berliner-zeitung.de\/politik\/raeumung-des-hambacher-forstes-spd-ministerin\u2014bund-und-sparkassen-fonds-enttaeuscht--31268502\">an diesem Tag wie auch am 15. September<\/a> fortgesetzt wird. Dabei werden sieben Personen leicht verletzt, 30 festgenommen und <a href=\"https:\/\/www.berliner-zeitung.de\/politik\/proteste-gegen-waldrodung-mehrere-verletzte-und-festnahmen-im-hambacher-forst-31272702\">52 Platzverweise erteilt<\/a>. In der N\u00e4he des Forstes<a href=\"https:\/\/www.tagesspiegel.de\/politik\/raeumung-im-hambacher-forst-aktivisten-besetzen-kraftwerksbagger\/23067132.html\"> besetzen Aktivisten drei Bagger<\/a> des Braunkohlekraftwerkes. Am <a href=\"https:\/\/www.tagesspiegel.de\/politik\/protest-gegen-braunkohleabbau-rangeleien-und-scharmuetzel-im-hambacher-forst\/23072990.html\">16. September<\/a> demonstrieren mehrere tausend Menschen gegen die R\u00e4umung und Rodung des Hambacher Forstes. Es werden neue B\u00e4ume gepflanzt. <a href=\"https:\/\/www.sueddeutsche.de\/politik\/braunkohlerevier-in-nrw-raeumung-des-hambacher-forsts-nach-toedlichem-sturz-ausgesetzt-1.4137006\">Am 19. September<\/a> st\u00fcrzt ein Journalist von einer Verbindungsbr\u00fccke zwischen zwei Baumh\u00e4usern und stirbt. Die R\u00e4umung wird daraufhin vorerst ausgesetzt. <a href=\"https:\/\/www.juris.de\/jportal\/portal\/t\/slk\/page\/homerl.psml?nid=jnachr-JUNA180902865&amp;cmsuri=%2Fjuris%2Fde%2Fnachrichten%2Fzeigenachricht.jsp\">Am 22. September<\/a> untersagt das VG Aachen (NRW) im Eilverfahren eine f\u00fcr den n\u00e4chsten Tag als \u201eWaldspaziergang\u201c deklarierte Demonstration (Az: 6 L 1431 \/18). Tags darauf protestieren im Hambacher Forst rund <a href=\"http:\/\/www.faz.net\/aktuell\/politik\/inland\/tausende-demonstrieren-im-hambacher-forst-gegen-kohleabbau-15802958.html\">8.000 Menschen<\/a> gegen den geplanten Braunkohleabbau. Einzelne Demonstranten errichten Barrikaden. <a href=\"https:\/\/www.sueddeutsche.de\/politik\/braunkohlrevier-polizei-nimmt-raeumung-im-hambacher-forst-wieder-auf-1.4142583\">Am 24. September<\/a> werden die R\u00e4umungen wieder aufgenommen. <a href=\"https:\/\/www.sueddeutsche.de\/politik\/hambacher-forst-aktivistin-abgestuerzt-und-schwer-verletzt-1.4147175\">Am 26. September<\/a> st\u00fcrzt eine Besetzerin von einem Baumhaus und verletzt sich schwer. Sie wird ins Krankenhaus gebracht. Erneut demonstrieren <a href=\"https:\/\/www.berliner-zeitung.de\/politik\/77-baumhaeuser-im-hambacher-forst-geraeumt-31372216\">am 30. September<\/a> \u00fcber 10.000 Rodungsgegner am Hambacher Forst; vereinzelt werden Barrikaden gebaut. Zu Auseinandersetzungen kommt es nicht. In Berlin klettern <a href=\"https:\/\/www.berliner-zeitung.de\/berlin\/polizei\/polizeibericht-hambacher-forst\u2014demonstranten-klettern-auf-baum-am-bundestag-31371210\">am 30. September<\/a> drei M\u00e4nner auf einen Baum am Bundestagsgeb\u00e4ude und entrollen Transparente gegen die Rodung des Hambacher Forstes.<\/p>\n<p align=\"left\">14. September: <b>Neuer Polizeiverein: <\/b>In Berlin gr\u00fcndet sich der <a href=\"https:\/\/www.behoerden-spiegel.de\/2018\/09\/14\/stimme-der-stadt\/\">Verein \u201ePro Polizei Berlin\u201c<\/a>. Sein Ziel ist ein besseres Image der Polizei. Zum Vorstand geh\u00f6rt auch der Berliner Landesvorsitzende der rechten \u201eDeutschen Polizeigewerkschaft\u201c (DPolG).<\/p>\n<p align=\"left\"><b>B\u00fcrgerwehren:<\/b> In Chemnitz (Sachsen) werden 15 Mitglieder einer <a href=\"http:\/\/www.spiegel.de\/panorama\/justiz\/chemnitz-sechs-buergerwehr-mitglieder-fesrtgenommen-a-1228311.html\">rechtsradikalen \u201eB\u00fcrgerwehr\u201c<\/a> zun\u00e4chst in Gewahrsam genommen; sechs von ihnen werden anschlie\u00dfend festgenommen. Durch Presseberichte wird <a href=\"https:\/\/leute.tagesspiegel.de\/neukoelln\/macher\/2018\/09\/19\/58196\/npd-schickt-angeblich-rechtsradikale-buergerwehr-auf-nachtstreife-in-suedneukoelln\/\">am 19. September<\/a> bekannt, dass in einem Berliner Stadtbezirk nachts kurzfristig eine \u201ePatrouille\u201c der NPD-Kampagne \u201eSchafft Schutzzonen\u201c (SS) unterwegs war. \u00c4hnliche Streifen hatte es im M\u00e4rz und Juni auch in anderen Bezirken bereits gegeben. <a href=\"http:\/\/www.spiegel.de\/politik\/deutschland\/chemnitz-polizei-durchsucht-sogenannte-buergerwehr-gegen-auslaender-a-1229261.html\">Am 20. September<\/a> durchsucht die Polizei die Wohnungen mehrerer Mitglieder der Chemnitzer \u201eB\u00fcrgerwehr\u201c. Medien berichten <a href=\"https:\/\/www.morgenpost.de\/politik\/article215386525\/Buergerwehr-mit-Kampfsportlern-soll-Drogendealer-vertreiben.html\">am 21. September<\/a> , dass ein Hamburger Rechtsanwalt eine \u201eB\u00fcrgerwehr\u201c aus 32 Kampfsportlern gegr\u00fcndet hat. Sie sollen in einem, als Drogenumschlagplatz bekannten Park patrouillieren und dort nach dem \u201eJedermannsrecht\u201c Dealer festnehmen. In einem Berliner Stadtbezirk besteht ein selbsternannter Verein \u201eBuchholzer Sicherheit\u201c, wie <a href=\"https:\/\/www.morgenpost.de\/bezirke\/pankow\/article215388319\/Buergerwachdienst-will-in-Buchholz-fuer-Sicherheit-sorgen.html\">am 22. September<\/a> bekannt wird. Der Verein gr\u00fcndete sich demnach bereits im 2015 und f\u00fchrt seit Juli 2018 \u201eSicherheitsfahrten\u201c in zwei polizei\u00e4hnlichen Fahrzeugen durch.<\/p>\n<p align=\"left\">15. September: <b>Kirchenbesetzung:<\/b> In Frankfurt\/M. (Hessen) <a href=\"http:\/\/www.spiegel.de\/politik\/deutschland\/attac-demonstranten-besetzen-paulskirche-in-frankfurt-a-1228324.html\">besetzen 50 Globalisierungsgegner<\/a> der Gruppe ATTAC die Paulskirche und fordern eine Demokratisierung des Finanzsystems. Die Stadt gesteht ihnen zu, bis zum n\u00e4chsten Morgen in der Kirche bleiben zu k\u00f6nnen. Am Morgen des <a href=\"http:\/\/www.fr.de\/frankfurt\/besetzung-der-paulskirche-attac-aktivisten-verlassen-frankfurter-paulskirche-a-1583535\">16. September<\/a> verlassen die Besetzer die Paulskirche wieder.<\/p>\n<p align=\"left\">16. September: <b>F<\/b><b>u\u00dfball-Hooligans:<\/b> Unmittelbar nach dem Schlusspfiff gehen in Dortmund (NRW) Anh\u00e4nger von Amateur-Fu\u00dfballmannschaften <a href=\"https:\/\/www.berliner-zeitung.de\/panorama\/polizeieinsatz\u2014massenschlaegerei-zwischen-fussballteams-in-dortmund-31278284\">auf dem Spielfeld aufeinander los<\/a>. Der Schiedsrichter fl\u00fcchtet. In M\u00f6nchengladbach (NRW) wird <a href=\"http:\/\/www.spiegel.de\/panorama\/justiz\/moenchengladbach-leiche-von-hogesa-mitbegruender-entdeckt-a-1229089.html\">am 19. September<\/a> die Leiche eines f\u00fchrenden Hooligans der rechten Gruppierung \u201eHooligans gegen Salafisten\u201c (Hogesa) mit Stichwunden aufgefunden. <a href=\"https:\/\/www.morgenpost.de\/vermischtes\/article215377005\/Hogesa-Gruender-tot-aufgefunden-Trauermarsch-geplant.html\">Die Obduktion ergibt Selbstmord<\/a>.<\/p>\n<p align=\"left\">17. September: <b>Ermittlungen gegen <\/b><b>Polizeibeamte<\/b><b>:<\/b> In Berlin hat die StA seit 2010 insgesamt <a href=\"https:\/\/www.berliner-zeitung.de\/berlin\/polizei\/seit-2010-staatsanwaltschaft-ermittelt-in-rund-8000-faellen-gegen-berliner-polizisten-31280286\">8.095 Ermittlungsverfahren gegen Berliner Polizeibeamte<\/a> eingeleitet; davon f\u00fchrten 1.612 auch zu Disziplinarverfahren seitens der Polizeibeh\u00f6rde. Dies wird im Innenausschuss des Berliner Abgeordnetenhauses bekannt. In Berlin versuchen <a href=\"https:\/\/www.morgenpost.de\/berlin\/article215434265\/Anwohner-werfen-Flaschen-und-Steine-auf-Polizisten.html\">am 27. September<\/a> mehrere Personen die Festnahme eines Fahrraddiebes zu verhindern und bewerfen die Beamten mit Steinen und Flaschen; ein Polizist wird schwerer verletzt. Ein hinzukommender weiterer Beamter tritt mehrmals auf den Festgenommenen ein; gegen ihn wird ein <a href=\"https:\/\/www.morgenpost.de\/berlin\/article215440441\/Ermittlungen-gegen-Polizisten-nach-Festnahmen.html\">Ermittlungsverfahren wegen K\u00f6rperverletzung im Amt<\/a> eingeleitet. Am <a href=\"http:\/\/www.spiegel.de\/panorama\/justiz\/kleve-zu-unrecht-inhaftierter-syrer-stirbt-an-verbrennungen-a-1231092.html\">28. September<\/a> leitet die StA Kleve (NRW) gegen mehrere Beamte der Kreispolizeibeh\u00f6rde Kleve wegen des Verdachts der Freiheitsberaubung ein. Sie hatten einen Syrer \u2013 vermutlich aufgrund einer Verwechslung \u2013 mehr als zwei Monate unschuldig in Haft gehalten, bevor er seine Zelle anz\u00fcndete und an schweren Verbrennungen verstarb.<\/p>\n<p align=\"left\"><b>Zollrazzia:<\/b> Nach einer <a href=\"https:\/\/www.tagesspiegel.de\/politik\/bundesweite-razzia-verstoesse-gegen-das-mindestlohngesetz\/23077274.html\">bundesweiten Razzia der \u201eFinanzkontrolle Schwarzarbeit\u201c<\/a> des Zoll wurden 351 Ermittlungsverfahren wegen Versto\u00df gegen das Mindestlohngesetz eingeleitet; weitere 3.291 F\u00e4lle werden noch n\u00e4her gepr\u00fcft. Dies gibt der Zoll bekannt.<\/p>\n<p align=\"left\"><b>G20-Gipfel:<\/b> In Zusammenhang mit den Ausschreitungen beim G20-Gipfel im Juli 2017 startet die Polizei eine <a href=\"http:\/\/www.spiegel.de\/panorama\/justiz\/g20-ermittlungen-polizisten-durchsuchen-gebaeude-in-drei-bundeslaendern-a-1228630.html\">europaweite \u00d6ffentlichkeitsfahndung<\/a>; zudem werden am 18. September in Hamburg, Schleswig-Holstein und NRW Durchsuchungen durchgef\u00fchrt. In Hamburg wird dabei <a href=\"https:\/\/www.berliner-zeitung.de\/politik\/nach-g20-ausschreitungen-durchsuchungen-und-festnahme-eines-35-jaehrigen-31310308\">ein Mann festgenommen<\/a>.<\/p>\n<p align=\"left\"><b>Demonstration f\u00fcr Fl\u00fcchtlingsrettung:<\/b> In Frankfurt\/M. (Hessen) demonstrieren rund <a href=\"http:\/\/www.spiegel.de\/politik\/deutschland\/frankfurt-am-main-tausende-protestieren-gegen-fluechtlingspolitik-a-1228622.html\">6.300 Menschen<\/a> gegen die Fl\u00fcchtlingspolitik der Bundesregierung und f\u00fcr die Fl\u00fcchtlingsrettung im Mittelmeer.<\/p>\n<p align=\"left\">18. September: <b>Menschenhandel:<\/b> Durch eine parlamentarische Anfrage der Gr\u00fcnen-Fraktion im Berliner Abgeordnetenhaus wird bekannt, dass im Jahr 2017 in der Stadt insgesamt <a href=\"https:\/\/www.morgenpost.de\/berlin\/article215354951\/Menschenhandel-in-Berlin-steigt-wieder-an.html\">104 F\u00e4lle von Menschenhandel<\/a> bekannt wurden (2016: 110).<\/p>\n<p align=\"left\"><b>Bundeswehrsoldat unter Terrorverdacht:<\/b> Vor dem VG Darmstadt (Hessen) zieht das Polizeipr\u00e4sidium S\u00fcdosthessen die <a href=\"http:\/\/www.faz.net\/aktuell\/politik\/inland\/franco-a-melde-gebot-des-bundeswehrsoldaten-aufgehoben-15794424.html\">Meldeauflage f\u00fcr einen rechtsextremen Bundeswehrsoldaten zur\u00fcck<\/a>. Ihm wird vorgeworfen, einen Anschlag geplant und sich als Asylbewerber ausgegeben zu haben um den Verdacht auf Fl\u00fcchtlinge zu lenken. Bereits im November 2017 hatte der BGH den Haftbefehl mangels dringendem Tatverdacht aufgehoben.<\/p>\n<p align=\"left\"><b>Rechtsradikale Polizisten:<\/b> Durch Presseberichte wird bekannt, dass ein Polizeiangestellter, der Anfang September betrunken und gemeinsam mit f\u00fcnf anderen vor einem Eiscaf\u00e9 in Wiesloch (Baden-W\u00fcrttemberg) <a href=\"http:\/\/www.spiegel.de\/panorama\/justiz\/wiesloch-mitarbeiter-der-polizei-soll-an-rassistischem-angriff-beteiligt-gewesen-sein-a-1228781.html\">t\u00fcrkische G\u00e4ste rassistisch beschimpft und angegriffen<\/a> hatte, bis zum Abschluss der Ermittlungen von seinen Aufgaben entbunden wurde.<\/p>\n<p align=\"left\">19. September: <b>Rechtsextremismus:<\/b> Fast zwei Jahre nach der Anklageerhebung gegen vier Mitglieder der verbotenen Vereinigung \u201eWei\u00dfe W\u00f6lfe Terrorcrew\u201c wegen Bildung einer kriminellen Vereinigung, K\u00f6rperverletzungs- und Sprengstoffdelikten l\u00e4sst das LG Bamberg (Bayern) <a href=\"https:\/\/www.sueddeutsche.de\/bayern\/bamberg-rechtsextremisten-kommen-nach-zwei-jahren-vor-gericht-1.4136977\">die Anklage zur Hauptverhandlung zu<\/a>. Laut Medienrecherchen vom 29. September wurden seit der deutschen Wiedervereinigung <a href=\"https:\/\/www.tagesspiegel.de\/politik\/rechtsextremismus-in-deutschland-von-169-todesopfern-rechter-gewalt-werden-nur-83-offiziell-genannt\/23117380.html\">169 Menschen durch Rechtsextremisten get\u00f6tet<\/a>; hinzu kommen 61 Verdachtsf\u00e4lle. Sie widersprechen damit der offiziellen Verlautbarung der Bundesregierung vom Juni, die nur 83 Todesopfer nennt.<\/p>\n<p align=\"left\">20. September: <b>Rechtsextremistische Terrorgruppe NSU:<\/b> Das OVG M\u00fcnster (NRW) verurteilt das BfV dazu, <a href=\"https:\/\/www.morgenpost.de\/politik\/article215379239\/NSU-Akten-vernichtet-Verfassungsschutz-muss-informieren.html\">einem Journalisten Auskunft<\/a> \u00fcber die Aktenvernichtung in Zusammenhang mit den Morden der rechtsextremen Terrorzelle NSU zu geben.<\/p>\n<p align=\"left\"><b>Missbrauch von Berliner Polizeicomputer:<\/b> Die Berliner Polizei erkl\u00e4rt, dass durch einen entdeckten Keylogger <a href=\"https:\/\/www.berliner-zeitung.de\/berlin\/polizei\/keylogger-entdeckt-versuchter-datenklau-bei-der-berliner-polizei-31325540\">keine Daten aus dem zentralen Computersystem gestohlen<\/a> worden seien: \u201eEine Missbrauchsabsicht hinsichtlich sensibler Datenbest\u00e4nde konnte ausgeschlossen werden\u201c. Weitere Angaben werden zun\u00e4chst nicht gemacht. <a href=\"https:\/\/www.morgenpost.de\/berlin\/article215390663\/Keylogger-bei-Polizei-entdeckt-Behoerde-spricht-von-Scherz.html\">Am 22. September<\/a> teilt die Polizei mit, bei dem bereits im M\u00e4rz entdeckten Keylogger habe es sich um einen \u201eScherz\u201c unter Kollegen gehandelt. Gegen den daf\u00fcr verantwortlichen Mitarbeiter sei ein Straf- und Disziplinarverfahren eingeleitet worden.<\/p>\n<p align=\"left\">24. September: <b>Ds<\/b><b>chihadisten-Prozesse:<\/b> Das OLG D\u00fcsseldorf (NRW) verurteilt einen syrischen Dschihadisten wegen Kriegsverbrechen <a href=\"https:\/\/www.berliner-zeitung.de\/politik\/misshandlung-und-folter-syrischer-kriegsverbrecher-zu-lebenslanger-haft-verurteilt-31340678\">zu lebenslanger Haft<\/a>. Er war im April 2016 festgenommen worden. Vom OLG Frankfurt\/M. (Hessen) wird am gleichen Tag ein IS-Terrorist wegen Beihilfe zu Kriegsverbrechen <a href=\"https:\/\/www.morgenpost.de\/vermischtes\/article215404557\/Deutscher-IS-Terrorist-wegen-Kriegsverbrechen-verurteilt.html\">zu einer 10-j\u00e4hrigen Haftstrafe<\/a> verurteilt.<\/p>\n<p align=\"left\"><b>Gewalt gegen<\/b><b> Obdachlose:<\/b> In einer Berliner S-Bahn <a href=\"https:\/\/www.berliner-zeitung.de\/berlin\/polizei\/s7-in-ahrensfelde-sicherheitsmitarbeiter-der-bahn-gehen-auf-obdachlosen-los-31346694\">schlagen Sicherheitsmitarbeiter einen schlafenden Obdachlosen<\/a>. Die Polizei stellt ihre Personalien fest und leitet ein Verfahren wegen K\u00f6rperverletzung ein. Wiederum in Berlin wird <a href=\"https:\/\/www.morgenpost.de\/berlin\/polizeibericht\/article215435679\/Brandstiftung-Obdachlosenlager-brennt-komplett-aus.html\">am 27. September<\/a> das Lager eines Obdachlosen abgebrannt; der Mann ist zu dieser Zeit nicht vor Ort.<\/p>\n<p align=\"left\">25. September: <b>Stasi-<\/b><b>Gedenkst\u00e4tte<\/b><b>:<\/b> Nach mehreren Vorw\u00fcrfen sexueller Bel\u00e4stigungen gegen den Vize-Direktor der Berliner Stasi-Gedenkst\u00e4tte stellt der Stiftungsrat auch <a href=\"https:\/\/www.tagesspiegel.de\/berlin\/stasi-gedenkstaette-hohenschoenhausen-direktor-hubertus-knabe-muss-nach-vorwuerfen-gegen-seinen-vize-gehen\/23112912.html\">den Direktor zun\u00e4chst frei<\/a>. Beiden soll ordnungsgem\u00e4\u00df gek\u00fcndigt werden.<\/p>\n<p align=\"left\">26. September: <b>Homophobe <\/b><b>Angriffe<\/b><b>:<\/b> In Berlin wird ein Mann vor seiner Wohnung von einer Gruppe junger M\u00e4nner <a href=\"https:\/\/www.morgenpost.de\/berlin\/polizeibericht\/article215426491\/Das-geschah-in-der-Nacht-zu-Donnerstag-27-September-2018-in-Berlin.html\">schwulenfeindlich beschimpft<\/a> und ein Stein durch sein Fenster geworfen.<\/p>\n<p align=\"left\">27. September: <b>Staatsbesuch:<\/b> F\u00fcr den polizeilichen Gro\u00dfeinsatz anl\u00e4sslich des Staatsbesuchs des t\u00fcrkischen Pr\u00e4sidenten Erdogan in Berlin, tragen zwei Beamte des s\u00e4chsischen Sondereinsatzkommandos (SEK) <a href=\"https:\/\/www.sueddeutsche.de\/politik\/erdogan-besuch-saechsische-polizisten-uwe-boehnhardt-1.4148768\">am 27. September<\/a> den Namen des NSU-Terroristen Uwe B\u00f6hnhardt in eine Liste f\u00fcr einen Akkreditierungsausweis ein. Sie werden sofort aus dem Einsatz abgezogen. Das LKA Dresden (Sachsen) suspendiert die M\u00e4nner sofort vom Dienst und leitet ein Disziplinarverfahren mit dem Ziel der Dienstentfernung ein. Medienberichten <a href=\"http:\/\/www.spiegel.de\/politik\/deutschland\/recep-tayyip-erdogan-in-berlin-sek-beamte-sorgen-fuer-eklat-a-1230737.html\">vom 28. September<\/a> zufolge taten sie dies f\u00fcr einen Kollegen, der davon nichts gewusst habe. Das LKA erkl\u00e4rt hingegen, dessen Rolle dabei werde noch gepr\u00fcft. In Berlin versammeln sich an diesem Tag rund 150 Vermummte zu einer <a href=\"https:\/\/www.berliner-zeitung.de\/berlin\/polizei\/wegen-erdogan-besuch-randalierer-ziehen-durch-kreuzberg-31364224\">Spontan-Demonstration gegen Erdogan<\/a>. Als die Polizei den Aufzug stoppt, kommt es zu Auseinandersetzungen; acht Personen werden festgenommen. In den fr\u00fchen Morgenstunden des 28. September waren von Unbekannten bereits M\u00fclltonnen und Autoreifen angez\u00fcndet sowie Anti-Erdogan-Plakate geklebt worden. An einer angemeldeten Demonstration gegen Erdogan am gleichen Tag nehmen etwa <a href=\"https:\/\/www.berliner-zeitung.de\/berlin\/militaerische-ehren\u2014staatsbankett--demos-berlin-im-erdogan-stau-31367454\">6.000 Menschen<\/a> teil. Am gleichen Tag verbietet die Stadt K\u00f6ln (NRW) eine <a href=\"http:\/\/www.spiegel.de\/politik\/deutschland\/recep-tayyip-erdogan-koeln-verbietet-grossdemo-bei-ditib-moschee-a-1230748.html\">Gro\u00dfkundgebung vor der Ditib-Zentralmoschee<\/a>, die Erdogan er\u00f6ffnen soll, wegen eines fehlenden Sicherheitskonzeptes. Insgesamt zieht die Berliner Polizei <a href=\"https:\/\/www.berliner-zeitung.de\/berlin\/polizei\/-erdogan-not-welcome---polizei-zieht-positives-fazit-nach-demo-in-berlin-31368324\">am 29. September<\/a> eine positive Bilanz der Eins\u00e4tze w\u00e4hrend des Staatsbesuches. In K\u00f6ln zieht die Polizei <a href=\"https:\/\/www.tagesspiegel.de\/politik\/erdogan-eroeffnet-moschee-polizei-parolen-und-proteste-koeln-im-ausnahmezustand\/23131366.html\">am 29. September<\/a> einen Kordon um die Moschee, um mehrere Tausend Menschen zur\u00fcckzuhalten, die an der Er\u00f6ffnung durch Erdogan teilnehmen wollen (Gegendemonstranten: rund 2.000). Zu Auseinandersetzungen kommt es nicht. <a href=\"http:\/\/www.spiegel.de\/politik\/deutschland\/recep-tayyip-erdogan-in-koeln-tuerkische-sicherheitsleute-uebernahmen-kurz-polizeifunktion-a-1230899.html\">Am 30. September<\/a> wird bekannt, dass t\u00fcrkische Sicherheitsleute eigenm\u00e4chtig eine Stra\u00dfe abgesperrt hatten, um Gegendemonstranten zur\u00fcck zu halten.<\/p>\n<h3 align=\"left\">Beitragsbild: Eines der letzten Bilder des im HambacherForst get\u00f6teten <a href=\"https:\/\/twitter.com\/Vergissmeynnic1\">Vergissmeynnicht<\/a>.<\/h3>\n","protected":false},"excerpt":{"rendered":"<p>zusammengestellt von Otto Diederichs 1. September: Rechtsradikale Demonstrationen und Kundgebungen: In Chemnitz (Sachsen) demonstrieren rund<\/p>\n","protected":false},"author":2,"featured_media":14555,"comment_status":"open","ping_status":"open","sticky":false,"template":"","format":"standard","meta":{"footnotes":""},"categories":[6],"tags":[667,820,1094,1195,1216],"class_list":["post-14553","post","type-post","status-publish","format-standard","has-post-thumbnail","hentry","category-chronologien","tag-geheimdienste","tag-justiz","tag-polizei","tag-rechtsextremismus","tag-repression"],"_links":{"self":[{"href":"https:\/\/wp-dev.daten.cool\/index.php?rest_route=\/wp\/v2\/posts\/14553","targetHints":{"allow":["GET"]}}],"collection":[{"href":"https:\/\/wp-dev.daten.cool\/index.php?rest_route=\/wp\/v2\/posts"}],"about":[{"href":"https:\/\/wp-dev.daten.cool\/index.php?rest_route=\/wp\/v2\/types\/post"}],"author":[{"embeddable":true,"href":"https:\/\/wp-dev.daten.cool\/index.php?rest_route=\/wp\/v2\/users\/2"}],"replies":[{"embeddable":true,"href":"https:\/\/wp-dev.daten.cool\/index.php?rest_route=%2Fwp%2Fv2%2Fcomments&post=14553"}],"version-history":[{"count":0,"href":"https:\/\/wp-dev.daten.cool\/index.php?rest_route=\/wp\/v2\/posts\/14553\/revisions"}],"wp:featuredmedia":[{"embeddable":true,"href":"https:\/\/wp-dev.daten.cool\/index.php?rest_route=\/wp\/v2\/media\/14555"}],"wp:attachment":[{"href":"https:\/\/wp-dev.daten.cool\/index.php?rest_route=%2Fwp%2Fv2%2Fmedia&parent=14553"}],"wp:term":[{"taxonomy":"category","embeddable":true,"href":"https:\/\/wp-dev.daten.cool\/index.php?rest_route=%2Fwp%2Fv2%2Fcategories&post=14553"},{"taxonomy":"post_tag","embeddable":true,"href":"https:\/\/wp-dev.daten.cool\/index.php?rest_route=%2Fwp%2Fv2%2Ftags&post=14553"}],"curies":[{"name":"wp","href":"https:\/\/api.w.org\/{rel}","templated":true}]}}