{"id":14602,"date":"2005-05-25T17:37:10","date_gmt":"2005-05-25T17:37:10","guid":{"rendered":"https:\/\/www.cilip.de\/?p=14602"},"modified":"2005-05-25T17:37:10","modified_gmt":"2005-05-25T17:37:10","slug":"gemeinsame-pressemitteilung-verleihung-des-werner-holtfort-preises-2005-an-buergerrechte-polizei-cilip","status":"publish","type":"post","link":"https:\/\/wp-dev.daten.cool\/?p=14602","title":{"rendered":"Gemeinsame Pressemitteilung &#8211; Verleihung des Werner-Holtfort-Preises 2005 an B\u00fcrgerrechte &amp; Polizei\/CILIP"},"content":{"rendered":"<p>Berlin und Hannover, den 24. Mai 2005<\/p>\n<p>Der Werner-Holtfort-Preis 2005 wird an die Redaktion der Zeitschrift B\u00fcrgerrechte &amp; Polizei\/CILIP &#8211; Dr. Heiner Busch, Martina Kant, Professor Dr. Norbert P\u00fctter &#8211; f\u00fcr die langj\u00e4hrige und materiell oft schwierige publizistische T\u00e4tigkeit zur Verteidigung der B\u00fcrgerrechte und des Primats von Freiheit, W\u00fcrde und Selbstbestimmung gegen die manchmal \u00fcberm\u00e4chtig scheinenden Verfechter der Prinzipien von Recht und Ordnung im Sicherheitsstaat, verliehen.<\/p>\n<p>Das Preisgeld in H\u00f6he von 7.500 Euro dient der Weiterf\u00fchrung und sichert den Fortbestand der Zeitschrift.<!--more--><\/p>\n<p>Die Zeitschrift B\u00fcrgerrechte &amp; Polizei\/CILIP dokumentiert und analysiert seit 1978 die gesetzlichen, organisatorischen und taktischen Ver\u00e4nderungen innerer Sicherheitspolitik in der Bundesrepublik und liefert dar\u00fcber hinaus Nachrichten und Berichte zur Polizeientwicklung in Europa.<\/p>\n<p>Die Preisverleihung findet im Rahmen der Veranstaltung &#8222;Feindstrafrecht &#8211; Auf dem Weg zu einer anderen Kriminalpolitik?&#8220; am 27. Mai 2005, 14.00 Uhr statt, zu welcher die Friedrich-Ebert-Stiftung und die Holtfort-Stiftung gemeinsam einladen.<\/p>\n<p>Veranstaltungsort: Konferenzsaal der Friedrich-Ebert-Stiftung, Hiroshimastra\u00dfe 17, 10785 Berlin-Tiergarten.<\/p>\n<p>Dr. Werner Holtfort war Anwalt f\u00fcr mehr Gerechtigkeit und Humanit\u00e4t. In seinem Testament setzte er die Holtfort-Stiftung als Alleinerbin ein und bestimmte die Regularien des Vorstandes. In den f\u00fcnfk\u00f6pfigen Vorstand entsenden je ein Vorstandsmitglied der Republikanische Anw\u00e4ltinnen- und Anw\u00e4lteverein e.V., der den Vorsitzenden benennt; die Arbeitsgemeinschaft Sozialdemokratischer Juristen; die Humanistische Union; der Fachbereich Rechtswissenschaften und der Fachbereich Geisteswissenschaften der Universit\u00e4t, Hannover.<\/p>\n<p>Im Anschluss an die Veranstaltung stehen Ihnen die Preistr\u00e4ger sowie Vertreter der Holtfort-Stiftung gerne f\u00fcr Interviews zur Verf\u00fcgung.<\/p>\n","protected":false},"excerpt":{"rendered":"<p>Berlin und Hannover, den 24. Mai 2005 Der Werner-Holtfort-Preis 2005 wird an die Redaktion der<\/p>\n","protected":false},"author":2,"featured_media":0,"comment_status":"open","ping_status":"open","sticky":false,"template":"","format":"standard","meta":{"footnotes":""},"categories":[144],"tags":[],"class_list":["post-14602","post","type-post","status-publish","format-standard","hentry","category-institut"],"_links":{"self":[{"href":"https:\/\/wp-dev.daten.cool\/index.php?rest_route=\/wp\/v2\/posts\/14602","targetHints":{"allow":["GET"]}}],"collection":[{"href":"https:\/\/wp-dev.daten.cool\/index.php?rest_route=\/wp\/v2\/posts"}],"about":[{"href":"https:\/\/wp-dev.daten.cool\/index.php?rest_route=\/wp\/v2\/types\/post"}],"author":[{"embeddable":true,"href":"https:\/\/wp-dev.daten.cool\/index.php?rest_route=\/wp\/v2\/users\/2"}],"replies":[{"embeddable":true,"href":"https:\/\/wp-dev.daten.cool\/index.php?rest_route=%2Fwp%2Fv2%2Fcomments&post=14602"}],"version-history":[{"count":0,"href":"https:\/\/wp-dev.daten.cool\/index.php?rest_route=\/wp\/v2\/posts\/14602\/revisions"}],"wp:attachment":[{"href":"https:\/\/wp-dev.daten.cool\/index.php?rest_route=%2Fwp%2Fv2%2Fmedia&parent=14602"}],"wp:term":[{"taxonomy":"category","embeddable":true,"href":"https:\/\/wp-dev.daten.cool\/index.php?rest_route=%2Fwp%2Fv2%2Fcategories&post=14602"},{"taxonomy":"post_tag","embeddable":true,"href":"https:\/\/wp-dev.daten.cool\/index.php?rest_route=%2Fwp%2Fv2%2Ftags&post=14602"}],"curies":[{"name":"wp","href":"https:\/\/api.w.org\/{rel}","templated":true}]}}