{"id":14678,"date":"2018-11-06T18:07:45","date_gmt":"2018-11-06T18:07:45","guid":{"rendered":"https:\/\/www.cilip.de\/?p=14678"},"modified":"2018-11-06T18:07:45","modified_gmt":"2018-11-06T18:07:45","slug":"chronologie-oktober-2018","status":"publish","type":"post","link":"https:\/\/wp-dev.daten.cool\/?p=14678","title":{"rendered":"Chronologie Oktober 2018"},"content":{"rendered":"<h3>zusammengestellt von Otto Diederichs<\/h3>\n<p>1. Oktober: <b>Rechtsextremistische Terrorgruppe \u201eRevolution Chemnitz\u201c:<\/b> In Chemnitz (Sachsen) nimmt die Polizei sechs M\u00e4nner fest, die im Verdacht stehen, im September eine Gruppierung \u201eRevolution Chemnitz\u201c gegr\u00fcndet zu haben. Ein siebter Verd\u00e4chtiger sitzt bereits in Haft. Die Generalbundesanwaltschaft (BAW) <a href=\"http:\/\/www.spiegel.de\/politik\/deutschland\/chemnitz-generalbundesanwalt-nimmt-sechs-mutmassliche-rechtsterroristen-fest-a-1230949.html\">leitet ein Verfahren<\/a> wegen Bildung einer rechtsterroristischen Vereinigung ein. Der bereits aus anderen Gr\u00fcnden Inhaftierte <a href=\"http:\/\/www.spiegel.de\/panorama\/justiz\/chemnitz-generalbundesanwalt-ermittelt-rechtsextremisten-festgenommen-a-1231073.html\">gilt als F\u00fchrungsfigur<\/a>. Aus abgeh\u00f6rten Telefonaten und Chats <a href=\"http:\/\/www.spiegel.de\/panorama\/justiz\/revolution-chemnitz-wie-die-behoerden-auf-die-spur-der-zelle-kamen-a-1231149.html\">geht demnach hervor<\/a>, dass die Gruppe Anschl\u00e4ge auf Politiker, Journalisten, Migranten und andere plante. Als sie begann sich Schusswaffen zu besorgen, <a href=\"https:\/\/www.sueddeutsche.de\/politik\/revolution-chemnitz-terrorplaene-1.4152749\">erfolgten die Festnahmen<\/a>. Drei der M\u00e4nner werden noch am gleichen Tag dem Haftrichter vorgef\u00fchrt, die \u00fcbrigen sowie ein unterdessen festgenommener achter Mann <a href=\"https:\/\/www.morgenpost.de\/politik\/article215456305\/Sechs-mutmassliche-Rechtsterroristen-festgenommen.html\">am 2. Oktober<\/a>. Es wird Untersuchungshaft angeordnet.<\/p>\n<p><b>Rechtsextremistische Terrorgruppe \u201eNationalsozialistischer Untergrund (NSU):<\/b> Durch <a href=\"https:\/\/www.morgenpost.de\/politik\/article215455905\/Verurteilter-NSU-Helfer-Andre-E-besucht-Neonazi-Konzert.html\">Presseberichte<\/a> wird bekannt, dass ein NSU-Unterst\u00fctzer, der im Juli im Prozess vor dem Oberlandesgericht (OLG) M\u00fcnchen (Bayern) zu einer zweieinhalbj\u00e4hrigen Haftstrafe verurteilt worden war, kurz nach seiner Haftverschonung bei einem Rechtsrock-Konzert in Kirchheim (Th\u00fcringen) gesehen wurde.<!--more--><\/p>\n<p><b>Kriminelle Polizisten:<\/b> Unter dem Vorwurf der Urkundenf\u00e4lschung ermittelt die Berliner Polizei gegen zwei Beamte, <a href=\"https:\/\/www.tagesspiegel.de\/berlin\/brandenburg-polizisten-faelschten-parkkarten\/23136406.html\">die Parkkarten f\u00fcr einen Beh\u00f6rdenparkplatz kopiert haben<\/a>.<\/p>\n<p><b>Hambacher Forst:<\/b> Durch Pressemeldungen wird bekannt, dass die Polizei in einem Camp der Aktivisten gegen die Rodung des Waldes zum Zweck des Braunkohleabbaus <a href=\"https:\/\/www.morgenpost.de\/politik\/inland\/article215460103\/Immer-mehr-neue-Baumhaeuser-im-Hambacher-Forst.html\">90 Kubikmeter Baumaterial<\/a> f\u00fcr den Bau neuer Baumh\u00e4user sichergestellt hat. Ein Aktivist wird festgenommen. <a href=\"http:\/\/www.faz.net\/aktuell\/politik\/inland\/letztes-baumhaus-im-hambacher-forst-geraeumt-15818462.html\">Am 2. Oktober<\/a> teilt die Polizei mit, dass sie das letzte Baumhaus der Rodungsgegner ger\u00e4umt hat. Unmittelbar danach beginnt der Energiekonzern RWE damit, einen <a href=\"https:\/\/www.sueddeutsche.de\/politik\/nordrhein-westfalen-rwe-zieht-graben-um-hambacher-forst-1.4154021\">Graben auszuheben und Absperrungen<\/a> um das Gel\u00e4nde zu ziehen. <a href=\"https:\/\/www.sueddeutsche.de\/politik\/ovg-urteil-gericht-stoppt-rodung-im-hambacher-forst-1.4157463\">Am 5. Oktober<\/a> verh\u00e4ngt das Oberverwaltungsgericht (OVG) M\u00fcnster (NRW) einen vorl\u00e4ufigen Rodungsstopp f\u00fcr den Hambacher Forst. Das Verwaltungsgericht (VG) Aachen (NRW) <a href=\"http:\/\/www.faz.net\/aktuell\/politik\/inland\/hambacher-forst-gericht-kippt-demonstrationsverbot-15822489.html\">verwirft am gleichen Tag<\/a> zudem ein polizeiliches Verbot f\u00fcr die am 6. Oktober geplante Gro\u00dfdemonstration. Rund <a href=\"http:\/\/www.spiegel.de\/wirtschaft\/unternehmen\/hambacher-forst-tausende-menschen-feiern-rodungsstopp-mit-demo-a-1231914.html\">50.000 Menschen<\/a> demonstrieren daraufhin f\u00fcr die Erhaltung des Forstes. Nach der Ank\u00fcndigung des NRW-Innenministers, die Polizei abzuziehen, entstehen am 7. Oktober wieder erste Baumh\u00e4user. Am Morgen <a href=\"https:\/\/www.welt.de\/politik\/deutschland\/article181799650\/Baumhaeuser-im-Hambacher-Forst-Wenn-das-passiert-wird-dieser-Wald-nie-zur-Ruhe-kommen.html\">des 8. Oktober<\/a> r\u00fcckt die Polizei komplett aus dem Forst ab. Am <a href=\"http:\/\/www.faz.net\/aktuell\/politik\/inland\/aktivisten-dringen-im-hambacher-forst-in-leere-haeuser-ein-15837510.html\">14. Oktober<\/a> dringen mindestens 30 Personen in den Braunkohle-Tagebau ein und blockieren den Abbau f\u00fcr rund eine Stunde. Am 24. Oktober r\u00e4umt die Polizei ein Protestcamp von Braunkohlegegnern nahe des Hambachers Forstes. Der Einsatz bleibt <a href=\"http:\/\/www.faz.net\/aktuell\/politik\/inland\/polizei-raeumt-protestcamp-nahe-hambacher-forst-15855577.html\">\u201eim Gro\u00dfen und Ganzen friedlich\u201c<\/a>. Am 26. Oktober erreicht ein Sonderzug mit rund 1.000 Aktivisten den Bahnhof in D\u00fcren (NRW); die Polizei sperrt den Bahnhof ab; das VG Aachen erkl\u00e4rt <a href=\"https:\/\/www.juris.de\/jportal\/portal\/t\/196i\/page\/homerl.psml?nid=jnachr-JUNA181003209&amp;cmsuri=%2Fjuris%2Fde%2Fnachrichten%2Fzeigenachricht.jsp\">die polizeilichen Kontrollen f\u00fcr zul\u00e4ssig<\/a> (Az: 6 L 1608\/18). Am n\u00e4chsten Tag machen sich weitere <a href=\"https:\/\/rp-online.de\/nrw\/panorama\/demo-am-hambacher-forst-aktivisten-besetzen-braunkohle-bagger-tausende-demonstranten-erwartet_aid-34129715\">mehrere tausend Personen<\/a> zu einem geplanten Protestcamp auf. Etliche marschieren dabei auch \u00fcber die Autobahn, die daraufhin zeitweise f\u00fcr den Verkehr gesperrt werden muss; es kommt zu Auseinandersetzungen mit der Polizei. Nahezu zeitgleich <a href=\"http:\/\/www.spiegel.de\/wirtschaft\/soziales\/hambacher-forst-umweltaktivisten-besetzen-bagger-a-1235475.html\">besetzen etwa 40 Personen<\/a> einen Bagger im anliegenden Braunkohleabbaugebiet. Rund 4.000 Menschen besetzen zudem die Gleise der Hambach-Bahn, die mehrere RWE-Kraftwerke mit Braunkohle versorgt. Die Polizei fertigt <a href=\"http:\/\/www.faz.net\/aktuell\/politik\/inland\/hunderte-strafanzeigen-gegen-aktivisten-bei-protesten-von-ende-gelaende-15860688.html\">rund 400 Strafanzeigen<\/a>. Am <a href=\"https:\/\/www.tagesspiegel.de\/weltspiegel\/ende-gelaende-am-hambacher-forst-demonstranten-an-gleisen-festgekettet-notbremsung-verhindert-unglueck\/23242600.html\">29. Oktober<\/a> gibt die Polizei bekannt, dass Protestierer, die sich an die Bahngleise gekettet hatten, nur durch die Notbremsung eines Triebwagens nicht \u00fcberrollt worden waren.<\/p>\n<p><b>Demonstration f\u00fcr Umweltschutz:<\/b> In M\u00fcnchen (Bayern) demonstrieren etwa zur gleichen Zeit zwischen <a href=\"https:\/\/www.sueddeutsche.de\/muenchen\/demo-muenchen-mia-hams-satt-1.4159134\">15.000 und 18.000<\/a> Menschen f\u00fcr bessere Lebensbedingungen und Umweltschutz.<\/p>\n<p>2. Oktober: <b>Terroranschlag auf Berliner Weihnachtsmarkt:<\/b> Durch Pressemeldungen wird bekannt, dass eine Beobachterin des Bundesinnenministerium (BMI) im Untersuchungsausschuss des Bundestages, die h\u00e4ufig eine \u00f6ffentliche Vernehmung von Verfassungsschutz-Zeugen verhindert hatte, fr\u00fcher selbst in der Islamismus-Abteilung des Bundesamtes f\u00fcr Verfassungsschutz (BfV) gearbeitet hat. Dort war sie f\u00fcr V-Leute zust\u00e4ndig, die auch <a href=\"http:\/\/www.faz.net\/aktuell\/politik\/inland\/anschlag-vom-breitscheidplatz-doppelrolle-einer-beamtin-wirft-fragen-auf-15819834.html\">Kontakt zum sp\u00e4teren Attent\u00e4ter Anis Amri<\/a> hatten. Am <a href=\"http:\/\/www.faz.net\/aktuell\/politik\/inland\/ministerium-zieht-beamtin-aus-amri-untersuchungsausschuss-ab-15823603.html\">5. Oktober<\/a> zieht das BMI die Beamtin aus dem Ausschuss zur\u00fcck. Im Berliner Untersuchungsausschuss wird <a href=\"https:\/\/www.morgenpost.de\/berlin\/article215552371\/Amri-Affaere-Dem-Versagen-auf-der-Spur.html\">am 12.Oktober<\/a> ein ehemaliger Leiter der Anti-Terror-Abteilung des Landeskriminalamtes (LKA) vernommen. Dabei werden weitere, bisher unbekannte, Fehler und Nachl\u00e4ssigkeiten der Ermittler bekannt. Durch Presseberichte wird <a href=\"http:\/\/www.spiegel.de\/politik\/deutschland\/thomas-de-maiziere-schickte-ex-verfassungsschuetzerin-offenbar-in-amri-ausschuss-a-1233137.html\">am 14. Oktober<\/a> bekannt, das der fr\u00fchere Bundesinnenminister Thomas de Maizi\u00e8re (CDU) die Entscheidung, die BfV-Beamtin als Beobachterin in den Bundestags-Untersuchungsausschuss zu entsenden, pers\u00f6nlich getroffen hatte. Im nordrhein-westf\u00e4lischen Untersuchungsausschuss sagt <a href=\"http:\/\/www.spiegel.de\/politik\/deutschland\/hans-georg-maassen-attackiert-franck-walter-steinmeier-im-fall-anis-amri-a-1235787.html\">am 29. Oktober<\/a> der noch amtierende BfV-Pr\u00e4sident Hans-Georg Maa\u00dfen als Zeuge aus. Er weist dabei alle Vorw\u00fcrfe gegen das Bundesamt zur\u00fcck; das BfV habe nur eine unterst\u00fctzende Rolle gespielt, jedoch keine eigenen Erkenntnisse \u00fcber Anis Amri gesammelt.<\/p>\n<p><b>Funkzellenabfragen:<\/b> Europ\u00e4ische Gerichtshof (EuGH) urteilt, dass die Polizei in bestimmten F\u00e4llen auch bei weniger schweren Straftaten, wie etwa Taschendiebstahl <a href=\"https:\/\/www.sueddeutsche.de\/digital\/eugh-urteil-polizei-darf-bei-handtaschenraub-auf-handydaten-zugreifen-1.4153956\">auf pers\u00f6nliche Handydaten zugreifen darf<\/a> (Rechtssache: C-207\/16).<\/p>\n<p><b>Bodycams:<\/b> Durch Presseberichte wird bekannt, dass das Pilotprojekt des Bodycam-Einsatzes bei der nieders\u00e4chsischen Polizei <a href=\"https:\/\/www.behoerden-spiegel.de\/2018\/10\/02\/niedersachsen-weitet-bodycam-einsatz-aus\/\">landesweit ausgeweitet wird<\/a>. Die Landesdatenschutzbeauftragte kritisiert die Ausweitung.<\/p>\n<p><b>Sammelabschiebung:<\/b> In M\u00fcnchen (Bayern) startet ein Flug mit <a href=\"http:\/\/www.faz.net\/aktuell\/politik\/inland\/17-maenner-nach-afghanistan-abgeschoben-15819186.html\">17 abgelehnten afghanischen Asylbewerbern<\/a>. Es ist die 17. Sammelabschiebung seit Dezember 2016.<\/p>\n<p>3. Oktober: <b>Rechtsradikale Demonstrationen und Kundgebungen:<\/b> Rund 2.000 Neonazis und Rechtspopulisten demonstrieren <a href=\"https:\/\/www.berliner-zeitung.de\/berlin\/bvg-linien-unterbrochen\u2014wir-fuer-deutschland--rechte-marschieren-durch-berlin-31387442\">am Tag der Deutschen Einheit<\/a> in Berlin (Gegendemonstranten: etwa gleichviel). Am <a href=\"https:\/\/www.berliner-zeitung.de\/berlin\/polizei\/tag-der-deutschen-einheit-sechs-festnahmen---ermittlungen-wegen-hitlergruss-31390244\">4. Oktober<\/a> gibt die Polizei bekannt, dass sie dabei sechs M\u00e4nner festgenommen und 38 kurzfristige Freiheitsentziehungen vorgenommen habe. In Dortmund (NRW) kommt es ebenfalls zu rechtsextremen Kundgebungen. Als aus einer Versammlung von etwa 25 Rechtsextremisten heraus Polizisten angegriffen werden, werden acht Personen festgenommen (Gegendemonstranten: rund 250). Eine weitere Kundgebung <a href=\"http:\/\/www.faz.net\/aktuell\/politik\/inland\/nach-gewalt-bei-demonstration-polizei-nimmt-in-dortmund-acht-rechtsextreme-fest-15820218.html\">von etwa 60 Neonazis<\/a> bleibt ruhig (Gegendemonstranten: rund 250). Im Falle des Anfang September in K\u00f6then (Sachsen-Anhalt) nach einem Streit mit jugendlichen Afghanen an Herzversagen gestorbenen Mannes hat die Staatsanwaltschaft (StA) gegen die Afghanen Anklage wegen K\u00f6rperverletzung mit Todesfolge erhoben. Dies wird <a href=\"http:\/\/www.spiegel.de\/panorama\/justiz\/koethen-staatsanwaltschaft-erhebt-anklage-gegen-zwei-verdaechtige-a-1233983.html\">am 18. Oktober<\/a> durch Presseberichte bekannt. Der Tod hatte seinerzeit mehrere rechtsextreme, gewaltt\u00e4tige Demonstrationen ausgel\u00f6st. Mitte Oktober veranstaltet eine rechte Gruppierung \u201eWir schaffen das 2.0\u201c mit rund 100 Teilnehmern, darunter auch mehrere NPD-Funktion\u00e4re, in Hanau (Hessen) eine Kundgebung gegen Migration (Gegendemonstration: etwa 250). Dies berichten Medien <a href=\"http:\/\/www.fr.de\/rhein-main\/rechte-in-hanau-von-rechtsextremen-beeinflusst-a-1608223\">am 26. Oktober<\/a>.<\/p>\n<p><b>Demonstrationen gegen Rechts:<\/b> Zwischen <a href=\"https:\/\/www.sueddeutsche.de\/muenchen\/muenchen-grossdemo-jetzt-gilts-1.4154404\">20.000 und 40.000 Menschen<\/a> demonstrieren in M\u00fcnchen (Bayern) gegen einen Rechtsruck in der Bundesrepublik und gegen das neue bayerische Polizeiaufgabengesetz (PAG). Am 5 Oktober lehnt das VG Neustadt \/Weinstra\u00dfe einen Eilantrag ab und erkl\u00e4rt die Auflagen f\u00fcr eine \u201eKein Platz f\u00fcr Rechte Hetze\u201c-Demonstration in Kandel (Rheinland-Pfalz) f\u00fcr rechtens. Neben dem Verbot der Mitnahme von Hunden und diversen Gegenst\u00e4nden werden auch Beschr\u00e4nkungen bei Transparenten und Plakaten auferlegt (<a href=\"https:\/\/www.juris.de\/jportal\/portal\/t\/t84\/page\/homerl.psml?nid=jnachr-JUNA181003038&amp;cmsuri=%2Fjuris%2Fde%2Fnachrichten%2Fzeigenachricht.jsp\">Az: S L 1338\/18.NW<\/a>). Am <a href=\"https:\/\/www.berliner-zeitung.de\/berlin\/-unteilbar-demo-240-000-demonstranten-setzen-zeichen-gegen-rassismus-31436364\">13. Oktober<\/a> beteiligen sich in Berlin \u00fcber 240.000 Menschen an der von einer Vielzahl von Vereinen, Verb\u00e4nden, Gewerkschaften und Parteien organisierten \u201eunteilbar\u201c-Demonstration gegen Rechtsentwicklung und Rassismus.<\/p>\n<p><b>Bayerisches <\/b><b>Polizeigesetz: <\/b>Gemeinsam mit mehreren <a href=\"https:\/\/www.sueddeutsche.de\/muenchen\/muenchen-grossdemo-jetzt-gilts-1.4154404\">zigtausend Menschen<\/a> einer Demonstration gegen Rechts demonstrieren in M\u00fcnchen (Bayern) Gegner des neuen bayerischen Polizeiaufgabengesetzes (PAG); es ist die vierte Demonstration der PAG-Gegner innerhalb weniger Monate. Bayerns Innenminister Joachim Herrmann (CSU) nennt die Demonstration eine \u201e\u00fcble Stimmungsmache&#8220;.<\/p>\n<p>5. Oktober: <b>Rechtsradikal<\/b><b>ismus<\/b><b>:<\/b> Ein in Magdala (Th\u00fcringen) geplantes <a href=\"http:\/\/www.faz.net\/aktuell\/politik\/inland\/neonazi-konzert-in-magdala-darf-fast-wie-geplant-stattfinden-15822236.html\">Rechtsrock-Konzert kann stattfinden<\/a>. Das OVG Weimar hatte zuvor fast alle beh\u00f6rdlichen Auflagen f\u00fcr das am 5. und 6. Oktober geplante Rechtsrock-Konzert abgelehnt (<a href=\"https:\/\/www.juris.de\/jportal\/portal\/t\/daw\/page\/homerl.psml?nid=jnachr-JUNA181002995&amp;cmsuri=%2Fjuris%2Fde%2Fnachrichten%2Fzeigenachricht.jsp\">Az: 3 EO 649\/18<\/a>). Daraufhin untersagt das AG Weimar noch am gleichen Tag die Nutzung der Zufahrtswege zum Gel\u00e4nde. Dass Konzert wird auf den <a href=\"http:\/\/www.spiegel.de\/politik\/deutschland\/thueringer-rechtsrock-konzert-muss-umziehen-a-1231874.html\">Marktplatz von Apolda verlegt<\/a>. An dem Konzert nehmen etwa 700 Rechtsradikale teil (Gegendemonstranten: rund 700). Nach Stein- und Flaschenw\u00fcrfen von Rechten auf Polizisten wird das Konzert <a href=\"http:\/\/www.spiegel.de\/politik\/deutschland\/thueringen-rechtsrock-konzert-nach-gewalt-gegen-polizisten-beendet-a-1231942.html\">am 6. Oktober<\/a> von der Polizei beendet. Insgesamt werden <a href=\"http:\/\/www.spiegel.de\/politik\/deutschland\/thueringen-verfassungsschutz-warnt-vor-rechter-gewalt-a-1232019.html\">22 Strafanzeigen gestellt und von 154 Personen<\/a> die Identit\u00e4t festgestellt. Daraufhin melden die Veranstalter in der Nacht telefonisch eine Fortsetzung des Konzertes in Kirchheim (Th\u00fcringen) an. <a href=\"http:\/\/www.spiegel.de\/politik\/deutschland\/thuerimgen-rechtsrock-konzert-in-kirchheim-verboten-a-1231919.html\">Es wird verboten<\/a>. Durch Presseberichte wird <a href=\"https:\/\/www.sueddeutsche.de\/politik\/baden-wuerttemberg-hitlergruss-aus-der-jva-1.4178882\">am 22. Oktober<\/a> bekannt, dass die StA Heilbronn (Baden-W\u00fcrttemberg) gegen einen Mitarbeiter der dortigen Justizvollzugsanstalt (JVA) wegen Verdachts der Volksverhetzung ermittelt; gegen sechs weitere wird wegen Verwendung von Kennzeichen verfassungswidriger Organisationen ermittelt. Vier Beamte sind bereits au\u00dfer Dienst gestellt, der Gef\u00e4ngnisdirektor wurde versetzt. <a href=\"http:\/\/www.faz.net\/aktuell\/gesellschaft\/kriminalitaet\/gerichtshof-bestaetigt-entlassung-von-rechtsgesinntem-beamten-15862764.html\">Am 29. Oktober<\/a> erkl\u00e4rt der Hessische Verwaltungsgerichtshof die Entlassung eines Beamten auf Probe wegen Teilnahme an NPD-nahen Demonstrationen f\u00fcr rechtens. Sein verhalten rechtfertige Zweifel daran, f\u00fcr die demokratische Grundordnung einzutreten (Az: 1 b 1594\/18).<\/p>\n<p><b>Interpol: <\/b>Seit einer Reise in die Volksrepublik China Ende September gilt der <a href=\"https:\/\/www.sueddeutsche.de\/panorama\/interpol-praesident-vermisst-1.4157812\">chinesische Interpol-Pr\u00e4sident Meng Hongwei<\/a> als vermisst. <a href=\"https:\/\/www.sueddeutsche.de\/politik\/meng-hongwei-der-mysterioese-fall-des-interpol-praesidenten-1.4159528\">Am 7. Oktober<\/a> teilt China mit, gegen Meng werde wegen Gesetzesverst\u00f6\u00dfen ermittelt. Kurz darauf geht bei Interpol die offizielle R\u00fccktrittserkl\u00e4rung Mengs ein.<\/p>\n<p><b>Ermittlungen gegen Polizeibeamte:<\/b> Im Falle des wochenlang zu Unrecht in der JVA Kleve (NRW) festgesetzten Syrers, der Ende September nach einem Brand in seiner Zelle verstorben war, werden im Rechtsausschuss des Landtages <a href=\"http:\/\/www.spiegel.de\/panorama\/justiz\/kleve-zu-unrecht-inhaftierter-syrer-wies-in-haft-auf-irrtum-hin-a-1231780.html\">weitere schwere Fehler der Polizei<\/a> bekannt. Durch Presseberichte unter Berufung auf einen internen Bericht des Justizministeriums wird <a href=\"https:\/\/www.berliner-zeitung.de\/politik\/zweifel-an-suizidtheorie-in-jva-inhaftierter-syrer-meldete-zellen-brand-selbst-31462048\">am 18. Oktober<\/a> bekannt, dass der verstorbene Syrer in der Brandnacht versucht hatte \u00fcber die Gegensprechanlage der Zelle Hilfe zu rufen, das ausgel\u00f6ste Lichtsignal jedoch deaktiviert wurde. Weiterhin seien Eintragungen in der Gesundheitsakte pflichtwidrig nicht weitergeleitet worden. Auch gegen den Arzt der JVA Kleve wird nun <a href=\"http:\/\/www.faz.net\/aktuell\/politik\/inland\/gefaengnisbrand-in-kleve-syrer-soll-aus-brennender-zelle-notruf-abgesetzt-haben-15845739.html\">wegen fahrl\u00e4ssiger T\u00f6tung<\/a> ermittelt. Am gleichen Tag wird ebenfalls durch Presseberichte bekannt, dass im vergangenen Halbjahr <a href=\"https:\/\/www.tagesspiegel.de\/berlin\/akademie-in-spandau-polizeischueler-in-berlin-ein-fall-fuer-die-polizei\/23202906.html\">gegen mehrere Berliner Polizeisch\u00fcler<\/a> Ermittlungen und Disziplinarverfahren wegen Trunkenheit am Steuer, K\u00f6rperverletzung, Verwendung verfassungsfeindlicher Kennzeichen und anderer Delikte eingeleitet wurden.<\/p>\n<p>\u201e<b>Patriotische Europ\u00e4er gegen die Islamisierung des Abendlandes\u201c (Pegida):<\/b> Seit der Entstehung von Pegida vor vier Jahren wurden von den Beh\u00f6rden knapp <a href=\"http:\/\/www.spiegel.de\/politik\/deutschland\/pegida-fast-200-ermittlungsverfahren-gegen-anhaenger-a-1231748.html\">200 Ermittlungsverfahren gegen Redner und Teilnehmer<\/a> von Pegida-Demonstrationen gef\u00fchrt. Dies geht aus einer parlamentarischen Anfrage der Linksfraktion im s\u00e4chsischen Landtag hervor. An einer Demonstration aus Anlass des vierten Jahrestages von Pegida beteiligen sich in Dresden (Sachsen) <a href=\"http:\/\/www.spiegel.de\/panorama\/gesellschaft\/dresden-tausende-demonstrieren-am-pegida-jahrestag-fuer-toleranz-a-1234364.html\">etwa 5.000 Personen<\/a> (Gegendemonstranten: rund 10.000). Am 30. Oktober durchsucht die Polizei sieben Geb\u00e4ude in Th\u00fcringen und Sachsen wegen des Verdachts r\u00e4uberischer Erpressung, Versto\u00df gegen das Waffengesetz und Raub. Drei M\u00e4nner werden festgenommen, darunter der <a href=\"http:\/\/www.spiegel.de\/politik\/deutschland\/david-koeckert-lka-nimmt-thuegida-gruender-fest-a-1235864.html\">Gr\u00fcnder des th\u00fcringischen Pegida-Ablegers \u201eTh\u00fcgida\u201c<\/a>.<\/p>\n<p><b>Angriffe auf Polizisten:<\/b> In Berlin wurden 2017 etwa <a href=\"https:\/\/www.behoerden-spiegel.de\/2018\/10\/09\/fast-7-000-betroffene-allein-in-berlin\/\">6.800 Polizisten und -innen<\/a> Opfer von Gewalt. Diese Zahl nennt Innenstaatssekret\u00e4r Torsten Akmann auf dem \u201eBerliner Polizeitag\u201c.<\/p>\n<p>Durch Presseberichte wird am 8. Oktober bekannt, dass es w\u00e4hrend des Oktoberfestes in M\u00fcnchen (Bayern) insgesamt <a href=\"https:\/\/www.morgenpost.de\/vermischtes\/stars-und-promis\/article215495699\/Bill-und-Hillary-Clinton-beim-Oktoberfest-Obama-will-auch.html\">15 Angriffe auf Polizisten<\/a> gab. Am gleichen Tag schl\u00e4gt ein Mann in Berlin einen anderen und bedroht ihn danach mit einem Messer. Als Polizisten eintreffen, greift er auch diese an und <a href=\"https:\/\/www.morgenpost.de\/berlin\/polizeibericht\/article215517107\/Schlaeger-verletzt-Anwohner-und-bricht-Polizist-die-Nase.html\">bricht einem Beamten das Nasenbein<\/a>. Er wird festgenommen. In einem anderen Berliner Stadtteil verpr\u00fcgeln <a href=\"https:\/\/www.morgenpost.de\/berlin\/polizeibericht\/article215514811\/Jugendliche-verpruegeln-Polizisten-an-S-Bahnhof.html\">drei Jugendliche einen Polizeibeamten<\/a>; auch sie werden festgenommen. Als Polizisten am gleichen Abend in Herne (NRW) eine <a href=\"http:\/\/www.spiegel.de\/panorama\/justiz\/herne-polizisten-werden-bei-einsatz-mit-steinen-beworfen-a-1232275.html\">Familienfeier wegen wiederholter Ruhest\u00f6rung<\/a> aufl\u00f6sen, werden sie mit Steinen, Gl\u00e4sern und Haushaltsger\u00e4ten beworfen. F\u00fcnf Personen werden vorl\u00e4ufig festgenommen. <a href=\"https:\/\/www.sueddeutsche.de\/bayern\/oberpfalz-angriff-polizisten-schneller-bestrafen-1.4164063\">Am 10. Oktober<\/a> erkl\u00e4rt die StA N\u00fcrnberg (Bayern) dass ein Pilotprojekt f\u00fcr schnelle Ermittlungen und Gerichtsverfahren f\u00fcr Straftaten gegen Polizeibeamte und -innen eingerichtet wird. In jeder Polizeidirektion und Staatsanwaltschaft soll ein Kollege speziell f\u00fcr solche Delikte zust\u00e4ndig sein und ein Verfahren nicht l\u00e4nger als zwei Wochen bis zum Abschluss dauern. Das Projekt wird zun\u00e4chst im Bereich Oberpfalz erprobt. In Berlin greift <a href=\"https:\/\/www.morgenpost.de\/berlin\/polizeibericht\/article215569715\/Mann-greift-zwei-Berliner-Polizisten-mit-Faustschlag-an.html\">am 14. Oktober<\/a> ein Mann unvermittelt eine Polizeistreife an; er wird festgenommen. In Frankfurt\/M. (Hessen) wehrt sich am gleichen Tag ein Betrunkener gegen seine Kontrolle und schubst eine <a href=\"http:\/\/www.fr.de\/frankfurt\/frankfurt-betrunkener-stoesst-polizistin-in-den-main-a-1601874\">Polizistin in den Main<\/a>. Der Mann wird festgenommen. In einem Regionalzug ger\u00e4t <a href=\"https:\/\/www.berliner-zeitung.de\/berlin\/polizei\/polizeibericht-mann-greift-frau-und-polizist-in-regionalexpress-an-31445828\">am 15. Oktober<\/a> in Berlin ein Mann mit einer Mitreisenden in Streit und schl\u00e4gt sie; anschlie\u00dfend greift er einen hinzukommenden Beamten der Bundespolizei (BPol) an. Er wird \u00fcberw\u00e4ltigt und vorl\u00e4ufig festgenommen. Bei einer Personenkontrolle beleidigt und bedr\u00e4ngt in Schwedt (Brandenburg) <a href=\"https:\/\/www.berliner-zeitung.de\/berlin\/polizei\/polizeibericht-mann-beleidigt-und-beisst-polizist-31461842\">am 18. Oktober<\/a> ein Mann die Polizisten und bei\u00dft einen in die Hand. Er wird vorl\u00e4ufig festgenommen. Am gleichen Tag wirft in Milmersdorf (Brandenburg) ein Mann einem Polizisten eine Flasche an den Kopf. Nach einem Verkehrsunfall in Bottrop (NRW) greifen <a href=\"http:\/\/www.spiegel.de\/panorama\/justiz\/bottrop-polizei-von-dutzenden-menschen-nach-unfall-behindert-a-1234442.html\">am 21. Oktober<\/a> etwa 50 Personen die Polizisten an; erst durch den Einsatz von 13 weiteren Streifenwagen kann die Situation unter Kontrolle gebracht werden. Als ein Polizist <a href=\"https:\/\/www.berliner-zeitung.de\/berlin\/polizei\/lichtenrade-fahrraddieb-sticht-polizisten-nieder---not-op-31490114\">am 24. Oktober<\/a> in Berlin einen Fahrraddieb festnehmen will, wird er von diesem mit einem Messer niedergestochen; er muss notoperiert werden. Obwohl er nach einem Krampfanfall dringend medizinisch behandelt werden m\u00fcsste, greift <a href=\"http:\/\/www.spiegel.de\/panorama\/justiz\/breisach-notfallpatient-attackiert-sanitaeter-und-polizisten-a-1235355.html\">am 26. Oktober<\/a> in Breisach (Baden-W\u00fcrttemberg) ein Mann Sanit\u00e4ter und Polizisten mit einem Kn\u00fcppel an.<\/p>\n<p>6. Oktober: <b>\u201eReichsb\u00fcrger\u201c:<\/b> Insgesamt werden in Bayern <a href=\"https:\/\/www.sueddeutsche.de\/bayern\/kriminalitaet-in-bayern-reichsbuerger-verueben-weniger-straftaten-1.4159087\">4.200 Menschen der \u201eReichsb\u00fcrger\u201c-Szene<\/a> zugerechnet. Sie begingen im ersten Halbjahr 127 Straftaten (2017: 192) und 41 Gewaltdelikte (2017: 33). Dies geht aus einer parlamentarischen Anfrage der Gr\u00fcnen-Landtagsfraktion hervor. F\u00fcr die gesamte Bundesrepublik geht der Verfassungsschutz <a href=\"https:\/\/www.sueddeutsche.de\/politik\/exklusiv-hunderte-reichsbuerger-besitzen-schusswaffen-1.4163330\">am 9. Oktober<\/a> von mehr als 18.000 \u201eReichsb\u00fcrgern\u201c aus. Laut einer <a href=\"https:\/\/www.sueddeutsche.de\/politik\/rechtsextremismus-reichsbuerger-und-ihre-waffen-von-baden-wuerttemberg-bis-thueringen-1.4152097\">Presserecherche<\/a> verteilen sich diese folgenderma\u00dfen auf die einzelnen Bundesl\u00e4ndern: Baden-W\u00fcrttemberg = ca. 3.000 (davon mit Waffenbesitz: 53); Bayern = ca. 4.200 (davon mit Waffenbesitz: 18); Berlin = ca. 610 (davon mit Waffenbesitz: 11); Brandenburg = ca. 600 (davon mit Waffenbesitz: 37); Bremen = ca. 120 (davon mit Waffenbesitz: 3); Hamburg = 135 (davon mit Waffenbesitz: 0); Hessen = ca. 1.000 (davon mit Waffenbesitz: 73); Mecklenburg-Vorpommern = ca. 400 (davon mit Waffenbesitz: 26); Niedersachsen = 1.485 (davon mit Waffenbesitz: 99); Nordrhein-Westfalen = 2.750 (davon mit Waffenbesitz: 109); Rheinland-Pfalz = 530 (davon mit Waffenbesitz: ca. 50); Saarland = ca. 120 (davon mit Waffenbesitz: 5); Sachsen = ca. 1.500 (davon mit Waffenbesitz: 37); Sachsen-Anhalt = ca. 500 (davon mit Waffenbesitz: 19); Schleswig-Holstein = 268 (davon mit Waffenbesitz: 19); Th\u00fcringen = ca. 900 (davon mit Waffenbesitz: 46). Ihre Entwaffnung geht demnach <a href=\"https:\/\/www.sueddeutsche.de\/politik\/reichsbuerger-die-grossflaechige-entwaffnung-laeuft-allenfalls-schleppend-1.4163474\">nur schleppend voran<\/a>. Eine parlamentarische Anfrage der Gr\u00fcnen-Bundestagsfraktion best\u00e4tigt diese Ergebnisse <a href=\"https:\/\/www.berliner-zeitung.de\/politik\/immer-mehr\u2014reichsbuerger--und--selbstverwalter--erfasst-31500536\">am 26. Oktober<\/a>; danach werden zudem 950 von ihnen als Rechtsextremisten eingestuft. Am selben Tag verurteilt das Landgericht (LG) M\u00fcnchen (Bayern) einen rechtsradikalen \u201eReichsb\u00fcrger\u201c wegen Volksverhetzung und Verwendung von verfassungswidrigen Kennzeichen zu einer <a href=\"http:\/\/www.spiegel.de\/panorama\/justiz\/muenchen-holocaustleugner-alfred-s-zu-haftstrafe-verurteilt-a-1235621.html\">Haftstrafe von drei Jahren und zwei Monaten<\/a>. Er hatte gemeinsam mit seiner Schwester Hetzvideos hergestellt auf denen das NS-Regime verharmlost und der Holocaust geleugnet wurde.<\/p>\n<p><b>Rechtsextremismus:<\/b> In Gotha (Th\u00fcringen) nimmt die Polizei vier Personen fest, die den <a href=\"http:\/\/www.spiegel.de\/panorama\/justiz\/gotha-rechtsextreme-schaenden-gedenkstein-fuer-ehemalige-synagoge-a-1232175.html\">Gedenkstein einer ehemaligen Synagoge<\/a> mit rechtsextremistischen Aufklebern gesch\u00e4ndet hatten. Bei einer Kontrolle am n\u00e4chsten Abend werden weitere Personen mit solchen Aufklebern festgestellt. Der Verfassungsschutz Th\u00fcringen warnt <a href=\"http:\/\/www.spiegel.de\/politik\/deutschland\/thueringen-verfassungsschutz-warnt-vor-rechter-gewalt-a-1232019.html\">am 7. Oktober<\/a> vor wachsender Gewaltbereitschaft der rechtsextremen Szene. Es w\u00fcrden \u00fcberregionale Kampfsportwettk\u00e4mpfe organisiert und im Ausland \u00dcbungen mit scharfen Schusswaffen durchgef\u00fchrt. In Chemnitz (Sachsen) <a href=\"http:\/\/www.spiegel.de\/panorama\/justiz\/chemnitz-angriff-auf-persisches-restaurant-safran-a-1232282.html\">\u00fcberfallen drei Vermummte<\/a> ein persisches Restaurant und werfen Inventar auf den Inhaber. Sie entkommen unerkannt. Bereits im September waren Hakenkreuze auf die Fassade geschmiert worden. Vor dem LG Bamberg (Bayern) beginnt <a href=\"http:\/\/www.faz.net\/aktuell\/politik\/inland\/vier-mutmassliche-rechtsextreme-in-bamberg-angeklagt-15830668.html\">der Prozess gegen vier Personen<\/a> des Vereins \u201eWei\u00dfe W\u00f6lfe Terrorcrew\u201c wegen Bildung einer kriminellen Vereinigung. Die 2016 verbotene Gruppe soll mit Angriffen auf Fl\u00fcchtlingsunterk\u00fcnfte gedroht und im Internet sprengstofff\u00e4higes Material bestellt haben. Ein Angeklagter ist gest\u00e4ndig. Vor dem LG Koblenz (Rheinland-Pfalz) wird <a href=\"http:\/\/www.spiegel.de\/panorama\/justiz\/koblenz-so-beginnt-der-neue-prozess-gegen-das-aktionsbuero-mittelrhein-a-1233362.html\">am 15. Oktober<\/a> der Prozess gegen 17 Angeklagte einer rechtsradikalen Vereinigung \u201eAktionsb\u00fcndnis Mittelrhein\u201c wegen Bildung einer kriminellen Vereinigung, K\u00f6rperverletzung, schwerem Landfriedensbruch und Verwendung verfassungswidriger Kennzeichen fortgesetzt. Der erste Prozess musste im Mai 2017 abgebrochen werden, da der Richter das Pensionsalter erreicht hatte. Aus Presseberichten geht <a href=\"https:\/\/www.berliner-zeitung.de\/politik\/bundeswehr-fast-200-rechtsextremisten-seit-2008-entlassen-31446796\">am 16. Oktober<\/a> hervor, dass die Bundeswehr seit 2008 bereits 199 Soldaten wegen best\u00e4tigtem Rechtsextremismus entlassen hat; bei f\u00fcnf Personen steht die Entlassung noch aus. \u00dcberpr\u00fcft wurden insgesamt 16.000 Personen. Am<a href=\"http:\/\/www.spiegel.de\/panorama\/justiz\/kiel-ermittlungen-gegen-rechtsextreme-nordic-division-a-1235316.html\"> 27. Oktober<\/a> berichten Medien, dass die Polizei Ende September in Schleswig-Holstein die Wohnungen von Mitgliedern einer rechtsextremen Gruppe \u201eNordic Division\u201c durchsucht hat. Gegen drei Personen ermittelt die StA Kiel wegen Verdachts der Volksverhetzung und Versto\u00df gegen das Kriegswaffenkontrollgesetz.<\/p>\n<p><b>Hausbesetzungen:<\/b> In Berlin besetzen <a href=\"https:\/\/www.berliner-zeitung.de\/berlin\/kreuzberg-und-moabit-aktivisten-besetzen-raeume-in-zwei-haeusern-31401404\">rund 50 Personen<\/a> in zwei Stadtteilen mehrere H\u00e4user um gegen einen Umbau als Ferienwohnungen zu protestieren. Sie werden noch am gleichen Abend <a href=\"https:\/\/www.tagesspiegel.de\/berlin\/polizei-justiz\/berlin-besetzungen-in-kreuzberg-und-moabit-beendet\/23155850.html\">friedlich beendet<\/a>.<\/p>\n<p><b>Polizeischuss:<\/b> In Prenzlau (Brandenburg) greift ein Mann Passanten mit einem Messer an. Als er auf den Warnschuss eines Polizisten nicht reagiert, <a href=\"https:\/\/www.berliner-zeitung.de\/berlin\/polizei\/polizeibericht-messerattacke-in-prenzlau---polizei-schiesst-angreifer-ins-bein-31402786\">schie\u00dft ihm der Beamte ins Bein<\/a>.<\/p>\n<p>7. Oktober: <b>Verfassungsschutz:<\/b> Der Verfassungsschutz Th\u00fcringen warnt vor <a href=\"http:\/\/www.spiegel.de\/politik\/deutschland\/thueringen-verfassungsschutz-warnt-vor-rechter-gewalt-a-1232019.html\">wachsender Gewaltbereitschaft der rechtsextremen Szene<\/a>. Es w\u00fcrden \u00fcberregionale Kampfsportwettk\u00e4mpfe organisiert und im Ausland \u00dcbungen mit scharfen Schusswaffen durchgef\u00fchrt. Durch Presseberichte wird <a href=\"http:\/\/www.spiegel.de\/politik\/deutschland\/afd-und-verfassungsschutz-13-laender-liefern-belastendes-material-an-den-bund-a-1232882.html\">am 12. Oktober<\/a> bekannt, dass 13 Landes\u00e4mter f\u00fcr Verfassungsschutz (Lf\u00c4) dem BfV umfangreiches Material \u00fcber mutma\u00dflich verfassungsfeindliche Tendenzen der rechtspopulistischen AfD zur Pr\u00fcfung \u00fcbersandt haben. Nicht dabei ist das Landesamt f\u00fcr Verfassungsschutz (LfV) Sachsen. Das LfV Bayern beobachtet \u201eEinzelne, die bei der Landtagswahl am 14. Oktober ein Mandat f\u00fcr die AfD errungen haben\u201c. Ob sie auch als Abgeordnete weiterhin beobachtet werden k\u00f6nnen, werde derzeit gepr\u00fcft. Dies erkl\u00e4rt ein LfV-Sprecher <a href=\"https:\/\/www.abendzeitung-muenchen.de\/inhalt.bayern-verfassungsschutz-beobachtet-mitglieder-der-bayerischen-afd.cd19d538-55fb-45b0-ab81-8b62c64457ce.html\">am 18. Oktober<\/a>. Durch Presseberichte wird <a href=\"http:\/\/www.taz.de\/AfDler-im-Verfassungsschutz-in-Sachsen\/!5544299\/\">am 19. Oktober<\/a> bekannt, dass ein s\u00e4chsischer Verfassungssch\u00fctzer, der zugleich AfD-Funktion\u00e4r ist, \u201ezun\u00e4chst befristet in eine andere Beh\u00f6rde versetzt\u201c wurde. Er hatte in einem Fernseh-Interview im September die rechtsextreme Szene in Sachsen verharmlost.<\/p>\n<p><b>Polizeilicher Todesschuss:<\/b> In Bad Oldesloe (Schleswig-Holstein) wird die Polizei gerufen, weil <a href=\"https:\/\/www.abendblatt.de\/region\/stormarn\/article215502737\/Polizei-schiesst-auf-einen-Menschen-in-Bad-Oldesloe.html\">ein Mann mit einem Messer<\/a> durch die Innenstadt l\u00e4uft. Bei ihm handelt es sich um einen psychisch kranken, jungen Obdachlosen. Als die Beamten ihn kontrollieren wollen, geht er <a href=\"http:\/\/www.spiegel.de\/panorama\/justiz\/bad-oldesloe-erschossener-obdachloser-war-psychisch-krank-a-1232139.html\">trotz Einsatz von Pfefferspray und einem Warnschuss<\/a> weiter mit dem Messer auf sie zu. Daraufhin schie\u00dft ein Beamter zweimal auf ihn; der Mann <a href=\"https:\/\/www.abendblatt.de\/region\/stormarn\/article215515215\/Toedliche-Schuesse-Eine-Stadt-unter-Schock.html\">stirbt noch vor Ort<\/a>.<\/p>\n<p>8. Oktober: <b>Abschiebungen:<\/b> Die Abschiebungen in die Maghreb-Staaten Nordafrikas sind in 2017 auf insgesamt <a href=\"https:\/\/www.welt.de\/politik\/deutschland\/article181798042\/Maghrebstaaten-Zahl-der-Abschiebungen-nach-Nordafrika-sprunghaft-gestiegen.html\">fast 1.400<\/a> gestiegen (Algerien: 2015: 57, Ende August 2018: 400 \/ Tunesien: 2015: 17, Ende August 2018: 231 \/ Marokko: 2015: 61, Ende August 2018: 476). Direkt aus dem Krei\u00dfsaal eines Krankenhauses in Saalfeld (Th\u00fcringen) soll <a href=\"https:\/\/www.morgenpost.de\/vermischtes\/article215637779\/Werdender-Vater-wird-im-Kreisssaal-zur-Abschiebung-abgefuehrt.html\">am 10. Oktober<\/a> ein Asylbewerber aus der Elfenbeink\u00fcste abgeschoben werden, w\u00e4hrend seine Frau in den Wehen liegt. Nur der sofortige Einsatz der Hebammen verhindert dies. Im Mai hatte es dort <a href=\"https:\/\/www.thueringer-allgemeine.de\/startseite\/detail\/-\/specific\/Aus-dem-Kreisssaal-in-Saalfeld-in-die-Abschiebung-1911590493\">bereits einen \u00e4hnlichen Vorfall gegeben<\/a>. Am 16. Oktober entscheidet das VG Trier (Rheinland-Pfalz), dass Asylsuchende, die sich im Kirchenasyl befinden, nicht als \u201efl\u00fcchtig\u201c gelten und ihre Abschiebung damit vorerst ausgesetzt ist. Die Pr\u00fcfungszust\u00e4ndigkeit ihrer Asylantr\u00e4ge gehe vielmehr von der jeweiligen Kommune auf die Bundesrepublik \u00fcber (<a href=\"https:\/\/www.juris.de\/jportal\/portal\/t\/1p1d\/page\/homerl.psml?nid=jnachr-JUNA181003105&amp;cmsuri=%2Fjuris%2Fde%2Fnachrichten%2Fzeigenachricht.jsp\">Az: 7 L 5184\/18\/18.TR<\/a>). Als am <a href=\"http:\/\/www.spiegel.de\/panorama\/justiz\/stephansposching-haftbefehle-nach-einsatz-in-asylunterkunft-a-1235158.html\">24. Oktober<\/a> ein Asylbewerber aus der Unterkunft in Stephansposching (Bayern) abgeschoben werden soll, kommt es zu Auseinandersetzungen; 17 Personen werden festgenommen. In Brandenburg a.d. Havel (Brandenburg) verbarrikadiert sich ein Tschetschene, der abgeschoben werden soll, <a href=\"https:\/\/www.berliner-zeitung.de\/berlin\/brandenburg\/sek-einsatz-asylbewerber-verschanzt-sich-und-droht-wegen-abschiebung-mit-selbstmord-31496876\">mit seiner Familie in der Wohnung und droht sich zu t\u00f6ten<\/a>. Er wird von einem Sondereinsatzkommando (SEK) \u00fcberw\u00e4ltigt.<\/p>\n<p>9. Oktober: <b>Internetfahndung:<\/b> Das Bundeskriminalamt (BKA) hat derzeit rund 50 Fahndungsf\u00e4lle <a href=\"https:\/\/www.morgenpost.de\/vermischtes\/article215517155\/Bundeskriminalamt-setzt-bei-50-Faellen-auf-Fahndung-im-Netz.html\">in einer \u00f6ffentlichen Liste im Internet<\/a> eingestellt. \u00dcber die Voraussetzungen daf\u00fcr entscheiden Gerichte.<\/p>\n<p><b>B\u00fcrgerwehren: <\/b>In drei Berliner Stadtteilen mit hohem Anteil t\u00fcrkisch-st\u00e4mmiger Wohnbev\u00f6lkerung sollen mehrfach deutsche <a href=\"https:\/\/www.berliner-zeitung.de\/berlin\/spezialeinheit\u2014oezel-harekat--tuerkische--polizeiautos--in-neukoelln-31416480\">Fahrzeuge mit dem Emblem und der Aufschrift der t\u00fcrkischen Anti-Terror-Einheit \u201e\u00d6zel Harekat\u201c<\/a> patrouilliert haben. Die Einheit ist in der T\u00fcrkei f\u00fcr hartes Auftreten gegen Oppositionelle ber\u00fcchtigt. <a href=\"https:\/\/www.tagesspiegel.de\/berlin\/polizeischutz-fuer-can-duendar-erdogan-kritiker-werden-eingeschuechtert-in-berlin\/23167244.html\">Am 10. Oktober<\/a> best\u00e4tigt die Polizei die Existenz der Fahrzeuge, gegen die es derzeit aber keine Handhabe gebe. Zugleich best\u00e4tigt sie, dass der im Berliner Exil lebende Journalist Can D\u00fcndar unter Polizeischutz gestellt wurde. <a href=\"https:\/\/www.berliner-zeitung.de\/berlin\/polizei\/-buchholzer-sicherheit---buergerwehr-hat-neue-beschaeftigung---muell-suender-jagen-31477668\">Am 23. Oktober<\/a> wird durch Presseberichte bekannt, dass sich in einem Berliner Stadtteil mehrere B\u00fcrgerwehren gebildet haben, die z.T. von der rechtsradikalen NPD organisiert werden.<\/p>\n<p><b>Auslieferung:<\/b> Deutschland liefert einen im Juli festgenommenen terrorverd\u00e4chtigen Iraner <a href=\"http:\/\/www.spiegel.de\/politik\/deutschland\/bamberg-mutmasslicher-attentaeter-assadollah-a-an-belgien-ausgeliefert-a-1232410.html\">an Belgien aus<\/a>. Der Mann soll dort im Juni ein Bombenattentat geplant haben.<\/p>\n<p><b>G20-Gipfel:<\/b> Vor dem Amtsgericht (AG) Hamburg sagt ein Polizeidienststellenleiter aus, er habe h\u00e4ufiger Beamte als Beobachter zu den G20-Prozessen geschickt um die Aussagen ihrer Kollegen zu beobachten. Dies war bekannt geworden, nachdem im September ein <a href=\"http:\/\/www.taz.de\/Absprachen-unter-Polizisten\/!5540306\/\">Zivilbeamter sich unter die Zuh\u00f6rer gemischt<\/a> hatte. Durch Presseberichte wird <a href=\"http:\/\/www.taz.de\/Durchsuchungen-in-Spanien\/!5544160\/\">am 18. Oktober<\/a> bekannt, dass die Hamburger StA in Spanien zwei Wohnungen von mutma\u00dflichen G20-Demonstranten durchsuchen lie\u00df. An der Aktion waren auch Hamburger Beamte der \u201eSoko Schwarzer Block\u201c beteiligt. Bereits im Mai hatte hatte es in Spanien eine \u00e4hnliche Aktion gegeben.<\/p>\n<p>10. Oktober: <b>Rechte und fremdenfeindliche Angriffe auf Fl\u00fcchtlingsheime:<\/b> Im <a href=\"https:\/\/www.berliner-zeitung.de\/berlin\/brandenburg\/verfahren-gegen-neonazi-revisionsprozess-um-brandanschlag-von-nauen-unterbrochen-31419554\">Revisionsprozess wegen des Brandanschlags<\/a> auf eine geplante Fl\u00fcchtlingsunterkunft in Nauen (Brandenburg) im August 2015 muss die Verhandlung bereits kurz nach Beginn wegen eines Befangenheitsantrags gegen zwei Richterinnen unterbrochen werden. Laut Presseberichten <a href=\"https:\/\/www.sueddeutsche.de\/politik\/rechtsextremismus-alle-zweieinhalb-tage-ein-angriff-auf-ein-asylbewerberheim-1.4167226\">vom 11. Oktober<\/a> unter Berufung auf das BKA kam es in den ersten neun Monaten bundesweit zu 110 Angriffen auf Fl\u00fcchtlingsheime (davon Sachbesch\u00e4digungen = 38 \/ Schmierereien = 36). Im Jahr 2017 waren es insgesamt 312 Straftaten (2016: 995 \/ 2015: 1.031).<\/p>\n<p><b>Organisierte Kriminalit\u00e4t:<\/b> In Berlin und Brandenburg durchsucht die Polizei insgesamt <a href=\"https:\/\/www.berliner-zeitung.de\/berlin\/polizei\/grossrazzia-in-berlin-polizei-greift-nach-revierkaempfen-unter-tschetschenen-durch-31420328\">19 Wohnungen<\/a> von zwei verfeindeten tschetschenischen Gruppen wegen blutiger Revierk\u00e4mpfe. Hintergrund ist eine Schie\u00dferei im August mit zwei Verletzten. Seit Mitte Juni 2017 hat die Berliner StA illegal erworbenes Verm\u00f6gen im Gesamtwert von rund 110 Mio. EUR eingezogen. Dies wird <a href=\"https:\/\/www.morgenpost.de\/berlin\/article215590819\/110-Millionen-Euro-illegales-Vermoegen-beschlagnahmt.html\">am 17. Oktober<\/a> im Rechtsausschuss des Berliner Abgeordnetenhauses bekanntgegeben. <a href=\"http:\/\/www.spiegel.de\/panorama\/justiz\/marl-grossrazzia-gegen-clan-krimibalitaet-a-1234272.html\">Am 20. Oktober<\/a> f\u00fchrt die Polizei in Marl (NRW) in Shisha- und Sportbars eine Razzia gegen \u201eClan-Kriminalit\u00e4t\u201c durch. Spielautomaten werden versiegelt, unversteuerter Wasserpfeifentabak beschlagnahmt und drei Anzeigen wegen Steuerhinterziehung gefertigt. Zu Festnahmen kommt es nicht. Es ist die dritte Razzia binnen drei Monaten. Bei einer Razzia gegen einen kriminellen libanesischen Clan werden <a href=\"http:\/\/www.spiegel.de\/panorama\/justiz\/bochum-auerbach-polizei-nimmt-vier-mitglieder-des-miri-clans-fest-a-1234647.html\">am 23. Oktober<\/a> in Bochum (NRW) drei Personen und in Auerbach (Sachsen) der mutma\u00dfliche Clanchef festgenommen.<\/p>\n<p>\u201e<b>Wei\u00dfer Ring\u201c:<\/b> Der Opferhilfeverein <a href=\"http:\/\/www.spiegel.de\/panorama\/gesellschaft\/weisser-ring-wir-nehmen-keine-spenden-der-afd-an-a-1232434.html\">\u201eWei\u00dfer Ring\u201c lehnt Spenden der AfD ab<\/a>, da die Partei \u201edurch ihre Rhetorik Feindbilder aufbaut\u201c, die \u201ezu mehr Gewaltopfern f\u00fchren\u201c k\u00f6nne.<\/p>\n<p>11. Oktober: <b>Stasi-Gedenkst\u00e4tte:<\/b> Der <a href=\"https:\/\/www.tagesspiegel.de\/berlin\/stasiopfer-gedenkstaette-hohenschoenhausen-hubertus-knabe-klagt-gegen-seine-entlassung\/23174902.html\">entlassene Direktor der Stasiopfer-Gedenkst\u00e4tte<\/a> in Berlin hat vor dem Arbeitsgericht eine K\u00fcndigungsschutzklage eingereicht. Auch der wegen Bel\u00e4stigungsvorw\u00fcrfen entlassene Vize-Direktor geht juristisch dagegen vor. Dies wird durch Presseberichte bekannt. <a href=\"https:\/\/www.tagesspiegel.de\/berlin\/foerderverein-stasiopfer-gedenkstaette-namhafte-mitglieder-verlassen-verein-wegen-dessen-afd-naehe\/23195634.html\">Am 15. Oktober<\/a> treten vier namhafte Mitglieder aus dem F\u00f6rderverein der Stasi-Gedenkst\u00e4tte wegen zunehmender N\u00e4he zur AfD aus dem Verein aus. <a href=\"https:\/\/www.berliner-zeitung.de\/berlin\/stasiopfer-gedenkstaette-auch-roland-jahn-verlaesst-foerderverein-hohenschoenhausen-31462114\">Am 19. Oktober<\/a> tritt auch der Bundesbeauftragte f\u00fcr die Stasi-Unterlagen, Roland Jahn, aus dem F\u00f6rderverein aus.<\/p>\n<p><b>Alternative f\u00fcr Deutschland (AfD):<\/b> 13 Lf\u00c4 haben dem BfV umfangreiches Material \u00fcber <a href=\"http:\/\/www.spiegel.de\/politik\/deutschland\/afd-und-verfassungsschutz-13-laender-liefern-belastendes-material-an-den-bund-a-1232882.html\">mutma\u00dflich verfassungsfeindliche Tendenzen der AfD<\/a> zur Pr\u00fcfung \u00fcbersandt haben. Nach der Hamburger AfD schaltet auch der Landesverband Baden-W\u00fcrttemberg eine Internet-Plattform frei, auf der Sch\u00fcler und <a href=\"http:\/\/www.faz.net\/aktuell\/politik\/inland\/zweites-afd-meldeportal-geht-online-namen-von-lehrern-inklusive-15832486.html\">Studenten Lehrer und Professoren melden<\/a> k\u00f6nnen, die im Unterricht angeblich gegen die AfD hetzen. Auch deren Namen sollen dabei ver\u00f6ffentlicht werden, wie am gleichen Tag bekannt wird. Der Datenschutzausschuss des Berliner Abgeordnetenhauses w\u00e4hlt <a href=\"https:\/\/www.morgenpost.de\/berlin\/article215573993\/Ronald-Glaeser-als-Ausschuss-Chef-abgewaehlt.html\">am 15. Oktober<\/a> den Ausschussvorsitzenden Gl\u00e4ser (AfD) mehrheitlich ab. Gl\u00e4ser hatte den Haftbefehl des Mannes, der im Verdacht stand f\u00fcr eine Messer-Attacke in Chemnitz (Sachsen) verantwortlich zu sein, im Internet verbreitet. Gegen ihn ermittelt nun die StA. Wegen zunehmender N\u00e4he zur AfD treten am gleichen Tag <a href=\"https:\/\/www.tagesspiegel.de\/berlin\/foerderverein-stasiopfer-gedenkstaette-namhafte-mitglieder-verlassen-verein-wegen-dessen-afd-naehe\/23195634.html\">vier namhafte Mitglieder aus dem F\u00f6rderverein der Stasi-Gedenkst\u00e4tte aus<\/a>. Durch Presseberichte wird <a href=\"https:\/\/www.morgenpost.de\/politik\/article215583515\/AfD-Parteirichter-posierte-mit-Hakenkreuz-und-Hitler-Foto.html\">am 17. Oktober<\/a> bekannt, dass ein Mitglied des AfD-Schiedsgerichtes aus dem Th\u00fcringer Landesverband ausgetreten ist, nachdem Fotos mit Nazi-Symbolen bekannt geworden waren. Als Mitglied des Schiedsgerichtes hatte er noch im Fr\u00fchjahr einen Parteiausschluss des Landesvorsitzenden Bernd H\u00f6cke wegen N\u00e4he zur NS-Ideologie abgelehnt. Das LfV Bayern erkl\u00e4rt <a href=\"https:\/\/www.abendzeitung-muenchen.de\/inhalt.bayern-verfassungsschutz-beobachtet-mitglieder-der-bayerischen-afd.cd19d538-55fb-45b0-ab81-8b62c64457ce.html\">am 18. Oktober<\/a> dass es \u201eEinzelne, die bei der Landtagswahl (&#8230;) ein Mandat f\u00fcr die AfD errungen haben\u201c, beobachtet. Ob sie auch als Abgeordnete weiterhin beobachtet werden k\u00f6nnen, werde derzeit gepr\u00fcft. Durch Presseberichte wird <a href=\"http:\/\/www.taz.de\/AfDler-im-Verfassungsschutz-in-Sachsen\/!5544299\/\">am 19. Oktober<\/a> bekannt, dass ein s\u00e4chsischer AfD-Funktion\u00e4r, der beim Verfassungsschutz (VfS) arbeitet, \u201ezun\u00e4chst befristet in eine andere Beh\u00f6rde versetzt\u201c wurde. Er hatte in einem Fernseh-Interview im September die rechtsextreme Szene in Sachsen verharmlost. <a href=\"https:\/\/www.berliner-zeitung.de\/berlin\/kritik-aus-afd-kreisen-meldeportal-gegen-lehrer-geht-in-berlin-online-31473836\">Am 21. Oktober<\/a> schaltet auch die Berliner AfD die Internet-Plattform frei, auf der Sch\u00fcler und Studenten Lehrer und Professoren melden k\u00f6nnen, die im Unterricht angeblich gegen die AfD hetzen. Ebenfalls <a href=\"http:\/\/www.taz.de\/Vorfall-in-Frankfurt-am-Main\/!5545592\/\">am 21. Oktober<\/a> wird in Frankfurt\/M. (Hessen) ein Mann, der einen AfD-Wahlk\u00e4mpfer auffordert, in seiner Wohnsiedlung keine Flyer zu verteilen, von diesem mit einer Schusswaffe bedroht. Die Polizei beschlagnahmt die Waffe und ermittelt. Bei einer Debatte im Landtag von Mecklenburg-Vorpommern \u00fcber angeblichen Sozialleistungsmissbrauch durch Asylbewerber <a href=\"https:\/\/www.tagesspiegel.de\/politik\/mecklenburg-vorpommern-afd-fraktionschef-sorgt-mit-rassistischer-wortwahl-fuer-empoerung\/23230518.html\">am 25. Oktober<\/a> emp\u00f6rt der AfD-Fraktionsvorsitzende durch seine rassistische Wortwahl. An einer AfD-Demonstration in Freiburg (Baden-W\u00fcrttemberg) aufgrund einer Gruppenvergewaltigung einer jungen Frau durch acht junge M\u00e4nner \u2013 darunter sieben Syrer \u2013 beteiligen sich <a href=\"http:\/\/www.badische-zeitung.de\/freiburg\/400-afd-anhaenger-und-2000-gegendemonstranten-ziehen-durch-freiburg--158495924.html\">am 29. Oktober<\/a> etwa 400 Personen (Gegendemonstration: rund 2000).<\/p>\n<p><b>Bundesnachrichtendienst (BND):<\/b> Der Betreiber des Frankfurter Internetknotens hat <a href=\"http:\/\/www.faz.net\/aktuell\/politik\/inland\/internetknoten-betreiber-zerrt-bnd-vor-verassungsgericht-15832717.html\">Verfassungsbeschwerde gegen den BND<\/a> eingereicht. Seiner Ansicht nach verst\u00f6\u00dft dieser mit der strategischen Fernmeldeaufkl\u00e4rung gegen das Grundgesetz. Eine vorherige Klage vor dem BVerwG Leipzig (Sachsen) war im Mai abgewiesen worden.<\/p>\n<p><b>Rockerkriminalit\u00e4t:<\/b> W\u00e4hrend einer Mitgliederversammlung durchsucht die Polizei in Berlin <a href=\"https:\/\/www.morgenpost.de\/bezirke\/reinickendorf\/article215544043\/Razzia-in-Rockermilieu-Drogenfahnder-und-SEK-vor-Ort.html\">das Clubhaus der Rockergruppe \u201eHells Angels\u201c<\/a> und andere Objekte. Dabei werden ein Haftbefehl vollstreckt sowie zwei weitere M\u00e4nner festgenommen und mehrere Stichwaffen beschlagnahmt.<\/p>\n<p><b>Automatische Gesichtserkennung:<\/b> Das BMI teilt mit, dass die Auswertung des einj\u00e4hrigen Pilotprojektes auf einem Berliner Bahnhof eine <a href=\"https:\/\/www.berliner-zeitung.de\/berlin\/gesichtserkennung-am-bahnhof-trefferrate-ueber-80-prozent-31428002\">Trefferquote von 86,3 Prozent<\/a> ergeben habe. Ein zweiter Versuch solle im Januar 2019 beginnen. Datensch\u00fctzer kritisieren das Projekt. <a href=\"https:\/\/www.berliner-zeitung.de\/berlin\/polizei\/gesichtserkennung-am-suedkreuz-bundespolizei-bericht-laut-chaos-computer-club-geschoent-31458448\">Am 18. Oktober<\/a> \u00fcbt der \u201eChaos Computer Club\u201c scharfe Kritik am Auswertungsbericht: Die Ergebnisse seien gesch\u00f6nt worden und Risiken und rechtliche Probleme gar nicht erst angesprochen worden.<\/p>\n<p><b>Missbrauch von Berliner Polizeicomputer:<\/b> Im Datenschutzausschuss des Berliner Abgeordnetenhauses erkl\u00e4rt die IT-Staatssekret\u00e4rin, ein im M\u00e4rz entdeckter Keylogger auf einem Polizei-PC habe dazu gedient, <a href=\"https:\/\/www.tagesspiegel.de\/berlin\/keylogger-bei-der-berliner-polizei-beamter-soll-es-auf-kaffeekasse-abgesehen-haben\/23195132.html\">die Kaffeekasse der Abteilung zu manipulieren<\/a>. Der verantwortliche Beamte habe dort Schulden gehabt und diese verdecken wollen.<\/p>\n<p>12. Oktober: <b>Fu\u00dfball-Hooligans:<\/b> In den fr\u00fchen Morgenstunden greifen Hooligans des Berliner Vereins Hertha BSC in Potsdam (Brandenburg) eine Kiezkneipe an, die als Treffpunkt von Fans des SV Babelsberg 03 gilt. <a href=\"https:\/\/www.pnn.de\/potsdam\/gewalt-nach-freundschaftsspiel-svb-hertha-hertha-hooligans-greifen-babelsberger-kiezkneipe-nowawes-an\/23178604.html\">14 Personen werden vorl\u00e4ufig festgenommen<\/a>. In einem Berliner Club l\u00f6sen 30 betrunkene Fans des schottischen Vereins Celtic Glasgow eine Schl\u00e4gerei aus. <a href=\"https:\/\/www.morgenpost.de\/berlin\/article215645767\/Festnahmen-nach-Feier-von-Celtic-Glasgow-Fans-im-SO36.html\">20 M\u00e4nner werden vor\u00fcbergehend festgenommen<\/a>. W\u00e4hrend des Bundesliga-Spiels zwischen Borussia Dortmund und Hertha BSC <a href=\"https:\/\/www.morgenpost.de\/sport\/hertha\/article215665419\/Preetz-verurteilt-Ausschreitungen-von-Hertha-Ultras.html\">am 27. Oktober<\/a> brennen Hertha-Ultras gr\u00f6\u00dfere mengen Pyrotechnik ab. Als daraufhin die Polizei einschreitet kommt es zu wilden Pr\u00fcgeleien.<\/p>\n<p><b>Rechtsradikale Straftaten:<\/b> Durch Presseberichte wird bekannt, dass die Polizei gegen vier Personen ermittelt, die im Verdacht stehen, an einer Unfallstelle in Sch\u00f6nberg (Schleswig-Holstein) an der im Juli ein Syrer t\u00f6dlich verungl\u00fcckte, <a href=\"http:\/\/www.spiegel.de\/panorama\/justiz\/schoenberg-bei-luebeck-hakenkreuze-an-unfallort-vier-verdaechtige-a-1232919.html\">Hakenkreuze und den Schriftzug \u201e1:0\u201c<\/a> geschmiert hatten. Durch Presseberichte wird <a href=\"https:\/\/www.sueddeutsche.de\/muenchen\/rassistische-uebergriffe-1.4174637\">am 17. Oktober<\/a> bekannt, dass es in M\u00fcnchen (Bayern) Ende September zu zwei rassistisch motivierten Straftaten kam, bei denen die T\u00e4ter bisher unbekannt sind. In der Nacht zum <a href=\"https:\/\/www.tagesspiegel.de\/weltspiegel\/sachsen-brandanschlag-auf-tuerkisches-restaurant-in-chemnitz\/23202790.html\">18. Oktober<\/a> dringen in Chemnitz (Sachsen) Unbekannte in ein t\u00fcrkisches Lokal ein und legen Feuer. Verletzt wird niemand. Vor dem AG Prenzlau (Brandenburg) beginnt <a href=\"https:\/\/www.berliner-zeitung.de\/berlin\/brandenburg\/online-handel-mit-nazi-devotionalien-prozess-beginnt-ohne-angeklagten-31464076\">am 19. Oktober<\/a> der Prozess gegen einen Mann, der im Internet Nazi-Devotionalien vertrieben hatte. Zum Prozess erscheint der Angeklagte nicht. <a href=\"http:\/\/www.spiegel.de\/panorama\/justiz\/muenchen-holocaustleugner-alfred-s-zu-haftstrafe-verurteilt-a-1235621.html\">Am 26. Oktober<\/a> verurteilt das LG M\u00fcnchen (Bayern) ein rechtsradikales Geschwisterpaar wegen Volksverhetzung und Verwendung von verfassungswidrigen Kennzeichen zu Haftstrafen zwischen 10 Monaten und drei Jahren und zwei Monaten. Sie hatten Hetzvideos hergestellt auf denen das NS-Regime verharmlost und der Holocaust geleugnet wurde.<\/p>\n<p>\u201e<b>Fall Maa\u00dfen:<\/b> Das BMI hat die Versetzung des bisherigen BfV-Pr\u00e4sidenten als Sonderbeauftragter ins Innenministerium <a href=\"http:\/\/www.spiegel.de\/politik\/deutschland\/hans-georg-maa\u00dfen-neuer-streit-um-top-posten-fuer-noch-verfassungsschutzchef-a-1232963.html\">gegen\u00fcber dem Haushaltsausschuss<\/a> Berichten zufolge damit begr\u00fcndet, dass f\u00fcr ihn eine neue Stelle auf dem Niveau eines Abteilungsleiters geschaffen werde. Weshalb hierf\u00fcr Bedarf bestehen soll, wird jedoch nicht ausgef\u00fchrt.<\/p>\n<p><b>Fremdenfeindliche Handlungen:<\/b> In Berlin demonstrieren 120-150 Personen <a href=\"https:\/\/www.morgenpost.de\/bezirke\/reinickendorf\/article215555613\/Buerger-wehren-sich-lautstark-gegen-Fluechtlingsunterkunft.html\">gegen eine geplante Fl\u00fcchtlingsunterkunft<\/a> in ihrem Bezirk. Dies w\u00fcrde Kriminalit\u00e4t versch\u00e4rfen.<\/p>\n<p><b>Fremdenfeindliche Angriffe:<\/b> In einem Berliner Supermarkt <a href=\"https:\/\/www.morgenpost.de\/berlin\/polizeibericht\/article215555531\/Mann-am-Pfandautomat-rassistisch-beleidigt-und-bedroht\">beleidigt ein Mann einen anderen zun\u00e4chst rassistisch<\/a> und versucht wenig sp\u00e4ter, ihn mit einer Flasche zu schlagen, was von einem Zeugen verhindert wird. Der T\u00e4ter entkommt unerkannt. In Magdeburg (Sachsen-Anhalt) werden <a href=\"http:\/\/www.spiegel.de\/panorama\/justiz\/magdeburg-migranten-offenbar-von-grosser-gruppe-verpruegelt-a-1235681.html\">am 29. Oktober<\/a> zwei Migranten von einer Gruppe M\u00e4nner zun\u00e4chst beleidigt und kurz darauf von der inzwischen angewachsenen Gruppe angegriffen; sie erleiden Nasenbeinbr\u00fcche und Gesichtsh\u00e4matome.<\/p>\n<p>15. Oktober: <b>Terrorhelfer Motassadeq:<\/b> Der Helfer der Attent\u00e4ter auf das amerikanische World Trade Center im November 2011, Mounir al Motassadeq, <a href=\"http:\/\/www.faz.net\/aktuell\/politik\/inland\/9-11-terrorhelfer-motassadeq-nach-marokko-abgeschoben-15838804.html\">wird nach Marokko abgeschoben<\/a>. Motassadeq war in Hamburg wegen Beihilfe zum Mord in mehr als 3.000 F\u00e4llen und Mitgliedschaft in einer terroristischen Vereinigung zu 15 Jahre Haft verurteilt worden und w\u00e4re im November entlassen worden.<\/p>\n<p><b>Polizeisch\u00fcsse:<\/b> Am K\u00f6lner Hauptbahnhof (NRW) versch\u00fcttet ein Mann Benzin und einen Molotowcocktail in einer Fast-Food-Filiale. Anschlie\u00dfend nimmt er in einer Apotheke des Bahnhofs eine <a href=\"https:\/\/www.ksta.de\/koeln\/innenstadt\/geiselnahme-am-koelner-hbf-maedchen-fluechtete-brennend-ins-freie-31442298\">Geisel und ruft er geh\u00f6re zur \u201eTerrorgruppe Daesh\u201c<\/a> &#8211; ein Akronym f\u00fcr den \u201eIslamischen Staat\u201c (IS). Bei der Befreiung der Geisel durch das SEK wird der T\u00e4ter durch Sch\u00fcsse lebensgef\u00e4hrlich verletzt und muss reanimiert und im Krankenhaus notoperiert werden. Bei der anschlie\u00dfenden Durchsuchung werden mehrere <a href=\"https:\/\/www.sueddeutsche.de\/panorama\/koelner-hauptbahnhof-geiselnehmer-praeparierte-gasflaschen-mit-stahlkugeln-1.4172908\">pr\u00e4parierte Gaskartuschen gefunden<\/a>. Bei der Wohnungsdurchsuchung werden <a href=\"https:\/\/www.ksta.de\/koeln\/geiselnahme-am-hauptbahnhof-koeln-entging-nur-knapp-einer-katastrophe-31450834\">weitere Benzinbeh\u00e4lter<\/a> sowie arabische Schriftzeichen an einer Wand gefunden. <a href=\"https:\/\/www.ksta.de\/koeln\/geiselnahme-am-hauptbahnhof-koeln-entging-nur-knapp-einer-katastrophe-31450834\">Am 17. Oktober<\/a> wird durch Medienberichte bekannt, dass der T\u00e4ter inzwischen au\u00dfer Lebensgefahr ist. <a href=\"https:\/\/www.berliner-zeitung.de\/panorama\/nicht-vernehmungsfaehig-koelner-geiselnehmer-liegt-nach-kopfschuss-weiter-im-koma-31458424\">Am 18. Oktober<\/a> teilt ein StA-Sprecher mit, der T\u00e4ter liege mit einem Kopfschuss weiterhin im Koma. Ein terroristischer Hintergrund best\u00e4tigt sich jedoch nicht, wie <a href=\"https:\/\/www.tagesspiegel.de\/weltspiegel\/nach-geiselnahme-am-koelner-hauptbahnhof-offenbar-keine-hinweise-auf-islamistisches-motiv\/23236932.html\">am 26. Oktober<\/a> bekannt wird. Vielmehr deute alles zunehmend auf massive psychische Probleme hin.<\/p>\n<p>16. Oktober: <b>Rechtsradikale und fremdenfeindliche Angriffe auf Fl\u00fcchtlinge: <\/b>Vor dem LG Heilbronn (Baden-W\u00fcrttemberg) beginnt der <a href=\"http:\/\/www.spiegel.de\/panorama\/justiz\/heilbronn-mutmasslicher-messerstecher-bittet-opfer-um-entschuldigung-a-1233552.html\">Prozess gegen einen Mann<\/a>, der im Februar mit einem K\u00fcchenmesser auf vier junge M\u00e4nner eingestochen hatte. Dabei wurden einer schwer und zwei leicht verletzt. Der Mann r\u00e4umt die Tat ein, bestreitet jedoch ein rassistisches Motiv; er sei besoffen gewesen.<\/p>\n<p>Am 25. Oktober erkl\u00e4rt der psychiatrische Gutachter den Mann f\u00fcr <a href=\"http:\/\/www.spiegel.de\/panorama\/justiz\/heilbronn-gutachter-sieht-rentner-als-vermindert-schuldfaehig-a-1235111.html\">vermindert schuldf\u00e4hig<\/a>.<\/p>\n<p>Am 31. Oktober verurteilt das LG den Mann wegen <a href=\"http:\/\/www.spiegel.de\/panorama\/justiz\/heilbronn-angriff-auf-fluechtlinge-rentner-zu-fuenf-jahren-haft-verurteilt-a-1236091.html\">gef\u00e4hrlicher K\u00f6rperverletzung und versuchten Mordes<\/a> zu f\u00fcnf Jahren Haft.<\/p>\n<p><b>Video\u00fcberwachung:<\/b> Der Berliner Senat <a href=\"https:\/\/www.berliner-zeitung.de\/berlin\/senat-volksbegehren-fuer-videoueberwachung-ist\u2014rechtlich-unzulaessig--31448566\">lehnt ein Volksbegehren f\u00fcr mehr Video\u00fcberwachung ab<\/a>. Die Initiative sei \u201erechtlich unzul\u00e4ssig und politisch verfehlt\u201c. Das Volksbegehren soll nun vom Verfassungsgerichtshof auf Zul\u00e4ssigkeit gepr\u00fcft werden.<\/p>\n<p><b>Asyl:<\/b> Das VG Trier (Rheinland-Pfalz) entscheidet, dass Asylsuchende, die sich im Kirchenasyl befinden, nicht als \u201efl\u00fcchtig\u201c gelten und ihre Abschiebung damit vorerst ausgesetzt ist. Die Pr\u00fcfungszust\u00e4ndigkeit ihrer Asylantr\u00e4ge gehe damit nunmehr auf die Bundesrepublik \u00fcber (<a href=\"https:\/\/www.juris.de\/jportal\/portal\/t\/1p1d\/page\/homerl.psml?nid=jnachr-JUNA181003105&amp;cmsuri=%2Fjuris%2Fde%2Fnachrichten%2Fzeigenachricht.jsp\">Az: 7 L 5184\/18\/18.TR<\/a>).<\/p>\n<p>17. Oktober: <b>Verhinderter Terroranschlag:<\/b> Das BfV im 2016 hatte durch eine V-Frau offenbar fr\u00fchzeitig \u201ekonkrete und (\u2026) belastbare\u201c Informationen \u00fcber <a href=\"https:\/\/www.sueddeutsche.de\/politik\/terrorismus-behoerden-durchkreuzten-is-anschlagsplaene-in-deutschland-1.4174397\">bisher geheimgehaltene Anschlagspl\u00e4ne in Deutschland<\/a> erhalten, die somit verhindert werden konnten. Geplant wurde dieser demnach von der <a href=\"https:\/\/www.sueddeutsche.de\/politik\/anschlagsplaene-in-deutschland-moerderischer-ehrgeiz-1.4173945\">IS-Abteilung \u201eExterne Operationen\u201c<\/a>, die auch f\u00fcr die Anschl\u00e4ge in Paris (November 2015) und in Br\u00fcssel (M\u00e4rz 2016) verantwortlich gemacht wird.<\/p>\n<p><b>Polizeisch\u00fcsse:<\/b> Nach einer l\u00e4ngeren Observation stellen Polizeibeamte in Germering (Bayern) eine Bande von Geldautomaten-Knackern. Als diese mit einem Fahrzeug fl\u00fcchten, <a href=\"https:\/\/www.sueddeutsche.de\/muenchen\/polizei-geldautomaten-sprenger-germering-1.4173524?reduced=true\">schie\u00dfen die Polizisten und treffen den Fahrer<\/a> in die Schulter. Vier Personen werden festgenommen, ein F\u00fcnfter ist fl\u00fcchtig.<\/p>\n<p><b>Elektronische Fu\u00dffessel:<\/b> Aktuell sind bundesweit <a href=\"http:\/\/www.faz.net\/aktuell\/politik\/inland\/mehr-gefaehrder-und-ehemalige-straftaeter-tragen-fussfessel-15842347.html\">116 Personen zum Tragen einer elektronischen Fu\u00dffessel<\/a> verurteilt. Dies erkl\u00e4rt die hessische Justizministerin Eva K\u00fchne-H\u00f6rmann (CDU). Davon seien 77 Sexualstraft\u00e4ter und sieben als Gef\u00e4hrder eingestufte Personen.<\/p>\n<p>19. Oktober: <b>Polizeilicher Todesschuss:<\/b> In Kirchheim (Rheinland-Pfalz) alarmiert eine Frau die Polizei, weil ihr unter Drogen stehender Sohn sie mit einer Schere angreift. Bei ihrem Eindringen in die Wohnung werden auch der Beamte und seine Kollegin heftig attackiert; <a href=\"http:\/\/www.faz.net\/aktuell\/gesellschaft\/kriminalitaet\/kirchheim-zwei-tote-bei-schiesserei-in-rheinland-pfalz-15846185.html\">daraufhin schie\u00dfen sie auf ihn und treffen ihn t\u00f6dlich<\/a>. Die Mutter stirbt noch vor Ort an den Stichverletzungen und auch die Polizist\/innen werden <a href=\"https:\/\/www.swr.de\/swraktuell\/rheinland-pfalz\/ludwigshafen\/Polizeieinsatz-im-Kreis-Bad-Duerkheim-Zwei-Tote-bei-Schiesserei-in-Kirchheim,schiesserei-kirchheim-100.html\">durch Stiche schwer verletzt<\/a>. Laut Obduktionsergebnis, dass <a href=\"http:\/\/www.spiegel.de\/panorama\/justiz\/kirchheim-an-der-weinstrasse-25-jaehriger-wurde-von-sieben-schuessen-getroffen-a-1234564.html\">am 22. Oktober<\/a> bekannt wird, wurde der Mann von sieben Sch\u00fcssen getroffen.<\/p>\n<p><b>Waffenverbot in Z\u00fcgen:<\/b> Die BPol erneuert ihr im Juni erlassenes <a href=\"https:\/\/www.berliner-zeitung.de\/berlin\/polizei\/gefaehrliche-werkzeuge\u2014polizei-verlaengert-verschaerftes-waffenverbot-in-s-bahn-31465194\">Verbot von Waffen aller Art in Z\u00fcgen der Region Berlin-Brandenburg<\/a> f\u00fcr die Wochenenden.<\/p>\n<p>21. Oktober: <b>Personenschutz:<\/b> Bei der BPol sind derzeit <a href=\"https:\/\/www.berliner-zeitung.de\/politik\/bka-zahlen-immer-mehr-menschen-in-deutschland-erhalten-staatlichen-schutz-31469728\">109 Beamte mit Personenschutzaufgaben<\/a> betraut (2013: 65); beim BKA sind es 503 (2013: 473) und beim BND = 1. Dies geht aus einer parlamentarischen Anfrage der FDP-Bundestagsfraktion hervor.<\/p>\n<p><b>Bayerische Grenzpolizei:<\/b> Laut einem von den GR\u00dcNEN in Auftrag gegebenen Rechtsgutachten ist die Neugr\u00fcndung einer eigenen Bayerischen Grenzpolizei an der deutsch-\u00f6sterreichischen Grenze im Herbst 2015 <a href=\"https:\/\/www.sueddeutsche.de\/bayern\/sicherheit-bayerische-grenzkontrollen-gutachten-berfassungswidrig-1.4178884\">rechtswidrig und verst\u00f6\u00dft gegen das Grundgesetz<\/a>. Umgehend weist Bayerns Innenminister Joachim Herrmann (CSU) das Gutachten <a href=\"http:\/\/www.spiegel.de\/politik\/deutschland\/bayern-csu-innenminister-joachim-herrmann-verteidigt-grenzpolizei-a-1234546.html\">am 22. Oktober<\/a> zur\u00fcck. Die Grenzkontrollen seien \u201everfassungs- und europarechtlich einwandfrei\u201c.<\/p>\n<p>22. Oktober: <b>Missst\u00e4nde an Berliner Polizeischulen:<\/b> 47 von 205 Polizeisch\u00fclern des mittleren Dienstes sind Berichten zufolge <a href=\"https:\/\/www.morgenpost.de\/berlin\/article215617713\/Polizeiakademie-kommt-nicht-zur-Ruhe.html\">durch die Zwischenpr\u00fcfung gefallen<\/a> und wurden aus dem Beamtenverh\u00e4ltnis entlassen (2016: 5 \/ 2015: 2). Laut einem weiteren Pressebericht vom 23. Oktober ist die Durchfallquote <a href=\"https:\/\/www.morgenpost.de\/berlin\/article215628425\/Zahl-der-durchgefallenen-Polizeischueler-groesser-als-vermutet.html\">sogar noch h\u00f6her<\/a>.<\/p>\n<p>23. Oktober: <b>Dschihadisten-Prozesse:<\/b> Vor dem OLG Frankfurt\/M. (Hessen) beginnt der <a href=\"http:\/\/www.faz.net\/aktuell\/gesellschaft\/kriminalitaet\/somalischer-terrorverdaechtiger-in-frankfurt-angeklagt-15852577.html\">Prozess gegen einen Mann der der somalischen Terrormiliz \u201eAl Shabaab\u201c<\/a> angeh\u00f6ren soll. Ihm werden Mordversuch und Beihilfe zum Mord vorgeworfen.<\/p>\n<p><b>Einreisesperren:<\/b> Seit dem Erlass einer Wiedereinreisesperre an der deutsch-\u00f6sterreichischen Grenze f\u00fcr abgelehnte Asylbewerber im Juni hat es bis Mitte Oktober <a href=\"https:\/\/www.sueddeutsche.de\/politik\/seehofer-einreisesperre-fluechtlinge-1.4181949\">lediglich 89 F\u00e4lle von Wiedereinreiseversuchen<\/a> gegeben; nur drei Personen stellten dabei einen neuen Asylantrag. Dies teilt das BMI mit.<\/p>\n<p><b>Fotografierverbot:<\/b> Das VG Essen (NRW) entscheidet, dass die Polizei bei Demonstrationen <a href=\"https:\/\/www.tagesspiegel.de\/berlin\/nach-urteil-aus-gelsenkirchen-berliner-polizei-haelt-an-demofotos-auf-twitter-fest\/23237962.html\">nur fotografieren darf, wenn Anhaltspunkte f\u00fcr eine Gefahr<\/a> bestehen. Bei einer Demonstration gegen Rechts im Mai hatte die Polizei Aufnahmen f\u00fcr ihre Social-Media-Arbeit gemacht und auf facebook und twitter ver\u00f6ffentlicht. <a href=\"http:\/\/www.spiegel.de\/panorama\/justiz\/gelsenkirchen-urteil-polizei-darf-bei-demos-nicht-fuer-pressearbeit-fotografieren-a-1234696.html\">Dagegen hatten zwei Teilnehmer geklagt<\/a>. Das Urteil (Az: 14 R 3543\/18) ist noch nicht rechtskr\u00e4ftig.<\/p>\n<p><b>Fall Oury Jalloh:<\/b> In Berlin gibt die Initiative \u201eGedenken an Oury Jalloh\u201c die <a href=\"http:\/\/www.taz.de\/Tote-in-Polizeigewahrsam\/!5541184\/\">Einsetzung einer unabh\u00e4ngigen Expertenkommission<\/a> von \u00c4rzten, Juristen und Wissenschaftlern aus mehreren europ\u00e4ischen L\u00e4ndern bekannt. Jalloh war im Jahr 2005 in einer Zelle des Polizeirevier Dessau (Sachsen-Anhalt) verbrannt; der Fall ist bis heute ungekl\u00e4rt.<\/p>\n<p><b>Schleuserkriminalit\u00e4t:<\/b> An einer Tankstelle bei Saarlouis (Saarland) stoppt die Polizei nach einer Handyortung einen K\u00fchllaster und <a href=\"http:\/\/www.spiegel.de\/panorama\/justiz\/saarland-polizei-rettet-menschen-aus-lkw-in-saarlouis-a-1234686.html\">befreit daraus f\u00fcnf Iraker<\/a>. Diese hatten per Handy einen Notruf abgegeben, der von der franz\u00f6sischen Polizei aufgefangen und an die deutschen Kollegen weitergegeben worden war. Auf einer Bundesstra\u00dfe bei Mittenwald (Bayern) stoppt die Polizei <a href=\"http:\/\/www.spiegel.de\/panorama\/justiz\/bayern-polizei-stoppt-schleuserwagen-mit-16-fl\u00fcchtlingen-bei-mittenwald-a-1235761.html\">am 29. Oktober<\/a> einen Kastenwagen mit 16 Fl\u00fcchtlingen. Zwei Schleuser werden festgenommen.<\/p>\n<p>24. Oktober: <b>Antisemitische Straftaten:<\/b> Der junge Syrer, der im April in Berlin einen Kippa tragenden Juden beschimpft und mit einem G\u00fcrtel geschlagen hatte, <a href=\"http:\/\/www.spiegel.de\/panorama\/justiz\/angriff-auf-kippa-traeger-in-berlin-syrer-verzichtet-auf-berufung-a-1235771.html\">zieht seine Berufung gegen das vom AG verh\u00e4ngte Urteil<\/a> von einem vierw\u00f6chigen Arrest und einem Jahr Erziehungsaufsicht zur\u00fcck. In Berlin kam es im ersten Halbjahr zu insgesamt 527 antisemitischen Vorf\u00e4llen (Vorjahreszeitraum: 514), darunter 18 k\u00f6rperliche Angriffe. Dies geht aus Presseberichten unter Berufung auf Zahlen der \u201eRecherche- und Informationsstelle Antisemitismus Berlin\u201c hervor. Die polizeiliche Statistik erfasst hingegen lediglich 133 F\u00e4lle. Dies wird <a href=\"https:\/\/www.tagesspiegel.de\/berlin\/antisemitismus-in-berlin-der-hass-gegen-juden-laesst-nicht-nach\/23225780.html\">am 25. Oktober<\/a> durch Pressemeldungen bekannt.<\/p>\n<p>26. Oktober: <b>Rechtsradikale Polizisten:<\/b> Durch Presseberichte wird bekannt, dass Polizeisch\u00fcler in Sachsen <a href=\"https:\/\/www.morgenpost.de\/vermischtes\/article215655773\/Polizeischueler-sollen-in-Chat-gegen-Auslaender-gehetzt-haben.html\">per WhatsApp rassistische Kommentare ausgetauscht<\/a> und gegen Ausl\u00e4nder gehetzt haben. Die Polizeibeh\u00f6rde best\u00e4tigt dies.<\/p>\n<p>28. Oktober: <b>Polizeilicher Todesschuss: <\/b>In Braunschweig (Niedersachsen) wird die Polizei wegen einer Ruhest\u00f6rung gerufen. Als die Beamten eintreffen, fl\u00fcchten zwei M\u00e4nner. Aus einem Nachbarhaus kommt unmittelbar darauf ein unbeteiligter Mann mit einer Schusswaffe auf die Polizisten zu. Als er diese trotz Aufforderung nicht ablegt, <a href=\"https:\/\/www.n-tv.de\/panorama\/Polizisten-erschiessen-Mann-in-Braunschweig-article20693067.html\">schie\u00dfen die Beamten auf ihn<\/a>; er stirbt noch vor Ort. <a href=\"https:\/\/www.ndr.de\/nachrichten\/niedersachsen\/braunschweig_harz_goettingen\/Braunschweig-39-Jaehriger-starb-durch-Brustschuss,braunschweig6702.html\">Am 29. Oktober<\/a> gibt die StA bekannt, dass es sich bei der Waffe des Mannes um eine Schreckschusspistole handelte.<\/p>\n<p>29. Oktober: <b>Anschlag auf Hamburger S-Bahnhof:<\/b> In Hamburg wird ein Mann, der im Dezember 2017 auf einem S-Bahnhof eine mit selbstgebastelten Sprengk\u00f6rpern und Schrauben gef\u00fcllte Plastikt\u00fcte gez\u00fcndet hatte, <a href=\"http:\/\/www.spiegel.de\/panorama\/justiz\/boellerexplosion-in-hamburger-s-bahnhof-veddel-10-jahre-haft-fuer-angeklagten-a-1235742.html\">zu 10 Jahren Haft verurteilt<\/a>.<\/p>\n<p>29. Oktober: <b>Homophobe Angriffe:<\/b> In Berlin <a href=\"https:\/\/www.berliner-zeitung.de\/berlin\/polizei\/polizeibericht-jugendliche-belaestigen-frau-und-schlagen-ehemann-nieder-31507840\">beleidigen zwei M\u00e4nner ein homosexuelles Paar<\/a> heftig bevor sie unerkannt fl\u00fcchten.<\/p>\n<p><b>Gafferproblematik:<\/b> Auf einer Autobahn bei Unna (NRW) filmen Vorbeifahrende einen Rettungseinsatz. Die Polizei fertigt <a href=\"http:\/\/www.spiegel.de\/panorama\/justiz\/dortmund-gaffer-filmen-reanimation-polizei-leitet-strafverfahren-ein-a-1235812.html\">sechs Strafanzeigen<\/a>.<\/p>\n<p>30. Oktober: <b>Brandenburgisches Polizeigesetz:<\/b> Die brandenburgische Landesregierung beschlie\u00dft eine <a href=\"https:\/\/www.berliner-zeitung.de\/berlin\/brandenburg\/terrorabwehr-brandenburg-beschliesst-schaerferes-polizeigesetz--31519004\">Versch\u00e4rfung des bestehenden Polizeigesetzes<\/a>.<\/p>\n<p><b>Polizeisch\u00fcsse:<\/b> In Hamburg verursacht ein betrunkener Autofahrer einen Unfall und fl\u00fcchtet. Als Polizisten versuchen ihn zu stoppen, f\u00e4hrt auf einen Beamten zu. <a href=\"https:\/\/www.mopo.de\/hamburg\/polizei\/wollte-er-polizisten-ueberfahren\u2014suff-fahrer-auf-dem-kiez-mit-schuss-gestoppt--31519934\">Durch Sch\u00fcsse wird er gestoppt<\/a>; der Fahrer wird in einen Unterarm getroffen.<\/p>\n<h3>Beitragsbild: Nazidemonstration am 3. Oktober in Berlin (<a href=\"https:\/\/christian-ditsch.photoshelter.com\/gallery-image\/2018-10-03-Politik-Rechtsextreme-Demonstration-Wir-fuer-Deutschland\/G0000g2Xml.Bj8t4\/I0000PuwPvfMbfX0\/C0000MqDcgFJcFCY\">Christian Ditsch<\/a>)<\/h3>\n","protected":false},"excerpt":{"rendered":"<p>zusammengestellt von Otto Diederichs 1. Oktober: Rechtsextremistische Terrorgruppe \u201eRevolution Chemnitz\u201c: In Chemnitz (Sachsen) nimmt die<\/p>\n","protected":false},"author":2,"featured_media":14680,"comment_status":"open","ping_status":"open","sticky":false,"template":"","format":"standard","meta":{"footnotes":""},"categories":[6],"tags":[667,820,1094,1186,1195,1216],"class_list":["post-14678","post","type-post","status-publish","format-standard","has-post-thumbnail","hentry","category-chronologien","tag-geheimdienste","tag-justiz","tag-polizei","tag-rassismus","tag-rechtsextremismus","tag-repression"],"_links":{"self":[{"href":"https:\/\/wp-dev.daten.cool\/index.php?rest_route=\/wp\/v2\/posts\/14678","targetHints":{"allow":["GET"]}}],"collection":[{"href":"https:\/\/wp-dev.daten.cool\/index.php?rest_route=\/wp\/v2\/posts"}],"about":[{"href":"https:\/\/wp-dev.daten.cool\/index.php?rest_route=\/wp\/v2\/types\/post"}],"author":[{"embeddable":true,"href":"https:\/\/wp-dev.daten.cool\/index.php?rest_route=\/wp\/v2\/users\/2"}],"replies":[{"embeddable":true,"href":"https:\/\/wp-dev.daten.cool\/index.php?rest_route=%2Fwp%2Fv2%2Fcomments&post=14678"}],"version-history":[{"count":0,"href":"https:\/\/wp-dev.daten.cool\/index.php?rest_route=\/wp\/v2\/posts\/14678\/revisions"}],"wp:featuredmedia":[{"embeddable":true,"href":"https:\/\/wp-dev.daten.cool\/index.php?rest_route=\/wp\/v2\/media\/14680"}],"wp:attachment":[{"href":"https:\/\/wp-dev.daten.cool\/index.php?rest_route=%2Fwp%2Fv2%2Fmedia&parent=14678"}],"wp:term":[{"taxonomy":"category","embeddable":true,"href":"https:\/\/wp-dev.daten.cool\/index.php?rest_route=%2Fwp%2Fv2%2Fcategories&post=14678"},{"taxonomy":"post_tag","embeddable":true,"href":"https:\/\/wp-dev.daten.cool\/index.php?rest_route=%2Fwp%2Fv2%2Ftags&post=14678"}],"curies":[{"name":"wp","href":"https:\/\/api.w.org\/{rel}","templated":true}]}}