{"id":14700,"date":"2018-11-10T18:38:50","date_gmt":"2018-11-10T18:38:50","guid":{"rendered":"https:\/\/www.cilip.de\/?p=14700"},"modified":"2018-11-10T18:38:50","modified_gmt":"2018-11-10T18:38:50","slug":"camp-als-versammlung","status":"publish","type":"post","link":"https:\/\/wp-dev.daten.cool\/?p=14700","title":{"rendered":"Camp als Versammlung"},"content":{"rendered":"<p>Auch im Zusammenhang mit den Protesten gegen die Rodung des \u201eHambacher Forsts\u201c im Braunkohleabbaugebiet \u201eTagebau Hambach\u201c gab es Streit um die Durchf\u00fchrung von Protestcamps. In der Sache unterlagen dabei die VeranstalterInnen des Camps: In einem Eilantrag wollten diese erreichen, ihr \u201eCamp f\u00fcr Energietransformation\u201c wie von ihnen geplant in den \u201eRurwiesen\u201c, 13 Kilometer entfernt von der Auftaktkundgebung der Gro\u00dfdemonstration am 27. Oktober in Buir, durchf\u00fchren zu d\u00fcrfen. Das Gericht lehnte den Antrag ab und verwies die Camp\u00ad-OrganisatorInnen auf den ihnen von der Polizei zugewiesenen Ersatzstandort \u201eMerscher H\u00f6he\u201c. Das Umweltamt des Kreises D\u00fcren hatte Umweltschutzgr\u00fcnde gegen die Nutzung der \u201eRurwiesen\u201c geltend gemacht.<!--more--><\/p>\n<p>Bemerkenswert an dem Beschluss des Verwaltungsgerichts Aachen ist allerdings, dass das Gericht das Camp als (sch\u00fctzenswerte) Versammlung wertete.[1] Die Wahl von Ort, Zeitpunkt sowie Art und Inhalt der Veranstaltung sei aber mit anderen Rechtsg\u00fctern abzuw\u00e4gen. Das Gericht spricht in seiner Mitteilung zum Urteil (die Begr\u00fcndung lag zum Redaktionsschluss noch nicht vor) von einer \u201eDauerversammlung\u201c, die dort weitere kleinere Veranstaltungen zum Gegenstand habe.<\/p>\n<p>Gar nicht problematisiert wurde hierbei, dass mit einer solchen Dauerversammlung Elemente einhergehen, die \u00fcber ein Versammlungsgeschehen im engen Sinne, das allein als politische Meinungskundgabe gegen\u00fcber einem Adressaten au\u00dferhalb verstanden wird, hinausgehen: der Aufbau von Versorgungs- und Veranstaltungszelten beispielsweise. Eine solche Unterscheidung hatte das Oberverwaltungsgericht Hamburg zur Grundlage seines Beschlusses \u00fcber ein Camp im Rahmen des G20-Gipfelprotestes gemacht und im Ergebnis das Verbot best\u00e4tigt. Das VG Aachen hat deutlich gemacht, dass man die Sache auch anders sehen kann.<\/p>\n<h6>[1] VG Aachen: Beschluss v. 23.10.2018, Az.: 6 L 1586\/18; Pressemitteilung: <a href=\"http:\/\/www.justiz.nrw\/JM\/Presse\/presse_weitere\/PresseOVG\/23_10_2018_\/index.php\">www.justiz.nrw\/JM\/Presse\/presse_weitere\/PresseOVG\/23_10_2018_\/index.php<\/a><\/h6>\n","protected":false},"excerpt":{"rendered":"<p>Auch im Zusammenhang mit den Protesten gegen die Rodung des \u201eHambacher Forsts\u201c im Braunkohleabbaugebiet \u201eTagebau<\/p>\n","protected":false},"author":14,"featured_media":0,"comment_status":"open","ping_status":"open","sticky":false,"template":"","format":"standard","meta":{"footnotes":""},"categories":[122,146],"tags":[],"class_list":["post-14700","post","type-post","status-publish","format-standard","hentry","category-cilip-117","category-meldungen-inland"],"_links":{"self":[{"href":"https:\/\/wp-dev.daten.cool\/index.php?rest_route=\/wp\/v2\/posts\/14700","targetHints":{"allow":["GET"]}}],"collection":[{"href":"https:\/\/wp-dev.daten.cool\/index.php?rest_route=\/wp\/v2\/posts"}],"about":[{"href":"https:\/\/wp-dev.daten.cool\/index.php?rest_route=\/wp\/v2\/types\/post"}],"author":[{"embeddable":true,"href":"https:\/\/wp-dev.daten.cool\/index.php?rest_route=\/wp\/v2\/users\/14"}],"replies":[{"embeddable":true,"href":"https:\/\/wp-dev.daten.cool\/index.php?rest_route=%2Fwp%2Fv2%2Fcomments&post=14700"}],"version-history":[{"count":0,"href":"https:\/\/wp-dev.daten.cool\/index.php?rest_route=\/wp\/v2\/posts\/14700\/revisions"}],"wp:attachment":[{"href":"https:\/\/wp-dev.daten.cool\/index.php?rest_route=%2Fwp%2Fv2%2Fmedia&parent=14700"}],"wp:term":[{"taxonomy":"category","embeddable":true,"href":"https:\/\/wp-dev.daten.cool\/index.php?rest_route=%2Fwp%2Fv2%2Fcategories&post=14700"},{"taxonomy":"post_tag","embeddable":true,"href":"https:\/\/wp-dev.daten.cool\/index.php?rest_route=%2Fwp%2Fv2%2Ftags&post=14700"}],"curies":[{"name":"wp","href":"https:\/\/api.w.org\/{rel}","templated":true}]}}