{"id":14724,"date":"2018-11-10T17:19:34","date_gmt":"2018-11-10T17:19:34","guid":{"rendered":"https:\/\/www.cilip.de\/?p=14724"},"modified":"2018-11-10T17:19:34","modified_gmt":"2018-11-10T17:19:34","slug":"umkaempfte-seenotrettung","status":"publish","type":"post","link":"https:\/\/wp-dev.daten.cool\/?p=14724","title":{"rendered":"Umk\u00e4mpfte Seenotrettung"},"content":{"rendered":"<p>Seit der Beschlagnahme des dem Verein \u201eJugend Rettet\u201c geh\u00f6renden Schiffes \u201eIuventa\u201c im August 2017 werden alle Nichtregierungsorganisationen, die zur Seenotrettung in internationalen Gew\u00e4ssern zwischen Libyen und Italien unterwegs waren, juristisch verfolgt. Am 2. Juli 2018 wurde die \u201eSea Watch 3\u201c von Sea-Watch e.V. im Hafen von Valletta\/ Malta festgesetzt, nachdem die Hafenbeh\u00f6rde zur Untersuchung des niederl\u00e4ndischen Flaggenstatus die Ausfahrt verweigert hatte. Auch die \u201eSea Watch 2\u201c, die vom Verein \u201eMission Lifeline\u201c \u00fcbernommen und in \u201eLifeline\u201c umbenannt wurde, liegt in Valletta\/Malta fest. Der Kapit\u00e4n hatte sich geweigert, Gefl\u00fcchtete an die libysche K\u00fcstenwache zu \u00fcbergeben. Gegen Claus-Peter Reisch wird jetzt in Malta wegen der angeblich ungen\u00fcgenden Registrierung des Schiffes in den Niederlanden verhandelt. Schlie\u00dflich ist auch der deutsche Sea-Eye e.V. von der Kriminalisierung betroffen. Der Verein betrieb unter niederl\u00e4ndischer Flagge die \u201eSeefuchs\u201c, die ebenfalls in Malta am Auslaufen gehindert wird.<!--more--><\/p>\n<p>Repressalien gelten auch nicht-staatlichen Suchflugzeugen. Die Schweizer humanit\u00e4re Piloteninitiative und Sea-Watch e.V. sind die Betreiber der \u201eMoon Bird\u201c. Die maltesischen Beh\u00f6rden haben das kleine Flugzeug seit Mai mehrfach am Starten gehindert, da angeblich die Einhaltung von Verwaltungsvorschriften \u00fcberpr\u00fcft werden musste. Eine weitere Organisation, Pilotes Volontaires, betreibt mit Sea-Watch von Lampedusa aus die Colibri.<\/p>\n<p>Als letztes privates Schiff war im September nur noch die \u201eAquarius\u201c von SOS Mediterran\u00e9e im zentralen Mittelmeer unterwegs. Die medizinische Versorgung sowie das medizinische Personal stellt dabei die Organisation \u00c4rzte ohne Grenzen. Vermutlich auf Druck Italiens hat Panama der \u201eAquarius\u201c die Flagge entzogen.<\/p>\n<p>Auf Initiative der B\u00fcrgermeister einiger K\u00fcstenst\u00e4dte haben italienische Organisationen zusammen mit Sea Watch nun die \u201eMare Ionio\u201c in Betrieb genommen. F\u00fcnf Jahre nach zwei Schiffsungl\u00fccken vor Lampedusa, bei denen vermutlich 800 Menschen ertranken, soll die \u201eMare Ionio\u201c die Situation im Mittelmeer beobachten. Der Schlepper f\u00e4hrt unter italienischer Flagge und soll als \u201epraktische Intervention\u201c der italienischen sozialen Bewegungen verstanden werden.[1] F\u00fcr Innenminister Matteo Salvini (Lega) ist die \u201eMare Ionio\u201c das \u201eSchiff von Heruntergekommenen aus sozialen Zentren\u201c.[2]<\/p>\n<h6>[1] <a href=\"http:\/\/jungle.world\/blog\/jungleblog\/2018\/10\/wir-haben-ein-schiff\">www.jungle.world\/blog\/jungleblog\/2018\/10\/wir-haben-ein-schiff<\/a><\/h6>\n<h6>[2] <a href=\"http:\/\/www.ilmessaggero.it\/italia\/migranti_nave_ong_parlamentari-4016750.html\">www.ilmessaggero.it\/italia\/migranti_nave_ong_parlamentari-4016750.html<\/a><\/h6>\n<h3>Beitragsbild: Die \u201eLifeline\u201c im Hafen von Valletta<\/h3>\n","protected":false},"excerpt":{"rendered":"<p>Seit der Beschlagnahme des dem Verein \u201eJugend Rettet\u201c geh\u00f6renden Schiffes \u201eIuventa\u201c im August 2017 werden<\/p>\n","protected":false},"author":3,"featured_media":14728,"comment_status":"open","ping_status":"open","sticky":false,"template":"","format":"standard","meta":{"footnotes":""},"categories":[122,145],"tags":[],"class_list":["post-14724","post","type-post","status-publish","format-standard","has-post-thumbnail","hentry","category-cilip-117","category-meldungen-europa"],"_links":{"self":[{"href":"https:\/\/wp-dev.daten.cool\/index.php?rest_route=\/wp\/v2\/posts\/14724","targetHints":{"allow":["GET"]}}],"collection":[{"href":"https:\/\/wp-dev.daten.cool\/index.php?rest_route=\/wp\/v2\/posts"}],"about":[{"href":"https:\/\/wp-dev.daten.cool\/index.php?rest_route=\/wp\/v2\/types\/post"}],"author":[{"embeddable":true,"href":"https:\/\/wp-dev.daten.cool\/index.php?rest_route=\/wp\/v2\/users\/3"}],"replies":[{"embeddable":true,"href":"https:\/\/wp-dev.daten.cool\/index.php?rest_route=%2Fwp%2Fv2%2Fcomments&post=14724"}],"version-history":[{"count":0,"href":"https:\/\/wp-dev.daten.cool\/index.php?rest_route=\/wp\/v2\/posts\/14724\/revisions"}],"wp:featuredmedia":[{"embeddable":true,"href":"https:\/\/wp-dev.daten.cool\/index.php?rest_route=\/wp\/v2\/media\/14728"}],"wp:attachment":[{"href":"https:\/\/wp-dev.daten.cool\/index.php?rest_route=%2Fwp%2Fv2%2Fmedia&parent=14724"}],"wp:term":[{"taxonomy":"category","embeddable":true,"href":"https:\/\/wp-dev.daten.cool\/index.php?rest_route=%2Fwp%2Fv2%2Fcategories&post=14724"},{"taxonomy":"post_tag","embeddable":true,"href":"https:\/\/wp-dev.daten.cool\/index.php?rest_route=%2Fwp%2Fv2%2Ftags&post=14724"}],"curies":[{"name":"wp","href":"https:\/\/api.w.org\/{rel}","templated":true}]}}