{"id":14726,"date":"2018-11-10T17:24:22","date_gmt":"2018-11-10T17:24:22","guid":{"rendered":"https:\/\/www.cilip.de\/?p=14726"},"modified":"2018-11-10T17:24:22","modified_gmt":"2018-11-10T17:24:22","slug":"frontex-wird-grenzpolizei","status":"publish","type":"post","link":"https:\/\/wp-dev.daten.cool\/?p=14726","title":{"rendered":"Frontex wird Grenzpolizei"},"content":{"rendered":"<p>Die EU-Kommission hat einen neuen Verordnungsvorschlag f\u00fcr eine \u201egest\u00e4rkte und voll funktionsf\u00e4hige\u201c Agentur f\u00fcr die Grenz- und K\u00fcstenwache (EBCG) vorgestellt.[1] Die aus der Grenzagentur Frontex hervorgegangene EBCG erhielte demnach eine st\u00e4ndige Eingreiftruppe von 10.000 BeamtInnen und k\u00f6nnte mit eigenen Schiffen und Flugzeugen wie eine \u201eechte Grenzpolizei\u201c handeln. Das Budget f\u00fcr die n\u00e4chsten beiden Jahre soll deshalb um 577,5\u00a0Mio.\u00a0EUR aufgestockt werden. Im mehrj\u00e4hrigen Finanzrahmen f\u00fcr 2021-2027 will die Kommission weitere 11,3 Mrd. EUR in die Grenz- und K\u00fcstenwache investieren. Hinzu kommen 22 Mrd. EUR f\u00fcr die Unterst\u00fctzung der Mitgliedstaaten bei der Sicherung und Kontrolle ihrer Grenzen.[2] Dazu werden der \u201eFonds f\u00fcr die innere Sicherheit\u201c und der \u201eVisa und Asyl-, Migrations- und Integrationsfonds\u201c deutlich aufgestockt sowie ein \u201eFonds f\u00fcr Grenzmanagement\u201c eingerichtet. Die \u00dcberwachung und Kontrolle von Migration kostet von 2021-2027 insgesamt 34,9 Mrd. EUR, dies ist in etwa das Dreifache des derzeitigen mehrj\u00e4hrigen Finanzrahmens.<!--more--><\/p>\n<p>Ein Drittel des Personals der st\u00e4ndigen Eingreiftruppe soll aus dem Hauptquartier in Warschau gestellt werden, der Rest wird kurz- und langfristig von den Mitgliedstaaten entsandt. Die BeamtInnen der Truppe k\u00f6nnten mit Durchf\u00fchrungsbefugnissen ausgestattet werden und d\u00fcrften Waffen tragen. Das durften bislang nur die zu den \u201egemeinsamen Aktionen\u201c entsandten Grenzsch\u00fctzerInnen aus den Mitgliedstaaten. Die neue Truppe soll auch gegen den Willen eines Mitgliedstaates auf dessen Hoheitsgebiet Abschiebungen koordinieren d\u00fcrfen. Nach einer \u00c4nderung der Frontex-Verordnung in 2016 konnte der Agentur bereits das Mandat zur Sicherung der Au\u00dfengrenze in einem Mitgliedstaat erteilt werden. \u00c4hnliche Operation \u2013 Abschiebungen oder Unterst\u00fctzung \u201ein den Bereichen Grenzmanagement und Migration\u201c \u2013 soll die EBCG k\u00fcnftig auch in Drittstaaten durchf\u00fchren, sofern deren Regierungen dem zustimmen. Die EBCG k\u00f6nnte damit in den \u201eAusschiffungszentren\u201c eingesetzt werden, die die EU in Nordafrika plant.[3]<\/p>\n<p>Laut dem Verordnungsvorschlag soll das Grenz\u00fcberwachungssystem EUROSUR f\u00fcr die \u201eErkennung, Antizipation und Reaktion auf Krisensituationen an den EU-Au\u00dfengrenzen und in Drittstaaten\u201c vollst\u00e4ndig in die EBCG \u00fcberf\u00fchrt werden. Kern von EUROSUR ist die Satellitenaufkl\u00e4rung unter anderem der K\u00fcstenregionen von Algerien, Tunesien und Libyen. Die \u00dcberwachung dieses \u201eGrenzvorbereichs\u201c wird nun auf neue Gebiete ausgeweitet. Auch die F\u00e4higkeiten von \u201eCopernicus\u201c werden ausgebaut.[4] Frontex nahm im vergangenen Jahr einen \u201eMehrzweck-Flugdienst\u201c in Betrieb: \u00dcber dem Mittelmeer aufgenommene Videos werden dabei in Echtzeit nach Warschau gestreamt. Seit diesem Jahr erh\u00e4lt die EBCG au\u00dferdem Lagebilder von Langstreckendrohnen. Demn\u00e4chst will die Agentur au\u00dferdem Fesselballons testen.<\/p>\n<h6>[1] COM\/2018\/631 final v. 12. September 2018<\/h6>\n<h6>[2] SWD(2018) 348 final v. 12.6.2018<\/h6>\n<h6>[3] \u201eBewegung in der Asylpolitik\u201c, stuttgarter-zeitung.de v. 28.6.2018<\/h6>\n<h6>[4] Amtsblatt der Europ\u00e4ischen Union L 102\/23 v. 23.4.2018<\/h6>\n<h3>Beitragsbild: Erstflug einer israelischen Langstreckendrohne f\u00fcr Frontex (<a href=\"http:\/\/www.iai.co.il\/Shared\/UserControls\/Print\/PopUp.aspx?lang=en&amp;docid=49068\">IAI<\/a>).<\/h3>\n","protected":false},"excerpt":{"rendered":"<p>Die EU-Kommission hat einen neuen Verordnungsvorschlag f\u00fcr eine \u201egest\u00e4rkte und voll funktionsf\u00e4hige\u201c Agentur f\u00fcr die<\/p>\n","protected":false},"author":3,"featured_media":14732,"comment_status":"open","ping_status":"open","sticky":false,"template":"","format":"standard","meta":{"footnotes":""},"categories":[122,145],"tags":[],"class_list":["post-14726","post","type-post","status-publish","format-standard","has-post-thumbnail","hentry","category-cilip-117","category-meldungen-europa"],"_links":{"self":[{"href":"https:\/\/wp-dev.daten.cool\/index.php?rest_route=\/wp\/v2\/posts\/14726","targetHints":{"allow":["GET"]}}],"collection":[{"href":"https:\/\/wp-dev.daten.cool\/index.php?rest_route=\/wp\/v2\/posts"}],"about":[{"href":"https:\/\/wp-dev.daten.cool\/index.php?rest_route=\/wp\/v2\/types\/post"}],"author":[{"embeddable":true,"href":"https:\/\/wp-dev.daten.cool\/index.php?rest_route=\/wp\/v2\/users\/3"}],"replies":[{"embeddable":true,"href":"https:\/\/wp-dev.daten.cool\/index.php?rest_route=%2Fwp%2Fv2%2Fcomments&post=14726"}],"version-history":[{"count":0,"href":"https:\/\/wp-dev.daten.cool\/index.php?rest_route=\/wp\/v2\/posts\/14726\/revisions"}],"wp:featuredmedia":[{"embeddable":true,"href":"https:\/\/wp-dev.daten.cool\/index.php?rest_route=\/wp\/v2\/media\/14732"}],"wp:attachment":[{"href":"https:\/\/wp-dev.daten.cool\/index.php?rest_route=%2Fwp%2Fv2%2Fmedia&parent=14726"}],"wp:term":[{"taxonomy":"category","embeddable":true,"href":"https:\/\/wp-dev.daten.cool\/index.php?rest_route=%2Fwp%2Fv2%2Fcategories&post=14726"},{"taxonomy":"post_tag","embeddable":true,"href":"https:\/\/wp-dev.daten.cool\/index.php?rest_route=%2Fwp%2Fv2%2Ftags&post=14726"}],"curies":[{"name":"wp","href":"https:\/\/api.w.org\/{rel}","templated":true}]}}