{"id":15188,"date":"2019-01-02T17:31:51","date_gmt":"2019-01-02T17:31:51","guid":{"rendered":"https:\/\/www.cilip.de\/?p=15188"},"modified":"2019-01-02T17:31:51","modified_gmt":"2019-01-02T17:31:51","slug":"chronologie-dezember-2018","status":"publish","type":"post","link":"https:\/\/wp-dev.daten.cool\/?p=15188","title":{"rendered":"Chronologie Dezember 2018"},"content":{"rendered":"<h3>zusammengestellt von Otto Diederichs<\/h3>\n<p>1. Dezember: <strong>Bundesnachrichtendienst (BND):<\/strong> Der Umzug des BND von Pullach (Bayern) nach Berlin ist <a href=\"https:\/\/www.sueddeutsche.de\/muenchen\/landkreismuenchen\/bundesnachrichtendienst-geheimsache-umzug-1.4234648\">weitgehend abgeschlossen<\/a>. 4.000 der rund 6.500 MitarbeiterInnen sind bereits \u00fcbersiedelt. Durch Presseberichte unter Berufung auf Unterlagen des Bundesrechnungshofes wird <a href=\"https:\/\/www.berliner-zeitung.de\/politik\/deutsche-geheimdienste-suchen-tausende-mitarbeiter-31712966\">am 8. Dezember<\/a> bekannt, dass beim BND Ende August fast 970 Planstellen unbesetzt waren. Als Grund gilt der Umzug nach Berlin, den etliche Geheimdienstler nicht mitmachen wollten.<\/p>\n<p>2. Dezember: <strong>Rechtsradikalismus:<\/strong> Nach \u201eSieg Heil\u201c-Rufen <a href=\"http:\/\/www.spiegel.de\/panorama\/justiz\/sachsen-sieg-heil-rufe-auf-rechtsrockkonzert-a-1241527.html\">beendet die Polizei<\/a> in der Nacht ein Rechtsrock-Konzert in Ostritz (Sachsen). Durch eine parlamentarische Anfrage der Gr\u00fcnen im Abgeordnetenhaus wird <a href=\"https:\/\/www.berliner-zeitung.de\/berlin\/polizei\/zahlreiche-straftaten-berlin-sucht-38-neonazis-mit-haftbefehl-31710588\">am 7. Dezember<\/a> bekannt, dass in Berlin derzeit 38 Haftbefehle gegen Neonazis nicht vollstreckt werden k\u00f6nnen, da deren Aufenthaltsort unbekannt ist. Die NPD hat <a href=\"https:\/\/www.tagesspiegel.de\/politik\/mehr-als-die-haelfte-gewaltorientiert-bundesweit-mehr-als-24-000-rechtsextremisten\/23733814.html\">laut Medienberichten<\/a> bundesweit rund 4.000 Mitglieder (2016: 5.000); die Neonazi-Partei \u201eDie Rechte\u201c ca. 600 Mitglieder (2017: 650); \u201eDer III. Weg\u201c = etwa 500; die Partei \u201ePro NRW\u201c = 400. <!--more-->Das Landgericht (LG) Bamberg (Bayern) verurteilt am 14. Dezember vier Mitglieder der rechtsradikalen \u201eWeisse W\u00f6lfe Terrorcrew\u201c wegen gef\u00e4hrlicher K\u00f6rperverletzung, Sachbesch\u00e4digung und Verwendung verfassungswidriger Kennzeichen. Eine Frau erh\u00e4lt eine Geldstrafe von 1.875 EUR, die drei M\u00e4nner Haftstrafen zwischen einem Jahr und f\u00fcnf Monaten auf Bew\u00e4hrung. Vom Hauptvorwurf, der Bildung einer kriminellen Vereinigung <a href=\"http:\/\/www.spiegel.de\/panorama\/justiz\/bamberg-urteil-gegen-mutmassliche-weisse-woelfe-terrorcrew-mitglieder-a-1243880.html\">werden sie freigesprochen<\/a>. Aus Presseberichten wird <a href=\"http:\/\/www.spiegel.de\/panorama\/justiz\/chemnitz-polizei-ignorierte-warnungen-im-vorfeld-der-krawalle-a-1245014.html\">am 21. Dezember<\/a> bekannt, dass die Chemnitzer Polizei vor den Ausschreitungen Ende August sowohl vom s\u00e4chsischen Verfassungsschutz wie auch von Polizeien aus dem Bundesgebiet davor gewarnt wurde, dass es vermutlich zu rechtsradikalen Krawallen kommen werde. Die Hinweise blieben jedoch unbeachtet.<\/p>\n<p><strong>Marode Polizeigeb\u00e4ude:<\/strong> Die Berliner Staatsanwaltschaft (StA) hat aufgrund der Strafanzeige eines Berliner SPD-Abgeordneten Ermittlungen wegen K\u00f6rperverletzung gegen Unbekannt aufgenommen. <a href=\"https:\/\/www.morgenpost.de\/berlin\/article215916693\/Marode-Dienstgebaeude-Staatsanwaltschaft-ermittelt.html\">Hintergrund der Anzeige<\/a> sind massive M\u00e4ngel an vielen Polizei- und Feuerwehrgeb\u00e4uden; wie etwa Legionellen-, Ratten- und Schimmelbefall.<\/p>\n<p><strong>Homophobe Angriffe:<\/strong> In Berlin <a href=\"https:\/\/www.tagesspiegel.de\/berlin\/polizei-justiz\/berlin-moabit-homophober-angriff-platzwunde-und-nasenbeinbruch\/23708422.html\">beleidigt ein Mann zwei Homosexuelle<\/a> und attackiert sie. Einer von ihnen erleidet einen Nasenbeinbruch. Der Mann wird festgenommen. Wiederum in Berlin wird <a href=\"https:\/\/www.berliner-zeitung.de\/berlin\/polizei\/polizeibericht-gartenlaube-explodiert---eine-person-schwer-verletzt-31792742\">am 24. Dezember<\/a> ein P\u00e4rchen aus einer Gruppe heraus homophob beschimpft. Ein versuchter Angriff auf die beiden M\u00e4nner wird von der Gruppe selbst verhindert.<\/p>\n<p>3. Dezember: <strong>DschihadistInnen-Prozesse:<\/strong> Das Oberlandesgericht (OLG) Celle (Niedersachsen) <a href=\"https:\/\/www.berliner-zeitung.de\/politik\/zu-anschlaegen-aufgerufen-zwillinge-warben-fuer-den-is---zweieinhalb-jahre-haft-31685544\">verurteilt zwei Pal\u00e4stinenser<\/a> wegen Werbung f\u00fcr die Terrormiliz \u201eIslamischer Staat\u201c (IS) und Aufrufen zu Anschl\u00e4gen zu einer zweieinhalbj\u00e4hrigen Haftstrafe. Vor dem OLG Frankfurt\/M. (Hessen) <a href=\"https:\/\/www.faz.net\/aktuell\/gesellschaft\/kriminalitaet\/anklage-gegen-iraker-wegen-geplanten-anschlags-15924101.html\">beginnt der Prozess<\/a> gegen einen jugendlichen Iraker, der einen Selbstmordanschlag geplant haben soll. Das LG Frankfurt\/M. (Hessen) verurteilt <a href=\"https:\/\/www.faz.net\/aktuell\/gesellschaft\/kriminalitaet\/urteil-gegen-is-anhaenger-15930000.html\">am 7. Dezember<\/a> einen Mann zu dreieinhalb Jahren Haft. Er hatte zwischen 2011 und 2016 versucht junge M\u00e4nner als Rekruten f\u00fcr den IS anzuwerben. Einer von ihnen war dabei in Syrien erschossen worden. <a href=\"https:\/\/www.faz.net\/aktuell\/gesellschaft\/kriminalitaet\/anklage-gegen-zwei-mutmassliche-islamisten-15929623.html\">Am gleichen Tag<\/a> erhebt die StA Frankfurt\/M. (Hessen) Anklage gegen zwei junge M\u00e4nner, die versucht haben sollen, sich auf den Philippinen an Sprengstoffen ausbilden zu lassen um sp\u00e4ter Anschl\u00e4ge zu begehen. Das OLG D\u00fcsseldorf (NRW) verurteilt <a href=\"https:\/\/www.berliner-zeitung.de\/politik\/wegen-terrorismus-deutscher-taliban-muss-sechs-jahre-ins-gefaengnis-31721162\">am 10. Dezember<\/a> einen deutschen Taliban-K\u00e4mpfer zu sechs Jahren Haft. Der Mann war gest\u00e4ndig. Nachdem im Prozess gegen zwei mutma\u00dfliche IS-Mitglieder vor dem Kammergericht (KG) Berlin die Dolmetscherin wegen Zweifeln an ihren \u00dcbersetzungen ausgewechselt worden war, beantragen die Verteidiger <a href=\"http:\/\/www.spiegel.de\/panorama\/justiz\/is-prozess-in-berlin-verteidigung-beantragt-aussetzung-der-hauptverhandlung-a-1243390.html\">am 12. Dezember<\/a>, auch den neuen Dolmetscher zu entbinden. Der Antrag wird abgelehnt. Durch Presseberichte wird <a href=\"https:\/\/www.tagesspiegel.de\/politik\/bundesanwaltschaft-deutsche-is-anhaengerin-wegen-toetung-eines-maedchens-angeklagt\/23810696.html\">am 28. Dezember<\/a> bekannt, dass die Bundesanwaltschaft (BAW) eine deutsche mutma\u00dfliche IS-Sittenw\u00e4chterin und ihren Ehemann wegen der T\u00f6tung eines, im Irak als Sklavin gehaltenen Kindes angeklagt hat. Die Frau war im Januar 2016 in der T\u00fcrkei festgenommen und an Deutschland ausgeliefert worden.<\/p>\n<p><strong>Rechtsradikale Demonstrationen und Kundgebungen:<\/strong> In K\u00f6nigs-Wusterhausen (Brandenburg) <a href=\"https:\/\/www.berliner-zeitung.de\/berlin\/polizei\/vermeintliche-vergewaltigung-demos-gegen-fluechtlingspolitik-in-koenigs-wusterhausen-31688674\">demonstrieren mehrere Personen<\/a> gegen die Fl\u00fcchtlingspolitik (GegendemonstrantInnen: etwa 300). Hintergrund ist eine erfundene Vergewaltigung durch zwei Fl\u00fcchtlinge. <a href=\"https:\/\/www.wz.de\/nrw\/wuppertal\/demo-heiligabend-kundgebung-der-partei-die-rechte-beendet_aid-35315801\">Am 24. Dezember<\/a> demonstrieren in Wuppertal (NRW) 25 Anh\u00e4ngerInnen der Partei \u201eDie Rechte\u201c (GegendemonstrantInnen: etwa 140). Zu Zwischenf\u00e4llen kommt es nicht.<\/p>\n<p><strong>\u201eReichsb\u00fcrger\u201c:<\/strong> Durch Presseberichte wird bekannt, dass die Polizei bei einem \u201eReichsb\u00fcrger\u201c in Essenbach (Bayern) etliche 1.000 Schuss Munition, drei Schusswaffen sowie mehrere Hieb- und Stichwaffen sichergestellt hat. <a href=\"https:\/\/www.sueddeutsche.de\/bayern\/reichsbuerger-waffen-razzia-essenbach-1.4336888\">Laut Polizeiangaben<\/a> gibt es in Niederbayern etwa 230 \u201eReichsb\u00fcrger\u201c. <a href=\"http:\/\/www.spiegel.de\/panorama\/justiz\/koblenz-reichsbuerger-muessen-waffen-laut-ovg-abgeben-a-1244350.html\">Am gleichen Tag<\/a> entscheidet das Oberverwaltungsgericht (OVG) Koblenz (Rheinland-Pfalz), dass \u201eReichsb\u00fcrger\u201c von den Beh\u00f6rden entwaffnet werden d\u00fcrfen, da nicht darauf zu vertrauen ist, dass diese Personen \u201emit Waffen und Munition jederzeit und in jeder Hinsicht ordnungsgem\u00e4\u00df\u201c umgehen. Zudem gibt es <a href=\"http:\/\/www.spiegel.de\/panorama\/justiz\/koblenz-reichsbuerger-muessen-waffen-laut-ovg-abgeben-a-1244350.html\">der Bundesregierung zufolge<\/a> in Deutschland insgesamt 19.000 \u201eReichsb\u00fcrger\u201c von denen 950 als rechtsextrem eingestuft werden. Bei Wohnungsdurchsuchen bei zwei hessischen Polizeibeamten werden <a href=\"http:\/\/www.spiegel.de\/panorama\/justiz\/frankfurt-am-main-peter-beuth-verspricht-aufklaerung-in-polizeiskandal-a-1244649.html\">am 17. Dezember<\/a> Unterlagen gefunden, die auf Verbindungen zu den \u201eReichsb\u00fcrgern\u201c hinweisen.<\/p>\n<p><strong>Rassistische Angriffe:<\/strong> In Rostock (Mecklenburg-Vorpommern) wird ein Gambier <a href=\"https:\/\/www.morgenpost.de\/vermischtes\/article215939353\/Mit-Hammer-geschlagen-Mann-aus-Gambia-in-Rostock-verletzt.html\">von drei Unbekannten rassistisch beleidigt<\/a> und mit einem Hammer geschlagen. Durch Presseberichte wird <a href=\"http:\/\/www.spiegel.de\/panorama\/justiz\/magdeburg-mann-wegen-hundeattacke-auf-familie-zu-haftstrafe-verurteilt-a-1243093.html\">am 11. Dezember<\/a> bekannt, dass das LG Magdeburg (Sachsen-Anhalt) einen Mann, der im Sommer seine Hunde auf eine syrische Familie gehetzt hatte, wegen gef\u00e4hrlicher K\u00f6rperverletzung zu vier Jahren Haft verurteilt hat. In der Antwort auf eine parlamentarische Anfrage der Linke-Bundestagsfraktion <a href=\"https:\/\/www.faz.net\/aktuell\/gesellschaft\/kriminalitaet\/mehr-als-570-angriffe-auf-muslime-und-moscheen-15939318.html\">hei\u00dft es<\/a>, dass es im ersten Dreivierteljahr bundesweit zu insgesamt 578 islamfeindlichen Straftaten gekommen ist (2017: 780), dabei wurden 40 Menschen verletzt (2017: 27). In Berlin werden <a href=\"https:\/\/www.tagesspiegel.de\/berlin\/polizei-justiz\/berlin-lichtenberg-31-jaehriger-rassistisch-beleidigt-und-angegriffen\/23799106.html\">am 26. Dezember<\/a> zwei Iraner rassistisch beschimpft und einer von ihnen getreten. Die T\u00e4ter k\u00f6nnen unerkannt fl\u00fcchten.<\/p>\n<p>4. Dezember: <strong>Rechtsextremismus:<\/strong> Durch eine parlamentarische Anfrage der Linksfraktion im Bundestag <a href=\"https:\/\/www.faz.net\/aktuell\/politik\/inland\/hunderte-rechtsextremisten-trotz-haftbefehlen-auf-freiem-fuss-15923489.html\">wird bekannt<\/a>, dass gegen 467 Rechtsextremisten Haftbefehle nicht vollstreckt werden k\u00f6nnen weil diese untergetaucht sind. Die rechtsextreme Szene <a href=\"https:\/\/www.tagesspiegel.de\/politik\/mehr-als-die-haelfte-gewaltorientiert-bundesweit-mehr-als-24-000-rechtsextremisten\/23733814.html\">umfasst in der Bundesrepublik etwa 24.100 Personen<\/a>; etwa die H\u00e4lfte von ihnen gilt als \u201egewaltorientiert\u201c (2017: 1.270 \/2016: 12.700). Der sog. unstrukturierten Rechten werden mehr als 13.000 Personen zugerechnet. Unter dem Vorwurf, die seit 2000 verbotene Rechtsrockband \u201eBlood &amp; Honour\u201c wiederbeleben zu wollen, durchsucht die Polizei <a href=\"http:\/\/www.spiegel.de\/panorama\/justiz\/blood-and-honour-polizei-durchsucht-haeuser-vier-verhaftungen-a-1243407.html\">am 12. Dezember<\/a> in f\u00fcnf Bundesl\u00e4ndern insgesamt 15 Objekte. Vier Rechtsextremisten werden festgenommen. Ebenfalls <a href=\"http:\/\/www.spiegel.de\/politik\/deutschland\/bundeswehr-gibt-es-eine-schattenarmee-myterioese-namensliste-entdeckt-a-1243423.html\">am 12. Dezember<\/a> erkl\u00e4rt die Generalbundesanwaltschaft (GBA) im Bundestags-Innenausschuss, sie habe bei ihren Ermittlungen gegen eine mutma\u00dfliche rechtsextreme \u201eSchattenarmee\u201c innerhalb der Bundeswehr eine Namensliste mit vermeintlichen politischen Gegnern gefunden. <a href=\"https:\/\/www.sueddeutsche.de\/panorama\/waffenhandel-migrantenschreck-haftstrafe-1.4258587\">Am 18. Dezember<\/a> verurteilt das LG Berlin den Betreiber der Internetseite \u201eMigrantenschreck\u201c wegen Waffenhandels zu zwei Jahren und 10 Monaten Haft; der Tatgewinn von rund 99.000 EUR wird eingezogen. Gegen das Urteil ist Revision m\u00f6glich.<\/p>\n<p><strong>Alternative f\u00fcr Deutschland (AfD):<\/strong> Wegen Werbung f\u00fcr den, als rechtsextremistisch geltenden \u201eVerein Ged\u00e4chtnisst\u00e4tte\u201c schlie\u00dft die AfD in Kiel (Schleswig-Holstein) die Landesvorsitzende Doris von Sayn-Wittgenstein <a href=\"http:\/\/www.spiegel.de\/politik\/deutschland\/afd-fraktion-wirft-doris-von-sayn-wittgenstein-raus-a-1241914.html\">aus der Fraktion aus<\/a>. Bei der Wahl f\u00fcr das Parlamentarische Kontrollgremium (PKG) f\u00e4llt der AfD-Kandidat <a href=\"https:\/\/www.sueddeutsche.de\/bayern\/muenchen-afd-kandidat-faellt-bei-wahl-fuer-kontrollgremium-im-landtag-durch-1.4248320\">am 11. Dezember<\/a> im Landtag in M\u00fcnchen (Bayern) durch. Bei einer Abtreibungsdebatte im Landtag von Stuttgart (Baden-W\u00fcrttemberg) wird ein AfD-Abgeordneter nach mehreren lauten Zwischenrufen <a href=\"https:\/\/www.tagesspiegel.de\/politik\/stefan-raepple-afd-abgeordneter-loest-polizeieinsatz-im-landtag-von-baden-wuerttemberg-aus\/23750218.html\">am 12. Dezember<\/a> des Saales verwiesen. Da er sich weigert zu gehen, wird er von Polizeibeamten hinausgef\u00fchrt. <a href=\"http:\/\/(http:\/\/www.spiegel.de\/politik\/deutschland\/bjoern-hoecke-staatsanwaltschaft-ermittelt-gegen-afd-vorsitzenden-in-thueringen-a-1244128.html\">Am 14. Dezember<\/a> hebt der Justizausschuss des Th\u00fcringer Landtages die Immunit\u00e4t des AfD-Vorsitzenden Bj\u00f6rn H\u00f6cke auf. Die StA Chemnitz leitet daraufhin ein Ermittlungsverfahren gegen ihn ein. H\u00f6cke wird vorgeworfen das Foto eines M\u00e4dchens, das im Sommer mutma\u00dflich von einem Marokkaner get\u00f6tet, wurde, missbr\u00e4uchlich auf seiner Facebook-Seite verwendet zu haben. <a href=\"http:\/\/www.spiegel.de\/politik\/deutschland\/bundesverfassungsgericht-afd-verfassungsklagen-zu-fluechtlingspolitik-unzulaessig-a-1244293.html\">Am 18. Dezember<\/a> erkl\u00e4rt das Bundesverfassungsgericht (BVerfG) die Klage der AfD-Bundestagsfraktion gegen die Fl\u00fcchtlingspolitik der Bundesregierung f\u00fcr unzul\u00e4ssig. Bei einer AfD-Veranstaltung in K\u00f6ln (NRW) st\u00fcrmen <a href=\"http:\/\/www.spiegel.de\/politik\/deutschland\/afd-veranstaltung-in-koeln-polizist-bei-tumulten-verletzt-a-1244910.html\">am 20. Dezember<\/a> mehrere Dutzend AfD-GegnerInnen das Podium und entrollen Transparente. Bei dem daraufhin folgenden Polizeieinsatz wird ein Beamter verletzt. Durch eine parlamentarische Anfrage der Gr\u00fcnen-Landtagsfraktion wird <a href=\"https:\/\/www.welt.de\/politik\/deutschland\/article185989268\/Bayerns-Verfassungsschutz-beobachtet-drei-Bezirksraete-der-AfD.html\">am 22. Dezember<\/a> bekannt, dass der bayerische Verfassungsschutz drei AfD-Bezirksr\u00e4te wegen rechtsextremer \u00c4u\u00dferungen beobachtet.<\/p>\n<p><strong>Kinderpornografie:<\/strong> Das Landeskriminalamt (LKA) Mecklenburg-Vorpommern <a href=\"https:\/\/www.sueddeutsche.de\/panorama\/kinderpornografie-festnahme-lka-1.4240133\">teilt mit<\/a>, dass es eine Kinderpornografie-Plattform im Internet abgeschaltet hat. Der Betreiber sei in Russland festgenommen worden.<\/p>\n<p><strong>Verfassungsschutz:<\/strong> Das Verwaltungsgericht (VG) K\u00f6ln (NRW) hat auf eine entsprechende Klage der Zeitung <a href=\"https:\/\/www.tagesspiegel.de\/politik\/gerichtsurteil-verfassungsschutz-muss-ueber-maassens-afd-kontakte-auskunft-geben\/23717010.html\">entschieden<\/a>, dass das Bundesamt f\u00fcr Verfassungsschutz (BfV) bisher f\u00fcr vertraulich erkl\u00e4rte Treffen ihres fr\u00fcheren Leiters, Hans-Georg Maa\u00dfen, mit AfD-Politkern Rechenschaft ablegen muss (Az: 6 L 1932\/18). Durch Presseberichte unter Berufung auf Unterlagen des Bundesrechnungshofes wird <a href=\"https:\/\/www.berliner-zeitung.de\/politik\/deutsche-geheimdienste-suchen-tausende-mitarbeiter-31712966\">am 8. Dezember<\/a> bekannt, dass beim BfV Ende August mehr als 1.000 Planstellen unbesetzt waren.<\/p>\n<p>5. Dezember: <strong>Bayerische Grenzpolizei:<\/strong> In den ersten drei Monaten nach ihrer Gr\u00fcndung im Juli hat die Bayerische Grenzpolizei \u00fcber 1.300 offene Haftbefehle vollstreckt. Das <a href=\"https:\/\/www.behoerden-spiegel.de\/2018\/12\/05\/bereits-ueber-1-300-offene-haftbefehle-vollstreckt\/\">berichtet ihr Leiter<\/a> in der Fachpresse.<\/p>\n<p><strong>G20-Gipfel:<\/strong> Das VG Hamburg <a href=\"http:\/\/www.taz.de\/Gericht-ruegt-Polizei-Hamburg\/!5553310\">entscheidet<\/a>, dass die 24-st\u00fcndige Ingewahrsamnahme von drei Italienern w\u00e4hrend des G20-Gipfels \u201erechtswidrig\u201c gewesen ist. <a href=\"http:\/\/www.spiegel.de\/panorama\/justiz\/g20-polizei-startet-vierte-fahndungswelle-nach-g20-krawallen-2017-a-1243476.html\">Am 13. Dezember<\/a> startet die Hamburger Polizei ihre vierte Internet-Fahndung nach 53 Personen, die w\u00e4hrend des G20-Gipfels im Juli 2017 an Ausschreitungen beteiligt gewesen sein sollen. <a href=\"http:\/\/www.spiegel.de\/panorama\/justiz\/g20-erster-prozess-gegen-mutmassliche-randalierer-an-der-elbchaussee-a-1244232.html\">Am 18. Dezember<\/a> beginnt vor dem LG Hamburg der erste Prozess um die Randale an der Elbchaussee. <a href=\"http:\/\/www.spiegel.de\/panorama\/justiz\/g20-krawalle-datenschutzbeauftragter-verbietet-biometrischen-massenabgleich-a-1244463.html\">Am gleichen Tag<\/a> untersagt der Hamburger Datenschutzbeauftragte der Polizei den umfassenden Abgleich von biometrischen Gesichtsdaten f\u00fcr die Suche nach vermeintlichen G20-RandaliererInnen und ordnet die L\u00f6schung der Datenbank an. In einem Berufungsverfahren <a href=\"http:\/\/www.spiegel.de\/panorama\/justiz\/g20-in-hamburg-gericht-verringert-haftstrafe-fuer-29-jaehrigen-a-1244870.html\">verringert das LG Hamburg<\/a> die Freiheitsstrafe eines Mannes wegen gef\u00e4hrlicher K\u00f6rperverletzung von dreieinhalb auf zweieinhalb Jahre.<\/p>\n<p><strong>Love-Parade-Katastrophe:<\/strong> Im Love-Parade-Prozess gegen sechs Mitarbeiter der Stadt und vier des Veranstalters <a href=\"http:\/\/www.spiegel.de\/panorama\/justiz\/loveparade-2010-katastrophe-haette-verhindert-werden-k\u00f6nnen-a-1242373.html\">legt ein Gutachter seinen Untersuchungsbericht vor<\/a>. Demnach h\u00e4tten die Sicherheitsvorkehrungen schon im Planungsstadium als unzureichend erkannt werden m\u00fcssen. Bei der Love-Parade im Juli 2010 waren in Duisburg (NRW) 21 Menschen zu Tode gekommen und 652 verletzt worden.<\/p>\n<p><strong>Organisierte Kriminalit\u00e4t:<\/strong> Unter F\u00fchrung der EU-Justizbeh\u00f6rde Eurojust geht die Polizei <a href=\"https:\/\/www.sueddeutsche.de\/panorama\/organisierte-kriminalitaet-internationale-razzia-gegen-italienische-mafia-1.4239833\">in mehreren europ\u00e4ischen L\u00e4ndern<\/a> gegen die italienische Mafia-Organisation \u201eNdrangheta\u201c vor. In Deutschland kommt es zu <a href=\"http:\/\/www.spiegel.de\/panorama\/justiz\/mafia-grosseinsatz-gegen-organisierte-kriminalitaet-in-nrw-a-1241950.html\">Durchsuchen in Bayern und Nordrhein-Westfalen<\/a>. Dabei geht es um Geldw\u00e4sche und Drogenhandel; durchsucht werden Restaurants, B\u00fcros und Wohnungen. 14 Personen <a href=\"https:\/\/www.sueddeutsche.de\/panorama\/mafia-razzia-deutschland-ndrangheta-1.4239833\">werden festgenommen<\/a>; Verm\u00f6genswerte in Millionenh\u00f6he beschlagnahmt. Durch Presseberichte wird <a href=\"http:\/\/www.spiegel.de\/panorama\/justiz\/mafia-polizisten-sollen-mafiosi-informationen-geliefert-haben-a-1242318\">am 6. Dezember<\/a> bekannt, dass die StA Duisburg und die Polizei in K\u00f6ln (beide NRW) zudem gegen zwei Beamte und drei Polizeibedienstete wegen des Verdachtes ermittelt, dienstliche Informationen an die \u201eNdragheta\u201c weitergegeben zu haben. <a href=\"https:\/\/www.faz.net\/aktuell\/gesellschaft\/kriminalitaet\/ruhrgebiet-polizei-grosseinsatz-bei-hochzeit-von-familienclans-15933837.html\">Am 9. Dezember<\/a> kontrolliert die Polizei in M\u00fclheim\/Ruhr (NRW) die G\u00e4ste einer Hochzeitsfeier zweier arabischer Familienclans. Eine Person wird festgenommen, drei vorl\u00e4ufig in Gewahrsam genommen. Nach l\u00e4ngeren verdeckten Ermittlungen gegen eine Menschenh\u00e4ndler-Bande durchsucht die Polizei <a href=\"https:\/\/www.morgenpost.de\/berlin\/polizeibericht\/article216006241\/Polizei-Razzia-gegen-mutmassliche-Menschenhaendler.html\">am 12. Dezember<\/a> 14 Wohnungen in Niedersachsen und Berlin. Beweismaterial und Drogen werden beschlagnahmt. <a href=\"https:\/\/www.berliner-zeitung.de\/berlin\/polizei\/grossrazzia-gegen-autoschieber-46-jaehriger-berliner-polizist-festgenommen-31737154\">Am 13. Dezember<\/a> durchsucht die Polizei in Berlin, Brandenburg und Niedersachsen insgesamt 28 Objekte einer mutma\u00dflichen international organisierten Autoschieber-Bande. Sechs Personen werden festgenommen, darunter auch ein Berliner Polizeibeamter. An polizeilichen Kontrollstellen zur Zufahrt einer Clan-Hochzeit werden <a href=\"https:\/\/www.berliner-zeitung.de\/panorama\/hochzeit-zweier-familienclans-polizei-nimmt-zwei-maenner-fest-und-stellt-porsche-sicher-31809568\">am 30. Dezember<\/a> in Langenfeld (NRW) zwei mit Haftbefehl gesuchte M\u00e4nner festgenommen; weiterhin werden Autos, Waffen und eine gr\u00f6\u00dfere Summe Bargeld beschlagnahmt.<\/p>\n<p>6. Dezember: <strong>Gewalt gegen Obdachlose:<\/strong> In Berlin <a href=\"https:\/\/www.berliner-zeitung.de\/berlin\/polizei\/brandattacke-auf-schlafenden-am-alex-angeklagter-pawel-s\u2014weist-jede-schuld-von-sich-31705772\">beginnt der Prozess<\/a> gegen zwei M\u00e4nner, die im Mai versucht hatten, einen Obdachlosen anzuz\u00fcnden. Wiederum in Berlin versuchen <a href=\"https:\/\/www.berliner-zeitung.de\/berlin\/polizei\/polizeibericht-maenner-wollen-obdachlosen-anzuenden---passantin-geht-dazwischen-31712336\">am 7. Berlin<\/a> zwei M\u00e4nner einen schlafenden Obdachlosen anz\u00fcnden. Eine vorbeikommende Frau verhindert dies. Die T\u00e4ter k\u00f6nnen festgenommen werden. Vor dem LG Berlin beginnt <a href=\"https:\/\/www.berliner-zeitung.de\/berlin\/polizei\/obdachloser-ertrinkt-in-teich-zwei-maenner-wegen-totschlags-vor-gericht-31724054\">am 11. Dezember<\/a> der Totschlagsprozess gegen zwei M\u00e4nner, die im M\u00e4rz ein Zelt mit zwei Obdachlosen in einen Teich gezogen und mit Gegenst\u00e4nden beworfen hatten. Einer der M\u00e4nner war dadurch ertrunken.<\/p>\n<p><strong>Ermittlungen gegen Polizeibeamte:<\/strong> Im Fall des Ende September nach einem Zellenbrand in der Justizvollzugsanstalt (JVA) Kleve (NRW) ums Leben gekommenen Syrers, ziehen zwei Brandexperten das von den Beh\u00f6rden eingeholte Gutachten <a href=\"https:\/\/www.sueddeutsche.de\/panorama\/kleve-syrer-jva-monitor-1.4241999\">erheblich in Zweifel<\/a>. Der Landtag in D\u00fcsseldorf hat unterdessen einen Untersuchungsausschuss eingesetzt. Durch Presseberichte wird <a href=\"http:\/\/www.spiegel.de\/panorama\/gesellschaft\/polizei-hannover-weihnachtsfeier-eskaliert-a-1245192.html\">am 21. Dezember<\/a> bekannt, dass in Hannover die Weihnachtsfeier einer Polizeidirektion (PD) eskaliert ist; es kommt zu Sachbesch\u00e4digungen, Verletzten und Diebstahl. <a href=\"https:\/\/www.faz.net\/aktuell\/gesellschaft\/kriminalitaet\/diebstahl-und-verletzte-polizei-ermittelt-nach-eigener-weihnachtsfeier-15954981.html\">Am 22. Dezember<\/a> gibt die PD bekannt, die Vorf\u00e4lle w\u00fcrden untersucht.<\/p>\n<p><strong>Kriminelle Polizisten:<\/strong> Die StA Duisburg und die Polizei in K\u00f6ln (beide NRW) <a href=\"http:\/\/www.spiegel.de\/panorama\/justiz\/mafia-polizisten-sollen-mafiosi-informationen-geliefert-haben-a-1242318\">ermitteln gegen zwei Beamte und drei Polizeibedienstete<\/a> wegen des Verdachtes, dienstliche Informationen an die italienische Mafiaorganisation \u201eNdragheta\u201c weitergegeben zu haben. Bei einer Razzia gegen eine internationale Autoschieber-Bande wird <a href=\"https:\/\/www.berliner-zeitung.de\/berlin\/polizei\/grossrazzia-gegen-autoschieber-46-jaehriger-berliner-polizist-festgenommen-31737154\">am 13. Dezember<\/a> auch ein bereits suspendierter Berliner Polizeibeamter festgenommen. In Berlin wird <a href=\"https:\/\/www.berliner-zeitung.de\/berlin\/polizei\/haftbefehl-berliner-polizist-soll-frau-vergewaltigt-und-verpruegelt-haben-31780092\">am 20. Dezember<\/a> ein Polizeibeamter festgenommen, der im Verdacht steht, eine Prostituierte vergewaltigt und verpr\u00fcgelt zu haben. Er wird wegen Flucht- und Verdunkelungsgefahr in Untersuchungshaft genommen.<\/p>\n<p><strong>Rockerkriminalit\u00e4t:<\/strong> Bei einer Razzia gegen zwei verfeindete Rockergruppen werden in Nordrhein-Westfalen 14 M\u00e4nner <a href=\"http:\/\/www.spiegel.de\/panorama\/justiz\/nordrhein-westfalen-13-festnahmen-bei-polizeieinsatz-gegen-rocker-a-1242312.html\">in Gewahrsam genommen<\/a>; mehrere Schusswaffen werden beschlagnahmt. Hintergrund ist ein Mordversuch vom Oktober. Vor dem LG M\u00fcnchen (Bayern) beginnt <a href=\"https:\/\/www.sueddeutsche.de\/muenchen\/hells-angels-vor-gericht-muenchen-1.4247225\">am 10. Dezember<\/a> der Prozess wegen gef\u00e4hrlicher K\u00f6rperverletzung gegen drei Rocker der \u201eHells Angels\u201c. Sie hatten Ende Oktober 2017 in einem Club auf mehrere G\u00e4ste eingeschlagen und getreten. <a href=\"http:\/\/www.spiegel.de\/panorama\/justiz\/leipzig-hells-angels-bonn-bundesverwaltungsgericht-bestaetigt-verbot-a-1243734.html\">Am 14. Dezember<\/a> weist das Bundesverwaltungsgericht (BVerwG) in Leipzig (Sachsen) eine Klage von 14 Mitgliedern des \u201eHells Angels MC Bonn\u201c gegen das 2016 gegen den Club erlassene Vereinsverbot endg\u00fcltig ab (Az: 1 A 14.16).<\/p>\n<p>7. Dezember: <strong>Dschihadismus:<\/strong> Die Bundesregierung hat <a href=\"http:\/\/www.spiegel.de\/politik\/deutschland\/islamischer-staat-deutschland-holt-is-kinder-zurueck-a-1242523.html\">ein R\u00fcckholprogramm f\u00fcr Kinder gestartet<\/a>, deren M\u00fctter als verurteilte Dschihadistinnen im Irak inhaftiert sind. Die ersten drei Kinder wurden bereits Ende Oktober zur\u00fcckgeholt. Insgesamt sind rund 50 Kinder bekannt; ausgegangen wird von mindestens 300. Durch Presseberichte wird <a href=\"http:\/\/www.spiegel.de\/politik\/ausland\/islamismus-top-gefaehrder-setzt-sich-in-die-tuerkei-ab-a-1242927.html\">am 11. Dezember<\/a> bekannt, dass sich ein, als Topgef\u00e4hrder eingestufter Salafist, nach seiner Haftentlassung trotz angeordneter Polizeiaufsicht im November in die T\u00fcrkei abgesetzt hat. In einem <a href=\"https:\/\/www.tagesspiegel.de\/politik\/bka-leiter-holger-muench-die-gefaehrderzahl-hat-sich-verfuenffacht\/23774846.html\">Zeitungsinterview<\/a> erkl\u00e4rt der Pr\u00e4sident des Bundeskriminalamtes (BKA), Holger M\u00fcnch, in der Bundesrepublik bef\u00e4nden etwa 440 islamistische Gef\u00e4hrder, \u00fcber 130 von ihnen seien in Haft.<\/p>\n<p><strong>Terroranschlag auf Berliner Weihnachtsmarkt:<\/strong> Vor dem Berliner Untersuchungsausschuss <a href=\"https:\/\/www.tagesspiegel.de\/berlin\/terroranschlag-in-berlin-befragung-zu-amri-ex-innensenator-henkel-hat-erinnerungsluecken\/23734572.html\">sagt der fr\u00fchere Innensenator Frank Henkel (CDU) aus<\/a>, Informationen \u00fcber den Weihnachtsmarkt-Attent\u00e4ter Anis Amri seien \u201eals offizieller Fall nicht \u00fcber meinen Schreibtisch gegangen\u201c. Zudem <a href=\"http:\/\/www.taz.de\/Amri-Untersuchungsausschuss-Berlin\/!5553931\/\">wird bekannt<\/a>, dass er sich f\u00fcr seine noch ausstehende Vernehmung vor dem Bundestags-Untersuchungsausschuss f\u00fcr einen Trainings-Workshop angemeldet hat. Durch Presseberichte wird <a href=\"http:\/\/www.spiegel.de\/politik\/deutschland\/attentaeter-anis-amri-linke-gruene-fdp-klagen-gegen-regierung-a-1243541.html\">am 13. Dezember<\/a> bekannt, dass Linke, Gr\u00fcne und FDP vor dem BVerfG klagen, um im Bundestags-Untersuchungsausschuss die Vernehmung eines Geheimdienstmitarbeiters zu erzwingen. Durch ein Schreiben der BAW an das Bundesjustizministerium wird <a href=\"https:\/\/www.tagesspiegel.de\/politik\/breitscheidplatz-attentaeter-anis-amri-plante-auch-einen-sprengstoffanschlag\/23756442.html\">am gleichen Tag<\/a> bekannt, dass der Attent\u00e4ter Amri auch einen Sprengstoffanschlag in Deutschland plante.<\/p>\n<p><strong>K\u00f6rperverletzung im Amt:<\/strong> In Bayern wurden bis September <a href=\"https:\/\/www.sueddeutsche.de\/bayern\/bayern\/verfahren-gegen-polizisten-meist-eingestellt-1.4243498\">insgesamt 155 Anzeigen gegen PolizeibeamtInnen<\/a> wegen K\u00f6rperverletzung im Amt erstattet (2017: 222 \/2016: 292). Zumeist werden sie jedoch eingestellt.<\/p>\n<p>8. Dezember: <strong>Nordrhein-Westf\u00e4lisches Polizeigesetz:<\/strong> In D\u00fcsseldorf (NRW) <a href=\"http:\/\/www.spiegel.de\/politik\/deutschland\/duesseldorf-und-hannover-tausende-demonstrieren-gegen-landespolizeigesetze-a-1242703.html\">demonstrieren etwa 3.000 Menschen<\/a> gegen das geplante neue Polizeigesetz.<\/p>\n<p><strong>Nieders\u00e4chsisches Polizeigesetz:<\/strong> In Hannover (Niedersachsen) demonstrieren nach unterschiedlichen Angaben <a href=\"http:\/\/www.spiegel.de\/politik\/deutschland\/duesseldorf-und-hannover-tausende-demonstrieren-gegen-landespolizeigesetze-a-1242703.html\">zwischen 1.800 und 6.000 Personen<\/a> gegen das geplante neue Polizeigesetz.<\/p>\n<p><strong>Angriffe auf PolizistInnen:<\/strong> Als die Polizei in Berlin einen Betrunkenen, der auf der Autobahn Schlangenlinien f\u00e4hrt, kontrolliert, <a href=\"https:\/\/www.berliner-zeitung.de\/berlin\/polizei\/charlottenburg-betrunkener-autofahrer-geht-mit-knueppel-auf-polizisten-los-31713358\">geht dieser mit einem Holzkn\u00fcppel auf den Beamten los<\/a>. Er kann entwaffnet und festgenommen werden. Nach einer Ruhest\u00f6rung und T\u00e4tlichkeiten kommt es <a href=\"https:\/\/www.faz.net\/aktuell\/gesellschaft\/kriminalitaet\/bamberg-elf-verletzte-bei-polizeieinsatz-in-ankerzentrum-15935798.html\">am 11. Dezember<\/a> im sog. \u201eAnkerzentrum\u201c in Bamberg (Bayern) zu einem Polizeieinsatz. Dabei werden die Beamten von mehreren Fl\u00fcchtlingen mit Eisenstangen und Steinen angegriffen. Vier Eritreer werden wegen versuchter T\u00f6tungsdelikte und besonders schwerer Brandstiftung festgenommen. Auf dem Flughafen Frankfurt\/M. (Hessen) bei\u00dft <a href=\"https:\/\/www.faz.net\/aktuell\/gesellschaft\/kriminalitaet\/aggressiver-reisender-beisst-polizisten-ins-bein-15938326.html\">am gleichen Tag<\/a> ein betrunkener Mann, der zuvor mehrere Personen bel\u00e4stigt hatte, einen Polizisten in den Oberschenkel; auch ein zweiter Beamter wird leicht verletzt. Bei einem Solidarit\u00e4tskonzert f\u00fcr die verbotene Kurdenpartei PKK werden in Berlin <a href=\"https:\/\/www.morgenpost.de\/berlin\/polizeibericht\/article216033457\/Eskalation-bei-PKK-Konzert-Drei-Polizisten-schwer-verletzt.html\">am 16. Dezember<\/a> PolizeibeamtInnen von mehreren Personen angegriffen. Drei von ihnen m\u00fcssen im Krankenhaus behandelt werden. Es kommt zu mehreren Festnahmen. Bei einer Polizeikontrolle in Berlin gibt ein Autofahrer <a href=\"https:\/\/www.tagesspiegel.de\/berlin\/polizei-justiz\/berlin-neukoelln-polizist-am-hermannplatz-von-auto-angefahren\/23777956.html\">am 19. Dezember<\/a> Vollgas und f\u00e4hrt einen der Beamten an; sein Kollege gibt daraufhin einen Schuss auf das Fahrzeug ab. Der Beamte muss in eine Klinik gebracht werden; der T\u00e4ter kann fl\u00fcchten. Bei einer AfD-Veranstaltung in K\u00f6ln (NRW) wird <a href=\"http:\/\/www.spiegel.de\/politik\/deutschland\/afd-veranstaltung-in-koeln-polizist-bei-tumulten-verletzt-a-1244910.html\">am 20. Dezember<\/a> ein Polizist im Einsatz von AfD-Gegnern \u201evom Podium gezerrt\u201c und verletzt sich bei seinem Sturz \u201eerheblich\u201c. Nach einem Unfall in Berlin reagiert <a href=\"https:\/\/www.morgenpost.de\/berlin\/polizeibericht\/article216082431\/Das-sind-die-Polizeimeldungen-von-Dienstag-25-12-2018.html\">am 24. Dezember<\/a> ein alkoholisierter Mann bei der Kontrolle aggressiv und schl\u00e4gt einem Beamten gegen den Kehlkopf; er wird festgenommen. Im Jahr 2017 wurden in Berlin knapp 4.000 PolizistInnen bei Eins\u00e4tzen angegriffen, 480 von ihnen erlitten dabei gef\u00e4hrliche oder schwere Verletzungen. Dies erkl\u00e4rt Polizeipr\u00e4sidentin Barbara Slowik <a href=\"https:\/\/www.morgenpost.de\/berlin\/polizeibericht\/article216088037\/Weniger-Straftaten-aber-mehr-Angriffe-auf-Polizisten.html\">am 27. Dezember<\/a> bei einem Pressegespr\u00e4ch.<\/p>\n<p><strong>Fu\u00dfball-Hooligans:<\/strong> Bereits vor dem Anpfiff kommt es beim Drittligaspiel zwischen dem KFC Uerdingen und dem FC Hansa Rostock zu einer Schl\u00e4gerei <a href=\"https:\/\/www.faz.net\/aktuell\/gesellschaft\/kriminalitaet\/bahnverkehr-in-duisburg-nach-fussball-randale-eingestellt-15931870.html\">zwischen etwa 160 Fans<\/a> beider Vereine. Nach dem Spiel geraten sie am Hauptbahnhof Duisburg (NRW) erneut aneinander. Der Bahnverkehr wird vor\u00fcbergehend eingestellt. Durch Presseberichte wird <a href=\"http:\/\/www.spiegel.de\/panorama\/justiz\/magdeburg-hoo\u00f6igan-ueberfall-auf-s-bahn-razzia-und-festnahmen-a-1244497.html\">am 19. Dezember<\/a> bekannt, dass die Polizei in Magdeburg (Sachsen-Anhalt) eine Razzia gegen Fu\u00dfball-Hooligans durchgef\u00fchrt hat, die im August eine mit Fahrg\u00e4sten besetzte S-Bahn \u00fcberfallen, verriegelt und mit Fu\u00dfball-Parolen beschmiert hatten. Acht Personen werden festgenommen. <a href=\"http:\/\/www.spiegel.de\/panorama\/justiz\/saarbruecken-fans-von-galatasaray-istanbul-stuermen-saarlandhalle-zwei-verletzte-a-1245864.html\">Bei einem Legends Cup Spiel in Saarbr\u00fccken<\/a> (Saarland) st\u00fcrmen rund 120 Hooligans des t\u00fcrkischen Fu\u00dfball-Meisters Galatasaray Istanbul auf Fans des 1. FC Saarbr\u00fccken los. Es gibt zwei Verletzte.<\/p>\n<p>9. Dezember: <strong>Rechtsradikale PolizistInnen:<\/strong> Gegen f\u00fcnf Beamte des Polizeipr\u00e4sidiums Frankfurt\/M. (Hessen) <a href=\"https:\/\/www.faz.net\/aktuell\/gesellschaft\/kriminalitaet\/f-a-z-exklusiv-polizisten-wegen-rechtsextremer-inhalte-im-visier-15933546.html\">wird ermittelt<\/a>. Diese hatten in einem rechten Chat-Forum ausl\u00e4nderfeindliche Inhalte verbreitet. Sie sind vom Dienst suspendiert. Durch Presseberichte wird <a href=\"http:\/\/www.spiegel.de\/panorama\/justiz\/frankfurt-am-main-mutmasslich-rechtsextreme-zelle-in-der-polizei-a-1243925.html\">am 15. Dezember<\/a> bekannt, dass die Beamten als Gruppe \u201eNSU 2.0\u201c ein Drohschreiben an eine Rechtsanw\u00e4ltin geschickt haben k\u00f6nnten, die Opfer der rechtsextremen Terrorgruppe NSU vor Gericht vertreten hatte. Durch weitere Presseberichte wird <a href=\"https:\/\/www.tagesspiegel.de\/politik\/rechtsextremes-netzwerk-ermittlungen-in-frankfurter-polizei-ausgeweitet\/23769326.html\">am 17. Dezember<\/a> bekannt, dass die StA ihre Ermittlungen auf weitere BeamtInnen ausgeweitet hat. Ebenfalls <a href=\"http:\/\/www.spiegel.de\/panorama\/justiz\/nsu-2-0-anwalt-mustafa-kaplan-erstattet-anzeige-wegen-rechtsextremer-hassmail-a-1244304.html\">am 17. Dezember<\/a> reicht ein Strafverteidiger aus K\u00f6ln (NRW), der ebenfalls NSU-Opfer vertreten hat, Klage ein, nachdem er ein \u00e4hnliches Schreiben wie die hessische Anw\u00e4ltin erhalten hat. Auch eine Polizeidienststelle in Marburg (Hessen) <a href=\"https:\/\/www.faz.net\/aktuell\/politik\/inland\/polizeiskandal-in-frankfurt-weitet-sich-aus-15946866.html\">wurde durchsucht<\/a>. <a href=\"https:\/\/www.faz.net\/aktuell\/politik\/inland\/polizeiskandal-in-hessen-rechte-vorfaelle-in-drei-weiteren-praesidien-15948499.html\">Weitere Verdachtsf\u00e4lle<\/a> gibt es zudem in den Polizeipr\u00e4sidien Wiesbaden, Offenbach und Fulda. <a href=\"https:\/\/www.faz.net\/aktuell\/politik\/inland\/polizeiskandal-in-hessen-rechte-vorfaelle-in-drei-weiteren-praesidien-15948499.html\">Am 18. Dezember<\/a> tauchen in mehreren Beh\u00f6rden, Medien und bei Strafverteidigern weitere \u201eNSU 2.0\u201c-Drohschreiben auf. Ebenfalls <a href=\"https:\/\/www.berliner-zeitung.de\/berlin\/polizei\/rechtsstreit-nazi-polizist-erhielt-zehn-jahre-nach-entlassung-volle-bezuege-31757964\">am 18. Dezember<\/a> entscheidet das OVG Berlin nach einem jahrelangen Rechtsstreit die Entlassung eines rechtsradikalen Polizisten f\u00fcr rechtens. 10 Jahre lang hatte der Beamte zuvor aufgrund der ungekl\u00e4rten Rechtslage seine vollen Bez\u00fcge erhalten. Bei einer von rassistischen Ges\u00e4ngen begleitete Schl\u00e4gerei in Offenbach (Hessen), wurde auch ein Kommissaranw\u00e4rter festgenommen. Das teilt Innensenator Peter Beuth (CDU) <a href=\"http:\/\/www.spiegel.de\/panorama\/justiz\/frankfurt-am-main-peter-beuth-verspricht-aufklaerung-in-polizeiskandal-a-1244649.html\">am 19. Dezember<\/a> in einer Innenausschusssitzung des Landtages mit. Durch Presseberichte wird <a href=\"http:\/\/www.spiegel.de\/panorama\/justiz\/polizeiaffaere-in-franfurt-zeitliche-naehe-von-abfrage-und-drohfax-belastet-beamtin-a-1245004.html\">am 21. Dezember<\/a> bekannt, dass die suspendierten Beamten eines Polizeireviers in Frankfurt\/M. (Hessen) zwischen Oktober 2015 und Oktober 2016 etwa 50 rechtsextremistische WhatsApp-Nachrichten ausgetauscht haben. Weiterhin sei die zeitliche N\u00e4he einer mutma\u00dflich ungerechtfertigten Computerabfrage und dem Eingang des Drohschreibens bei einer hessischen Rechtsanw\u00e4ltin auff\u00e4llig.<\/p>\n<p><strong>Polizeilicher Todesschuss:<\/strong> In Georgenzell (Th\u00fcringen) <a href=\"http:\/\/www.spiegel.de\/panorama\/justiz\/rsa-in-thueringen-28-jaehriger-bei-polizeieinsatz-in-georgenzell-erschossen-a-1242924.html\">schie\u00dft ein Mann<\/a>, der seine Ex-Freundin verfolgt und bedroht, auf die eintreffenden BeamtInnen. Bei dem daraus entstehenden Schusswechsel wird der Mann erschossen.<\/p>\n<p>10. Dezember: <strong>Antisemitismus:<\/strong> <a href=\"https:\/\/www.sueddeutsche.de\/politik\/antisemitismus-europa-studie-1.4246641\">Laut einer Umfrage<\/a> der \u201eAgentur der Europ\u00e4ischen Union f\u00fcr Grundrechte (FRA) haben in Deutschland 41 % der 1.233 Befragten 2017 antisemitische Erfahrungen gemacht (europ\u00e4ischer Durchschnitt: 28%).<\/p>\n<p><strong>Polizeischuss:<\/strong> Der Polizeibeamte, der bei einem Einsatztraining Ende November in Bonn (NRW) von einem Kollegen schwer angeschossen worden war, <a href=\"https:\/\/www.derwesten.de\/region\/polizist-training-hals-schuss-tod-id215988713.html\">verstirbt im Krankenhaus<\/a>. <a href=\"http:\/\/www.general-anzeiger-bonn.de\/bonn\/stadt-bonn\/Staatsanwaltschaft-ermittelt-wegen-fahrl%C3%A4ssiger-T%C3%B6tung-article3998884.html\">Am 11.Dezember<\/a> leitet die StA ein Ermittlungsverfahren wegen K\u00f6rperverletzung im Amt ein.<\/p>\n<p>11. Dezember: <strong>Festnahmen von mutma\u00dflichen DschihadistInnen:<\/strong> In Hamburg <a href=\"https:\/\/www.morgenpost.de\/politik\/article215989675\/Mutmassliche-IS-Unterstuetzerin-in-Hamburg-festgenommen.html\">wird eine mutma\u00dfliche IS-Unterst\u00fctzerin festgenommen<\/a>. Sie soll der Terrormiliz in mindestens vier F\u00e4llen geholfen haben. <a href=\"https:\/\/www.berliner-zeitung.de\/politik\/haftbefehl-gegen-drei-verdaechtige-wegen-terrorvorwurfs-31782652\">Am 19. Dezember<\/a> durchsucht die Polizei in Baden-W\u00fcrttemberg mehrere Wohnungen. Auf einem Anwesen in Plankstadt wird eine Kalaschnikow samt Munition gefunden; drei Personen werden festgenommen. <a href=\"http:\/\/www.spiegel.de\/politik\/deutschland\/nordbaden-fuenfter-terrorverdaechtiger-aus-nordbaden-festgenommen-a-1245298.html\">Am 21. Dezember<\/a> wird bei einer Hausdurchsuchung in Mannheim (Baden-W\u00fcrttemberg) ein weiterer Mann festgenommen, am n\u00e4chsten Morgen jedoch wieder freigelassen. <a href=\"http:\/\/www.spiegel.de\/politik\/deutschland\/hamburg-terror-verdacht-18-jaehriger-festgenommen-a-1245268.html\">Am gleichen Tag<\/a> wird in Hamburg ein junger Mann festgenommen, der im Internet zur T\u00f6tung von Polizeibeamten und zur Unterst\u00fctzung des IS aufgerufen hatte. Auf dem Flughafen Frankfurt\/M. (Hessen) wird <a href=\"http:\/\/www.spiegel.de\/politik\/deutschland\/nordbaden-fuenfter-terrorverdaechtiger-aus-nordbaden-festgenommen-a-1245298.html\">am 22. Dezember<\/a> bei seiner Einreise ein Verwandter einer, der am 19. Dezember Festgenommenen verhaftet, gegen den bereits ein Haftbefehl vorliegt. <a href=\"https:\/\/www.tagesspiegel.de\/politik\/nordbaden-und-frankfurt-drei-verdaechtige-wegen-terrorvorwurfs-in-haft\/23801580.html\">Am 27. Dezember<\/a> teilt die StA Karlsruhe (Baden-W\u00fcrttemberg) mit, dass die drei am 19. Dezember festgenommenen Personen weiterhin in Haft sind; weitere Angaben macht sie nicht. <a href=\"https:\/\/www.faz.net\/aktuell\/politik\/inland\/anschlag-geplant-polizei-in-mainz-nimmt-syrer-fest-15965096.html\">Am 29. Dezember<\/a> nimmt die Polizei in Mainz (Rheinland-Pfalz) einen Syrer fest, der an Anschlagspl\u00e4nen in den Niederlanden beteiligt sein soll. Ein Auslieferungsantrag liegt bereits vor.<\/p>\n<p><strong>\u201eFall Maa\u00dfen\u201c:<\/strong> Bundesinnenminister Horst Seehofer (CSU) <a href=\"http:\/\/www.spiegel.de\/politik\/deutschland\/hans-georg-maassen-keine-disziplinarstrafe-gege-ex-verfassungsschutzchef-a-1243218.html\">teilt mit<\/a>, dass im Fall des Pamphlets, das der fr\u00fchere BfV-Pr\u00e4sident Hans-Georg Maa\u00dfen im Oktober ins hausinterne Intranet stellte und das letztlich seine Entlassung zur Folge hatte, Disziplinarma\u00dfnahmen \u201eaus Rechtsgr\u00fcnden nicht in Betracht\u201c kommen. In einem Pressegespr\u00e4ch beklagt Maa\u00dfen <a href=\"http:\/\/www.spiegel.de\/politik\/deutschland\/hans-georg-maassen-sieht-sich-als-spielball-der-politik-a-1244986.html\">am 21. Dezember<\/a> eine \u201e\u00f6ffentliche Herabw\u00fcrdigung\u201c und erkl\u00e4rt sich zum \u201eSpielball\u201c der Politik.<\/p>\n<p><strong>Rechtsradikale und fremdenfeindliche Angriffe auf Gefl\u00fcchtete:<\/strong> Das LG Siegen (NRW) <a href=\"http:\/\/www.spiegel.de\/panorama\/justiz\/burbach-misshandlung-von-fluechtlingen-erste-urteile-a-1243233.html\">verk\u00fcndet die Urteile<\/a> gegen die ersten drei von insgesamt 26 Angeklagten, die in der Notaufnahme in Burbach (NRW) Gefl\u00fcchtete misshandelt oder dies zumindest geduldet hatten. Einer von ihnen erh\u00e4lt wegen Freiheitsberaubung und K\u00f6rperverletzung eine einj\u00e4hrige Bew\u00e4hrungsstrafe; die beiden anderen wegen Freiheitsberaubung Geldstrafen von 900 EUR und 1.200 EUR.<\/p>\n<p>12. Dezember: <strong>Abschiebungen:<\/strong> Durch eine parlamentarische Anfrage der FDP-Bundestagsfraktion <a href=\"https:\/\/www.welt.de\/politik\/deutschland\/article185321134\/Asylbewerber-Bis-Oktober-in-diesem-Jahr-fast-20-000-Abschiebungen.html\">wird bekannt<\/a>, dass bis Ende Oktober insgesamt 19.781 Personen aus Deutschland abgeschoben wurden (2017 gesamt: 23.966). Das hessische Innenministerium <a href=\"https:\/\/www.faz.net\/aktuell\/politik\/inland\/hessen-schiebt-vermehrt-abgelehnte-asylbewerber-ab-15938054.html\">teilt zudem mit<\/a>, dass aus diesem Bundesland im ersten Dreivierteljahr insgesamt 1.504 Asylbewerber abgeschoben wurden (2017 gesamt: 1.148); sieben geplante Abschiebungen seien zudem durch Eilantr\u00e4ge verhindert worden. <a href=\"https:\/\/www.berliner-zeitung.de\/politik\/tuerkei-in-deutschland-geborener-straftaeter-darf-abgeschoben-werden-31773856\">Am 20. Dezember<\/a> weist der Europ\u00e4ische Gerichtshof f\u00fcr Menschenrechte (EuGMR) die Beschwerde eines Deutsch-T\u00fcrken zur\u00fcck und entscheidet, dass der Mann wegen der Schwere seiner Drogendelikte und mangelnder Integration aus Deutschland in die T\u00fcrkei abgeschoben werden darf (Beschwerde-Nr.: 18706\/16). Durch die Arbeit eines Solidarit\u00e4tskreises ist ein im Juni nach Italien abgeschobener Kameruner <a href=\"https:\/\/www.welt.de\/politik\/deutschland\/article186274606\/Ellwangen-Abgeschobener-Kameruner-ist-wieder-in-Deutschland.html\">am 21. Dezember<\/a> nach Deutschland zur\u00fcckgekommen und hat in Stuttgart (Baden-W\u00fcrttemberg) erneut einen Asylantrag gestellt.<\/p>\n<p><strong>Bundeswehrsoldat unter Terrorverdacht:<\/strong> Der unter Terrorverdacht stehende Oberleutnant war Mitglied einer rechtsextremen Chatgruppe innerhalb der Bundeswehr. <a href=\"http:\/\/www.spiegel.de\/politik\/deutschland\/bundeswehr-gibt-es-eine-schattenarmee-myterioese-namensliste-entdeckt-a-1243423.html\">Dies erkl\u00e4ren<\/a> BfV-Beamte im Bundestags-Innenausschuss.<\/p>\n<p>13. Dezember: <strong>Rechtsradikale Straftaten:<\/strong> Das Amtsgericht (AG) Frankfurt\/M. (Hessen) <a href=\"https:\/\/www.faz.net\/aktuell\/gesellschaft\/kriminalitaet\/geldstrafe-wegen-nazi-parolen-in-regionalzug-15940297.html\">verurteilt einen Mann<\/a>, der in einem Regionalzug Reisende mit einem Messer bedroht und Nazi-Parolen gerufen hatte, zu einer Geldstrafe von 1.300 EUR.<\/p>\n<p><strong>Stra\u00dfburger Terroranschlag:<\/strong> Weil von dem Terroranschlag im franz\u00f6sischen Stra\u00dfburg auch sechs deutsche Staatsb\u00fcrger betroffen sind, <a href=\"http:\/\/www.spiegel.de\/politik\/deutschland\/anschlag-strassburg-bundesanwaltschaft-ermittelt-gegen-cherif-chekatt-a-1243550.html\">nimmt auch die BAW<\/a> Ermittlungen wegen Mord, Mordversuch und gef\u00e4hrlicher K\u00f6rperverletzung gegen den T\u00e4ter auf.<\/p>\n<p>14. Dezember: <strong>Stasi-Gedenkst\u00e4tte:<\/strong> Der entlassene Direktor der Gedenkst\u00e4tte, Hubertus Knabe und der Stiftungsrat <a href=\"https:\/\/www.berliner-zeitung.de\/berlin\/hohenschoenhausen-stasiopfer-gedenkstaette-und-knabe-schliessen-vergleich-31746100\">einigen sich darauf<\/a>, dass Knabe seinen Posten r\u00e4umt und schlie\u00dfen einen Vergleich, der die laufenden Rechtsstreitigkeiten beendet. N\u00e4heres wird nicht bekannt.<\/p>\n<p><strong>Waffenverbotszonen:<\/strong> Die Stadtverordnetenversammlung Wiesbaden (Hessen) <a href=\"https:\/\/www.behoerden-spiegel.de\/2018\/12\/14\/waffenverbotszone-in-wiesbaden\/\">beschlie\u00dft eine Waffenverbotszone<\/a> f\u00fcr die Innenstadt. Sie tritt im Januar in Kraft und gilt von 21.00 Uhr bis 05.00 Uhr des Folgetages.<\/p>\n<p>16. Dezember: <strong>Polizeilicher Todesschuss:<\/strong> In Bochum (NRW) wollen Polizeibeamte einen Mann \u00fcberpr\u00fcfen. Als dieser angeblich einen \u201enicht n\u00e4her genannten\u201c Gegenstand aus der Tasche zieht, <a href=\"https:\/\/www.tagesspiegel.de\/weltspiegel\/bochum-74-jaehriger-bei-kontrolle-von-der-polizei-erschossen\/23768588.html\">schie\u00dft ein Beamter<\/a> auf ihn. Der Mann stirbt noch vor Ort. <a href=\"https:\/\/www.presseportal.de\/blaulicht\/pm\/11562\/4145660\">Am 17. Dezember<\/a> erkl\u00e4rt die Polizei, bei dem Gegenstand, habe es sich um eine \u201ekleine, augenscheinliche Schusswaffe\u201c gehandelt, mit der der Mann auf die Polizisten gezielt habe. <a href=\"https:\/\/rp-online.de\/nrw\/panorama\/bochum-staatsanwaltschaft-ermittelt-nach-toedlichem-schuss-gegen-polizisten_aid-35283199\">Am 21. Dezember<\/a> gibt die StA bekannt, dass es sich bei dem \u201ewaffen\u00e4hnlichen Gegenstand\u201c um ein pistolenartiges Feuerzeug gehandelt habe und gegen den Beamten nun wegen Totschlags ermittelt werde.<\/p>\n<p><strong>Rechte und fremdenfeindliche Angriffe auf Fl\u00fcchtlingsheime:<\/strong> Im Revisionsprozess gegen ehemaligen NPDler, der im Sommer 2015 einen Brandanschlag auf ein Fl\u00fcchtlingsheim in Nauen (Brandenburg) ver\u00fcbt hatte, <a href=\"https:\/\/www.tagesspiegel.de\/berlin\/landgericht-potsdam-brandanschlag-auf-asylunterkunft-ex-npd-mann-bleibt-in-haft\/23771366.html\">entscheidet das LG Potsdam<\/a>, dass der Mann vorerst weiter in Haft bleibt.<\/p>\n<p>17. Dezember: <strong>\u201eReichsb\u00fcrger\u201c bei der Polizei:<\/strong> Bei einer Hausdurchsuchung bei zwei Beamten von Polizeipr\u00e4sidien in Hessen <a href=\"http:\/\/www.spiegel.de\/panorama\/justiz\/frankfurt-am-main-peter-beuth-verspricht-aufklaerung-in-polizeiskandal-a-1244649.html\">werden Unterlagen beschlagnahmt<\/a>, die die M\u00e4nner mutma\u00dflich als \u201eReichsb\u00fcrger\u201c ausweisen. Sie werden vom Dienst suspendiert.<\/p>\n<p>18. Dezember: <strong>Ermittlungen gegen Dschihadisten:<\/strong> In Berlin <a href=\"https:\/\/www.berliner-zeitung.de\/berlin\/polizei\/moschee-in-wedding-durchsucht-imam-soll-terroristen-finanziell-unterstuetzt-haben-31760226\">durchsucht die Polizei<\/a> eine Moschee und weitere Objekte. Der Imam steht im Verdacht, einen syrischen Dschihad-K\u00e4mpfer finanziert zu haben. Auf Nachfragen der Presse best\u00e4tigen die Berliner Sicherheitsbeh\u00f6rden <a href=\"https:\/\/www.tagesspiegel.de\/berlin\/terror-videos-in-berlin-16-jaehriger-wegen-is-propaganda-im-verdacht\/23808762.html\">am 27. Dezember<\/a>, dass sie gegen einen 16-J\u00e4hrigen Sch\u00fcler wegen Verbreitung von IS-Videos ermitteln.<\/p>\n<p><strong>Prozesse gegen PolizistInnen:<\/strong> Das AG Berlin <a href=\"http:\/\/www.spiegel.de\/panorama\/justiz\/stealthing-heimlich-das-kondom-abgezogen-bundespolizist-in-berlin-verurteilt-a-1244425.html\">verurteilt einen Beamten<\/a> der Bundespolizei (BPol), der beim Geschlechtsverkehr heimlich das Kondom entfernt hatte, zu einer achtmonatigen Bew\u00e4hrungsstrafe; zudem muss er an die Frau eine Entsch\u00e4digung in H\u00f6he von 3.095,59 EUR zahlen. Durch Presseberichte wird <a href=\"https:\/\/www.tagesspiegel.de\/berlin\/polizei-justiz\/rigaer-strasse-in-berlin-polizist-schickte-drohbriefe-an-die-linke-szene\/23791926.html\">am 21. Dezember<\/a> bekannt, dass gegen einen Beamten der Berliner Polizei ein Strafbefehl \u00fcber 3.500 EUR verh\u00e4ngt wurde. Der Mann hatte im Dezember 2017 Drohbriefe gegen Mitglieder der linken Szene und Einzelpersonen verschickt. <a href=\"https:\/\/www.morgenpost.de\/article216067351\/Berliner-Polizist-gesteht-Drohbriefe-verschickt-zu-haben.html\">Am 21. Dezember<\/a> wird bekannt, dass der Beamte die Tat zugegeben und den Strafbefehl akzeptiert hat. Von 2014 bis zum ersten Halbjahr 2018 wurden zudem gegen 54 BeamtInnen <a href=\"https:\/\/www.tagesspiegel.de\/berlin\/polizei-justiz\/rigaer-strasse-in-berlin-polizist-schickte-drohbriefe-an-die-linke-szene\/23791926.html\">Disziplinarverfahren wegen Versto\u00df gegen das Datenschutzgesetz eingeleitet<\/a>.<\/p>\n<p><strong>Biometrische Gesichtserfassung:<\/strong> Der Hamburger Datenschutzbeauftragte <a href=\"http:\/\/www.spiegel.de\/panorama\/justiz\/g20-krawalle-datenschutzbeauftragter-verbietet-biometrischen-massenabgleich-a-1244463.html\">untersagt der Polizei<\/a> den umfassenden Abgleich von biometrischen Gesichtsdaten f\u00fcr die Suche nach vermeintlichen G20-RandaliererInnen und ordnet die L\u00f6schung der Datenbank an, in der die Gesichtsabdr\u00fccke Tausender B\u00fcrger digital gespeichert sind.<\/p>\n<p>19. Dezember: <strong>Mutma\u00dflich illegale Abschiebungen:<\/strong> <a href=\"https:\/\/www.berliner-zeitung.de\/politik\/gericht-entscheidet-stadt-bochum-muss-sami-a\u2014nicht-aus-tunesien-zurueckholen-31767656\">Das VG Gelsenkirchen (NRW) entscheidet<\/a>, dass die Stadt Bochum den, im Juli widerrechtlich nach Tunesien abgeschobenen, islamistischen Gef\u00e4hrder und fr\u00fcheren Leibw\u00e4chter von Osama Bin Laden, Sami A., doch nicht zur\u00fcckholen muss. Grund hierf\u00fcr ist die Zusicherung Tunesiens, dass ihm dort keine Folter droht.<\/p>\n<p><strong>M\u00fcnchner Amoklauf:<\/strong> Der LG Karlsruhe (Baden-W\u00fcrttemberg) <a href=\"http:\/\/www.spiegel.de\/panorama\/justiz\/muenchen-betreiber-von-darknet-plattform-zu-sechs-jahren-haft-verurteilt-a-1244567.html\">verurteilt den Mann<\/a>, der dem M\u00fcnchner Amokl\u00e4ufer im Darknet die Waffe verkauft hatte, zu sechs Jahren Haft. Der T\u00e4ter hatte damit im Juli 2016 in einem M\u00fcnchner Einkaufszentrum neun Menschen und sich selbst erschossen.<\/p>\n<p><strong>Polizeischuss:<\/strong> Bei einer Polizeikontrolle in Berlin <a href=\"https:\/\/www.berliner-zeitung.de\/berlin\/polizei\/polizist-in-neukoelln-angefahren-beamter-schiesst-auf-intensivtaeter\u201431767448\">gibt ein Autofahrer Vollgas<\/a> und f\u00e4hrt einen der Beamten an; sein Kollege gibt daraufhin einen Schuss auf das Fahrzeug ab. Der T\u00e4ter kann fl\u00fcchten.<\/p>\n<p>21. Dezember: <strong>Asyl:<\/strong> An deutschen VGs haben sich seit 2015 <a href=\"https:\/\/www.morgenpost.de\/vermischtes\/article216062883\/Verwaltungsrichter-2018-rund-100-000-neue-Asylverfahren.html\">knapp 400.000 Asylverfahren aufgestaut<\/a>. Etwa die H\u00e4lfte der bundesweit rund 1.700 VerwaltungsrichterInnen ist mit solchen Verfahren befasst.<\/p>\n<p><strong>Rechtsextremistische Terrorgruppe \u201eRevolution Chemnitz\u201c:<\/strong> Es werden <a href=\"http:\/\/www.spiegel.de\/panorama\/justiz\/chemnitz-polizei-ignorierte-warnungen-im-vorfeld-der-krawalle-a-1245014.html\">Hinweise darauf<\/a> bekannt, dass es bei den rechtsradikalen Krawallen in Chemnitz (Sachsen) Ende August auch Verbindungen zur Terrorgruppe \u201eRevolution Chemnitz\u201c gab.<\/p>\n<p><strong>Ermittlungen gegen mutma\u00dfliche DschihadistInnen:<\/strong> Durch eine parlamentarische Anfrage der FDP-Bundestagsfraktion <a href=\"http:\/\/www.spiegel.de\/politik\/deutschland\/terrorismus-zahl-der-verfahren-in-den-letzten-drei-jahren-stark-gestiegen-a-1245042.html\">wird bekannt<\/a>, dass die BAW zunehmend mehr Ermittlungsverfahren gegen mutma\u00dfliche dschihadistische TerroristInnen f\u00fchrt (2015: 108 \/ 2017: 1.052 \/ bis 10.12.2018: 855); vielfach werden sie jedoch wieder eingestellt. Nach Warnungen \u00fcber einen m\u00f6glicherweise geplanten Terroranschlag auf einen Flughafen im deutsch-franz\u00f6sischen Grenzgebiet, er\u00f6ffnet die StA Stuttgart <a href=\"http:\/\/www.spiegel.de\/politik\/deutschland\/flughafen-stuttgart-polizei-durchsucht-mehrere-wohnungen-a-1244963.html\">am gleichen Tag<\/a> Ermittlungen wegen vermuteter Aussp\u00e4hungen des dortigen Flughafens. In Baden-W\u00fcrttemberg und Nordrhein-Westfalen durchsucht die Polizei daraufhin vier Wohnungen von mutma\u00dflichen Salafisten. <a href=\"http:\/\/www.spiegel.de\/politik\/deutschland\/flughafen-stuttgart-polizei-gibt-nach-ausspaehverdacht-entwarnung-a-1245120.html\">Noch am Nachmittag<\/a> gibt die Polizei jedoch Entwarnung und die Sicherheitsma\u00dfnahmen werden zur\u00fcckgefahren. Nach einem Anschlag auf eine Eisenbahnstrecke in Berlin findet die Polizei <a href=\"http:\/\/www.spiegel.de\/panorama\/justiz\/berlin-ermittler-finden-is-flagge-nach-mutmasslichem-anschlag-auf-bahnstecke-a-1245385.html\">am 23. Dezember<\/a> in der N\u00e4he der Gleise eine IS-Flagge und Schriftst\u00fccke mit arabischen Schriftzeichen. Ob ein Zusammenhang besteht, wird noch gepr\u00fcft.<\/p>\n<p><strong>Hambacher Forst:<\/strong> Im Hambacher Forst (NRW) <a href=\"http:\/\/www.spiegel.de\/panorama\/justiz\/hambacher-forst-ein-verletzter-bei-angriff-auf-rwe-einrichtung-a-1245264.html\">greifen Vermummte am Abend<\/a> das sog. Sicherheitscamp des Energiekonzerns RWE an. Dabei wird ein Werksch\u00fctzer von einem Stein am Kopf getroffen und muss ins Krankenhaus gebracht werden. Auch die alarmierte Polizei wird mit Steinen angegriffen. <a href=\"https:\/\/www.tagesspiegel.de\/politik\/protest-gegen-kohletagebau-neue-ausschreitungen-im-hambacher-forst\/23797616.html\">Am Abend des 24. Dezember<\/a> wird das RWE-Camp erneut angegriffen; durch Molotow-Cocktails werden zwei Fahrzeuge in Brand gesetzt. Bei Durchsuchungen des sog. Wiesencamps am Hambacher Forst, des Waldes und einer Werkstatt in D\u00fcren (NRW) werden <a href=\"https:\/\/www.faz.net\/aktuell\/politik\/inland\/drei-festnahmen-bei-razzia-am-hambacher-forst-15962417.html\">am 28. Dezember<\/a> zahlreiche Gegenst\u00e4nde sichergestellt und drei Personen von der Polizei festgenommen.<\/p>\n<p>23. Dezember: <strong>Stasi-Akteneinsicht:<\/strong> Bis Ende November wurden in 2018 <a href=\"https:\/\/www.berliner-zeitung.de\/politik\/blick-in-stasi-akten-knapp-43-000-mal-einsicht-beantragt-31787022\">insgesamt 42.700 Antr\u00e4ge auf pers\u00f6nliche Stasi-Akteneinsicht gestellt<\/a> (2017: ca. 49.000).<\/p>\n<p><strong>Grenzkontrollen:<\/strong> Bis November wurden bei Grenzkontrollen <a href=\"https:\/\/www.morgenpost.de\/politik\/inland\/article216074751\/Grenzkontrollen-38-600-illegale-Einreiseversuche-entdeckt.html\">insgesamt 38.600 illegale Einreiseversuche festgestellt<\/a>; 24. 000 Personen stellten daraufhin einen Asylantrag; 13.000 Menschen wurde die Einreise verweigert und 9.281 Personen aufgrund eines vorliegenden Haftbefehls festgenommen. Dies geht aus einem Bericht des Bundesinnenministerium (BMI) hervor.<\/p>\n<p>24. Dezember: <strong>Polizeischuss:<\/strong> Bei einem Einsatz wegen h\u00e4uslicher Gewalt <a href=\"https:\/\/www.morgenpost.de\/berlin\/polizeibericht\/article216082431\/Polizei-Blog-Polizist-schiesst-auf-aggressiven-Hund.html\">schie\u00dft in Berlin ein Polizeibeamter<\/a> auf einen aggressiven Sch\u00e4ferhund, verfehlt das Tier jedoch. Personen kommen nicht zu Schaden.<\/p>\n<p>30. Dezember: <strong>Polizeisch\u00fcsse:<\/strong> Als Polizeibeamte bei einer Fahrzeugkontrolle in Berlin den Wagen durchsuchen wollen, <a href=\"https:\/\/www.morgenpost.de\/berlin\/polizeibericht\/article216104787\/Polizei-Blog.html\">f\u00e4hrt der Fahrer pl\u00f6tzlich auf einen Polizisten los<\/a>. Dieser kann zur Seite springen und gibt zwei Sch\u00fcsse auf die Reifen ab. Dem Fahrer gelingt dennoch die Flucht.<\/p>\n<p><strong>Marode Berliner Schie\u00dfst\u00e4nde:<\/strong> Durch Presseberichte <a href=\"https:\/\/www.tagesspiegel.de\/berlin\/schiessstandaffaere-in-berlin-polizeibeamte-erhalten-jetzt-entschaedigung\/23814390.html\">wird bekannt<\/a>, dass die im Fr\u00fchjahr eingesetzte Kommission zu dem Ergebnis gekommen ist, dass die Schie\u00dfst\u00e4nde der Berliner Polizei \u201eunstreitig dem aktuellen technischen Stand nicht entsprechen\u201c. Bei 13 Schie\u00dftrainern wird deren Todesursache in Zusammenhang mit den dortigen Luftbelastungen vermutet. Insgesamt haben rund 800 Beamte eine finanzielle Entsch\u00e4digung beantragt.<\/p>\n<h3>Beitragsbild: 8. Juli 2017 Sternschanze G20 (<a href=\"https:\/\/www.flickr.com\/photos\/mausheld\/34950406474\/in\/album-72157683262285903\/\">Niels Kuhrt<\/a>, <a href=\"https:\/\/creativecommons.org\/licenses\/by-nc-sa\/2.0\/\">CC BY-NC-SA 2.0<\/a>).<\/h3>\n","protected":false},"excerpt":{"rendered":"<p>zusammengestellt von Otto Diederichs 1. Dezember: Bundesnachrichtendienst (BND): Der Umzug des BND von Pullach (Bayern)<\/p>\n","protected":false},"author":2,"featured_media":15191,"comment_status":"open","ping_status":"open","sticky":false,"template":"","format":"standard","meta":{"footnotes":""},"categories":[6],"tags":[667,820,1094,1186,1195],"class_list":["post-15188","post","type-post","status-publish","format-standard","has-post-thumbnail","hentry","category-chronologien","tag-geheimdienste","tag-justiz","tag-polizei","tag-rassismus","tag-rechtsextremismus"],"_links":{"self":[{"href":"https:\/\/wp-dev.daten.cool\/index.php?rest_route=\/wp\/v2\/posts\/15188","targetHints":{"allow":["GET"]}}],"collection":[{"href":"https:\/\/wp-dev.daten.cool\/index.php?rest_route=\/wp\/v2\/posts"}],"about":[{"href":"https:\/\/wp-dev.daten.cool\/index.php?rest_route=\/wp\/v2\/types\/post"}],"author":[{"embeddable":true,"href":"https:\/\/wp-dev.daten.cool\/index.php?rest_route=\/wp\/v2\/users\/2"}],"replies":[{"embeddable":true,"href":"https:\/\/wp-dev.daten.cool\/index.php?rest_route=%2Fwp%2Fv2%2Fcomments&post=15188"}],"version-history":[{"count":0,"href":"https:\/\/wp-dev.daten.cool\/index.php?rest_route=\/wp\/v2\/posts\/15188\/revisions"}],"wp:featuredmedia":[{"embeddable":true,"href":"https:\/\/wp-dev.daten.cool\/index.php?rest_route=\/wp\/v2\/media\/15191"}],"wp:attachment":[{"href":"https:\/\/wp-dev.daten.cool\/index.php?rest_route=%2Fwp%2Fv2%2Fmedia&parent=15188"}],"wp:term":[{"taxonomy":"category","embeddable":true,"href":"https:\/\/wp-dev.daten.cool\/index.php?rest_route=%2Fwp%2Fv2%2Fcategories&post=15188"},{"taxonomy":"post_tag","embeddable":true,"href":"https:\/\/wp-dev.daten.cool\/index.php?rest_route=%2Fwp%2Fv2%2Ftags&post=15188"}],"curies":[{"name":"wp","href":"https:\/\/api.w.org\/{rel}","templated":true}]}}