{"id":15209,"date":"2019-02-06T09:45:02","date_gmt":"2019-02-06T09:45:02","guid":{"rendered":"https:\/\/www.cilip.de\/?p=15209"},"modified":"2019-02-06T09:45:02","modified_gmt":"2019-02-06T09:45:02","slug":"chronologie-januar-2019","status":"publish","type":"post","link":"https:\/\/wp-dev.daten.cool\/?p=15209","title":{"rendered":"Chronologie Januar 2019"},"content":{"rendered":"<h3>zusammengestellt von Otto Diederichs<\/h3>\n<p>1. Januar: <strong>Fremdenfeindliche Angriffe:<\/strong> <a href=\"https:\/\/www.berliner-zeitung.de\/panorama\/vier-verletzte-mann-faehrt-in-bottrop-in-menschengruppen---fremdenfeindliche-aeusserungen-31812336\">In der Silvesternacht<\/a> f\u00e4hrt in Bottrop (NRW) ein Autofahrer absichtlich auf einen Mann zu, verfehlt ihn jedoch. Anschlie\u00dfend f\u00e4hrt er in der Innenstadt in eine Personengruppe und verletzt vier Menschen zum Teil schwer. Auf der Weiterfahrt nach Essen versucht er erneut in eine Menschengruppe zu fahren. Bei seiner Festnahme \u00e4u\u00dfert er sich rassistisch. In Berlin greift <a href=\"https:\/\/www.morgenpost.de\/berlin\/polizeibericht\/article216118901\/Das-sind-die-Polizeimeldungen-von-Mittwoch-2-1-2019.html\">am Neujahrsmorgen<\/a> ein Mann einen anderen an; beleidigt ihn fremdenfeindlich und schl\u00e4gt und tritt ihn. Der T\u00e4ter kann fl\u00fcchten.<\/p>\n<p>2. Januar: <strong>Rechtsradikalismus:<\/strong> Nach Angriffen auf Passanten durch mutma\u00dfliche Asylbewerber in Amberg (Bayern) werden im Stadtgebiet <a href=\"http:\/\/www.spiegel.de\/politik\/deutschland\/amberg-rechtsextremisten-patrouillieren-nach-angriff-auf-passanten-a-1246194.html\">patrouillierende, mutma\u00dflich rechte Gruppen beobachtet<\/a>. Im Internet ver\u00f6ffentlicht die NPD entsprechende Fotos. Darauf sind vier Personen in roten Warnwesten mit der Aufschrift \u201eWir schaffen Schutzzonen\u201c zu sehen. <a href=\"https:\/\/www.tagesspiegel.de\/politik\/amberg-in-bayern-rechtsextremisten-nach-pruegelattacke-wir-schaffen-schutzzonen\/23821954.html\">Am 3. Januar<\/a> erkl\u00e4rt Ambergs B\u00fcrgermeister, er habe eine Mail erhalten in der erkl\u00e4rt werde, man werde Sp\u00e4her nach Amberg schicken. <!--more-->Unter dem Verdacht der Bildung einer kriminellen Vereinigung durchsucht die Polizei <a href=\"http:\/\/www.spiegel.de\/panorama\/justiz\/polizei-bundesweite-grossrazzia-gegen-mutmassliche-ku-klux-klan-mitglieder-a-1248374.html\">am 16. Januar<\/a> in acht Bundesl\u00e4ndern insgesamt 12 Wohnungen von mutma\u00dflichen Mitgliedern einer rechtsradikalen Vereinigung \u201eNational Socialist Knights of the Ku-Klux-Klan Deutschland\u201c; insgesamt geht es um 40 Beschuldigte. Es werden in gro\u00dfem Umfang Waffen sichergestellt. <a href=\"https:\/\/www.sueddeutsche.de\/politik\/asyans-ermittlungen-halle-1.4291805\">Am 17. Januar<\/a> wird bekannt, dass die Bundesanwaltschaft (BAW) bereits seit M\u00e4rz 2018 ein Ermittlungsverfahren wegen Bildung einer terroristischen Vereinigung gegen f\u00fcnf Personen der rechtsextremistischen Gruppe \u201eAryans\u201c f\u00fchrt. Wegen des Verdachts der Volksverhetzung durchsuchen Beamte des Landeskriminalamt (LKA) Sachsen <a href=\"https:\/\/www.tagesspiegel.de\/gesellschaft\/panorama\/literatur-aus-der-ns-zeit-razzia-gegen-rechtsextremen-internetversand-in-sachsen\/23878910.html\">am gleichen Tag<\/a> ein Objekt in Leipzig von dem aus im Internet NS-Literatur vertrieben wird. Hunderte NS-B\u00fccher und ein Computer werden beschlagnahmt.<\/p>\n<p><strong>Antisemitismus:<\/strong> In Berlin wurden bis Mitte Dezember <a href=\"https:\/\/www.tagesspiegel.de\/berlin\/zahlen-der-staatsanwaltschaft-starker-anstieg-antisemitischer-gewalt-in-berlin\/23821844.html\">laut der Berliner Generalstaatsanwaltschaft<\/a> (GStA) 2018 insgesamt 295 antisemitische Straftaten registriert, davon 24 Gewaltdelikte (2017: 305). <a href=\"https:\/\/www.sueddeutsche.de\/muenchen\/juedischer-wirt-beschimpft-1.4273942\">Presseberichten zufolge<\/a> kam es bis Ende September in M\u00fcnchen (Bayern) zu 52 antisemitischen Delikten (2017 gesamt: 51). Bundesweit wurden im ersten Halbjahr 2018 insgesamt 401 Straftaten registriert. In Berlin <a href=\"https:\/\/www.berliner-zeitung.de\/berlin\/polizei\/polizeibericht-autofahrer-wird-waehrend-der-fahrt-ohnmaechtig---schwer-verletzt-31852704\">beleidigt ein Mann seinen Nachbarn antisemitisch<\/a> und h\u00f6rt damit auch nicht auf, als Polizeibeamte eintreffen.<\/p>\n<p>3. Dezember: <strong>Angriffe auf Polizisten:<\/strong> Berliner Polizisten wurden <a href=\"https:\/\/www.morgenpost.de\/berlin\/polizeibericht\/article216127621\/Jugendliche-feuerten-gezielt-Feuerwerk-auf-Polizisten.html\">in der Silvesternacht<\/a> bei der Festnahme von zwei Jugendlichen aus einer Gruppe heraus gezielt mit B\u00f6llern beworfen. Bei einer Stra\u00dfenkontrolle im Rahmen einer gro\u00dfen Razzia greift in Essen (NRW) <a href=\"https:\/\/www.berliner-zeitung.de\/panorama\/grosseinsatz-im-ruhrgebiet-polizisten-nehmen-bei-clan-razzia-polizeischueler-fest-31873396\">am 13. Januar<\/a> ein Polizeisch\u00fcler die Beamten an. Er wird festgenommen und eine Strafanzeige sowie disziplinarische Ermittlungen eingeleitet. In einer Berliner U-Bahn beschimpft und bespuckt <a href=\"https:\/\/www.tagesspiegel.de\/berlin\/polizei-justiz\/gewalt-gegen-polizei-mann-greift-polizisten-in-u-bahn-an\/23892262.html\">am 18. Januar<\/a> ein Mann einen Objektsch\u00fctzer und schl\u00e4gt ihn anschlie\u00dfend. <a href=\"https:\/\/www.morgenpost.de\/vermischtes\/article216294275\/Koeln-Bahn-Mitarbeiter-schlaegt-Polizisten-mit-Faust-Festnahme.html\">Am 23. Januar<\/a> ger\u00e4t auf dem Hauptbahnhof in K\u00f6ln (NRW) ein Bahn-Mitarbeiter mit einem Beamten der Bundespolizei (BPol) in Streit und schl\u00e4gt ihn mit der Faust heftig ins Gesicht. Der Beamte muss im Krankenhaus behandelt werden; der T\u00e4ter wird festgenommen.<\/p>\n<p><strong>Rechte und fremdenfeindliche Angriffe auf Fl\u00fcchtlingsheime:<\/strong> Auf eine Beschwerde des fr\u00fcheren NPD-Politikers Maik Schneider ordnet das Oberlandesgericht (OLG) Brandenburg (Brandenburg) dessen <a href=\"http:\/\/www.spiegel.de\/panorama\/justiz\/maik-schneider-ex-npd-politiker-kommt-aus-untersuchungshaft-frei-a-1246297.html\">Entlassung aus der Untersuchungshaft<\/a> wegen \u201eVerfahrensverz\u00f6gerungen durch die Justiz\u201c an. Schneider war im M\u00e4rz 2016 wegen eines Brandanschlages auf eine geplante Fl\u00fcchtlingsunterkunft festgenommen worden. <a href=\"https:\/\/www.berliner-zeitung.de\/berlin\/brandenburg\/nach-freilassung-prozess-gegen-ex-npd-politiker-maik-schneider---richter-sagt-aus-31847216\">Am 9. Dezember<\/a> wird der Revisionsprozess gegen Schneider vor dem Landgericht (LG) Potsdam (Brandenburg) fortgesetzt. <a href=\"https:\/\/www.deutschlandfunk.de\/medienbericht-zahl-der-angriffe-auf.2932.de.html?drn:news_id=965617\">Laut vorl\u00e4ufigen Zahlen<\/a> des Bundeskriminalamtes (BKA) ist es bis Anfang Dezember 2018 bundesweit zu insgesamt 143 Angriffen auf Fl\u00fcchtlingsunterk\u00fcnfte gekommen; was etwa der H\u00e4lfte des Vorjahres entspricht.<\/p>\n<p><strong>Alternative f\u00fcr Deutschland (AfD):<\/strong> Auf das AfD-B\u00fcro in D\u00f6beln (Sachsen) wird ein <a href=\"https:\/\/www.faz.net\/aktuell\/gesellschaft\/kriminalitaet\/doebeln-explosion-vor-buero-der-afd-in-sachsen-15971629.html\">Sprengstoffanschlag ver\u00fcbt<\/a>. Menschen kommen nicht Schaden. Noch <a href=\"http:\/\/www.spiegel.de\/politik\/deutschland\/doebeln-explosion-vor-afd-buero-polizei-nimmt-drei-verdaechtige-fest-a-1246402.html\">am gleichen Abend<\/a> werden drei M\u00e4nner als mutma\u00dfliche T\u00e4ter festgenommen jedoch <a href=\"https:\/\/www.welt.de\/politik\/deutschland\/article186585970\/Explosion-vor-AfD-Buero-Tatverdaechtige-in-Doebeln-sind-wieder-frei.html\">am n\u00e4chsten Tag<\/a> bereits wieder auf freien Fu\u00df gesetzt. <a href=\"https:\/\/www.berliner-zeitung.de\/berlin\/brandenburg\/afd-kandidaten-fuer-landtagswahl-partei-bekennt-sich-zu-demonstranten-von-rechtsaussen-31839990\">Am 7. Dezember<\/a> wird der brandenburgische AfD-Landesvorsitzende Andreas Kalbitz offiziell zum Spitzenkandidaten f\u00fcr die Landtagswahl erkl\u00e4rt. Er geh\u00f6rt zum Rechtsau\u00dfen-Fl\u00fcgel seiner Partei. <a href=\"http:\/\/www.spiegel.de\/politik\/deutschland\/afd-bremen-frank-magnitz-angegriffen-und-verletzt-polizei-sucht-zeugen-a-1246881.html\">Am Nachmittag des gleichen Tages<\/a> wird in Bremen der Bundestagsabgeordnete und Bremer AfD-Vorsitzende Frank Magnitz von Unbekannten \u00fcberfallen und muss in ein Krankenhaus eingeliefert werden.<\/p>\n<p>Der AfD-Bundesvorstand <a href=\"http:\/\/www.spiegel.de\/politik\/deutschland\/andre-poggenburg-afd-politiker-zwei-jahre-lang-fuer-alle-aemter-gesperrt-a-1247087.html\">hat beschlossen<\/a>, dass der umstrittene sachsen-anhaltinische AfD-Politiker Andr\u00e9 Poggenburg zwei Jahre lang keine Partei\u00e4mter mehr bekleiden darf. Hintergrund sind umstrittene Tweets des rechtslastigen Politikers. Dieser tritt daraufhin aus der AfD aus und <a href=\"http:\/\/www.spiegel.de\/politik\/deutschland\/andre-poggenburg-gruendet-den-aufbruch-deutscher-patrioten-a-1247517.html\">gr\u00fcndet die Partei \u201eAufbruch deutscher Patrioten\u201c<\/a> (AdP).<\/p>\n<p>Nach der Auswertung von Videoaufzeichnungen widerspricht die Bremer Staatsanwaltschaft (StA) <a href=\"https:\/\/www.weser-kurier.de\/bremen\/bremen-stadt_artikel,-videoaufnahmen-widersprechen-afdschilderung-magnitz-verlaesst-krankenhaus-_arid,1797340.html\">am 9. Januar<\/a> der AfD-Darstellung wonach Magnitz mit einem Kantholz brutal zusammengeschlagen wurde. Vielmehr sei er von hinten angesprungen worden und gest\u00fcrzt; s\u00e4mtliche Verletzungen stammten demnach von diesem Sturz. <a href=\"https:\/\/www.sueddeutsche.de\/bayern\/2.220\/verfassungsschutz-bayerns-afd-abgeordnete-nicht-mehr-unter-beobachtung-1.4280502\">Laut Presseberichten<\/a> hat das bayerische Landesamt f\u00fcr Verfassungsschutz (LfV) die Beobachtung von drei AfD-Politikern eingestellt, nachdem diese in den bayerischen Landtag gew\u00e4hlt wurden. Durch Presseberichte wird <a href=\"https:\/\/www.morgenpost.de\/bezirke\/spandau\/article216172971\/Spandauer-Polizist-engagiert-sich-im-Vorstand-von-AfD-Jugend.html\">am 10. Januar<\/a> bekannt, dass ein Berliner Polizeibeamter als stellvertretender Schatzmeister in den Vorstand der AfD-Jugendorganisation \u201eJunge Alternative\u201c (JA) gew\u00e4hlt wurde. <a href=\"http:\/\/www.spiegel.de\/panorama\/justiz\/afd-frank-magnitz-in-bremen-niedergeschlagen-polizei-veroeffentlicht-video-a-1247645.html\">Am 11. Januar<\/a> ver\u00f6ffentlicht die Bremer Polizei im Rahmen einer \u00d6ffentlichkeitsfahndung das Video, das den Angriff auf Magnitz zeigt. Es widerspricht der AfD-Darstellung eindeutig. Durch Presseberichte wird <a href=\"http:\/\/www.spiegel.de\/politik\/deutschland\/frank-magnitz-verdacht-der-untreue-ermittlungen-gegen-bremer-afd-chef-a-1247707.html\">an diesem Tag<\/a> zudem bekannt, dass die Bremer StA gegen Magnitz wegen des Verdachts der Untreue ermittelt. Seine Abgeordnetenimmunit\u00e4t wurde daf\u00fcr bereits im Dezember 2018 aufgehoben. Mehr als 1.000 Menschen protestieren <a href=\"https:\/\/www.berliner-zeitung.de\/politik\/-afd\u2014ad%C3%A9--mehr-als-1000-menschen-protestieren-gegen-die-rechtspopulisten-31865464\">am 12. Januar<\/a> beim der Europawahlversammlung in Riesa (Sachsen) gegen die AfD. <a href=\"http:\/\/www.spiegel.de\/politik\/deutschland\/verfassungsschutz-erklaert-afd-bundesweit-zum-prueffall-a-1248124.html\">Am 15. Januar<\/a> erkl\u00e4rt das Bundesamt f\u00fcr Verfassungsschutz (BfV) die AfD zum Pr\u00fcffall und den rechtsnationalen Parteifl\u00fcgel um Bj\u00f6rn H\u00f6cke zum Verdachtsfall. Die AfD <a href=\"http:\/\/www.spiegel.de\/politik\/deutschland\/verfassungsschutz-afd-kuendigt-juristische-schritte-gegen-pruefung-an-a-1248177.html\">k\u00fcndigt umgehend<\/a> eine rechtliche Pr\u00fcfung dieser Entscheidung an. Das LG Berlin verurteilt <a href=\"http:\/\/www.spiegel.de\/panorama\/justiz\/noah-becker-gericht-verurteilt-jens-maier-zur-schmerzensgeld-a-1248132.html\">am gleichen Tag<\/a> einen AfD-Bundestagsabgeordneten dazu, dem Sohn Boris Beckers ein Schmerzensgeld in H\u00f6he von 15.000 EUR zu zahlen. Er hatte Noah Becker Ende 2017 als \u201ekleinen Halbneger\u201c bezeichnet. Berufung gegen das Urteil ist m\u00f6glich. <a href=\"http:\/\/www.spiegel.de\/politik\/deutschland\/afd-staatsanwaltschaft-will-sich-mit-14-angeblichen-grossspendern-beschaeftigen-a-1248817.html\">Am 18. Januar<\/a> wird bekannt, dass die StA Konstanz (Baden-W\u00fcrttemberg) wegen des Verdachts eines Versto\u00dfes gegen das Parteiengesetz gegen die Bundestagsabgeordnete Alice Weidel und drei Mitglieder ihres Kreisverbandes ermittelt. Hintergrund sind ungekl\u00e4rte Gro\u00dfspenden. <a href=\"https:\/\/www.faz.net\/aktuell\/politik\/inland\/polizisten-in-der-afd-sollen-sich-von-bjoern-hoecke-distanzieren-16001705.html\">Presseberichten zufolge<\/a> kandidieren auf der AfD-Landesliste f\u00fcr die th\u00fcringische Landtagswahl im Oktober auch f\u00fcnf Polizisten. Das LfV Bayern hat die v\u00f6lkische AfD-Gruppe \u201eFl\u00fcgel\u201c und die Nachwuchsorganisation JA <a href=\"https:\/\/www.sueddeutsche.de\/bayern\/verfassungsschutz-afd-sichert-bystron-1.4301057\">als Beobachtungsobjekt eingestuft<\/a> und kann damit auch geheimdienstliche Mittel einsetzen. <a href=\"https:\/\/www.faz.net\/aktuell\/politik\/inland\/afd-wird-in-bremen-prueffall-fuer-den-verfassungsschutz-16007661.html\">Am 25. Januar<\/a> erteilt Bremens Innensenator Ulrich M\u00e4urer (SPD) dem LfV die Zustimmung, die AfD auch in Bremen als Pr\u00fcffall einzustufen. <a href=\"https:\/\/netzpolitik.org\/2019\/wir-veroeffentlichen-das-verfassungsschutz-gutachten-zur-afd\/\">Am 28. Januar<\/a> stellt die Internet-Plattform \u201eNetzpolitik.org\u201c das BfV-Gutachten zur AfD online. <a href=\"http:\/\/www.spiegel.de\/politik\/deutschland\/afd-ermittlungen-gegen-ex-mitarbeiter-von-abgeordneten-nach-brandanschlag-a-1251038.html\">Am 30. Januar<\/a> teilt die Berliner StA mit, dass sie gegen einen fr\u00fcheren Mitarbeiter eines AfD-Bundestagsabgeordneten wegen Anstiftung zu einem schweren Brandanschlag in der Ukraine ermittelt.<\/p>\n<p><strong>Cyberkriminalit\u00e4t:<\/strong> Hunderte Politiker in Bund, L\u00e4ndern und Kommunen sowie Prominente und Journalisten sind <a href=\"http:\/\/www.spiegel.de\/politik\/deutschland\/hackerangriff-bundesamt-fuer-it-sicherheit-wusste-schon-frueh-von-datenklau-a-1246554.html\">Ziel eines Hackerangriffs geworden<\/a>, bei dem in massivem Umfang pers\u00f6nliche Daten gestohlen und ins Internet gestellt wurden. Das Bundesamt f\u00fcr Sicherheit in der Informationstechnik (BSI) wusste demnach <a href=\"https:\/\/www.faz.net\/aktuell\/gesellschaft\/kriminalitaet\/hackerangriff-fiel-durch-anrufe-bei-martin-schulz-auf-15973088.html\">bereits im Dezember 2018<\/a> davon. Aufgefallen war der Datendiebstahl durch Anrufe auf der Privatnummer eines SPD-Politikers. Das BKA wird jedoch <a href=\"https:\/\/www.faz.net\/aktuell\/politik\/inland\/bka-wurde-erst-spaet-ueber-datendiebstahl-informiert-15973471.html\">erst in der Nacht zum 5. Januar<\/a> informiert. Nach heftiger Kritik korrigiert das BSI <a href=\"https:\/\/www.welt.de\/politik\/deutschland\/article186599060\/Hackerangriff-BSI-will-Ausmass-doch-erst-im-Januar-erkannt-haben.html\">am gleichen Tag<\/a> seine bisherigen Ausk\u00fcnfte dahingehend, dass das Ausma\u00df des Hackerangriff erst im Januar erkannt worden sei. <a href=\"https:\/\/www.faz.net\/aktuell\/politik\/inland\/nach-hacker-angriff-wohnungsdurchsuchung-in-heilbronn-15975945.html\">Am 6. Januar<\/a> durchsucht die Polizei in Heilbronn (Baden-W\u00fcrttemberg) die Wohnung eines Mannes aus dem IT-Bereich, der mit dem Hacker in Verbindung steht und die elterliche Wohnung eines Sch\u00fclers in Mittelhessen. Er wird <a href=\"http:\/\/www.spiegel.de\/netzwelt\/web\/hackerangriff-tatverdaechtiger-ist-wieder-auf-freiem-fuss-a-1246965.html\">vor\u00fcbergehend festgenommen<\/a> und ist gest\u00e4ndig. Die Polizei <a href=\"https:\/\/www.welt.de\/politik\/deutschland\/article187209400\/Hacker-aus-Hessen-hat-Datenklau-moeglicherweise-nicht-alleine-begangen.html\">zweifelt jedoch daran<\/a>, dass es sich um einen Einzelt\u00e4ter handelt, da der Sch\u00fcler nicht in der Lage war, den ErmittlerInnen zu zeigen, wie er die Daten im Netz erbeutet hatte. <a href=\"https:\/\/www.tagesspiegel.de\/gesellschaft\/panorama\/it-sicherheit-datensatz-mit-millionen-passwoertern-entdeckt\/23878344.html\">Am 17. Januar<\/a> informiert ein Sicherheitsexperte dar\u00fcber, dass er rund 773 Mio. E-Mail-Adressen und \u00fcber 21 Mio. gestohlene Passw\u00f6rter entdeckt hat.<\/p>\n<p>4. Januar: <strong>Rockerkriminalit\u00e4t:<\/strong> In der Innenstadt von K\u00f6ln (NRW) fallen <a href=\"https:\/\/www.ksta.de\/koeln\/innenstadt\/schuesse-in-naehe-des-hauptbahnhofs-festgenommener-hat-kontakt-zur-rocker-szene-31827012\">auf offener Stra\u00dfe mehrere Sch\u00fcsse<\/a>; Verletzte gibt es nicht. Wenig sp\u00e4ter wird in Tatortn\u00e4he ein Mann mit einer scharfen Schusswaffe und Kontakten ins Rocker-Milieu festgenommen; nach weiteren Personen wird gefahndet. <a href=\"https:\/\/www.welt.de\/vermischtes\/article187421476\/Bandidos-in-Koeln-Ortsgruppe-loest-sich-nach-Gewalt-Eskalation-auf.html\">Am 21. Januar<\/a> gibt die K\u00f6lner Ortsgruppe der \u201eBandidos\u201c in der Presse ihre Selbstaufl\u00f6sung bekannt. Die Polizei best\u00e4tigt dies zun\u00e4chst nicht. <a href=\"http:\/\/www.spiegel.de\/panorama\/juztiz\/stuttgart-haft-und-bewaehrungsstrafen-fuer-mitglieder-der-osmanen-gang-a-1249827.html\">Am 24. Januar<\/a> verurteilt das LG Stuttgart (Baden-W\u00fcrttemberg) sieben Rocker der \u201eOsmanen Germania BC\u201c wegen gef\u00e4hrlicher K\u00f6rperverletzung, Erpressung und Drogendelikten zwischen Bew\u00e4hrungsstrafen und sechseinhalb Jahren Haft. In einen Clubhaus der \u201eHells Angels\u201c in Gummersbach (NRW) bricht <a href=\"http:\/\/www.spiegel.de\/panorama\/justiz\/hells-angels-klubheim-in-gummersbach-geht-in-flammen-auf-a-1240287.html\">am 27. Januar<\/a> ein Feuer aus. Die Hintergr\u00fcnde sind unklar.<\/p>\n<p><strong>G20-Gipfel:<\/strong> Beim G20-Gipfel im Juli 2017 in Hamburg hat sich ein V-Mann des nieders\u00e4chsischen Verfassungsschutzes <a href=\"http:\/\/www.spiegel.de\/panorama\/justiz\/g20-in-hamburg-v-mann-des-verfassungsschutzes-blockierte-regierungskonvois-a-1246390.html\">mehrfach an Stra\u00dfenblockaden gegen Regierungsfahrzeuge beteiligt<\/a>. Am 15. Januar reicht die Hamburger Innenbeh\u00f6rde beim Oberverwaltungsgericht (OVG) <a href=\"http:\/\/www.taz.de\/G20-Fahndung-im-rechtsfreien-Raum\/!5563263\">Klage gegen die vom Hamburger Datenschutzbeauftragten<\/a> Mitte Dezember 2018 angeordnete L\u00f6schung Datenbank zur biometrischen Gesichtserkennung ein. Die Klage hat aufschiebende Wirkung; die Daten bleiben daher bis zu einem Urteil ungel\u00f6scht. Bis Ende 2018 wurden insgesamt 827 Ermittlungsverfahren <a href=\"http:\/\/www.taz.de\/Strafbefehl-gegen-G20-Polizisten\/!5563817\/\">gegen \u00fcber 1.000 G20-Demonstrierende eingeleitet<\/a>; in 248 F\u00e4llen wurde bereits Anklage erhoben und 120 Verfahren bereits angeschlossen.<\/p>\n<p><strong>Waffenverbotszonen:<\/strong> Erstmals <a href=\"https:\/\/www.faz.net\/aktuell\/gesellschaft\/kriminalitaet\/waffenverbotszone-in-wiesbaden-tritt-in-kraft-15975697.html\">kontrolliert die Polizei in der mit Jahresbeginn eingerichteten Waffenverbotszone<\/a> in der Innenstadt von Wiesbaden (Hessen). Insgesamt werden am Wochenende 190 Personen kontrolliert; f\u00fcnf Messer werden beschlagnahmt. Trotz einer Gerichtsentscheidung, die die von der BPol erlassene Allgemeinverf\u00fcgung vorerst suspendierte, <a href=\"https:\/\/www.morgenpost.de\/berlin\/article216251821\/Waffenverbot-gekippt-Bundespolizei-kontrolliert-trotzdem.html\">wurden die Kontrollen in der Nacht des 19. Januar fortgesetzt<\/a>. Man habe gegen die Entscheidung Beschwerde eingelegt und halte sie daher f\u00fcr einen nicht \u201eabschlie\u00dfend gekl\u00e4rten Rechtsstreit\u201c erkl\u00e4rt die BPol.<\/p>\n<p><strong>Fall Oury Jalloh:<\/strong> Die Anw\u00e4ltin der Familie des umgekommenen Asylbewerbers Oury Jalloh <a href=\"https:\/\/initiativeouryjalloh.wordpress.com\/2019\/01\/07\/pressemitteilung-der-initiative-in-gedenken-an-oury-jalloh-zum-14-todestag-von-oury-jalloh-7-januar-2019\/\">stellt einen Antrag auf Klageerzwingung<\/a> beim OLG Naumburg (Sachsen-Anhalt). Jalloh war im Januar 2005 bei einem Brand in einer Arrestzelle der Polizei Dessau ums Leben gekommen; die genauen Umst\u00e4nde sind ungekl\u00e4rt. Ende November 2018 hatte die Justiz weitere <a href=\"http:\/\/www.spiegel.de\/panorama\/justiz\/oury-jalloh-anwaeltin-will-klage-erzwingen-a-1246816.html\">Ermittlungen abgelehnt<\/a>.<\/p>\n<p>6. Dezember: <strong>Organisierte Kriminalit\u00e4t:<\/strong> Nach BKA-Angaben waren 2017 mindestens 671 Menschen in Deutschland <a href=\"https:\/\/www.tagesspiegel.de\/politik\/bericht-der-vereinten-nationen-die-meisten-opfer-von-menschenhandel-werden-sexuell-ausgebeutet\/23831938.html\">Opfer von Menschenhandel<\/a>; 171 von ihnen waren minderj\u00e4hrig. In mehreren St\u00e4dten des Ruhrgebietes (NRW) geht die Polizei <a href=\"https:\/\/www.tagesspiegel.de\/politik\/organisiertes-verbrechen-1300-polizisten-bei-grosser-razzia-gegen-clans-im-ruhrgebiet\/23859524.html\">am 12. Januar<\/a> gegen arabische &#8222;Clans&#8220; vor. Shisha-Bars, Wettb\u00fcros, Caf\u00e9s und Teestuben werden durchsucht. <a href=\"http:\/\/www.spiegel.de\/panorama\/justiz\/nordrhein-westfalen-14-verhaftungen-und-ueber-100-strafanzeigen-nach-razzia-a-1247810.html\">14 Personen werden festgenommen<\/a> und 10 Waffen sichergestellt; dar\u00fcber hinaus werden 10 Strafanzeigen und \u00fcber 500 Anzeigen wegen Ordnungswidrigkeiten erstattet sowie rund 430 Verwarnungsgelder verh\u00e4ngt. 25 Betriebe werden geschlossen und mehrere 1.000 EUR Bargeld und Hunderte Kilo unversteuerter Tabak beschlagnahmt. <a href=\"http:\/\/www.spiegel.de\/panorama\/justiz\/arafat-abou-chaker-in-berlin-festgenommen-a-1248086.html\">Am 15. Januar<\/a> wird in Berlin ein stadtbekannter arabischer &#8222;Clanchef&#8220; unmittelbar nach der Urteilsverk\u00fcndung in einem Prozess wegen Anstiftung zu schwerer K\u00f6rperverletzung zu einer zehnmonatigen Bew\u00e4hrungsstrafe erneut festgenommen. Der neue Vorwurf: Verabredung eines Verbrechens und Anstiftung zu einer Entf\u00fchrung. Bei einer gemeinsamen deutsch-italienischen Razzia gegen die \u201eCosa Nostra\u201c werden in K\u00f6ln (NRW) und Mannheim (Baden-W\u00fcrttemberg) <a href=\"http:\/\/www.spiegel.de\/panorama\/justiz\/koeln-und-mannheim-festnahmen-bei-razzia-gegen-mafia-a-1248588.html\">vier Verd\u00e4chtige festgenommen<\/a>. In Baden-W\u00fcrttemberg, Ungarn und der Schweiz durchsucht die Polizei am 23. Januar Wohnungen und Firmensitze wegen des Versto\u00dfes gegen das Arzneimittelgesetz und gewerbsm\u00e4\u00dfigem Betrug. Der Gesch\u00e4ftsf\u00fchrer eines Pharma-Gro\u00dfhandels steht im Verdacht, <a href=\"https:\/\/www.berliner-zeitung.de\/berlin\/brandenburg\/illegaler-medikamentenhandel-europaweite-razzien-wegen-gefaelschter-krebsmedikamente-31934438\">gef\u00e4lschte Krebsmedikamente<\/a> vertrieben zu haben. <a href=\"https:\/\/www.welt.de\/vermischtes\/article187593884\/Razzia-in-Berlin-Polizei-geht-gegen-internationale-Waffenschmuggler-vor.html\">Am 24. Januar<\/a> durchsuchen Polizeibeamte in Berlin und Brandenburg insgesamt 26 Wohnungen und Kneipen; vier Personen werden wegen des Verdachts des Waffenschmuggels festgenommen. <a href=\"https:\/\/www.berliner-zeitung.de\/berlin\/polizei\/berliner-clan-chef-kommt-frei-haftbefehl-gegen-arafat-abou-chaker-aufgehoben-31967256\">Am 30. Januar<\/a> wird der Haftbefehl des zur Monatsmitte in Berlin im Gerichtssaal festgenommenen &#8222;Clanchefs&#8220; aufgehoben und der Mann auf freien Fu\u00df gesetzt.<\/p>\n<p>7. Januar: <strong>Sammelabschiebung:<\/strong> In Kabul landet der <a href=\"http:\/\/www.spiegel.de\/politik\/ausland\/afghanistan-36-maenner-nach-kabul-abgeschoben-a-1246941.html\">20. Abschiebeflug aus Deutschland<\/a> mit 36 M\u00e4nnern. Damit wurden bisher rund 500 Personen nach Afghanistan abgeschoben. Die meisten der Abgeschobenen kommen aus Bayern. Laut dem Sprecher des bayerischen Fl\u00fcchtlingsrates fl\u00fcchten deshalb immer mehr afghanische Asylbewerber <a href=\"https:\/\/www.tagesspiegel.de\/politik\/aus-angst-vor-abschiebung-immer-mehr-asylbewerber-fluechten-aus-bayern\/23839148.html\">in umliegende EU-Staaten<\/a>.<\/p>\n<p>8. Januar: <strong>Kriminelle Polizisten:<\/strong> Vor dem LG Hamburg beginnt der <a href=\"https:\/\/www.welt.de\/regionales\/hamburg\/article186762332\/Prozess-Ein-Polizist-soll-Zuhaeltern-bei-Straftaten-geholfen-haben.html\">Prozess gegen einen Polizeibeamten<\/a>, dem vorgeworfen wird, eine kriminelle Bande gegen Bezahlung vor Razzien gewarnt, Adressen von Zeugen an professionelle Schl\u00e4ger gegeben, mit Komplizen Hausdurchsuchungen fingiert und bei Raubtaten auch selbst \u201eSchmiere\u201c gestanden zu haben.<\/p>\n<p><strong>Marode Berliner Schie\u00dfst\u00e4nde:<\/strong> Berlins Innensenator Andreas Geisel (SPD) teilt mit, dass 453 Polizeibeamte, die aufgrund der schadstoffbelasteten Schie\u00dfst\u00e4nde erkrankt sind, <a href=\"https:\/\/www.berliner-zeitung.de\/berlin\/polizei\/schiessstand-affaere-453-berliner-polizisten-erhalten-entschaedigung-31845074\">eine finanzielle Entsch\u00e4digung erhalten<\/a>. Insgesamt hatten 785 Beamte einen Antrag gestellt.<\/p>\n<p>9. Januar: <strong>Rechtsextremismus:<\/strong> Das LfV Sachsen teilt mit, dass es die Gruppierung \u201ePro Chemnitz\u201c seit Ende 2018 beobachtet, da sie <a href=\"http:\/\/www.spiegel.de\/panorama\/justiz\/chemnitz-pro-chemnitz-wird-vom-verfassungsschutz-beobachtet-a-1247232.html\">\u201eerkennbar rechtsextremistische Inhalte\u201c<\/a> verbreite. Bundesweit bekleben <a href=\"https:\/\/www.sueddeutsche.de\/medien\/ib-medien-rechtsextremismus-1.4287046\">am 14. Januar<\/a> Mitglieder rechtsextremistischen \u201eIdentit\u00e4ren Bewegung\u201c (IB) Medienh\u00e4user und Parteib\u00fcros mit Plakaten und Flugbl\u00e4ttern \u201egegen linke Gewalt\u201c. In Berlin wird dabei eine <a href=\"https:\/\/www.taz.de\/Archiv-Suche\/!5563081&amp;s=identit%C3%A4re%2Bbewegung&amp;SuchRahmen=Print\/\">Mitarbeiterin der taz k\u00f6rperlich bedr\u00e4ngt<\/a>; in Frankfurt\/M. (Hessen) k\u00f6nnen dabei <a href=\"https:\/\/www.tagesspiegel.de\/berlin\/polizei-justiz\/berlin-mitte-rechtsextremisten-greifen-medienhaeuser-und-parteien-an\/23862586.html\">mehrere Personen festgenommen<\/a> werden. Auch in Berlin kann die Polizei <a href=\"https:\/\/www.berliner-zeitung.de\/berlin\/polizei\/rechtsextremer-ueberfall-berliner-polizei-identifiziert-drei-verdaechtige-31876796\">drei Verd\u00e4chtige<\/a> rasch identifizieren. Aus der parlamentarischen Anfrage der Links-Fraktion im Bundestag geht <a href=\"http:\/\/www.spiegel.de\/politik\/deutschland\/neonazis-trafen-sich-mehrfach-zum-schiesstraining-im-ausland-rechtsextremismus-a-1250651.html\">am 30. Januar<\/a> hervor, dass sich deutsche Rechtsextremisten seit Dezember 2015 in mindestens 12 F\u00e4llen zu Schie\u00df\u00fcbungen in Tschechien und Bulgarien aufhielten.<\/p>\n<p><strong>Anschlag auf Fu\u00dfballmannschaft:<\/strong> Der Attent\u00e4ter, der im April 2017 einen Bombenanschlag auf den Mannschaftsbus des Fu\u00dfballvereins BVB Dortmund ver\u00fcbte und daf\u00fcr Ende 2018 zu 14 Jahren Haft verurteilt wurde, <a href=\"http:\/\/www.spiegel.de\/panorama\/justiz\/borussia-dortmund-bvb-attentaeter-sergej-w-zieht-revision-zurueck-a-1247286.html\">zieht seinen Revisionsantrag zur\u00fcck<\/a>. Der Antrag der StA besteht weiter.<\/p>\n<p><strong>Fremdenfeindliche Handlungen:<\/strong> In einem Berliner Bus beleidigt ein Mann eine Frau <a href=\"https:\/\/www.berliner-zeitung.de\/berlin\/polizei\/polizeibericht-autofahrer-wird-waehrend-der-fahrt-ohnmaechtig---schwer-verletzt-31852704\">fremdenfeindlich und tritt sie<\/a>.<\/p>\n<p><strong>Hambacher Forst:<\/strong> Die Polizei besichtigt den Hambacher Forst und die neu gebauten Baumh\u00e4user. <a href=\"https:\/\/www.welt.de\/politik\/deutschland\/article186943638\/Raeumung-abgesagt-Besetzer-bleiben-im-Hambacher-Forst-vorerst.html\">Am 10. Januar<\/a> teilt sie dann mit, dass die von den Besetzern erwartete R\u00e4umung vorerst nicht stattfindet.<\/p>\n<p>10. Januar: <strong>Rechtsradikale Polizisten:<\/strong> Durch Presseberichte wird bekannt, dass <a href=\"https:\/\/www.morgenpost.de\/bezirke\/spandau\/article216172971\/Spandauer-Polizist-engagiert-sich-im-Vorstand-von-AfD-Jugend.html\">ein Berliner Polizeibeamter<\/a> als stellvertretender Schatzmeister in den Vorstand der AfD-Jugendorganisation \u201eJunge Alternative\u201c (JA) gew\u00e4hlt wurde. Zudem wird durch Presseberichte bekannt, dass das LKA Hessen gegen einen Beamten ermittelt, polizeiliche Daten an die Neonazi-Gruppe \u201eAryans\u201c weitergegeben zu haben. Es ist bereits der <a href=\"http:\/\/www.spiegel.de\/panorama\/justiz\/hessen-weiterer-polizist-mit-neonazi-verbindungen-aufgeflogen-a-1247474.html\">sechste hessische Polizeibeamte<\/a> der im Verdacht steht, Kontakte ins rechte Milieu zu unterhalten. Medien berichten <a href=\"http:\/\/www.spiegel.de\/politik\/deutschland\/seda-basay-yildiz-anwaeltin-soll-erneut-von-nsu-2-0-bedroht-worden-sein-a-1247862.html\">am 13. Januar<\/a>, dass bei der t\u00fcrkischst\u00e4mmigen Anw\u00e4ltin im Prozess um die NSU-Morde in Frankfurt\/M. (Hessen), die im August 2018 eine rechtsextreme Drohung erhalten hatte, erneut ein Droh-Fax mit Daten aus einem Polizeicomputer eingegangen ist. Zudem wird darin auch auf die im Rahmen der bisherigen Aff\u00e4re suspendierten Polizisten eingegangen; unterzeichnet ist das Fax wiederum mit \u201eNSU 2.0\u201c. Durch Presseberichte wird <a href=\"http:\/\/www.spiegel.de\/panorama\/justiz\/hessen-durchsuchungen-bei-polizisten-verdacht-der-volksverhetzung-a-1248579.html\">am 17. Januar<\/a> bekannt, dass die StA Frankfurt\/M. (Hessen) gegen zwei weitere Polizeibeamte ermittelt. Bei einem der Beamten fand bereits im Dezember 2018 eine Wohnungsdurchsuchung statt. Dabei wurden Waffen und ein \u201emuseal eingerichtetes Zimmer mit diversen NS-Devotionalien\u201c wie SS-Uniformen, Fahnen und Abzeichen gefunden. Dem anderen Polizisten wird zur Last gelegt, seinem Kollegen Nachrichten mit mutma\u00dflich volksverhetzenden Inhalten geschickt zu haben. Damit stehen unterdessen <a href=\"http:\/\/www.spiegel.de\/panorama\/justiz\/hessen-verbindungen-in-die-rechte-szene-ermittlungen-gegen-zwoelf-polizisten-a-1248723.html\">12 hessische Polizisten<\/a> im Verdacht, rechtsradikale Verbindungen zu unterhalten. <a href=\"http:\/\/www.taz.de\/!5565339\/\">Am 24. Januar<\/a> wird bekannt, dass der hessische Polizeibeamte, der in den Jahren 2015\/2016 Polizeidaten an eine rechtsextremistische Bekannte weitergegeben hatte, inzwischen in Niedersachsen Dienst tut. Zudem wurden auch in der Hamburger Polizei seit 2015 <a href=\"http:\/\/www.taz.de\/!5565339\/\">vier rechte Vorf\u00e4lle<\/a> gez\u00e4hlt. Wie <a href=\"https:\/\/www.sueddeutsche.de\/politik\/seda-baay-yldz-lka-hessen-drohbrief-1.4307935\">am 29. Januar<\/a> berichtet wird, sind bei der Frankfurter Anw\u00e4ltin erneut Drohschreiben eingegangen, die nach Ansicht der Ermittler erneut auf Insiderwissen aus der hessischen Polizei hindeuten. Unterzeichnet sind sie diesmal mit dem Namen eines Polizeiausbilders, der damit jedoch offenbar nichts zu tun hat.<\/p>\n<p><strong>Rechtsradikale und fremdenfeindliche Angriffe auf Fl\u00fcchtlinge:<\/strong> Vor dem LG Siegen (NRW) beginnt der <a href=\"https:\/\/www.berliner-zeitung.de\/politik\/misshandelte-fluechtlinge-burbacher-heimleiter-soll-bewaehrungsstrafe-bekommen-31854574\">Prozess gegen den ehemaligen Heimleiter<\/a> der Fl\u00fcchtlingsunterkunft in Burbach. Er soll zwischen 2013 und 2014 mehrfach angeordnet haben, Fl\u00fcchtlinge bei Fehlverhalten in ein sog. Problemzimmer einzusperren, wo sie misshandelt wurden. Der Mann hat ein Gest\u00e4ndnis angek\u00fcndigt. Insgesamt sind in dem Fall \u00fcber 30 Personen angeklagt. Nach einem umfassenden Gest\u00e4ndnis verurteilt das LG Siegen (NRW) den fr\u00fcheren Leiter der Fl\u00fcchtlingsunterkunft <a href=\"http:\/\/www.spiegel.de\/panorama\/justiz\/burbach-misshandlungen-in-fluechtlingsheim-bewaehrungsstrafe-fuer-heimleiter-a-1249357.html\">am 22. Januar<\/a> zu einer 15-monatigen Bew\u00e4hrungsstrafe und einer Zahlung von 1.200 EUR an die UNO-Fl\u00fcchtlingshilfe.<\/p>\n<p><strong>Aff\u00e4re um ehemaligen Undercover-Agenten Mauss: <\/strong>Der Bundesgerichtshof (BGH) hebt das Urteil gegen Werner Mauss auf. Das LG Bochum (NRW) hatte den ehemaligen Undercover-Agenten 2017 wegen Steuerhinterziehung <a href=\"https:\/\/www.berliner-zeitung.de\/politik\/bgh-urteil-zu-revisionen-nach-prozess-gegen-ex-agent-mauss-31852564\">zu einer zweij\u00e4hrigen Bew\u00e4hrungsstrafe<\/a> verurteilt (Az: 1 StR 347\/18). Dagegen hatten sowohl Mauss wie auch die StA Berufung eingelegt. Der Prozess <a href=\"http:\/\/www.spiegel.de\/politik\/deutschland\/steuerprozess-urteil-gegen-ex-agent-werner-mauss-aufgehoben-a-1247386.html\">muss neu verhandelt werden<\/a>.<\/p>\n<p><strong>Bundesamt f\u00fcr Migration und Fl\u00fcchtlinge (BAMF):<\/strong> Durch eine parlamentarische Anfrage der Linken-Bundestagsfraktion wird bekannt, dass Gerichte von Januar bis September 2016 \u00fcber rund <a href=\"https:\/\/www.sueddeutsche.de\/politik\/bamf-asyl-entscheidungen-gerichte-1.4282453\">131.000 abgelehnte Asylbescheide des BAMF geurteilt<\/a> hat. Knapp ein Drittel endete zugunsten der Fl\u00fcchtlinge. <a href=\"https:\/\/www.welt.de\/politik\/deutschland\/article187818736\/Korruptionsvorwuerfe-Staatsanwaltschaft-ermittelt-gegen-BAMF-Mitarbeiter-im-Suedwesten.html\">Am 28. Januar<\/a> wird bekannt, dass die StA Hechingen (Baden-W\u00fcrttemberg) gegen sechs Mitarbeiter der BAMF-Au\u00dfenstelle Sigmaringen ermittelt. Sie stehen im Verdacht, von Sprachmittlern Zuwendungen bekommen und falsche Abrechnungen ausgestellt zu haben. Beim zweiten Vorwurf handelt es sich laut StA jedoch \u201enur um relativ geringe Betr\u00e4ge\u201c.<\/p>\n<p><strong>Mutma\u00dflich illegale Abschiebungen:<\/strong> Bis Ende November 2018 wurden neun Fl\u00fcchtlinge <a href=\"https:\/\/www.sueddeutsche.de\/politik\/bamf-asyl-entscheidungen-gerichte-1.4282453\">rechtswidrig aus der Bundesrepublik abgeschoben<\/a>. Das wird durch eine parlamentarische Anfrage der Linken-Bundestagsfraktion bekannt.<\/p>\n<p>12. Januar: <strong>Antisemitische Straftaten:<\/strong> In Berlin beleidigt ein Mann einen <a href=\"https:\/\/www.tagesspiegel.de\/berlin\/berlin-zehlendorf-kippa-traeger-antisemitisch-beleidigt\/23859792.html\">Kippa-Tr\u00e4ger antisemitisch<\/a> und wirft einen Stein nach ihm. Der T\u00e4ter kann fl\u00fcchten. Das LG Frankfurt\/M. (Hessen) verurteilt <a href=\"https:\/\/www.faz.net\/aktuell\/gesellschaft\/kriminalitaet\/bewaehrungsstrafe-fuer-antisemitische-is-propaganda-15993888.html\">am 17. Januar<\/a> einen Mann, der im Internet antisemitische Propaganda der Terrormiliz \u201eIslamischer Staat\u201c (IS) verbreitet hatte, zu einer viermonatigen Bew\u00e4hrungsstrafe.<\/p>\n<p>13. Januar: <strong>T\u00f6dlicher Pfefferspray-Einsatz:<\/strong> Ein Ende Dezember 2018 festgenommener Randalierer, gegen den Pfefferspray eingesetzt worden war und der daraufhin das Bewusstsein verloren hatte, <a href=\"https:\/\/www.berliner-zeitung.de\/berlin\/polizei\/polizeibericht-wagen-von-raser-beschlagnahmt---ermittlungen-zu-illegalem-autorennen-31866850\">ist im Krankenhaus verstorben<\/a>. Die n\u00e4heren Umst\u00e4nde sind noch-unklar.<\/p>\n<p>15. Januar: <strong>Verfassungsschutz:<\/strong> Das BfV erkl\u00e4rt die <a href=\"http:\/\/www.spiegel.de\/politik\/deutschland\/verfassungsschutz-erklaert-afd-bundesweit-zum-prueffall-a-1248124.html\">AfD zum Pr\u00fcffall<\/a> und den rechtsnationalen Parteifl\u00fcgel um Bj\u00f6rn H\u00f6cke zum Verdachtsfall. <a href=\"https:\/\/www.behoerden-spiegel.de\/2019\/01\/22\/neue-bfv-vizepraesidenten\/\">Am 22. Januar<\/a> stellt Bundesinnenminister Seehofer (CSU), Michael Niemeier und Sinan Selen als neue Vizepr\u00e4sidenten des BfV vor. Gegen den Willen des BfV stellt die Internet-Plattform \u201eNetzpolitik.org\u201c das <a href=\"https:\/\/netzpolitik.org\/2019\/wir-veroeffentlichen-das-verfassungsschutz-gutachten-zur-afd\/\">Gutachten zur AfD<\/a> am <a href=\"https:\/\/www.tagesspiegel.de\/politik\/prueffall-afd-gutachten-zur-afd-veroeffentlicht\/23919858.html\">28. Januar<\/a> online.<\/p>\n<p><strong>Spionageermittlungen:<\/strong> BKA-Beamte nehmen einen afghanisch-st\u00e4mmigen Mitarbeiter der Bundeswehr unter Spionageverdacht fest. Der Mann, der als Sprachberater und landeskundlicher Berater arbeitet, soll <a href=\"http:\/\/www.spiegel.de\/politik\/deutschland\/bundeswehr-ermittler-nehmen-mutmasslichen-iran-spion-fest-a-1248108.html\">jahrelang f\u00fcr den iranischen Geheimdienst<\/a> gearbeitet haben. Die Enttarnung des Mannes gelang dem Milit\u00e4rischen Abschirmdienst (MAD) durch ein T\u00e4uschungsman\u00f6ver <a href=\"http:\/\/www.spiegel.de\/politik\/deutschland\/bundeswehr-so-ueberfuehrte-der-mad-den-iran-spion-a-1248397.html\">nach \u00fcber einj\u00e4hriger Observation<\/a>.<\/p>\n<p><strong>Festnahmen von mutma\u00dflichen Dschihadisten:<\/strong> Nach der Auswertung seines Laptops erl\u00e4sst die StA Frankfurt\/M. (Hessen) Haftbefehl gegen <a href=\"https:\/\/www.faz.net\/aktuell\/gesellschaft\/terrorverdaechtiger-schueler-aus-giessen-macht-aussage-15989999.html\">einen aus \u00c4gypten ausgewiesenen Sch\u00fcler<\/a> wegen des Verdachtes der Vorbereitung einer schweren staatsgef\u00e4hrdenden Gewalttat. Im Kreis Dithmarschen (Schleswig-Holstein) nimmt die Polizei <a href=\"http:\/\/www.spiegel.de\/politik\/deutschland\/schleswig-holstein-ermittler-heben-mutmassliche-terrorzelle-aus-a-1250655.html\">am 30. Januar<\/a> drei Iraker fest, die im Verdacht stehen einen Anschlag vorbereitet zu haben. <a href=\"https:\/\/www.tagesspiegel.de\/politik\/islamismus-vereitelter-anschlag-weitere-festnahme-in-mecklenburg-vorpommern\/23933134.html\">Ein weiterer Mann<\/a> wird in Mecklenburg-Vorpommern festgenommen.<\/p>\n<p><strong>Polizeischuss:<\/strong> In einer Raumschie\u00dfanlage der Polizei in Garlsdorf (Niedersachsen) l\u00f6st sich <a href=\"https:\/\/www.morgenpost.de\/vermischtes\/article216217873\/Polizistin-verletzt-drei-Kollegen-bei-Schiessuebung.html\">aus der Waffe einer Beamtin ein Schuss<\/a>. Das Geschoss zersplittert auf dem Boden und verletzt drei Kollegen.<\/p>\n<p>16. Januar: <strong>Dschihadisten-Prozesse:<\/strong> Vor dem Kammergericht (KG) Berlin wird der Prozess gegen einen Iraker und seinen Sohn wegen Mitgliedschaft im IS fortgesetzt. <a href=\"http:\/\/www.spiegel.de\/panorama\/justiz\/is-prozess-in-berlin-zeuge-widerruft-aussage-a-1248398.html\">Ein Zeuge widerruft dabei seine bisherigen belastenden Aussagen<\/a>. Vor dem OLG Stuttgart (Baden-W\u00fcrttemberg) erhebt die BAW am gleichen Tag <a href=\"http:\/\/www.spiegel.de\/politik\/deutschland\/generalbundesanwalt-erhebt-anklage-gegen-deutsche-dschihadistin-a-1248335.html\">Anklage gegen eine deutsche Dschihadistin<\/a>. Die Frau war Ende 2013 nach Syrien ausgereist und hatte dort einen IS-K\u00e4mpfer geheiratet. Im September 2017 war sie von Kurden festgenommen und im April 2018 nach Deutschland ausgewiesen worden. <a href=\"https:\/\/www.faz.net\/aktuell\/gesellschaft\/kriminalitaet\/syrer-wird-mitgliedschaft-in-terrormiliz-vorgeworfen-16002017.html\">Am 23. Januar<\/a> erhebt die GStA vor dem OLG Frankfurt\/M. (Hessen) Anklage gegen einen Syrer, der sich in den Jahren 2013\/2014 in Syrien der radikal-religi\u00f6sen Terrormiliz \u201eAhrar al-Sham\u201c angeschlossen haben soll. Vor dem OLG Frankfurt\/M. (Hessen) beginnt <a href=\"https:\/\/www.faz.net\/aktuell\/gesellschaft\/kriminalitaet\/mutmasslicher-is-kaempfer-vor-gericht-16014005.html\">am 29. Januar<\/a> der Prozess gegen einen Mann, dem vorgeworfen wird, sich Ende 2013 an K\u00e4mpfen des IS in Syrien beteiligt zu haben. Seinen Syrien-Aufenthalt r\u00e4umt der Angeklagte ein, weitere Vorw\u00fcrfe bestreite er. <a href=\"https:\/\/www.tagesspiegel.de\/berlin\/berliner-kammergericht-prozessauftakt-gegen-mutmasslichen-is-anhaenger\/23924646.html\">Am 30. Januar<\/a> beginnt vor dem LG Berlin der Prozess gegen einen Bosnier, der in den Jahren 2017\/2018 in umfangreichen Internet-Videos Propaganda f\u00fcr den IS betrieben hatte.<\/p>\n<p><strong>Salafismus:<\/strong> Nach Angaben im Innenausschuss des Berliner Abgeordnetenhauses leben in der Stadt <a href=\"https:\/\/www.berliner-zeitung.de\/berlin\/polizei\/islamismus-mehr-geld-fuer-kampf-gegen-die-radikalen-31889390\">\u00fcber 1.000 Salafisten<\/a>. Ihre Radikalisierung erfolge zumeist in Privatwohnungen, Gef\u00e4ngnissen, dem Internet und einigen Moscheen.<\/p>\n<p><strong>Polizeischuss:<\/strong> Bei einem Einsatz gegen einen Randalierer <a href=\"https:\/\/www.sueddeutsche.de\/muenchen\/pullach-polizist-schiesst-mann-ins-gesaess-1.4291388\">schie\u00dft ein Polizeibeamter auf den Mann<\/a> als dieser ihn mit einem Messer angreift. Der Mann wird verletzt.<\/p>\n<p><strong>\u201eReichsb\u00fcrger\u201c:<\/strong> Ein Berliner Arbeitsgericht erkl\u00e4rt die Klage eines selbsternannten \u201eVolkslehrers\u201c gegen seine <a href=\"https:\/\/www.tagesspiegel.de\/berlin\/arbeitsgericht-berlin-selbsternannter-volkslehrer-scheitert-mit-klage-gegen-kuendigung\/23872138.html\">fristlose Entlassung f\u00fcr rechtens<\/a>. Der Mann hatte im Internet Verschw\u00f6rungstheorien verbreitet und gegen Juden gehetzt. Er sei daher <a href=\"https:\/\/www.berliner-zeitung.de\/berlin\/-fuer-schuldienst-ungeeignet\u2014arbeitsgericht-weist-kuendigungsklage-von--volkslehrer--ab-31886676\">\u201edauerhaft f\u00fcr den Schuldienst ungeeignet\u201c<\/a>. Am gleichen Tag wird durch Presseberichte bekannt, dass die StA Neuruppin (Brandenburg) gegen eine \u201eReichsb\u00fcrgerin\u201c <a href=\"https:\/\/www.berliner-zeitung.de\/berlin\/brandenburg\/ermittlungen-gegen\u2014reichsbuergerin--frau-wollte-justizmitarbeiter-ausspaehen-31890332\">wegen Bedrohung und versuchter Erpressung<\/a> ermittelt. Die Frau hatte Steckbriefe leitender Justizbeamter verbreitet und dazu aufgerufen, diese und ihre Familien auszusp\u00e4hen. Das Verwaltungsgericht (VG) M\u00fcnchen (Bayern) setzt die im Juni wegen mutma\u00dflicher Verbindung zur \u201eReichsb\u00fcrger-Szene\u201c suspendierte B\u00fcrgermeisterin von Bolsterlang <a href=\"http:\/\/www.spiegel.de\/panorama\/justiz\/bolsterlang-vermeintliche-naehe-zur-reichsbuerger-szene-buergermeisterin-wieder-im-amt-a-1249727.html\">am 24. Januar<\/a> mit sofortiger Wirkung wieder ins Amt ein. In Hessen und Bayern durchsucht die Polizei an diesem Tag zudem <a href=\"https:\/\/www.faz.net\/aktuell\/politik\/inland\/polizei-durchsucht-haus-eines-mutmasslichen-reichsbuergers-16005518.html\">f\u00fcnf Objekte eines mutma\u00dflichen \u201eReichsb\u00fcrgers\u201c<\/a> und einer weiteren Person wegen des Verdachts der Steuerhinterziehung und Schwarzarbeit. Durch Presseberichte wird <a href=\"https:\/\/www.tagesspiegel.de\/berlin\/gekaperte-proteste-in-berlin-aussen-gelbweste-innen-reichsbuerger\/23911796.html\">am 25. Januar<\/a> bekannt, dass die seit l\u00e4ngerem in Berlin durchgef\u00fchrten Solidarit\u00e4ts-Demonstrationen mit den franz\u00f6sischen \u201eGelbwesten\u201c von der seit einigen Jahren vom Verfassungsschutz (VfS) beobachteten \u201eReichsb\u00fcrger\u201c-Gruppierung \u201eStaatenlos\u201c organisiert werden.<\/p>\n<p><strong>Love-Parade-Katastrophe:<\/strong> Das LG Duisburg (NRW) hat <a href=\"http:\/\/www.spiegel.de\/panorama\/justiz\/loveparase-prozess-gericht-schlaegt-einstellung-des-verfahrens-vor-a-1248351.html\">eine Einstellung des Prozesses zur Love-Parade-Katastrophe<\/a> von 2010 vorgeschlagen. Bei einer Massenpanik waren damals 21 Menschen ger\u00f6tet und 652 verletzt worden. <a href=\"https:\/\/www.faz.net\/aktuell\/gesellschaft\/ungluecke\/gerichtsverfahren-love-parade-prozess-geht-vermutlich-weiter-16016177.html\">Am 30. Januar<\/a> teilt einer der Angeklagten mit, dass er einer Prozesseinstellung nicht zustimmt.<\/p>\n<p><strong>Gafferproblematik:<\/strong> Bei einem schweren Autobahnunfall bei Pforzheim (Baden-W\u00fcrttemberg) \u00f6ffnen <a href=\"http:\/\/www.spiegel.de\/panorama\/gesellschaft\/a8-bei-pforzheim-toedlicher-unfall-schaulustige-oeffnen-krankenwagen-a-1248402.html\">Schaulustige den Krankenwagen<\/a>, um einen Blick auf den Schwerverletzten zu werfen, teilt die Polizei mit. Am n\u00e4chsten Tag <a href=\"https:\/\/www.berliner-zeitung.de\/panorama\/gaffer-nach-unfall-auf-a8-drk-widerspricht-darstellung-der-polizei-31890446\">widerspricht der \u00f6rtliche DRK-Kreisverband<\/a> dieser Darstellung: Gaffer seien dem Einsatzwagen zwar nahe gekommen, es habe jedoch niemand versucht die Fahrzeugt\u00fcr zu \u00f6ffnen. Die Polizei teilt daraufhin mit, <a href=\"http:\/\/www.spiegel.de\/panorama\/gesellschaft\/a8-bei-pforzheim-polizei-prueft-meldung-zu-geoeffneter-rettungdwagentuer-a-1248560.html\">ihre Meldung zu \u00fcberpr\u00fcfen<\/a>.<\/p>\n<p>17. Januar: <strong>Waffenverbotszonen:<\/strong> Das VG Berlin hebt das von der BPol im November 2018 verh\u00e4ngte Waffenverbot im Berliner Nahverkehr wegen <a href=\"https:\/\/www.berliner-zeitung.de\/berlin\/polizei\/messer\u2014reizgas--baseballschlaeger-gericht-kippt-pauschal-verbot-im-berliner-nahverkehr-31892576\">\u201eerheblicher Zweifel\u201c an der Rechtm\u00e4\u00dfigkeit<\/a> der Verf\u00fcgung auf (Az: VG 3 L 363.18).<\/p>\n<p><strong>Ermittlungen gegen Polizeibeamte:<\/strong> Die StA stellt das Ermittlungsverfahren gegen einen Beamten des Sondereinsatzkommandos (SEK), der im Februar 2018 in Wuppertal (NRW) einen Rocker erschossen hatte, ein. Es habe sich dabei <a href=\"http:\/\/www.spiegel.de\/panorama\/justiz\/osmanen-germania-erschossener-rocker-in-wuppertal-ermittlungen-gegen-sek-mann-eingestellt-a-1248545.html\">um ein &#8222;tragisches Missverst\u00e4ndnis&#8220; gehandelt<\/a>. Durch Presseberichte wird <a href=\"http:\/\/www.taz.de\/Strafbefehl-gegen-G20-Polizisten\/!5563817\/\">am 22. Januar<\/a> bekannt, dass ein Hamburger Gericht auf Antrag der StA Strafbefehl gegen einen nordrhein-westf\u00e4lischen Polizisten erlassen hat, der im Juli 2017 beim G20-Gipfel in Hamburg eingesetzt war. Bei einem Streit in einer Gefangenen-Sammelstelle war er mit einem anderen Beamten in Streit geraten und hatte diesen leicht verletzt. Insgesamt gab es in Zusammenhang mit dem G20-Gipfel bis Anfang Dezember letzten Jahres 150 Ermittlungsverfahren gegen Polizisten; 84 wurden \u201emangels Tatverdacht\u201c bereits wieder eingestellt. Bei einer Fahrzeugkontrolle <a href=\"https:\/\/www.tagesspiegel.de\/berlin\/polizei-justiz\/berlin-friedrichshain-polizeischueler-gestoppt-alkoholisiert-und-ohne-fuehrerschein-am-steuer\/23916446.html\">am 27. Januar<\/a> wird in Berlin ein alkoholisierter Polizeisch\u00fcler ohne F\u00fchrerschein und ohne Fahrzeugversicherung gestoppt. Gegen ihn werden nun auch dienstrechtliche Konsequenzen gepr\u00fcft. <a href=\"https:\/\/www.morgenpost.de\/berlin\/article216312371\/Illegale-Fahndung-Berliner-Polizei-ermittelt-zu-Poebel-Video.html\">Am 28. Januar<\/a> wird bekannt, dass die Berliner Polizei in den eigenen Reihen ermittelt, ob ein von einem Angriff auf einen Objektsch\u00fctzer aufgenommenes Handyvideo f\u00fcr eine illegale \u00d6ffentlichkeitsfahndung per Twitter genutzt wurde.<\/p>\n<p>18. Januar: <strong>Asyl:<\/strong> Der Bundestag beschlie\u00dft, dass Algerien, Marokko, Tunesien und Georgien k\u00fcnftig <a href=\"http:\/\/www.spiegel.de\/politik\/deutschland\/bundestag-stuft-maghrebstaaten-und-georgien-als-sicher-ein-a-1248685.html\">als sichere Herkunftsstaaten gelten<\/a> sollen und Asylantr\u00e4ge damit schneller abgelehnt werden k\u00f6nnten. 2018 wurden in Deutschland rund 185.000 Asylantr\u00e4ge gestellt (2017: ca. 220.800). Dies erkl\u00e4rt Bundesinnenminister Horst Seehofer (CSU) <a href=\"http:\/\/www.spiegel.de\/politik\/deutschland\/horst-seehofer-migration-nach-deutschland-ist-ruecklaeufig-a-1249436.html\">am 23. Januar<\/a> bei der Vorstellung des Migrationsberichtes.<\/p>\n<p><strong>Missst\u00e4nde an Berliner Polizeischulen:<\/strong> Die Berliner Polizei gibt bekannt, dass die Pr\u00fcfungsklausuren f\u00fcr 80 Auszubildende verschoben werden. Hintergrund ist der Verdacht, dass deren Inhalte <a href=\"https:\/\/www.tagesspiegel.de\/berlin\/polizei-justiz\/berlin-spandau-moeglicher-betrugsversuch-polizeiakademie-verschiebt-pruefung\/23884876.html\">vorab illegal beschafft<\/a> wurden. <a href=\"https:\/\/www.tagesspiegel.de\/berlin\/polizei-justiz\/berlin-spandau-bekanntgabe-aktueller-pruefinhalte-an-polizeiakademie-als-unwahr-erwiesen\/23897690.html\">Am 22. Januar<\/a> gibt die Schulleitung bekannt, dass sich der Verdacht nicht best\u00e4tigt habe; es habe sich um Pr\u00fcfungsaufgaben des letzten Jahrgangs gehandelt.<\/p>\n<p><strong>T\u00f6dlicher Taser-Einsatz:<\/strong> In Pirmasens (Rheinland-Pfalz) leistet ein Mann massiven Widerstand gegen seine Verbringung in eine Psychiatrie. Daraufhin setzen Polizeibeamte einen Elektroschocker (Taser) ein. <a href=\"http:\/\/www.spiegel.de\/panorama\/justiz\/pirmasens-mann-stirbt-nach-taser-einsatz-der-polizei-a-1249310.html\">Kurz darauf stirbt der Mann<\/a> an einem Herzinfarkt.<\/p>\n<p>19. Januar: <strong>Polizeischuss:<\/strong> In Wolgast (Mecklenburg-Vorpommern) <a href=\"https:\/\/www.welt.de\/politik\/deutschland\/article187348904\/Mecklenburg-Vorpommern-SEK-schiesst-Mann-nach-Macheten-Attacke-nieder.html\">schie\u00dft ein Polizeibeamter<\/a> auf einen psychisch Kranken, der ihn mit einer Machete angreift. Der Mann wird schwerverletzt in ein Krankenhaus gebracht, auch der Beamte erleidet Verletzungen am Arm.<\/p>\n<p>20. Januar: <strong>Rechtsradikale Demonstrationen und Kundgebungen:<\/strong> Vor dem Bahnhof in Ro\u00dflau (Sachsen-Anhalt) versammeln sich rund 150 Personen des rechten Spektrums um gegen den dortigen <a href=\"https:\/\/www.welt.de\/politik\/deutschland\/article187395208\/Rosslau-Vier-Maenner-nach-rechter-Demo-an-Bahnhof-attackiert-und-schwer-verletzt.html\">Angriff auf vier M\u00e4nner<\/a>, die am Vorabend von einer rechten Demonstration in Magdeburg zur\u00fcckkamen zu protestieren. Dabei wird eine junge Frau angegriffen und leicht verletzt.<\/p>\n<p><strong>Bundeswehrsoldat unter Terrorverdacht:<\/strong> In einem Schreiben des Verteidigungsministeriums an den zust\u00e4ndigen Bundestagsausschuss von Mitte des Monats werden offiziell Kontakte des im April 2017 festgenommenen <a href=\"http:\/\/www.taz.de\/Rechtes-Netzwerk-in-der-Bundeswehr\/!5563715\/\">Soldaten in die rechtsextreme \u201ePrepper\u201c-Szene<\/a> best\u00e4tigt.<\/p>\n<p>21. Januar: <strong>Abschiebungen:<\/strong> Von Januar bis November 2018 wurden <a href=\"https:\/\/www.tagesspiegel.de\/politik\/fluechtlinge-deutschland-schiebt-so-viel-in-andere-eu-staaten-ab-wie-nie-zuvor\/23889548.html\">insgesamt 8.658 ausreisepflichtige Asylsuchende<\/a> in andere EU-L\u00e4nder abgeschoben (2017 gesamt: 7.102). Dies geht aus einer parlamentarischen Anfrage der Bundestags-Linksfraktion hervor. Durch Presseberichte wird <a href=\"https:\/\/www.tagesspiegel.de\/politik\/fluechtlinge-in-bayern-schwangere-palaestinenserin-vor-abschiebung-sohn-musste-ins-heim\/23932298.html\">am 31. Januar<\/a> bekannt, dass in der Vorwoche in Passau (Bayern) eine schwangere Pal\u00e4stinenserin in Abschiebehaft genommen wurde. Ein Sohn im Vorschulalter kam in ein Waisenhaus.<\/p>\n<p><strong>M\u00fcnchner Amoklauf:<\/strong> Der BGH weist die <a href=\"https:\/\/www.berliner-zeitung.de\/panorama\/nach-muenchener-amoklauf-waffenhaendler-muss-sieben-jahre-ins-gefaengnis-31911202\">Beschwerde eines Darknet-Waffenverk\u00e4ufers gegen seine Verurteilung<\/a> zu sieben Jahren Haft als unbegr\u00fcndet zur\u00fcck. Er hatte im Sommer 2016 einem Jugendlichen die Waffe verkauft, mit der dieser in einem Einkaufszentrum Amok gelaufen war und neun Menschen und sich selbst erschossen hatte.<\/p>\n<p><strong>Bayerische Grenzpolizei:<\/strong> Seit ihrem Bestehen hat die Bayerische Grenzpolizei <a href=\"https:\/\/www.sueddeutsche.de\/bayern\/grenzpolizei-bayern-herrmann-1.4296629\">37 Schleuser gefasst und 696 illegale Einreisen<\/a> festgestellt; zudem wurden etwa 12.500 Straftaten verzeichnet. Dies erkl\u00e4rt Innenminister Joachim Herrmann (CSU) in seiner Halbjahresbilanz.<\/p>\n<p>24. Januar: <strong>\u201eReichsb\u00fcrger\u201c bei der Polizei:<\/strong> Durch Presseberichte wird bekannt, dass in der nieders\u00e4chsischen Polizei in zwei F\u00e4llen dienstliche <a href=\"http:\/\/www.taz.de\/!5565339\/\">Verfahren wegen des Verdachts der Zugeh\u00f6rigkeit zu den \u201eReichsb\u00fcrgern\u201c<\/a> gef\u00fchrt werden.<\/p>\n<p>25. Januar: <strong>Marode Polizeigeb\u00e4ude:<\/strong> <a href=\"https:\/\/www.morgenpost.de\/bezirke\/mitte\/article216292557\/Polizeigebaeude-von-Ratten-befallen.html\">Wegen Rattenbefall<\/a> werden erste R\u00e4ume einer Berliner Einsatzhundertschaft geschlossen.<\/p>\n<p>28. Januar: <strong>Illegale Einreisen:<\/strong> Medien berichten unter Berufung auf die BPol-Statistik, dass von Januar bis November 2018 insgesamt etwa <a href=\"https:\/\/www.welt.de\/politik\/deutschland\/article187816782\/Illegale-Einreise-Bundespolizei-stoppt-14-000-Migranten.html\">14.000 illegal nach Deutschland eingereiste Fl\u00fcchtlinge<\/a> festgestellt wurden (2017: 7.5000, 2016: 6.300, 2015: 7.700).<\/p>\n<p>29. Januar: <strong>Gewalt gegen Obdachlose:<\/strong> Vor dem LG Berlin beginnt der <a href=\"https:\/\/www.morgenpost.de\/bezirke\/treptow-koepenick\/article216317409\/Obdachlose-mit-Benzin-uebergossen-und-angezuendet-Prozess.html\">Prozess gegen einen Mann, der im Juli 2018 zwei Obdachlose angez\u00fcndet hatte<\/a>. Einer der M\u00e4nner war sp\u00e4ter an seinen Brandverletzungen gestorben.<\/p>\n<p>30. Januar: <strong>Rechtsextreme Gruppe \u201eCombat 18\u201c:<\/strong> Aus der parlamentarischen Anfrage der Links-Fraktion im Bundestag geht hervor, dass bei Angeh\u00f6rigen von \u201eCombat 18 Deutschland\u201c bei einer Einreisekontrolle nach Tschechien im September 2017 <a href=\"http:\/\/www.spiegel.de\/politik\/deutschland\/neonazis-trafen-sich-mehrfach-zum-schiesstraining-im-ausland-rechtsextremismus-a-1250651.html\">Schusswaffenmunition gefunden<\/a> wurde.<\/p>\n<p><strong>Fu\u00dfball-Hooligans:<\/strong> Die vor zwei Jahren scheinbar aufgel\u00f6ste rechte Hooligan-Gruppe <a href=\"https:\/\/www.berliner-zeitung.de\/berlin\/brandenburg\/energie-cottbus-fans-von-rechtsextremen-dominiert-verein-will-runden-tisch-im-maerz-31960522\">\u201eInferno Cottbus\u201c existiert offenbar weiter<\/a> und soll versuchen, andere Fans des FC Energie Cottbus durch Gewaltandrohungen gef\u00fcgig zu machen. Zudem st\u00fcnden \u201ef\u00fchrende K\u00f6pfe\u201c der Gruppierung <a href=\"https:\/\/www.morgenpost.de\/brandenburg\/article216333605\/Verfassungsschutz-Cottbus-Hotspot-der-rechtsextremen-Szene.html\">im Zentrum der rechtsextremen Szene<\/a> der Stadt.<\/p>\n<p><strong>Prozesse gegen Polizisten:<\/strong> Vor einem Berliner AG beginnt der <a href=\"https:\/\/www.morgenpost.de\/article216333079\/Polizeischueler-verschickte-Fahndungsfoto-an-Clan-Mitglied.html\">Prozess gegen einen ehemaligen Polizeisch\u00fcler wegen Geheimnisverrat<\/a>. Er hatte einem befreundeten &#8222;Clan-Mitglied&#8220; ein Fahndungsfotos zugeschickt und war daraufhin entlassen worden.<\/p>\n<h3>Beitragsbild: Twitteraccount _0rbit vor dessen L\u00f6schung (Screenshot).<\/h3>\n","protected":false},"excerpt":{"rendered":"<p>zusammengestellt von Otto Diederichs 1. Januar: Fremdenfeindliche Angriffe: In der Silvesternacht f\u00e4hrt in Bottrop (NRW)<\/p>\n","protected":false},"author":2,"featured_media":15211,"comment_status":"open","ping_status":"open","sticky":false,"template":"","format":"standard","meta":{"footnotes":""},"categories":[6],"tags":[667,820,1094,1186,1195,1216],"class_list":["post-15209","post","type-post","status-publish","format-standard","has-post-thumbnail","hentry","category-chronologien","tag-geheimdienste","tag-justiz","tag-polizei","tag-rassismus","tag-rechtsextremismus","tag-repression"],"_links":{"self":[{"href":"https:\/\/wp-dev.daten.cool\/index.php?rest_route=\/wp\/v2\/posts\/15209","targetHints":{"allow":["GET"]}}],"collection":[{"href":"https:\/\/wp-dev.daten.cool\/index.php?rest_route=\/wp\/v2\/posts"}],"about":[{"href":"https:\/\/wp-dev.daten.cool\/index.php?rest_route=\/wp\/v2\/types\/post"}],"author":[{"embeddable":true,"href":"https:\/\/wp-dev.daten.cool\/index.php?rest_route=\/wp\/v2\/users\/2"}],"replies":[{"embeddable":true,"href":"https:\/\/wp-dev.daten.cool\/index.php?rest_route=%2Fwp%2Fv2%2Fcomments&post=15209"}],"version-history":[{"count":0,"href":"https:\/\/wp-dev.daten.cool\/index.php?rest_route=\/wp\/v2\/posts\/15209\/revisions"}],"wp:featuredmedia":[{"embeddable":true,"href":"https:\/\/wp-dev.daten.cool\/index.php?rest_route=\/wp\/v2\/media\/15211"}],"wp:attachment":[{"href":"https:\/\/wp-dev.daten.cool\/index.php?rest_route=%2Fwp%2Fv2%2Fmedia&parent=15209"}],"wp:term":[{"taxonomy":"category","embeddable":true,"href":"https:\/\/wp-dev.daten.cool\/index.php?rest_route=%2Fwp%2Fv2%2Fcategories&post=15209"},{"taxonomy":"post_tag","embeddable":true,"href":"https:\/\/wp-dev.daten.cool\/index.php?rest_route=%2Fwp%2Fv2%2Ftags&post=15209"}],"curies":[{"name":"wp","href":"https:\/\/api.w.org\/{rel}","templated":true}]}}