{"id":15262,"date":"2019-03-05T14:11:53","date_gmt":"2019-03-05T14:11:53","guid":{"rendered":"https:\/\/www.cilip.de\/?p=15262"},"modified":"2019-03-05T14:11:53","modified_gmt":"2019-03-05T14:11:53","slug":"chronologie-februar-2019","status":"publish","type":"post","link":"https:\/\/wp-dev.daten.cool\/?p=15262","title":{"rendered":"Chronologie Februar 2019"},"content":{"rendered":"<h3>zusammengestellt von Otto Diederichs<\/h3>\n<p>1. Februar: <b>Polizeisch\u00fcsse:<\/b> Bei einer Polizeikontrolle in Berlin <a href=\"https:\/\/www.morgenpost.de\/berlin\/polizeibericht\/article216343973\/Mann-faehrt-Polizisten-an-und-fluechtet-auch-Schuesse-fielen.html\">ergreift ein Autofahrer die Flucht<\/a> und f\u00e4hrt dabei einen Zivilbeamten an. Dieser schie\u00dft daraufhin mehrfach auf die Fahrzeugreifen. Der Fahrer wird wenig sp\u00e4ter festgenommen.<\/p>\n<p><b>Salafismus:<\/b> Laut Bundesinnenministerium (BMI) leben in der Bundesrepublik <a href=\"https:\/\/www.morgenpost.de\/politik\/article216342537\/Mehr-Salafisten-in-Deutschland-die-Zahl-steigt-auf-11-500.html\">etwa 11.500 SalafistInnen<\/a> (2017: 10.800). <a href=\"https:\/\/www.morgenpost.de\/vermischtes\/article216418241\/Amt-schliesst-einzige-muslimische-Kita-in-Rheinland-Pfalz.html\">Am 11. Februar<\/a> verf\u00fcgt das Landesjugendamt Rheinland-Pfalz die Schlie\u00dfung der einzigen muslimischen Kindertagesst\u00e4tte in Mainz zu Ende M\u00e4rz. Hintergrund sei die N\u00e4he des Tr\u00e4gervereins zum Salafismus erkl\u00e4rt das Landesamt.<!--more--><\/p>\n<p><b>Organisierte Kriminalit\u00e4t:<\/b> In K\u00f6ln (NRW) und N\u00fcrnberg (Bayern) <a href=\"https:\/\/www.berliner-zeitung.de\/panorama\/drogen-szenen-in-koeln-und-berlin-polizei-hebt-internationalen-schmuggler-ring-aus-31971688\">nehmen Polizei- und Zollbeamte<\/a> mehrere Mitglieder eines internationalen Drogenschmugglerrings fest. Zwei mutma\u00dfliche Drahtzieher waren bereits im Januar festgenommen worden, wie das Zollkriminalamt (ZKA) mitteilt. Insgesamt wurden in diesem Zusammenhang im letzten halben Jahr <a href=\"http:\/\/www.spiegel.de\/panorama\/Justiz\/nuernberg-festnahmen-bei-schlag-gegen-internationalen-drogenring-a-1251188.html\">laut Staatsanwaltschaft (StA) Hof<\/a> (Bayern) sechs M\u00e4nner festgenommen. <a href=\"https:\/\/www.abendzeitung-muenchen.de\/inhalt.supermaerkte-in-bayern-kokain-in-bananenkisten-gebunkert-anklage-gegen-bandenmitglieder.489c55a4-9efe-4c9e-b9eb-410d882d2ca8.html\">Am 12. Februar<\/a> erhebt die StA Landshut (Bayern) Anklage gegen acht M\u00e4nner, die zwischen Juli 2017 und April 2018 knapp zwei Tonnen Kokain nach Deutschland geschmuggelt haben sollen. Rund 860 Kilo konnte die Polizei sicherstellen. In einer konzertierten Aktion werden im Raum N\u00fcrnberg (Bayern) und in Tschechien 53 Personen eines internationalen Drogenrings festgenommen; verschiedene Drogen im Wert von mehreren 1.000 EUR sowie Waffen werden sichergestellt. Dies teilt die Polizei <a href=\"http:\/\/www.spiegel.de\/panorama\/justiz\/bayern-ermittler-zerschlagen-internationalen-drogenring-dutzende-festnahmen-a-1253239.html\">am 14. Februar<\/a> mit. Am 22. Februar wird bekannt, dass BeamtInnen der StA M\u00fcnchen (Bayern) durch Kontosperrungen in Deutschland und Lettland Betr\u00e4ge russischer Geldw\u00e4scher im Gesamtwert von rund 50 Mio.$ eingefroren haben. Zudem wurden etliche Gewerbeimmobilien und gr\u00f6\u00dfere Mengen Bargeld <a href=\"http:\/\/www.spiegel.de\/wirtschaft\/schwarzgeld-aus-russland-erfolg-gegen-geldwaesche-in-deutschland-a-1254498.html\">beschlagnahmt<\/a>. W\u00e4hrend einer Drogenlieferung werden <a href=\"http:\/\/www.spiegel.de\/panorama\/justiz\/kassel-polizei-gelingt-schlag-gegen-drogenring-a-1255898.html\">am 28. Februar<\/a> von der hessischen Polizei zwei M\u00e4nner festgenommen, die als Kopf einer Drogenbande gelten. Bei weiteren Durchsuchungen von f\u00fcnf Wohnungen in und um Kassel (Hessen) werden weitere vier M\u00e4nner festgenommen; Drogen und Bargeld werden eingezogen.<\/p>\n<p><b>Waffenverbotszonen:<\/b> Von November 2018 bis Januar 2019 wurden in der Berliner S-Bahn <a href=\"https:\/\/www.morgenpost.de\/berlin\/article216348663\/Waffenverbot-in-S-Bahn-363-gefaehrliche-Gegenstaende-gefunden.html\">von der Bundespolizei<\/a> insgesamt 363 Waffen und andere gef\u00e4hrliche Gegenst\u00e4nde beschlagnahmt. Von den rund 7.500 kontrollierten Personen hatten 76 gegen das Waffenverbot versto\u00dfen.<\/p>\n<p>\u201e<b>Reichsb\u00fcrger\u201c:<\/b> Die mit der \u201eReichsb\u00fcrger\u201c-Szene in Verbindung gebrachte B\u00fcrgermeisterin von Bolsterlang (Bayern) <a href=\"http:\/\/www.spiegel.de\/panorama\/justiz\/buergermeisterin-tritt-nach-reichsbuerger-vorw\u00fcrfen-zurueck-a-1251292.html\">tritt von ihrem Amt zur\u00fcck<\/a>. Durch Presseberichte wird <a href=\"https:\/\/www.morgenpost.de\/politik\/article216392707\/Bundeswehr-Geheimdienst-Keine-Belege-fuer-rechte-Netzwerke.html\">am 7. Februar<\/a> bekannt, dass in der Bundeswehr bei der \u00dcberpr\u00fcfung von 270 Soldaten im Jahr 2018 insgesamt 20 \u201eReichsb\u00fcrger\u201c festgestellt wurden (2017: 36). <a href=\"http:\/\/www.spiegel.de\/politik\/deutschland\/bundeswehr-elite-soldat-daniel-k-wegen-reichsbuerger-verdacht-suspendiert-a-1252217.html\">Am gleichen Tag<\/a> best\u00e4tigt die Bundeswehr zudem die Suspendierung eines Offiziers des \u201eKommando Spezialkr\u00e4fte\u201c (KSK), der im Internet Parolen der \u201eReichsb\u00fcrger\u201c verbreitet hatte. Gegen ihn wird <a href=\"https:\/\/www.sueddeutsche.de\/politik\/bundeswehr-ksk-mad-1.4321858\">wegen m\u00f6glicher rechtsextremistischer Bestrebungen ermittelt<\/a>. Vor dem Verwaltungsgericht (VG) M\u00fcnchen (Bayern) beginnen am 20. Februar die ersten f\u00fcnf von rund 50 Verfahren, bei denen der Waffenbesitz von mutma\u00dflichen \u201eReichsb\u00fcrgern\u201c \u00fcberpr\u00fcft wird. Insgesamt werden <a href=\"https:\/\/www.sueddeutsche.de\/muenchen\/reichsbuerger-waffenbesitz-gericht-muenchen-1.4338488\">in Bayern 4.200 Personen den \u201eReichsb\u00fcrgern\u201c zugeordnet<\/a>; 400 von ihnen gelten als \u201eharter Kern\u201c.<\/p>\n<p>2. Februar: <b>Alternative f\u00fcr Deutschland (AfD):<\/b> Mehr als 300 Personen <a href=\"https:\/\/www.berliner-zeitung.de\/berlin\/brandenburg\/-gesicht-zeigen-gegen-rechtsruck--demonstration-gegen-brandenburger-afd-parteitag-31977102\">demonstrieren gegen den AfD-Parteitag<\/a> in Rangsdorf (Brandenburg). <a href=\"https:\/\/www.sueddeutsche.de\/politik\/afd-verfassungsschutz-beobachtung-1.4318681\">Am 4. Februar<\/a> reicht die AfD beim VG K\u00f6ln (NRW) Klage gegen das Bundesamt f\u00fcr Verfassungsschutz (BfV) ein. Hintergrund ist dessen \u00f6ffentliche Benennung der AfD als \u201ePr\u00fcffall\u201c im Januar. <a href=\"https:\/\/www.morgenpost.de\/berlin\/article216395857\/Nur-Luegen-Volkslehrer-fliegt-aus-KZ-Gedenkstaette-Dachau.html\">Am gleichen Tag<\/a> wird bekannt, dass der als selbsternannter \u201eVolkslehrer\u201c bekannt gewordene Berliner Lehrer gemeinsam mit bekannten Rechtsradikalen in der KZ-Gedenkst\u00e4tte Dachau (Bayern) versucht hatte, ein Video \u201egegen den Schuldkult\u201c zu drehen. <a href=\"https:\/\/www.sueddeutsche.de\/muenchen\/kz-gedenkstaette-dachau-nerling-rechtsradikale-1.4320021\">Sie werden des Gel\u00e4ndes verwiesen<\/a> und erhalten Hausverbot. Vor einem Berliner Kino werden <a href=\"https:\/\/www.berliner-zeitung.de\/berlin\/polizei\/vor-dem-kino--international--vier-afd-mitglieder-in-berlin-angegriffen---zwei-verletzt-32019260\">am 10. Februar<\/a> vier AfD-Mitglieder angegriffen. <a href=\"https:\/\/www.berliner-zeitung.de\/berlin\/umstrittenes-afd-lehrerportal-etwa-6800-meldungen-in-berlin-eingegangen-32032470\">Am 12. Februar<\/a> teilt die Berliner AfD-Fraktion mit, dass sich auf ihrem Internet-Portal, bei dem sich Sch\u00fclerInnen und Eltern \u00fcber LehrerInnen beschweren k\u00f6nnen, die sich kritisch zur Partei \u00e4u\u00dfern, seit deren viermonatigen Bestehen rund 6.800 Personen gemeldet h\u00e4tten. Unter Berufung auf Chatverl\u00e4ufe der AfD-Jugendgruppe \u201eJunge Alternative\u201c (JA) wird <a href=\"https:\/\/www.faz.net\/aktuell\/politik\/inland\/junge-alternative-chats-belegen-extremismus-in-afd-parteijugend-16043586.html\">am 15. Februar<\/a> bekannt, dass Diskussionsbeitr\u00e4ge der JA Hessen verfassungswidrige Positionen nahelegen. Auf dem Bundeskongress der JA in Magdeburg (Sachsen-Anhalt) werden <a href=\"https:\/\/www.berliner-zeitung.de\/politik\/afd-nachwuchs-schickt-journalisten-raus-32050020\">am 16. Februar<\/a> JournalistInnen zeitweise ausgeschlossen. Vor dem Landgericht (LG) Dresden (Sachsen) beginnt <a href=\"https:\/\/www.welt.de\/regionales\/sachsen\/article188965847\/Anklage-verlesen-Prozess-gegen-EX-AfD-Chefin-Petry-begonnen.html\">am 18. Februar<\/a> der Meineids-Prozess gegen die fr\u00fchere AfD-Chefin Frauke Petry. Sie steht im Verdacht, im November 2015 vor dem Wahlpr\u00fcfungsausschuss falsch ausgesagt und dies beeidet zu haben. <a href=\"https:\/\/www.tagesspiegel.de\/berlin\/afd-gegen-senatskanzlei-berlin-gericht-weist-afd-klage-gegen-tweet-von-mueller-zurueck\/24015962.html\">Am 20. Februar<\/a> weist das Verfassungsgericht (VerfG) Berlin eine Klage der AfD gegen den Regierenden B\u00fcrgermeister zur\u00fcck. Dieser hatte im Mai 2018 Proteste gegen eine AfD-Demonstration \u00f6ffentlich gutgehei\u00dfen. Durch Presseberichte wird <a href=\"https:\/\/www.berliner-zeitung.de\/politik\/staatsanwaltschaft-bezweifelt-angaben-zu-afd-spendern-32079840\">am 21. Februar<\/a> bekannt, dass die StA Konstanz (Baden-W\u00fcrttemberg) dem Verdacht nachgeht, dass die AfD dem Bundestag eine teilweise gef\u00e4lschte Spenderliste \u00fcbergeben hat. Am 26. Februar entscheidet das Bundesverfassungsgericht (BVerfG), dass das BfV die AfD nicht als \u201ePr\u00fcffall\u201c benennen darf. Hierf\u00fcr enthalte das BfV-Gesetz keine rechtliche Grundlage und sei daher \u201erechtswidrig und unverh\u00e4ltnism\u00e4\u00dfig\u201c (Az: 13 L 202\/19). <a href=\"https:\/\/www.fr.de\/rhein-main\/linke-bleiben-draussen-11809307.html\">Am 27. Februar<\/a> w\u00e4hlt der Hessische Landtag die Mitglieder der Parlamentarischen Kontrollkommission f\u00fcr den Verfassungsschutz (PKK); die AfD erh\u00e4lt dabei keinen Sitz.<\/p>\n<p><b>Gafferproblematik:<\/b> Bei einem schweren Verkehrsunfall bei Bremen <a href=\"https:\/\/www.morgenpost.de\/vermischtes\/article216351807\/Schwerverletzte-bei-Autounfall-40-Gaffer-stoeren-Rettung.html\">behindern etwa 40 Personen die Rettungsarbeiten<\/a> indem sie versuchen, an ein Fahrzeug heranzukommen. In Senden (Bayern) behindern <a href=\"https:\/\/www.berliner-zeitung.de\/panorama\/brand-in-hochhaus-gaffer-behindern-feuerwehr-bei-einsatz---polizei-muss-durchgreifen-31978434\">am gleichen Tag<\/a> Personen den Einsatz von Feuerwehr und Polizei bei einem Hochhausbrand. Bei einem Verkehrsunfall auf der Autobahn bei Unna (NRW) verursachen Gaffer <a href=\"https:\/\/www.berliner-zeitung.de\/panorama\/-unglaubliche-szenen--polizei-veroeffentlicht-gaffer-fotos-nach-lkw-unfall-auf-a1-32006888\">am 7. Februar<\/a> auf der Gegenfahrbahn einen gr\u00f6\u00dferen Stau und mehrere Beinahe-Unf\u00e4lle.<\/p>\n<p><b>Rechtsradikale PolizistInnen:<\/b> Seit 2014 wurden in Bayern gegen neun Polizeibeamtinnen oder -beamte Ermittlungen wegen rechtsextremer Straftaten gef\u00fchrt. <a href=\"https:\/\/www.sueddeutsche.de\/bayern\/rechtsextremismus-polizei-vayern-1.4313890\">Dies gibt das bayerische Innenministerium bekannt<\/a>. <a href=\"http:\/\/www.spiegel.de\/panorama\/justiz\/anwaeltin-seda-basay-yildiz-neuer-drohbrief-geht-bei-polizei-ein-a-1251576.html\">Am 4. Februar<\/a> wird bekannt, dass beim Polizeipr\u00e4sidium Frankfurt\/M. (Hessen) ein neuerliches Schreiben eingegangen ist, in dem die ehemalige Anw\u00e4ltin im NSU-Prozess, Seda Basay Yildiz, bedroht und verunglimpft wird. Als Urheber gelten bislang unbekannte PolizeibeamtInnen.<\/p>\n<p>3. Februar: <b>Polizeisch\u00fcsse:<\/b> Bei einer Fahrzeugkontrolle in Hamburg <a href=\"https:\/\/www.presseportal.de\/blaulicht\/pm\/6337\/4185166\">fl\u00fcchtet der Fahrer zun\u00e4chst<\/a> auf den Gehweg. Daraufhin schie\u00dft ein Polizeibeamter mehrfach auf den Wagen. Als der Fahrer zu Fu\u00df weiter fl\u00fcchtet, wird er kurze Zeit sp\u00e4ter festgenommen. Im Fahrzeug werden Drogen gefunden.<\/p>\n<p><b>Ermittlungen gegen PolizeibeamtInnen:<\/b> Im Zuge eines jahrelangen Missbrauchsfalles an Kindern auf einem Campingplatz in L\u00fcgde (NRW) wird <a href=\"https:\/\/www.faz.net\/aktuell\/gesellschaft\/kriminalitaet\/missbrauch-auf-campingplatz-innenminister-rechnet-mit-noch-mehr-opfern-16022221.html\">gegen zwei Polizeibeamte<\/a> Strafanzeige erstattet. Sie sollen 2016 entsprechenden Hinweisen nicht nachgegangen sein. Durch Presseberichte wird <a href=\"https:\/\/www.welt.de\/vermischtes\/article188274747\/Randale-vor-Baeckerei-in-Fulda-Ermittlungen-wegen-toedlicher-Schuesse-auf-Asylbewerber-eingestellt.html\">am 5. Februar<\/a> bekannt, dass die Ermittlungen gegen einen Polizeibeamten, der im April 2018 in Fulda (Hessen) einen jungen Asylbewerber erschossen hatte, eingestellt wurden (Az: 12 E 4\/19). <a href=\"http:\/\/www.spiegel.de\/panorama\/justiz\/stutgart-polizist-wollte-kollegin-hundeleine-anlegen-ermittlungen-a-1251727.html\">Am gleichen Tag<\/a> wird bekannt, dass gegen drei Beamte der Polizei in Stuttgart (Baden-W\u00fcrttemberg) wegen des Verdachts der versuchten N\u00f6tigung ermittelt wird. Sie hatten versucht bei einem Betriebsausflug im Juli 2018 einer jungen Auszubildenden eine Hundeleine anzulegen. Im Rahmen eines Disziplinarverfahrens wurden sie bereits auf andere Dienststellen versetzt. Gegen einen Berliner Polizeibeamten, der im Januar 2018 bei einer Einsatzfahrt einen t\u00f6dlichen Unfall verursachte, wird <a href=\"https:\/\/www.berliner-zeitung.de\/berlin\/polizei\/toedlicher-unfall-mit-polizeiwagen-polizist-soll-alkoholisiert-gewesen-sein-31995984\">wegen Trunkenheit im Stra\u00dfenverkehr ermittelt<\/a>. Durch Presseberichte wird <a href=\"http:\/\/www.taz.de\/Datenmissbrauch-bei-der-Berliner-Polizei\/!5568687\/\">am 7. Februar<\/a> bekannt, dass die Berliner Polizei im vergangenen Jahr drei Disziplinarfahren gegen Beamte wegen des Versto\u00dfes gegen das Datenschutzgesetz eingeleitet hat. Im Innenausschuss des Berliner Abgeordnetenhauses wird <a href=\"https:\/\/www.berliner-zeitung.de\/berlin\/polizei\/toedlicher-polizei-unfall-verdaechtiger-ist-nicht-mehr-im-dienst-32061402\">am 18. Februar<\/a> bekannt gegeben, dass der Polizeibeamte, der vermutlich betrunken einen t\u00f6dlichen Unfall verursacht hatte, vom Dienst suspendiert wurde. Im Fall des Kindesmissbrauchs von L\u00fcgde (NRW) setzt der Landesinnenminister Herbert Reul (CDU) <a href=\"http:\/\/www.spiegel.de\/panorama\/justiz\/luegde-beweismittel-bei-der-polizei-verschwunden-a-1254495.html\">SonderermittlerInnen ein<\/a>, nachdem festgestellt worden war, dass aus den R\u00e4umen der Polizei Beweismittel verschwunden sind. <a href=\"http:\/\/www.spiegel.de\/panorama\/justiz\/luegde-leitender-beamter-im-skandal-um-verschwundene-beweismittel-suspendiert-a-1254744.html\">Am 22. Februar<\/a> wird der Leiter der ermittelnden Kriminalpolizei Lippe (NRW) suspendiert. <a href=\"http:\/\/www.spiegel.de\/panorama\/justiz\/luedge-polizeidirektor-nach-missbrauchsfall-versetzt-a-1255270.html\">Am 26. Februar<\/a> wird zudem ein Polizeidirektor versetzt. Durch Presseberichte wird <a href=\"http:\/\/www.spiegel.de\/panorama\/justiz\/hamburg-funkgeraete-verschwunden-polizisten-unter-verdacht-a-1255436.html\">am 27. Februar<\/a> bekannt, dass bereits seit 2018 gegen zwei Beamte der Hamburger Polizei wegen des Verdachtes ermittelt wird, neun abh\u00f6rsichere Digitalfunkger\u00e4te unterschlagen zu haben. Sie sind vom Dienst suspendiert. Aus einem Panzerschrank der Polizei in Essen (NRW) sind <a href=\"http:\/\/www.spiegel.de\/panorama\/justiz\/essen-polizei-vermisst-10.000-euro-a-1255650.html\">sichergestellte Gelder in H\u00f6he von knapp 10.000 EUR verschwunden<\/a>. Die StA hat Ermittlungen eingeleitet.<\/p>\n<p><b>Angriffe auf PolizistInnen:<\/b> Am Rande eines Eishockeyspiels in N\u00fcrnberg (Bayern) <a href=\"http:\/\/www.spiegel.de\/panorama\/justiz\/nuernberg-rocker-pruegeln-sich-mit-polizei-nach-eishockeyspiel-a-1251546.html\">greifen Rocker des \u201eGremium MC\u201c die Polizei an<\/a>. Sieben BeamtInnen werden verletzt; gegen vier Rocker werden Ermittlungen eingeleitet. In Berlin werden <a href=\"https:\/\/www.morgenpost.de\/berlin\/polizeibericht\/article216360831\/Blaulicht-Blog-Polizisten-bei-Ausweiskontrolle-in-Mitte-angegriffen-und-verletzt.html\">am gleichen Tag<\/a> ZivilpolizistInnen von drei M\u00e4nnern angegriffen. Sie k\u00f6nnen durch herbeigerufene Unterst\u00fctzung festgenommen werden. Nach einem vorangegangenen Streit unter Autofahrern versucht <a href=\"https:\/\/www.tagesspiegel.de\/berlin\/polizei-justiz\/berlin-reinickendorf-autofahrer-faehrt-auf-polizeibeamtin-zu\/23979758.html\">am 12. Februar<\/a> einer von ihnen eine Polizistin zu \u00fcberfahren; sie kann zur Seite springen und bleibt unverletzt. Um einer Kontrolle zu entgehen, fahrt <a href=\"http:\/\/www.spiegel.de\/panorama\/justiz\/hamburg-autodieb-soll-polizisten-eingequetscht-haben-a-1253490.html\">am 14. Februar<\/a> ein mutma\u00dflicher Autodieb ein Polizisten an und verletzt ihn schwer. Der Mann wird festgenommen. Durch Presseberichte wird <a href=\"http:\/\/www.spiegel.de\/panorama\/justiz\/bielefeld-hells-angels-sollen-polizistin-attackiert-haben-a-1253539.html\">am 15. Februar<\/a> bekannt, dass Rocker der \u201eHells Angels\u201c im November 2018 offenbar versucht hatten, auf der Autobahn bei Bielefeld (NRW) eine Polizistin mit dem Auto abzudr\u00e4ngen. In Berlin verursacht <a href=\"https:\/\/www.berliner-zeitung.de\/berlin\/polizei\/polizeibericht-polizeischueler-baut-betrunken-unfall-und-greift-kollegen-an-32049470\">am 16. Februar<\/a> ein betrunkener Polizeisch\u00fcler einen schweren Unfall und greift anschlie\u00dfend die aufnehmenden Beamten an. Durch Presseberichte wird <a href=\"http:\/\/www.spiegel.de\/panorama\/justiz\/krefeld-mann-wuergte-polizisten-mit-gurt-zu-haftstrafe-verurteilt-a-1254098.html\">am 19. Februar<\/a> bekannt, dass das LG Krefeld (NRW) einen Mann, der mit einem falschen Pass aufgefallen war und daraufhin einen Polizisten mit einem Gurt gew\u00fcrgt hatte, zu einer Haftstrafe von einem Jahr und neun Monaten verurteilt hat. Laut der <a href=\"https:\/\/www.tagesspiegel.de\/berlin\/polizei-justiz\/berliner-polizei-immer-mehr-angriffe-auf-polizeibeamte\/24050740.html\">am 26. Februar<\/a> vorgestellten Polizeilichen Kriminalstatistik (PKS) wurden in Berlin 2018 insgesamt 6.955 PolizeibeamtInnen im Dienst angegriffen (2017: 6.811 \/ 2015: 7.000). Bei einer Personenkontrolle in Essen (NRW) werden <a href=\"https:\/\/www.nrz.de\/staedte\/essen\/brutaler-angreifer-verletzt-polizisten-in-essen-altendorf-id216561617.html\">am 28. Februar<\/a> zwei Polizisten verletzt, als ein Mann versucht, sich gewaltsam der Kontrolle zu entziehen. Durch unterst\u00fctzende BeamtInnen kann er festgenommen werden.<\/p>\n<p><b>Rockerkriminalit\u00e4t:<\/b> Am Rande eines Eishockeyspiels in N\u00fcrnberg (Bayern) <a href=\"http:\/\/www.spiegel.de\/panorama\/justiz\/nuernberg-rocker-pruegeln-sich-mit-polizei-nach-eishockeyspiel-a-1251546.html\">greifen Rocker des \u201eGremium MC\u201c die Polizei an<\/a>. Sieben BeamtInnen werden verletzt; gegen vier Rocker werden Ermittlungen eingeleitet. In M\u00fcnchen (Bayern) durchsucht die Polizei <a href=\"https:\/\/www.sueddeutsche.de\/muenchen\/polizei-rocker-nazi-uniformen-waffen-1.4327332\">am 7. Februar<\/a> die Wohnung eines fr\u00fcheren Rockers. Diverse Waffen und Nazi-Devotionalien werden beschlagnahmt. <a href=\"https:\/\/www.welt.de\/vermischtes\/article188669825\/IS-Prozess-gegen-Abu-Walaa-Ex-Rockerchef-mit-Erinnerungsluecken-Beugehaft.html\">Am 12. Februar<\/a> nimmt das Oberlandesgericht (OLG) Celle (Niedersachsen) den ehemaligen Chef der verbotenen Rockergruppe \u201eSatudarah\u201c in Beugehaft, nachdem er bei der Zeugenaussage in einem Prozess mehrfach die Aussage wegen angeblicher Erinnerungsl\u00fccken verweigert hatte. Durch Presseberichte wird <a href=\"http:\/\/www.spiegel.de\/panorama\/justiz\/bielefeld-hells-angels-sollen-polizistin-attackiert-haben-a-1253539.html\">am 15. Februar<\/a> bekannt, dass Rocker der \u201eHells Angels\u201c im November 2018 offenbar versucht hatten, auf der Autobahn bei Bielefeld (NRW) eine Polizistin mit dem Auto abzudr\u00e4ngen. Im Prozess gegen einen \u201eBordellk\u00f6nig\u201c <a href=\"http:\/\/www.spiegel.de\/panorama\/justiz\/stuttgart-bordellkoenig-zu-fuenf-jahren-haft-verurteilt-a-1255359.html\">stellt das LG Stuttgart (Baden-W\u00fcrttemberg) fest<\/a>, dass dem Mann viele Frauen unter Gewaltanwendung von den Rockergruppen \u201eHells Angels\u201c und \u201eUnited Tribuns\u201c zugef\u00fchrt wurden. Vor dem OLG Hamburg beginnt <a href=\"https:\/\/www.faz.net\/aktuell\/gesellschaft\/kriminalitaet\/auftraggeber-stehen-wegen-versuchten-mordes-an-hells-angels-boss-vor-gericht-16063560.html\">am gleichen Tag<\/a> der Prozess gegen einen Rocker und seine Freundin. Sie sollen einen Mord an einem rivalisierenden Rockerboss in Auftrag gegeben haben.<\/p>\n<p>4. Februar: <b>Prozesse gegen PolizistInnen:<\/b> Die StA Darmstadt (Hessen) erhebt gegen Polizeibeamten <a href=\"https:\/\/www.sueddeutsche.de\/politik\/gruppe-aryans-rechte-gewalt-und-andere-alltaeglichkeiten-1.4322680\">Anklage wegen Geheimnisverrat<\/a>. Er hatte Anfang 2016 Daten aus dem Polizeicomputer an eine Bekannte der Neo-Nazi-Gruppe \u201eAryans\u201c weitergegeben. Der Mann wurde <a href=\"https:\/\/www.faz.net\/aktuell\/gesellschaft\/kriminalitaet\/anklage-gegen-polizisten-wegen-geheimnisverrats-erhoben-16024014.html\">nach Niedersachsen versetzt<\/a>.<\/p>\n<p><b>Rassistische Handlungen:<\/b> Ein Berliner Amtsgericht (AG) <a href=\"https:\/\/www.berliner-zeitung.de\/politik\/facebook-hetze-gegen-fluechtlinge-64-jaehrige-berlinerin-zu-hoher-geldstrafe-verurteilt-31986754\">verurteilt eine 64-j\u00e4hrige Frau<\/a> wegen Volksverhetzung in f\u00fcnf F\u00e4llen zu einer Geldstrafe von 4.600 EUR. Sie hatte auf Facebook gegen Fl\u00fcchtlinge gehetzt. Auf einem Berliner U-Bahnhof geraten Jugendliche <a href=\"https:\/\/www.berliner-zeitung.de\/berlin\/polizei\/polizeibericht-jugendliche-treten-nach-beleidigung-auf-rollstuhlfahrerin-ein-31982314\">am gleichen Tag<\/a> mit einer Rollstuhlfahrerin in Streit und werden daraufhin von ihr rassistisch beschimpft. Daraus entwickelt sich eine k\u00f6rperliche Auseinandersetzung bei der die Frau mehrfach getreten wird. Zwei Jugendliche werden vorl\u00e4ufig festgenommen; ein dritter und die Frau k\u00f6nnen fliehen. Auf einem Gel\u00e4nde in Rostock (Mecklenburg-Vorpommern), auf dem eine Moschee geplant ist, wird <a href=\"http:\/\/www.spiegel.de\/panorama\/justiz\/rostock-schweinekopf-auf-gelaende-abgelegt-polizei-ermittelt-a-1254216.html\">am 19. Februar<\/a> ein Schweinekopf abgelegt.<\/p>\n<p><b>Rechtsradikalismus: B<\/b>ekannte Rechtsradikale haben versucht, in der KZ-Gedenkst\u00e4tte Dachau (Bayern) <a href=\"https:\/\/www.morgenpost.de\/berlin\/article216395857\/Nur-Luegen-Volkslehrer-fliegt-aus-KZ-Gedenkstaette-Dachau.html\">ein Video \u201egegen den Schuldkult\u201c zu drehen<\/a>. Sie wurden des Gel\u00e4ndes verwiesen und erhalten <a href=\"https:\/\/www.sueddeutsche.de\/muenchen\/kz-gedenkstaette-dachau-nerling-rechtsradikale-1.4320021\">Hausverbot<\/a>. Durch eine parlamentarische Anfrage der Linksfraktion im Berliner Abgeordnetenhaus wird <a href=\"https:\/\/www.morgenpost.de\/bezirke\/neukoelln\/article216499019\/50-rechtsradikale-Straftaten-innerhalb-von-drei-Monaten.html\">am 22. Februar<\/a> bekannt, dass im Stadtteil Neuk\u00f6lln von Oktober 2018 bis Ende Januar 2019 insgesamt 50 rechtsradikale Straftaten gez\u00e4hlt wurden (Februar &#8211; Oktober 2018: 119)<\/p>\n<p><b>Rechtsextremistische Terrorgruppe \u201eNationalsozialistischer Untergrund (NSU):<\/b> Die im vergangenen Jahr vom OLG M\u00fcnchen (Bayern) wegen Mitgliedschaft in einer terroristischen Vereinigung und 10-fachen Mordes zu lebenslanger Haft verurteilte Beate Zsch\u00e4pe wird in die Justizvollzugsanstalt (JVA) Chemnitz (Sachsen) <a href=\"http:\/\/www.spiegel.de\/panorama\/justiz\/beate-zsch\u00e4pe-in-chemnitzer-gefaegnis-verlegt-a-1251482.html\">verlegt<\/a>. <a href=\"http:\/\/www.bverwg.de\/de\/pm\/2019\/19\">Am 28. Februar<\/a> entscheidet das Bundesverwaltungsgericht (BVerwG) in Leipzig (Sachsen) zugunsten einer klagenden Zeitung, dass das Verteidigungsministerium Ausz\u00fcge aus Personalakten der Bundeswehr mit Bezug zu dem NSU-Terroristen Uwe Mundlos <a href=\"https:\/\/www.welt.de\/politik\/deutschland\/article189518591\/Uwe-Mundlos-Richter-verpflichten-Ministerium-zur-Herausgabe-der-Akten.html\">herausgeben muss<\/a>.<\/p>\n<p><b>T\u00e4towierte Polizisten:<\/b> Das Oberverwaltungsgericht (OVG) Berlin-Brandenburg <a href=\"https:\/\/www.tagesspiegel.de\/berlin\/beschluss-des-oberverwaltungsgerichts-berliner-polizei-verliert-erneut-im-streit-um-taetowierungen\/23947410.html\">ver\u00f6ffentlicht seinen Beschluss<\/a>, wonach die Berliner Polizei einen Bewerber nicht aus eigenem Ermessen von der Ausbildung ausschlie\u00dfen darf, sofern dessen T\u00e4towierungen nicht gegen Strafgesetze versto\u00dfen (Az: OVG 4 S 52.19).<\/p>\n<p><b>Homophobe Angriffe:<\/b> Im vergangenen Jahr wurden bundesweit <a href=\"https:\/\/www.tagesspiegel.de\/gesellschaft\/queerspiegel\/straftaten-statistik-fuer-2018-zahl-der-homo-und-transfeindlichen-gewalttaten-steigt\/23945998.html\">313 Straftaten gegen Homosexuelle und Transgender-Personen registriert<\/a> (2017: 313); 167 Tatverd\u00e4chtige konnten ermittelt werden. Dies geht aus einer parlamentarischen Anfrage der Gr\u00fcnen-Bundestagsfraktion hervor. In einer Berliner Stra\u00dfenbahn werden zwei junge Frauen von zwei M\u00e4nnern aggressiv <a href=\"https:\/\/www.tagesspiegel.de\/berlin\/polizei-justiz\/zwischen-prenzlauer-berg-und-lichtenberg-frauen-in-tram-homophob-beleidigt-andere-fahrgaeste-schreiten-ein\/23993344.html\">homophob beleidigt<\/a>. Andere Fahrg\u00e4ste schreiten ein und dr\u00e4ngen die M\u00e4nner aus der Bahn.<\/p>\n<p>5. Februar: <b>Rechtsextremismus:<\/b> In Brandenburg wurden 2018 insgesamt <a href=\"https:\/\/www.tagesspiegel.de\/berlin\/innenministerium-wieder-mehr-rechtsextreme-aktivitaeten-in-brandenburg\/23949286.html\">116 rechtsextreme Demonstrationen und Kundgebungen gez\u00e4hlt<\/a> (2017: 99 \/ 2016: 171 \/ 2015: 202). Durch Presseberichte wird <a href=\"https:\/\/www.morgenpost.de\/politik\/article216392707\/Bundeswehr-Geheimdienst-Keine-Belege-fuer-rechte-Netzwerke.html\">am 7. Februar<\/a> bekannt, dass in der Bundeswehr bei der \u00dcberpr\u00fcfung von 270 Soldaten im Jahr 2018 vier Rechtsextremisten festgestellt wurden. \u201eRechte Netzwerke\u201c gebe es jedoch nicht. In M\u00fchlstadt (Hessen) verhindert die Polizei <a href=\"http:\/\/www.spiegel.de\/panorama\/justiz\/muehltal-bei-darmstaft-polizei-verhindert-rechtsextremes-konzert-a-1252551.html\">am 9. Februar<\/a> das Konzert eines rechtsextremen Liedermachers. Alle angetroffenen Personen erhalten einen Platzverweis. Durch eine parlamentarische Anfrage der Linken-Landtagsfraktion wird <a href=\"https:\/\/www.berliner-zeitung.de\/berlin\/brandenburg\/rechtsextreme-partei--dritter-weg--mehr-aktionen-in-brandenburg-registriert-32018754\">am 11. Februar<\/a> bekannt, dass rechtsextreme Partei \u201eDer Dritte Weg\u201c in 2018 insgesamt rund 20 Aktionen in Brandenburg durchgef\u00fchrt hat. <a href=\"https:\/\/www.fr.de\/rhein-main\/rechte-kleinpartei-dritte-weg-erringt-gericht-teilsieg-gegen-fulda-11754107.html\">Am gleichen Tag<\/a> entscheidet das VG Kassel (Hessen), dass die Stadt Fulda ihre Auflagen f\u00fcr eine geplante Demonstration des \u201eDritten Weg\u201c f\u00fcr eine Demonstration anl\u00e4sslich der Bombardierung Dresdens im 2. Weltkrieg reduzieren muss (<a href=\"https:\/\/www.juris.de\/jportal\/portal\/t\/18g1\/page\/homerl.psml?nid=jnachr-JUNA190200304&amp;cmsuri=%2Fjuris%2Fde%2Fnachrichten%2Fzeigenachricht.jsp\">Az: 6 L 288\/19.KS<\/a>). Auf einer Tagung in Potsdam (Brandenburg) beschlie\u00dfen die Verfassungsschutz\u00e4mter <a href=\"https:\/\/www.fr.de\/politik\/russland-deutsche-rechtsextremisten-visier-verfassungsschutzes-11764947.html\">am 12. Februar<\/a>, etwaige Verbindungen Russlands zu rechten deutschen Parteien zu untersuchen und bilden hierzu eine Expertengruppe. In Dresden (Sachsen) demonstrieren <a href=\"https:\/\/www.berliner-zeitung.de\/politik\/neonazi-aufmarsch-und-gegendemonstration-festnahmen-bei-rechtsextremer-demo-in-dresden-32049434\">am 15. Februar<\/a> Rechtsextremisten in einem \u201eGedenkmarsch\u201c gegen die alliierten Luftangriffe im 2. Weltkrieg. 15 Personen werden vor\u00fcbergehend in Gewahrsam genommen. Durch Presseberichte wird <a href=\"http:\/\/www.spiegel.de\/politik\/deutschland\/bundeskriminalamt-zaehlt-immer-mehr-rechtsextreme-gefaehrder-in-deutschland-a-1253413.html\">am gleichen Tag<\/a> bekannt, dass das Bundeskriminalamt (BKA) aktuell 33 Personen als rechte \u201eGef\u00e4hrder\u201c einstuft (2016: 22); weiterhin gelten 111 Personen als \u201erelevante Personen\u201c (2016: 104). Durch Presseberichte wird <a href=\"https:\/\/www.fr.de\/rhein-main\/fuldaer-demonstrieren-gegen-rechten-aufmarsch-11772797.html\">am 17. Februar<\/a> bekannt, dass es bei der Demonstration der rechtsextremen Partei \u201eDritter Weg\u201c gegen die Bombardierung Dresdens in Fulda (Hessen) mit etwa 130 Personen zu f\u00fcnf Festnahmen gekommen ist (GegendemonstrantInnen: rund 1.500). <a href=\"http:\/\/www.spiegel.de\/panorama\/justiz\/thueringen-polizei-durchsucht-wohnungen-von-mutmasslichen-rechtsextremen-a-1254105.html\">Am 19. Februar<\/a> durchsucht die Polizei in Th\u00fcringen, Sachsen und Niedersachsen die Wohnungen von sechs Rechtsextremisten. Sie stehen im Verdacht, rechtsextreme Kameradschaften \u00fcberregional zu vernetzen. <a href=\"http:\/\/www.spiegel.de\/panorama\/justiz\/dresden-polizei-behinderte-journalisten-bei-neonazi-demo-a-1254703.html\">Am 22. Februar<\/a> r\u00e4umt die Polizei in Dresden (Sachsen) ein, dass es beim rechten \u201eGedenkmarsch\u201c vor einer Woche mehrfach zu Behinderungen von Journalisten gekommen ist. Einer Studie des Leibnitz-Zentrum f\u00fcr Europ\u00e4ische Wirtschaftsforschung (ZEW) in Mannheim (Baden-W\u00fcrttemberg) zufolge ist das Risiko von Hassverbrechen wie Volksverhetzung, Hakenkreuz-Schmierereien. k\u00f6rperliche Angriffe oder Brandanschl\u00e4ge in den Ost-Bundesl\u00e4ndern <a href=\"https:\/\/www.berliner-zeitung.de\/politik\/studie-zu-hassverbrechen-ost-bundeslaender-fuer-asylbewerber-zehnmal-gefaehrlicher-32091104\">10mal h\u00f6her als im Westen<\/a>. Erg\u00e4nzend dazu wird <a href=\"https:\/\/www.berliner-zeitung.de\/berlin\/brandenburg\/fremdenhass-rassistisch-motivierte-straftaten-in-brandenburg-auf-hohem-niveau-32095728\">am 25. Februar<\/a> durch eine parlamentarische Anfrage der Linken-Landtagsfraktion bekannt, dass in Brandenburg 2018 insgesamt 127 rechtsextremistische Delikte wie Verwendung verfassungsfeindlicher Kennzeichen, Bedrohung, N\u00f6tigung oder Verleumdung registriert wurden (2017: 73 \/ 2016; 65). Straftaten gegen Fl\u00fcchtlinge oder ihre Unterk\u00fcnfte wurden 234 gez\u00e4hlt (2017: 267). Durch eine parlamentarische Anfrage der Bundestagsvizepr\u00e4sidentin Petra Pau (Linke) wird <a href=\"https:\/\/www.tagesspiegel.de\/politik\/bundesanwaltschaft-zwoelf-verfahren-wegen-rechtem-terror-seit-nsu\/24035418.html\">am gleichen Tag<\/a> bekannt, dass die Bundesanwaltschaft (BAW) von 2012 bis 2018 insgesamt 12 Verfahren gegen Rechtsextremisten wegen Terrorverdachts eingeleitet hat. Zwei Verfahren endeten mit einer Verurteilung, bei sechs anderen gab es keinen hinreichenden Tatverdacht; die \u00fcbrigen Verfahren sind noch nicht abgeschlossen. Vor dem LG Koblenz (Rheinland-Pfalz) <a href=\"http:\/\/www.spiegel.de\/panorama\/justiz\/koblenz-mutmassliche-mitglieder-des-aktionsbueros-mittelrhein-vor-gericht-a-1255146.html\">beginnt der Prozess<\/a> gegen 13 Mitglieder des \u201eAktionsb\u00fcros Mittelrhein\u201c. Ihnen werden Mitgliedschaft in einer kriminellen Vereinigung und Angriffe auf die linke Szene vorgeworfen. Zwei vorangegangene Verfahren waren aus unterschiedlichen Gr\u00fcnden eingestellt worden.<\/p>\n<p><b>Polizeilicher Todesschuss:<\/b> Durch <a href=\"https:\/\/www.welt.de\/vermischtes\/article188274747\/Randale-vor-Baeckerei-in-Fulda-Ermittlungen-wegen-toedlicher-Schuesse-auf-Asylbewerber-eingestellt.html\">Presseberichte<\/a> wird bekannt, dass die Ermittlungen gegen einen Polizeibeamten, der im April 2018 in Fulda (Hessen) einen jungen Asylbewerber erschossen hatte, eingestellt wurden (Az: 12 E 4\/19).<\/p>\n<p><b>Ermittlungen gegen Dschihadisten:<\/b> In K\u00f6ln (NRW) und den Niederlanden <a href=\"http:\/\/www.spiegel.de\/panorama\/justiz\/christian-emde-deutscher-is-mann-wollte-wohl-eigene-mutter-abzocken-a-1251491.html\">durchsucht die Polizei<\/a> die Wohnungen von zwei Syrern. Sie stehen im Verdacht, im Jahr 2017 einen deutschen Dschihadisten dabei unterst\u00fctzt zu haben, seine Mutter um eine gr\u00f6\u00dfere Geldsumme f\u00fcr den Dschihadismus zu betr\u00fcgen. Nachdem eine fr\u00fchere Anh\u00e4ngerin des \u201eIslamischen Staat\u201c (IS) am 11. Februar aus irakischer Haft nach Deutschland zur\u00fcckkommt, leitet der Generalbundesanwalt (GBA) <a href=\"https:\/\/www.sueddeutsche.de\/politik\/is-anhaengerin-deutschland-1.4327187\">Ermittlungen wegen des Verdachts der Mitgliedschaft in einer Terrororganisation<\/a> ein. <a href=\"http:\/\/www.spiegel.de\/politik\/deutschland\/nrw-und-hessen-polizei-durchsucht-wohnungen-von-mutmasslichen-islamisten-a-1254394.html\">Am 21. Februar<\/a> durchsucht die Polizei in Hessen und NRW insgesamt 15 Objekte von mutma\u00dflichen Islamisten, die im Verdacht stehen, eine schwere staatsgef\u00e4hrdende Straftat vorzubereiten. Zwei Personen <a href=\"https:\/\/www.tagesspiegel.de\/politik\/mutmassliche-islamisten-zwei-festnahmen-bei-razzien-in-hessen-und-nrw\/24022394.html\">werden festgenommen<\/a>.<\/p>\n<p>\u201e<b>Sauerland-Gruppe\u201c:<\/b> Nach der Verb\u00fc\u00dfung einer 11-j\u00e4hrigen Haftstrafe wird ein islamistischer Terrorist in die T\u00fcrkei <a href=\"https:\/\/www.faz.net\/aktuell\/politik\/inland\/mitglied-der-sauerland-gruppe-in-die-tuerkei-abgeschoben-16025935.html\">abgeschoben<\/a>. Er hatte als Mitglied der sog. \u201eSauerland.Gruppe\u201c mehrere Sprengstoffanschl\u00e4ge vorbereitet.<\/p>\n<p><b>Love-Parade-Katastrophe:<\/b> Im Prozess um die Love-Parade-Katastrophe mit 21Toten vor dem LG Duisburg (NRW) <a href=\"http:\/\/www.spiegel.de\/panorama\/justiz\/loveparade-staatsanwaltschaft-stimmt-einstellung-von-prozess-zu-a-1251633.html\">stimmt die StA dem Vorschlag des Gerichtes von Mitte Januar zu<\/a>, den Prozess gegen 10 Angeklagte einzustellen. <a href=\"http:\/\/www.spiegel.de\/panorama\/justiz\/loveparade-prozess-landgericht-duisburg-stellt-verfahren-gegen-sieben-angeklagte-ein-a-1251857.html\">Am 6. Februar<\/a> stellt das Gericht daraufhin den Prozess gegen sieben Angeklagte ein; drei hatten der Einstellung widersprochen. Das Verfahren gegen sie geht weiter.<\/p>\n<p><b>Automatische Kennzeichen-Erfassung:<\/b> Das BVerfG <a href=\"https:\/\/www.bundesverfassungsgericht.de\/SharedDocs\/Pressemitteilungen\/DE\/2019\/bvg19-008.htm\">verbietet<\/a> die automatische Kennzeichen-Erfassung zum Abgleich mit Fahndungsdaten in Bayern (Az: 1 BvR 142\/15), Baden-W\u00fcrttemberg (Az: 1 BvR 2795\/09) und Hessen (<a href=\"https:\/\/www.bundesverfassungsgericht.de\/SharedDocs\/Pressemitteilungen\/DE\/2019\/bvg19-009.html\">Az: 1 BvR 3187\/10<\/a>) teilweise. Sie verstie\u00dfen gegen das Recht auf informationelle Selbstbestimmung, <a href=\"http:\/\/www.spiegel.de\/panorama\/justiz\/bundesverfassungsgericht-autokennzeichen-abgleich-zum-teil-verfassungswidrig-a-1251613.html\">so das Gericht<\/a>; die rechtlichen Grundlagen m\u00fcssen bis zum Jahresende nachgebessert werden.<\/p>\n<p><b>Sammelabschiebung:<\/b> Wegen der Pleite der Fluggesellschaft \u201eGermania\u201c <a href=\"http:\/\/www.spiegel.de\/politik\/deutschland\/germania-pleite-bundespolizei-muss-charter-jet-fuer-abschiebung-anmieten-a-1251840.html\">scheitert die geplante Abschiebung<\/a> von 30 AlbanerInnen und 20 KosovarInnen in ihre Heimatl\u00e4nder zun\u00e4chst. Es wird ein Charterjet angemietet. Am 18. Februar werden vom Flughafen Frankfurt\/M. (Hessen) 38 AfghanInnen abgeschoben. Es ist <a href=\"https:\/\/www.welt.de\/politik\/deutschland\/article189017979\/Sammelabschiebung-Flug-mit-38-Afghanen-nach-Kabul-gestartet.html\">die 21. Sammelabschiebung seit Dezember 2016<\/a>.<\/p>\n<p>6. Februar: <b>Rechtsterroristische Gruppe \u201eOldschool Society\u201c:<\/b> Vor dem LG Dresden (Sachsen) <a href=\"http:\/\/www.spiegel.de\/panorama\/justiz\/oldschool-society-prozess-in-dresden-einfach-zecken-roesten-a-1251945.html\">beginnt der Prozess<\/a> wegen Bildung einer terroristischen Vereinigung, Planung eines Sprengstoffanschlages und Versto\u00df gegen das Waffengesetz gegen zwei mutma\u00dfliche Mitglieder der \u201eOldschool Society\u201c.<\/p>\n<p><b>\u00dcberwachung von linken AktivistInnen: <\/b>In Hamburg <a href=\"http:\/\/www.taz.de\/Linker-Infoladen-in-Hamburg-ausgespaeht\/!5568640\/\">entdecken BewohnerInnen eines linken Wohnprojekts<\/a> die polizeiliche Observation ihres Infoladens und einiger Privatr\u00e4ume. Die Kamera ist in einer Coca-Cola-Flasche im gegen\u00fcber liegenden Fenster eines Altenheimes installiert und sollte nach Angaben der Heimleitung der \u00dcberwachung der Drogenszene dienen. Die Polizei verweigert eigene Aussagen. Durch eine parlamentarische Anfrage der Linksfraktion in der Hamburger B\u00fcrgerschaft wird <a href=\"http:\/\/www.taz.de\/Ueberwachungskamera-in-der-Cola-Flasche\/!5570969\/\">am 19. Februar<\/a> bekannt, dass die entdeckte Observation entgegen bisheriger Angaben doch dem linken Wohnprojekt und ihrem Infoladen galt. Sie begann am 7. Dezember 2018 und dauerte bis zur Entdeckung. N\u00e4here Angaben lehnt der Senat ab .<\/p>\n<p><b>Repression gegen L<\/b><b>inks:<\/b> Durch Presseberichte wird <a href=\"https:\/\/www.morgenpost.de\/politik\/article216392707\/Bundeswehr-Geheimdienst-Keine-Belege-fuer-rechte-Netzwerke.html\">am 7. Februar<\/a> bekannt, dass in der Bundeswehr bei der \u00dcberpr\u00fcfung von 270 Soldat_innen im Jahr 2018 zwei vermeintlich Linksextreme festgestellt wurden (2017: 12).<\/p>\n<p>7. Februar: <b>Islamismus:<\/b> In der Bundeswehr wurden bei der \u00dcberpr\u00fcfung von 270 Soldaten im Jahr 2018 <a href=\"https:\/\/www.morgenpost.de\/politik\/article216392707\/Bundeswehr-Geheimdienst-Keine-Belege-fuer-rechte-Netzwerke.html\">drei Islamisten festgestellt<\/a> (Verdachtsf\u00e4lle: 50 \/ 2017: 46). In der Bundesrepublik leben nach Angaben des Berliner Verfassungsschutz-Chefs <a href=\"https:\/\/www.berliner-zeitung.de\/berlin\/polizei\/neue-islamismus-broschuere-verfassungsschutz-warnt-vor-26-000-potenziellen-extremisten-32037016\">vom 13. Februar<\/a> insgesamt etwa 26.000 extremistische Islamisten.<\/p>\n<p><b>Ausl\u00e4nderextremismus:<\/b> Durch <a href=\"https:\/\/www.morgenpost.de\/politik\/article216392707\/Bundeswehr-Geheimdienst-Keine-Belege-fuer-rechte-Netzwerke.html\">Presseberichte<\/a> wird bekannt, dass in der Bundeswehr bei der \u00dcberpr\u00fcfung von 270 Soldaten im Jahr 2018 insgesamt 35 F\u00e4lle von Ausl\u00e4nderextremismus festgestellt wurden (2017: 22).<\/p>\n<p>8. Februar: <b>Bundesnachrichtendienst (BND):<\/b> Mit einem Festakt <a href=\"https:\/\/www.faz.net\/aktuell\/politik\/inland\/merkel-betont-bei-eroeffnung-neuer-bnd-zentrale-bedeutung-des-dienstes-16031336.html\">er\u00f6ffnet Bundeskanzlerin<\/a> Angela Merkel (CDU) offiziell den neuen BND-Standort in Berlin mit rund 3.200 MitarbeiterInnen. Etwa 1.500 weitere der sog. \u201etechnischen Aufkl\u00e4rung\u201c <a href=\"https:\/\/www.tagesspiegel.de\/berlin\/bundesnachrichtendienst-zentrale-umzug-tausender-bnd-mitarbeiter-nach-berlin-ist-abgeschlossen\/23937036.html\">verbleiben am alten Standort<\/a> im bayerischen Pullach; auch das Kasernengel\u00e4nde in Berlin-Lichterfelde bleibt erhalten. Die <a href=\"https:\/\/www.faz.net\/aktuell\/politik\/inland\/merkel-betont-bei-eroeffnung-neuer-bnd-zentrale-bedeutung-des-dienstes-16031336.html\">Baukosten<\/a> betrugen 1,1 Mrd. EUR (urspr\u00fcngliche Planung: 720 Mio. EUR).<\/p>\n<p><b>Fremdenfeindliche Angriffe:<\/b> In Berlin <a href=\"https:\/\/www.tagesspiegel.de\/berlin\/polizei-justiz\/neukoelln-und-marzahn-maedchen-rassistisch-beleidigt-geschlagen-und-mit-spritze-bedroht\/23968502.html\">beschimpft eine Frau ein M\u00e4dchen rassistisch<\/a>, versucht ihr das Kopftuch vom Kopf zu rei\u00dfen und es mit einer offenbar mit Blut gef\u00fcllten Spritze zu stechen. Etwa zur gleichen Zeit schl\u00e4gt in einem anderen Bezirk ein Mann zwei syrischen Jugendlichen mit der Faust ins Gesicht und beleidigt sie rassistisch. In beiden F\u00e4llen sind die T\u00e4ter unbekannt<a href=\"https:\/\/www.tagesspiegel.de\/berlin\/polizei-justiz\/neukoelln-und-marzahn-maedchen-rassistisch-beleidigt-geschlagen-und-mit-spritze-bedroht\/23968502.html).Am\">.<\/a> <a href=\"https:\/\/www.tagesspiegel.de\/berlin\/polizei-justiz\/berlin-hellersdorf-rassistische-attacke-kind-geschlagen-und-getreten\/23969954.html\">Am 9. Februar<\/a> schlagen und treten auf einem Berliner Sportplatz drei Jugendliche einen Jungen nachdem sie ihn gefragt hatten, ob er Ausl\u00e4nder sei. Sie k\u00f6nnen unerkannt fl\u00fcchten. An einer Stra\u00dfenbahnhaltestelle in M\u00fcnchen (Bayern) beschimpft <a href=\"https:\/\/www.sueddeutsche.de\/muenchen\/angriff-rassistisch-may-weber-platz-1.4324109\">am 11. Februar<\/a> ein unbekannter Mann einen Bosnier rassistisch, bespuckt und schl\u00e4gt ihn. <a href=\"http:\/\/www.spiegel.de\/panorama\/justiz\/berlin-14-jaehrige-attackiert-und-rassistisch-beleidigt-a-1253602.html\">Am 16. Februar<\/a> wird in Berlin ein M\u00e4dchen von einem Mann rassistisch beleidigt und geschlagen; sie muss ins Krankenhaus gebracht werden. Wiederum in Berlin wird <a href=\"https:\/\/www.tagesspiegel.de\/berlin\/polizei-justiz\/friedrichshain-kreuzberg-passantin-rassistisch-beleidigt-freund-verletzt\/24004870.html\">am 17. Februar<\/a> eine Frau von vier M\u00e4nnern rassistisch beschimpft und ihr Freund leicht verletzt. Einer Studie des Leibnitz-Zentrum f\u00fcr Europ\u00e4ische Wirtschaftsforschung (ZEW) in Mannheim (Baden-W\u00fcrttemberg) zufolge ist das Risiko von AsylbewerberInnen, Opfer von Hassverbrechen wie k\u00f6rperlichen Angriffen oder Brandanschl\u00e4gen zu werden, in den Ost-Bundesl\u00e4ndern <a href=\"https:\/\/www.berliner-zeitung.de\/politik\/studie-zu-hassverbrechen-ost-bundeslaender-fuer-asylbewerber-zehnmal-gefaehrlicher-32091104\">10mal h\u00f6her als im Westen<\/a>.<\/p>\n<p>9. Februar: <b>Nordrhein-Westf\u00e4lisches Polizeigesetz:<\/b> Erstmalig wenden Polizei und Justiz das neue Polizeigesetz an. Gegen sieben festgenommene Besetzer des Braunkohlegel\u00e4ndes Garzweiler (NRW) wird eine <a href=\"http:\/\/www.taz.de\/Aktivisten-fuenf-Tage-in-Gewahrsam\/!5573430\">f\u00fcnft\u00e4gige Gewahrsamsnahme<\/a> verf\u00fcgt.<\/p>\n<p>11. Februar: <b>Bundesamt f\u00fcr Migration und Fl\u00fcchtlinge (BAMF):<\/b> In der Antwort auf eine parlamentarische Anfrage der Linksfraktion im Bundestag <a href=\"https:\/\/www.faz.net\/aktuell\/politik\/inland\/asylverfahren-dauern-im-durchschnitt-ein-halbes-jahr-16034856.html\">hei\u00dft es<\/a>, dass das BAMF im 3. Quartal 2018 durchschnittlich 6,1 Monate brauchte, um ein Asylverfahren abzuschlie\u00dfen (2. Quartal: 7,3 Monate \/ 1. Quartal: 9,2 Monate).<\/p>\n<p>12. Februar: <b>Verlagsverbote:<\/b> Bundesinnenminister Horst Seehofer (CSU) <a href=\"http:\/\/www.spiegel.de\/politik\/deutschland\/innenminister-horst-seehofer-verbietet-verlagsbetriebe-der-pkk-a-1252813.html\">verf\u00fcgt das Verbot<\/a> von zwei Verlagen, die zur verbotenen kurdischen Arbeiterpartei PKK geh\u00f6ren sollen. Bei Durchsuchungen in NRW und Niedersachsen werden Materialien beschlagnahmt.<\/p>\n<p><b>Rechte und fremdenfeindliche Angriffe auf Fl\u00fcchtlingsheime:<\/b> Durch <a href=\"https:\/\/www.berliner-zeitung.de\/berlin\/brandenburg\/nach-brandanschlag-versicherung-will-schadenersatz-von-ex-npd-politiker-maik-schneider-32027542\">Presseberichte<\/a> wird bekannt, dass eine Versicherung von einem fr\u00fcheren brandenburgischen NPD-Politiker die Kosten f\u00fcr den Wiederaufbau einer Turnhalle in Nauen in H\u00f6he von 2,9 Mio. EUR zur\u00fcckfordert. Die als Fl\u00fcchtlingsunterkunft vorgesehene Halle war von dem NPD-Mann im Sommer 2018 niedergebrannt worden. Durch eine parlamentarische Anfrage der Linken-Landtagsfraktion wird <a href=\"https:\/\/www.berliner-zeitung.de\/berlin\/brandenburg\/fremdenhass-rassistisch-motivierte-straftaten-in-brandenburg-auf-hohem-niveau-32095728\">am 25. Februar bekannt<\/a>, dass in Brandenburg 2018 insgesamt 234 Straftaten gegen Fl\u00fcchtlinge oder ihre Unterk\u00fcnfte gez\u00e4hlt wurden (2017: 267).<\/p>\n<p><b>Verfassungsschutz:<\/b> Auf einer Tagung in Potsdam (Brandenburg) <a href=\"https:\/\/www.fr.de\/politik\/russland-deutsche-rechtsextremisten-visier-verfassungsschutzes-11764947.html\">beschlie\u00dfen die Verfassungsschutz\u00e4mter<\/a>, etwaige Verbindungen Russlands zu rechten deutschen Parteien und deren Einflussnahme auf Landtagswahlen und die Europawahl zu untersuchen und bilden hierzu eine Expertengruppe. <a href=\"http:\/\/www.spiegel.de\/politik\/deutschland\/verfassungsschutz-darf-afd-nicht-prueffall-nennen-a-1255213.html\">Am 26. Februar<\/a> entscheidet das BVerfG, dass das BfV die AfD nicht als \u201ePr\u00fcffall\u201c benennen darf. Hierf\u00fcr enthalte das BfV-Gesetz keine rechtliche Grundlage und sei daher \u201erechtswidrig und unverh\u00e4ltnism\u00e4\u00dfig\u201c (Az: 13 L 202\/19). <a href=\"https:\/\/www.fr.de\/rhein-main\/linke-bleiben-draussen-11809307.html\">Am 27. Februar<\/a> w\u00e4hlt der Hessische Landtag die Mitglieder der Parlamentarischen Kontrollkommission f\u00fcr den Verfassungsschutz (PKK); AfD und Linksfraktion erhalten keine Sitze.<\/p>\n<p>13. Februar: <b>Antisemitische Straftaten:<\/b> Durch eine parlamentarische Anfrage der Linken-Bundestagsfraktion <a href=\"https:\/\/www.tagesspiegel.de\/politik\/antisemitische-kriminalitaet-gewalt-gegen-juden-drastisch-gestiegen\/23980318.html\">wird bekannt<\/a>, dass die Polizei 2018 bundesweit insgesamt 1.546 antisemitische Straftaten registriert hat (2017: 1.504); darunter 62 Gewalttaten (2017: 37).<\/p>\n<p><b>Mutma\u00dfliche Folterer festgenommen:<\/b> In Zweibr\u00fccken (Rheinland-Pfalz) und Berlin l\u00e4sst der GBA zwei syrische Geheimdienstler des Assad-Regimes <a href=\"http:\/\/www.spiegel.de\/politik\/deutschland\/syrien-geheimdienstler-des-assad-regimes-in-deutschland-festgenommen-a-1252852.html\">festnehmen<\/a>. Ihnen wird Beihilfe und Mitt\u00e4terschaft bei Folterungen vorgeworfen.<\/p>\n<p><b>Polizeibeauftragter:<\/b> Die nordrhein-westf\u00e4lische Landesregierung <a href=\"https:\/\/www.behoerden-spiegel.de\/2019\/02\/13\/polizeibeauftragter-fuer-nordrhein-westfalen\">ernennt<\/a> den Polizeihauptkommissar Thorsten Hoffmann zum Polizeibeauftragten von NRW. Er soll als Ansprechpartner f\u00fcr die rund 50.000 Polizeibesch\u00e4ftigten des Bundeslandes fungieren. Das Amt ist weisungsgebunden und direkt beim Innenministerium angesiedelt.<\/p>\n<p>15. Februar: <b>Hambacher Forst:<\/b> Im Innenausschuss des NRW-Landtags <a href=\"https:\/\/www.welt.de\/regionales\/nrw\/article188793981\/Brandsaetze-und-Zwillenbeschuss-1500-Polizeieinsaetze-im-Hambacher-Forst-seit-Oktober-2018.html\">erkl\u00e4rt das Innenministerium<\/a>, dass die Polizei von Anfang 2015 bis Ende 2018 in Zusammenhang mit den Protesten gegen den Kohleabbau im Hambacher Forst knapp 1.700 politisch motivierte Straftaten erfasst hat. Zudem gab es dort von Oktober 2018 bis Ende Januar rund 1.500 Polizeieins\u00e4tze. <a href=\"https:\/\/www.welt.de\/vermischtes\/article189090227\/Hambacher-Forst-Richter-schickt-Aktivistin-in-Haft.html\">Am 20. Februar<\/a> verurteilt das AG Kerpen (NRW) eine im September 2018 festgenommene Aktivistin wegen Widerstand, einfacher und versuchter gef\u00e4hrlicher K\u00f6rperverletzung zu einer neunmonatigen Haftstrafe. <a href=\"https:\/\/www.faz.net\/aktuell\/politik\/inland\/hambacher-forst-soll-bis-zum-herbst-2020-nicht-gerodet-werden-16050983.html\">Am gleichen Tag<\/a> gibt NRW-Ministerpr\u00e4sident Armin Laschet (CDU) bekannt, dass der Energiekonzern RWE zugesichert habe, zumindest bis Herbst 2020 keine Rodungen im Hambacher Forst vorzunehmen.<\/p>\n<p><b>Terroranschlag auf Berliner Weihnachtsmarkt:<\/b> Im Untersuchungsausschuss des Berliner Abgeordnetenhauses <a href=\"https:\/\/www.tagesspiegel.de\/berlin\/untersuchungsausschuss-in-berlin-wollte-das-lka-sonderermittler-jost-amri-akten-vorenthalten\/23992418.html\">beklagt der Sonderermittler<\/a> Bruno Jost, dass er manche Akten des Landeskriminalamtes (LKA) erst nach entsprechender Intervention der Innenverwaltung erhalten habe. Vor dem Untersuchungsausschuss des Bundestages sagt der Leiter des LKA Berlin <a href=\"https:\/\/www.morgenpost.de\/berlin\/article216497729\/LKA-Chef-zu-Aktenmanipulation-Bekamen-wohl-kalte-Fuesse.html\">am 21. Februar<\/a> aus, er gehe davon aus, dass BeamtInnen seines LKA Akten \u00fcber den Attent\u00e4ter Anis Amri nachtr\u00e4glich manipuliert haben.<\/p>\n<p><b>Bodycams:<\/b> Der Personalrat im Bundesinnenministerium <a href=\"https:\/\/www.berliner-zeitung.de\/politik\/kameras-am-koerper-bundespolizei-kann-kuenftig-bodycams-nutzen-32061700\">stimmt dem Einsatz von Bodycams bei der BPol zu<\/a>. Bis zum Jahresende sollen die 2.300 BPol-Beamten nun mit den Bodycams ausger\u00fcstet werden.<\/p>\n<p>17. Februar: <b>Cyberkriminalit\u00e4t:<\/b> Das Bundesamt f\u00fcr Sicherheit in der Informationstechnik (BSI) hat im zweiten Halbjahr 2018 <a href=\"https:\/\/www.welt.de\/politik\/article188864277\/Cyberangriffe-Wasser-und-Stromversorgung-im-Visier-internationaler-Hacker.html\">157 internationale Hackerangriffe<\/a> auf Strom-, Gas- und Wasserversorgungsunternehmen registriert (2017 gesamt: 145).<\/p>\n<p><b>Gewalt gegen Obdachlose:<\/b> In einer Obdachlosenunterkunft in Kleve (NRW) schlagen zwei M\u00e4nner ihren Trinkkumpan im Streit brutal zusammen und <a href=\"https:\/\/www.welt.de\/vermischtes\/article189015049\/Nordrhein-Westfalen-Obdachloser-von-zwei-Maennern-lebensgefaehrlich-verletzt.html\">verletzen ihn lebensgef\u00e4hrlich<\/a>.<\/p>\n<p>21. Februar: <b>Polizeisch\u00fcsse:<\/b> <a href=\"https:\/\/www.morgenpost.de\/berlin\/polizeibericht\/article216496953\/Polizist-schiesst-mit-Maschinenpistole-auf-Fluchtwagen.html\">Mit f\u00fcnf Sch\u00fcssen aus seiner Maschinenpistole<\/a> auf den Fluchtwagen versucht in Berlin ein Polizist, Autodiebe zu stoppen. Die T\u00e4ter entkommen.<\/p>\n<p>22. Februar: <b>Abschiebungen:<\/b> <a href=\"http:\/\/www.spiegel.de\/politik\/deutschland\/fluechtlinge-zahl-der-abschiebungen-in-maghreb-staaten-steigt-offenbar-a-1254537-druck.html\">Laut dem Bundesinnenministerium<\/a> wurden in 2018 insgesamt 369 Personen nach Tunesien abgeschoben (2017: 251); nach Algerien waren es 678 (2017: 504), nach Marokko 826 (2017: 634), nach Russland 422 (2017: 184), nach Armenien 346 (2017: 184), nach Afghanistan 284 (2017: 121), nach Indien 212 (2017: 32), nach Gambia 144 (2017: 31) und nach Ghana 210 (2017: 84). Laut Medien\u00e4u\u00dferungen von Bundesinnenminister Horst Seehofer (CSU) <a href=\"https:\/\/www.tagesspiegel.de\/politik\/innenminister-seehofer-ueber-die-haelfte-der-geplanten-abschiebungen-gescheitert\/24032626.html\">vom 24. Februar<\/a> scheiterten 2018 von geplanten rund 57.000 Abschiebungen etwa 27.000 wegen fehlender Reisedokumente, nicht auffindbarer oder kranker Personen sowie \u201eaktivem passivem Widerstand\u201c. Am 27. Februar wird durch <a href=\"https:\/\/www.abendzeitung-muenchen.de\/inhalt.csu-weist-kritik-zurueck-bayerische-polizisten-beschweren-sich-ueber-abschiebepraxis.f840d65a-217f-4471-80e8-2ae8aba4b280.html\">Presseberichte<\/a> bekannt, dass bayerische Polizeibeamte daher fordern, bei Abschiebungen auch \u201eunmittelbaren Zwang\u201c aus\u00fcben zu d\u00fcrfen. <a href=\"http:\/\/www.spiegel.de\/panorama\/justiz\/abschiebungen-bundespolizei-stoesst-an-belastungsgrenzen-a-1255783.html\">Am gleichen Tag<\/a> konnten bei einem geplanten Abschiebeflug nach Ghana nicht alle zur Abschiebung vorgesehene Personen ausgeflogen werden, weil nicht genug ausgebildete Begleiter der BPol zur Verf\u00fcgung standen .<\/p>\n<p><b>Asyl:<\/b> Von Januar 2017 bis Juni 2018 kam es <a href=\"https:\/\/www.welt.de\/politik\/deutschland\/article189231953\/Asylsuchende-bekommen-immer-seltener-Kirchenasyl.html\">monatlich zwischen 100 und 170 F\u00e4llen von Kirchenasyl<\/a>; im Juli 2018 zu einem H\u00f6chststand von 204 F\u00e4llen. Im August 2018 wurden dann nur noch 57 F\u00e4lle registriert und in den Folgemonaten jeweils rund 50. Dies geht aus einer parlamentarischen Anfrage der Gr\u00fcnen-Bundestagsfraktion hervor.<\/p>\n<p>24. Februar: <b>Rechtsradikale Demonstrationen und Kundgebungen:<\/b> Neo-Nazis <a href=\"https:\/\/www.welt.de\/politik\/deutschland\/article189410601\/Nuernberg-Neonazis-marschieren-auf-ehemaligen-Reichsparteitagsgelaende.html\">ver\u00f6ffentlichen im Internet ein Video<\/a> \u00fcber ihren Fackelmarsch auf dem ehemaligen Reichsparteitagsgel\u00e4nde in N\u00fcrnberg (Bayern) Anfang Februar. Zuvor hatte die Polizei die 18 Demo-Teilnehmer einige 100 Meter vor einer Fl\u00fcchtlingsunterkunft <a href=\"http:\/\/www.spiegel.de\/politik\/deutschland\/nuernberg-polizei-laesst-rechtsextreme-auf-reichsparteitagsgelaende-marschieren-a-1255216.html\">gestoppt und die Personalien aufgenommen<\/a>. Der ausgesprochene Platzverweis war jedoch nicht mehr weiter kontrolliert worden.<\/p>\n<p>25. Februar: <b>Dschihadisten-Prozesse:<\/b> Ein Berliner Kammergericht (KG) <a href=\"https:\/\/www.tagesspiegel.de\/berlin\/berliner-kammergericht-haftstrafe-fuer-unterstuetzer-des-is\/24042332.html\">verurteilt einen Bosnier<\/a> wegen Werbens f\u00fcr die Terrormiliz IS und Volksverhetzung zu einer Gef\u00e4ngnisstrafe von einem Jahr und acht Monaten.<\/p>\n<p><b>Stasi-Gedenkst\u00e4tte:<\/b> Zu einem G\u00fctetermin vor dem Berliner Arbeitsgericht erscheint der fr\u00fchere Vize-Direktor der Stasi-Gedenkst\u00e4tte Helmuth Frauendorfer nicht, <a href=\"https:\/\/www.berliner-zeitung.de\/berlin\/sexismusvorwuerfe-ex-vize-frauendorfer-will-seinen-job-zurueck-32099552\">sondern l\u00e4sst seinen Anwalt erkl\u00e4ren<\/a>, er lehne Entsch\u00e4digungszahlungen ab und wolle wieder eingestellt werden. Fraundorfer war Ende 2018 wegen des Vorwurfs der sexuellen Bel\u00e4stigung von Mitarbeiterinnen entlassen worden; ebenfalls gek\u00fcndigt wurde sein damaliger Vorgesetzter, weil er nicht rechtzeitig dagegen vorgegangen sei.<\/p>\n<p>27. Februar: <b>Aff\u00e4re um ehemaligen Undercover-Agenten Mauss: <\/b>Durch <a href=\"http:\/\/www.taz.de\/Parteispendenaffaere-der-CDU\/!5576956\/\">Presseberichte<\/a> wird bekannt, dass der CDU-Landesverband Rheinland-Pfalz gegen eine Entscheidung des VG Berlin vom April 2017 klagt. Dabei geht es um die R\u00fcckzahlung von mehreren Zigtausend Euro, die die Partei 2016 anonym von dem fr\u00fcheren Undercover-Agenten Werner Mauss erhalten hatte und die daher wegen Versto\u00df gegen das Parteiengesetz eingezogen worden waren.<\/p>\n<p>28. Februar: <b>Polizeilicher Todesschuss: <\/b>In Solingen (NRW) werden Polizeibeamte zu einem Familienstreit gerufen. Kurz nach ihrem Eintreffen werden sie von dem Mann <a href=\"https:\/\/www.nrz.de\/panorama\/blaulicht\/46-jaehriger-stirbt-nach-schuss-eines-polizisten-in-solingen-id216555365.html\">mit einem Messer bedroht<\/a>. Daraufhin schie\u00dft ein Beamter auf ihn und verletzt ihn schwer. Der Mann stirbt im Krankenhaus.<\/p>\n<p><b>T\u00f6dlicher Schie\u00dfunfall:<\/b> In W\u00fcrzburg (Bayern) <a href=\"http:\/\/www.spiegel.de\/panorama\/justiz\/wuerzburg-polizei-azubi-erschiesst-mit-auszubildenden-wohl-versehentlich-a-1255705.html\">schie\u00dft ein Polizeisch\u00fcler<\/a> versehentlich einen Kollegen an; dieser stirbt wenig sp\u00e4ter im Krankenhaus. <a href=\"https:\/\/www.morgenpost.de\/vermischtes\/article216555133\/Polizei-Auszubildender-erschiesst-in-Wuerzburg-Mit-Azubi.html\">Als wahrscheinlich<\/a> gilt eine falsch entladene Waffe; gegen den Sch\u00fctzen wird wegen Verdachts der fahrl\u00e4ssigen T\u00f6tung ermittelt.<\/p>\n<h3>Beitragsbild: Bodycam der Bundespolizei (<a href=\"https:\/\/www.presseportal.de\/blaulicht\/pm\/70116\/3237610\">Bundespolizei<\/a>).<\/h3>\n","protected":false},"excerpt":{"rendered":"<p>zusammengestellt von Otto Diederichs 1. Februar: Polizeisch\u00fcsse: Bei einer Polizeikontrolle in Berlin ergreift ein Autofahrer<\/p>\n","protected":false},"author":2,"featured_media":15267,"comment_status":"open","ping_status":"open","sticky":false,"template":"","format":"standard","meta":{"footnotes":""},"categories":[6],"tags":[667,820,1094,1186,1195,1216],"class_list":["post-15262","post","type-post","status-publish","format-standard","has-post-thumbnail","hentry","category-chronologien","tag-geheimdienste","tag-justiz","tag-polizei","tag-rassismus","tag-rechtsextremismus","tag-repression"],"_links":{"self":[{"href":"https:\/\/wp-dev.daten.cool\/index.php?rest_route=\/wp\/v2\/posts\/15262","targetHints":{"allow":["GET"]}}],"collection":[{"href":"https:\/\/wp-dev.daten.cool\/index.php?rest_route=\/wp\/v2\/posts"}],"about":[{"href":"https:\/\/wp-dev.daten.cool\/index.php?rest_route=\/wp\/v2\/types\/post"}],"author":[{"embeddable":true,"href":"https:\/\/wp-dev.daten.cool\/index.php?rest_route=\/wp\/v2\/users\/2"}],"replies":[{"embeddable":true,"href":"https:\/\/wp-dev.daten.cool\/index.php?rest_route=%2Fwp%2Fv2%2Fcomments&post=15262"}],"version-history":[{"count":0,"href":"https:\/\/wp-dev.daten.cool\/index.php?rest_route=\/wp\/v2\/posts\/15262\/revisions"}],"wp:featuredmedia":[{"embeddable":true,"href":"https:\/\/wp-dev.daten.cool\/index.php?rest_route=\/wp\/v2\/media\/15267"}],"wp:attachment":[{"href":"https:\/\/wp-dev.daten.cool\/index.php?rest_route=%2Fwp%2Fv2%2Fmedia&parent=15262"}],"wp:term":[{"taxonomy":"category","embeddable":true,"href":"https:\/\/wp-dev.daten.cool\/index.php?rest_route=%2Fwp%2Fv2%2Fcategories&post=15262"},{"taxonomy":"post_tag","embeddable":true,"href":"https:\/\/wp-dev.daten.cool\/index.php?rest_route=%2Fwp%2Fv2%2Ftags&post=15262"}],"curies":[{"name":"wp","href":"https:\/\/api.w.org\/{rel}","templated":true}]}}