{"id":15307,"date":"2019-04-23T12:36:50","date_gmt":"2019-04-23T12:36:50","guid":{"rendered":"https:\/\/www.cilip.de\/?p=15307"},"modified":"2019-04-23T12:36:50","modified_gmt":"2019-04-23T12:36:50","slug":"aufraeumen-bei-interpol","status":"publish","type":"post","link":"https:\/\/wp-dev.daten.cool\/?p=15307","title":{"rendered":"Aufr\u00e4umen bei Interpol"},"content":{"rendered":"<p>Die Internationale Kriminalpolizeiliche Organisation Interpol will zehntausende Haftbefehle auf einen m\u00f6glichen Missbrauch zur politischen Verfolgung \u00fcberpr\u00fcfen. Interpol ist nach Artikel 3 der Statuten jede \u201eBet\u00e4tigung oder Mitwirkung in Fragen oder Angelegenheiten politischen, milit\u00e4rischen, religi\u00f6sen oder rassischen Charakters\u201c untersagt. Die internationalen Fahndungen zur Festnahme (die sogenannten \u201eRotecken\u201c) d\u00fcrfen diese Politik nicht unterlaufen. Viele L\u00e4nder nutzen den Interpol-Kanal trotzdem zur politischen Verfolgung.<\/p>\n<p>Interpol speichert Angaben zu ausgeschriebenen Personen, Sachen oder Ausweisdokumenten in sogenannten ASF-Datenbanken (\u201eAutomated Search Facility\u201c). Die ASF-Datei f\u00fcr die Personenfahndung hei\u00dft \u201eNominals\u201c. Dort sind derzeit mehr als 200.000 Personen gespeichert, seit 2014 ist ihre Zahl um 30 Prozent gestiegen. <!--more--><\/p>\n<figure id=\"attachment_15313\" aria-describedby=\"caption-attachment-15313\" style=\"width: 250px\" class=\"wp-caption alignright\"><a href=\"http:\/\/www.cilip.de\/wp-content\/uploads\/2019\/04\/lnterpol-Notices.png\"><img loading=\"lazy\" decoding=\"async\" class=\"size-medium wp-image-15313\" src=\"https:\/\/www.cilip.de\/wp-content\/uploads\/2019\/04\/lnterpol-Notices-250x258.png\" alt=\"\" width=\"250\" height=\"258\" \/><\/a><figcaption id=\"caption-attachment-15313\" class=\"wp-caption-text\">Die \u201eBuntecken\u201c bei Interpol. Nur zwischen 2014 und 2016 ausgestellte \u201eRotecken\u201c werden r\u00fcckwirkend gepr\u00fcft. (Bild: <a href=\"https:\/\/www.interpol.int\/How-we-work\/Notices\">Interpol<\/a>).<\/figcaption><\/figure>\n<p>Die Untersuchung betrifft nur jene Haftbefehle, die zwischen 2014 und 2016 ausgestellt worden sind. Die Bundesregierung gibt deren Zahl mit 80.000 an. Zuerst werden 3.700 auf der Interpol-Webseite ver\u00f6ffentlichte \u201eRotecken\u201c \u00fcberpr\u00fcft.<a href=\"#_ftn1\" name=\"_ftnref1\">[1]<\/a> Nicht durchgesehen werden die \u201eBuntecken\u201c in den Farben Blau (\u201eBitte um den Aufenthaltsort der Ausgeschriebenen\u201c) oder Gr\u00fcn (\u201eWarnungen\u201c), die von Staaten ebenso zur politischen Verfolgung genutzt werden k\u00f6nnten.<\/p>\n<p>Zur \u00dcberpr\u00fcfung des \u201eFahndungsaltbestands\u201c hat Interpol eine Arbeitsgruppe \u201eNotices and Diffusion Task Force\u201c eingerichtet, an der sich neben einer Juristin des Bundeskriminalamts auch Beh\u00f6rden aus der Slowakei, Kroatien, Schweden und der Ukraine beteiligen.<a href=\"#_ftn2\" name=\"_ftnref2\">[2]<\/a> Das Bundesministerium f\u00fcr Justiz und Verbraucherschutz erw\u00e4gt ebenfalls eine Entsendung von Personal aus den Landesjustizverwaltungen.<a href=\"#_ftn3\" name=\"_ftnref3\">[3]<\/a><\/p>\n<p>Im Juni 2014 hatte das Interpol-Sekretariat beschlossen, eingehende Haftbefehle zuk\u00fcnftig genauer zu pr\u00fcfen. Auch die deutschen Regeln zum Umgang mit Interpol-Ersuchen wurden nach der umstrittenen Festnahme des \u00e4gyptischen Journalisten Ahmed Mansour im Jahre 2015 ge\u00e4ndert.<a href=\"#_ftn4\" name=\"_ftnref4\">[4]<\/a> Das Bundeskriminalamt (BKA) hat seitdem in mehr als 26.000 F\u00e4llen dem Bundesamt f\u00fcr Justiz oder dem Ausw\u00e4rtigen Amt Fahndungsersuchen von \u201ebesonderer Bedeutung in politischer, tats\u00e4chlicher oder rechtlicher Beziehung\u201c zur Begutachtung vorgelegt. Wie zu diesen F\u00e4llen entschieden wurde, kann das Bundesinnenministerium nicht erkl\u00e4ren; hier\u00fcber seien keine Statistiken gef\u00fchrt worden.<\/p>\n<p>Seit 2014 erhielten die nationalen Zentralb\u00fcros in 130 F\u00e4llen eine Empfehlung des Interpol-Generalsekretariates zur R\u00fccknahme von Fahndungen. Jedoch entschied die Bundesregierung, f\u00fcnf Ersuchen trotz schwerwiegenden Verdachts nicht auszusondern, sondern als nationale Haftbefehle weiterzuf\u00fchren.<\/p>\n<h6><a href=\"#_ftnref1\" name=\"_ftn1\">[1]<\/a> BT-Drs. 19\/8572 v. 20.3.2019<\/h6>\n<h6><a href=\"#_ftnref2\" name=\"_ftn2\">[2]<\/a> Ratsdok. 5843\/19 v. 29.1.2019<\/h6>\n<h6><a href=\"#_ftnref3\" name=\"_ftn3\">[3]<\/a> BT-Drs. 19\/7046 v. 16.1.2019<\/h6>\n<h6><a href=\"#_ftnref4\" name=\"_ftn4\">[4]<\/a> BT-Drs. 18\/7132 v. 18.12.2015<\/h6>\n","protected":false},"excerpt":{"rendered":"<p>Die Internationale Kriminalpolizeiliche Organisation Interpol will zehntausende Haftbefehle auf einen m\u00f6glichen Missbrauch zur politischen Verfolgung<\/p>\n","protected":false},"author":3,"featured_media":0,"comment_status":"open","ping_status":"open","sticky":false,"template":"","format":"standard","meta":{"footnotes":""},"categories":[123,145],"tags":[],"class_list":["post-15307","post","type-post","status-publish","format-standard","hentry","category-cilip-118-119","category-meldungen-europa"],"_links":{"self":[{"href":"https:\/\/wp-dev.daten.cool\/index.php?rest_route=\/wp\/v2\/posts\/15307","targetHints":{"allow":["GET"]}}],"collection":[{"href":"https:\/\/wp-dev.daten.cool\/index.php?rest_route=\/wp\/v2\/posts"}],"about":[{"href":"https:\/\/wp-dev.daten.cool\/index.php?rest_route=\/wp\/v2\/types\/post"}],"author":[{"embeddable":true,"href":"https:\/\/wp-dev.daten.cool\/index.php?rest_route=\/wp\/v2\/users\/3"}],"replies":[{"embeddable":true,"href":"https:\/\/wp-dev.daten.cool\/index.php?rest_route=%2Fwp%2Fv2%2Fcomments&post=15307"}],"version-history":[{"count":0,"href":"https:\/\/wp-dev.daten.cool\/index.php?rest_route=\/wp\/v2\/posts\/15307\/revisions"}],"wp:attachment":[{"href":"https:\/\/wp-dev.daten.cool\/index.php?rest_route=%2Fwp%2Fv2%2Fmedia&parent=15307"}],"wp:term":[{"taxonomy":"category","embeddable":true,"href":"https:\/\/wp-dev.daten.cool\/index.php?rest_route=%2Fwp%2Fv2%2Fcategories&post=15307"},{"taxonomy":"post_tag","embeddable":true,"href":"https:\/\/wp-dev.daten.cool\/index.php?rest_route=%2Fwp%2Fv2%2Ftags&post=15307"}],"curies":[{"name":"wp","href":"https:\/\/api.w.org\/{rel}","templated":true}]}}