{"id":15310,"date":"2019-04-23T12:40:12","date_gmt":"2019-04-23T12:40:12","guid":{"rendered":"https:\/\/www.cilip.de\/?p=15310"},"modified":"2019-04-23T12:40:12","modified_gmt":"2019-04-23T12:40:12","slug":"eu-vernetzung-von-polizeiakten","status":"publish","type":"post","link":"https:\/\/wp-dev.daten.cool\/?p=15310","title":{"rendered":"EU-Vernetzung von Polizeiakten"},"content":{"rendered":"<p>Die Europ\u00e4ische Union pr\u00fcft die grenz\u00fcberschreitende Vernetzung von Polizeiakten. Damit k\u00f6nnten Ermittlungsbeh\u00f6rden in anderen Mitgliedstaaten abfragen, ob bei einer Polizeidienststelle Informationen \u00fcber Verd\u00e4chtige oder Beschuldigte vorhanden sind. Bislang ist im Rahmen des europ\u00e4ischen Strafregisterinformationssystems (ECRIS) nur der Austausch \u00fcber rechtskr\u00e4ftige Verurteilungen m\u00f6glich.<\/p>\n<p>Seit vielen Jahren fordern einige Regierungen auch die Einf\u00fchrung eines europ\u00e4ischen Polizeiregisterinformationssystems (European Police Records Information System, EPRIS). Dabei w\u00fcrden die Ermittler*innen nach dem \u201eTreffer\/Kein-Treffer-Verfahren\u201c vorgehen: Abfragende Beh\u00f6rden k\u00f6nnen nicht direkt auf Daten in einem anderen Land zugreifen, jedoch nachfragen, ob Erkenntnisse zu bestimmten Personen vorhanden sind. Um die Daten zu bekommen, m\u00fcssen sie ihre Anfrage begr\u00fcnden.<!--more--><\/p>\n<p>In einer Machbarkeitsstudie wurde bereits der \u201egrunds\u00e4tzliche polizeifachliche Bedarf\u201c einer solchen Vernetzung festgestellt. Zur m\u00f6glichen Umsetzung von EPRIS hat die Europ\u00e4ische Kommission im April 2018 das Projekt \u201eAutomation of Data Exchange Processes\u201c (ADEP) gestartet.<a href=\"#_ftn1\" name=\"_ftnref1\">[1]<\/a> ADEP wird von Frankreich geleitet, neben Beh\u00f6rden aus Finnland, Irland und Spanien sind das BKA und Europol daran beteiligt.<a href=\"#_ftn2\" name=\"_ftnref2\">[2]<\/a> In einem Pilotprojekt testet das BKA im Rahmen von ADEP \u201edie Vernetzung dezentraler Datenbest\u00e4nde\u201c. Dabei wird auch das Europol Information System (EIS) abgefragt. Vorerst werden keine echten Polizeiakten ausgetauscht, sondern pseudonymisierte Testdaten. Gegen Ende der Pilotphase sollen aber Tests durchgef\u00fchrt werden, \u201edie so weit wie m\u00f6glich den Bedingungen eines potenziellen Echtbetriebes entsprechen\u201c.<a href=\"#_ftn3\" name=\"_ftnref3\">[3]<\/a><\/p>\n<p>\u00dcber EPRIS k\u00f6nnte auch der seit langem umstrittene Austausch von Daten zu \u201ereisenden Gewaltt\u00e4tern\u201c eingef\u00fchrt werden. Eine solche europaweite \u201eSt\u00f6rerdatei\u201c fordern die verantwortlichen Innenministerien regelm\u00e4\u00dfig nach gr\u00f6\u00dferen Gipfelprotesten. Zuletzt hatten deutsche Politiker*innen nach dem G20-Gipfel eine europ\u00e4ische Datenbank zu \u201ebrutalen Krawalltouristen\u201c ins Spiel gebracht. Fr\u00fchere Anl\u00e4ufe scheiterten jedoch, weil es an einer europaweit gemeinsamen Definition f\u00fcr \u201eSt\u00f6rer\u201c fehlt.<a href=\"#_ftn4\" name=\"_ftnref4\">[4]<\/a><\/p>\n<h6><a href=\"#_ftnref1\" name=\"_ftn1\">[1]<\/a> Ratsdok. 15259\/17 v. 12.12.2017<\/h6>\n<h6><a href=\"#_ftnref2\" name=\"_ftn2\">[2]<\/a> BT-Drs. 19\/7310 v. 24.1.2019<\/h6>\n<h6><a href=\"#_ftnref3\" name=\"_ftn3\">[3]<\/a> BT-Drs. 19\/484 v. 19.1.2018<\/h6>\n<h6><a href=\"#_ftnref4\" name=\"_ftn4\">[4]<\/a> <a href=\"http:\/\/www.cilip.de\/2017\/07\/11\/datenbank-zu-europaeischen-extremisten-wie-soll-der-seit-2001-verfolgte-plan-funktionieren\">www.cilip.de\/2017\/07\/11\/datenbank-zu-europaeischen-extremisten-wie-soll-der-seit-2001-verfolgte-plan-funktionieren<\/a><\/h6>\n<h3>Beitragsbild: <span class=\"media-license-caption\"> <a class=\"\" href=\"https:\/\/unsplash.com\/license\" target=\"_blank\" rel=\"license noopener noreferrer\">Gemeinfrei-\u00e4hnlich freigegeben durch unsplash.com<\/a><\/span>\u00a0<a href=\"https:\/\/unsplash.com\/photos\/ZiQkhI7417A?utm_source=unsplash&amp;utm_medium=referral&amp;utm_content=creditCopyText\">Alina Grubnyak<\/a><\/h3>\n","protected":false},"excerpt":{"rendered":"<p>Die Europ\u00e4ische Union pr\u00fcft die grenz\u00fcberschreitende Vernetzung von Polizeiakten. Damit k\u00f6nnten Ermittlungsbeh\u00f6rden in anderen Mitgliedstaaten<\/p>\n","protected":false},"author":3,"featured_media":15327,"comment_status":"open","ping_status":"open","sticky":false,"template":"","format":"standard","meta":{"footnotes":""},"categories":[123,145],"tags":[],"class_list":["post-15310","post","type-post","status-publish","format-standard","has-post-thumbnail","hentry","category-cilip-118-119","category-meldungen-europa"],"_links":{"self":[{"href":"https:\/\/wp-dev.daten.cool\/index.php?rest_route=\/wp\/v2\/posts\/15310","targetHints":{"allow":["GET"]}}],"collection":[{"href":"https:\/\/wp-dev.daten.cool\/index.php?rest_route=\/wp\/v2\/posts"}],"about":[{"href":"https:\/\/wp-dev.daten.cool\/index.php?rest_route=\/wp\/v2\/types\/post"}],"author":[{"embeddable":true,"href":"https:\/\/wp-dev.daten.cool\/index.php?rest_route=\/wp\/v2\/users\/3"}],"replies":[{"embeddable":true,"href":"https:\/\/wp-dev.daten.cool\/index.php?rest_route=%2Fwp%2Fv2%2Fcomments&post=15310"}],"version-history":[{"count":0,"href":"https:\/\/wp-dev.daten.cool\/index.php?rest_route=\/wp\/v2\/posts\/15310\/revisions"}],"wp:featuredmedia":[{"embeddable":true,"href":"https:\/\/wp-dev.daten.cool\/index.php?rest_route=\/wp\/v2\/media\/15327"}],"wp:attachment":[{"href":"https:\/\/wp-dev.daten.cool\/index.php?rest_route=%2Fwp%2Fv2%2Fmedia&parent=15310"}],"wp:term":[{"taxonomy":"category","embeddable":true,"href":"https:\/\/wp-dev.daten.cool\/index.php?rest_route=%2Fwp%2Fv2%2Fcategories&post=15310"},{"taxonomy":"post_tag","embeddable":true,"href":"https:\/\/wp-dev.daten.cool\/index.php?rest_route=%2Fwp%2Fv2%2Ftags&post=15310"}],"curies":[{"name":"wp","href":"https:\/\/api.w.org\/{rel}","templated":true}]}}