{"id":15545,"date":"2019-06-04T13:30:51","date_gmt":"2019-06-04T13:30:51","guid":{"rendered":"https:\/\/www.cilip.de\/?p=15545"},"modified":"2019-06-04T13:30:51","modified_gmt":"2019-06-04T13:30:51","slug":"redaktionsmitteilung-34","status":"publish","type":"post","link":"https:\/\/wp-dev.daten.cool\/?p=15545","title":{"rendered":"Redaktionsmitteilung"},"content":{"rendered":"<p>Martin Lemke war im Jahre 2005 Vorsitzender der Holtfort-Stiftung, die der CILIP-Redaktion damals ihren Preis verlieh. Lemke machte uns das wohl gr\u00f6\u00dfte Lob, das man einer linken Zeitschrift machen kann: Schon als Student habe er CILIP abonniert und \u201edie Zeitschrift als Quelle regelrecht ausgepl\u00fcndert, um Thesen und Polemiken in Flugbl\u00e4ttern und Aufrufen mit Fakten, wissenschaftlichen Argumenten und konkreten Zahlen zu untermauern.\u201c An Ostern 2019 ist der politische Strafverteidiger aus Hamburg nach l\u00e4ngerer Krankheit gestorben. An unserer Konferenz zum 40j\u00e4hrigen Bestehen von CILIP konnte er nicht mehr teilnehmen. Die Beitr\u00e4ge und Debatten h\u00e4tten ihm sicher zugesagt.<\/p>\n<p>Unter dem Motto <a href=\"https:\/\/www.cilip.de\/institut\/konferenz-40-jahre-cilip\/\">\u201eInnere Sicherheit und soziale Bewegungen\u201c<\/a> diskutierten am 7.\/8. Dezember letzten Jahres rund 200 Personen \u00fcber eine breite Palette von Themen \u2013 \u00fcber das Polizieren der Armut und die politische \u00d6konomie der Inneren Sicherheit, \u00fcber institutionellen Rassismus und \u00fcber das EU-Grenzregime, \u00fcber Demos und Ausnahmezust\u00e4nde, \u00fcber digitale Kontrolle durch die und \u00fcber die demokratische Kontrolle der \u201eSicherheitsbeh\u00f6rden\u201c. <!--more--><\/p>\n<p>Dieses Doppelheft kann nicht s\u00e4mtliche Themen der Konferenz abdecken, wir hoffen jedoch, dass die Leser*innen vieles darin finden, was sie wie seinerzeit Martin Lemke f\u00fcr Flugbl\u00e4tter, Aufrufe und weitere Diskussionen pl\u00fcndern k\u00f6nnen.<\/p>\n<p>An dieser Stelle sei noch einmal den Organisationen gedankt, die die Konferenz und den Druck dieses Heftes unterst\u00fctzten: dem akj Berlin, dem Republikanischer Anw\u00e4ltinnen- und Anw\u00e4lteverein, dem Verein der Linksfraktion im Bundestag, der Rosa-Luxemburg- und der Sebastian Cobler-Stiftung, dem Netzwerk-Selbsthilfe und der Humboldt-Initiative. Unser Dank gilt aber auch Carlotta, Chrissi, K\u00e4the, Lisa, Emil, J\u00f6rn, Olaf und allen andern, die sich an diesen beiden Tagen f\u00fcr uns abgerackert haben.<\/p>\n<p>Die n\u00e4chste Ausgabe von B\u00fcrgerrechte &amp; Polizei\/CILIP wird sich im Schwerpunkt mit dem Zoll befassen.<\/p>\n<h3>Beitragsbild: Aktion gegen die Volksz\u00e4hlung auf dem Kurf\u00fcrstendamm am 9. Mai 1987. Nachdem Demonstrant*innen offizielle Brosch\u00fcren zur Volksz\u00e4hlung verbrannten, ging die Polizei mit Schlagst\u00f6cken und Feuerl\u00f6schern gegen die Menge vor (Peter Homann, Umbruch Bildarchiv).<\/h3>\n","protected":false},"excerpt":{"rendered":"<p>Martin Lemke war im Jahre 2005 Vorsitzender der Holtfort-Stiftung, die der CILIP-Redaktion damals ihren Preis<\/p>\n","protected":false},"author":9,"featured_media":15494,"comment_status":"open","ping_status":"open","sticky":false,"template":"","format":"standard","meta":{"footnotes":""},"categories":[123,141],"tags":[],"class_list":["post-15545","post","type-post","status-publish","format-standard","has-post-thumbnail","hentry","category-cilip-118-119","category-editorials"],"_links":{"self":[{"href":"https:\/\/wp-dev.daten.cool\/index.php?rest_route=\/wp\/v2\/posts\/15545","targetHints":{"allow":["GET"]}}],"collection":[{"href":"https:\/\/wp-dev.daten.cool\/index.php?rest_route=\/wp\/v2\/posts"}],"about":[{"href":"https:\/\/wp-dev.daten.cool\/index.php?rest_route=\/wp\/v2\/types\/post"}],"author":[{"embeddable":true,"href":"https:\/\/wp-dev.daten.cool\/index.php?rest_route=\/wp\/v2\/users\/9"}],"replies":[{"embeddable":true,"href":"https:\/\/wp-dev.daten.cool\/index.php?rest_route=%2Fwp%2Fv2%2Fcomments&post=15545"}],"version-history":[{"count":0,"href":"https:\/\/wp-dev.daten.cool\/index.php?rest_route=\/wp\/v2\/posts\/15545\/revisions"}],"wp:featuredmedia":[{"embeddable":true,"href":"https:\/\/wp-dev.daten.cool\/index.php?rest_route=\/wp\/v2\/media\/15494"}],"wp:attachment":[{"href":"https:\/\/wp-dev.daten.cool\/index.php?rest_route=%2Fwp%2Fv2%2Fmedia&parent=15545"}],"wp:term":[{"taxonomy":"category","embeddable":true,"href":"https:\/\/wp-dev.daten.cool\/index.php?rest_route=%2Fwp%2Fv2%2Fcategories&post=15545"},{"taxonomy":"post_tag","embeddable":true,"href":"https:\/\/wp-dev.daten.cool\/index.php?rest_route=%2Fwp%2Fv2%2Ftags&post=15545"}],"curies":[{"name":"wp","href":"https:\/\/api.w.org\/{rel}","templated":true}]}}