{"id":15656,"date":"2019-07-04T16:07:29","date_gmt":"2019-07-04T16:07:29","guid":{"rendered":"https:\/\/www.cilip.de\/?p=15656"},"modified":"2019-07-04T16:07:29","modified_gmt":"2019-07-04T16:07:29","slug":"chronologie-juni-2019","status":"publish","type":"post","link":"https:\/\/wp-dev.daten.cool\/?p=15656","title":{"rendered":"Chronologie Juni 2019"},"content":{"rendered":"<h3>zusammengestellt von Otto Diederichs<\/h3>\n<p>1. Juni: <strong>Rechtsextremismus:<\/strong> In Chemnitz (Sachsen) demonstrieren etwa <a href=\"https:\/\/www.spiegel.de\/politik\/deutschland\/sachsen-270-neonazis-und-1300-gegendemonstranten-protestieren-in-chemnitz-a-1270374.html\">270 Anh\u00e4nger der NPD-Jugendorganisation<\/a> \u201eJunge Nationaldemokraten\u201c. An zwei Gegendemonstrationen nehmen rund 1.300 Personen teil. Zu Auseinandersetzungen kommt es nicht. In Berlin ruft am 4. Juni ein Mann einem dunkelh\u00e4utigen Passanten <a href=\"https:\/\/www.tagesspiegel.de\/berlin\/polizei-justiz\/berlin-wedding-hitler-ruf-und-rassistische-beleidigung\/24420896.html\">\u201eHeil Hitler\u201c hinterher und beschimpft ihn rassistisch<\/a>. Alarmierte Polizisten stellen seine Personalien fest. Laut nieders\u00e4chsischem Verfassungsschutzbericht 2018 soll es deutschlandweit mittlerweile <a href=\"https:\/\/www.tagesspiegel.de\/gefahr-in-deutschland-nimmt-zu-132-000-rechte-linke-islamistische-und-auslaendische-extremisten\/24422330.html\">24.100 Rechtsextremist*innen<\/a> (2017: 24.000) sowie 19.000 sog. Reichsb\u00fcrger*innen geben. <!--more-->Die Polizei in K\u00f6ln (NRW) teilt mit, dass <a href=\"https:\/\/www.welt.de\/politik\/deutschland\/article194982881\/Koeln-Rechtsextremistische-Flugblaetter-vor-Jahrestag-von-NSU-Anschlag-verteilt.html\">in mehreren Briefk\u00e4sten rechtsextremistische Flugbl\u00e4tter<\/a> aufgetaucht sind, in denen u.a. zur Gewalt gegen Muslime aufgerufen wird. Sie seien vermutlich zwischen Ende Mai und Anfang Juni verteilt worden, aber erst \u00fcber soziale Medien \u00fcberregional bekannt geworden. Durch eine parlamentarische Anfrage der Linke-Bundestagsfraktion wird am 14. Juni bekannt, dass bis Ende M\u00e4rz insgesamt 657 <a href=\"https:\/\/www.morgenpost.de\/politik\/article226164923\/Nicht-zu-fassen-500-gesuchte-Rechtsextreme-auf-freiem-Fuss.html\">Haftbefehle gegen 497 Rechtsextremisten<\/a> nicht vollstreckt werden konnten (Ende September 2018: 605 Haftbefehle, 467 Gesuchte); im gleichen Zeitraum wurden 305 Haftbefehle vollstreckt. Seit 1945 wurden in der Bundesrepublik Medien zufolge <a href=\"https:\/\/www.welt.de\/geschichte\/article195455449\/Walter-Luebcke-Seit-1945-toeteten-Rechtsextremisten-fast-200-Menschen.html\">durch Rechtsextremist*innen fast 200 Personen get\u00f6tet<\/a>, zumeist ausl\u00e4ndische, gefl\u00fcchtete oder asylsuchende Menschen. Laut dem am 19. Juni vorgestellten brandenburgischen Verfassungsschutzbericht 2018 leben dort <a href=\"https:\/\/www.morgenpost.de\/berlin\/article226223557\/Deutlich-mehr-Extremisten-in-Brandenburg.html\">1.675 Rechtsextremist*innen<\/a> (2017: 1.540). Nachdem das Verwaltungsgericht (VG) Dresden (Sachsen) das Alkoholverbot f\u00fcr das Rechtsrockkonzert \u201eSchild und Schwert\u201c (SS) in Ostritz best\u00e4tigt (Az: 6 L 489\/19) hat, <a href=\"https:\/\/www.spiegel.de\/politik\/deutschland\/ostritz-alkoholverbot-bei-neonazi-treff-polizei-holt-4200-liter-bier-ab-a-1273760.html\">beschlagnahmt die Polizei noch vor Beginn umgehend s\u00e4mtliche Alkoholvorr\u00e4te<\/a>, um eventuelle Gewaltt\u00e4tigkeiten m\u00f6glichst einzud\u00e4mmen. Zudem kaufen <a href=\"https:\/\/www.spiegel.de\/politik\/deutschland\/ostritz.in-sachsen-buerger-kaufen-neonazis-das-bier-weg-a-1273834.html\">Ostritzer B\u00fcrger*innen die gesamten Biervorr\u00e4te des Supermarktes<\/a> auf. Gegendemonstrationen <a href=\"https:\/\/www.freiepresse.de\/nachrichten\/sachsen\/strenge-auflagen-bei-neonazi-treffen-artikel10546104\">in Sicht- und H\u00f6rweite des Konzertgel\u00e4ndes verbietet das Oberverwaltungsgericht<\/a> (OVG) Bautzen (Sachsen) (Az: 3 B 177\/19) indes. Laut dem am 27. Juni vorgestellten Verfassungsschutzbericht 2018 des Bundesamtes f\u00fcr Verfassungsschutz (BfV) wurden in Deutschland insgesamt 24.100 Rechtsextremisten registriert (2017: rund 24.000); <a href=\"https:\/\/www.spiegel.de\/politik\/deutschland\/verfassungsschutzbericht-zahl-rechtsextremer-in-deutschland-steigt-a-1274532.html\">davon gelten 12.700 als \u201egewaltorientiert\u201c<\/a>. Von 20.431 festgestellten Straftaten gelten 1.156 als rechtsmotiviert; davon sechs versuchte T\u00f6tungsdelikte. Durch\u00a0 Presseberichte unter Berufung auf BfV-Unterlagen wird am 28. Juni bekannt, dass eine rechtsextreme Gruppe in Mecklenburg-Vorpommern und Brandenburg f\u00fcr Attentate auf politische Gegner versucht hatte, <a href=\"https:\/\/www.tagesspiegel.de\/politik\/200-leichensaecke-und-aertkalk-bestellt-rechtsextremes-netzwek-plante-attentate-auf-politische-gegner\/24505056.html\">rund 200 Leichens\u00e4cke und \u00c4tzkalk zu bestellen<\/a>.<\/p>\n<p><strong>Homophobe Angriffe:<\/strong> In einem Berliner Schnellimbiss beleidigt ein Mann einen anderen Gast zun\u00e4chst <a href=\"https:\/\/www.morgenpost.de\/berlin\/polizeibericht\/article225896987\/Blaulicht-Blog-Gast-homophob-beleidigt-und-geschlagen.html\">homophob und schl\u00e4gt ihm danach ins Gesicht<\/a>. Der T\u00e4ter fl\u00fcchtet. Am 5. Juni beleidigt und schl\u00e4gt ein Unbekannter in Berlin <a href=\"https:\/\/www.berliner-zeitung.de\/berlin\/polizei\/polizeibericht-mann-wird-in-der-sonnenallee-verpruegelt\u2014wei-er-ein-kleid-traegt-32206520\">einen anderen Mann ins Gesicht, weil dieser ein Kleid tr\u00e4gt<\/a>. Er kann entkommen. Wiederum in Berlin bekommt am 9. Juni ein Mann, der sich vor einer Schwulenbar mit einem anderen Mann unterh\u00e4lt, aus einer Gruppe heraus <a href=\"https:\/\/www.tagesspiegel.de\/berlin\/vor-schwulenbar-in-schoeneberg-58-jaehriger-mit-reizgas-attackiert\/24440212.html\">Reizgas ins Gesicht gespr\u00fcht<\/a>. Er wird leicht verletzt, die T\u00e4ter*innen k\u00f6nnen unerkannt entkommen. Am 23. Juni wird in Berlin eine <a href=\"https:\/\/www.morgenpost.de\/berlin\/polizeibericht\/article226269127\/Blaulicht-Blog-Lesbische-Frau-von-Jugendlichen-angegriffen.html\">lesbische Frau von mehrere Jugendlichen geschubst und getreten<\/a>; die T\u00e4ter*innen k\u00f6nnen fl\u00fcchten.<\/p>\n<p><strong>Drogenfahndung:<\/strong> Aufgrund eines Tipps durchsuchen Bundespolizei (BPol) und Zoll an der deutsch-polnischen Grenze bei Frankfurt\/O. (Brandenburg) einen LKW aus Kirgisistan. <a href=\"https:\/\/www.morgenpost.de\/brandenburg\/article226209841\/690-Kilogramm-Heroin-in-Frankfurt-Oder-in-LKW-entdeckt.html\">670 Kilo Heroin werden beschlagnahmt<\/a>. In einer gro\u00dfangelegten <a href=\"https:\/\/www.morgenpost.de\/berlin\/polizeibericht\/article226315141\/Razzia-in-Berlin-Polizei-stellt-in-Shisha-Bars-Drogen-und-Waffen-sicher.html\">Razzia durchsucht die Polizei in Berlin am 27. Juni mehrere Shisha-Bars und Caf\u00e9s<\/a>; mehrere Kilogramm Drogen werden beschlagnahmt.<\/p>\n<p>Durch Presseberichte wird am 28. Juni bekannt, dass das Bundeskriminalamt (BKA) einen gro\u00dfen <a href=\"https:\/\/www.spiegel.de\/panorama\/justiz\/drogen-onlineshop-groesster-rauschgift-internet-marktplatz-zerschlagen-a-1274762.html\">Drogen-Onlineshop namens \u201eChemical Revolution\u201c ausgehoben hat<\/a>; elf Personen werden festgenommen.<\/p>\n<p>2. Juni: <strong>Rechtsextremer Mordanschlag:<\/strong> In Wolfhagen-Istha (Hessen) wird der Kasseler Regierungspr\u00e4sident Walter L\u00fcbcke (CDU) erschossen vor seinem Wohnhaus aufgefunden. Er hatte sich mehrfach f\u00fcr die Rechte von Asylbewerbern eingesetzt und war daf\u00fcr angefeindet worden. Aufgrund einer DNA-Spur nimmt die Polizei am 15. Juni <a href=\"https:\/\/www.sueddeutsche.de\/panorama\/luebcke-festnahme-hessen-1.4488828\">den Rechtsextremisten Stephan E. fest<\/a>. Medien berichten am 17. Juni, dass E. <a href=\"https:\/\/www.spiegel.de\/panorama\/justiz\/walter-luebcke-verdaechtiger-hatte-offenbar-kontakt-zu-neonazis-a-1272817.html\">im Umfeld der NPD aktiv war, mehrfach durch Gewaltdelikte auffiel und auch im NSU-Untersuchungsausschuss<\/a> des hessischen Landtags schon einmal Thema war. Durch weitere Presseberichte vom 18. Juni wird bekannt, dass ein Zeuge einen Schuss geh\u00f6rt hatte und wenige Minuten darauf <a href=\"https:\/\/www.sueddeutsche.de\/politik\/luebcke-taeter-rechtsextremismus-stephan-1.4490756\">zwei Autos bemerkt hatte, die in \u201eaggressiver Manier\u201c durch den Ort davon fuhren<\/a>. Nach dem <a href=\"https:\/\/www.spiegel.de\/politik\/deutschland\/koeln-oberbuergermeisterin-henriette-reker-erhielt-morddrohung-a-1273309.html\">Mord an L\u00fcbcke erhalten auch weitere Politiker*innen Morddrohungen<\/a>. Am 21. Juni wird zudem berichtet, dass Walter <a href=\"https:\/\/www.spiegel.de\/panorama\/justiz\/walter-luebcke-stand-auf-liste-des-nsu-a-1273763.html\">L\u00fcbcke auch bereits auf der Mordliste des \u201eNationalsozialistischen Untergrunds\u201c (NSU)<\/a> stand, die den Sicherheitsbeh\u00f6rden seit 2011 bekannt ist. Am 26. Juni wird berichtet, dass der Verd\u00e4chtige <a href=\"https:\/\/www.spiegel.de\/panorama\/justiz\/walter-luebcke-stephan-e-legt-gestaendnis-ab-a-1274335.html\">Stephan E. ein Gest\u00e4ndnis abgelegt hat<\/a>; er habe allein geplant und gehandelt. Die Sicherheitsbeh\u00f6rden ermitteln indes weiter in Richtung eventueller Kompliz*innen und Mitwissenden. Die Presse vermeldet am 27. Juni, dass die Polizei aufgrund des Gest\u00e4ndnis <a href=\"https:\/\/www.spiegel.de\/politik\/deutschland\/fall-walter-luebcke-zwei-weitere-festnahmen-waffenlieferant-und-vermittler-gefasst-a-1274544.html\">zwei weitere Personen wegen Beihilfe zum Mord festgenommen und ein Waffenversteck entdeckt<\/a> hat. Am gleichen Tag wird auf einer Bauplane in Berlin der <a href=\"https:\/\/www.tagesspiegel.de\/berlin\/polizei-justiz\/luebcke-hat-bezahlt-merkel-noch-nicht-staatsschutz-ermittelt-nach-schmiererei-in-berlin-mitte\/24504572.html\">Schriftzug \u201eL\u00fcbcke hat bezahlt, Merkel noch nicht\u201c entdeckt<\/a>.<\/p>\n<p><strong>Polizeischuss:<\/strong> Als die Polizei in Hamburg einen Autofahrer kontrollieren will, gibt dieser Gas und fl\u00fcchtet. Als es mehreren Polizeifahrzeugen gelingt, den Wagen einzukesseln und zu stoppen, f\u00e4hrt dieser auf einen ausgestiegenen Polizeibeamten zu. <a href=\"https:\/\/www.mopo.de\/hamburg\/polizei\/bei-kontrolle-in-hamburg-polizist-stoppt-rambo-fahrer-mit-einem-schuss-32637148\">Dieser gibt einen Schuss ab und verletzt den Fahrer leicht<\/a>. Im Wagen werden Drogen gefunden.<\/p>\n<p><strong>Ermittlungen gegen Polizeibeamte:<\/strong> Die Staatsanwaltschaft (StA) Frankfurt\/M. (Hessen) ermittelt weiterhin gegen zwei Polizeibeamte <a href=\"https:\/\/fr.de\/frankfurt\/todesursache-noch-nicht-geklaert-12337361.html\">wegen des Verdachts der K\u00f6rperverletzung im Amt mit Todesfolge<\/a>. Sie hatten Ende April einen Mann mit einem Elektroschocker (Taser) beschossen. Er war sp\u00e4ter im Krankenhaus gestorben. Auch <a href=\"https:\/\/fr.de\/frankfurt\/langwierige-ermittlung-12337214.html\">gegen sechs weitere Frankfurter Polizeibeamt*innen<\/a> wird noch ermittelt, die Anfang Juni 2017 einen psychisch auff\u00e4lligen Mann w\u00e4hrend einer R\u00e4umungsklage auf seinem Bett fixiert hatten. Auch dieser Mann war gestorben. Am 3. Juni wird bekannt, dass <a href=\"https:\/\/www.berliner-zeitung.de\/berlin\/unklare-rechtslage-fuenf-berliner-polizisten-angezeigt-weil-sie-ihren-job-machten-32644316\">gegen f\u00fcnf Berliner Polizeibeamt*innen Anzeige wegen Hausfriedensbruch<\/a> erstattet wurde. Hintergrund sind unterschiedliche Rechtsauffassungen zwischen Innen- und Sozialverwaltung dar\u00fcber, ob die Polizei im Rahmen von Abschiebungen Fl\u00fcchtlingsunterk\u00fcnfte betreten darf. Am 4. Juni wird berichtet, dass gegen einen Beamten der Polizei in M\u00fcnchen (Bayern), der mehrfach Geschenke angenommen haben soll ohne dies zu melden, <a href=\"https:\/\/www.spiegel.de\/panorama\/justiz\/muenchen-bayerischer-polizist-soll-geschenke-angenommen-haben-a-1270827.html\">ein Disziplinarverfahren und strafrechtliche Ermittlungen eingeleitet<\/a> wurden. Medien vermelden am 8. Juni, dass die StA L\u00fcbeck (Schleswig-Holstein) gegen einen Auszubildenden der Polizeischule Eutin <a href=\"http:\/\/www.taz.de\/Erneute-Ermittlungen-in-Eutin\/!5599614\/\">Ermittlungen wegen des Anfangsverdachtes der Volksverhetzung<\/a> eingeleitet hat. Er hatte sich im August 2018 mit Hakenkreuzbinde und Wehrmachtsm\u00fctze fotografieren lassen; ebenso waren rechte Chats bekannt geworden. Aus der Polizei wurde der Anw\u00e4rter bereits entlassen. Presseberichten vom 13. Juni zufolge hat ein <a href=\"https:\/\/www.morgenpost.de\/berlin\/polizeibericht\/article226158735\/Polizist-verursacht-Unfall-nach-Koks-Konsum.html\">Polizist in Berlin Mitte M\u00e4rz unter Kokain-Einfluss einen Verkehrsunfall<\/a> verursacht. Gegen den Mann wird wegen des Unfalls unter Drogeneinfluss ermittelt; er ist weiterhin im Dienst. Am 28. Juni teilt die K\u00f6lner Polizei mit, dass ein Angestellter der Asservatenkammer abgemahnt und auf eine andere Dienststelle versetzt wurde. Der Mann hatte <a href=\"https:\/\/www.morgenpost.de\/vermischtes\/article226317467\/Beweismittel-nicht-auffindbar-Chaos-bei-der-Koelner-Polizei.html\">beschlagnahmte Gegenst\u00e4nde und Beweismittel \u00fcber einen l\u00e4ngeren Zeitraum ungeordnet abgelegt und nicht entsprechend vermerkt<\/a>. Vorherige Ermittlungen wegen Unterschlagung hatten sich nicht best\u00e4tigt und waren eingestellt worden.<\/p>\n<p><strong>Taser:<\/strong> Der Mann, der Ende April von Polizeibeamt*innen mit einem Taser (Elektroschocker) beschossen wurde, ist Ende Mai in einem Krankenhaus verstorben. Dies wird durch Presseberichte bekannt. Die StA Frankfurt\/M. ermittelt wegen des Verdachts der <a href=\"https:\/\/fr.de\/frankfurt\/todesursache-noch-nicht-geklaert-12337361.html\">K\u00f6rperverletzung im Amt mit Todesfolge<\/a>. Durch eine parlamentarische Anfrage der FDP-Landtagsfraktion wird am 13. Juni bekannt, dass die hessische Polizei im diesem Jahr bisher <a href=\"https:\/\/www.fr.de\/rhein-main\/polizei-griff-oefter-schusswaffe-12390398.html\">in insgesamt 11 F\u00e4llen einen Taser einsetzte<\/a>. Am 24. Juni dringt in Berlin ein psychisch gest\u00f6rter Mann nackt in ein Maler-Atelier ein. Nachdem er die alarmierten Polizist*innen mit einem Messer angreift und diese <a href=\"https:\/\/www.morgenpost.de\/berlin\/polizeibericht\/article226283779\/Nackt-in-Atelier-in-Friedenau-Polizist-schiesst-auf-Einbrecher.html\">einen Schuss abgeben, \u00fcberw\u00e4ltigen herbeigerufene Sondereinsatzkr\u00e4fte ihn mit einem Taser<\/a>.<\/p>\n<p>3. Juni: <strong>Rechtsextremistische Terrorgruppe \u201eNationalsozialistischer Untergrund (NSU):<\/strong> Nach dreij\u00e4hriger Arbeit legt der <a href=\"https:\/\/www.tagesspiegel.de\/berlin\/nsu-untersuchungsausschuss-in-brandenburg-rechtsextremistische-gefahr-unterschaetzt\/24413852.html\">brandenburgische NSU-Untersuchungsausschuss seinen Abschlussbericht<\/a> vor. Ein einheitliches Votum gibt es nicht, auch fehlen die vom Parlament angeforderten Schlussfolgerungen f\u00fcr die k\u00fcnftige Abwehr von Rechtsextremismus, parlamentarische Kontrolle von Polizei und Verfassungsschutz sowie Opferschutz. Nach Angabe des Obmanns der Linksfraktion im beendeten brandenburgischen NSU-Untersuchungsausschuss vom 5. Juni gibt es in den Unterlagen Hinweise darauf, dass der heutige Pr\u00e4sident des Jandesamtes f\u00fcr Verfassungsschutz (LfV) Sachsen, Gordian Meyer-Plath, im Jahr 2018 als damaliger Mitarbeiter des LfV Brandenburg <a href=\"https:\/\/www.tagesspiegel.de\/berlin\/nach-dem-nsu-untersuchungsausschuss-vorwurf-der-falschaussage-gegen-sachsens-verfassungsschutzchef\/24426270.html\">Falschaussagen zu seiner Verbindung zum V-Mann \u201ePiatto\u201c<\/a> gemacht hat. Am Nachmittag des 9. Juni findet in K\u00f6ln (NRW) anl\u00e4sslich des 15. Jahrestages des NSU-Nagelbomben-Attentats in der <a href=\"https:\/\/www.ksta.de\/koeln\/gedenkfeier-auf-der-keupstrasse-sahin-bittet-um-entschuldigung-und-plaediert-fuer-denkmal-32673960\">Keupstra\u00dfe eine Gedenkfeier<\/a> statt. Mehrere Hundert Menschen nehmen daran teil. <a href=\"https:\/\/www.morgenpost.de\/politik\/inland\/article226113579\/Ditib-Mangelnde-Anteilnahme-trotz-Hetze-gegen-Muslime.html\">22 Menschen waren damals verletzt worden, vier davon schwer<\/a>. Durch weitere Presseberichte vom 21. Juni wird bekannt, dass der zu Monatsbeginn einem rechtsextremen Mordanschlag zum Opfer gefallene Kassler Regierungspr\u00e4sident Walter L\u00fcbcke (CDU) auch <a href=\"https:\/\/www.spiegel.de\/panorama\/justiz\/walter-luebcke-stand-auf-liste-des-nsu-a-1273763.html\">bereits auf der Mordliste des NSU stand<\/a>, die den Sicherheitsbeh\u00f6rden seit 2011 bekannt ist.<\/p>\n<p><strong>Abschiebungen:<\/strong> Durch Presseberichte wird bekannt, dass gegen f\u00fcnf <a href=\"https:\/\/www.berliner-zeitung.de\/berlin\/unklare-rechtslage-fuenf-berliner-polizisten-angezeigt-weil-sie-ihren-job-machten-32644316\">Berliner Polizeibeamt*innen Anzeige wegen Hausfriedensbruch<\/a> erstattet wurde. Hintergrund sind unterschiedliche Rechtsauffassungen zwischen Innen- und Sozialverwaltung dar\u00fcber, ob die Polizei im Rahmen von Abschiebungen Fl\u00fcchtlingsunterk\u00fcnfte betreten darf. Am 7. Juni <a href=\"https:\/\/www.spiegel.de\/politik\/deutschland\/migrationspakt-bundestag-beschliesst-haertere-regeln-fuer-abschiebungen-a-1271348.html\">verabschiedet der Bundestag das sog. \u201eGeordnete R\u00fcckkehr-Gesetz\u201c<\/a>, mit dem Voraussetzungen f\u00fcr einen Abschiebegewahrsam gesenkt werden und eine Unterbringung von Abschiebeh\u00e4ftlingen in normalen Gef\u00e4ngnissen erlaubt wird. Daneben enth\u00e4lt es auch Versch\u00e4rfungen des Asylrechts. Um seiner Abschiebung zu entgehen, springt in Baienfurt (Baden-W\u00fcrttemberg) am 15. Juni <a href=\"https:\/\/www.spiegel.de\/panorama\/justiz\/baienfurt-flucht-vor-abschiebung-asylbewerber-stirbt-bei-sprung-aus-fenster-a-1272591.html\">ein algerischer Asylbewerber aus dem Fenster seines Zimmers im dritten Stock<\/a>; der Mann stirbt. Da sich zwei ihrer minderj\u00e4hrigen T\u00f6chter gerade nicht im Haus befinden als eine tschetschenische Familie am 6. Juni abgeholt wird, wird <a href=\"https:\/\/www.tagesspiegel.de\/berlin\/abschiebung-in-brandenburg-ploetzlich-ohne-mutter-undvater\/24461998.html\">die Familie ohne die beiden M\u00e4dchen abgeschoben<\/a>. Am 28. Juni stimmt der <a href=\"https:\/\/www.spiegel.de\/politik\/deutschland\/bundesrat-billigt-migrationspaket-der-grossen-koalition-a-1274842.html\">Bundesrat dem \u201eGeordnete R\u00fcckkehr- und Fachkr\u00e4fteeinwanderungsgesetz\u201c zu<\/a>, mit dem u.a. die Befugnisse von Polizei und Ausl\u00e4nderbeh\u00f6rden bei Abschiebungen ausgeweitet werden.<\/p>\n<p><strong>Rockerkriminalit\u00e4t:<\/strong> Das Landgericht (LG) Hamburg verurteilt zwei M\u00e4nner, die im August 2018 auf einen rivalisierenden Rocker der \u201eHells Angels\u201c geschossen hatten, <a href=\"https:\/\/www.faz.net\/aktuell\/gesellschaft\/kriminalitaet\/lange-haftstrafen-fuer-schuesse-auf-hamburger-rockerboss-16219112.html\">zu Haftstrafen von lebenslang und zw\u00f6lfeinhalb Jahren<\/a>. Das Opfer ist seither querschnittsgel\u00e4hmt. Am 4. Juni verurteilt ein Gericht in Leipzig (Sachsen) vier Rocker der \u201eHells Angels\u201c wegen gemeinschaftlichen Mordes, versuchten Mordes und gef\u00e4hrlicher K\u00f6rperverletzung <a href=\"https:\/\/www.spiegel.de\/panorama\/justiz\/mordprozess-in-leipzig-lebenslange-freiheitsstrafen-fuer-hells-angels-a-1270807.html\">an zwei Mitgliedern der rivalisierenden \u201eUnited Tribuns\u201c im Sommer 2016 zu lebenslangen Haftstrafen<\/a>.<\/p>\n<p>4. Juni: <strong>Rassistische Handlungen: <\/strong>In Berlin beleidigt ein Mann einen dunkelh\u00e4utigen <a href=\"https:\/\/www.tagesspiegel.de\/berlin\/polizei-justiz\/berlin-wedding-hitler-ruf-und-rassistische-beleidigung\/24420896.html\">Passanten rassistisch und ruft ihm \u201eHeil Hitler\u201c hinterher<\/a>. Alarmierte Polizisten stellen seine Personalien fest. Am 7. Juni beleidigen auf einem U-Bahnhof in Berlin <a href=\"https:\/\/www.tagesspiegel.de\/berlin\/polizei-justiz\/berlin-mitte-senioren-beleidigen-frauen-mit-kopftuch\/24438694.html\">zwei \u00e4ltere Ehepaare zwei kopftuchtragende Frauen rassistisch<\/a>. Sie werden vor\u00fcbergehend festgenommen. Erneut werden am 15. Juni in Berlin <a href=\"https:\/\/www.berliner-zeitung.de\/berlin\/polizei\/staatsschutz-ermittelt-frauen-fremdenfeindlich-bepoebelt-32704800\">drei Frauen wegen ihrer Kopft\u00fccher rassistisch bep\u00f6belt<\/a>. Vor einem Restaurant in Berlin beleidigt am 19. Juni ein Mann zwei Frauen rassistisch. <a href=\"https:\/\/www.berliner-zeitung.de\/berlin\/polizei\/polizeibericht-kopftuchstreit-muendet-in-schlaegerei-vor-restaurant-32206520\">Daraus entwickelt sich eine Schl\u00e4gerei mit mehreren Beteiligten<\/a>.<\/p>\n<p><strong>Rechtsextreme \u201eGruppe Freital\u201c:<\/strong> Der Bundesgerichtshof (BGH) <a href=\"https:\/\/www.spiegel.de\/panorama\/justiz\/gruppe-freital-bgh-weist-revisionen-zurueck-a-1270855.html\">weist die Revision von sechs Mitgliedern der \u201eGruppe Freital\u201c zur\u00fcck<\/a>. Sie waren im M\u00e4rz 2018 vom Oberlandesgericht ( OLG) Dresden (Sachsen) wegen Bildung einer terroristischen Vereinigung, versuchten Mordes und anderer Straftaten zu Haftstrafen zwischen vier und 10 Jahren verurteilt worden.<\/p>\n<p><strong>Dschihadist*innen-Prozesse:<\/strong> In Hamburg beginnt der Prozess <a href=\"https:\/\/www.mopo.de\/hamburg\/nach-aufruf-zum-polizistenmord-18-jaehriger-wegen-is-mitgliedschaft-angeklagt-32634688\">gegen einen 18-J\u00e4hrigen mutma\u00dflichen Anh\u00e4nger des \u201eIslamischen Staates (IS)<\/a> wegen Unterst\u00fctzung einer terroristischen Vereinigung im Ausland, Aufforderung zu Straftaten und Gewaltdarstellung. Vor dem OLG D\u00fcsseldorf (NRW) beginnt am 7. Juni der <a href=\"https:\/\/www.faz.net\/aktuell\/politik\/inland\/terrorprozess-in-duesseldorf-das-rizin-fuer-die-bombe-war-schon-hergestellt-16224824.html\">Prozess gegen ein tunesisch-deutsches Ehepaar wegen der Vorbereitung eines Anschlages mit dem biologischen Kampfstoff Rizin<\/a>. Sie waren im Juni 2018 festgenommen worden. Am 14. Juni verurteilt das OLG Frankfurt\/M. (Hessen) einen Mann wegen <a href=\"https:\/\/www.faz.net\/aktuell\/gesellschaft\/kriminalitaet\/nach-facebook-posts-is-werber-bekommt-bewaehrungsstrafe-16236629.html\">Werbens f\u00fcr die Terrororganisation IS zu einer anderthalbj\u00e4hrigen Bew\u00e4hrungsstrafe<\/a>. Vor dem LG M\u00fcnchen (Bayern) beginnt am 18. Juni der Prozess gegen einen mutma\u00dflichen radikalen Salafisten, dem vorgeworfen wird, sich im Internet eine <a href=\"https:\/\/www.sueddeutsche.de\/muenchen\/prozess-muenchen-terror-1.4491050\">Anleitung zur Sprengstoffherstellung besorgt und einen Anschlag geplant<\/a> zu haben. Der Mann bestreitet die Vorw\u00fcrfe. Am 25. Juni verurteilt ein Kammergericht ( KG) in Brandenburg einen tschetschenischen Dschihadisten wegen <a href=\"https:\/\/www.tagesspiegel.de\/berlin\/polizei-justiz\/haftstrafe-fuer-tschetschenischen-dschihadisten-gefaehrder-aus-brandenburg-verurteilt\/24493500.html\">Terrorfinanzierung und Unterst\u00fctzung einer Terrorvereinigung im Ausland zu einer Haftstrafe von drei Jahren und neun Monaten<\/a>.<\/p>\n<p><strong>Gaffer*innenproblematik:<\/strong> Nach einem Unfall auf der Autobahn bei Lorsch (Hessen) stoppt die Polizei einen Gaffer, der den Unfall filmt. <a href=\"https:\/\/www.faz.net\/aktuell\/gesellschaft\/kriminalitaet\/gaffer-filmt-lastwagenunfall-und-gefaehrdet-polizistin-16222899.html\">Daraufhin gibt der Fahrer Gas und gef\u00e4hrdet dabei eine Polizistin<\/a>. Er wird sp\u00e4ter in seiner Wohnung vorl\u00e4ufig festgenommen. Nach einem t\u00f6dlichen Unfall auf der Ostseeinsel Usedom (Mecklenburg-Vorpommern) <a href=\"https:\/\/www.spiegel.de\/panorama\/gesellschaft\/usedom-autofahrer-belaestigen-bestatter-nach-unfall-a-1272104.html\">behindern und bel\u00e4stigen am 11. Juni Gaffer*innen die Rettungskr\u00e4fte<\/a>. Nach einem Unfall bei Mettmann (NRW) am 19. Juni filmen Gaffer*innen zun\u00e4chst das Geschehen und die Beteiligten. Daraus entwickelt sich ein <a href=\"https:\/\/www.spiegel.de\/panorama\/justiz\/mettmann-gaffer-brechen-freund-von-unfallfahrerin-die-nase-a-1273699.html\">Streit, bei dem ein Unfallbeteiligter angegriffen<\/a> wird; er muss im Krankenhaus behandelt werden. Einer Umfrage der Deutschen Presse-Agentur (dpa) zufolge werden <a href=\"https:\/\/www.berliner-zeitung.de\/berlin\/brandenburg\/unfaelle-in-brandenburg-gadder-behindern-einsaetze-von-polizei-und-rettungskraeften-32775310\">Polizei und Rettungskr\u00e4fte in Brandenburg angeblich zunehmend von Gaffer*innen behindert und angegriffen<\/a>. Zahlen werden nicht genannt.<\/p>\n<p><strong>Menschenhandel:<\/strong> In Darmstadt (Hessen) nimmt die Polizei ein nigerianisches Ehepaar unter dem Verdacht des <a href=\"https:\/\/www.fr.de\/rhein-main\/darmstadt\/darmstadt-ort28564\/darmstadt-zwangsprostitution-ehepaar-soll-frauen-ausgebeutet-haben-zr-12355617.html\">Menschenhandels zur sexuellen Ausbeutung<\/a> fest.<\/p>\n<p>5. Juni: <strong>Dschihadismus:<\/strong> Vor dem VG Berlin erheben zwei Rechtsanw\u00e4lt*innen <a href=\"https:\/\/www.spiegel.de\/politik\/deutschland\/islamischer-staat-is-dschihadist-klagt-auf-rueckholung-nach-deutschland-a-1271033.html\">Klage gegen die Bundesrepublik<\/a> um zu erreichen, dass ein in kurdischer Gefangenschaft befindlicher IS-K\u00e4mpfer nach Deutschland zur\u00fcck geholt werden muss. Am 25. Juni teilt das VG Berlin mit, dass der Vater eines deutschen IS-Unterst\u00fctzers Klage erhoben hat, <a href=\"https:\/\/www.berliner-zeitung.de\/politik\/vater-kaempft-um-totgeglaubten-sohn-deutscher-is-unterstuetzer-klagt-auf-rueckholung-32754368\">um dessen R\u00fcckholung aus syrischer Haft zu erzwingen<\/a>.<\/p>\n<p><strong>Islamismus:<\/strong> Durch Presseberichte wird am 11. Juni bekannt, dass ein islamistischer Verd\u00e4chtiger, bei dem bei einer Hausdurchsuchung geladene Waffen gefunden worden waren, durch den Ermittlungsrichter in M\u00f6nchengladbach (NRW) <a href=\"https:\/\/www.spiegel.de\/panorama\/justiz\/moenchengladbach-wie-der-gefaehrder-raschid-k-geschont-wird-a-1271780.html\">bis zu Prozessbeginn auf freien Fu\u00df gesetzt<\/a> wurde. Am 13. Juni wird der Mann wegen Versto\u00df gegen Meldeauflagen <a href=\"https:\/\/www.spiegel.de\/politik\/deutschland\/moenchengladbach-polizei-nimmt-islamist-raschid-k-fest-a-1272361.html\">erneut festgenommen und der Haftbefehl wieder in Kraft gesetzt<\/a>. Laut Generalstaatsanwaltschaft (GStA) D\u00fcsseldorf (NRW) vom 24. Juni haben sich seit April 2018 im dortigen Bundesland etwa 70 Fl\u00fcchtlinge <a href=\"https:\/\/www.faz.net\/aktuell\/politik\/inland\/fluechtlinge-geben-sich-faelschlicherweise-als-terroristen-aus-16251415.html\">f\u00e4lschlicherweise als Terrorist*innen ausgegeben, um ihre Chancen auf ein Bleiberecht zu erh\u00f6hen<\/a>. In seinem am 27. Juni vorgestellten Verfassungsschutzbericht 2018 bemisst das BfV in der Bundesrepublik das <a href=\"https:\/\/www.spiegel.de\/politik\/deutschland\/verfassungsschutzbericht-zahl-rechtsextremer-in-deutschland-steigt-a-1274532.html\">islamistische Personenpotenzial mit 26.560<\/a> (2017: 25.810).<\/p>\n<p><strong>Salafismus:<\/strong> Laut nieders\u00e4chsischem Verfassungsschutzbericht 2018 leben in Deutschland insgesamt <a href=\"https:\/\/www.tagesspiegel.de\/gefahr-in-deutschland-nimmt-zu-132-000-rechte-linke-islamistische-und-auslaendische-extremisten\/24422330.html\">11.300 potenzielle Salafist*innen<\/a> (2017: 10.800 \/ 2016: 9.700 \/ 2015: 8.350).<\/p>\n<p><strong>Islamfeindliche Straftaten:<\/strong> Durch eine parlamentarische Anfrage der Links-Fraktion im Bundestag wird bekannt, dass es im ersten Quartal bundesweit zu <a href=\"https:\/\/www.faz.net\/aktuell\/politik\/inland\/weniger-islamfeindliche-straftaten-in-deutschland-16221991.html\">132 islamfeindlichen Straftaten<\/a> kam (1. Quartal 2018: 196 \/ 2017: 221). In einer Moschee in Bremen zerrei\u00dfen am 8. Juni Unbekannte <a href=\"https:\/\/www.welt.de\/politik\/deutschland\/article195093571\/Islamfeindliche-Attacke-Unter-Bremens-Muslimen-waechst-nach-Koran-Schaendung-die-Angst.html\">50 Koran-Exemplare und stopfen die Bl\u00e4tter in die Toilette<\/a>.<\/p>\n<p><b>Repression gegen L<\/b><b>inks:<\/b> Laut dem am 19. Juni vorgestellten brandenburgischen Verfassungsschutzbericht 2018 leben dort <a href=\"https:\/\/www.morgenpost.de\/berlin\/article226223557\/Deutlich-mehr-Extremisten-in-Brandenburg.html\">620 potenzielle sog. Linksextremist*innen<\/a> (2017: 520). Am 26. Juni durchsucht die Polizei <a href=\"https:\/\/www.berliner-zeitung.de\/berlin\/polizei\/gruppe-aus-neukoelln-polizei-durchsucht-wohnungen-bei-linksextremem--jugendwiderstand--32759450\">neun Wohnungen von Mitgliedern der Gruppierung \u201eJugendwiderstand\u201c<\/a> unter dem Vorwurf, Angriffe auf eine pro-israelische Demonstration im September 2017 und eine Neo-Nazi-Demonstration im August 2017 ver\u00fcbt zu haben. In seinem am 27. Juni vorgestellten Verfassungsschutzbericht 2018 bemisst das BfV das \u201eLinksextremismuspotenzial\u201c <a href=\"https:\/\/www.spiegel.de\/politik\/deutschland\/verfassungsschutzbericht-zahl-rechtsextremer-in-deutschland-steigt-a-1274532.html\">mit 32.000 Personen<\/a> (2017: 29.500); davon gelten 9.000 als \u201egewaltorientiert\u201c. An Gewalttaten wurden diesbez\u00fcglich 1.010 registriert (2017: 1.648).<\/p>\n<p><strong>Kriminelle Polizist*innen:<\/strong> Durch Presseberichte unter Berufung auf den mecklenburgischen Datenschutzbericht 2018 wird bekannt, dass sich <a href=\"https:\/\/www.spiegel.de\/panorama\/justiz\/mecklenburg-polizisten-nutzten-ermittlungen-um-maedchen-anzugraben-a-1270616.html\">zwei Polizeibeamte, die zuvor beruflich mit minderj\u00e4hrigen M\u00e4dchen in Missbrauchsf\u00e4llen zu tun hatten, anschlie\u00dfend an diese heran gemacht haben<\/a>. Am 8. Juni entscheidet das Amtsgericht (AG) Schwerin (Mecklenburg-Vorpommern), dass einer der Beamten ein vom Datenschutzbeauftragten <a href=\"https:\/\/www.spiegel.de\/panorama\/justiz\/mecklenburg-polizist-kontaktierte-13-jaehrige-kein-bussgeld-a-1271205.html\">verh\u00e4ngtes Bu\u00dfgeld nicht zahlen muss<\/a>. In mehreren St\u00e4dten in Mecklenburg-Vorpommern durchsucht die Polizei am 12. Juni insgesamt 14 Objekte. <a href=\"https:\/\/www.spiegel.de\/panorama\/justiz\/schwerin-staatsanwaltschaft-beantragt-haftbefehle-gegen-polizisten-a-1272018.html\">Vier Beamte des Spezialeinsatzkommandos (SEK) werden wegen Versto\u00dfes gegen das Kriegswaffenkontrollgesetz und das Waffengesetz festgenommen<\/a>. Sie sollen seit April 2012 Munition aus den Best\u00e4nden des Landeskriminalamtes (LKA) entwendet und an die \u201ePrepper\u201c-Szene weitergegeben haben. \u201ePrepper\u201c bereiten sich mit Vorratshaltung auf Krisen und staatlichen Zusammenbruch vor.<\/p>\n<p><strong>Rechtsradikalismus:<\/strong> Laut nieders\u00e4chsischem Verfassungsschutzbericht 2018 ist die Zahl der dort leben <a href=\"https:\/\/www.tagesspiegel.de\/gefahr-in-deutschland-nimmt-zu-132-000-rechte-linke-islamistische-und-auslaendische-extremisten\/24422330.html\">NPD-Anh\u00e4nger auf etwa 4.000 gesunken<\/a> (2017: 4.500). Durch Presseberichte wird am 19. Juni bekannt, dass das Bundesverwaltungsgericht (BVerwG) entschieden hat, <a href=\"https:\/\/www.spiegel.de\/politik\/deutschland\/npd-aktive-funktionaere-koennen-ihren-waffenschein-verlieren-a-1273297.html\">dass aktiven NPD-Funktion\u00e4r*innen der Waffenschein entzogen werden kann<\/a>. Allerdings m\u00fcsse im jeweiligen Einzelfall gepr\u00fcft werden, ob die Regelvermutung der \u201ewaffenrechtlichen Unzuverl\u00e4ssigkeit\u201c zutreffe. Geklagt hatte ein NPD-Parteivize, dem der Waffenschein entzogen worden war (Az: BVerwG 6 C 9.18).<\/p>\n<p><strong>\u201eIdentit\u00e4re Bewegung\u201c:<\/strong> In seinem Verfassungsschutzbericht 2018 beziffert das LfV Niedersachsen die Zahl der bundesweiten <a href=\"https:\/\/www.tagesspiegel.de\/gefahr-in-deutschland-nimmt-zu-132-000-rechte-linke-islamistische-und-auslaendische-extremisten\/24422330.html\">Mitglieder der rechtsextremen \u201eIdentit\u00e4ren Bewegung\u201c auf 600<\/a> (2017: 500). Bei der Vorstellung des Verfassungsschutzberichtes 2018 am 19. Juni in Potsdam (Brandenburg) erkl\u00e4rt Landesinnenminister Karl-Heinz Schr\u00f6ter (SPD), im S\u00fcden des Bundeslandes gebe es eine <a href=\"https:\/\/www.berliner-zeitung.de\/berlin\/brandenburg\/extremisten-auf-dem-vormarsch-in-brandenburg-leben-so-viele-neonazis-wie-nie-32728202\">rechtsextreme Mischszene, der auch Mitglieder der \u201eIdentit\u00e4ren Bewegung\u201c angeh\u00f6rten<\/a>. Am 25. Juni verurteilt das AG Frankfurt\/M. (Hessen) <a href=\"https:\/\/www.faz.net\/aktuell\/gesellschaft\/kriminalitaet\/mitglieder-der-identitaeren-bewegung-verurteilt-16254208.html\">drei Mitglieder der \u201eIdentit\u00e4ren Bewegung\u201c, die im M\u00e4rz 2018 ein Transparent auf dem Dach des Hauptbahnhofs aufgeh\u00e4ngt<\/a> und \u00fcber ein Megafon migrationsfeindliche Parolen gerufen hatten, zu Geldstrafen.<\/p>\n<p><strong>Homophobe Handlungen:<\/strong> In einem Berliner Bus wird ein Mann von einem Unbekannten <a href=\"https:\/\/www.morgenpost.de\/berlin\/polizeibericht\/article225956993\/Blaulicht-Blog-Vor-Bus-auf-Strasse-gelaufen-Frau-in-Klinik.html\">homophob beleidigt<\/a>; anschlie\u00dfend steigt dieser aus. Von zwei Jugendlichen wird am 16. Juni ein Mann <a href=\"https:\/\/www.morgenpost.de\/berlin\/polizeibericht\/article226195745\/Blaulicht-Blog-Muell-brennt-bei-BSR-an-der-Gradestrasse.html\">homophob beleidigt<\/a>. In Berlin beschmieren am 20. Juni Unbekannte ein Wohnhaus mit einem <a href=\"https:\/\/www.berliner-zeitung.de\/berlin\/polizei\/polizeibericht-hausfassade-meterhoch-mit-homophober-hetze-beschmiert-32206520\">meterhohen homophoben Schriftzug<\/a>. Wiederum in Berlin beschmieren am 30. Juni Unbekannte <a href=\"https:\/\/www.berliner-zeitung.de\/berlin\/polizei\/polizeibericht-mann-verletzt-nach-festnahme-mehrere-polizisten-32206520\">das Denkmal f\u00fcr die im Nationalsozialismus verfolgten Homosexuellen<\/a>.<\/p>\n<p><strong>Cyberkriminalit\u00e4t:<\/strong> In einer gemeinsamen Aktion durchsuchen deutsche und niederl\u00e4ndische Fahnder 12 Wohnungen in den Niederlanden und in Nettetal (NRW). Vier Betreiber einer <a href=\"https:\/\/www.spiegel.de\/panorama\/justiz\/drogenring-in-nrw-gesprengt-bestellcodes-auf-schokoriegeln-a-1271855.html\">Online-Plattform f\u00fcr Drogenhandel werden festgenommen<\/a>; Beweismittel sichergestellt.<\/p>\n<p>6. Juni: <strong>\u201eVerfolgen statt nur l\u00f6schen:<\/strong> In 13 Bundesl\u00e4ndern startet das BKA unter diesem Slogan <a href=\"https:\/\/www.sueddeutsche.de\/digital\/hetze-online-razzien-bundeskriminalamt-1.4477107\">Razzien gegen strafbare Internet-Hasskommentare<\/a> wie \u00f6ffentliche Aufforderung zu Straftaten, antisemitische Beschimpfungen, fremdenfeindliche Volksverhetzungen und andere.<\/p>\n<p><strong>Rassistische Angriffe:<\/strong> Durch Presseberichte wird bekannt, dass sich <a href=\"https:\/\/www.sueddeutsche.de\/muenchen\/vorfaelle-auslaenderfeindlichkeit-staatsschutz-1.4477967\">rassistische Angriffe in M\u00fcnchen<\/a> (Bayern) h\u00e4ufen. Binnen anderthalb Wochen kam es dort zu f\u00fcnf Vorf\u00e4llen.<\/p>\n<p><strong>Polizist bei Verfolgung t\u00f6dlich verungl\u00fcckt:<\/strong> Bei der Verfolgung von Ladeneinbrechern wird bei W\u00e4chtersbach (Hessen) ein <a href=\"https:\/\/www.spiegel.de\/panorama\/justiz\/waechtersbach-zug-bei-waechtersbach-erfasst-polizisten-a-1271307.html\">Polizeibeamter von einem Zug \u00fcberrollt<\/a> und get\u00f6tet. In Hannover (Niedersachsen) hetzen am 30. Juni <a href=\"https:\/\/www.spiegel.de\/panorama\/justiz\/hannover-rechtsradikale-sollen-hund-auf-schwarzen-gehetzt-haben-a-1275238.html\">Rechtsradikale ihren Hund auf einen schwarzen Mann<\/a>; er wird in den Oberschenkel gebissen. Drei Tatverd\u00e4chtige werden festgenommen.<\/p>\n<p>7. Juni: <strong>Festnahme von mutma\u00dflicher Dschihadistin:<\/strong> Durch Presseberichte wird bekannt, dass die BAW gegen eine im April festgenommene <a href=\"https:\/\/www.spiegel.de\/politik\/deutschland\/is-mitgliedschaft-haftbefehl-gegen-32-jaehrige-deutsche-a-1271411.html\">deutsche IS-Anh\u00e4ngerin einen Haftbefehl<\/a> erwirkt hat.<\/p>\n<p><strong>T\u00f6tung eines Homosexuellen:<\/strong> Das LG Chemnitz (Sachsen) verurteilt drei M\u00e4nner, die im April 2018 in Aue <a href=\"https:\/\/www.spiegel.de\/panorama\/justiz\/chemnitz-lange-strafen-fuer-toetung-eines-homosexuellen-a-1271473.html\">einen homosexuellen Mann get\u00f6tet hatten, zu Haftstrafen zwischen 14 und 11 Jahren<\/a>.<\/p>\n<p>8. Juni: <strong>Bundesamt f\u00fcr Migration und Fl\u00fcchtlinge (BAMF):<\/strong> Durch Presseberichte wird bekannt, dass das BAMF in den ersten vier Monaten des Jahres lediglich 1,4 Prozent aller Ersuchen von Gemeinden auf Kirchenasyl akzeptiert hat (2018: etwa 12 %). <a href=\"https:\/\/www.tagesspiegel.de\/politik\/linke-sieht-abschiebewahn-bamf-lehnt-2019-fast-alle-faelle-von-kirchenasyl-ab\/24438048.html\">Das sind zwei F\u00e4lle, 145 Ersuchen wurden abgelehnt<\/a>. Durch eine parlamentarische Anfrage der Gr\u00fcnen-Bundestagsfraktion wird am 16. Juni bekannt, dass das BAMF im ersten Vierteljahr die positiven <a href=\"https:\/\/www.morgenpost.de\/politik\/inland\/article226185541\/Bamf-hebt-rund-1-8-Prozent-der-Asylbescheide-auf.html\">Asylbescheide von rund 600 Personen wieder aufgehoben<\/a> hat.<\/p>\n<p><strong>Rechtsradikale Polizist*innen:<\/strong> Durch Presseberichte wird bekannt, dass sich ein Auszubildender der Polizeischule Eutin (Schleswig-Holstein) im August 2018 <a href=\"http:\/\/www.taz.de\/Erneute-Ermittlungen-in-Eutin\/!5599614\/\">mit Hakenkreuzbinde und Wehrmachtsm\u00fctze<\/a> fotografieren lie\u00df; ebenso waren rechte Chats bekannt geworden. Die StA L\u00fcbeck hat Ermittlungen wegen des Anfangsverdachtes der Volksverhetzung eingeleitet. Aus der Polizei wurde der Anw\u00e4rter bereits entlassen. Am 23. Juni wird durch Presseberichte bekannt, dass bei einem Rechtsrockkonzert in Ostritz (Sachsen) ein eingesetzter BPol-Beamter auf seiner Uniform <a href=\"https:\/\/www.spiegel.de\/politik\/deutschland\/ostritz-bundespolizist-trug-fragwuerdige-symbole-auf-uniform-a-1273889.html\">Aufn\u00e4her trug, die nicht generell der rechten Szene zugeordnet werden k\u00f6nnen, aber auch dort gern genutzt werden<\/a>. In der Presse vom 24. Juni best\u00e4tigt der GdP-Vizevorsitzende, dass sich <a href=\"https:\/\/www.berliner-zeitung.de\/politik\/rechtsruck-polizeigewerkschaft-best\u00e4tigt-sympathien-fuer-afd-32745198\">in der Polizei \u201eSympathien f\u00fcr rechtsnationale Parteien\u201c<\/a> entwickelt haben. Am 26. Juni melden Medien, dass in Hessen ein Polizeibeamter vorl\u00e4ufig festgenommen und erkennungsdienstlich behandelt wurde; danach wurde er wieder auf freien Fu\u00df gesetzt, jedoch vom Dienst suspendiert. Der Mann soll zu einer <a href=\"https:\/\/www.faz.net\/aktuell\/politik\/inland\/neue-spur-zum-mutmasslich-rechtsextremen-polizei-netzwerk-16255444.html\">rechtsextremen Chatgruppe innerhalb der Polizei in Frankfurt\/M.<\/a> geh\u00f6ren; in seiner Wohnung wurden mehrere Datentr\u00e4ger sichergestellt.<\/p>\n<p><strong>Alternative f\u00fcr Deutschland (AfD):<\/strong> Durch Presseberichte unter Berufung auf das VG K\u00f6ln (NRW) wird bekannt, dass die AfD im April einen Eilantrag eingebracht hat, um <a href=\"https:\/\/www.welt.de\/politik\/deutschland\/article194970105\/AfD-klagt-offenbar-per-Eilverfahren-gegen-Verfassungsschutz.html\">dem BfV zu verbieten, \u201eAfD-Anh\u00e4nger in den eigenen Reihen ausfindig zu machen\u201c<\/a>. In einer Stichwahl um das Oberb\u00fcrgermeisteramt von G\u00f6rlitz (Sachsen) setzt sich der CDU-Kandidat am 16. Juni <a href=\"https:\/\/www.faz.net\/aktuell\/politik\/politik\/inland\/afd-niederlage-in-goerlitz-wenigstens-bist-du-noch-ein-echter-deutscher-polizist-16240030.html\">gegen den favorisierten AfD-Kandidaten, einen Polizeibeamten, durch<\/a>. M\u00f6glich geworden war dies durch den R\u00fcckzug von Gr\u00fcnen- und Linke-Kandidatinnen. Auf dem am 19. Juni beginnenden Evangelischen Kirchentag in Dortmund (NRW) sind <a href=\"https:\/\/www.spiegel.de\/panorama\/gesellschaft\/evangelischer-kirchentag-in-dortmund-die-afd-muss-draussen-bleiben-a-1273132.html\">AfD-Politiker*innen von den Debatten ausdr\u00fccklich ausgeschlossen<\/a>. Am 24. Juni best\u00e4tigt der GdP-Vorsitzende in der Presse, dass sich <a href=\"https:\/\/www.berliner-zeitung.de\/politik\/rechtsruck-polizeigewerkschaft-best\u00e4tigt-sympathien-fuer-afd-32745198\">bei vielen Polizist*innen \u201eSympathien f\u00fcr die AfD\u201c<\/a> entwickelt haben. Am 25. Juni durchsucht die Polizei wegen <a href=\"https:\/\/www.spiegel.de\/politik\/deutschland\/afd-ermittler-surchsuchen-parteizentrale-in-duesseldorf-a-1274216.html\">umstrittener Wahlkampfspenden im nordrhein-westf\u00e4lischen Landeswahlkampf 2017 die AfD-Landesparteizentrale<\/a> in D\u00fcsseldorf (NRW).<\/p>\n<p><strong>Gewalt gegen Obdachlose:<\/strong> In Berlin versucht ein unbekannter Mann <a href=\"https:\/\/www.tagesspiegel.de\/berlin\/berlin-tiergarten-zwei-maenner-im-hansaviertel-ueberfallen\/24439860.html\">zwei Obdachlose auszurauben<\/a>. Einer von ihnen erleidet dabei schwere Schnittverletzungen im Gesicht und am Bauch; er muss im Krankenhaus operiert werden. In Saarbr\u00fccken (Saarland) schlagen und treten am 12. Juni zwei Unbekannte <a href=\"https:\/\/www.spiegel.de\/panorama\/justiz\/saarbruecken-unbekannte-attackieren-schlafenden-obdachlosen-a-1272239.html\">auf einen schlafenden Obdachlosen ein<\/a>. Der Mann muss kurzzeitig im Krankenhaus behandelt werden.<\/p>\n<p>9. Juni: <strong>Rechtsradikale Straftaten:<\/strong> An einem Berliner Imbisswagen werden <a href=\"https:\/\/www.tagesspiegel.de\/berlin\/polizei-justiz\/mit-saeure-und-hakenkreuz-imbiss-fremdenfeindlich-beschmiert\/24440912.html\">rechtsradikale und &#8222;religionsfeindliche&#8220; Parolen und Butters\u00e4ure<\/a> entdeckt. Am 11. Juni verurteilt das AG W\u00fcrzburg (Bayern) einen Mann, der ausl\u00e4nderfeindliche Parolen in einem Chat gepostet hatte, <a href=\"https:\/\/www.sueddeutsche.de\/bayern\/wuerzburg-faschingsfunktionaer-volksverhetzung-1.4482313\">wegen Volksverhetzung zu einer Geldstrafe von 720 EUR<\/a>. Am 16. Juni bespr\u00fcht ein Jugendlicher in Berlin <a href=\"https:\/\/www.morgenpost.de\/berlin\/polizeibericht\/article226195745\/Blaulicht-Blog-Muell-brennt-bei-BSR-an-der-Gradestrasse.html\">auf einem Spielplatz ein Kletterger\u00fcst mit volksverhetzenden Spr\u00fcchen<\/a>. Er wird den Eltern \u00fcbergeben. Am 23. Juni <a href=\"https:\/\/www.morgenpost.de\/berlin\/polizeibericht\/article226269127\/Blaulicht-Blog-Lesbische-Frau-von-Jugendlichen-angegriffen.html\">beleidigt und schubst in Berlin ein betrunkener Mann eine Frau und zeigt den Hitlergru\u00df<\/a>. Er wird vorl\u00e4ufig festgenommen.<\/p>\n<p>10. Juni: <strong>Asyl:<\/strong> Presseberichten zufolge stellten von Januar bis April insgesamt rund <a href=\"https:\/\/www.tagesspiegel.de\/politik\/15-prozent-mehr-antraege-zahl-der-asylbewerber-in-der-eu-nimmt-wieder-zu\/24440860.html\">206.500 Menschen einen Asylantrag in der EU<\/a>. Auf einem Kongress in Berlin gr\u00fcnden am 15. Juni 12 St\u00e4dte und Kommunen <a href=\"https:\/\/www.welt.de\/politik\/deutschland\/article195310563\/Bootsfluechtinge-Zwoelf-deutsche-Staedte-sind-nun-Sichere-Haefen.html\">das B\u00fcndnis \u201eSichere H\u00e4fen\u201c und erkl\u00e4ren ihre Bereitschaft zur zus\u00e4tzlichen Aufnahme von Gefl\u00fcchteten<\/a>. Die rechtliche Grundlage ist jedoch offen, da bei Aufnahmen der Bund das erste Wort hat. Laut GStA D\u00fcsseldorf (NRW) vom 24. Juni haben sich seit April 2018 im dortigen Bundesland etwa 70 Fl\u00fcchtlinge <a href=\"https:\/\/www.faz.net\/aktuell\/politik\/inland\/fluechtlinge-geben-sich-faelschlicherweise-als-terroristen-aus-16251415.html\">f\u00e4lschlicherweise als Terroristen ausgegeben<\/a> um ihre Chancen auf ein Bleiberecht zu erh\u00f6hen. Am 28. Juni <a href=\"https:\/\/www.spiegel.de\/politik\/deutschland\/bundesrat-billigt-migrationspaket-der-grossen-koalition-a-1274842.html\">stimmt der Bundesrat dem \u201eGeordnete R\u00fcckkehr- und Fachkr\u00e4fteeinwanderungsgesetz\u201c zu<\/a>, mit dem u.a. die Befugnisse von Polizei und Ausl\u00e4nderbeh\u00f6rden bei Abschiebungen ausgeweitet werden.<\/p>\n<p>12. Juni: <strong>Rechtsextremistische Terrorgruppe \u201eRevolution Chemnitz\u201c:<\/strong> Der BGH entscheidet, dass sechs von acht M\u00e4nnern, die im Sommer 2018 die rechtsextreme Terrorgruppe \u201eRevolution Chemnitz\u201c gegr\u00fcndet und gewaltt\u00e4tige Anschl\u00e4ge auf Andersdenkende geplant hatten, <a href=\"https:\/\/www.spiegel.de\/panorama\/justiz\/revolution-chemnitz-mitglieder-bleiben-in-untersuchungshaft-a-1272098.html\">weiterhin in Untersuchungshaft<\/a> bleiben. Die Gruppe war Anfang Oktober 2018 festgenommen worden. Am 25. Juni erhebt der Generalbundesanwalt (GBA) gegen die acht Personen <a href=\"https:\/\/www.spiegel.de\/panorama\/justiz\/revolution-chemnitz-bundesanwaltschaft-erhebt-terror-anklage-a-1274229.html\">Anklage wegen Gr\u00fcndung einer terroristischen Vereinigung<\/a>.<\/p>\n<p><strong>Fu\u00dfball-Hooligans:<\/strong> Durch eine parlamentarische Anfrage der SPD-Abgeordnetenhaus-Fraktion wird bekannt, dass die Berliner Polizei insgesamt <a href=\"https:\/\/www.berliner-zeitung.de\/berlin\/polizei\/88-polizisten-verletzt-1169gewalttaetige-fussballfans-in-berlin-32686548\">1.169 Anh\u00e4nger*innen Berliner Fu\u00dfballvereine als gewaltt\u00e4tige Hooligans einstuft<\/a>. Ein Amateur-Fu\u00dfballspiel in Duisburg (NRW) muss abgebrochen werden, nachdem es <a href=\"https:\/\/www.spiegel.de\/panorama\/justiz\/fussball-in-duisburg-schiedsrichter-muessen-nach-attacken-ins-krankenhaus-a-1272833.html\">auf dem Spielfeld zu regelrechten Jagdszenen auf den Schiedsrichter<\/a> gekommen war. Der Schiedsrichter und sein Assistent m\u00fcssen im Krankenhaus behandelt werden. Gegen zwei Spieler und einen Co-Trainer wird wegen gef\u00e4hrlicher K\u00f6rperverletzung ermittelt. W\u00e4hrend eines Fu\u00dfballspiel von zwei Hobbymannschaften <a href=\"https:\/\/www.spiegel.de\/panorama\/justiz\/duisburg-rote-karte-fussballer-soll-schiedsrichter-attackiert-haben-a-1273861.html\">schl\u00e4gt und tritt ein Spieler am 22. Juni in Duisburg (NRW) auf den Schiedsrichter ein<\/a> nachdem dieser zuvor einem anderen Spieler die rote Karte gezeigt hatte. Der Schiedsrichter muss ins Krankenhaus gebracht werden.<\/p>\n<p>13. Juni: <strong>Polizeisch\u00fcsse:<\/strong> Durch eine parlamentarische Anfrage der FDP-Landtagsfraktion wird bekannt, dass die hessische Polizei im Jahr 2018 <a href=\"https:\/\/www.fr.de\/rhein-main\/polizei-griff-oefter-schusswaffe-12390398.html\">in insgesamt 1.263 F\u00e4llen Schusswaffen einsetzte<\/a> (2017: 1.250 \/ 2016: 1.022); dabei wurden zwei Menschen get\u00f6tet und drei verletzt (2017: 2 Tote \/ 2016: 1 Toter, vier Verletzte).<\/p>\n<p><strong>Angriffe auf Polizist*innen:<\/strong> Als in Berlin ein Polizist au\u00dfer Dienst bei einer Schl\u00e4gerei eingreifen will, <a href=\"https:\/\/www.berliner-zeitung.de\/berlin\/polizei\/polizeibericht-pankow-schlaeger-bedroht-polizist-mit-schusswaffe-32206520\">wird er von einem der Beteiligten mit einer Schusswaffe bedroht<\/a>. Der Beamte kann sich in Sicherheit bringen und den fliehenden T\u00e4ter verfolgen, der durch herbeigerufene Polizist*innen festgenommen wird. Am 18. Juni wird die Polizei in Berlin von einem Ladenbesitzer alarmiert, weil aus der dar\u00fcber liegenden Wohnung Wasser in sein Gesch\u00e4ft l\u00e4uft. Als in der Wohnung niemand \u00f6ffnet, dringen die Beamt*innen gewaltsam ein und <a href=\"https:\/\/www.berliner-zeitung.de\/berlin\/polizei\/polizeibericht-einsatz-in.neukoelln-zwoelf-verletzte-polizisten-32206520\">werden vom Wohnungsinhaber mit einem Feuerl\u00f6scher bespr\u00fcht<\/a>. Ebenso ergeht es angeforderten Unterst\u00fctzungskr\u00e4ften; anschlie\u00dfend versucht der Mann zu fliehen. 12 Beamt*innen werden von dem L\u00f6schschaum verletzt, 10 m\u00fcssen vom Dienst abtreten. Bei einem Einsatz wegen Ruhest\u00f6rung werden die Polizeibeamt*innen am 19. Juni in Giengen (Baden-W\u00fcrttemberg) <a href=\"https:\/\/www.spiegel.de\/panorama\/justiz\/giengen-an-der-brenz-jugendliche-greifen-polizisten-an-a-1273389.html\">von rund 20 Jugendlichen angegriffen<\/a>; es muss Verst\u00e4rkung gerufen werden. Zwei Personen werden vorl\u00e4ufig festgenommen. Als Polizeibeamt*innen am 25. Juni in Berlin die Personalien eines Mannes aufnehmen wollen, der sie beleidigt hatte, werden sie <a href=\"https:\/\/www.welt.de\/vermischtes\/article195961781\/Berlin-Nikolassee-Junge-Maenner-greifen-Polizisten-an.html\">von zwei vorbeikommenden Jugendlichen bespuckt<\/a> und angegriffen. Erst durch herbeigerufene Verst\u00e4rkung gelingt es, die Situation zu entsch\u00e4rfen und die Personalien der Beteiligten festzustellen. Auf einer Bundesstra\u00dfe auf R\u00fcgen (Mecklenburg-Vorpommern) ger\u00e4t ein LKW-Fahrer mit einem anderen Autofahrer in Streit und bedroht diesen mit einem Messer; herbeigerufene Polizist*innen <a href=\"https:\/\/www.berliner-zeitung.de\/panorama\/kinder-verletzt-lkw-fahrer-bedroht-autofahrer-und-polizisten-mit-messer-und-hammer-32770116\">werden mit einem Hammer bedroht<\/a>. Bei dem Mann wird Alkohol festgestellt. Bei der \u00dcberpr\u00fcfung eines betrunkenen Radfahrers in Berlin am 28. Juni <a href=\"https:\/\/www.morgenpost.de\/berlin\/polizeibericht\/article226327923\/Betrunkenerschlaegt-Polizisten-und-zeigt-Hitlergruss.html\">zeigt dieser den Hitlergru\u00df und schl\u00e4gt und tritt auf die Polizist*innen ein<\/a>. Er wird vor\u00fcbergehend festgenommen. In einem <a href=\"https:\/\/www.berliner-zeitung.de\/berlin\/polizei\/polizeibericht-mann-verletzt-nach-festnahme-mehrere-polizisten-32206520\">Berliner Polizeigewahrsam randaliert am 30. Juni ein Mann<\/a> derma\u00dfen, dass f\u00fcnf Polizist*innen anschlie\u00dfend vom Dienst abtreten m\u00fcssen.<\/p>\n<p><strong>G20-Gipfel:<\/strong> Durch Presseberichte wird bekannt, dass die StA im ersten Prozess um die Auseinandersetzungen beim G20-Gipfel 2017 in Hamburg einen <a href=\"https:\/\/www.spiegel.de\/panorama\/justiz\/g20-gipfel-in-hamburg-elbschaussee-prozess-koennte-platzen-a-1271949.html\">Befangenheitsantrag gegen die Richter*innen gestellt hat<\/a>.<\/p>\n<p><strong>Antisemitische Straftaten:<\/strong> Die StA Bonn (NRW) erhebt <a href=\"https:\/\/www.spiegel.de\/panorama\/justiz\/bonn-mann-wegen-angriffs-auf-juedischen-professor-angeklagt-a-1272349.html\">Anklage wegen Volksverhetzung und K\u00f6rperverletzung gegen einen Mann, der im Juli 2018 einen j\u00fcdischen Philosophie-Professor beschimpft und geschlagen<\/a> hatte. Am 17. Juni beleidigt in Berlin ein Unbekannter einen Mann <a href=\"https:\/\/www.tagesspiegel.de\/berlin\/polizei-justiz\/antisemitischer-vorfall-in-prenzlauer-berg-unbekannter-beleidigt-und-bespuckt-mann-mit-kippa\/24465790.html\">wegen seiner Kippa antisemitisch und bespuckt ihn<\/a>. Am gleichen Tag wird ebenfalls in Berlin ein <a href=\"https:\/\/www.berliner-zeitung.de\/berlin\/polizei\/polizeibericht-zehn-gegen-einen-antisemitische-attacke-in-steglitz-32206520\">j\u00fcdischer Mann aus einer 10-K\u00f6pfigen Gruppe heraus beleidigt und angegriffen<\/a>. Er erleidet H\u00e4matome. In der Hamburger Innenstadt <a href=\"https:\/\/www.spiegel.de\/panorama\/justiz\/hamburg-antisemitische-spuckattacke-auf-landesrabbiner-a-1273664.html\">beleidigt und bespuckt am 20. Juni ein Mann zwei Rabbiner<\/a>.<\/p>\n<p>14. Juni: <strong>Polizeischuss:<\/strong> Als Polizeibeamte in Kronberg (Hessen) zwei mutma\u00dfliche Trickbetr\u00fcger \u00fcberpr\u00fcfen wollen, f\u00e4hrt einer der Verd\u00e4chtigen auf einen Beamten los. <a href=\"https:\/\/fr.de\/rhein-main\/hochtaunus\/kronberg-hessen-polizei-jagt-trickbetrueger-dann-faellt-schuss-zr-12466660.html\">Dieser gibt einen Schuss auf das Fahrzeug ab<\/a>; verletzt wird niemand. Der T\u00e4ter wird kurz darauf festgenommen.<\/p>\n<p>17. Juni: <strong>Prozesse gegen Polizist*innen:<\/strong> Vor dem Berliner LG beginnt der <a href=\"https:\/\/www.morgenpost.de\/berlin\/polizeibericht\/article216065505\/Berliner-Polizist-soll-Prostituierte-vergewaltigt-haben-Prozess-startet.html\">Prozess gegen einen Polizeibeamten, der im Dezember 2018 eine Prostituierte vergewaltigt haben soll<\/a>. Durch Presseberichte wird am 19. Juni bekannt, dass das VG Berlin entschieden hat, dass ein Polizeisch\u00fcler <a href=\"https:\/\/www.tagesspiegel.de\/berlin\/entlassung-wegen-internetvideos-rechtens-polizeischueler-machte-aufnacken-und-muss-gehen\/24474952.html\">aufgrund seiner zweifelhaften Internetvideos zu Recht entlassen wurde<\/a>, da diese \u201egegen seine Kernpflichten als Polizeibeamter\u201c versto\u00dfen.<\/p>\n<p><strong>Rechtsextreme Gruppe \u201eCombat 18\u201c:<\/strong> Durch Presseberichte wird bekannt, dass der Tatverd\u00e4chtige im mutma\u00dflich rechtsextremen Mordanschlag auf den Kasseler Regierungspr\u00e4sidenten Walter L\u00fcbcke (CDU) am 2. Juni <a href=\"https:\/\/www.spiegel.de\/panorama\/justiz\/walter-luebcke-verdaechtiger-hatte-offenbar-kontakt-zu-neonazis-a-1272817.html\">Kontakt zur rechtsextremen Gruppe \u201eCombat 18\u201c<\/a> gehabt haben soll.<\/p>\n<p><strong>Schleuserkriminalit\u00e4t:<\/strong> Vor dem LG Berlin beginnt der Prozess <a href=\"https:\/\/www.morgenpost.de\/berlin\/article226199993\/Scheinehen-fuer-16000-Euro-Prozess-beginnt-mit-Gestaendnissen.html\">gegen vier Personen, die mit gef\u00e4lschten Dokumenten in D\u00e4nemark Scheinehen organisiert<\/a> und daf\u00fcr Honorare zwischen 6.000 EUR und 16.000 EUR kassiert haben sollen. Zwei Angeklagte sind gest\u00e4ndig. Durch Presseberichte wird am 20. Juni bekannt, dass in Berlin seit 2012 insgesamt 474 illegal in die Bundesrepublik eingeschleuste und von den Sicherheitsbeh\u00f6rden <a href=\"https:\/\/www.tagesspiegel.de\/berlin\/polizei-justiz\/minderjaehrige-vietnamesen-fuer-zwangsarbeit-im-nagelstudio-nach-deutschland-geschleust\/24475112.html\">an die Jugend\u00e4mter \u00fcbergebene minderj\u00e4hrige Vietnames*innen verschwunden<\/a> sind. In Brandenburg gelten 31 vietnamesische Kinder als spurlos verschwunden.<\/p>\n<p><strong>Umweltdemonstrationen:<\/strong> Das OVG M\u00fcnster (NRW) weist eine Beschwerde des Polizeipr\u00e4sidiums Aachen zur\u00fcck und entscheidet, dass das geplante <a href=\"https:\/\/www.juris.de\/jportal\/portal\/f\/aee\/page\/homerl.psml?nid=jnachr-JUNA190601495&amp;cmsuri=%2Fjuris%2Fde%2Fnachrichten%2Fzeigenachricht.jsp\">Demonstrationscamp \u201eRheinisches Revier Kohlefrei\u201c seinen Standort nicht wechseln muss<\/a>, sondern auf dem Gel\u00e4nde in Viersen stattfinden darf (Az: 15 B 771\/19). Am darauffolgenden Tag entscheidet das VG Aachen (NRW), dass das Camp <a href=\"https:\/\/www.juris.de\/jportal\/portal\/page\/homerl.psml?nid=jnachr-JUNA190601522&amp;cmsuri=%2Fjuris%2Fde%2Fnachrichten%2Fzeigenachricht.jsp\">nur f\u00fcr max. 3.000 Personen zugelassen<\/a> ist (Az: 6 L 719\/19). In Aachen demonstrieren am 21. Juni zudem <a href=\"https:\/\/www.faz.net\/aktuell\/politik\/inland\/fridays-for-future-der-lange-zug-von-aachen-16247808.html\">rund 20.000 Menschen der Klimabewegung \u201eFridays for Future\u201c<\/a>, von denen sich viele sp\u00e4ter den Anti-Kohleaktivist*innen anschlie\u00dfen. Am Abend des Tages durchbrechen in Grevenbroich (NRW) Medien zufolge rund <a href=\"https:\/\/www.welt.de\/politik\/deutschland\/article195666545\/Fridays-For-Future-protestiert-am-Tagebau-Hunderte-Aktivisten-besetzen-Bahngleise.html\">500 Personen eine Polizeikette und besetzen die Gleise<\/a> der Kohlenbahn zum Kraftwerk Neurath, mehrere 100 Demonstrant*innen dringen demnach am 22. Juni zudem auf das Gel\u00e4nde des Kohletagebaus Garzweiler vor und besetzen es. Es kommt zu ersten <a href=\"https:\/\/www.faz.net\/aktuell\/politik\/inland\/aktivisten-dringen-in-tagebau-garzweiler-ein-polizisten-verletzt-16249007.html\">Auseinandersetzungen mit der Polizei<\/a>. W\u00e4hrenddessen marschieren \u201eFridays for Future\u201c-Demonstrant*innen zum vom Tagebau bedrohten\u00a0 Keyenberg, um dort eine Menschenkette zu bilden. Andere Aktivist*innen <a href=\"https:\/\/www.welt.de\/politik\/deutschland\/article195666545\/Proteste-in-Garzweiler-Polizei-versorgt-Aktivisten-mit-Essen-Tagebau-Raeumung-kurz-vor-Abschluss.html\">besetzen eine weitere Bahnstrecke<\/a> f\u00fcr den Kohletransport. Am 23. Juni befinden sich noch rund <a href=\"https:\/\/www.welt.de\/politik\/deutschland\/article195666545\/Proteste-in-Garzweiler-Polizei-versorgt-Aktivisten-mit-Essen-Tagebau-Raeumung-kurz-vor-Abschluss.html\">250 Demonstrant*innen auf dem Garzweiler-Gel\u00e4nde<\/a>; die R\u00e4umung dauert an. Am Morgen des 24. Juni besetzen Aktivist*innen erneut <a href=\"https:\/\/www.welt.de\/politik\/deutschland\/article195779969\/Tagebau-Hambach-Aktivisten-besetzen-Braunkohle-Bagger-in-80-Meter-Hoehe.html\">einen Bagger des Tagebaus Hambach<\/a>.<\/p>\n<p>18. Juni: <strong>Polizeilicher Todesschuss:<\/strong> In Essen (NRW) alarmiert ein Mann die Polizei und erkl\u00e4rt, er werde sich umbringen. Als die Beamt*innen eintreffen, l\u00e4uft der Mann mit einem Messer \u00fcber die Stra\u00dfe; die Aufforderung, das Messer abzulegen ignoriert er und wird immer aggressiver. Als er mit dem Messer auf die Polizist*innen zugeht, <a href=\"https:\/\/www.tagesspiegel.de\/gesellschaft\/panorama\/mann-loeste-einsatz-selbst-aus-polizist-erschiesst-32-jaehrigen-in-essen\/24467936.html\">schie\u00dft ein Beamter und trifft den Mann in den Oberk\u00f6rper; er stirbt noch vor Ort<\/a>.<\/p>\n<p><strong>Sammelabschiebung:<\/strong> In Kabul landet ein <a href=\"https:\/\/www.tagesspiegel.de\/politik\/trotz-weiter-angespannter-sicherheitslage-deutschland-schiebt-wieder-maenner-nach-afghanistan-ab\/24466594.html\">Flugzeug mit 11 abgeschobenen Afghanen<\/a>; es ist die 25. Sammelabschiebung seit Dezember 2016.<\/p>\n<p><strong>Rechtsradikale und rassistische Angriffe auf Fl\u00fcchtlinge:<\/strong> In Penzlin (Mecklenburg-Vorpommern) <a href=\"https:\/\/www.spiegel.de\/politik\/deutschland\/fluechtlinge-wehrhafter-asylsuchender-verletzt-rassisten-mit-fahrradschloss-a-1273143.html\">beleidigen und bedrohen zwei M\u00e4nner einen mauretanischen Asylbewerber<\/a>. Als einer der M\u00e4nner ihn angreift, wehrt er sich mit seinem Fahrradschloss und verletzt den Angreifer am Kopf. Er wird von der herbei gerufenen Polizei ins Krankenhaus gebracht. Am 23. Juni <a href=\"https:\/\/leute.tagesspiegel.de\/treptow-koepenick\/macher\/2019\/07\/01\/86683\/haus-einer-fluechtlingsfamilie-mit-metallkugeln-beschossen\/\">beschie\u00dfen in Berlin Unbekannte die Eingangst\u00fcr zur Wohnung einer syrischen Fl\u00fcchtlingsfamilie<\/a> mit Stahlkugeln. Verletzt wird niemand.<\/p>\n<p><strong>Bu\u00dfgeld f\u00fcr Polizeibeamten:<\/strong> Durch eine amtliche Ver\u00f6ffentlichung wird bekannt, dass der baden-w\u00fcrttembergische Datenschutzbeauftragte gegen einen Polizeibeamten ein Bu\u00dfgeld in H\u00f6he von 1.400 EUR <a href=\"https:\/\/www.baden-wuerttemberg.datenschutz.de\/lfdi-baden-wuerttemberg-verhaengt-erstes-bussgeld-gegen-polizeibeamten\/\">wegen rechtswidriger Verarbeitung dienstlich erlangter personenbezogener Daten f\u00fcr private Zwecke<\/a> erlassen hat.<\/p>\n<p>19. Juni: <strong>Polizeisch\u00fcsse:<\/strong> Bei einer Verfolgungsfahrt bei Witzhave (Schleswig-Holstein) <a href=\"https:\/\/www.spiegel.de\/panorama\/justiz\/schleswig-holstein-polizei-gibt-bei-verfolgungsjagd-sechs-schuesse-ab-a-1273469.html\">schie\u00dfen Polizist*innen sechsmal auf Reifen und die Windschutzscheibe des Fluchtwagens<\/a>. Verletzt wird niemand; der Fahrer wird festgenommen.<\/p>\n<p><strong>Demonstration gegen Rechts:<\/strong> In Frankfurt\/M. (Hessen) beteiligen sich rund <a href=\"https:\/\/www.fr.de\/frankfurt\/frankfurt-demo-gegen-rechts-zr-12533899.html\">400 Menschen an einer Demo \u201eFrankfurt Nazifrei\u201c<\/a>. Nach dem Mord an dem Regierungspr\u00e4sidenten L\u00fcbcke (CDU) demonstrieren am 27. Juni rund <a href=\"https:\/\/www.tagesspiegel.de\/politik\/nach-mord-an-walter-luebcke-10-000-menschen-demonstrieren-in-kassel-gegen-rechte-gewalt\/24503124.html\">10.000 Menschen in Kassel (Hessen) gegen rechte Gewalt<\/a>.<\/p>\n<p><strong>Verfassungsschutz: <\/strong>Bei der Vorstellung des Verfassungsschutzberichtes 2018 in Potsdam (Brandenburg) erkl\u00e4rt Landesinnenminister Karl-Heinz Schr\u00f6ter (SPD), besondere Sorge bereite ihm der S\u00fcden des Landes, dort existiere eine \u201e\u00fcber Jahrzehnte gewachsene Mischszene, die sich zunehmend verdichtet und verzahnt.\u201c Dazu geh\u00f6rten <a href=\"https:\/\/www.berliner-zeitung.de\/berlin\/brandenburg\/extremisten-auf-dem-vormarsch-in-brandenburg-leben-so-viele-neonazis-wie-nie-32728202\">Neonazis, Rocker*innen, Kampfsportler*innen, Wachsch\u00fctzer*innen, Hass-Musiker*innen, Hooligans und Mitglieder von NPD, dem \u201eDritten Weg\u201c oder der \u201eIdentit\u00e4ren Bewegung\u201c<\/a>. In seinem am 27. Juni vorgestellten Verfassungsschutzbericht 2018 verzeichnet das BfV eine <a href=\"https:\/\/www.spiegel.de\/politik\/deutschland\/verfassungsschutzbericht-zahl-rechtsextremer-in-deutschland-steigt-a-1274532.html\">Zunahme bei Rechtsextremist*innen, \u201eReichsb\u00fcrger*innen\u201c, Linksradikalen und Islamist*innen<\/a>.<\/p>\n<p><strong>Islamistischer Extremismus:<\/strong> Laut brandenburgischen Verfassungsschutzbericht 2018 leben im dortigen Bundesland <a href=\"https:\/\/www.morgenpost.de\/berlin\/article226223557\/Deutlich-mehr-Extremisten-in-Brandenburg.html\">180 potenzielle islamistische Extremist*innen<\/a> (2017: 130).<\/p>\n<p><strong>Rechtsextremistische Partei \u201eDer III. Weg\u201c:<\/strong> Bei der Vorstellung des Verfassungsschutzberichtes 2018 in Potsdam (Brandenburg) erkl\u00e4rt Landesinnenminister Karl-Heinz Schr\u00f6ter (SPD), im S\u00fcden des Bundeslandes gebe es <a href=\"https:\/\/www.berliner-zeitung.de\/berlin\/brandenburg\/extremisten-auf-dem-vormarsch-in-brandenburg-leben-so-viele-neonazis-wie-nie-32728202\">eine rechtsextreme Mischszene, der auch Mitglieder des \u201eIII Weg\u201c angeh\u00f6ren<\/a>.<\/p>\n<p>20. Juni: <strong>Interpol:<\/strong> Das \u201eErste Mittlere Volksgericht\u201c im chinesischen Tianjin teilt mit, <a href=\"https:\/\/www.faz.net\/aktuell\/gesellschaft\/kriminalitaet\/ehemaliger-interpol-chef-bekennt-sich-der-korruption-schuldig-16245583.html\">der fr\u00fchere Interpol-Chef Meng Hongwei habe gestanden, Bestechungsgelder und Wertgegenst\u00e4nde in Millionenh\u00f6he angenommen zu haben<\/a>. Hongwei war bei einem Chinabesuch im Herbst 2018 \u201eunter Aufsicht\u201c genommen worden.<\/p>\n<p><strong>\u201eWei\u00dfer Ring\u201c:<\/strong> Vor dem AG L\u00fcbeck (Schleswig-Holstein) beginnt der Prozess gegen den fr\u00fcheren <a href=\"https:\/\/www.welt.de\/vermischtes\/article195635165\/Prozess-in-Luebeck-Weisser-Ring-Chef-soll-hilfesuchender-Frau-Geschlechtsteil-entbloesst-haben.html\">Leiter der dortigen Au\u00dfenstelle der Opferberatung \u201eWei\u00dfer Ring\u201c wegen sexueller Bel\u00e4stigung<\/a> eines Opfers h\u00e4uslicher Gewalt.<\/p>\n<p>24. Juni: <strong>Polizeischuss:<\/strong> Nachdem in Berlin ein psychisch gest\u00f6rter Mann in ein Maler-Atelier eingedrungen ist, greift er die alarmierten Polizist*innen mit einem Messer an.<a href=\"https:\/\/www.morgenpost.de\/berlin\/polizeibericht\/article226283779\/Polizei-schiessr-in-Friedenau-auf-nackten-Einbrecher.html\"> Ein Beamter gibt einen Schuss ab, verletzt wird niemand. Herbeigerufene SEK-Kr\u00e4fte \u00fcberw\u00e4ltigen den Mann mit einem Taser<\/a>.<\/p>\n<p>27. Juni: <strong>\u201eReichsb\u00fcrger*innen\u201c:<\/strong> In seinem Verfassungsschutzbericht 2018 rechnet das BfV mit <a href=\"https:\/\/www.spiegel.de\/politik\/deutschland\/verfassungsschutzbericht-zahl-rechtsextremer-in-deutschland-steigt-a-1274532.html\">insgesamt 19.000 \u201eReichsb\u00fcrger*innen\u201c<\/a>, davon gelten 950 als rechtsextrem.<\/p>\n<p>28. Juni: <strong>Polizeischuss:<\/strong> Um die Flucht eines Verd\u00e4chtigen zu stoppen, gibt ein <a href=\"https:\/\/www.abendzeitung-muenchen.de\/inhalt.gesuchter-wollte-fliehen-oberfoehring-polizist-gibt-bei-festnahme-warnschuss-ab.beddad06-e10a-4a91-a4f0-d1426ef99840.html\">Polizeibeamter in M\u00fcnchen (Bayern) einen Warnschuss ab<\/a>. Am gleichen Tag l\u00f6st sich in einem Dienstraum der Berliner Polizei <a href=\"https:\/\/www.tagesspiegel.de\/berlin\/polizei-justiz\/polizist-schwer-verletzt-schuss-loest-sich-aus-dienstwaffe\/24508392.html\">aus der Waffe eines Beamten ein Schuss und trifft einen Kollegen in den Oberschenkel<\/a>.<\/p>\n<h3>Beitragsbild: Polizei in Garzweiler (Polizei NRW).<\/h3>\n","protected":false},"excerpt":{"rendered":"<p>zusammengestellt von Otto Diederichs 1. Juni: Rechtsextremismus: In Chemnitz (Sachsen) demonstrieren etwa 270 Anh\u00e4nger der<\/p>\n","protected":false},"author":2,"featured_media":15654,"comment_status":"open","ping_status":"open","sticky":false,"template":"","format":"standard","meta":{"footnotes":""},"categories":[6],"tags":[216,755,820,1094,1132,1186,1195,1216],"class_list":["post-15656","post","type-post","status-publish","format-standard","has-post-thumbnail","hentry","category-chronologien","tag-antisemitismus","tag-homophobie","tag-justiz","tag-polizei","tag-polizeischuesse","tag-rassismus","tag-rechtsextremismus","tag-repression"],"_links":{"self":[{"href":"https:\/\/wp-dev.daten.cool\/index.php?rest_route=\/wp\/v2\/posts\/15656","targetHints":{"allow":["GET"]}}],"collection":[{"href":"https:\/\/wp-dev.daten.cool\/index.php?rest_route=\/wp\/v2\/posts"}],"about":[{"href":"https:\/\/wp-dev.daten.cool\/index.php?rest_route=\/wp\/v2\/types\/post"}],"author":[{"embeddable":true,"href":"https:\/\/wp-dev.daten.cool\/index.php?rest_route=\/wp\/v2\/users\/2"}],"replies":[{"embeddable":true,"href":"https:\/\/wp-dev.daten.cool\/index.php?rest_route=%2Fwp%2Fv2%2Fcomments&post=15656"}],"version-history":[{"count":0,"href":"https:\/\/wp-dev.daten.cool\/index.php?rest_route=\/wp\/v2\/posts\/15656\/revisions"}],"wp:featuredmedia":[{"embeddable":true,"href":"https:\/\/wp-dev.daten.cool\/index.php?rest_route=\/wp\/v2\/media\/15654"}],"wp:attachment":[{"href":"https:\/\/wp-dev.daten.cool\/index.php?rest_route=%2Fwp%2Fv2%2Fmedia&parent=15656"}],"wp:term":[{"taxonomy":"category","embeddable":true,"href":"https:\/\/wp-dev.daten.cool\/index.php?rest_route=%2Fwp%2Fv2%2Fcategories&post=15656"},{"taxonomy":"post_tag","embeddable":true,"href":"https:\/\/wp-dev.daten.cool\/index.php?rest_route=%2Fwp%2Fv2%2Ftags&post=15656"}],"curies":[{"name":"wp","href":"https:\/\/api.w.org\/{rel}","templated":true}]}}