{"id":15677,"date":"2019-07-24T17:21:14","date_gmt":"2019-07-24T17:21:14","guid":{"rendered":"https:\/\/www.cilip.de\/?p=15677"},"modified":"2019-07-24T17:21:14","modified_gmt":"2019-07-24T17:21:14","slug":"die-problematische-nutzung-von-dna-fuer-die-polizeiarbeit","status":"publish","type":"post","link":"https:\/\/wp-dev.daten.cool\/?p=15677","title":{"rendered":"Die problematische Nutzung von DNA f\u00fcr die Polizeiarbeit"},"content":{"rendered":"<p><strong>Informationsveranstaltung und Diskussion zum \u201egenetischen Phantombild\u201c<\/strong><\/p>\n<p>Die Bundesregierung will die Strafprozessordnung grundlegend erweitern. Neben Einschnitten in Beschuldigten- und Verteidigungsrechte sollen sogenannte erweiterte DNA-Analysen eingef\u00fchrt werden. Damit darf die Polizei menschliche DNA-Spuren auf m\u00f6gliche Augen-, Haut- und Haarfarbe sowie Alter ihrer Tr\u00e4ger*innen untersuchen. Dieses \u201egenetische Phantombild\u201c wird in der Wissenschaft als ungenau und gef\u00e4hrlich kritisiert.<\/p>\n<blockquote class=\"alignright\"><p>Donnerstag 5. September 2019, 19.30 Uhr<br \/>\n\u201eAquarium\u201c, Skalitzer Str. 6, Berlin (U-Bhf Kottbusser Tor)<\/p><\/blockquote>\n<p>Aus antirassistischer und datenschutzrechtlicher Perspektive bergen die erweiterten DNA-Analysen erhebliches Diskriminierungspotenzial. F\u00fcr die politische Rechte bietet die Debatte erneut die M\u00f6glichkeit, ihre rassistische Erz\u00e4hlung von Migration und Kriminalit\u00e4t als zwei Seiten einer Medaille zu etablieren. Diese und andere Themen wollen wir vor dem endg\u00fcltigen Beschluss der Strafrechtsreform beleuchten.<\/p>\n<p><strong>RA Benjamin Derin<\/strong>, Zeitschrift B\u00fcrgerrechte &amp; Polizei\/CILIP, RAV<\/p>\n<p><strong>Isabelle Bartram<\/strong>, Gen-Ethisches Netzwerk GeN<\/p>\n<p><strong>Anja Reuss<\/strong>, Zentralrat Deutscher Sinti und Roma<\/p>\n<p><em>Veranstalter*innen: Institut f\u00fcr B\u00fcrgerrechte &amp; \u00f6ffentliche Sicherheit e.V.\/ Zeitschrift CILIP, Gen-ethisches Netzwerk (GeN), arbeitskreis kritischer jurist*innen an der Humboldt-Universit\u00e4t Berlin (akj), Republikanischer Anw\u00e4ltinnen- und Anw\u00e4lteverein (RAV)<\/em><\/p>\n<h4>Benjamin Derin zur Strafrechtsreform:<\/h4>\n<audio class=\"wp-audio-shortcode\" id=\"audio-15677-1\" preload=\"none\" style=\"width: 100%;\" controls=\"controls\"><source type=\"audio\/mpeg\" src=\"http:\/\/archiv.cilip.de\/Audio\/20190905_Genetisches_Phantombild_Benjamin_Derin.mp3?_=1\" \/><a href=\"http:\/\/archiv.cilip.de\/Audio\/20190905_Genetisches_Phantombild_Benjamin_Derin.mp3\">http:\/\/archiv.cilip.de\/Audio\/20190905_Genetisches_Phantombild_Benjamin_Derin.mp3<\/a><\/audio>\n<h4>Isabelle Bartram zur erweiterten DNA-Analyse:<\/h4>\n<audio class=\"wp-audio-shortcode\" id=\"audio-15677-2\" preload=\"none\" style=\"width: 100%;\" controls=\"controls\"><source type=\"audio\/mpeg\" src=\"http:\/\/archiv.cilip.de\/Audio\/20190905_Genetisches_Phantombild_Isabelle_Bartram.mp3?_=2\" \/><a href=\"http:\/\/archiv.cilip.de\/Audio\/20190905_Genetisches_Phantombild_Isabelle_Bartram.mp3\">http:\/\/archiv.cilip.de\/Audio\/20190905_Genetisches_Phantombild_Isabelle_Bartram.mp3<\/a><\/audio>\n<h4>Anja Reuss zur problematischen Nutzung von DNA in Ermittlungen:<\/h4>\n<audio class=\"wp-audio-shortcode\" id=\"audio-15677-3\" preload=\"none\" style=\"width: 100%;\" controls=\"controls\"><source type=\"audio\/mpeg\" src=\"http:\/\/archiv.cilip.de\/Audio\/20190905_Genetisches_Phantombild_Anja_Reuss.mp3?_=3\" \/><a href=\"http:\/\/archiv.cilip.de\/Audio\/20190905_Genetisches_Phantombild_Anja_Reuss.mp3\">http:\/\/archiv.cilip.de\/Audio\/20190905_Genetisches_Phantombild_Anja_Reuss.mp3<\/a><\/audio>\n<h4>Q&amp;A, Fragen und Anmerkungen:<\/h4>\n<audio class=\"wp-audio-shortcode\" id=\"audio-15677-4\" preload=\"none\" style=\"width: 100%;\" controls=\"controls\"><source type=\"audio\/mpeg\" src=\"http:\/\/archiv.cilip.de\/Audio\/20190905_Genetisches_Phantombild_QA.mp3?_=4\" \/><a href=\"http:\/\/archiv.cilip.de\/Audio\/20190905_Genetisches_Phantombild_QA.mp3\">http:\/\/archiv.cilip.de\/Audio\/20190905_Genetisches_Phantombild_QA.mp3<\/a><\/audio>\n<p><!--more--><\/p>\n<p><img loading=\"lazy\" decoding=\"async\" class=\"aligncenter size-full wp-image-15699\" src=\"https:\/\/www.cilip.de\/wp-content\/uploads\/2019\/07\/20190905_Veranstaltung_DNA_Flyer.png\" alt=\"\" width=\"957\" height=\"671\" srcset=\"https:\/\/wp-dev.daten.cool\/wp-content\/uploads\/2019\/07\/20190905_Veranstaltung_DNA_Flyer.png 957w, https:\/\/wp-dev.daten.cool\/wp-content\/uploads\/2019\/07\/20190905_Veranstaltung_DNA_Flyer-300x210.png 300w, https:\/\/wp-dev.daten.cool\/wp-content\/uploads\/2019\/07\/20190905_Veranstaltung_DNA_Flyer-768x538.png 768w\" sizes=\"auto, (max-width: 957px) 100vw, 957px\" \/><\/p>\n<p>Unser Flyer zum <a href=\"http:\/\/archiv.cilip.de\/Veranstaltungen\/20190905_Problematische_Nutzung_DNA.pdf\">Download als PDF<\/a>.<\/p>\n<h3>Beitragsbild: <a href=\"https:\/\/unsplash.com\/@sharonmccutcheon?utm_source=unsplash&amp;utm_medium=referral&amp;utm_content=creditCopyText\">Sharon McCutcheon<\/a> on <a href=\"https:\/\/unsplash.com\/search\/photos\/cotton-bud?utm_source=unsplash&amp;utm_medium=referral&amp;utm_content=creditCopyText\">Unsplash<\/a><\/h3>\n","protected":false},"excerpt":{"rendered":"<p>Informationsveranstaltung und Diskussion zum \u201egenetischen Phantombild\u201c Die Bundesregierung will die Strafprozessordnung grundlegend erweitern. Neben Einschnitten<\/p>\n","protected":false},"author":2,"featured_media":15680,"comment_status":"open","ping_status":"open","sticky":false,"template":"","format":"standard","meta":{"footnotes":""},"categories":[150],"tags":[],"class_list":["post-15677","post","type-post","status-publish","format-standard","has-post-thumbnail","hentry","category-veranstaltungen"],"_links":{"self":[{"href":"https:\/\/wp-dev.daten.cool\/index.php?rest_route=\/wp\/v2\/posts\/15677","targetHints":{"allow":["GET"]}}],"collection":[{"href":"https:\/\/wp-dev.daten.cool\/index.php?rest_route=\/wp\/v2\/posts"}],"about":[{"href":"https:\/\/wp-dev.daten.cool\/index.php?rest_route=\/wp\/v2\/types\/post"}],"author":[{"embeddable":true,"href":"https:\/\/wp-dev.daten.cool\/index.php?rest_route=\/wp\/v2\/users\/2"}],"replies":[{"embeddable":true,"href":"https:\/\/wp-dev.daten.cool\/index.php?rest_route=%2Fwp%2Fv2%2Fcomments&post=15677"}],"version-history":[{"count":0,"href":"https:\/\/wp-dev.daten.cool\/index.php?rest_route=\/wp\/v2\/posts\/15677\/revisions"}],"wp:featuredmedia":[{"embeddable":true,"href":"https:\/\/wp-dev.daten.cool\/index.php?rest_route=\/wp\/v2\/media\/15680"}],"wp:attachment":[{"href":"https:\/\/wp-dev.daten.cool\/index.php?rest_route=%2Fwp%2Fv2%2Fmedia&parent=15677"}],"wp:term":[{"taxonomy":"category","embeddable":true,"href":"https:\/\/wp-dev.daten.cool\/index.php?rest_route=%2Fwp%2Fv2%2Fcategories&post=15677"},{"taxonomy":"post_tag","embeddable":true,"href":"https:\/\/wp-dev.daten.cool\/index.php?rest_route=%2Fwp%2Fv2%2Ftags&post=15677"}],"curies":[{"name":"wp","href":"https:\/\/api.w.org\/{rel}","templated":true}]}}