{"id":15717,"date":"2019-09-04T17:39:48","date_gmt":"2019-09-04T17:39:48","guid":{"rendered":"https:\/\/www.cilip.de\/?p=15717"},"modified":"2019-09-04T17:39:48","modified_gmt":"2019-09-04T17:39:48","slug":"chronologie-august-2019","status":"publish","type":"post","link":"https:\/\/wp-dev.daten.cool\/?p=15717","title":{"rendered":"Chronologie August 2019"},"content":{"rendered":"<h3>zusammengestellt von Otto Diederichs<\/h3>\n<p>1. August: <b>Alternative f\u00fcr Deutschland (AfD):<\/b> Durch <a href=\"https:\/\/www.spiegel.de\/politik\/deutschland\/andreas-kalbitz-afd-arbeitete-an-filmen-ueber-hitler-und-die-wehrmacht-mit-a-1280086.html\">Presseberichte<\/a> wird bekannt, dass sich der Brandenburger AfD-Vorsitzende an Dreharbeiten f\u00fcr zwei Filme \u00fcber Hitler und die Wehrmacht beteiligte, die ein Historiker als Verherrlichung des Nationalsozialismus einordnet. Am <a href=\"https:\/\/www.sueddeutsche.de\/bayern\/volksverhetzung-afd-bayern-facebook-deggendorf-1.4557437\">8. August<\/a> wird bekannt, dass die Staatsanwaltschaft (StA) Deggendorf (Bayern) wegen eines AfD-Facebook-Filmes Ende 2017 insgesamt 257 Verfahren wegen Volksverhetzung eingeleitet hatte. In 97 F\u00e4llen wurden Strafbefehle erlassen; 91 Verfahren sind noch offen. Die StA Bremen hat <a href=\"https:\/\/www.spiehel.de\/panorama\/justiz\/frank-magnitz-angriff-auf-afd-politiker-in-bremen-staatsanwaltschaft-stellt-ermittlungen-ein-a-1281568.html\">laut Medienberichten<\/a> vom 12. August die Ermittlungen zu einem Angriff auf den Bremer AfD-Landeschef im Januar eingestellt; man habe keine Verd\u00e4chtigen finden k\u00f6nnen. <a href=\"https:\/\/www.spiegel.de\/politik\/deutschland\/sachsenhausen-strafbefehl-wegen-volksverhetzung-gegen-afd-anhaenger-a-1281600.html\">Am gleichen Tag<\/a> teilt die StA Neuruppin (Brandenburg) mit, dass sie gegen ein AfD-Mitglied einen Strafbefehl wegen Volksverhetzung und St\u00f6rung der Totenruhe beantragt hat. Der Mann hatte bei einem Gruppenbesuch der KZ-Gedenkst\u00e4tte Sachsenhausen im Juli 2018 \u00f6ffentlich die Existenz der Gaskammern angezweifelt. Am 16. August entscheidet das Verfassungsgericht (VerfG) Leipzig (Sachsen), dass die AfD bei der Landtagswahl nur mit 30 Listenkandidat_innen antreten darf, geplant waren 61. Dies war wegen formaler M\u00e4ngel jedoch <a href=\"https:\/\/www.spiegel.de\/politik\/deutschland\/sachsen-wahl-afd-darf-mit-30-listenkandidaten-antreten-a-1282361.html\">nicht zugelassen worden<\/a>. <!--more-->Begleitet von einem gro\u00dfen Polizeiaufgebot fand <a href=\"https:\/\/www.faz.net\/aktuell\/politik\/inland\/protest-und-polizeieinsatz-bei-poggenburg-demo-in-leipzig-16345202.html\">am 21. August<\/a> in Leipzig (Sachsen-Anhalt) eine Demonstration des Ex-AfD-Politikers Andr\u00e9 Poggenburg (2014-2018) mit knapp 10 Teilnehmer_innen statt (Gegendemonstration: \u00fcber 500). In Luckau (Brandenburg) ver\u00f6ffentlicht die Polizei <a href=\"https:\/\/www.tagesspiegel.de\/berlin\/wahlkampf-fuer-dieafd-mit-allen-mitteln-rechter-verein-macht-mit-erfundenemvorfall-mobil\/24928302.html\">am gleichen Tag<\/a> eine Erkl\u00e4rung, in der sie Behauptungen des AfD-nahen Verein \u201eZukunft Heimat\u201c \u00fcber \u00dcbergriffe von Fl\u00fcchtlingen auf deutsche M\u00e4dchen als explizit \u201efalsche Behauptungen\u201c bezeichnet. Durch eine parlamentarische Anfrage der AfD-Bundestagsfraktion wird <a href=\"https:\/\/www.spiegel.de\/politik\/deutschland\/afd-politiker-am-staerksten-betroffen-31-gewaltattacken-gegen-politiker-a-1283211.html\">am 22. August<\/a> bekannt, dass es im zweiten Quartal des Jahres zu insgesamt 24 gewaltsamen \u00dcbergriffen auf AfD-Politiker_innen kam. <a href=\"https:\/\/www.spiegel.de\/politik\/deutschland\/afd-in-schleswig-holstein-wirft-doris-sayn-wittgenstein-raus-a-1284044.html\">Am 28. August<\/a> wird durch Presseberichte bekannt, dass das Bundesschiedsgericht der AfD den Parteiausschluss der schleswig-holsteinischen AfD-Landesvorsitzenden von Sayn-Wittgenstein wegen parteisch\u00e4digendem Verhalten best\u00e4tigt hat; ihr werden Kontakte zu Rechtsextremisten vorgeworfen. <a href=\"https:\/\/www.faz.net\/aktuell\/politik\/inland\/afd-stadtrat-soll-schreckschusspistole-abgefeuert-haben-16360053.html\">Am 28. August<\/a> schie\u00dft in Weimar (Th\u00fcringen) ein betrunkener AfD-Stadtrat vor einem Supermarkt mit einer Schreckschusspistole. Als Polizeikr\u00e4fte eintreffen, beleidigt, bedroht und tritt er sie. Er wird in Gewahrsam genommen. Die Bundestagsverwaltung <a href=\"https:\/\/www.spiegel.de\/politik\/deutschland\/afd-kreisverband-von-bjoern-hoecke-soll-34.000-euro-strafe-zahlen-a-1284253.html\">verlangt von der AfD<\/a> eine Strafzahlung in H\u00f6he von rund 34.000 EUR. Hintergrund ist das sog. \u201eKyffh\u00e4usertreffen\u201c des rechtsnationalen \u201eFl\u00fcgels\u201c der AfD im Jahr 2016, das im Rechenschaftsbericht der Partei nicht korrekt ausgewiesen wurde.<\/p>\n<p>\u201e<b>Reichsb\u00fcrger\u201c:<\/b> In Dresden und Wilthen (Sachsen) <a href=\"https:\/\/welt.de\/vermischtes\/article197746265\/Dresden-Polizei-hebt-falsches-Verkehrsamt-von-Reichsbuergern-aus.html\">durchsucht die Polizei<\/a> die R\u00e4ume von zwei \u201eReichsb\u00fcrgern\u201c und hebt dabei ein \u201eVerkehrsamt\u201c aus, in dem Fantasief\u00fchrerscheine, falsche Kennzeichen u.a. ausgegeben werden. Festgenommen wird niemand. Durch Presseberichte wird <a href=\"https:\/\/www.sueddeutsche.de\/muenchen\/reichsbuerger-prepper-waffenarsenal-polizei-1.4550470\">am 2. August<\/a> bekannt, dass die Polizei bei einem \u201eReichsb\u00fcrger\u201c in Brunnthal (Bayern) ein Waffenlager sichergestellt hat.<br \/>\n<b><\/b><\/p>\n<p><b>Polizei und Datenschutz:<\/b> Die hessische Polizei hat im Februar <a href=\"https:\/\/www.fr.de\/rhein-main\/hessen-polizisten-fuehren-verbotene-abfragen-durch-12875917.html\">Zufallskontrollen bei Personenabfragen im Polizeisystem eingef\u00fchrt<\/a>, nachdem im Jahr 2018 insgesamt 180 Missbrauchsf\u00e4lle gemeldet wurden. In der Nacht eines Konzerts von Helene Fischer ist die S\u00e4ngerin beispielsweise 83 Mal abgefragt worden.<\/p>\n<p><b>Hamburger<\/b><b> <\/b><b>Polizeigesetz: <\/b>Der rot-gr\u00fcne Hamburger Senat <a href=\"https:\/\/taz.de\/Neues-Polizeigesetz\/5610094\/\">beschlie\u00dft ein neues Polizeigesetz<\/a>. Damit sollen k\u00fcnftig auf richterliche Anordnung elektronische Fu\u00dffesseln angelegt werden; die Anordnungsbefugnis des Datenschutzbeauftragten wird wegen seiner kritischen Haltung zur Gesichtserkennung beim G20-Gipfel gestrichen.<\/p>\n<p><b>Tod durch Fesselung:<\/b> In einem Krankenhaus in Karlsruhe (Baden-W\u00fcrttemberg) <a href=\"https:\/\/www.spiegel.de\/panorama\/justiz\/karlsruhe-mann-stirbt-nach-fixierungen-durch-polizei-und-justizbeamte-a-1280742.html\">stirbt ein im Juli festgenommener Mann<\/a>. Er war aufgrund massiven Widerstandes von Polizisten und Justizbeamte mehrfach gefesselt worden.<\/p>\n<p>2. August: <b>Dschihadisten-Prozesse:<\/b> Das Oberlandesgericht (OLG) Stuttgart (Baden-W\u00fcrttemberg) verurteilt einen Deutsch-Algerier wegen Werbung f\u00fcr die Terrormiliz \u201eIslamischer Staat\u201c (IS) <a href=\"https:\/\/www.faz.net\/aktuell\/politik\/inland\/is-anhaenger-zu-vier-jahren-haft-verurteilt-16315269.html\">zu vier Jahren Haft<\/a>. Der Mann hatte im Internet f\u00fcr eine Unterst\u00fctzung des IS geworben. Das Amtsgericht (AG) Neuss (NRW) verurteilt <a href=\"https:\/\/www.spiegel.de\/panorama\/justiz\/moenchengladbach-gefaehrder-raschid-k-in-neuss-verurteilt-a-1280908.html\">am 8. August<\/a> einen islamistischen Gef\u00e4hrder wegen Versto\u00df gegen das Waffengesetz und Einbruchsdiebstahl zu einer 18-monatigen Haftstrafe. <a href=\"https:\/\/www.berliner-zeitung.de\/politik\/generalbundesanwalt-drei-iraker-wegen-anschlagsplaenen-in-deutschland-angeklagt-33011242\">Am 14. August<\/a> erhebt der Generalbundesanwalt (GBA) vor dem OLG Hamburg Anklage gegen drei Iraker wegen der Vorbereitung eines islamistischen Terroranschlags. Die M\u00e4nner waren Ende Januar festgenommen worden.<\/p>\n<p><b>Organisierte Kriminalit\u00e4t:<\/b> Durch Presseberichte wird bekannt, dass der Zoll <a href=\"https:\/\/www.spiegel.de\/panorama\/justiz\/hamburg-kokain-im-wert-von-einer-milliarde-euro-beschlagnahmt-a-1280168.html\">vor rund zwei Wochen<\/a> im Hamburger Hafen viereinhalb Tonnen Kokain sichergestellt hat. <a href=\"https:\/\/www.spiegel.de\/panorama\/justiz\/hamburg-zoll-entdeckt-erneut-kokain-im-millionenwert-a-1280876.html\">Am 7. August<\/a> stellt der Zoll im Hamburger Hafen erneut anderthalb Tonnen Kokain sicher. <a href=\"https:\/\/www.berliner-zeitung.de\/panorama\/aktion-gegen-kinderhandel-europol-nimmt-europaweit-70-tatverdaechtige-fest-32986996\">Am 9. August<\/a> teilt die Europ\u00e4ische Polizeibeh\u00f6rde Europol mit, dass bei einem Einsatz gegen Kinderhandel Mitte Juni in 18 L\u00e4ndern insgesamt 70 Tatverd\u00e4chtige festgenommen wurden. <a href=\"https:\/\/www.berliner-zeitung.de\/berlin\/polizei\/bandenmaessiger-drogenhandel-in-berlin-ecstasy--kokain-und-goldbarren-sichergestellt-33025770\">Am 16. August<\/a> durchsucht die Polizei in Berlin 11 Objekte in verschiedenen Stadtteilen. Mehrere Kilo Marihuana und Haschisch, gr\u00f6\u00dfere Mengen Ecstasy und Kokain sowie mehrere 10.000 EUR Bargeld und Goldbarren werden beschlagnahmt; sechs Personen werden festgenommen. In Sachsen-Anhalt und Th\u00fcringen durchsucht die Polizei <a href=\"https:\/\/www.berliner-zeitung.de\/panorama\/ausbeutung-razzia-wegen-illegaler-arbeitskraefte-in-sachsen-anhalt-und-thueringen-33072314\">am 27. August<\/a> 12 Objekte unter dem Verdacht der Ausbeutung illegaler Arbeitskr\u00e4fte; zwei Personen werden festgenommen.<\/p>\n<p><b>A<\/b><b>ntisemitis<\/b><b>mus<\/b><b>:<\/b> Durch eine parlamentarische Anfrage der Linken-Bundestagsfraktion <a href=\"https:\/\/www.tagesspiegel.de\/politik\/antisemitismus-in-deutschland-jede-zweite-woche-wird-ein-juedischer-friedhof-geschaendet\/24865114.html\">wird bekannt<\/a>, dass 2018 bundesweit insgesamt 27 j\u00fcdische Friedh\u00f6fe gesch\u00e4ndet wurden (aufgekl\u00e4rt: 3 F\u00e4lle); auf Synagogen wurden 21 Angriffe gez\u00e4hlt (aufgekl\u00e4rt: 5 F\u00e4lle). In M\u00fcnchen (Bayern) bespucken und beschimpfen <a href=\"https:\/\/www.welt.de\/vermischtes\/article198051683\/Kurz-nach-Angriffen-in-Berlin-Rabbinerfamilie-in-Muenchen-angegriffen-und-bespuckt.html\">am 3. August<\/a> zwei Personen eine Rabbiner-Familie. Eine Frau, die in dem Fall als tatverd\u00e4chtig gilt, hat sich bei der Polizei gemeldet und <a href=\"https:\/\/www.spiegel.de\/panorama\/justiz\/muenchen-uebergriff-auf-rabbiner-familie-verdaechtige-weist-vorwuerfe-zurueck-a-1281055.html\">bestreitet die judenfeindlichen Vorw\u00fcrfe<\/a>. Sie spricht von wechselseitigen Beleidigungen. <a href=\"https:\/\/www.tagesspiegel.de\/berlin\/polizei-justiz\/nach-streit-am-flughafen-tegel-antisemitisch-beleidigt-und-vom-flug-ausgeschlossen\/24890832.html\">Am 10. August<\/a> beschimpft auf dem Berliner Flughafen eine Mitarbeiterin der Abfertigung einen Fluggast antisemitisch und schlie\u00dft ihn vom Flug aus. <a href=\"https:\/\/www.morgenpost.de\/berlin\/polizeibericht\/article226771805\/Juedischer-Mann-in-Berlin-attackiert-Staatsschutz-ermittelt.html\">Am 13. August<\/a> wird in Berlin ein Jude von zwei M\u00e4nnern hinterr\u00fccks zu Boden gesto\u00dfen. Die T\u00e4ter k\u00f6nnen fl\u00fcchten. Nach Mitteilung des Bundesverbandes der Recherche-und Informationsstellen Antisemitismus <a href=\"https:\/\/www.berliner-zeitung.de\/berlin\/brandenburg\/von-2014-bis-2018-fast-500-taten-aus-judenhass-in-brandenburg--33016964\">vom 15. August<\/a> kam es in Brandenburg von 2014 bis 2018 zu 492 antisemitischen Vorf\u00e4llen. <a href=\"https:\/\/www.tagesspiegel.de\/berlin\/neuer-ansprechpartner-bei-der-polizei-wolfram-pemp-wird-antisemitismusbeauftragter\/24922930.html\">Am 20. August<\/a> benennt die Berliner Polizei einen eigenen Antisemitismusbeauftragten; er soll die Beamten schulen, antisemitische Vorf\u00e4lle zu erkennen und damit professionell umzugehen, zudem ist er Ansprechpartner nach au\u00dfen.<\/p>\n<p>3. August: <b>Umweltdemonstrationen<\/b><b>:<\/b> <a href=\"https:\/\/www.morgenpost.de\/politik\/inland\/article226670795\/Aktivisten-blockieren-Kohlekraftwerk-Mannheim.html\">Rund 100 Umweltaktivist_innen<\/a> dringen auf auf das Gel\u00e4nde des Kohlekraftwerks in Mannheim (Baden-W\u00fcrttemberg) ein; etwa 40 von ihnen blockieren dabei f\u00fcr mehrere Stunden die Zufahrt des Haupttores. In Frankfurt\/M. (Hessen) blockieren <a href=\"https:\/\/www.fr.de\/frankfurt\/frankfurt-fridays-future-demonstranten-blockieren-tanzend-innenstadt-12903602.html\">am 9. August<\/a> etwa 350 Demonstrant_innen von \u201eFridays for Future\u201c unter Polizeiaufsicht vier Stra\u00dfenkreuzungen in der Innenstadt. <a href=\"https:\/\/www.berliner-zeitung.de\/berlin\/blockierte-sonnenallee-500-aktivisten-demonstrieren-fuer-eine-autofreie-stadt-32991920\">Am 10. August<\/a> demonstrieren in Berlin rund 500 Personen f\u00fcr eine autofreie Stadt.<\/p>\n<p><b>Homophobe Angriffe:<\/b> Aus einer Gruppe Jugendlicher heraus wird <a href=\"https:\/\/www.morgenpost.de\/berlin\/polizeibericht\/article226676849\/Marzahn-Vierergruppe-greift-Transmann-und-Begleiter-an.html\">ein transsexueller Mann mehrfach beleidigt<\/a>. Sein Begleiter wird zu Boden geworfen und mehrfach gegen den Kopf getreten; er muss ins Krankenhaus gebracht werden. Die T\u00e4ter k\u00f6nnen unerkannt entkommen. Wiederum in Berlin beleidigt <a href=\"https:\/\/www.morgenpost.de\/berlin\/polizeibericht\/article226694789\/Blaulicht-Blog-Fussgaenger-auf-die-Strasse-geschleudert.html\">am 5. August<\/a> ein Mann eine transsexuelle Frau homophob und versucht sie zu treten; von einem zweiten Mann wird sie mit Pfefferspray bedroht. Die T\u00e4ter k\u00f6nnen unerkannt entkommen. <a href=\"https:\/\/www.berliner-zeitung.de\/berlin\/polizei\/polizeibericht-betrunkener-e-scooter-fahrer-st\u00fcrzt---schwer-verletzt-32206520\">Am 18. August<\/a> schl\u00e4gt in Berlin ein Mann einem schwulen Paar unvermittelt ins Gesicht und fl\u00fcchtet. Er kann festgenommen werden. <a href=\"https:\/\/www.berliner-zeitung.de\/berlin\/polizei\/polizeibericht-angriff-in-der-u8--unbekannter-schlaegt-mann-in-frauenkleidern-32206520\">Am 27. August<\/a> beleidigt in einer Berliner U-Bahn ein Mann einen anderen, der Frauenkleider tr\u00e4gt, homophob und schl\u00e4gt ihm mehrfach ins Gesicht. Der T\u00e4ter kann fl\u00fcchten.<\/p>\n<p><b>Homophobe <\/b><b>Handlungen<\/b><b>:<\/b> In Berlin wird das Mahnmal f\u00fcr die in der Nazizeit verfolgten Homosexuellen <a href=\"https:\/\/www.tagesspiegel.de\/gesellschaft\/farbattacke-im-regierungsviertel-mahnmal-fuer-homosexuelle-ns-opfer-beschaedigt\/24869792.html\">beschmiert<\/a>. <a href=\"https:\/\/www.morgenpost.de\/berlin(polizeibericht\/article226808269\/Blaulicht-Blog-Streit-am-SchlesischenTor-Verletzte.html\">Am 18. August<\/a> wird in Berlin ein Mann aus einer M\u00e4nnergruppe heraus homophob beschimpft. Die M\u00e4nner k\u00f6nnen fl\u00fcchten.<\/p>\n<p>5. August: <b>Rassistische Handlungen:<\/b> <a href=\"https:\/\/www.spiegel.de\/politik\/deutschland\/bayern-joachim-herrmann-unterstellt-migranten-erhoehte-gewaltbereitschaft-a-1280493.html\">In einem Interview unterstellt<\/a> Bayerns Innenminister Joachim Herrmann (CSU) neu eingereisten Migrant_innen eine erh\u00f6hte Gewaltbereitschaft: \u201eWir haben hier ein erh\u00f6htes Risiko, das zeigen die Kriminalit\u00e4tsstatistiken ganz eindeutig\u201c. In Berlin beleidigt <a href=\"https:\/\/www.morgenpost.de\/berlin\/polizeibericht\/article226694789\/Blaulicht-Blog-Fussgaenger-auf-die-Strasse-geschleudert.html\">am gleichen Tag<\/a> ein betrunkener Mann eine Jugendliche rassistisch. Er wird in Gewahrsam genommen. <a href=\"https:\/\/www.welt.de\/politik\/deutschland\/article198112297\/Boris-Palmer-fordert-Debatte-ueber-Gewaltkriminalitaet-von-Asylbewerbern.html\">Am 6. August<\/a> erkl\u00e4rt auch der Oberb\u00fcrgermeister von T\u00fcbingen (Baden-W\u00fcrttemberg), Boris Palmer (Gr\u00fcne) in einem Zeitungsbeitrag, vielfach w\u00fcrden Straftaten von Asylbewerber_innen verharmlost. In Berlin beschimpft <a href=\"https:\/\/www.morgenpost.de\/berlin\/polizeibericht\/article226741279\/Unfall-mit-Kutsche-in-Berlin-Kutschfahrer-stirbt.html\">am 10. August<\/a> ein betrunkener Mann einen Passanten rassistisch, zeigt den Hitlergru\u00df und bedroht ihn. Er wird in Gewahrsam genommen. Wiederum in Berlin wird <a href=\"https:\/\/www.morgenpost.de\/berlin(polizeibericht\/article226808269\/Blaulicht-Blog-Streit-am-SchlesischenTor-Verletzte.html\">am 17. August<\/a> eine Frau mit ihren Kindern rassistisch beleidigt; der T\u00e4ter kann unerkannt fl\u00fcchten. <a href=\"https:\/\/www.tagesspiegel.de\/berlin\/polizei-justiz\/gewaltandrohung-in-pankower-baeckerei-verkaeuferin-rassistisch-beleidigt\/24964190.html\">Am 30. August<\/a> beleidigen in einer Berliner B\u00e4ckerei zwei M\u00e4nner die kopftuchtragende Verk\u00e4uferin rassistisch und bedrohen sie.<\/p>\n<p><b>Repression gegen L<\/b><b>inks:<\/b> Die Berliner Polizei hat eine eigene Ermittlungsgruppe f\u00fcr Straftaten rund um fr\u00fcher von mutma\u00dflichen Linksextremisten besetzte H\u00e4user im Stadtteil Friedrichshain <a href=\"https:\/\/www.berliner-zeitung.de\/berlin\/polizei\/linksextremismus-polizei-gruendet-neue-ermittlungsgruppe-zu-rigaer-strasse-33041978\">gegr\u00fcndet<\/a>. Bundesweit hat die Polizei zwischen Anfang Juni 2018 und Mitte Juli 2019 bundesweit <a href=\"https:\/\/www.spiegel.de\/panorama\/justiz\/nsu-mordserie-der-terrorgruppe-ist-bis-heute-betzgspunkt-fuer-extremisten-a-1281989.html\">58 links motivierte Straftaten registriert<\/a>, bei denen Bezug auf die Mordserie des NSU genommen wurde.<\/p>\n<p><b>Frontex:<\/b> <a href=\"https:\/\/correctiv.org\/top-stories\/2019\/08\/04\/frontex-transparenz\/\">Laut Presseberichten<\/a> unter Berufung auf interne EU-Dokumente dulden Beamt_innen der Europ\u00e4ischen Grenzschutzagentur Frontex Menschenrechtsverletzungen und k\u00f6nnen exzessive Gewalt nicht unterbinden. Frontex bestreitet dies \u201ekategorisch\u201c; die EU-Kommission k\u00fcndigt eine \u00dcberpr\u00fcfung an.<\/p>\n<p>6. August: <b>Rechtsextremismus:<\/b> In Brandenburg <a href=\"https:\/\/www.berliner-zeitung.de\/berlin\/polizei\/trotz-haftbefehl-13-rechtsextremisten-in-brandenburg-auf-freiem-fuss-32972680\">befinden sich 13 Rechtsextremist_innen auf freiem Fu\u00df<\/a>, da vorliegende Haftbefehle aufgrund von Flucht oder unbekanntem Aufenthaltsort nicht vollstreckt werden k\u00f6nnen. Laut Bundeskriminalamt (BKA) waren bis Ende M\u00e4rz 2019 bundesweit Haftbefehle gegen insgesamt 497 Rechtsextremist_innen nicht vollstreckbar. Ebenfalls am 6. August teilt der hessische Innenminister Peter Beuth (CDU) mit, dass auf sog. rechtsextremistischen \u201eFeindeslisten\u201c 1.100 Menschen und Institutionen in Hessen genannt werden. <a href=\"https:\/\/www.faz.net\/aktuell\/gesellschaft\/kriminalitaet\/hessen-auf-feindliste-von-rechtsextremisten-16320812.html\">Insgesamt<\/a> stehen auf den im Internet kursierenden Listen bundesweit rund 25.000 Personen und Institutionen. Durch eine parlamentarische Anfrage der Linksfraktion in der Hamburger B\u00fcrgerschaft wird <a href=\"https:\/\/taz.de\/Feindesliste-der-rechten-Szene\/!5614177\/\">am 8. August<\/a> bekannt, dass 364 Datens\u00e4tze auf den \u201eFeindeslisten\u201c einen Bezug zu Hamburg haben. <a href=\"https:\/\/www.spiegel.de\/panorama\/justiz\/rechtsextremismus-staatsanwaltschaft-halle-ermittelt-gegen-druiden-a-1282281.html\">Am 16. August<\/a> hei\u00dft es, dass es Anfang Juli eine Durchsuchung bei einem polizeilich bekannten Rechtsextremisten in Sachsen-Anhalt gab und die StA Halle ein Ermittlungsverfahren wegen Billigung von Straftaten eingeleitet hat. Der Mann soll den Mord am Kasseler Regierungspr\u00e4sidenten L\u00fcbcke begr\u00fc\u00dft haben. Das BKA muss von Rechtsextremist_innen zusammengestellte Namenslisten \u201epolitischer Feinde\u201c nicht ver\u00f6ffentlichen. Das entscheidet das Verwaltungsgericht (VG) Wiesbaden (Hessen) <a href=\"https:\/\/www.spiegel.de\/politik\/deutschland\/rechtsextreme-feindeslisten-bka-muss-betroffene-nicht-informieren-a-1282605.html\">am 19. August<\/a> auf eine entsprechende Klage eines Journalisten. <a href=\"https:\/\/www.tagesspiegel.de\/politik\/rechtsextreme-gewalt-bka-bekommt-neue-strukturen-und-mehr-personal-gegen-rechtsterror\/24917950.html\">Am gleichen Tag<\/a> wird durch Presseberichte bekannt, dass das BKA rund 12.700 rechtsextreme Personen (2018) als \u201egewaltorientiert\u201c einstuft. Ein Sprecher des hessischen Landeskriminalamtes (LKA) <a href=\"https:\/\/www.faz.net\/aktuell\/politik\/inland\/1100-hessen-auf-namenslisten-von-rechtsextremisten-16340460.html\">teilt mit<\/a>, seine Beh\u00f6rde informiere die rund 1.100 Betroffene das Bundeslandes schriftlich und biete Beratung an. Das Integrations- und Fl\u00fcchtlingsministerium NRW <a href=\"https:\/\/www.spiegel.de\/politik\/deutschland\/neonazi-kampfsportler-erhaelt-einreiseverbot-fuer-schengenraum-denis-nikitin-a-1284334.html\">schreibt<\/a>, dass die dortigen Sicherheitsbeh\u00f6rden ein Einreiseverbot f\u00fcr den gesamten Schengenraum f\u00fcr einen rechtsextremen deutsch-russischen Kampfsportler_innen erwirkt haben.<\/p>\n<p><b>Festnahmen von mutma\u00dflichen Dschihadist_innen:<\/b> In Bayern wird die deutsche Ehefrau eines mutma\u00dflichen IS-K\u00e4mpfers <a href=\"https:\/\/www.spiegel.de\/politik\/deutschland\/deutsche-salafistin-frau-von-is-kaempferr-in-bayern-verhaftet-a-1280868.html\">festgenommen<\/a>.<\/p>\n<p>7. August: <b>Rechtsradikal<\/b><b>ismus<\/b><b>:<\/b><b> <\/b>In Wolfsburg (Niedersachsen) <a href=\"https:\/\/www.welt.de\/politik\/deutschland\/article198218243\/Wolfsburg-Polizei-stoppt-selbst-ernannte-NPD-Buergerwehr-in-Warnwesten.html\">marschieren drei NPD-Mitglieder<\/a> in roten Warnwesten mit der Aufschrift \u201eWir schaffen Schutzzonen\u201c als B\u00fcrgerwehr durch die Innenstadt. Die Polizei erteilt Platzverweise und leitet Ermittlungsverfahren ein. <a href=\"https:\/\/www.spiegel.de\/politik\/deutschland\/npd-scheitert-mit-verfassungsbeschwerde-wehen-millionenzahlung-a-1281012.html\">Am 8. August<\/a> lehnt das Bundesverfassungsgericht (BVerfG) eine Beschwerde der rechtsradikalen NPD gegen eine Strafzahlung in H\u00f6he von rund 1,27 Mio. EUR wegen falscher Angaben in ihrem Rechenschaftsbericht 2007 ab. <a href=\"https:\/\/www.morgenpost.de\/berlin\/polizeibericht\/article22622937\/Blaulicht-Blog-Illegales-Autorennen.in-Neukoelln-Porsche-beschlagnahmt.html\">Am 28. August<\/a> bep\u00f6belt in Berlin ein Mann mehrere Frauen mit ihren Kindern rechtsradikal und zeigt den Hitlergru\u00df.<\/p>\n<p>9. August: <b>Rassistische<\/b><b> Angriffe:<\/b> Das Innenministerium Sachsen-Anhalt <a href=\"https:\/\/www.spiegel.de\/panorama\/justiz\/halberstadt-wachpersonal-soll-fluechtlinge-angegriffen-haben-a-1281268.html\">teilt mit<\/a>, dass gegen zwei Mitarbeiter einer privaten Sicherheitsfirma wegen des Verdachts der K\u00f6rperverletzung ermittelt wird. Sie hatten Mitte April vor der Zentralen Anlaufstelle f\u00fcr Asylbewerber in Halberstadt zwei Fl\u00fcchtlinge verpr\u00fcgelt. <a href=\"https:\/\/www.spiegel.de\/panorama\/justiz\/belin-mann-greift-frau-an-weil-sie-kein-deutsch-sprach-a-1281616.html\">Am 11. August<\/a> greift in Berlin ein Mann zwei T\u00fcrkinnen an, weil sie nicht deutsch sprechen. Die Frauen k\u00f6nnen fl\u00fcchten; der Mann wird in Gewahrsam genommen. In einer Berliner U-Bahn beleidigt <a href=\"https:\/\/www.tagesspiegel.de\/berlin\/polizei-justiz\/beleidigung-und-koerperverletzung-fremdenfeindlicher-vorfall-in-neukoelln\/24910386.html\">am 15. August<\/a> ein Mann einen anderen rassistisch und schl\u00e4gt ihn ins Gesicht; er kann unerkannt fl\u00fcchten. <a href=\"https:\/\/www.berliner-zeitung.de\/berlin\/polizei\/polizeibericht-frau-beisst-fahrkartenkontrolleur-in-den-finger-32206520\">Ebenfalls in Berlin<\/a> beschimpft am gleichen Tag eine Frau in einer anderen U-Bahn einen Fahrkartenkontrolleur rassistisch und verletzt ihn leicht. Wiederum in Berlin beschimpft <a href=\"https:\/\/www.morgenpost.de\/berlin\/polizeibericht\/article226805023\/Mann-rassistisch-beleidigt-und-von-Hund-angegriffen.html\">am 16. August<\/a> ein Mann eine Familie rassistisch und hetzt seinen Hund auf den Vater, der von diesem in den Bauch gebissen wird. Der T\u00e4ter wird in Gewahrsam genommen. <a href=\"https:\/\/www.morgenpost.de\/berlin\/polizeibericht\/article226850897\/Blaulicht-Blog-Fahrzeug-kollidiert-an-Bahnuebergang-mit-Zug-Autofahrer-tot.html\">Am 21. August<\/a> kommt es in Berlin zu zwei F\u00e4llen, bei denen mehrere M\u00e4nner andere M\u00e4nner rassistisch beschimpfen und auf sie einschlagen. In einem Fall k\u00f6nnen die Angreifer festgenommen werden. Auf einem Berliner See werden <a href=\"https:\/\/www.tagesspiegel.de\/berlin\/polizei-justiz\/jetski-rammt-tretboot-drei-maenner-rassistisch-beleidigt-und-verletzt\/24960712.html\">am 29. August<\/a> drei Bootsausfl\u00fcgler zun\u00e4chst von Jetski-Fahrern umkreist und rassistisch beschimpft; anschlie\u00dfend wird das Boot gerammt, wobei die drei M\u00e4nner leicht verletzt werden. Die T\u00e4ter k\u00f6nnen unerkannt entkommen.<\/p>\n<p><b>T<\/b><b>erroranschlag auf Berliner Weihnachtsmarkt:<\/b> Im Untersuchungsausschuss zum Terroranschlag auf den Berliner Weihnachtsmarkt im Dezember 2016, bei dem 12 Menschen get\u00f6tet wurden, <a href=\"https:\/\/www.tagesspiegel.de\/berlin\/wir-sind-nicht-dafuer-da-taeter-zu-ueberfuehren-anis-amri-stand-nicht-im-fokus-des-berliner-verfassungsschutzes\/24888844.html\">sagt die Vize-Pr\u00e4sidentin des Landesamtes f\u00fcr Verfassungsschutz (LfV) Berlin aus<\/a>. Mehrfach beruft sie sich dabei auf \u201eMethodenschutz\u201c, erkl\u00e4rt jedoch, der Attent\u00e4ter Anis Amri habe nicht im Fokus des Landesamtes gestanden, man sei daf\u00fcr nicht zust\u00e4ndig gewesen. Durch Presseberichte wird <a href=\"https:\/\/www.welt.de\/politik\/deutschland\/article199026597\/Breitscheidplatz-Anschlag-Neues-Amri-Video-vom-Tatort-aufgetaucht.html\">am 23. August<\/a> bekannt, dass dem Untersuchungsausschuss des Bundestages ein bereits im M\u00e4rz 2018 angefordertes Video erst jetzt zugestellt wurde. Dabei handelt es sich um verwackelte Handy-Aufnahmen kurz nach dem Anschlag. Eine technische Aufbereitung durch das BKA wurde jedoch zu keinem Zeitpunkt vorgenommen. <a href=\"https:\/\/www.ragesspiegel.de\/berlin\/untersuchungsausschuss-zum-breitscheidplatz-2400-filmdateien-zum-amri-attentat-lagern-beim-lka-berlin\/24934802.html\">Ebenfalls an diesem Tag<\/a> hei\u00dft es, dass das LKA dem Berliner Untersuchungsausschuss unterdessen gestattet hat, rund 2.400 Filme aus \u00dcberwachungskameras einzusehen. <a href=\"https:\/\/www.tagesspiegel.de\/berlin\/zu-viele-geschwaerzte-akten-im-fall-anis-amri-abgeordnetenhaus-verklagt-bundesinnenministerium\/24936708.html\">Au\u00dferdem<\/a> hat das Pr\u00e4sidium des Berliner Abgeordnetenhaus das Bundesinneninnenministerium vor dem Bundesverwaltungsgericht (BVerwG) verklagt, da die dem Untersuchungsausschuss bisher zugestellten Akten derma\u00dfen geschw\u00e4rzt sind, dass sie als \u201e\u00fcberwiegend nicht brauchbar\u201c gelten.<\/p>\n<p><b>Private Sicherheits<\/b><b>dienst<\/b><b>e:<\/b> Gegen zwei Mitarbeiter einer privaten Sicherheitsfirma wird <a href=\"https:\/\/www.spiegel.de\/panorama\/justiz\/halberstadt-wachpersonal-soll-fluechtlinge-angegriffen-haben-a-1281268.html\">wegen des Verdachts der K\u00f6rperverletzung ermittelt<\/a>. Sie hatten Mitte April vor der Zentralen Anlaufstelle f\u00fcr Asylbewerber in Halberstadt (Sachsen-Anhalt) zwei Fl\u00fcchtlinge verpr\u00fcgelt. <a href=\"https:\/\/www.spiegel.de\/panorama\/justiz\/halberstadt-sicherheitsfirma-entlaesst-personal-nach-mutmasslichen-misshandlungen-a-1283018\">Am 21. August<\/a> gibt das Unternehmen bekannt, dass \u201ealle beteiligten Kollegen\u201c entlassen wurden, da es nicht nur um die \u00dcbergriffe selbst sondern auch um \u201edas unt\u00e4tige Herumstehen angesichts solcher Ereignisse\u201c gehe. Durch Presseberichte wird <a href=\"https:\/\/www.spiegel.de\/panorama\/justiz\/karlsruhe-maenner-sollen-ueberfall-auf-geldtransporter-vorgetaeuscht-haben-a-1284536.html\">am 30. August<\/a> bekannt, dass auf Antrag der StA Karlsruhe (Baden-W\u00fcrttemberg) zwei Mitarbeiter eines Sicherheitsunternehmens festgenommen wurden, die einen \u00dcberfall auf ihren Geldtransporter Mitte Juli erfunden hatten. Ein Gro\u00dfteil der Beute war bei Durchsuchungen bei Ihnen gefunden worden. Einer der T\u00e4ter ist gest\u00e4ndig. Das Landgericht (LG) Siegen (NRW) hat einen Wachmann einer Fl\u00fcchtlingsunterkunft in Burbach wegen Freiheitsberaubung und gef\u00e4hrlicher K\u00f6rperverletzung <a href=\"https:\/\/www.spiegel.de\/panorama\/justiz\/burbach-misshandlungen-in-fluechtlingsunterkunft-wachmann-verurteilt-a-1284540.html\">zu einer achtmonatigen Bew\u00e4hrungsstrafe verurteilt<\/a>. Der Mann hatte zugegeben, dass er in vier F\u00e4llen Fl\u00fcchtlinge in ein sog. \u201eProblemzimmer\u201c gesperrt und in einem Fall einen Asylbewerber mit Pfefferspray bespr\u00fcht zu haben. Der Prozess l\u00e4uft bereits seit November 2018 und richtet sich gegen mehrere Beschuldigte.<\/p>\n<p>12. August: <b>Polizeieinsatz in Fl\u00fcchtlingsunterkunft:<\/b> Aufgrund eines mutma\u00dflichen Terrorverdachtes <a href=\"https:\/\/www.sueddeutsche.de\/muenchen\/landkreismuenchen\/oberhaching-sek-einsatz-fluechtlingsunterkunft-terrorverdacht-1.4568719\">st\u00fcrmen Beamte<\/a> eines Sondereinsatzkommandos (SEK) eine Fl\u00fcchtlingsunterkunft in Oberhaching (Bayern). Der Verdacht erweist sich als unbegr\u00fcndet.<\/p>\n<p><b>LKA-Chef entlassen:<\/b> Durch Presseberichte wird bekannt, dass der Hamburger Polizeipr\u00e4sident den Leiter des LKA <a href=\"https:\/\/www.spiegel.de\/panorama\/justiz\/hamburg-in-cold-case-affaere-belasteter-lka-chef-frank-martin-heise-muss-gehen-a-1281556.html\">seines Postens enthoben hat<\/a>. Hintergrund sind schwere Fehler bei der Aufarbeitung von Ermittlungsfehlern zu einem Mordversuch 1980.<\/p>\n<p>13. August: <b>Polizeisch<\/b><b>u<\/b><b>ss<\/b><b>:<\/b> Bei einer Verkehrskontrolle in Mainz (Hessen) verweigert ein Autofahrer die Herausgabe seiner Personalien und <a href=\"https:\/\/www.faz.net\/aktuell\/gesellschaft\/kriminalitaet\/mainz-kostheim-mann-faehrt-auf-kontrollierenden-polizisten-zu-16331607.html\">f\u00e4hrt auf einen der Polizisten zu<\/a>. Daraufhin schie\u00dft der Beamte; der Fahrer fl\u00fcchtet dennoch und wird sp\u00e4ter festgenommen.<\/p>\n<p>14. August: <b>Asyl:<\/b> Das VG M\u00fcnchen (Bayern) <a href=\"https:\/\/www.sueddeutsche.de\/politik\/grenze-flucht-griechenland-gerichtsbeschluss-1.4563959\">entscheidet<\/a>, dass ein Asylbewerber, dem die Einreise nach Deutschland verweigert wurde und sofort nach Griechenland gebracht wurde, zur\u00fcckgeholt werden muss. Das Vorgehen der Bundespolizei (BPol) sei vermutlich rechtswidrig gewesen.<\/p>\n<p><b>Angriffe auf Polizist_innen:<\/b> Auf einem Revier der BPol in Berlin <a href=\"https:\/\/www.morgenpost.de\/berlin\/polizeibericht\/article226781969\/Bahnhof-Zoo-Frau-greift-Bundespolizisten-im-Revier-an.html\">greift eine Frau die Beamt_innen<\/a> an und beleidigt sie, nachdem sie aufgefordert wird, das Revier zu verlassen. Die Polizist_innen erleiden Kratzwunden. Am Hauptbahnhof M\u00fcnchen (Bayern) wehrt sich <a href=\"https:\/\/www.abendzeitung-muenchen.de\/inhalt.am-hauptbahnhof-mann-rastet-bei-kontrolle-aus-drei-polizisten-verletzt.b9f8b3f9-b375-4977-a318-cc546f2ab3dc.html\">am 16. August<\/a> bei einer Personenkontrolle ein Mann derart heftig, dass drei Polizeibeamte verletzt werden. Auch auf dem Hauptbahnhof in K\u00f6ln (NRW) werden <a href=\"https:\/\/www.faz.net\/aktuell\/gesellschaft\/kriminalitaet\/mann-greift-bei-kontrolle-am-koelner-hauptbahnhof-polizisten-an-16338042.html\">an diesem Tag<\/a> BPol-Beamte von einem Schwarzfahrer gekratzt, gebissen und geschlagen. Als Polizist_innen <a href=\"http:\/\/https.\/\/www.welt.de\/vermischtes\/article198857335\/Randale-in-Regensburg-Feiernde-Menschen-bewerfen-Polizisten-mit-Pflastersteinen-html\">am 19. August<\/a> in Regensburg (Bayern) eine Gruppe gr\u00f6lender und betrunkener Jugendlicher kontrollieren wollen, werden sie massiv mit Steinen beworfen; zwei Personen werden in Gewahrsam genommen. Durch Presseberichte wird am <a href=\"https:\/\/www.welt.de\/vermischtes\/article199113425\/Hamm-Bis-zu-15-Taeter-pruegeln-auf-Polizisten-in-Zivil-ein.html\">24. August<\/a> bekannt, dass in Hamm (NRW) rund 15 Jugendliche vier Polizisten angegriffen und z.T. schwerer verletzt haben. Ebenfalls <a href=\"https:\/\/www.berliner-zeitung.de\/panorama\/eisenstange-als-waffe-mann-pruegelt-radler-bewusstlos-und-wuergt-polizeihund\u201433061492\">am 24. August<\/a> pr\u00fcgelt in Karlsruhe (Baden-W\u00fcrttemberg) ein Mann zun\u00e4chst einen Radfahrer mit einer Eisenstange bewusstlos und w\u00fcrgt anschlie\u00dfend den Diensthund der herbeigerufenen Polizisten. Er kann nur durch ein gr\u00f6\u00dferes Polizeiaufgebot \u00fcberw\u00e4ltigt werden. In Sendling (Bayern) f\u00e4hrt <a href=\"https:\/\/www.sueddeutsche.de\/muenchen\/muenchen-anwalt-polizist-verfolgungsjagd-1.4575381\">am 25. August<\/a> ein betrunkener Autofahrer zun\u00e4chst einen Polizisten absichtlich an und versucht danach zu fl\u00fcchten; Er kann von mehreren Streifen gestellt werden. <a href=\"https:\/\/www.faz.net\/aktuell\/politik\/inland\/afd-stadtrat-soll-schreckschusspistole-abgefeuert-haben-16360053.html\">Am 28. August<\/a> schie\u00dft in Weimar (Th\u00fcringen) ein betrunkener AfD-Stadtrat vor einem Supermarkt mit einer Schreckschusspistole. Als Polizeibeamte eintreffen, beleidigt, bedroht und tritt er sie. Er wird in Gewahrsam genommen.<\/p>\n<p>15. August: <b>Rechtsextremistische Terrorgruppe \u201e<\/b><b>Nationalsozialistischer Untergrund (<\/b><b>NSU<\/b><b>)<\/b><b>:<\/b> Aus einer parlamentarische Anfrage der Linken-Bundestagsfraktion <a href=\"https:\/\/www.spiegel.de\/panorama\/justiz\/nsu-mordserie-der-terrorgruppe-ist-bis-heute-betzgspunkt-fuer-extremisten-a-1281989.html\">geht hervor<\/a>, dass die Polizei zwischen Anfang Juni 2018 und Mitte Juli 2019 bundesweit 35 rechts motivierte Straftaten registriert hat, bei denen Bezug auf den NSU genommen wurde.<\/p>\n<p><b>Prozess<\/b><b>e<\/b><b> gegen Polizist_innen:<\/b> Vor dem LG Bonn (NRW) <a href=\"https:\/\/www.spiegel.de\/panorama\/justiz\/bonn-toedlicher-schuss-auf-kollegen-polizist-vor-gericht-a-1282128.html\">beginnt der Prozess<\/a> wegen fahrl\u00e4ssiger T\u00f6tung gegen einen Polizeibeamten, der im November 2018 im Polizeipr\u00e4sidium versehentlich einen Kollegen erschossen hatte. <a href=\"https:\/\/www.berliner-zeitung.de\/panorama\/anklage-wegen-versuchten-mordes-zwei-polizistinnen-wollten-kollegen-offenbar-vergiften-33043970\">Am 21. August<\/a> erhebt die StA T\u00fcbingen (Baden-W\u00fcrttemberg) Anklage gegen zwei Polizistinnen wegen Mordversuchs. Sie sollen versucht haben den Ehemann einer der beiden Frauen zu vergiften; eine von ihnen ist teilgest\u00e4ndig.<\/p>\n<p><b>Kinderpornografie:<\/b> Durch Presseberichte wird bekannt, dass die Polizei in Mecklenburg-Vorpommern eine Internet-Plattform f\u00fcr Kinderpornografie <a href=\"https:\/\/www.spiegel.de\/panorama\/justiz\/mecklenburg-vorpommern-polizei-zerschlaegt-missbrauchsplattform-a-1282109.html\">abgeschaltet hat<\/a>. Ein Mann wurde festgenommen. <a href=\"https:\/\/www.berliner-zeitung.de\/berlin\/polizei\/berliner-polizei-sprengt-kinderschaender-ring-tatverdaechtiger-in-untersuchungshaft-33091974\">Am 28. August<\/a> durchsucht die Polizei in Berlin und NRW mehrere Objekte eines deutschlandweiten Kindersch\u00e4nder- und Zuh\u00e4lterring. F\u00fcnf M\u00e4nner werden festgenommen.<\/p>\n<p><b>Aff\u00e4re um<\/b><b> ehemaligen Undercover-Agenten <\/b><b>Mauss<\/b><b>:<\/b> Das VG Berlin <a href=\"https:\/\/www.tagesspiegel.de\/politik\/verwaltungsgericht-entscheidet-zu-parteispenden-die-cdu-kriegt-kein-geld-zurueck\/24908968.html\">entscheidet<\/a>, dass die CDU Spendengelder in H\u00f6he von 234.500 EUR, die der zwielichtige fr\u00fchere Agent Werner Mauss \u00fcber ein Tarnsystem an die Partei \u00fcberwiesen hatte, nicht zur\u00fcckbekommt.<\/p>\n<p><b>Gaffer<\/b><b>problematik<\/b><b>:<\/b> Nach einem Verkehrsunfall in Babenhausen (Hessen) <a href=\"https:\/\/www.berliner-zeitung.de\/panorama\/verbal-aggressiv-60-gaffer-behindern-rettungskraefte-nach-pkw-unfall-33020054\">verstellen rund 60 Personen den Rettungskr\u00e4ften den Weg<\/a> und werden verbal aggressiv. Selbst aus Bayern kommen Polizeikr\u00e4fte zum Einsatz.<\/p>\n<p>16. August: <b>Spionage<\/b><b>ermittlungen<\/b><b>:<\/b> Durch <a href=\"https:\/\/www.spiegel.de\/politik\/deutschland\/bundeswehr-ehemaliger-berater-wegen-spionage-fuer-iran-angeklagt-a-1282323.html\">Presseberichte<\/a> wird bekannt, dass die Bundesanwaltschaft (BAW) vor dem OLG Koblenz (Rheinland-Pfalz) Anklage wegen Landesverrat in einem besonders schweren Fall gegen einen ehemaligen Berater der Bundeswehr erhoben hat. Der im Januar festgenommene Mann soll f\u00fcr den iranischen Geheimdienst spioniert haben.<\/p>\n<p>17. August: <b>Polizeilicher Todesschuss<\/b><b>:<\/b> Die Polizei wird zu einem <a href=\"https:\/\/www.spiegel.de\/panorama\/justiz\/stade-polizist-erschiesst-mann-der-mit-hantelstange-angegriffen-haben-soll-a-1282491.html\">Streit in einer Fl\u00fcchtlingsunterkunft in Stade<\/a> (Niedersachsen) gerufen. Dort werden die Beamten von einem Mann mit einer Hantelstange angegriffen. Einer der Polizisten schie\u00dft auf ihn und trifft ihn t\u00f6dlich. Gegen den Beamten wird ermittelt.<\/p>\n<p><b>Rechtsradikale Polizist_innen:<\/b> Die BPol hat seit 2007 in insgesamt 30 F\u00e4llen gegen ihre Beamten <a href=\"https:\/\/www.spiegel.de\/politik\/deutschland\/bundespolizei-30-interne-verfahren-wegen-rechtsextremismus-a-1282409.html\">Verfahren wegen rechtsextremer Umtriebe eingeleitet<\/a>. Durch Presseberichte wird <a href=\"https:\/\/www.spiegel.de\/panorama\/justiz\/koeln-antisemitismus-verdacht-gegen-polizisten-rassisrisches-bild-verbreitet-a-1283298.html\">am 23. August<\/a> bekannt, dass ein Beamter der Polizei in K\u00f6ln (NRW) im Verdacht steht, \u00fcber einen Messenger-Dienst mindestens eine antisemitische Nachricht verschickt zu haben. Gegen den Mann wird ermittelt. <a href=\"https:\/\/www.spiegel.de\/panorama\/justiz\/muehlheim-in-hessen-polizist-soll-rechtsextreme-nachrichten-verschickt-haben-a-1284179.html\">Am 29. August<\/a> wird durch Presseberichte bekannt, dass die StA Frankfurt\/M. (Hessen) gegen einen Polizisten aus M\u00fchlheim ermittelt. Er soll Bilder mit rechtsextremen Inhalten innerhalb einer Chatgruppe verschickt haben.<\/p>\n<p><b>Demonstration<\/b><b>en<\/b><b> gegen Rechts:<\/b> Rund 300 Menschen <a href=\"https:\/\/www.berliner-zeitung.de\/berlin\/todestag-von-rudolf-hess-ein-naziaufmarsch-wie-in-den-vergangenen-jahren-blieb-aus-33022856\">demonstrieren in Berlin<\/a> gegen die Erinnerung an den Todestag des Hitler-Stellvertreter Rudolf He\u00df. <a href=\"https:\/\/www.tagesspiegel.de\/berlin\/festnahme-beim-rudolf-hess-marsch-in-berlin-nazi-gegnerin-vor-gericht-freigesprochen\/24930266.html\">Am 21. August<\/a> spricht ein Berliner AG eine Frau vom Vorwurf, sich bei einer Demonstration gegen einen Rudolf-He\u00df-Marsch 2018 vermummt und gegen ihre Festnahme gewehrt zu haben, frei. An einer Demonstration des #Unteilbar-B\u00fcndnisses unter dem Motto \u201eSolidarit\u00e4t statt Ausgrenzung\u201c in Dresden (Sachsen) <a href=\"https:\/\/www.spiegel.de\/politik\/deutschland\/unteilbar-demo-in-dresden-35-000-demonstrieren-gegen-ausgrenzung-a-1283525.html\">beteiligen sich<\/a> am 24. August rund 35.000 Menschen.<\/p>\n<p><b>Rechtsradikalismus<\/b><b> bei <\/b><b>der<\/b><b> Bundeswehr:<\/b> Durch <a href=\"https:\/\/faz.net\/aktuell\/politik\/inland\/verein-uniter-gefahr-durch-rechtsextreme-in-der-bundeswehr-16338348.html\">Presseberichte<\/a> wird bekannt, dass eine Soldatenvereinigung erstmals gegen den rechtsextremen Verein \u201eUniter\u201c Stellung bezogen hat. In \u201eUniter sollen sich bis zu 2.000 aktive und ehemalige Bundeswehrangeh\u00f6rige organisiert haben.<\/p>\n<p><b>Ermittlungen gegen <\/b><b>Polizeibeamt_innen<\/b><b>:<\/b> Gegen einen Polizisten, der in Stade (Niedersachsen) einen Fl\u00fcchtling erschossen hat, <a href=\"https:\/\/www.spiegel.de\/panorama\/justiz\/stade-polizist-erschiesst-mann-der-mit-hantelstange-angegriffen-haben-soll-a-1282491.html\">werden Ermittlungen eingeleitet<\/a> um zu pr\u00fcfen, ob es sich dabei um Notwehr gehandelt hat. Im hessischen Landtag erkl\u00e4rt Landesinnenminister Peter Beuth (CDU) <a href=\"https:\/\/www.fr.de\/rhein-main\/hessen-fragen-pfefferspray-einsatz-kassel-12936882.html\">am 22. August<\/a>, dass gegen einen Polizeibeamten wegen eines Pfefferspray-Einsatzes bei einer Anti-Nazi-Demonstration in Kassel im Juli ermittelt wird. Durch Presseberichte wird <a href=\"https:\/\/www.spiegel.de\/panorama\/justiz\/koeln-antisemitismus-verdacht-gegen-polizisten-rassisrisches-bild-verbreitet-a-1283298.html\">am 23. August<\/a> bekannt, dass gegen einen Beamten der Polizei in K\u00f6ln (NRW) wegen des Verdachts mindestens eine antisemitische Nachricht verschickt zu haben, ermittelt wird. Die StA Frankfurt\/M. (Hessen) <a href=\"https:\/\/www.spiegel.de\/panorama\/justiz\/muehlheim-in-hessen-polizist-soll-rechtsextreme-nachrichten-verschickt-haben-a-1284179.html\">ermittelt gegen einen Polizisten<\/a> aus M\u00fchlheim, der Bilder mit rechtsextremen Inhalten innerhalb einer Chatgruppe verschickt haben soll.<\/p>\n<p>19. August: <b>Bundeskriminalamt:<\/b> Auf die Klage eines Journalisten <a href=\"https:\/\/www.spiegel.de\/politik\/deutschland\/rechtsextreme-feindeslisten-bka-muss-betroffene-nicht-informieren-a-1282605.html\">entscheidet das VG Wiesbaden<\/a> (Hessen), dass das BKA von Rechtsextremisten zusammengestellte Namenslisten \u201epolitischer Feinde\u201c nicht ver\u00f6ffentlichen muss. Bereits zuvor hatte das BKA einem anderen Journalisten entsprechende Ausk\u00fcnfte zu seiner Person verweigert, wie <a href=\"https:\/\/www.spiegel.de\/politik\/deutschland\/rechtsextreme-feindeslisten-journalist-verklagt-bka-a-1282264.html\">am gleichen Tag<\/a> durch Presseberichte bekannt wird. Unter Berufung auf ein aktuelles Planungspapier hei\u00dft es <a href=\"https:\/\/www.tagesspiegel.de\/politik\/rechtsextreme-gewalt-bka-bekommt-neue-strukturen-und-mehr-personal-gegen-rechtsterror\/24917950.html\">am gleichen Tag<\/a>, dass das BKA eine \u201eZentralstelle zur Bek\u00e4mpfung von Hasskriminalit\u00e4t\u201c mit 440 Stellen vorbereitet.<\/p>\n<p><b>Dschihadismus:<\/b> Erstmals l\u00e4sst das Ausw\u00e4rtige Amt drei Kinder get\u00f6teter deutscher IS-Anh\u00e4ngerinnen <a href=\"https:\/\/www.spiegel.de\/politik\/ausland\/syrien-auswaertiges-amt-rettet-waisenkinder-von-is-anhaengerinnen-a-1282521.html\">aus einem syrischen Gefangenenlager herausholen<\/a> und zu Verwandten in der Bundesrepublik zur\u00fcckbringen.<\/p>\n<p>20. August: <b>Cyberkriminalit\u00e4t:<\/b> In neun deutschen Bundesl\u00e4ndern sowie Kroatien und Litauen <a href=\"https:\/\/www.spiegel.de\/panorama\/justiz\/goettingen-sprengstoff-plattform-nach-razzia-stillgelegt-a-1282830.html\">durchsucht die Polizei<\/a> R\u00e4umlichkeiten einer Internetplattform, die Anleitungen zum Bau von Kriegswaffen, die Herstellung von Sprengstoff sowie dem Handel mit Bet\u00e4ubungsmitteln und chemischen Grundstoffen zug\u00e4nglich macht. Der Server und Datentr\u00e4ger sowie Sprengstoff und Drogen werden sichergestellt. Die Plattform wird stillgelegt, festgenommen wird niemand. Durch Presseberichte wird <a href=\"https:\/\/www.spiegel.de\/panorama\/justiz\/soest-polizei-findet-hakenkreuzfahne-bei-tatverdaechtigem-von-sprengstoff-plattform-a-1283195.html\">am 22. August<\/a> bekannt, dass bei einem der Tatverd\u00e4chtigen rechtsextreme Devotionalien gefunden wurden.<\/p>\n<p><b>R<\/b><b>echtsextremer Mordanschlag:<\/b> Durch eine parlamentarische Anfrage der Linken-Bundestagsfraktion <a href=\"https:\/\/www.spiegel.de\/panorama\/justiz\/mordfall-walter-luebcke-polizei-stellte-46-waffen-bei-beschuldigten-sicher-a-1282885.html\">wird bekannt<\/a>, dass bei den Beschuldigten des rechtsextremen Mordanschlag auf den Kasseler Regierungspr\u00e4sidenten Walter L\u00fcbcke insgesamt 46 Waffen gefunden wurden; bisher war stets nur von f\u00fcnf Schusswaffen die Rede. <a href=\"https:\/\/www.faz.net\/aktuell\/politik\/inland\/mordfall-lwalter-uebcke-wann-wenn-nicht-dann-16346565.html\">Am 22. August<\/a> teilt Hessens Innenminister mit, dass das LfV mehr Informationen \u00fcber den mutma\u00dflichen Waffenbeschaffer des L\u00fcbcke-M\u00f6rders hatte, die es jedoch nicht der Waffenbeh\u00f6rde mitteilte.<\/p>\n<p><b>Gewalt gegen Obdachlose:<\/b> Nach einem Streit mit einem Obdachlosen in Berlin <a href=\"https:\/\/www.berliner-zeitung.de\/berlin\/polizei\/polizeibericht-fahrzeug-kollidiert-an-bahnuebergang-mit-zug\u2014autofahrer-tot-32206520\">schlagen zwei junge M\u00e4nner auf ihn ein<\/a> und werfen ihm eine Flasche ins Gesicht; sie werden vorl\u00e4ufig festgenommen. Durch Presseberichte wird <a href=\"https:\/\/www.berliner-zeitung.de\/berlin\/zahl-der-taten-abgestiegen--immer-mehr-berliner-obdachlose-werden-opfer-von-gewalt--33069810\">am 26. August<\/a> bekannt, dass es 2018 in Berlin zu insgesamt 328 \u00dcbergriffen auf Obdachlose kam (2017: 272 \/ 2014: 110).<\/p>\n<p>21. August: <b>Menschenhandel:<\/b> Ein Gro\u00dfaufgebot von Polizei und Zoll <a href=\"https:\/\/www.berliner-zeitung.de\/berlin\/polizei\/grossrazzia-in-berlin-baubranche-ist-besonders-anfaellig-fuer-menschenhandel-33041996\">durchsucht rund 100 Objekte<\/a> in Berlin, Brandenburg und Sachsen-Anhalt unter dem Verdacht des \u201eMenschenhandels zur Arbeitsausbeutung sowie bandenm\u00e4\u00dfiges Einschleusen von Ausl\u00e4ndern im Baugewerbe\u201c. \u00dcber Festnahmen wird <a href=\"https:\/\/www.welt.de\/politik\/deutschland\/article198896999\/1900-Polizisten-suchen-nach-Beweisen-fuer-Einschleusung-von-Bauarbeitern.html\">nichts bekannt<\/a>.<\/p>\n<p><b>Abschiebungen:<\/b> Ein neu in Kraft getretenes Gesetz zur besseren Durchsetzung der Ausreisepflicht <a href=\"https:\/\/www.tagesspiegel.de\/berlin\/neues-gesetz-tritt-in-kraft-berliner-polizei-darf-wieder-asylheime-fuer-abschiebungen-betreten\/14933462.html\">erlaubt es der Berliner Berliner Polizei<\/a>, Asylheime zum Zwecke der Abschiebung auch ohne Durchsuchungsbeschl\u00fcsse zu betreten.<\/p>\n<p>22. August: <b>\u00dcbergriffe auf Politiker_innen:<\/b> Durch eine parlamentarische Anfrage der AfD-Bundestagsfraktion <a href=\"https:\/\/www.spiegel.de\/politik\/deutschland\/afd-politiker-am-staerksten-betroffen-31-gewaltattacken-gegen-politiker-a-1283211.html\">wird bekannt<\/a>, dass es im zweiten Quartal des Jahres zu insgesamt 32 gewaltsamen \u00dcbergriffen auf Politiker_innen kam; in 24 F\u00e4llen waren davon AfD-Politiker betroffen.<\/p>\n<p><b>Ausl\u00e4nderfeindliche Hetzjagden in Chemnitz 2018:<\/b> Im Fall der t\u00f6dlichen Messerattacke auf einen Deutschen w\u00e4hrend eines Streites im August 2018 verurteilt das LG Chemnitz (Sachsen) einen Syrer wegen Totschlag und gef\u00e4hrlicher K\u00f6rperverletzung zu neuneinhalb Jahren Haft. Ein Iraker ist seither fl\u00fcchtig; die Verteidigung <a href=\"https:\/\/www.spiegel.de\/panorama\/justiz\/chemnitz-wie-die-richterin-das-urteil-alaa-a-begruendet-a-1283210.html\">k\u00fcndigt Revision an<\/a>. Rechtsradikale und AfD-Anh\u00e4nger_innen hatten den Vorfall f\u00fcr Demonstrationen gegen die Fl\u00fcchtlingspolitik und rassistische Hetzjagden genutzt. An einer Demonstration der rechtsextremen Bewegung Pro Chemnitz anl\u00e4sslich des Jahrestages beteiligen sich <a href=\"https:\/\/www.spiegel.de\/politik\/deutschland\/pro-chemnitz-demo-deutlich-kleiner-als-angemeldet-a-1283598.html\">am 25. August<\/a> etwa 450 Personen. Durch Presseberichte wird <a href=\"https:\/\/www.berliner-zeitung.de\/politik\/neue-erkenntnisse-zu-chemnitz-rechtsextreme-sollen-sich-zur--jagd--verabredet-haben-33070624\">am 26. August<\/a> bekannt, dass dem LKA Sachsen hierzu auch Handy-Chats von rechten Demonstrationsteilnehmer_innen vorliegen, in denen diese sich zu Gewalt gegen \u201eJagd\u201c auf Ausl\u00e4nder verabreden.<\/p>\n<p>23. August: <b>Hambacher Forst:<\/b> Das AG Aachen (NRW) <a href=\"https:\/\/www.juris.de\/jportal\/portal\/t\/7p3\/page\/homerl.psml?nid=jnachr-JUNA-190802130&amp;cmsuri=%2Fjuris%2Fde%2Fnachrichten%2Fzeigenachricht.jsp\">entscheidet<\/a>, das eine R\u00e4umungsverf\u00fcgung des Kreises D\u00fcren vom November 2018 rechtm\u00e4\u00dfig ist und s\u00e4mtliche baulichen Anlagen des Protestcamps zu entfernen sind (Az: 5 L 1783\/18).<\/p>\n<p>26. August: <b>Kriminelle Polizist_innen:<\/b> Vor dem LG M\u00fcnchen (Bayern) wird <a href=\"https:\/\/www.sueddeutsche.de\/muenchen\/starnberg\/starnberg-polizei-sexueller-missbrauch-anklage-1.4576959\">Anklage gegen einen Polizeibeamten<\/a> aus Tutzing wegen sexueller N\u00f6tigung und Missbrauch von Kindern und Jugendlichen erhoben. Der Mann war im M\u00e4rz festgenommen worden.<\/p>\n<p>27. August: <b>Sammelabschiebung:<\/b> In Kabul landet <a href=\"https:\/\/www.tagesspiegel.de\/politik\/trotz-angespannter-sicherheitslage-abschiebeflug-aus-deutschland-in-kabul-eingetroffen\/24949252.html\">der 27. Sammelabschiebeflug mit 31 Afghanen<\/a>. Damit wurden seit Dezember 2016 insgesamt 645 M\u00e4nner aus der Bundesrepublik abgeschoben.<\/p>\n<p><b>W<\/b><b>arnung vor Berliner Ausl\u00e4nderbeh\u00f6rde:<\/b> Aus <a href=\"https:\/\/www.welt.de\/politik\/deutschland\/article199256412\/Berlin-Wenn-die-Polizei-der-Auslaenderbehoerde-misstraut.html\">Presseberichten wird bekannt<\/a>, dass das LKA Berlin an alle Polizeidirektionen ein Rundschreiben herausgegeben hat, wie die Polizei der Ausl\u00e4nderbeh\u00f6rde Informationen vorenthalten kann. Die Beh\u00f6rde steht im Verdacht, Informationen herausgegeben zu haben wenn gegen eine Person ein Ermittlungsverfahren l\u00e4uft oder vor Eins\u00e4tzen gewarnt zu haben. Bereits im Juni hat demnach bereits die BPol einen bundesweiten Warnhinweis herausgegeben.<\/p>\n<p><b>Durchsuchung bei Polizeigewerkschaft:<\/b> In Kiel (Schleswig-Holstein) l\u00e4sst die StA die Gesch\u00e4ftsr\u00e4ume der rechtskonservativen \u201eDeutschen Polizeigewerkschaft\u201c (DPolG) und die Wohnung des stellvertretenden Landesvorsitzenden wegen des Verdachts der Weitergabe von polizeiinternen, sicherheitsrelevanten Informationen an Dritte <a href=\"https:\/\/www.kn-online.de\/Kiel\/Durchsuchungen-bei-Polizeigewerkschaft-in-Kiel\">durchsuchen<\/a>. Ein Telefon, der Dienstrechner und der Privatcomputer des Verd\u00e4chtigen werden beschlagnahmt.<\/p>\n<p>28. August: <b>Rockerkriminalit\u00e4t:<\/b> Auf der Suche nach Waffen die aus einer Sportwaffenfabrik gestohlen wurden, <a href=\"https:\/\/www.spiegel.de\/panorama\/justiz\/sauerland-mann-klaut-waffen-aus-fabrik-verkauft-sie-ins-rockermillieu-a-1284058.html\">durchsucht die Polizei<\/a> in NRW und Niedersachsen mehrere Objekte von Rockern. Hintergrund ist die Festnahme eines Firmenmitarbeiters Ende M\u00e4rz, der gestanden hat, seit 2016 rund 100 halbautomatische Waffen gestohlen und ins kriminelle Milieu weitergegeben zu haben.<\/p>\n<p>29. August: <b>Waffenverluste bei Bundespolizei:<\/b> Durch eine parlamentarische Anfrage der FDP-Bundestagsfraktion <a href=\"https:\/\/www.berliner-zeitung.de\/politik\/bundespolizei--elf-dienstwaffen-offenbar-gestohlen-oder-verloren-33083122\">wird bekannt<\/a>, dass bei der BPol insgesamt 11 Dienstwaffen als gestohlen oder verloren registriert sind.<\/p>\n<p>30. August: <b>Polizeisch\u00fcsse:<\/b> Auf dem Parkplatz eines Berliner Flugplatzes l\u00f6ste sich aus der Maschinenpistole eines BPol-Beamten <a href=\"https:\/\/www.berliner-zeitung.de\/polizei\/polizeibericht--wegen-eines-rucksacks---17-jaehriger-bei-raub-schwer-verletzt-32206520\">drei Sch\u00fcsse<\/a>. Er wird dabei leicht verletzt.<\/p>\n<h3>Beitragsbild: Frontex-Mission in Albanien, der erste operative Einsatz in einem Drittstaat (<a href=\"https:\/\/frontex.europa.eu\/media-centre\/news-release\/frontex-launches-first-operation-in-western-balkans-znTNWM\">Frontex<\/a>).<\/h3>\n","protected":false},"excerpt":{"rendered":"<p>zusammengestellt von Otto Diederichs 1. August: Alternative f\u00fcr Deutschland (AfD): Durch Presseberichte wird bekannt, dass<\/p>\n","protected":false},"author":2,"featured_media":15720,"comment_status":"open","ping_status":"open","sticky":false,"template":"","format":"standard","meta":{"footnotes":""},"categories":[6],"tags":[216,667,820,1094,1186,1195],"class_list":["post-15717","post","type-post","status-publish","format-standard","has-post-thumbnail","hentry","category-chronologien","tag-antisemitismus","tag-geheimdienste","tag-justiz","tag-polizei","tag-rassismus","tag-rechtsextremismus"],"_links":{"self":[{"href":"https:\/\/wp-dev.daten.cool\/index.php?rest_route=\/wp\/v2\/posts\/15717","targetHints":{"allow":["GET"]}}],"collection":[{"href":"https:\/\/wp-dev.daten.cool\/index.php?rest_route=\/wp\/v2\/posts"}],"about":[{"href":"https:\/\/wp-dev.daten.cool\/index.php?rest_route=\/wp\/v2\/types\/post"}],"author":[{"embeddable":true,"href":"https:\/\/wp-dev.daten.cool\/index.php?rest_route=\/wp\/v2\/users\/2"}],"replies":[{"embeddable":true,"href":"https:\/\/wp-dev.daten.cool\/index.php?rest_route=%2Fwp%2Fv2%2Fcomments&post=15717"}],"version-history":[{"count":0,"href":"https:\/\/wp-dev.daten.cool\/index.php?rest_route=\/wp\/v2\/posts\/15717\/revisions"}],"wp:featuredmedia":[{"embeddable":true,"href":"https:\/\/wp-dev.daten.cool\/index.php?rest_route=\/wp\/v2\/media\/15720"}],"wp:attachment":[{"href":"https:\/\/wp-dev.daten.cool\/index.php?rest_route=%2Fwp%2Fv2%2Fmedia&parent=15717"}],"wp:term":[{"taxonomy":"category","embeddable":true,"href":"https:\/\/wp-dev.daten.cool\/index.php?rest_route=%2Fwp%2Fv2%2Fcategories&post=15717"},{"taxonomy":"post_tag","embeddable":true,"href":"https:\/\/wp-dev.daten.cool\/index.php?rest_route=%2Fwp%2Fv2%2Ftags&post=15717"}],"curies":[{"name":"wp","href":"https:\/\/api.w.org\/{rel}","templated":true}]}}