{"id":15787,"date":"2019-10-03T14:39:54","date_gmt":"2019-10-03T14:39:54","guid":{"rendered":"https:\/\/www.cilip.de\/?p=15787"},"modified":"2019-10-03T14:39:54","modified_gmt":"2019-10-03T14:39:54","slug":"chronologie-september-2019","status":"publish","type":"post","link":"https:\/\/wp-dev.daten.cool\/?p=15787","title":{"rendered":"Chronologie September 2019"},"content":{"rendered":"<h3>zusammengestellt von Otto Diederichs<\/h3>\n<p>1. September: <strong>Rassistische Handlungen:<\/strong> In einem Berliner Bus <a href=\"https:\/\/www.berliner-zeitung.de\/berlin\/polizei\/weil-sie-kein-kopftuch-trug-trug-jugendliche-beschimpfen-busfahrerin-in-koepenick-als-hure-33104808\">randaliert eine Gruppe Jugendlicher<\/a>. Als die Busfahrerin eingreift, wird sie als Hure beschimpft und aufgefordert ein Kopftuch zu tragen. Sie k\u00f6nnen unerkannt fl\u00fcchten. <a href=\"https:\/\/www.berliner-zeitung.de\/berlin\/polizei\/polizeibericht-gruppe-von-jugendlichen-pruegelt-auf-drei-junge-maenner-ein-32206520\">Am 6. September<\/a> beleidigt in Berlin ein betrunkenes P\u00e4rchen zwei M\u00e4nner rassistisch. Es wird vorl\u00e4ufig festgenommen. <a href=\"https:\/\/www.morgenpost.de\/berlin\/polizeibericht\/article227017553\/Blaulicht-Blog-Junge-bei-Unfall-schwer-verletzt.html\">Wiederum in Berlin<\/a> beschimpft am 6. September ein Mann drei Taxifahrer rassistisch und tritt gegen die Autot\u00fcren. Er kann unerkannt fl\u00fcchten. <a href=\"https:\/\/www.berliner-zeitung.de\/berlin\/polizeibericht-betrunkener-radfahrer-stuerzt-in-fahrendes-auto-32206520\">Am 10. September<\/a> wird in Berlin ein Jugendlicher von einem betrunkenen Mann lautstark rassistisch beschimpft und verfolgt. Er wird vor\u00fcbergehend festgenommen. Erneut werden in Berlin <a href=\"https:\/\/www.berliner-zeitung.de\/berlin\/polizei\/polizeibericht-polizei-stellt-bei-rockerdemo-14-motorraeder-sicher-32206520\">am 13. September<\/a> eine Busfahrerin und ihr Kollege von einem Mann rassistisch beleidigt und bedroht; die Polizei nimmt seine Personalien auf. <a href=\"https:\/\/www.morgenpost.de\/berlin\/polizeibericht\/article227212005\/Blaulicht-Blog-Brand-an-Eingangstuer-von-Gericht.html\">Am 25. September<\/a> wird in Berlin eine Muslima von einem Betrunkenen rassistisch beschimpft und mit Alkohol \u00fcbergossen; Zeug*innen halten den Mann zur Identit\u00e4tsfeststellung fest. <a href=\"https:\/\/www.berliner-zeitung.de\/berlin\/polizei\/polizeibericht-busfahrer-muss-bremsen--fahrfast-schwer-verletzt-32206520\">Am 26 September<\/a> wird in Berlin ein Autofahrer von einem Stra\u00dfenbahnfahrer rassistisch beschimpft bevor dieser weiterf\u00e4hrt; die Polizei ermittelt.<!--more--><\/p>\n<p><strong>Angriffe auf Polizist*innen:<\/strong> Als Sicherheitsmitarbeiter der Berliner S-Bahn einen betrunkener Mann beim Beschmieren eines Zuges stellen, werden sie von ihm angegriffen; auch die herbeigerufene Polizei greift der Mann an. Er wird <a href=\"https:\/\/www.morgenpost.de\/berlin\/polizeibericht\/article226963553\/Berlin-Marzahn-Betrunkener-greift-Bahnmitarbeiter-und-Polizisten-an.html\">in Gewahrsam genommen<\/a>.In Berlin schl\u00e4gt <a href=\"https:\/\/www.berliner-zeitung.de\/berlin\/polizei-kreuzberg-mann-uriniert-am-mehringdamm-und-verpruegelt-polizisten-33117094\">am 3. September<\/a> ein Mann zun\u00e4chst auf einen anderen ein als der ihn darauf anspricht, er solle nicht in der \u00d6ffentlichkeit urinieren und schl\u00e4gt und tritt anschlie\u00dfend auch auf Polizisten ein. Er wird festgenommen. Ebenfalls <a href=\"https:\/\/www.abendzeitung-muenchen.de\/inhalt.spuckangriff-an-muenchner-hackerbruecke-mann-grapscht-und-bespuckt-polizist.1b29d66d-d9fa-4136-8053-80f283fdb3e7.html\">am 3. September<\/a> bep\u00f6belt und bel\u00e4stigt ein Mann in M\u00fcnchen (Bayern) Passant*innen. Als Polizist*innen ihn in Gewahrsam nehmen, spuckt er einem Beamten ins Gesicht. <a href=\"https:\/\/www.fr.de\/rhein-main\/main-taunus-kreis\/hofheim-hessen-polizistin-nach-kontrolle-kerb-attackiert-zr-12982614.html\">Am 7. September<\/a> versucht in Hofheim (Hessen) ein Jugendlicher sich nach einer Schl\u00e4gerei der Personenkontrolle zu entziehen und greift dabei eine Polizistin an. In Heidelberg (Baden-W\u00fcrttemberg) kommt es <a href=\"https:\/\/www.morgenpost.de\/vermischtes\/article227088643\/Einsatz-bei-Einschulung-Mann-verletzt-Polizistin-mit-Messer.html\">am 13. September<\/a> bei einer Einschulungsfeier zu einer Schl\u00e4gerei zweier Familien, dabei wird eine Polizistin durch einen Messerstich ins Bein leicht verletzt. <a href=\"https:\/\/www.sueddeutsche.de\/bayern\/augsburg-polizei-schuss-mit-gaspistole-1.4603689\">Am 15. September<\/a> wird die Polizei in Augsburg (Bayern) zu einer Ruhest\u00f6rung gerufen. Als die Beamt*innen an der Wohnungst\u00fcr klopfen, schie\u00dft ein Mann einem Polizisten sofort mit einer Gaspistole ins Gesicht und verbarrikadiert sich anschlie\u00dfend. Als ein Spezialeinsatzkommando (SEK) die Wohnung st\u00fcrmt, schie\u00dft er erneut auf die Beamt*innen. Es wird Haftbefehl erlassen. <a href=\"https:\/\/www.welt.de\/vermischtes\/article200455114\/Pfefferspray-eingesetzt-45-Jaehriger-stirbt-waehrend-Polizeieinsatzes-in-Baden-Wuerttemberg.html\">Am gleichen Tag<\/a> greift in Herrenberg (Baden-W\u00fcrttemberg) bei einer Verkehrskontrolle ein Mann die Beamt*innen an. Diese setzen Pfefferspray gegen ihn ein. Kurz darauf kollabiert der Mann und stirbt. Als <a href=\"https:\/\/www.morgenpost.de\/berlin\/article227125451\/16-Jaehriger-schreit-Freundin-an-und-tritt-auf-Polizisten-ein.html\">am 17. September<\/a> in Berlin ein Polizist einen handgreiflichen Streit eines Jugendlichen mit seiner Freundin beenden will, wird er von dem Jungen massiv angegriffen und muss ambulant behandelt werden. Andere Beamt*innen nehmen den Jugendlichen fest. <a href=\"https:\/\/www.spiegel.de\/panorama\/justiz\/sachsen-mutmasslicher-reichsbuerger-attackiert-polizisten-a-1288567.html\">Am 25. September<\/a> rammt in Ottendorf-Okrilla (Sachsen) ein Mann mit seinem Auto absichtlich ein Polizeifahrzeug und greift bei seiner Festnahme die Beamt*innen an. Der Mann gilt als \u201eReichsb\u00fcrger\u201c. In Berlin greifen <a href=\"https:\/\/www.berliner-zeitung.de\/berlin\/polizei\/polizeibericht-polizist-ueberfallen---drei-festnahmen-32206520\">am 29. September<\/a> drei Jugendliche einen Polizisten in Zivil an; sie k\u00f6nnen festgenommen werden. Der Mann muss \u00e4rztlich behandelt werden.<\/p>\n<p>2. September: <strong>Prozesse gegen Polizist*innen:<\/strong> Das Landgericht (LG) Bonn (NRW) <a href=\"https:\/\/www.faz.net\/aktuell\/gesellschaft\/kriminalitaet\/bewaehrungsstrafe-fuer-polizisten-der-kollegen-erschoss-16364305.html\">verurteilt den Polizeibeamten<\/a>, der im November 2018 bei einem Schie\u00dftraining versehentlich einen Kollegen erschossen hatte, zu einer zweij\u00e4hrigen Bew\u00e4hrungsstrafe und einer Zahlung von 3.000 EUR an eine Polizeistiftung. <a href=\"https:\/\/www.spiegel.de\/panorama\/justiz\/erfurt-lka-mitarbeiter-darf-wegen-hetze-nicht-fristlos-gekuendigt-werden-a-1285284.html\">Am 4. September<\/a> entscheidet das Bundesarbeitsgericht in Erfurt (Th\u00fcringen), dass einem Mitarbeiter des Landeskriminalamtes (LKA), der sich 2016 auf Facebook rassistisch ge\u00e4u\u00dfert hatte, nicht fristlos gek\u00fcndigt werden durfte. Er h\u00e4tte zuvor abgemahnt und bis zur regul\u00e4ren K\u00fcndigungsfrist auf einen weniger sicherheitsrelevanten Arbeitsplatz versetzt werden m\u00fcssen (Az:2 AZR 26\/19). <a href=\"https:\/\/www.morgenpost.de\/berlin\/article227097553\/Polizist-Rolf-L-und-die-Autoschieber-Bande-vor-Gericht.html\">Am 16. September<\/a> beginnt vor dem LG Berlin der Prozess gegen einen Polizeibeamten, der eine internationale Autoschieber-Bande mit Informationen aus dem Polizeicomputer versorgt haben soll. Die Staatsanwaltschaft (StA) Schwerin (Mecklenburg-Vorpommern) <a href=\"https:\/\/www.spiegel.de\/panorama\/justiz\/nordkreuz-gruender-marko-g-gruender-rechter-prepper-gruppe-angeklagt-a-1287621.html\">erhebt Anklage<\/a> gegen einen fr\u00fcheren SEK-Beamten erhoben hat. Er soll 2016 die rechte Gruppe \u201eNordkreuz\u201c mitgegr\u00fcndet und mit gestohlenen Waffen und Munition versorgt haben. Auch weitere SEKler sollen in die Aff\u00e4re verwickelt sein.<\/p>\n<p><strong>Antisemitismus:<\/strong> Der Fu\u00dfballverein Eintracht Frankfurt verh\u00e4ngt gegen einen Zuschauer, der Ende August einen israelischen Schiedsrichter als \u201eJudensau\u201c beschimpft hatte, <a href=\"https:\/\/www.fr.de\/frankfurt\/eintracht-frankfurt-sge-verhaengt-stadionverbot-wegen-antisemitismus-12966231.html\">ein Stadionverbot<\/a>. <a href=\"https:\/\/www.berliner-zeitung.de\/berlin\/polizei\/polizeibericht-mann-in-schaufensterscheibe-gestossen-32206520\">Am 7. September<\/a> beleidigt an einer Berliner Stra\u00dfenbahnhaltestelle ein Mann einen anderen antisemitisch. Er kann unerkannt fl\u00fcchten. <a href=\"https:\/\/www.berliner-zeitung.de\/berlin\/polizei\/polizeibericht-verspaetungen-und-zugausfaelle-der-s-bahn-linie-am-hauptbahnhof-32206520\">Am gleichen Tag<\/a> st\u00fcrmen ebenfalls in Berlin <a href=\"https:\/\/twitter.com\/BartalYossi\/status\/1172406701745569792\">j\u00fcdische Israelis<\/a> die B\u00fchne eines israelischen Filmfestivals, halten Transparente hoch und skandieren Parolen. Vor einer Berliner Diskothek schl\u00e4gt <a href=\"https:\/\/www.morgenpost.de\/berlin\/polizeibericht\/article227032553\/Blaulicht-Blog-Geschlagen-weil-er-Hebraeisch-sprach.html\">am 9. September<\/a> ein Mann einem anderen, der sich auf Hebr\u00e4isch unterh\u00e4lt ins Gesicht; danach fl\u00fcchtet er unerkannt. Ein Berliner Jugendsch\u00f6ffengericht verurteilt <a href=\"https:\/\/www.morgenpost.de\/berlin\/article227066899\/Angriff-wegen-israelischer-Musik-Zwei-Jugendliche-verurteilt.html\">am 12. September<\/a> zwei Jugendliche wegen Beleidigung und gef\u00e4hrlicher K\u00f6rperverletzung zu Strafen zwischen zwei Monaten Dauerarrest und einem Jahr und zwei Monaten auf Bew\u00e4hrung. Sie hatten im Juni 2018 drei andere Jugendliche wegen H\u00f6rens hebr\u00e4ischer Musik beleidigt und geschlagen. Ebenfalls <a href=\"https:\/\/www.abendzeitung-muenchen.de\/inhalt.antisemitisches-video-geteilt-usk-skandal-strafbefehl-gegen-polizisten-erlassen.11a4f8b7-fba\u00df-4dbf-9287-d47fa68d0394.html\">am 12. September<\/a> gibt die Polizei in M\u00fcnchen (Bayern) bekannt, dass gegen einen Beamten eines Sonderkommandos ein rechtskr\u00e4ftiger Strafbefehl wegen des Versendens eines rassistischen und antisemitischen Videos innerhalb einer Chatgruppe erlassen wurde; gegen weitere Beamte wird ermittelt. Der Vorfall war im M\u00e4rz bekannt geworden. An einer Pro-Pal\u00e4stina-Demonstration in Berlin nehmen <a href=\"https:\/\/www.morgenpost.de\/berlin\/article227189291\/Brandenburger-Tor-Innenverwaltung-verbietet-Auftritt-von-antisemitischen-Rappern.html\">am 24. September<\/a> rund 500 Personen teil; ein Auftritt von zwei antisemitischen pal\u00e4stinensischen Rappern wird verboten. Laut einer <a href=\"https:\/\/www.morgenpost.de\/berlin\/article227200159\/Judenhass-in-Berlin-Bedroht-beschimpft-geschlagen.html\">am 25. September<\/a> ver\u00f6ffentlichten Statistik eines Berliner Rundfunksenders kam es in der Stadt im ersten Halbjahr zu 404 antisemitischen Vorf\u00e4llen (2018: 579); davon 13 k\u00f6rperliche Angriffe (2018: 23 \/ 2017: 9).<\/p>\n<p><strong>Rassistische Angriffe:<\/strong> In Berlin <a href=\"https:\/\/www.faz.net\/aktuell\/politik\/inland\/angriff-in-berlin-unbekannte-attackieren-tuerkischstaemmigen-bundeswehrsoldaten-16365642.html\">greifen zwei M\u00e4nner<\/a> unvermittelt einen t\u00fcrkischst\u00e4mmigen Bundeswehrsoldaten an; schlagen und treten auf ihn ein und beschimpfen ihn rassistisch. Sie k\u00f6nnen unerkannt fl\u00fcchten. Auf dem Hauptbahnhof von Bielefeld (NRW) bespr\u00fcht <a href=\"https:\/\/www.tagesspiegel.de\/gesellschaft\/panorama\/rassistische-attacke-in-bielefeld-mann-greift-schueler-und-lehrerin-mit-reizgas-an\/25007804.html\">am 11. September<\/a> ein Mann ein Gruppe von Sch\u00fcler*innen und die Lehrerin mit Reizgas. Nach seiner Festnahme erkl\u00e4rt er sich von der Gruppe gest\u00f6rt gef\u00fchlt zu haben und zudem sei er Rassist. In Chemnitz (Sachsen) wird <a href=\"https:\/\/www.berliner-zeitung.de\/politik\/staatsschutz-ermittelt-rollstuhlfahrer-aus-libyen-in-chemnitz-angegriffen-33177948\">am 14. September<\/a> ein behinderter Libyer aus seinem Rollstuhlfahrer gesto\u00dfen und attackiert. Der rechtsradikale T\u00e4ter kann festgenommen werden. Durch Presseberichte wird <a href=\"https:\/\/www.spiegel.de\/panorama\/justiz\/chemnitz-mann-soll-neben-attacke-auf-rollstuhlfahrer-weitere-tat-versucht-haben-a-1287657.html\">am 19. September<\/a> bekannt, dass die Polizei auch einen Zusammenhang mit einem Angriff auf einen dunkelh\u00e4utigen Mann pr\u00fcft. Vor dem LG Berlin beginnt <a href=\"https:\/\/www.morgenpost.de\/berlin\/article227179173\/Messerattacke-auf-Roma-Angehoerige-38-Jaehrige-vor-Gericht.html\">am 23. September<\/a> der Prozess wegen versuchten Mordes gegen eine Frau, die Ende M\u00e4rz in einer U-Bahn drei Roma beschimpft, geschlagen und mit einem Messer auf sie eingestochen hatte. Alle drei erlitten mehrere Stichwunden.<\/p>\n<p>3. September: <strong>Gewalt gegen Obdachlose:<\/strong> In Berlin z\u00fcnden Unbekannte die Decke eines auf einer Parkbank schlafenden Obdachlosen an; <a href=\"https:\/\/www.berliner-zeitung.de\/berlin\/polizei\/polizeibericht-unbekannte-zuenden-bettdecke-von-obdachlosem-an-32206520\">er wird leicht verletzt<\/a>. <a href=\"https:\/\/www.morgenpost.de\/berlin\/polizeibericht\/article227005299\/Berlin-Friedrichshain-Obdachlose-angegriffen-und-schwer-verletzt.html\">Am 5. September<\/a> greifen wiederum in Berlin Unbekannte drei Obdachlose massiv an und verletzen zwei von ihnen schwer; sie m\u00fcssen im Krankenhaus station\u00e4r behandelt werden. <a href=\"https:\/\/www.berliner-zeitung.de\/berlin\/polizei\/polizeibericht-mann-sticht-mit-abgebrochener-flasche-auf-schlafenden-obdachlosen-ein-32206520\">Am 23. September<\/a> sticht in Berlin ein Mann mit einem abgebrochenen Flaschenhals auf einen schlafenden Obdachlosen ein; der Mann muss notoperiert werden. Der T\u00e4ter kann festgenommen werden.<\/p>\n<p><strong>Kinderpornografie:<\/strong> Durch <a href=\"https:\/\/www.spiegel.de\/panorama\/justiz\/christoph-metzelder-staatsanwaltschaft-ermittelt-wegen-kinderpornografie-vorwurf-a-1285148.html\">Presseberichte<\/a> wird bekannt, dass die StA Hamburg gegen den fr\u00fcheren Fu\u00dfballnationalspieler Christoph Metzelder wegen des Verdachts der Verbreitung von kinderpornografischen Schriften ermittelt. Seine Wohn- und B\u00fcror\u00e4ume wurden durchsucht, Handy und PC beschlagnahmt.<\/p>\n<p><strong>Ermittlungen gegen Polizeigewerkschafter:<\/strong> Schleswig-Holsteins Innenminister Hans-Joachim Grote (CDU) empf\u00e4ngt den Vize-Vorsitzenden der rechtskonservativen Deutschen Polizeigewerkschaft (DPolG) zu einem Vier-Augen-Gespr\u00e4ch, obwohl gegen den Polizeifunktion\u00e4r <a href=\"https:\/\/www.spiegel.de\/panorama\/justiz\/kiel-innenminister-grote-mischt-sich-in-verfahren-gegen-polizeigewerkschafter-ein-a-1286241.html\">wegen Geheimnisverrats ermittelt wird<\/a>. Ende August waren hierzu mehrere Objekte und die Privatwohnung des Mannes durchsucht worden.<\/p>\n<p>4. September: <strong>Beschwerde gegen BKA-Gesetz:<\/strong> Durch <a href=\"https:\/\/www.spiegel.de\/politik\/deutschland\/bka-gesetz-verfassungsbeschwerde-am-bundesverfassungsgericht-a-1285255.html\">Presseberichte<\/a> wird bekannt, dass bereits im Mai erneut Verfassungsbeschwerde gegen das geltende Bundeskriminalamt-Gesetz (BKAG) erhoben wurde. Bereits beim Inkrafttreten des Gesetzes im Mai hatte das Bundesverfassungsgericht (BVerfG) Teile des Gesetzes f\u00fcr verfassungswidrig erkl\u00e4rt.<\/p>\n<p><strong>Ermittlungen gegen Justizbeamte:<\/strong> Gegen vier Justizbeamte der Justizvollzugsanstalt (JVA) Sehnde (Niedersachsen) wird wegen des Vorwurfs der Bestechlichkeit <a href=\"https:\/\/www.spiegel.de\/panorama\/justiz\/jva-sehnde-vorwurf-des-drogen-und-handyschmuggels-beamte suspendiert-a-1285238.html\">ermittelt<\/a>. Sie sollen Drogen und Mobiltelefone in die JVA geschmuggelt haben und sind vom Dienst suspendiert. Ermittelt wird auch gegen etliche JVA-Insassen.<\/p>\n<p><strong>Schleuserkriminalit\u00e4t:<\/strong> In mehreren Bundesl\u00e4ndern durchsuchen Beamt*innen der Bundespolizei (BPol) <a href=\"https:\/\/www.welt.de\/vermischtes\/article199703774\/Bremen-Gefaelschte-Paesse-Polizei-geht-gegen-Schleuser-vor.html\">insgesamt 25 Objekte<\/a> wegen des Verdachts der Schleuserkriminalit\u00e4t. In f\u00fcnf Bundesl\u00e4ndern durchsucht die Polizei am 12. September 33 Objekte einer deutsch-vietnamesischen Schleuserbande. <a href=\"https:\/\/www.tagesspiegel.de\/berlin\/grossrazzia-in-mehreren-berliner-bezirken-polizei-geht-gegen-mutmassliche-menschen-schleuser-vor\/25011560.html\">Neun Personen werden festgenommen<\/a>; Datentr\u00e4ger, Mobiltelefone und ein gr\u00f6\u00dferer Bargeldbetrag werden beschlagnahmt.<\/p>\n<p>5. September: <strong>Rechtsradikale und rassistische Angriffe auf Gefl\u00fcchtete:<\/strong> Aus einer parlamentarischen Anfrage der Linken-Bundestagsfraktion <a href=\"https:\/\/www.tagesspiegel.de\/politik\/beleidigungen-koerperverletzungen-brandstiftungen-609-angriffe-auf-fluechtlinge-binnen-sechs-monaten\/24982642.html\">geht hervor<\/a>, dass es im ersten Halbjahr bundesweit zu insgesamt 609 Angriffen auf Fl\u00fcchtlinge gekommen ist (Brandenburg: 160 \/ Baden-W\u00fcrttemberg: 62 \/ Niedersachsen: 58 \/ Sachsen: 58).<\/p>\n<p><strong>\u201eReichsb\u00fcrger\u201c:<\/strong> In Berlin, Brandenburg und Mecklenburg-Vorpommern <a href=\"https:\/\/www.spiegel.de\/panorama\/justiz\/reichsbuerger-razzien-in-brandenburg-berlin-und-mecklenburg-vorpommern-a-1285415.html\">durchsucht die Polizei<\/a> vier Objekte der, den \u201eReichsb\u00fcrgern\u201c zugeordnete Gruppe \u201eGeeinte deutsche V\u00f6lker und St\u00e4mme\u201c, wegen des Vorwurfs der Bildung einer kriminellen Vereinigung, Erpressungsversuchen und anderen Delikten. Durch Presseberichte wird <a href=\"https:\/\/www.tagesspiegel.de\/berlin\/rechtsextreme-positionen-auf-youtube-volkslehrer-wird-nicht-mehr-unterrichten\/25000094.html\">am 10. September<\/a> bekannt, dass der als selbsternannter \u201eVolkslehrer\u201c bekannt gewordene Berliner \u201eReichsb\u00fcrger\u201c die Berufung gegen seine K\u00fcndigung zur\u00fcckgezogen hat. In Ottendorf-Okrilla (Sachsen) rammt <a href=\"https:\/\/www.spiegel.de\/panorama\/justiz\/sachsen-mutmasslicher-reichsbuerger-attackiert-polizisten-a-1288567.html\">am 25. September<\/a> ein, als \u201eReichsb\u00fcrger\u201c geltender Mann mit seinem Auto absichtlich ein Polizeifahrzeug und greift bei seiner Festnahme die Beamten an.<\/p>\n<p><strong>Rechtsradikalismus:<\/strong> <a href=\"https:\/\/www.spiegel.de\/politik\/deutschland\/wetterau-npd-politiker-von-cdu-spd-und-fdp-zum-ortsvorsteher-gewaehlt-a-1285736.html\">Mit den Stimmen von CDU, SPD und FDP<\/a> wird der hessische NPD-Landesvorsitzende Stefan Jagsch zum Ortsvorsteher der Gemeinde Altenstadt (Hessen) gew\u00e4hlt. Am Bahnhof von Oranienburg (Brandenburg) zeigt <a href=\"https:\/\/www.tagesspiegel.de\/berlin\/vorfall-in-unmittelbarer-naehe-der-gedenkstaette-sachsenhausen-unbekannter-zeigt-gedenkstaettenbesuchern-hitlergruss\/25001308.html\">am 9. September<\/a> ein Unbekannter den Besuchern der Gedenkst\u00e4tte Sachsenhausen den Hitlergru\u00df. Ein rechtsradikaler \u201eRepublikaner\u201c, der in der Stadtverordnetenversammlung von Hanau (Hessen) mit einem NPD-Mann eine Fraktion bildet, wurde vor etwa drei Wochen vom SPD-Oberb\u00fcrgermeister <a href=\"https:\/\/www.sueddeutsche.de\/politik\/bert-ruediger-foerster-hessen-hanau-spd-republikaner-ehrenbrief-1.4595678\">mit einem \u201eEhrenbrief\u201c ausgezeichnet<\/a>. In Henningsdorf (Brandenburg) konnte ein Oberschullehrer, der Mitte 2018 \u00f6ffentlich seine rechten Tattoos zur Schau stellte, etwa ein Jahr lang <a href=\"https:\/\/www.tagesspiegel.de\/berlin\/quereinsteiger-in-henningsdorf-rechter-lehrer-muss-wegen-ss-tattoo-gehen\/25017730.html\">weiter unterrichten<\/a> und wurde erst dann ins Schulamt Neuruppin versetzt. Am 16. September teilt das Bildungsministerium mit, dass dem Lehrer seinerzeit bereits gek\u00fcndigt worden war, er gegen diese K\u00fcndigung jedoch erfolgreich geklagt hatte und deshalb versetzt worden war. Die <a href=\"https:\/\/www.tagesspiegel.de\/berlin\/klarer-fall-fuer-staatsanwaltschaft-rechter-lehrer-muss-wegen-ss-tattoo-vor-gericht\/25021108.html\">StA erg\u00e4nzt<\/a>, dass auch sie damals einen Strafbefehl beantragt hatte, dem jedoch ebenfalls widersprochen wurden. <a href=\"https:\/\/www.morgenpost.de\/berlin\/article227170337\/S-Bahn-faehrt-gegen-Baum-100-Fahrgaeste-werden-betreut.html\">Am 21. September<\/a> \u00fcbergibt sich in einem Berliner Taxi ein Betrunkener und schl\u00e4gt im Streit um die Reinigungskosten den Fahrer. Den herbeigerufenen Polizist*innen zeigt er mehrfach den Hitlergru\u00df; er wird in Gewahrsam genommen. Durch Presseberichte wird <a href=\"https:\/\/www.sueddeutsche.de\/politik\/europol-sicherheit-rechtsextremismus-1.4613424\">am 23. September<\/a> ein vertraulicher Lagebericht der europ\u00e4ischen Polizeibeh\u00f6rde Europol bekannt. Demnach versuchen rechtsradikale Gruppen verst\u00e4rkt Mitglieder aus Milit\u00e4r und Sicherheitsbeh\u00f6rden anzuwerben. In den EU-Mitgliedsstaaten gab es demnach 2018 insgesamt 44 Verhaftungen in Zusammenhang mit rechtem Terrorismus (2016: 12).<\/p>\n<p><strong>G20-Gipfel:<\/strong> Aus einer parlamentarischen Anfrage der AfD-Fraktion in der Hamburger B\u00fcrgerschaft <a href=\"https:\/\/www.spiegel.de\/panorama\/justiz\/g20-gipfel-in-hamburg-gewalttaeter-waren-ueberwiegend-einheimische-a-1285434.html\">geht hervor<\/a>, dass die Mehrzahl der ermittelten mutma\u00dflichen 942 Tatverd\u00e4chtigen an den Ausschreitungen beim G20-Gipfel im Juli 2017 aus Deutschland stammt (802 \/ Ausland: 103).<\/p>\n<p>6. September: <strong>Terroranschlag auf Berliner Weihnachtsmarkt:<\/strong> Der Vorsitzende des Untersuchungsausschusses im Berliner Abgeordnetenhaus erkl\u00e4rt, dass sich der Ausschuss auf die Verh\u00e4ngung von Ordnungsgeldern f\u00fcr aussageunwillige Zeugen <a href=\"https:\/\/www.tagesspiegel.de\/berlin\/zeugen-wollen-nicht-aussagen-amri-untersuchungsausschuss-beantragt-ordnungsgelder\/24989006.html\">verst\u00e4ndigt hat<\/a>. Hintergrund ist die weitgehende Aussageverweigerung von zwei LKA-Beamten im April. <a href=\"https:\/\/www.tagesspiegel.de\/berlin\/amri-untersuchungsausschuss-innenministerium-muss-akten-ungeschwaerzt-vorlegen\/25027742.html\">Am 18. September<\/a> entscheidet das Bundesverwaltungsgericht (BVerwG) dass dem Berliner Untersuchungsausschuss Akten des Bundesinnenministeriums und \u201edessen nachgeordnete Beh\u00f6rden\u201c \u201eungeschw\u00e4rzt\u201c zur Verf\u00fcgung gestellt werden m\u00fcssen.<\/p>\n<p><strong>Polizeischuss:<\/strong> In Hamm (NRW) wird die Polizei zu einem heftigen Streit unter vier M\u00e4nnern gerufen. Als sie diese zun\u00e4chst getrennt hatten, kehrte einer der M\u00e4nner mit einem Messer zur\u00fcck und sticht mehrfach auf einen seiner Kontrahenten ein; ein Beamter schie\u00dft daraufhin auf ihn. Beide M\u00e4nner <a href=\"https:\/\/www.welt.de\/vermischtes\/article199872474\/Lebensgefaehrlich-verletzt-Mann-sticht-16-Jaehrigen-vor-den-Augen-der-Polizei-nieder.html\">werden schwer verletzt<\/a>.<\/p>\n<p><strong>Homophobe Angriffe:<\/strong> In Berlin wird ein homosexuelles Paar von drei M\u00e4nnern zun\u00e4chst <a href=\"https:\/\/www.berliner-zeitung.de\/berlin\/polizei\/polizeibericht-mann-in-schaufensterscheibe-gestossen-32206520\">homophob beleidigt und dann geschlagen und getreten<\/a>. Die T\u00e4ter k\u00f6nnen fl\u00fcchten. <a href=\"https:\/\/www.morgenpost.de\/berlin\/polizeibericht\/article227085703\/Wedding-E-Scooter-Fahrer-kollifiert-mit-Kastenwagen-und-wird-schwer-verletzt.html\">Am 13. September<\/a> werden in Berlin zwei M\u00e4nner von einem anderen Mann auf einer Treppe in den R\u00fccken gesto\u00dfen und homophob beleidigt. <a href=\"https:\/\/www.tagesspiegel.de\/berlin\/opfer-erleidet-jochbeinbruch-homophober-angriff-in-neukoelln\/25017112.html\">In einem anderen Stadtteil<\/a> werden zudem zwei M\u00e4nner von einer Gruppe Jugendlicher homophob beleidigt, geschlagen und getreten. Einer der M\u00e4nner erleidet einen Jochbeinbruch; die T\u00e4ter k\u00f6nnen unerkannt fl\u00fcchten. <a href=\"https:\/\/www.abendzeitung-muenchen.de\/inhalt.kein-taeter-festgenommen-homophobe-pruegelattacke-auf-dem-oktoberfest-freunde-auf-der-wiesn-angegriffen.8d7b3ea9-3158-414b-bd49-48cfebd14cf9.html\">Am 24. September<\/a> werden auf dem Oktoberfest in M\u00fcnchen (Bayern) vier junge M\u00e4nner aus einer etwa zehnk\u00f6pfigen Gruppe heraus homophob beleidigt, geschlagen und getreten. Die polizeiliche \u201eWiesn-Streife\u201c stellt lediglich die Personalien fest. Aus einer parlamentarischen Anfrage der Linksfraktion im Bundestag geht <a href=\"https:\/\/www.morgenpost.de\/politik\/inland\/article227205545\/Deutlicher-Anstieg-homophober-Gewalttaten.html\">am 26. September<\/a> hervor, dass das Bundeskriminalamt (BKA) im ersten Halbjahr bundesweit 58 Angriffe auf LGBTI-Personen gez\u00e4hlt hat (2018: 97 \/ 2013: 50). <a href=\"https:\/\/www.berliner-zeitung.de\/berlin\/polizei\/polizeibericht-busfahrer-muss-bremsen\u2014fahrfast-schwer-verletzt-32206520\">Am gleichen Tag<\/a> wird in Berlin ein Mann von zwei Mitarbeitern eines Privaten Sicherheitsdienstes homophob beleidigt und von seinem Fahrrad gesto\u00dfen.<\/p>\n<p>7. September: <strong>Rechtsradikale Polizist*innen:<\/strong> Durch Presseberichte wird bekannt, dass sechs hessische Polizeianw\u00e4rter im Verdacht stehen, in einer Whatsapp-Gruppe rechtsradikale und antisemitische Bilder und Spr\u00fcche verschickt zu haben. Die Polizeiakademie hatte ihnen demnach <a href=\"https:\/\/www.fr.de\/rhein-main\/kreis-offenbach\/muehlheim-hessen-polizeianwaerter-sollen-rassistische-bilder-verschickt-haben-zr-12982000.html\">bereits im Juli mitgeteilt<\/a>, dass sie nicht ins Beamtenverh\u00e4ltnis \u00fcbernommen w\u00fcrden. Sie StA ermittelt. <a href=\"https:\/\/www.abendzeitung-muenchen.de\/inhalt.antisemitisches-video-geteilt-usk-skandal-strafbefehl-gegen-polizisten-erlassen.11a4f8b7-fba\u00df-4dbf-9287-d47fa68d0394.html\">Am 12. September<\/a> gibt die Polizei in M\u00fcnchen (Bayern) bekannt, dass gegen mehrere Beamte einer Chatgruppe ermittelt wird, in der mindestens ein rassistisches und antisemitisches Video verschickt wurde; gegen einen Beamten wurde bereits ein rechtskr\u00e4ftiger Strafbefehl erlassen. Der Vorfall war im M\u00e4rz bekannt geworden. Zwei Polizisten sind bereits suspendiert; 10 weitere in andere Einheiten versetzt. Durch Presseberichte wird <a href=\"https:\/\/www.spiegel.de\/panorama\/justiz\/nordkreuz-gruender-marko-g-gruender-rechter-prepper-gruppe-angeklagt-a-1287621.html\">am 19. September<\/a> bekannt, dass die StA Schwerin (Mecklenburg-Vorpommern) Anklage gegen einen fr\u00fcheren SEK-Beamten erhoben hat. Er soll 2016 die rechte Gruppe \u201eNordkreuz\u201c mitgegr\u00fcndet und mit gestohlenen Waffen und Munition versorgt haben. Auch weitere SEKler sollen in die Aff\u00e4re verwickelt sein. Bei der Klima-Demonstration in Frankfurt\/M. (Hessen) wurde ein Polizist mit einem in der rechten Szene beliebten Aufkleber auf der Uniform gesehen. Die Polizei <a href=\"https:\/\/www.fr.de\/frankfurt\/klima-demo-frankfurt-aktividten-erheben-vorwuerfe-gegen-polizei-zr-13028311.html\">k\u00fcndigt eine Untersuchung an<\/a>. Am 26. September <a href=\"https:\/\/www.fr.de\/frankfurt\/frankfurter-polizist-traegt-umstrittenes-symbol-seiner-uniform-13044312.html\">teilt die Polizei mit<\/a>, der Beamte sei anhand eines Fotos identifiziert worden. Strafrechtlich sei der Aufn\u00e4her zwar nicht relevant, es seien jedoch dienstrechtliche Pr\u00fcfungen eingeleitet worden.<\/p>\n<p><strong>Homophobe Handlungen:<\/strong> In einer Berliner U-Bahn werden eine Transfrau und ihr Begleiter von drei M\u00e4nnern zun\u00e4chst <a href=\"https:\/\/www.berliner-zeitung.de\/berlin\/polizei\/polizeibericht-friedenau-autofahrer-faehrt-bei-rot-und-erfasst-fahrradfahrer-32206520\">homophob beleidigt<\/a> und sp\u00e4ter mit einer Plastikflasche beworfen. Die T\u00e4ter k\u00f6nnen unerkannt fl\u00fcchten. <a href=\"https:\/\/www.berliner-zeitung.de\/berlin\/polizei\/polizeibericht-maskierte-unbekannte-ueberfallen-supermarkt-mit-waffe-32206520\">Am 8. September<\/a> wird in Berlin das Denkmal f\u00fcr die im Nationalsozialismus verfolgten Homosexuellen erneut von Unbekannten beschmiert. Durch eine parlamentarische Anfrage der Gr\u00fcnen-Bundestagsfraktion wird <a href=\"https:\/\/www.spiegel.de\/panorama\/justiz\/homosexuelle-angefeindet-dutzende-sachbeschaedigungen-seit-januar-a-1288269.html\">am 24. September<\/a> bekannt, dass es seit Januar bundesweit zu 42 Sachbesch\u00e4digungen im Bereich \u201esexuelle Orientierung\u201c gekommen ist (2018: 25). In Berlin wird ein Mann am 26. September von zwei Mitarbeitern eines Privaten Sicherheitsdienste <a href=\"https:\/\/www.berliner-zeitung.de\/berlin\/polizei\/polizeibericht-busfahrer-muss-bremsen--fahrfast-schwer-verletzt-32206520\">homophob beleidigt<\/a> und von seinem Fahrrad gesto\u00dfen. Sie k\u00f6nnen fl\u00fcchten; die Polizei ermittelt. In neun F\u00e4llen waren Denkm\u00e4ler und Gedenkst\u00e4tten betroffen. <a href=\"https:\/\/www.berliner-zeitung.de\/berlin\/polizei\/polizeibericht-denkmal-fuer-homosexuelle-emamzipationsbewegung-beschaedigt-32206520\">Am 30. September<\/a> wird in Berlin das Denkmal f\u00fcr die homosexuelle Emanzipationsbewegung zerkratzt und besch\u00e4digt.<\/p>\n<p><strong>Ermittlungen gegen Polizeibeamt*innen:<\/strong> Durch <a href=\"https:\/\/www.fr.de\/rhein-main\/kreis-offenbach\/muehlheim-hessen-polizeianwaerter-sollen-rassistische-bilder-verschickt-haben-zr-12982000.html\">Presseberichte<\/a> wird bekannt, dass die StA in Hessen gegen sechs Polizeianw\u00e4rter ermittelt, die im Verdacht stehen, in einer Whatsapp-Gruppe rechtsradikale und antisemitische Bilder und Spr\u00fcche verschickt zu haben. Die StA Trier (Rheinland-Pfalz) <a href=\"https:\/\/www.spiegel.de\/panorama\/justiz\/pruem-bundespolizist-soll-festgenommenen-geschlagen-und-fetreten-haben-a-1286318.html\">ermittelt gegen einen BPol-Beamten<\/a>, der am 8. September nach einer Verfolgungsjagd den Fahrer des gestellten Fahrzeugs geschlagen und getreten hatte, wie ein Video dokumentiert. <a href=\"https:\/\/www.abendzeitung-muenchen.de\/inhalt.antisemitisches-video-geteilt-usk-skandal-strafbefehl-gegen-polizisten-erlassen.11a4f8b7-fba\u00df-4dbf-9287-d47fa68d0394.html\">Am 12. September<\/a> gibt die Polizei in M\u00fcnchen (Bayern) bekannt, dass gegen mehrere Beamte einer Chatgruppe ermittelt wird, in der mindestens ein rassistisches und antisemitisches Video verschickt wurde. Der Vorfall war im M\u00e4rz bekannt geworden. Zwei Polizisten sind bereits suspendiert; 10 weitere in andere Einheiten versetzt.<\/p>\n<p>8. September: <strong>Rechtsextremismus:<\/strong> Durch <a href=\"https:\/\/www.morgenpost.de\/berlin\/article227019891\/Berlin-erhoeht-Verfolgungsdruck-auf-Neonazis.html\">Presseberichte<\/a> wird bekannt, dass die Berliner Justizverwaltung bei der StA eine Schwerpunktabteilung Rechtsextremismus einrichtet, in der rechte Straftaten zentralisiert und t\u00e4terorientiert bearbeitet werden sollen. In Berlin wurden 2018 insgesamt <a href=\"https:\/\/www.morgenpost.de\/berlin\/article227019891\/Berlin-erhoeht-Verfolgungsdruck-auf-Neonazis.html\">1.766 rechte Straftaten gez\u00e4hlt<\/a>, davon 125 Gewalttaten. Bundesweit hat das Bundesamt f\u00fcr Verfassungsschutz (BfV) 2018 insgesamt 24.1000 Rechtsextremisten gez\u00e4hlt. Durch <a href=\"https:\/\/www.tagesspiegel.de\/politik\/neonazi-ueberfall.in-leipzig-beim-sturm-auf-connewitz-war-auch-ein-justizbeamter-beteiligt\/24998216.html\">Presseberichte<\/a> wird am 10 September bekannt, dass bei rechtsextremen Ausschreitungen in Leipzig (Sachsen) im Januar 2016 auch ein s\u00e4chsischer Justizvollzugsbeamter festgenommen wurde, der bis 2019 dennoch weiterhin uneingeschr\u00e4nkt im Dienst verbleiben konnte. Dort hatte er auch <a href=\"https:\/\/www.tagesspiegel.de\/politik\/neonazi-bewachte-neonazis-suspendierter-gefaengniswaerter-hatte-kontakt-zu-rechtsterroristen\/25008610.html\">Kontakt zu inhaftierten Rechtsextremisten<\/a>. In interner Runde stellen Bundesinnenminister Horst Seehofer (CSU) und BfV-Pr\u00e4sident Thomas Haldenwang <a href=\"https:\/\/www.spiegel.de\/politik\/deutschland\/horst-seehofer-will-verfassungsschutz-massiv-aufstocken-regierungsplaene-a-1288364.html\">am 24. September<\/a> ein Konzept vor, nach dem der Verfassungsschutz 300 zus\u00e4tzliche Stellen zur \u00dcberwachung der rechten Szene bekommen und sich k\u00fcnftig auch um \u201erechtsextreme Umtriebe im \u00f6ffentlichen Dienst\u201c k\u00fcmmern soll. <a href=\"https:\/\/taz.de\/Prozess-in-Hannover-gegen-Rechtsextreme\/!5626274\/\">Am 25. September<\/a> beginnt vor dem LG Hannover (Niedersachsen) der Prozess gegen zwei M\u00e4nner wegen Versto\u00df gegen das Waffen- und Kriegswaffenkontrollgesetz. Bei ihnen waren Ende M\u00e4rz \u00fcber 50 Waffen, Munition, NS-Devotionalien und anderes gefunden worden. Durch eine parlamentarische Anfrage der Linksfraktion im Bundestag wird am 28. September <a href=\"https:\/\/www.faz.net\/aktuell\/politik\/inland\/deutlich-mehr-waffen-bei-rechtsextremen-sichrergestellt-16408039.html\">bekannt<\/a>, dass bei Rechtsextremen im Zusammenhang mit 563 Straftaten \u2013 darunter 235 Gewaltdelikte \u2013 imJahr 2018 insgesamt 1.091 Waffen sichergestellt wurden (2017: 676).<\/p>\n<p><strong>K\u00f6rperverletzung im Amt: <\/strong>Nachdem bei einer Verfolgungsjagd an der deutsch-belgischen Grenze das Fahrzeug in Pr\u00fcm (Rheinland-Pfalz) gestoppt werden kann, schl\u00e4gt und tritt ein BPol-Beamter den Fahrer, <a href=\"https:\/\/www.spiegel.de\/panorama\/justiz\/pruem-bundespolizist-soll-festgenommenen-geschlagen-und-fetreten-haben-a-1286318.html\">wie ein Video dokumentiert<\/a>. Gegen den Beamten wird ermittelt. <a href=\"https:\/\/www.faz.net\/aktuell\/gesellschaft\/kriminalitaet\/anklage-gegen-bundespolizisten-wegen-koerperverletzung-16382849.html\">Am 13. September<\/a> gibt die StA Frankfurt\/M. (Hessen) bekannt, dass sie gegen acht BPol-Beamte Anklage wegen K\u00f6rperverletzung und N\u00f6tigung erhoben hat. Sie hatten im Dezember 2017 auf dem Hauptbahnhof einen Drogenkonsumenten kontrolliert und dessen Widerstand so rabiat gebrochen, dass der Mann einen Rippenbruch erlitt. Dennoch hatten die Beamten ihm einen Arzt verweigert. <a href=\"https:\/\/taz.de\/Koerperverletzung-im-Amt\/!5627186\/\">Laut einer Studie der Ruhr-Universit\u00e4t Bochum<\/a> (NRW) ist das Dunkelfeld bei K\u00f6rperverletzungen durch Polizeibeamt*innen \u201emindestens f\u00fcnfmal so gro\u00df \u2026 wie das Hellfeld\u201c. Befragt wurden hierzu 3.375 Personen. <a href=\"https:\/\/www.spiegel.de\/panorama\/justiz\/polizeigewalt-studie-tausende-menschen-berichten-von-ihren-erfahrungen-a-1286381.html\">Haupts\u00e4chlich betroffen<\/a> sind davon Teilnehmer*innen von Demonstrationen, Blockaden und Besetzungen sowie Fu\u00dfballfans.<\/p>\n<p>9. September: <strong>Festnahmen von mutma\u00dflichen Dschihadist*innen:<\/strong> In Hamburg wird eine zur\u00fcckgekehrte Deutsch-Tunesierin als Mitglied der Terrororganisation \u201eIslamischer Staat\u201c (IS) <a href=\"https:\/\/www.spiegel.de\/politik\/deutschland\/omalma-a-bundesanwaltschaft-laesst-mutmassliches-is-mitglied-festnehmen-a-1285879.html\">festgenommen<\/a>. Die Frau war 2015 mit ihren drei Kindern in ein IS-Gebiet ausgereist.<\/p>\n<p><strong>Dschihadist*innen-Prozesse:<\/strong> Das Oberlandesgericht (OLG) Frankfurt\/M. (Hessen) <a href=\"https:\/\/www.faz.net\/aktuell\/gesellschaft\/kriminalitaet\/urteil-is-sympathisant-plante-anschlag-mit-schwarzpulver-16376434.html\">verurteilt<\/a> einen jungen Iraker wegen Werbung f\u00fcr den IS und Vorbereitung einer staatsgef\u00e4hrdenden Gewalttat zu einer zweij\u00e4hrigen Haftstrafe auf Bew\u00e4hrung. Das Urteil ist noch nicht rechtskr\u00e4ftig (Az: 5-2 Ofs 23\/18 \u2013 4-18). Im Prozess gegen die deutsche Frau eines IS-K\u00e4mpfers vor dem OLG M\u00fcnchen (Bayern) sagt die Mutter eines Kindes aus, dass im Sommer 2015 im Irak angekettet verdurstete. Die Frau und ihre Tochter waren als Sklavinnen gehalten worden. Der Prozess <a href=\"https:\/\/www.abendzeitung-muenchen.de\/inhalt.mutter-von-totem-maedchen-sagt-aus-muenchen-prozess-gegen-deutsches-is-mitglied-geht-weiter.731dc572-41c9-45f3-af3c-4aa210c5c12b.html\">l\u00e4uft bereits seit April<\/a>. <a href=\"https:\/\/www.spiegel.de\/politik\/deutschland\/hessen-zweieinhalb-jahre-hadt-fuer-is-anhaenger-a-1287385.html\">Am 18. September<\/a> verurteilt das OLG Frankfurt\/M. (Hessen) einen deutschen IS-K\u00e4mpfer wegen Unterst\u00fctzung einer Dschihadistenmiliz zu einer zweieinhalbj\u00e4hrigen Haftstrafe.<\/p>\n<p><strong>Rechtsradikalismus bei der Bundeswehr:<\/strong> Durch <a href=\"https:\/\/www.spiegel.de\/politik\/deutschland\/bundeswehr-mad-nimmt-eliteeinheit-ksk-ins-visier-a-1285989.html\">Presseberichte<\/a> wird bekannt, dass der Milit\u00e4rische Abschirmdienst (MAD) die Bundeswehr-Eliteeinheit \u201eKommando Spezialkr\u00e4fte\u201c (KSK) zu einem \u201eArbeitsschwerpunkt\u201c erkl\u00e4rt hat. Von den rund 1.100 KSK-Angeh\u00f6rigen stehen \u201eweit \u00fcber zwei Dutzend\u201c im Verdacht rechtsradikaler Umtriebe. Aus einer parlamentarischen Anfrage der Gr\u00fcnen-Bundestagsfraktion <a href=\"https:\/\/www.spiegel.de\/politik\/deutschland\/bundeswehr-zahl-rechtsextremer-verdachtsdaelle-gestiegen-a-1287358.html\">geht hervor<\/a>, dass der MAD aktuell 478 sog. \u201eVerdachtsf\u00e4lle Operationen im Ph\u00e4nomenbereich Rechtsextremismus\u201c bearbeitet (Mai: 428). Am 23. September teilt die StA Stuttgart (Hessen) mit, dass ein KSK-Soldat und Mitgr\u00fcnder des rechten Netzwerkes \u201eUniter\u201c vom Amtsgericht (AG) B\u00f6blingen wegen Versto\u00dfes gegen das Waffen- und Sprengstoffgesetz zu einer Geldstrafe verurteilt wurde. Der Mann <a href=\"https:\/\/www.spiegel.de\/politik\/deutschland\/ex-ksk-soldat-hannibal-scheidet-aus-der-bundeswehr-aus-a-1288533.html\">scheidet zum Monatsende aus der Bundeswehr aus<\/a>.<\/p>\n<p>10. September: <strong>Dschihadismus:<\/strong> Das Verwaltungsgericht (VG) Berlin <a href=\"https:\/\/www.tagesspiegel.de\/politik\/verwaltungsgericht-lehnt-antrag-eines-vaters-ab-bundesregierung-muss-is-kaempfer-nicht-aus-syrien-zurueckholen\/25001886.html\">entscheidet<\/a>, dass die Bundesregierung einen, vermutlich von Kurden gefangengehaltenen, deutschen IS-K\u00e4mpfer nicht nach Deutschland zur\u00fcckholen muss.<\/p>\n<p><strong>Alternative f\u00fcr Deutschland (AfD):<\/strong> Der Pr\u00e4sident des Landesamtes f\u00fcr Verfassungsschutz (LfV) Niedersachsen <a href=\"https:\/\/www.faz.net\/aktuell\/politik\/inland\/afd-in-niedersachsen-als-prueffall-eingestuft-16381547.html\">erkl\u00e4rt im Verfassungsschutzausschuss des Landtages<\/a>, sein Amt habe die AfD als \u201ePr\u00fcffall\u201c eingestuft. Damit wird die rechtspopulistische Partei in sechs Bundesl\u00e4ndern als \u201ePr\u00fcffall\u201c gef\u00fchrt. <a href=\"https:\/\/www.tagesspiegel.de\/politik\/verstoss-gegen-datenschutz-mecklenburg-vorpommern-verbietet-lehrer-meldeportal-der-afd\/25013520.html\">Am 13. September<\/a> verbietet der Datenschutzbeauftragte von Mecklenburg-Vorpommern das AfD-Meldeportal \u201eNeutrale Schule\u201c auf der Sch\u00fcler angebliche Verst\u00f6\u00dfe ihrer Lehrer*innen gegen das Neutralit\u00e4tsprinzip melden sollen. Das Portal muss binnen einer Woche gel\u00f6scht werden, anderenfalls drohen Zwangsgelder. Durch <a href=\"https:\/\/www.tagesspiegel.de\/politik\/gemeinderat-in-sachsen-gruenen-politiker-bildet-mit-afd-gemeinsame-fraktion\/25011982.html\">Presseberichte<\/a> wird am gleichen Tag bekannt, dass ein Gr\u00fcnen-Kommunalpolitiker in der Gemeinde Gohrisch (Sachsen) mit einem AfD- und einem CDU-Politiker eine Fraktion gebildet hat. Die Polizeidirektion Dresden (Sachsen) <a href=\"https:\/\/www.berliner-zeitung.de\/politik\/sachsens-staatsschutz-ermittelt-mutmasslicher-brandanschlag-auf-afd-fuhrpark-33168004\">teilt mit<\/a>, dass auf den Fuhrpark der AfD ein Brandanschlag ver\u00fcbt wurde. Nach dem R\u00fccktritt des bisherigen Landeschefs am Vortag w\u00e4hlt die Bremer AfD <a href=\"https:\/\/www.faz.net\/aktuell\/politik\/inland\/nach-fuehrungsruecktritt-ehemaliger-bundespolizist-wird-bremer-afd-landeschef-16386199.html\">am 15. September<\/a> einen fr\u00fcheren BPol-Beamten zu ihrem neuen Vorsitzenden. Durch <a href=\"https:\/\/taz.de\/AfD-Kreistagsfraktion-in-Leer\/!5626223\">Presseberichte<\/a> wird am 19. September bekannt, dass die AfD im Kreistag von Leer (Niedersachsen) eine Fraktion mit der Allgemeinen W\u00e4hlergemeinschaft gebildet hat, deren Vorsitzender bereits wegen Beleidigung, Volksverhetzung und Betrug verurteilt ist. Nach heftiger Kritik beendet die SPD in der Stadtvertretung von Sassnitz auf R\u00fcgen (Mecklenburg-Vorpommern) <a href=\"https:\/\/www.tagesspiegel.de\/politik\/nach-massiver-kritik-spd-in-sassnitz-beendet-zusammenarbeit-bei-antraegen-mit-afd\/25037964.html\">am 20. September<\/a> die Zusammenarbeit mit der AfD. Am <a href=\"https:\/\/www.spiegel.de\/politik\/deutschland\/afd-aebeitsgruppe-sieht-anhaltspunkte-fuer-verfassungsfeindlichkeit-in-der-partei-a-1287914.html\">gleichen Tag<\/a> hei\u00dft es, dass eine parteiinterne AfD-Arbeitsgruppe bei drei Parteimitgliedern \u201eoffenbar tats\u00e4chliche Anhaltspunkte\u201c f\u00fcr rechtsradikale verfassungsfeindliche Einstellungen sieht. Mehrere andere F\u00e4lle sind ihrer Meinung nach \u201emehrdeutig interpretierbar\u201c oder durch \u00f6ffentliche Klarstellungen aus der Welt zu schaffen. <a href=\"https:\/\/www.morgenpost.de\/bezirke\/lichtenberg\/article227256393\/AfD-Verordneter-soll-bei-Buergerdialog-zugeschlahen-haben.html\">Am 23. September<\/a> schl\u00e4gt ein Berliner AfD-Bezirksverordneter einem Mann ins Gesicht, der eine B\u00fcrgerversammlung durch \u201eZwischenquatschen, Beleidigungen, Plappern und sinnloses Klatschen\u201c gest\u00f6rt haben soll.<\/p>\n<p>11. September: <strong>Ermittlungen gegen Dschihadist*innen:<\/strong> In mehreren norddeutschen Bundesl\u00e4ndern <a href=\"https:\/\/www.welt.de\/politik\/deutschland\/article200093256\/Durchsuchungen-Razzien-gegen-elf-mutmassliche-Terror-Unterstuetzer.html\">durchsucht die Polizei<\/a> 16 Wohnungen von 11 mutma\u00dflichen Dschihad-Unterst\u00fctzer*innen. Gegen sie wird wegen Bildung einer kriminellen Vereinigung ermittelt, zwei M\u00e4nner werden festgenommen; gr\u00f6\u00dfere Bargeldbetr\u00e4ge werden beschlagnahmt.<\/p>\n<p><strong>Polizeilicher Todesschuss:<\/strong> Auf der Autobahn bei Hellersdorf (Berlin) stoppen Brandenburger Polizeibeamte ein von der polnischen Polizei zur Fahndung ausgeschriebenes Fahrzeug, dessen Fahrer des Mordes verd\u00e4chtig ist. Als der Fahrer eine Waffe zieht und diese trotz Aufforderung nicht ablegt, schie\u00dfen die Beamten auf ihn und <a href=\"https:\/\/www.faz.net.de\/aktuell\/gesellschaft\/kriminalitaet\/mitmasslicher-straftaeter-bei-kontrolle-von-polizri-erschossen-16380279.html\">treffen ihn t\u00f6dlich<\/a>. Nach der Obduktion teilt die SrA Frankfurt\/O. (Brandenburg) <a href=\"https:\/\/www.berliner-zeitung.de\/berlin\/polizei\/von-polizei-auf-a10-gestoppt-mutmasslicher-taeter-durch-fuenf-schuesse-getoetet-33226156\">am 26. September<\/a> mit, dass von den insgesamt 10 abgegebenen Sch\u00fcssen f\u00fcnf den Mann getroffen hatten.<\/p>\n<p><strong>Polizeischuss:<\/strong> Nachdem er zuvor eine Frau, einen Ordnungsamtsmitarbeiter und einen Kollegen gebissen hatte und nicht zu b\u00e4ndigen war, <a href=\"https:\/\/mz-web.de\/burgenlandkreis\/herrchen-liegr-im-kriminalkrankenhaus-polizei-erschie\u00dft-hund-nach-mehreren-bissattacken-33155638\">erschie\u00dft<\/a> in Gr\u00f6\u00dfnitz (Sachsen-Anhalt) ein Polizist einen Hund.<\/p>\n<p><strong>Asyl:<\/strong> Nach einer Sch\u00e4tzung des Berliner Landesamtes f\u00fcr Fl\u00fcchtlingsangelegenheiten (LAF) kamen in den letzten 10 Jahren rund 100.000 Asylsuchende nach Berlin, von denen <a href=\"https:\/\/www.morgenpost.de\/berlin\/article227061767\/Schaetzung-Rund-100-000-Asylsuchende-kamen-nach-Berlin.html\">etwa 80.000 in der Stadt geblieben sind<\/a>. <a href=\"https:\/\/www.welt.de\/politik\/deutschland\/article2004430380\/Asylantraege-in-Europa-deutlich-gestiegen-Hoechstwert-seit-Maerz-2017.html\">Am 17. September<\/a> teilt die EU-Asylagentur EASO mit, dass im Juli rund 62.900 Menschen Asyl in Europa beantragten. Dies ist die h\u00f6chste Zahl seit M\u00e4rz 2017 . <a href=\"https:\/\/www.sueddeutsche.de\/bayern\/immenstadt-pfarrer-prozess-kirchenasyl-ulrich-gampert-1.4603927\">Am 18. September<\/a> beginnt vor dem AG Sonthofen (Bayern) der Prozess gegen einen Pfarrer, der einem afghanischen Fl\u00fcchtling 14 Monate lang Kirchenasyl gew\u00e4hrt hatte. Durch Presseberichte wird <a href=\"https:\/\/www.fr.de\/rhein-main\/wetterau\/friedberg-kirchenasyl-schuetzt-junge-familie-hessen-13040168.html\">am 25. September<\/a> bekannt, dass das Bundesamt f\u00fcr Migration und Fl\u00fcchtlinge (BAMF) eine schwangere Polin abschieben will, weil sie den Vater wegen fehlender Papiere nicht heiraten kann und dieser vor der Geburt keine Bindung zu dem Kind hat. Die Frau lebt daher im Kirchenasyl in Friedberg (Hessen). Ebenfalls <a href=\"https:\/\/www.welt.de\/politik\/deutschland\/article201207858\/Illegale-Einwanderung-Mehr-Grenzpolizei-aber-genauso-wenig-Kompetenzen.html\">am 25. September<\/a> weist Bundesinnenminister Horst Seehofer (CSU) eine Verl\u00e4ngerung der Grenzkontrollen zu \u00d6sterreich an und k\u00fcndigt <a href=\"https:\/\/www.morgenpost.de\/politik\/inland\/article227236687\/Schleierfahndung-an-Grenzen-wird-bundesweit-verstaerkt.html\">am 29. September<\/a> zudem eine z\u00fcgige Umsetzung der Verst\u00e4rkung der Schleierfahndung an allen deutschen Grenzen \u201ezur besseren Bek\u00e4mpfung der Sekund\u00e4rmigration\u201c an. Vor dem LG Hildesheim (Niedersachsen) beginnt <a href=\"https:\/\/www.morgenpost.de\/vermischtes\/article227220609\/Millionenbetrug-mit-Fl\u00fcchtlingsheimen-Ex-ASB-Chef-angeklagt.html\">am 27. September<\/a> der Prozess gegen den ehemaligen Gesch\u00e4ftsf\u00fchrer des Arbeiter-Samariter-Bundes (ASB) in Hannover. Ihm und zwei Mitangeklagten wird Betrug und Untreue in einem besonders schweren Fall vorgeworfen. Sie sollen seit 2017 Gelder f\u00fcr vom ASB betriebene Heime in H\u00f6he von 8,1 Mio. EUR unterschlagen haben.<\/p>\n<p>12. September: <strong>Rechtsextremer Mordanschlag:<\/strong> Der Bundesgerichtshof (BGH) <a href=\"https:\/\/www.sueddeutsche.de\/politik\/luebcke-mord-markus-h-1.4603328\">lehnt eine Haftbeschwerde des Mannes ab<\/a>, der dem M\u00f6rder des Kasseler Regierungspr\u00e4sidenten Walter L\u00fcbcke (CDU) im Juni den Kontakt zu einem Waffenh\u00e4ndler vermittelt hatte. Er sei sowohl der Beihilfe verd\u00e4chtig, wie auch den T\u00e4ter in seinem Vorhaben <a href=\"https:\/\/www.spiegel.de\/panorama\/justiz\/fall-walter-luebcke-markus-h-soll-mutmasslichen-moerder-bestaerkt-haben-a-1287263.html\">best\u00e4rkt zu haben<\/a>. Durch Presseberichte wird <a href=\"https:\/\/www.spiegel.de\/politik\/deutschland\/fall-luebcke-generalbundesanwalt-weitet-ermittlungen-gegen-mutmasslichen-moerder-aus-a-1287542.html\">am 19. September<\/a> bekannt, dass die Bundesanwaltschaft (BAW) die Ermittlungen gegen den mutma\u00dflichen M\u00f6rder von Walter L\u00fcbcke auf einen versuchten Mord an einem irakischen Fl\u00fcchtling im Januar 2016 ausgeweitet hat. Der Name des mutma\u00dflichen M\u00f6rders <a href=\"https:\/\/www.fr.de\/rhein-main\/Stephan-stand-nsu-bericht-13029175.html\">taucht elf Mal<\/a> in einem internen Pr\u00fcfbericht des hessischen LfV zur Mordserie des \u201eNationalistischen Untergrund\u201c (NSU) von 2013 auf.<\/p>\n<p>13. September: <strong>Bundeswehrsoldat unter Terrorverdacht:<\/strong> Vor dem LG Gie\u00dfen (Hessen) <a href=\"https:\/\/www.faz.net\/aktuell\/gesellschaft\/kriminaltaet\/mann-gesteht-munition-fuer-soldat-franco-a-verwahrt-zu-haben-16382847.html\">gesteht ein Jugendfreund<\/a> des unter Terrorverdacht stehenden Bundeswehrsoldaten Franco A., Munition und Sprengk\u00f6rper aufbewahrt zu haben. A. steht im Verdacht aus rechtsextremer Gesinnung Anschl\u00e4ge geplant zu haben. Am 16. September <a href=\"https:\/\/www.faz.net\/aktuell\/gesellschaft\/kriminalitaet\/newaehrungsstrafe-fuer-bunkern-von-minition-von-franco-a-16387564.html\">verurteilt ihn das LG Gie\u00dfen<\/a> (Hessen) zu einer einj\u00e4hrigen Bew\u00e4hrungsstrafe und einer Geldauflage von 2.500 EUR. <a href=\"https:\/\/www.faz.net\/aktuell\/gesellschaft\/kriminalitaet\/verurteilter-freund-von-soldat-franco-a-legt-revision-ein-16402214.html\">Am 25. September<\/a> teilt die StA mit, dass gegen das Urteil Revision beim BGH eingelegt wurde.<\/p>\n<p><strong>Rechtsanwalt ausgesp\u00e4ht:<\/strong> Aus <a href=\"https:\/\/www.spiegel.de\/panorama\/justiz\/sachsen-staat-spaeht-anwalt-ulf-israel-jahrelang-aus-a-1286695.html\">Presseberichten<\/a> wird bekannt, dass die s\u00e4chsische StA und das LKA zwischen 2013 und 2016 die Handydaten eines Rechtsanwaltes ausgesp\u00e4ht haben aus denen sich auch Bewegungsprofile \u201ein Echtzeit\u201c ergeben. Der Anwalt hat Anzeige erstattet.<\/p>\n<p><strong>Umweltdemonstrationen:<\/strong> In Berlin <a href=\"https:\/\/www.berliner-zeitung.de\/wissen\/klimawandel\/fridays-for-future-hunderte-jugendliche-bilden-menschenkette-vor-dem-kanzleramt-33162044\">demonstrieren rund 1.000 Sch\u00fcler*innen<\/a> f\u00fcr mehr Klimaschutz und bilden eine Menschenkette vor dem Kanzleramt. In Hamburg blockieren am gleichen Tag rund 129 Klimasch\u00fctzer eine gro\u00dfe Kreuzung; sie werden von der Polizei ger\u00e4umt. <a href=\"https:\/\/www.spiegel.de\/politik\/deutschland\/extinction-rebellion-zivilen-ungehorsam-testen-proteste-gegen-cruise-days-a-1286862.html\">Am 14. September<\/a> demonstrieren 80 bis 150 von Ihnen im Hafen gegen Umweltverschmutzung durch Kreuzfahrtschiffe und in Frankfurt\/M. (Hessen) etwa 15.000 Menschen <a href=\"https:\/\/www.morgenpost.de\/vermischtes\/article227088869\/Umweltaktivisten-protestieren-gegen-IAA-und-Kreuzfahrten.html\">gegen die Internationale Automobilausstellung<\/a>. Bei einer weiteren Demonstration in Frankfurt\/M. am 15. September <a href=\"https:\/\/www.faz.net\/aktuell\/gesellschaft\/kriminalitaet\/iaa-88-platzverweise-und-drei-strafverfahren-wegen-blockaden-16387423.html\">erteilt die Polizei<\/a> 88 Platzverweise, 26 Menschen werden in Gewahrsam genommen und drei Strafverfahren eingeleitet. An den weltweiten Klimademonstrationen beteiligen sich <a href=\"https:\/\/www.berliner-zeitung.de\/wissen\/klimawandel\/klimastreik-newsblock-proteste-nis-in-die-nacht\u2014blockaden\u2014festnahmen\u2014party-331177976\">in Deutschland rund 1,4 Mio. Menschen<\/a>. Die gr\u00f6\u00dfte Demonstration findet dabei <a href=\"https:\/\/www.sueddeutsche.de\/muenchen\/muenchen-koenigsplatz-fridays-for-future-klimaschutz-globaler-klimastreik-1.4609618\">in Berlin<\/a> mit 270.000 Teilnehmern statt (K\u00f6ln u. Hamburg: 70.000 \/ M\u00fcnchen u. Hannover: 25.000 \/ <a href=\"https:\/\/www.fr.de\/frankfurt\/frankfurt-tausende-klima-13035160.html\">Frankfurt\/M.<\/a>: 20.000 <a href=\"https:\/\/www.morgenpost.de\/politik\/inland\/article227144523\/Fahrrad-Demo-und-Blockade-zum-Auftakt-des.Klimastreiks.html\">M\u00fcnster u. Freiburg<\/a>: 20.000). Bei der Hamburger Polizei gehen nach der Demonstration \u201eeine erhebliche Anzahl von Beschwerden\u201c wegen unverh\u00e4ltnism\u00e4\u00dfiger Gewaltanwendung gegen Teilnehmer*innen einer Sitzblockade ein. Die Beh\u00f6rde <a href=\"https:\/\/www.spiegel.de\/panorama\/justiz\/hamburg-polizei-verteidigt-einsatz-gegen-klimademo-blockade-a-1287981.html\">weist dies zur\u00fcck<\/a>. Auch aus Frankfurt\/M. (Hessen) werden <a href=\"https:\/\/www.fr.de\/frankfurt\/klima-demo-frankfurt-aktivisten-erheben-vorwuerfe-gegen-polizei-zr-13028311.html\">am 22. September<\/a> durch Presseberichte Vorw\u00fcrfe wegen \u201e\u00fcbertrieben aggressiven\u201c Verhaltens von Polizist*innen und Strafanzeigen gegen Blockierer*innen bekannt.<\/p>\n<p><strong>Fu\u00dfball-Hooligans:<\/strong> In M\u00fcnchen (Bayern) <a href=\"https:\/\/www.abendzeitung-muenchen.de\/inhalt\/auseinandersetzung-vor-lokal-massenschlaegerei-fussball-hooligans-pruegeln-sich-im-westend.a004fa03-a5fd-4a3b-8ce5-7bb2fb430952.html\">kommt es zu einer Massenschl\u00e4gerei<\/a> von rund 100 Hooligans von drei rivalisierenden Vereinen. Vermutet wird, dass sie sich per Internet dazu verabredet hatten. <a href=\"https:\/\/www.berliner-zeitung.de\/sport\/sechs-polizisten-verletzt-fans-des-bfc-synamo-stuermen-gaesteblock-in-erfurt-33173252\">Am 15. September<\/a> versuchen in Erfurt (Th\u00fcringen) mehrere Hooligans des BFC Dynamo bei einem Spiel gegen Rot-Wei\u00df-Erfurt ohne Eintrittskarten den G\u00e4steblock zu st\u00fcrmen; sechs Polizist*innen werden dabei verletzt. Nach einem Spiel des TSV 1860 gegen den 1. FC Kaiserslautern in M\u00fcnchen (Bayern) versuchen <a href=\"https:\/\/www.abendzeitung-muenchen.de\/inhalt.beim-loewen-heimspiel-unruhe-im-block-des-1-fc-kaiserslautern-polizei-greift-zum-schlagstock.e3436ac-1-3f5f-4048-9-ba4-5f60e337566b.html\">am 28. September<\/a> FCK-Hooligans den Platz zu st\u00fcrmen; es gibt Auseinandersetzungen mit der Polizei.<\/p>\n<p>14. September: <strong>Waffenverlust bei Berliner Polizei:<\/strong> Bei der Berliner Polizei ist bereits vor \u00fcber 10 Monaten eine <a href=\"https:\/\/www.morgenpost.de\/berlin\/article227086531\/Mschinenpistole-de-Berliner-Polizei-spurlos-verschwunden.html\">Maschinenpistole verschwunden<\/a>, deren Verschwinden jedoch erst Monate sp\u00e4ter entdeckt wurde und sie bisher auch nicht aufgefunden wurde.<\/p>\n<p><strong>Rockerkriminalit\u00e4t:<\/strong> Mit einem Motorradkorso <a href=\"https:\/\/www.tagesspiegel.de\/berlin\/motorrad-demo-der-rocker-fdp-kritisiert-sippenhaft-fuer-hells-angels\/25015626.html\">demonstrieren in Berlin<\/a> 400 bis 500 Rocker der \u201eHells Angels\u201c gegen das seit zwei Jahren bestehende Verbot, ihr Vereinsabzeichen auf der Kutte zu zeigen; 14 Motorr\u00e4der werden von der Polizei wegen technischer M\u00e4ngel <a href=\"https:\/\/www.berliner-zeitung.de\/berlin\/polizei\/polizeibericht-polizei-stellt-bei-rockerdemo-14-motorraeder-sicher-32206520\">sichergestellt<\/a>.<\/p>\n<p>15. September: T<strong>od durch Pfefferspray:<\/strong> Bei einer Verkehrskontrolle in Herrenberg (Baden-W\u00fcrttemberg) greift ein Mann die Polizisten an; diese setzen Pfefferspray gegen ihn ein. Kurt darauf <a href=\"https:\/\/www.welt.de\/vermischtes\/article200455114\/Pfefferspray-eingesetzt-45-Jaehriger-stirbt-waehrend-Polizeieinsatzes-in-Baden-Wuerttemberg.html\">kollabiert der Mann und stirbt<\/a>.<\/p>\n<p>16. September: <strong>Rechtsextremistische Terrorgruppe \u201eNationalsozialistischer Untergrund (NSU):<\/strong> In einem Sondervotum zum Abschlussbericht des 2. Th\u00fcringer NSU-Untersuchungsausschuss <a href=\"https:\/\/www.faz.net\/aktuell\/politik\/inland\/cdu-kritik-an-thueringer-nsu-untersuchungsausschuss-16386811.html\">beklagt die CDU-Fraktion<\/a> im Landtag eine Verschleppungstaktik der Landesregierung. Akten seien teilweise nur umfassend geschw\u00e4rzt an den Ausschuss geliefert worden. <a href=\"https:\/\/www.fr.de\/rhein-main\/Stephan-stand-nsu-bericht-13029175.html\">Am 22. September<\/a> wird bekannt, dass der Name des mutma\u00dflichen M\u00f6rders des Kasseler Regierungspr\u00e4sidenten L\u00fcbcke (CDU) 11 Mal auch in einem internen Pr\u00fcfbericht des hessischen LfV zur Mordserie des \u201eNationalistischen Untergrund\u201c (NSU) vom September 2013 auftaucht. In der Endfassung von 2014 jedoch \u00fcberhaupt nicht mehr. Nach rund vier Jahren stellt der 2. NSU-Untersuchungsausschuss des Th\u00fcringer Landtags <a href=\"https:\/\/www.spiegel.de\/panorama\/justiz\/nsu-untersuchungsausschuss-in-thueringen-abschlussbericht-vorgestellt-a-1288276.html\">am 30. September<\/a> seinen Abschlussbericht vor. Darin werden alle Sicherheitsbeh\u00f6rden des Bundeslandes scharf kritisiert. Zudem beklagt der Ausschuss, dass wichtige Akten f\u00fcr ihn nicht einsehbar waren.<\/p>\n<p><strong>Kriminelle Polizisten:<\/strong> Vor dem LG Berlin <a href=\"https:\/\/www.morgenpost.de\/berlin\/article227097553\/Polizist-Rolf-L-und-die-Autoschieber-Bande-vor-Gericht.html\">beginnt der Prozess<\/a> gegen einen Berliner Polizeibeamten, der eine internationale Autoschieber-Bande mit Informationen aus dem Polizeicomputer versorgt haben soll.<\/p>\n<p>17. September: <strong>Demonstrationsrecht:<\/strong> Das Oberverwaltungsgericht (OVG) M\u00fcnster (NRW) <a href=\"https:\/\/www.spiegel.de\/panorama\/justiz\/nordrhein-westfalen-polizei-darf-keine-fotos-von-demos-veroeffentlichen-a-1287236.html\">entscheidet<\/a>, dass die Polizei in NRW keine Fotos von Demonstrationen und Versammlungen f\u00fcr ihre \u00d6ffentlichkeitsarbeit in sozialen Medien verwenden darf. Es best\u00e4tigt damit eine Entscheidung des VG Gelsenkirchen von Oktober 2018 (<a href=\"https:\/\/www.juris.de\/jportal\/portal\/t\/j98\/page\/homerl.psml?nid=jnachr-JUNA190902316&amp;cmsuri=%2Fjuris%2Fde%2Fnachrichten%2Fzeigenachricht.jsp\">Az: 15 A 4753\/18<\/a>).<\/p>\n<p>18. September: <strong>Bundesamt f\u00fcr Migration und Fl\u00fcchtlinge (BAMF):<\/strong> Die Bremer StA <a href=\"https:\/\/www.spiegel.de\/politik\/deutschland\/bremen-ex-chefin-von-bamf-aussenstelle-und-zwei-anwaelte-angeklagt-a-1287281.html\">erhebt Anklage<\/a> gegen die fr\u00fchere Leiterin der Bremer BAMF-Au\u00dfenstelle wegen Verleitung zur missbr\u00e4uchlichen Asylantragsstellung und Beihilfe zum unerlaubten Aufenthalt erhoben hat. Mit ihr werden zudem zwei Rechtsanw\u00e4lte wegen \u201egewerbsm\u00e4\u00dfiger\u201c Verleitung zum Asylmissbrauch erhoben. Durch Presseberichte wird <a href=\"https:\/\/www.tagesspiegel.de\/politik\/mutmasslicher-asylmissbrauch-staatsanwaltschaft-weitet-ermittlungen-in-bamf-affaere-aus\/25040762.html\">am 20. September<\/a> bekannt, dass die StA ihre Ermittlungen auf sieben weitere ehemalige Bremer BAMF-Mitarbeiter*innen und einen leitenden Mitarbeiter der N\u00fcrnberger BAMF-Zentrale ausgeweitet hat.<\/p>\n<p><strong>Bundesnachrichtendienst (BND):<\/strong> Auf die Klage eines Presseorgans <a href=\"https:\/\/www.tagesspiegel.de\/politik\/tagesspiegel-klage-erfolgreich-geheimdienst-muss-transparenter-werden\/25027894.html\">entscheidet das BVerwG<\/a>, dass der BND Ausk\u00fcnfte \u00fcber seine Hintergrundgespr\u00e4che mit ausgew\u00e4hlten Journalist*innen, die zum Stillschweigen verpflichtet sind, geben muss. <a href=\"https:\/\/www.tagesspiegel.de\/politik\/exklusive-hintergrundgespraeche-beim-geheimdienst-trotz-urteil-bnd-verweigert-informationen-zu-pressekontakten\/25047182.html\">Am 23. September<\/a> teilt der BND mit, er werde vorerst dennoch keine Ausk\u00fcnfte geben sondern wolle zun\u00e4chst die Urteilsbegr\u00fcndung pr\u00fcfen.<\/p>\n<p><strong>Polizeischuss:<\/strong> In einem Gruppenwagen der Berliner Polizei gibt ein Beamter <a href=\"https:\/\/www.berliner-zeitung.de\/berlin\/polizei\/vorfall-in-neukoelln-polizist-schiesst-versehentlich-mit-maschinenpistole-331192826\">versehentlich einen Schuss aus seiner Maschinenpistole<\/a> ab. Das Geschoss durchschl\u00e4gt die Karosserie des Wagens und trifft auch einen zweiten Gruppenwagen; verletzt wird niemand.<\/p>\n<p>19. September: <strong>Spionageermittlungen:<\/strong> Die StA M\u00fcnchen (Bayern) <a href=\"https:\/\/www.welt.de\/wirtschaft\/article200554004\/Dokumenten-Affaere-bei-Airbus-Unterlagen-aus-dem-Bereich-Bundeswehr-beschafft.html\">ermittelt gegen 17 Mitarbeiter*innen<\/a> der Firma Airbus wegen des Verdacht des \u201eVerrats von Betriebs- und Gesch\u00e4ftsgeheimnissen\u201c und \u201eGeheimnishehlerei\u201c. Die Verd\u00e4chtigen sollen sich vertrauliche R\u00fcstungspapiere der Bundeswehr verschafft haben.<\/p>\n<p>20. September: <strong>Abschiebungen:<\/strong> Durch eine parlamentarische Anfrage der Linksfraktion im hessischen Landtag <a href=\"https:\/\/www.fr.de\/rhein-main\/darmstadt\/darmstadt-ort28564\/klage-gegen-abeschiebehaft-darmstadt-unrecht-inhaftiert-13024155.html\">wird bekannt<\/a>, dass 23 Personen erfolgreich gegen ihre Inhaftierung in der Abschiebehaftanstalt Darmstadt geklagt haben. Am 24. September teilt die BPol mit, dass ein afghanischer Fl\u00fcchtling aus Griechenland zur\u00fcckgeholt wurde. Anfang August hatte das VG M\u00fcnchen (Bayern) die BPol <a href=\"https:\/\/www.welt.de\/politik\/deutschland\/article200937346\/Ruecknahme-Abkommen-Bundespolizei-holt-Fluechtling-aus-Griechenland.html\">dazu verpflichtet<\/a>, dass der Mann der Ende Mai an der deutsch-\u00f6sterreichischen Grenze aufgegriffen und umgehend nach Griechenland zur\u00fcckgebracht worden war, wieder nach Deutschland geholt wird. Durch Presseberichte wird <a href=\"https:\/\/www.spiegel.de\/politik\/deutschland\/abschiebungen-zahl-sinkt-im-ersten-halbjahr-2019-a-1288992.html\">am 27. September<\/a> bekannt, dass im ersten Halbjahr 11.496 Personen ohne Bleiberecht abgeschoben wurden (2018: 12.266). Die Zahl der Ausreisepflichtigen lag demnach bei 246.737 Personen (2018: 234.603). Als Hauptgrund gelten fehlende Dokumente aus den Heimatl\u00e4ndern.<\/p>\n<p><strong>Organisierte Kriminalit\u00e4t:<\/strong> Laut dem ver\u00f6ffentlichten Lagebild \u201eOrganisierte Kriminalit\u00e4t\u201c des LKA D\u00fcsseldorf (NRW) hat die Polizei des Bundeslandes 2018 rund 21,7 Mio. EUR kriminelles Verm\u00f6gen <a href=\"https:\/\/www.faz.net\/aktuell\/gesellschaft\/kriminalitaet\/nrw-polizei-beschlagnahmt-noch-mehr-clan-geld-16394647.html\">beschlagnahmt<\/a> (2017: 4,6 Mio. EUR). Laut dem <a href=\"https:\/\/www.berliner-zeitung.de\/berlin\/polizei\/arabische-clans-berlin-ist-ein-zentrum-der-organisierten-kriminalitaet-33218524\">am 23. September<\/a> vorgestellten BKA-Lagebericht \u201eOrganisierte Kriminalit\u00e4t\u201c 2018 werden die meisten Ermittlungsverfahren hierzu mit 107 Verfahren in NRW gef\u00fchrt (Bayern: 78 \/ Berlin: 59). <a href=\"https:\/\/www.berliner-zeitung.de\/politik\/bundesweit-45-verdahren-gegen-kriminelle-clans-33213268\">Davon betreffen<\/a> in NRW 22 Verfahren Clan-Kriminalit\u00e4t (Bayern: 7 \/ Berlin: 5).<\/p>\n<p>24. September: <strong>Verfassungsschutz: <\/strong>In einer internen Runde stellen Bundesinnenminister Horst Seehofer (CSU) und BfV-Pr\u00e4sident Thomas Haldenwang <a href=\"http:\/\/https;\/\/www. Spiegel.de\/politik\/deutschland\/horst-seehofer-will-verfassungsschutz-massiv-aufstocken-regierungsplaene-a-1288364.html\">ein Konzept vor<\/a>, nach dem der Verfassungsschutz 300 zus\u00e4tzliche Stellen zur \u00dcberwachung der rechten Szene bekommen und sich k\u00fcnftig auch um \u201erechtsextreme Umtriebe im \u00f6ffentlichen Dienst\u201c k\u00fcmmern soll.<\/p>\n<p><strong>Vorratsdatenspeicherung:<\/strong> Im Streit um das Gesetz zur anlasslosen \u00dcberwachung und Speicherung von Telekommunikationsdaten (Vorratsdatenspeicherung) ruft das BVerwG den Europ\u00e4ischen Gerichtshof (EuGH) <a href=\"https:\/\/www.sueddeutsche.de\/politik\/vorratsdatenspeicherung-eugh-gericht-1.4616108\">zur Entscheidung an<\/a>. Das Gesetz ist seit zwei Jahren ausgesetzt (<a href=\"https:\/\/www.bverwg.de\/de\/pm\/2019\/66\">BVerwG 6 C 12.18<\/a>).<\/p>\n<p>26. September: <strong>Polizeikennzeichnung:<\/strong> Das BVerwG <a href=\"https:\/\/www.spiegel.de\/panorama\/justiz\/bundesverwaltungsgericht-kennzeichnungspflicht-fuer-polizisten-ist-zulaessig-a-1288831.html\">entscheidet<\/a>, dass die seit Januar 2013 in Brandenburg geltende Kennzeichnungspflicht f\u00fcr Polizeibeamt*innen rechtm\u00e4\u00dfig ist. Dagegen hatten ein Polizeihauptmeister und eine Polizeiobermeisterin geklagt (<a href=\"https:\/\/www.Ito.de\/recht\/nachrichten\/n\/bverwg-2c31-33-18-kennzeichnungspflicht-polizei-verfassungsgemaess\/\">Az: 2 C 31.18 u. 2 C 33.18<\/a>).<\/p>\n<p><strong>Cyberkriminalit\u00e4t:<\/strong> In Rheinland-Pfalz hebt <a href=\"https:\/\/www.sueddeutsche.de\/digital\/rheinland-pfalz-darknet-kriminalitaet-1.4618474\">die Polizei ein kriminelles Darknet-Forum aus<\/a>, \u00fcber das Waffen- und Drogenhandel und Kinderpornografie vertrieben wurde. Sieben Tatverd\u00e4chtige werden festgenommen; insgesamt wird gegen 13 Personen ermittelt.<\/p>\n<p><strong>\u201eWei\u00dfer Ring\u201c:<\/strong> Das AG L\u00fcbeck (Schleswig-Holstein) spricht den fr\u00fcheren Leiter der dortigen Opferberatung \u201eWei\u00dfer Ring\u201c <a href=\"https:\/\/www.spiegel.de\/panorama\/justiz\/luebeck-ex-chef-des-luebecker-weissen-rings-freigesprochen-a-1288757.html\">vom Vorwurf des Exhibitionismus frei<\/a>. Geklagt hatte eine Frau nach einem Vorfall im April 2016.<\/p>\n<p>27. September: <strong>Waffenverluste bei Bundeswehr:<\/strong> Durch Presseberichte wird bekannt, dass bei der Bundeswehr seit 2014 insgesamt 39 Waffen, 39 Waffenteile und 19.445 Schuss Munition verloren gegangen sind. Nur ein geringer Teil davon wurde wiedergefunden (https:\/\/www.tagesspiegel.de\/politik\/gefahr-fuer-leib-und-leben-unschuldiger-bundeswehr-meldet-maschinengewehre-und-andere-waffen-als-verloren\/25063576.html).<\/p>\n<p><strong>Menschenhandel:<\/strong> Das BKA <a href=\"https:\/\/www.faz.net\/aktuell\/gesellschaft\/kriminalitaet\/mehr-ermittlungsverfahren-wegen-menschenhandels-16406445.html\">teilt mit<\/a>, dass die Zahl abgeschlossener Ermittlungsverfahren wegen Menschenhandel und Ausbeutung 2018 bei knapp 390 lag.<\/p>\n<p>29. September: <strong>Demonstrationen gegen Rechts:<\/strong> In Hamburg <a href=\"https:\/\/taz.de\/Rechtsextremer-Aufmarsch-in-Hamburg\/!5625366\/\">demonstrieren am 29. September<\/a> rund 800 Menschen gegen einen angek\u00fcndigten Marsch von Rechtsextremen.<\/p>\n<p><strong>Rechtsextremistische Terrorgruppe \u201eRevolution Chemnitz\u201c:<\/strong> Vor dem OLG Dresden (Sachsen) <a href=\"https:\/\/www.morgenpost.de\/politik\/article227237661\/Revolution-Chemnitz-Planten-Rechtsterroristen-Anschlaege.html\">beginnt der Prozess<\/a> gegen acht M\u00e4nner der Terrorgruppe \u201eRevolution Chemnitz\u201c wegen der Planung von Anschl\u00e4gen die einen Umsturz ausl\u00f6sen sollten.<\/p>\n<p>30. September: <strong>Rechtsradikale Demonstrationen und Kundgebungen:<\/strong> Das VG Minden (NRW) <a href=\"https:\/\/www.juris.de\/jportal\/portal\/t\/1snv\/page\/homerl.psml?nid=jnachr-JUNA189902447&amp;cmsuri=%2Fjuris%2Fde%2Fnachrichten%2Fzeigenachricht.jsp\">entscheidet<\/a>, dass die Partei \u201eDie Rechte\u201c am Gedenktag f\u00fcr die Opfer des Nationalsozialismus im November eine Demonstration in Bielefeld durchf\u00fchren darf. Gegen das Urteil kann noch Beschwerde eingelegt werden (AZ: 11 L 886\/19).<\/p>\n<h3>Beitragsbild: Der neue \u201eKids-Wasserwerfer\u201c der Polizei Berlin beim Tag der offenen T\u00fcr am 22. September 2019 (Lennart M\u00fchlenmeier).<\/h3>\n","protected":false},"excerpt":{"rendered":"<p>zusammengestellt von Otto Diederichs 1. September: Rassistische Handlungen: In einem Berliner Bus randaliert eine Gruppe<\/p>\n","protected":false},"author":2,"featured_media":15793,"comment_status":"open","ping_status":"open","sticky":false,"template":"","format":"standard","meta":{"footnotes":""},"categories":[6],"tags":[216,667,820,1094,1186,1216],"class_list":["post-15787","post","type-post","status-publish","format-standard","has-post-thumbnail","hentry","category-chronologien","tag-antisemitismus","tag-geheimdienste","tag-justiz","tag-polizei","tag-rassismus","tag-repression"],"_links":{"self":[{"href":"https:\/\/wp-dev.daten.cool\/index.php?rest_route=\/wp\/v2\/posts\/15787","targetHints":{"allow":["GET"]}}],"collection":[{"href":"https:\/\/wp-dev.daten.cool\/index.php?rest_route=\/wp\/v2\/posts"}],"about":[{"href":"https:\/\/wp-dev.daten.cool\/index.php?rest_route=\/wp\/v2\/types\/post"}],"author":[{"embeddable":true,"href":"https:\/\/wp-dev.daten.cool\/index.php?rest_route=\/wp\/v2\/users\/2"}],"replies":[{"embeddable":true,"href":"https:\/\/wp-dev.daten.cool\/index.php?rest_route=%2Fwp%2Fv2%2Fcomments&post=15787"}],"version-history":[{"count":0,"href":"https:\/\/wp-dev.daten.cool\/index.php?rest_route=\/wp\/v2\/posts\/15787\/revisions"}],"wp:featuredmedia":[{"embeddable":true,"href":"https:\/\/wp-dev.daten.cool\/index.php?rest_route=\/wp\/v2\/media\/15793"}],"wp:attachment":[{"href":"https:\/\/wp-dev.daten.cool\/index.php?rest_route=%2Fwp%2Fv2%2Fmedia&parent=15787"}],"wp:term":[{"taxonomy":"category","embeddable":true,"href":"https:\/\/wp-dev.daten.cool\/index.php?rest_route=%2Fwp%2Fv2%2Fcategories&post=15787"},{"taxonomy":"post_tag","embeddable":true,"href":"https:\/\/wp-dev.daten.cool\/index.php?rest_route=%2Fwp%2Fv2%2Ftags&post=15787"}],"curies":[{"name":"wp","href":"https:\/\/api.w.org\/{rel}","templated":true}]}}