{"id":15823,"date":"2019-10-06T16:56:04","date_gmt":"2019-10-06T16:56:04","guid":{"rendered":"https:\/\/www.cilip.de\/?p=15823"},"modified":"2019-10-06T16:56:04","modified_gmt":"2019-10-06T16:56:04","slug":"pruem-mit-gesichtsbildern","status":"publish","type":"post","link":"https:\/\/wp-dev.daten.cool\/?p=15823","title":{"rendered":"Pr\u00fcm mit Gesichtsbildern"},"content":{"rendered":"<p>Die Europ\u00e4ische Union arbeitet am Abgleich von Gesichtsbildern. Hierzu werden die Pr\u00fcm-Beschl\u00fcsse, die als Zusammenarbeit zur Bek\u00e4mpfung von Terrorismus, grenz\u00fcberschreitender Kriminalit\u00e4t und als illegal eingestufter Migration gerechtfertigt wurden, ausgebaut. Im Bereich der Biometrie ist das Pr\u00fcm-Verfahren derzeit auf DNA- und Fingerabdruck-Daten beschr\u00e4nkt.<\/p>\n<p>Das Ausbau-Vorhaben ist Teil des Programms \u201eNext Generation Pr\u00fcm\u201c (\u201ePr\u00fcm.ng\u201c), das die EU anl\u00e4sslich des zehnj\u00e4hrigen Bestehens der EU-Pr\u00fcm-Beschl\u00fcsse im vergangenen Jahr begonnen hat.<a href=\"#_ftn1\" name=\"_ftnref1\">[1]<\/a> Dabei sollen Datenformate, Abfrageverfahren und der Folgeschriftverkehr vereinfacht werden. Geplant sind auch weitere Datenkategorien zum Austausch unter den Mitgliedstaaten. Hierzu hat die Kommission das Beratungsunternehmen Deloitte mit einer Machbarkeitsstudie beauftragt, die im November vorliegen soll. In einem \u201eZwischenergebnis\u201c bekr\u00e4ftigt Deloitte jedoch die geplante Erweiterung.<a href=\"#_ftn2\" name=\"_ftnref2\">[2]<\/a><!--more--><\/p>\n<p>Auch die Mitgliedstaaten arbeiten an dem Projekt \u201eNext Generation Pr\u00fcm\u201c. Hierf\u00fcr hat der Rat drei \u201eFokusgruppen\u201c gestartet. Sie arbeiten zu den Bereichen DNA-Daten (Leitung: Deutschland), Fingerabdr\u00fccke sowie Gesichtsbilder (Leitung beide: \u00d6sterreich). In der \u201eFokusgruppe Gesichtsbilder\u201c hat das BKA \u00fcber sein eigenes Gesichtserkennungssystem berichtet, mit dem seit 2008 mehr als vier Millionen Lichtbilder der INPOL-Datei durchsucht werden.<\/p>\n<p>Noch keine Position hat die Bundesregierung zu Pl\u00e4nen, auch Drittstaaten im Rahmen des Vertrags von Pr\u00fcm den Abgleich biometrischer Daten zu erm\u00f6glichen. Auch dies hatte der Rat in seinen Schlussfolgerungen zum zehnj\u00e4hrigen Bestehen der Pr\u00fcm-Beschl\u00fcsse ins Spiel gebracht und Europol mit einer Pr\u00fcfung beauftragt. \u201eDNA- und daktyloskopische Datenabgleiche\u201c k\u00f6nnten dann mit jenen L\u00e4ndern erfolgen, mit denen Europol ein operatives Abkommen geschlossen hat. Entsprechende Verhandlungen hat die Kommission jetzt auch mit Algerien, \u00c4gypten, Israel, Jordanien, Libanon, Marokko, Tunesien und der T\u00fcrkei begonnen.<a href=\"#_ftn3\" name=\"_ftnref3\">[3]<\/a> Nach dem Brexit k\u00f6nnte auch Gro\u00dfbritannien auf diese Weise Teil der Pr\u00fcm-Beschl\u00fcsse bleiben.<\/p>\n<h6><a href=\"#_ftnref1\" name=\"_ftn1\">[1]<\/a> \u00a0\u00a0 <a href=\"https:\/\/data.consilium.europa.eu\/doc\/document\/ST-10550-2018-INIT\/de\/pdf\">Ratsdok. 10550\/18 v. 5.7.2018<\/a><\/h6>\n<h6><a href=\"#_ftnref2\" name=\"_ftn2\">[2]<\/a> \u00a0\u00a0 <a href=\"http:\/\/dipbt.bundestag.de\/dip21\/btd\/19\/130\/1913034.pdf\">Antwort auf die BT-Drs. 19\/12531 v. 4.9.2019<\/a><\/h6>\n<h6><a href=\"#_ftnref3\" name=\"_ftn3\">[3]<\/a> \u00a0\u00a0 <a href=\"https:\/\/ec.europa.eu\/germany\/news\/20180605-europol_de\">https:\/\/ec.europa.eu\/germany\/news\/20180605-europol_de<\/a><\/h6>\n<h3>Beitragsbild: <a href=\"https:\/\/pixabay.com\/de\/illustrations\/platine-gesicht-bin%C3%A4r-code-2181407\/\">Gemeinfrei-Freigegeben durch Pixabay<\/a><\/h3>\n","protected":false},"excerpt":{"rendered":"<p>Die Europ\u00e4ische Union arbeitet am Abgleich von Gesichtsbildern. Hierzu werden die Pr\u00fcm-Beschl\u00fcsse, die als Zusammenarbeit<\/p>\n","protected":false},"author":3,"featured_media":15824,"comment_status":"open","ping_status":"open","sticky":false,"template":"","format":"standard","meta":{"footnotes":""},"categories":[124,145],"tags":[],"class_list":["post-15823","post","type-post","status-publish","format-standard","has-post-thumbnail","hentry","category-cilip-120","category-meldungen-europa"],"_links":{"self":[{"href":"https:\/\/wp-dev.daten.cool\/index.php?rest_route=\/wp\/v2\/posts\/15823","targetHints":{"allow":["GET"]}}],"collection":[{"href":"https:\/\/wp-dev.daten.cool\/index.php?rest_route=\/wp\/v2\/posts"}],"about":[{"href":"https:\/\/wp-dev.daten.cool\/index.php?rest_route=\/wp\/v2\/types\/post"}],"author":[{"embeddable":true,"href":"https:\/\/wp-dev.daten.cool\/index.php?rest_route=\/wp\/v2\/users\/3"}],"replies":[{"embeddable":true,"href":"https:\/\/wp-dev.daten.cool\/index.php?rest_route=%2Fwp%2Fv2%2Fcomments&post=15823"}],"version-history":[{"count":0,"href":"https:\/\/wp-dev.daten.cool\/index.php?rest_route=\/wp\/v2\/posts\/15823\/revisions"}],"wp:featuredmedia":[{"embeddable":true,"href":"https:\/\/wp-dev.daten.cool\/index.php?rest_route=\/wp\/v2\/media\/15824"}],"wp:attachment":[{"href":"https:\/\/wp-dev.daten.cool\/index.php?rest_route=%2Fwp%2Fv2%2Fmedia&parent=15823"}],"wp:term":[{"taxonomy":"category","embeddable":true,"href":"https:\/\/wp-dev.daten.cool\/index.php?rest_route=%2Fwp%2Fv2%2Fcategories&post=15823"},{"taxonomy":"post_tag","embeddable":true,"href":"https:\/\/wp-dev.daten.cool\/index.php?rest_route=%2Fwp%2Fv2%2Ftags&post=15823"}],"curies":[{"name":"wp","href":"https:\/\/api.w.org\/{rel}","templated":true}]}}