{"id":15826,"date":"2019-10-06T17:02:47","date_gmt":"2019-10-06T17:02:47","guid":{"rendered":"https:\/\/www.cilip.de\/?p=15826"},"modified":"2019-10-06T17:02:47","modified_gmt":"2019-10-06T17:02:47","slug":"neues-register-wer-ist-terrorist","status":"publish","type":"post","link":"https:\/\/wp-dev.daten.cool\/?p=15826","title":{"rendered":"Neues Register: Wer ist Terrorist?"},"content":{"rendered":"<p>Die EU hat ein neues Informationssystem zu \u201eterroristischen Bedrohungen\u201c eingerichtet.<a href=\"#_ftn1\" name=\"_ftnref1\">[1]<\/a> In einem \u201ejustiziellen Terrorismusregister\u201c (Judicial Counter-Terrorism Register, CTR) werden seit dem 1. September 2019 Daten aus er\u00f6ffneten und rechtskr\u00e4ftig abgeschlossenen Strafverfahren gespeichert. Die Datei wird bei Eurojust gef\u00fchrt, der EU-Agentur f\u00fcr die justizielle Zusammenarbeit in Strafverfahren mit Sitz in Den Haag.<\/p>\n<p>Die zust\u00e4ndigen nationalen Justizbeh\u00f6rden sind nun aufgefordert, entsprechende Meldungen an Eurojust zu machen. Das neue Antiterror-Register soll jedoch auch \u201erechts- und linksextremistische Gruppierungen\u201c in Europa erfassen. S\u00e4mtliche Daten werden in einem Fallbearbeitungssystem bei Eurojust zentral gespeichert. <!--more-->Sucht ein Mitgliedstaat in dem System, erfolgt eine Mitteilung zun\u00e4chst im Treffer\/Kein Treffer-Verfahren. Liegt ein Hinweis vor, kann der jeweils betroffene Mitgliedstaat die Freigabe der hinterlegten Informationen beantragen. Eurojust bietet den nationalen Justizbeh\u00f6rden au\u00dferdem eine \u201eproaktive Unterst\u00fctzung\u201c an. Die gesammelten Informationen werden durchsucht und auf \u201eQuerverbindungen\u201c \u00fcberpr\u00fcft. Findet Eurojust eine \u00dcbereinstimmung, etwa \u00e4hnliche Ermittlungen oder Verurteilungen, wird die zust\u00e4ndige Staatsanwaltschaft davon unterrichtet. Die Agentur will auf diese Weise \u201ePersonen und Gruppierungen\u201c identifizieren, gegen die in F\u00e4llen \u201emit potenziell grenz\u00fcbergreifender Dimension ermittelt\u201c wird.<\/p>\n<p>Genau genommen ist das Antiterror-Justizregister keine neue Datenbank. Das best\u00e4tigt auch das Bundesinnenministerium und schreibt, dass es sich eigentlich um eine Umsetzung einer bestehenden \u00dcbermittlungsverpflichtung der Mitgliedstaaten handelt. Der zugrunde liegende Beschluss datiert aus dem Jahr 2005.<a href=\"#_ftn2\" name=\"_ftnref2\">[2]<\/a> Bis 2018 wurde Eurojust von den nationalen Beh\u00f6rden jedoch nur \u00fcber insgesamt 580 F\u00e4lle informiert. Entsprechender Druck f\u00fcr das neue Register kam deshalb nicht nur von der EU-Kommission, sondern auch von dem vor zwei Jahren eingerichteten Antiterror-Sonderausschuss des Europ\u00e4ischen Parlaments.<\/p>\n<p>Unklar ist, wie sich das \u201ejustizielle Terrorismusregister\u201c von bestehenden Datenbanken unterscheidet. Schon 2012 hat die EU das \u201eEuro\u00ad\u00ad\u00adp\u00e4ische Strafregisterinformationssystem\u201c (ECRIS) gestartet, in dem eben\u00adfalls Informationen \u00fcber Vorstrafen gespeichert sind. Erst k\u00fcrzlich wurde das ECRIS um eine neue Funktion erweitert.<a href=\"#_ftn3\" name=\"_ftnref3\">[3]<\/a> Gespeichert werden nicht mehr nur Staatsangeh\u00f6rige aus EU-Mit\u00adglied\u00adstaa\u00adten, sondern auch Drittstaatsangeh\u00f6rige und Staatenlose.<\/p>\n<h6><a href=\"#_ftnref1\" name=\"_ftn1\">[1]<\/a> \u00a0\u00a0 <a href=\"http:\/\/www.eurojust.europa.eu\/press\/PressReleases\/Pages\/2019\/2019-09-05.aspx\">www.eurojust.europa.eu\/press\/PressReleases\/Pages\/2019\/2019-09-05.aspx<\/a><\/h6>\n<h6><a href=\"#_ftnref2\" name=\"_ftn2\">[2]<\/a> \u00a0\u00a0 <a href=\"http:\/\/dipbt.bundestag.de\/doc\/btd\/19\/073\/1907310.pdf\">BT-Drs. 19\/7310 v. 24.1.2019<\/a>; <a href=\"https:\/\/publications.europa.eu\/de\/publication-detail\/-\/publication\/0b6f8bdf-c46c-423f-8269-723724114d7e\/language-de\">Beschluss 2005\/671\/JI v. 20.9.2005 in: Amtsblatt der EU L 253 v. 29.9.2005<\/a><\/h6>\n<h6><a href=\"#_ftnref3\" name=\"_ftn3\">[3]<\/a> \u00a0\u00a0 <a href=\"http:\/\/www.consilium.europa.eu\/de\/press\/press-releases\/2019\/04\/09\/exchanging-criminal-records-eu-agrees-a-reformed-ecris-system\">www.consilium.europa.eu\/de\/press\/press-releases\/2019\/04\/09\/exchanging-criminal-records-eu-agrees-a-reformed-ecris-system<\/a><\/h6>\n","protected":false},"excerpt":{"rendered":"<p>Die EU hat ein neues Informationssystem zu \u201eterroristischen Bedrohungen\u201c eingerichtet.[1] In einem \u201ejustiziellen Terrorismusregister\u201c (Judicial<\/p>\n","protected":false},"author":3,"featured_media":0,"comment_status":"open","ping_status":"open","sticky":false,"template":"","format":"standard","meta":{"footnotes":""},"categories":[124,145],"tags":[],"class_list":["post-15826","post","type-post","status-publish","format-standard","hentry","category-cilip-120","category-meldungen-europa"],"_links":{"self":[{"href":"https:\/\/wp-dev.daten.cool\/index.php?rest_route=\/wp\/v2\/posts\/15826","targetHints":{"allow":["GET"]}}],"collection":[{"href":"https:\/\/wp-dev.daten.cool\/index.php?rest_route=\/wp\/v2\/posts"}],"about":[{"href":"https:\/\/wp-dev.daten.cool\/index.php?rest_route=\/wp\/v2\/types\/post"}],"author":[{"embeddable":true,"href":"https:\/\/wp-dev.daten.cool\/index.php?rest_route=\/wp\/v2\/users\/3"}],"replies":[{"embeddable":true,"href":"https:\/\/wp-dev.daten.cool\/index.php?rest_route=%2Fwp%2Fv2%2Fcomments&post=15826"}],"version-history":[{"count":0,"href":"https:\/\/wp-dev.daten.cool\/index.php?rest_route=\/wp\/v2\/posts\/15826\/revisions"}],"wp:attachment":[{"href":"https:\/\/wp-dev.daten.cool\/index.php?rest_route=%2Fwp%2Fv2%2Fmedia&parent=15826"}],"wp:term":[{"taxonomy":"category","embeddable":true,"href":"https:\/\/wp-dev.daten.cool\/index.php?rest_route=%2Fwp%2Fv2%2Fcategories&post=15826"},{"taxonomy":"post_tag","embeddable":true,"href":"https:\/\/wp-dev.daten.cool\/index.php?rest_route=%2Fwp%2Fv2%2Ftags&post=15826"}],"curies":[{"name":"wp","href":"https:\/\/api.w.org\/{rel}","templated":true}]}}