{"id":15841,"date":"2019-10-17T19:49:26","date_gmt":"2019-10-17T19:49:26","guid":{"rendered":"https:\/\/www.cilip.de\/?p=15841"},"modified":"2019-10-17T19:49:26","modified_gmt":"2019-10-17T19:49:26","slug":"bundesverwaltungsgericht-bestaetigt-kennzeichnungspflicht-fuer-polizistinnen","status":"publish","type":"post","link":"https:\/\/wp-dev.daten.cool\/?p=15841","title":{"rendered":"Bundesverwaltungsgericht best\u00e4tigt Kennzeichnungspflicht f\u00fcr Polizist*innen"},"content":{"rendered":"<h3>Von Anna Biselli<\/h3>\n<p>In neun Bundesl\u00e4ndern gibt es derzeit eine Kennzeichnungspflicht f\u00fcr Polizist*innen, Brandenburg ist eines davon. Doch zwei Polizeibeamte wollten das nicht hinnehmen und klagten. Sie sahen sich in ihrem Recht auf informationelle Selbstbestimmung verletzt. Am 26. September 2019 scheiterten sie damit vor dem Bundesverwaltungsgericht.<a href=\"#_ftn1\" name=\"_ftnref1\">[1]<\/a><!--more--><\/p>\n<p>Die in Brandenburg seit 2013 geltende Kennzeichnungspflicht f\u00fcr Polizeivollzugsbeamt*innen ist verfassungsgem\u00e4\u00df, sowohl was Namensschilder als auch Kennzeichen wie Nummern bei geschlossenen Einheiten angeht. Damit best\u00e4tigt das Bundesverwaltungsgericht, was bereits das Verwaltungsgericht Potsdam und das Oberverwaltungsgericht Berlin-Brandenburg in vorigen Instanzen feststellten: Das Interesse der B\u00fcr\u00adger*innen an einer transparenten Polizei \u00fcbersteige den Eingriff in die Privatsph\u00e4re der Beamt*innen. Der \u201eGedanke der leichteren Aufkl\u00e4rbarkeit von Straftaten oder Dienstpflichtverletzungen von uniformierten Polizeibeamten und damit auch der Gesichtspunkt der Pr\u00e4vention (tritt) in den Vordergrund\u201c, urteilte das Gericht und wies so die Revision der Beamten zur\u00fcck.<\/p>\n<p>In Nordrhein-Westfalen hat der Landtag 2017 die Kennzeichnungspflicht weniger als ein Jahr nach ihrer Einf\u00fchrung wieder abgeschafft.<a href=\"#_ftn2\" name=\"_ftnref2\">[2]<\/a> CDU-Innenminister Herbert Reul beurteilte die individualisierte Kennzeichnung als Ausdruck des Misstrauens gegen\u00fcber den Beamt*innen. F\u00fcr eine Kennzeichnungspflicht spricht laut Rechtswissenschaftler*innen jedoch gerade, dass sie das Vertrauen in die Polizei st\u00e4rken, zur Deeskalation beitragen und die B\u00fcrgern\u00e4he erh\u00f6hen k\u00f6nnen.<a href=\"#_ftn3\" name=\"_ftnref3\">[3]<\/a> Das Bundesverwaltungsgericht fand noch einen weiteren Vorteil: \u201eWegen der M\u00f6glichkeit der Identifizierung ist auch gew\u00e4hrleistet, dass die Vielzahl rechtm\u00e4\u00dfig handelnder Beamter von einer Einbeziehung in Ermittlungen verschont bleibt.\u201c <a href=\"#_ftn4\" name=\"_ftnref4\">[4]<\/a><\/p>\n<h6><a href=\"#_ftnref1\" name=\"_ftn1\">[1]<\/a> <a href=\"https:\/\/www.bverwg.de\/pm\/2019\/67\">https:\/\/www.bverwg.de\/pm\/2019\/67<\/a><\/h6>\n<h6><a href=\"#_ftnref2\" name=\"_ftn2\">[2]<\/a> <a href=\"https:\/\/polizei.nrw\/artikel\/nrw-schafft-die-individualisierte-kennzeichnung-ab\">https:\/\/polizei.nrw\/artikel\/nrw-schafft-die-individualisierte-kennzeichnung-ab<\/a><\/h6>\n<h6><a href=\"#_ftnref3\" name=\"_ftn3\">[3]<\/a> <a href=\"https:\/\/www.lto.de\/recht\/hintergruende\/h\/bverwg-2-c-32-18-polizei-gewalt-kennzeichnungspflicht-buerger\">https:\/\/www.lto.de\/recht\/hintergruende\/h\/bverwg-2-c-32-18-polizei-gewalt-kennzeichnungspflicht-buerger<\/a><\/h6>\n<h6><a href=\"#_ftnref4\" name=\"_ftn4\">[4]<\/a> <a href=\"https:\/\/www.bverwg.de\/pm\/2019\/67\">https:\/\/www.bverwg.de\/pm\/2019\/67<\/a><\/h6>\n<h3>Beitragsbild: <a href=\"https:\/\/www.flickr.com\/photos\/mw238\/14528216662\">mw238@flickr<\/a>, <a href=\"http:\/\/creativecommons.org\/licenses\/by-sa\/2.0\/deed.de\" rel=\"license\">CC-BY-SA 2.0<\/a><\/h3>\n","protected":false},"excerpt":{"rendered":"<p>Von Anna Biselli In neun Bundesl\u00e4ndern gibt es derzeit eine Kennzeichnungspflicht f\u00fcr Polizist*innen, Brandenburg ist<\/p>\n","protected":false},"author":2,"featured_media":15844,"comment_status":"open","ping_status":"open","sticky":false,"template":"","format":"standard","meta":{"footnotes":""},"categories":[124,146],"tags":[],"class_list":["post-15841","post","type-post","status-publish","format-standard","has-post-thumbnail","hentry","category-cilip-120","category-meldungen-inland"],"_links":{"self":[{"href":"https:\/\/wp-dev.daten.cool\/index.php?rest_route=\/wp\/v2\/posts\/15841","targetHints":{"allow":["GET"]}}],"collection":[{"href":"https:\/\/wp-dev.daten.cool\/index.php?rest_route=\/wp\/v2\/posts"}],"about":[{"href":"https:\/\/wp-dev.daten.cool\/index.php?rest_route=\/wp\/v2\/types\/post"}],"author":[{"embeddable":true,"href":"https:\/\/wp-dev.daten.cool\/index.php?rest_route=\/wp\/v2\/users\/2"}],"replies":[{"embeddable":true,"href":"https:\/\/wp-dev.daten.cool\/index.php?rest_route=%2Fwp%2Fv2%2Fcomments&post=15841"}],"version-history":[{"count":0,"href":"https:\/\/wp-dev.daten.cool\/index.php?rest_route=\/wp\/v2\/posts\/15841\/revisions"}],"wp:featuredmedia":[{"embeddable":true,"href":"https:\/\/wp-dev.daten.cool\/index.php?rest_route=\/wp\/v2\/media\/15844"}],"wp:attachment":[{"href":"https:\/\/wp-dev.daten.cool\/index.php?rest_route=%2Fwp%2Fv2%2Fmedia&parent=15841"}],"wp:term":[{"taxonomy":"category","embeddable":true,"href":"https:\/\/wp-dev.daten.cool\/index.php?rest_route=%2Fwp%2Fv2%2Fcategories&post=15841"},{"taxonomy":"post_tag","embeddable":true,"href":"https:\/\/wp-dev.daten.cool\/index.php?rest_route=%2Fwp%2Fv2%2Ftags&post=15841"}],"curies":[{"name":"wp","href":"https:\/\/api.w.org\/{rel}","templated":true}]}}