{"id":15864,"date":"2019-11-04T19:13:36","date_gmt":"2019-11-04T19:13:36","guid":{"rendered":"https:\/\/www.cilip.de\/?p=15864"},"modified":"2019-11-04T19:13:36","modified_gmt":"2019-11-04T19:13:36","slug":"chronologie-oktober-2019","status":"publish","type":"post","link":"https:\/\/wp-dev.daten.cool\/?p=15864","title":{"rendered":"Chronologie Oktober 2019"},"content":{"rendered":"<h3>zusammengestellt von Otto Diederichs<\/h3>\n<p>1. Oktober: <b>Prozesse gegen Polizist*innen:<\/b> Ein Berliner Amtsgericht (AG) verurteilt einen Polizisten wegen Missbrauchs eines Jugendlichen und Besitz von Kinderpornografie zu einer <a href=\"https:\/\/www.berliner-zeitung.de\/berlin\/polizei\/nach-fussfesselspielen-mit-einem-jungen-berliner-polizist-bekommt-bewaehrungsstrafe-33252168\">achtmonatigen Bew\u00e4hrungsstrafe<\/a>. <a href=\"https:\/\/www.fr.de\/rhein-main\/main-kinzing-kreis\/hanau-ort66348\/haeftling-bekam-wasser-faekalien-trinken-polizist-gericht-hanau-zr-13079773.html\">Am 8. Oktober<\/a> beginnt vor dem AG Hanau (Hessen) der Prozess gegen einen Polizeibeamten wegen K\u00f6rperverletzung im Amt und Beleidigung. Er soll im April 2018 einem H\u00e4ftling mit F\u00e4kalien versetztes Wasser zu trinken gegeben und in einer Whatsapp-Gruppe Politikerinnen der Gr\u00fcnen beleidigt haben. Vor dem Landgericht (LG) Frankfurt\/M. (Hessen) beginnt <a href=\"https:\/\/www.fr.de\/frankfurt\/nackt-zelle-gesperrt-zr-13102573.html\">am 10. Oktober<\/a> der Prozess gegen sieben Beamte der Bundespolizei (BPol) wegen gemeinschaftlicher N\u00f6tigung und unterlassener Hilfeleistung. Sie sollen im Dezember 2017 einem schwerverletzten Mann in einer Arrestzelle Hilfe verweigert haben. <a href=\"https:\/\/www.morgenpost.de\/berlin\/article227435547\/Harter-Einsatz-gegen-Hundeshalterin-Polizisten-vor-Gericht.html\">Am 22. Oktober<\/a> beginnt vor einem AG in Berlin der Prozess gegen drei Polizeibeamt*innen wegen K\u00f6rperverletzung im Amt und weiterer Delikte. Sie sollen gegen eine Hundehalterin in unzul\u00e4ssiger Weise und mit \u00fcbertriebener H\u00e4rte vorgegangen sein. Die Frau erlitt Hautabsch\u00fcrfungen, Bluterg\u00fcsse und ein verstauchtes Gelenk. Das Oberverwaltungsgericht (OVG) Berlin-Brandenburg entscheidet <a href=\"https:\/\/www.juris.de\/jportal\/portal\/t\/fem\/page\/homerl.psml?nid=jnachr-JUNA191002731&amp;cmsuri=%2Fjuris%2Fde%2Fnachrichten%2Fzeigenachricht.jsp\">am 24. Oktober<\/a>, dass ein Polizeianw\u00e4rter, der im Internet ein Video eingestellt hatte, dass ihn bei einem vermeintlichen Betrug zeigt, zu Recht aus dem Polizeidienst entlassen wurde, da er gegen seine Kernpflichten als Polizeibeamter versto\u00dfen habe (Az: 4 S 44.19, 4 M 10.19). <a href=\"https:\/\/www.fr.de\/frankfurt\/todesangst-gewahrsamszelle-13175701.html\">Am 28. Oktober<\/a> beginnt vor dem LG Frankfurt\/M. (Hessen) der Prozess gegen mehrere BPol-Beamt*innen, die im Dezember 2017 einen Mann misshandelt und falsch beschuldigt haben sollen. <a href=\"https:\/\/taz.de\/Auseinandersetzung-unter-Kollegen\/!5634959\/\">Am 30. Oktober<\/a> beginnt in Hamburg der Prozess gegen einen Polizisten wegen N\u00f6tigung und fahrl\u00e4ssige K\u00f6rperverletzung im Amt. Er war w\u00e4hrend des G20-Gipfels 2017 mit einem Kollegen aneinandergeraten und hatte diesen dabei leicht am Finger verletzt.<!--more--><\/p>\n<p><b>Rockerkriminalit\u00e4t:<\/b> Das LG Berlin verurteilt acht sog. Rocker der \u201eHells Angels\u201c <a href=\"https:\/\/www.spiegel.de\/panorama\/justiz\/berlin-acht-hells-angels-zu-lebenslanger-haft-verurteilt-a-1289565.html\">wegen gemeinschaftlichen Mordes zu lebenslangen Haftstrafen<\/a>. Ein weiterer Angeklagter erh\u00e4lt aufgrund seiner Hilfe bei der Aufkl\u00e4rung des Falles eine Haftstrafe von 12 Jahren. Die M\u00e4nner sollen im Januar 2014 den Chef einer rivalisierenden Rocker*innengruppe erschossen haben. <a href=\"https:\/\/www.berliner-zeitung.de\/berlin\/polizei\/rockerprozess-lebenslange-haft-fuer-hells-angels---revision-eingelegt-33289928\">Am 9. Oktober<\/a> teilt das LG mit, dass sowohl die Staatsanwaltschaft (StA) wie auch mehrere Verteidiger*innen Revision gegen das Urteil eingelegt haben. In Hagen (NRW) durchsucht die Polizei <a href=\"https:\/\/www.faz.net\/aktuell\/gesellschaft\/kriminalitaet\/polizei-geht-in-hagen-gegen-mehr-als-170-rocker-vor-16462957.html\">am 31. Oktober<\/a> in einem Vereinsheim \u00fcber 170 Rocker*innen und beschlagnahmt mehrere Lang- und Kurzwaffen. Grund f\u00fcr den Einsatz ist eine geplante Halloween-Party, bei der es in den Vorjahren h\u00e4ufiger zu Auseinandersetzungen mit anderen Rocker*innen gekommen ist.<\/p>\n<p><b>Organisierte Kriminalit\u00e4t:<\/b> Durch Pressemeldungen wird bekannt, dass die StA Berlin <a href=\"https:\/\/www.spiegel.de\/panorama\/justiz\/arafat-abou-chaker-staatsanwaltschaft-erhebt-anklage-in-causa-bushido-a-1288710.html\">Anklage gegen f\u00fchrende K\u00f6pfe<\/a> einer libanesischen Familie erhoben hat. Ihnen werden versuchte schwere r\u00e4uberische Erpressung, Freiheitsberaubung, gef\u00e4hrliche K\u00f6rperverletzung und andere Straftaten vorgeworfen. Mit hochrangigen Beamt*innen aus Bundeskriminalamt (BKA) und Landeskriminal\u00e4mtern (LK\u00c4) findet <a href=\"https:\/\/www.berliner-zeitung.de\/berlin\/polizei\/expertentreffen-in-berlin-innensenator-laedt-zur-konferenz-gegen-clan-kriminalitaet-33359052\">am 24. Oktober<\/a> in Berlin eine Konferenz \u00fcber Strategien gegen &#8222;Clankriminalit\u00e4t&#8220; statt.<\/p>\n<p><b>Alternative f\u00fcr Deutschland (AfD):<\/b> Das LG Berlin entscheidet, dass die AfD den Namen des Politikers der Weimarer Republik, Gustav Stresemann, <a href=\"https:\/\/www.tagesspiegel.de\/politik\/urteil-im-namensstreit-rechtspopulisten-duerfen-gustav-stresemann-nicht-vereinnahmen\/25075398.html\">nicht f\u00fcr f\u00fcr ihre Parteistiftung nutzen darf<\/a> (Az: 52 O 164\/18). <a href=\"https:\/\/www.spiegel.de\/panorama\/justiz\/oranienburg-prozessbeginn-gegen-holocaust-leugner-a-1290449.html\">Am 8. Oktober<\/a> sollte vor dem AG Oranienburg (Brandenburg) der Prozess wegen Volksverhetzung gegen einen Mann beginnen, der als Teilnehmer einer AfD-Besucher*innengruppe der KZ-Gedenkst\u00e4tte Sachsenhausen im Juni 2018 die Existenz von Gaskammern geleugnet hatte und auch durch weitere Zwischenrufe aufgefallen war. Der Prozess <a href=\"https:\/\/www.berliner-zeitung.de\/berlin\/brandenburg\/kz-gedenkstaette-sachsenhausen-prozess-gegen-holocaust-leugner-geplatzt-33287158\">platzt jedoch aufgrund einer Justizpanne<\/a>, da der Angeklagte nicht erscheint und nicht festgestellt werden kann, ob die Vorladung rechtzeitig bei ihm eingegangen ist. <a href=\"https:\/\/www.faz.net\/aktuell\/politik\/inland\/afd-legt-einspruch-gegen-landtagswahl-in-sachsen-ein-16428529.html\">Am 11. Oktober<\/a> teilt die AfD mit, dass sie erneut Einspruch gegen die G\u00fcltigkeit der Landtagswahl in Sachsen eingelegt hat. Hintergrund ist die K\u00fcrzung der AfD-Landesliste durch den Landeswahlausschuss. <a href=\"https:\/\/www.tagesspiegel.de\/berlin\/volksverhetzung-und-stoerung-der-totenruhe-strafbefehl-gegen-afd-anhaenger-nach-sachsenhausen-besuch\/25120256.html\">Am 15. Oktober<\/a> teilt das AG Oranienburg (Brandenburg) mit, dass der Holocaust-Leugner von Sachsenhausen seinen Widerspruch gegen einen Strafbefehl \u00fcber 4.000 EUR zur\u00fcckgezogen hat. <a href=\"https:\/\/www.spiegel.de\/politik\/deutschland\/bjoern-hoecke-scheitert-mit-eilantrag-gegen-verfassungsschutz-a-1293226.html\">Am 24. Oktober<\/a> lehnt das Verwaltungsgericht (VG) K\u00f6ln (NRW) einen Eilantrag des Th\u00fcringer AfD-Politikers Bj\u00f6rn H\u00f6cke ab, in dem dem Bundesamt f\u00fcr Verfassungsschutz (BfV) untersagt werden sollte, den v\u00f6lkisch-nationalistischen \u201eFl\u00fcgel\u201c der AfD als \u201eimmer extremistischer\u201c einzustufen. Bei der Landtagswahl in Th\u00fcringen <a href=\"https:\/\/www.spiegel.de\/politik\/deutschland\/thueringen-das-afd-ergebnis-staerkt-bjoern-hoecke-in-der-partei-a-1293602.html\">am 27. Oktober<\/a> wird die AfD zweitst\u00e4rkste Partei.<\/p>\n<p><b>Rassistische Angriffe:<\/b> In einem Berliner Supermarkt wird ein Mann von einem anderen <a href=\"https:\/\/morgenpost.de\/berlin\/polizeibericht\/article227257881\/Blaulicht-Blog-Mann-randaliert-im-Forum-Koepenick.html\">rassistisch beleidigt und geschlagen<\/a>. Die Polizei ermittelt. Am 4. Oktober wird wiederum in Berlin ein Mann von einem anderen rassistisch beschimpft. Im Verlauf des folgenden Streitgespr\u00e4chs kommt es zu einer handgreiflichen Auseinandersetzung. Die Polizei nimmt die Personalien der M\u00e4nner auf. <a href=\"https:\/\/www.faz.net\/aktuell\/gesellschaft\/kriminalitaet\/bad-hersfeld-deutscher-schiesst-mit-gasdruckwaffe-auf-somalier-16420266.html\">Am 6. Oktober<\/a> teilt die Polizei in Bad Hersfeld (Hessen) mit, dass ein bereits polizeibekannter Mann aus n\u00e4chster N\u00e4he mit einer Gaspistole auf einen Somalier geschossen hat, dieser jedoch nicht verletzt wurde. Der T\u00e4ter wird festgenommen. Am 7. Oktober ger\u00e4t in einem Berliner Bus eine junge Frau mit dem Busfahrer in Streit, in dessen Verlauf dieser sie schubst und rassistisch beleidigt. In Berlin beleidigt <a href=\"https:\/\/www.berliner-zeitung.de\/berlin\/polizei\/polizeibericht-rassistischer-angriff-am-u-bahnhof--mann-gestossen-und-beledigt-32206520\">am 19. Oktober<\/a> ein Mann einen Autofahrer, der beim Ausparken \u00fcber den B\u00fcrgersteig f\u00e4hrt, rassistisch und schl\u00e4gt auf das Fahrzeug ein. Ebenfalls in Berlin beschimpft <a href=\"https:\/\/www.berliner-zeitung.de\/berlin\/polizei\/polizeibericht-rassistischer-angriff-am-u-bahnhof--mann-gestossen-und-beledigt-32206520\">am selben Tag<\/a> ein Mann einen aus Sierra Leone stammenden Mann rassistisch und st\u00f6\u00dft ihn eine U-Bahn-Treppe hinunter; der T\u00e4ter kann unerkannt fl\u00fcchten. <a href=\"https:\/\/www.morgenpost.de\/berlin\/polizeibericht\/article227418907\/Berlin-Friedrichshagen-Frau-mit-Kopftuch-in-den-Bauch-getreten.html\">Am 20. Oktober<\/a> greift wiederum in Berlin auf einer Kreuzung ein Mann eine kopftuchtragende Frau an und tritt ihr in den Bauch; er kann unerkannt fl\u00fcchten. Erneut wird <a href=\"https:\/\/www.morgenpost.de\/berlin\/polizeibericht\/article227477527\/Polizeimeldungen-Berlin-Berlin-Moabit-Polizei-nimmt-zwei-14-Jaehrige-nach-Brandserie-fest.html\">am 26. Oktober<\/a> in Berlin ein Mann rassistisch und homophob beschimpft und geschlagen. Der T\u00e4ter wird festgenommen. <a href=\"https:\/\/www.morgenpost.de\/berlin\/polizeibericht\/article227487571\/Blaulicht-Blog-Auto-brennt-in-Charlottenburg.html\">Am 27. Oktober<\/a> wird in Berlin ein Taxifahrer von einem Fahrgast rassistisch beleidigt und geschlagen. Der T\u00e4ter kann festgenommen werden.<\/p>\n<p>2. Oktober: <b>Kriminelle Polizist*innen:<\/b> Durch Pressemeldungen wird bekannt, dass ein AG in Erfurt (Th\u00fcringen) <a href=\"https:\/\/www.spiegel.de\/panorama\/justiz\/thueringen-zwei-polizisten-sollen-frau-vergewaltigt-haben-a-1289745.html\">Haftbefehl gegen zwei Polizeibeamte<\/a> erlassen hat, die im Verdacht stehen Ende September im Polizeigewahrsam eine Frau vergewaltigt zu haben. <a href=\"https:\/\/www.juris.de\/jportal\/portal\/t\/c4t\/page\/homerl.psml?nid=jnachr-JUNA191002685&amp;cmsuri=%2Fjuris%2Fde%2Fnachrichten%2Fzeigenachricht.jsp\">Am 23. Oktober<\/a> entscheidet das VG Hannover (Niedersachsen), dass ein BPol-Beamter wegen Besitz kinder- und jugendpornografischer Schriften, unerlaubtem Waffen- und Munitionsbesitz und weiterer Delikte aus dem Dienst entfernt wird (Az: 14 A 445\/19). <a href=\"https:\/\/www.fr.de\/rhein-main\/kreis-gross-gerau\/polizei-org27586\/hessen-polizisten-unterschlagen-alkohol-kosmetika-krassen-folgen-zr-13170021.html\">Am 26. Oktober<\/a> wird berichtet, dass mehrere Beamt*innen der Polizeistation Bischofsheim (Hessen), darunter auch der Dienststellenleiter, im Verdacht stehen, aus der Asservatenkammer gr\u00f6\u00dfere Mengen Alkohol, Kosmetika und anderes entwendet zu haben. Die StA Darmstadt ermittelt wegen des Verdachts auf \u201eUnterschlagung und Verwahrungsbruch\u201c gegen 19 Beamt*innen; zudem wurden <a href=\"https:\/\/www.spiegel.de\/panorama\/justiz\/bischofsheim-polizisten-sollen-sich-in-asservatenkammer-bedient-haben-a-1293495.html\">disziplinarrechtliche Ermittlungen<\/a> eingeleitet, in deren Zusammenhang die Beamt*innen versetzt wurden.<\/p>\n<p><b>Rechtsradikalismus:<\/b> In einem Revisionsprozess verurteilt das LG Potsdam (Brandenburg) einen <a href=\"https:\/\/www.spiegel.de\/politik\/deutschland\/anschlag-auf-fluechtlingsheim-ex-npd-politiker-zu-neun-jahren-haft-verurteilt-a-1289744.html\">ehemaligen NPD-Politiker wegen eines Brandanschlages<\/a> auf eine geplante Fl\u00fcchtlingsunterkunft in Nauen im August 2015 zu einer gut neunj\u00e4hrigen Haftstrafe. Der Anwalt legt <a href=\"https:\/\/www.berliner-zeitung.de\/berlin\/brandenburg\/turnhallenbrand-anwalt-von-ex-npd-politiker-legt-erneut-revision-ein-33267898\">erneut Revision<\/a> ein. <a href=\"https:\/\/www.spiegel.de\/politik\/deutschland\/udo-pastoers-ex-npd-abgeordneter-scheitert-vor-menschenrechtsgericht-a-1289859.html\">Am 3. Oktober<\/a> weist der Europ\u00e4ische Gerichtshof f\u00fcr Menschenrechte (EGMR) eine Beschwerde des ehemaligen NPD-Fraktionschef im Landtag von Mecklenburg-Vorpommern, Udo Past\u00f6rs, ab und urteilt, dass die Leugnung des Holocaust nicht von der Europ\u00e4ischen Menschenrechtskonvention gedeckt ist. <a href=\"https:\/\/www.morgenpost.de\/berlin\/polizeibericht\/article227290715\/Sieg-Heil-Rufe-auf-Gelaende-der-NPD-Zentrale.in-Koepenick.html\">Am 5. Oktober<\/a> feiert die Berliner NPD ein \u00f6ffentlich zug\u00e4ngliches \u201eErntedankfest\u201c mit lauter Musik mit volksverhetzenden Texten; auch \u201eHeil Hitler\u201c-Rufe ert\u00f6nen. Eine Anmeldung f\u00fcr die Veranstaltung liegt nicht vor; die Polizei stellt die Personalien von 33 Personen fest. <a href=\"https:\/\/www.morgenpost.de\/berlin\/article227323207\/Senior-zeigt-den-Hitlergruss-Sechs-Monate-Freiheitsstrafe.html\">Am 9. Oktober<\/a> verurteilt ein AG in Berlin einen Rentner wegen Zeigen des Hitlergru\u00dfes zu einer halbj\u00e4hrigen Haftstrafe zur Bew\u00e4hrung. <a href=\"https:\/\/www.spiegel.de\/panorama\/justiz\/dresden-kampf-der-nibelungen-bleibt-verboten-a-1290754.html\">Am gleichen Tag<\/a> best\u00e4tigt das VG Dresden (Sachsen) das Verbot der geplanten Neonazi-Kampfsportveranstaltung \u201eKampf der Nibelungen\u201c in Ostritz. <a href=\"https:\/\/www.sueddeutsche.de\/muenchen\/muenchen-rechtsradikaler-angriff-jugendliche-neuhausen-1.4644631\">Am 15. Oktober<\/a> greift in M\u00fcnchen (Bayern) ein polizeibekannter Rechtsradikaler eine Gruppe Jugendlicher an und beschimpft sie als \u201eJuden\u201c, die \u201evergast\u201c werden w\u00fcrden. Auch die herbeigerufenen Polizist*innen greift er an und skandiert dabei \u201eHeil Hitler\u201c- und \u201eSieg Heil\u201c-Rufe. Er wird \u00fcberw\u00e4ltigt und festgenommen. In D\u00f6beln (Sachsen) stoppt die Polizei <a href=\"https:\/\/www.berliner-zeitung.de\/panorama\/von-der-polizei-gestoppt-selbsternannte-buergerwehr-jagt-in-sachsen-auslaender-33326438\">am 16. Oktober<\/a> eine selbsternannte B\u00fcrgerwehr. In orangefarbenen Warnwesten mit der Aufschrift \u201eSchutzzone\u201c waren drei M\u00e4nner unterwegs um \u201enach Cannabis riechende Ausl\u00e4nder zu verjagen\u201c. <a href=\"https:\/\/www.berliner-zeitung.de\/berlin\/polizei\/polizeibericht-verwirrter-mann-laeuft-mit-besteckmesser-umher---polizeieinsatz-32206520\">Am gleichen Tag<\/a> zeigt am Rande einer Demonstration gegen den Krieg in Nordsyrien in Berlin ein Mann mehrfach den Hitlergru\u00df und singt ein antisemitisches Lied. Er wird festgenommen und zeigt dann auch im Polizeigewahrsam den Hitlergru\u00df; gegen ihn wird wegen Volksverhetzung ermittelt. Wenige Stunden nach einer Veranstaltung mit dem Antisemitismus-Beauftragten der Bundesregierung schlagen <a href=\"https:\/\/www.spiegel.de\/politik\/deutschland\/berlin-angriff-auf-cdu-wahlkreisbuero-von-klaus-dieter-groehler-a-1292788.html\">am 21. Oktober<\/a> Unbekannte die Scheiben des Wahlkreisb\u00fcros eines CDU-Bundestagsabgeordneten in Berlin ein. Durch Presseberichte wird <a href=\"https:\/\/www.spiegel.de\/politik\/deutschland\/altenstadt-npd-ortsvorsteher-wieder-abgewaehlt-a-1292819.html\">am 22. Oktober<\/a> bekannt, dass ein Ortsbeirat in Altenstadt (Hessen) den Anfang September gew\u00e4hlten NPD-Ortsvorsteher wieder abgew\u00e4hlt hat.<\/p>\n<p><b>Rechte und fremdenfeindliche Angriffe auf Fl\u00fcchtlingsheime:<\/b> Aus einem Auto heraus beschie\u00dfen <a href=\"https:\/\/www.faz.net\/aktuell\/politik\/inland\/thueringen-fluechtlingsunterkunft-mit-schreckschusswaffe-beschossen-16444473.html\">am 20. Oktober<\/a> Unbekannte eine Fl\u00fcchtlingsunterkunft in Obermehler (Th\u00fcringen) mit einer Schreckschusswaffe und rufen dabei rassistische Parolen.<\/p>\n<p><b>Abschiebungen:<\/b> Das Regierungspr\u00e4sidium Darmstadt (Hessen) best\u00e4tigt, dass im September eine Frau, die sich nach einem Selbstmordversuch in psychiatrischer Behandlung befindet, <a href=\"https:\/\/www.fr.de\/rhein-main\/hessische-behoerde-schiebt-beinahe-kranke-frau-13065066.html\">nach Tadschikistan abgeschoben<\/a> werden sollte. Die Abschiebung wurde im letzten Moment durch eine Intervention der Klinik verhindert. <a href=\"https:\/\/www.fr.de\/rhein-main\/main-taunus-kreis\/abschiebearzt-verstiess-gegen-berufspflicht-13084059.html\">Am 9. Oktober<\/a> erkl\u00e4rt ein Sprecher des Regierungspr\u00e4sidiums, seiner Beh\u00f6rde h\u00e4tten zu diesem Zeitpunkt keine Informationen \u00fcber den Gesundheitszustand der Frau vorgelegen. Der Abschiebearzt h\u00e4tte diese jedoch einholen m\u00fcssen; er habe somit gegen seine Berufspflicht versto\u00dfen. Im letzten Augenblick gelingt es <a href=\"https:\/\/www.sueddeutsche.de\/bayern\/bayern-fluechtlinge-abschiebung-konversion-christentum-1.4633602\">am 10. Oktober<\/a> dem Jesuiten-Fl\u00fcchtlingsdienst die Abschiebung eines Afghanen zu verhindern, der zum Christentum \u00fcbergetretenen ist und sich deshalb in seinem Heimatland in Lebensgefahr befinden w\u00fcrde. Aus einer parlamentarischen Anfrage der Gr\u00fcnen-Bundestagsfraktion geht <a href=\"https:\/\/www.spiegel.de\/politik\/deutschland\/deutschland-polizei-stuft-deutlich-weniger-islamisten-als-gefaehrder-ein-a-1291770.html\">am 16. Oktober<\/a> hervor, dass 2018 insgesamt 52 islamistische &#8222;Gef\u00e4hrder*innen&#8220; aus Deutschland abgeschoben wurden. Eine parlamentarische Anfrage der Linken-Bundestagsfraktion zeigt <a href=\"https:\/\/www.tagesspiegel.de\/politik\/fluechtlinge-mit-russischem-pass-zahl-der-abschiebungen-von-tschetschenen-steigt\/25143314.html\">am 23. Oktober<\/a>, dass im ersten Halbjahr insgesamt 277 tschetschenische Asylbewerber*innen wieder nach Russland abgeschoben wurden (2018 total: 422 \/ 2017: 184).<\/p>\n<p>3. Oktober: <b>Terroranschlag auf Berliner Weihnachtsmarkt:<\/b> Medien vermelden, dass der Bundesnachrichtendienst (BND) im Besitz <a href=\"https:\/\/www.faz.net\/aktuell\/politik\/inland\/bnd-soll-bislang-unbekanntes-video-von-anis-amri-besitzen-16414828.html\">eines bisher unbekannten Videos<\/a> ist, in dem der sp\u00e4tere Weihnachtsmarkt-Attent\u00e4ter Anis Amri im Dezember 2016 entsprechende Drohungen ausspricht. Das Video sei dem BND von einem ausl\u00e4ndischen Geheimdienst mit der Ma\u00dfgabe \u00fcbermittelt worden, es nicht an das BKA weiterzugeben. Weiter wird bekannt, dass das Video doch <a href=\"https:\/\/www.welt.de\/politik\/deutschland\/article201340470\/Anis-Amri-drohte-in-bislang-unbekanntem-Video-mit-Terror.html\">auch dem BKA und BfV vorlag<\/a>. <a href=\"https:\/\/www.tagesspiegel.de\/politik\/attentaeter-vom-berliner-breitscheidplatz-anis-amri-fotografierte-auch-wohnhaus-von-merkel\/25149244.html\">Am 23. Oktober<\/a> wird berichtet, dass das BKA auf dem Handy des Attent\u00e4ters Anis Amri auch Fotos vom Wohnhaus von Bundeskanzlerin Angela Merkel (CDU) und aus der Umgebung des Berliner Doms festgestellt hatte. Diese waren jedoch als nicht relevant eingestuft worden. Im Untersuchungsausschuss des Berliner Abgeordnetenhauses erkl\u00e4rt ein Bundesanwalt <a href=\"https:\/\/www.berliner-zeitung.de\/berlin\/polizei\/terroranschlag-in-berlin--bundesanwaltschaft--amri-hatte-keine-direkten-tathelfer--33369086\">am 25. Oktober<\/a>, die Bundesanwaltschaft (BAW) habe \u201ebisher keine Erkenntnisse (\u2026), dass Amri (\u2026) Helfer bei der Tat hatte\u201c. Allerdings habe er bis kurz vor der Tat Kontakt zu einem <a href=\"https:\/\/www.tagesspiegel.de\/berlin\/anis-amri-chattete-mit-is-mentor-bundesanwalt-distanziert-sich-von-einzeltaetertheorie\/25155488.html\">\u201eMentor\u201c des \u201eIslamischen Staat\u201c (IS)<\/a> im Ausland gehabt.<\/p>\n<p><b>Rechtsextremismus:<\/b> An einer Demonstration des rechtsextremen Vereins \u201eWir f\u00fcr Deutschland\u201c und anderer rechten Gruppen in Berlin <a href=\"https:\/\/www.berliner-zeitung.de\/berlin\/polizei\/tausende-polizisten-im-einsatz-1000-rechte-ziehen-durch-mitte-33262560\">beteiligen sich rund 1.000 Personen<\/a>. Etwa 600 Menschen demonstrieren dagegen. Aus der Demonstration heraus werden immer rechtsextreme Parolen wie etwa \u201eWenn wir wollen, schlagen wir euch tot\u201c <a href=\"https:\/\/www.berliner-zeitung.de\/berlin\/polizei\/nazi-sprueche-bei--wir-fuer-deutschland--demo--wenn-wir-wollen--schlagen-wir-euch-tot--33271216\">skandiert<\/a>. <a href=\"https:\/\/www.morgenpost.de\/berlin\/polizeibericht\/article227272021\/Blaulicht-Blog-Poliziauto-kollidiert-mit-Golffahrer.html\">Am gleichen Tag<\/a> beschmieren ebenfalls in Berlin Unbekannte das Denkmal f\u00fcr die nationalsozialistischen Euthanasie-Opfer. In Bremen greifen <a href=\"https:\/\/taz.de\/Neue-Neonazi-Gruppe-in-Bremen\/!5631477\/\">am 5. Oktober<\/a> Mitglieder einer neugegr\u00fcndeten \u201ePhalanx 18\u201c drei politische Gegner an und schlagen sie zusammen. Am 9. Oktober durchsucht die Polizei sieben rechtsextreme Objekte in vier Bundesl\u00e4ndern. Sechs Personen werden zun\u00e4chst festgenommen und nach Abschluss der Aktion wieder freigelassen. Grund der Durchsuchungen sind 23 bundesweite Drohschreiben an Moscheen, Ankerzentren und Parteien in denen Sprengstoffanschl\u00e4ge <a href=\"https:\/\/www.spiegel.de\/panorama\/justiz\/drohschreiben-an-parteien-moscheen-medien-razzia-in-vier-bundeslaendern-a-1290635.html\">angek\u00fcndigt werden<\/a>. Durch Presseberichte wird <a href=\"https:\/\/www.spiegel.de\/panorama\/justiz\/rechtsterrorismus-bka-zaehlt-erneut-mehr-rechte-gefaehrder-a-1291572.html\">am 15. Oktober<\/a> bekannt, dass das BfV insgesamt 12.700 Personen zur gewaltbereiten rechtsextremen Szene rechnet; 43 von ihnen werden vom BKA als Gef\u00e4hrder eingestuft. Aus einer parlamentarischen Anfrage der Linken-Bundestagsfraktion <a href=\"https:\/\/www.tagesspiegel.de\/politik\/rechtsextreme-kriminalitaet-schon-12-500-straftaten-in-diesem-jahr\/25122206.html\">geht hervor<\/a>, dass die Polizei bis Ende August bundesweit 12.493 rechtsextreme Straftaten registriert hat, darunter 542 Gewalttaten; vier Taten wurden als versuchte T\u00f6tungen eingestuft. Insgesamt konnten 3.686 T\u00e4ter*innen ermittelt werden. Durch Presseberichte wird <a href=\"https:\/\/www.spiegel.de\/politik\/deutschland\/thueringen-hausdurchsuchung-wegen-drohung-gegen-robert-habeck-a-1292229.html\">am 18. Oktober<\/a> bekannt, dass im Vorfeld der anstehenden Landtagswahl in Th\u00fcringen bei einem polizeibekannten Rechtsextremisten, der bereits fr\u00fcher Wahlkampfveranstaltungen gest\u00f6rt hatte, eine Hausdurchsuchung stattfand, da er im Verdacht steht, sich eine Waffe besorgt zu haben. Eine Waffe wird gefunden; die StA Gera ermittelt. Eine weitere Hausdurchsuchung fand zudem bei einem Mann statt, der den Gr\u00fcnen-Parteichef Robert Habeck im Internet massiv bedroht hatte; hier ermittelt die StA M\u00fchlhausen. Auf der Buchmesse in Frankfurt\/M. (Hessen) wird ein Journalist vor einem rechtsradikalen B\u00fccherstand von Rechtsextremisten <a href=\"https:\/\/www.tagesspiegel.de\/politik\/-rechtsextreme-schuechtern-journalisten-ein-polizei-schaut-bei-eklat-auf-frankfurter-buchmesse-nur-zu\/25145998.html\">bedr\u00e4ngt und an seiner Arbeit gehindert<\/a>; Anwesende Polizisten schreiten nicht ein. Nach Angaben der StA M\u00fcnchen (Bayern) <a href=\"https:\/\/www.abendzeitung-muenchen.de\/inhalt.staatsanwaltschaft-muenchen-antisemitische-straftaten-haben-stark-zugenommen.e2eab655-093f-4d21-9641-62548c465e48.html\">vom 24. Oktober<\/a> liegt die Zahl der dortigen Ermittlungsverfahren wegen rechtsextremistischer Straftaten bisher bei 437 Eing\u00e4ngen (2018: 378). <a href=\"https:\/\/www.berliner-zeitung.de\/politik\/staatsschutz-ermittelt-schweinekoepfe-an-moscheebaustelle-in-nrw-entdeckt-33390386\">Am 29. Oktober<\/a> entdecken Arbeiter an der Baustelle f\u00fcr eine Moschee in Schwelm (NRW) Schweinek\u00f6pfe. <a href=\"https:\/\/www.spiegel.de\/politik\/deutschland\/bundesregierung-beschliesst-massnahmenpaket-gegen-rechtsextremismus-a-1294114.html\">Am 30. Oktober<\/a> verabschiedet das Bundeskabinett ein Ma\u00dfnahmenpaket gegen Rechtsextremismus. Damit sollen u.a. Soziale Netzwerke verpflichtet werden, strafbare Inhalte k\u00fcnftig an die Sicherheitsbeh\u00f6rden zu melden; Eine \u00c4nderung des Meldegesetzes soll die Ver\u00f6ffentlichung von Adressen zivilgesellschaftlicher B\u00fcrger erschweren; Mitglieder verfassungsfeindlicher Vereinigungen sollen keinen Waffenschein mehr erhalten und Polizeien und Verfassungsschutz besser ausgestattet werden.<\/p>\n<p><b>Antisemitismus:<\/b> Als in Massing (Bayern) ein Mann eine Frau hebr\u00e4isch sprechen h\u00f6rt, <a href=\"https:\/\/www.welt.de\/vermischtes\/article201357040\/Bayern-Antisemitischer-Angriff-Mann-wirft-Frau-Stein-an-den-Kopf.html\">wirft er ihr einen Stein an den Kopf<\/a>, der sie leicht verletzt. Der T\u00e4ter kann unerkannt fl\u00fcchten. <a href=\"https:\/\/www.tagesspiegel.de\/berlin\/polizei-justiz\/berlin-mitte-fuenf-maenner-wegen-antisemitischen-angriffs-vor-gericht\/25102484.html\">Am 10. Oktober<\/a> beginnt vor einem Berliner AG der Prozess wegen gef\u00e4hrlicher K\u00f6rperverletzung gegen f\u00fcnf M\u00e4nner, die im Sommer einen Juden verpr\u00fcgelt und beleidigt hatten. <a href=\"https:\/\/www.spiegel.de\/panorama\/justiz\/antisemitismus-uebergriffe-auf-juden-im-osten-besonders-haeufig-a-1290923.html\">Am gleichen Tag<\/a> wird durch Presseberichte auf der Grundlage von Zahlen des BKA bekannt, dass es 2018 zu rund 1.800 antisemitischen Straftaten gekommen ist (2018: 1.500). <a href=\"https:\/\/www.sueddeutsche.de\/muenchen\/muenchen-rechtsradikaler-angriff-jugendliche-neuhausen-1.4644631\">Am 15. Oktober<\/a> greift in M\u00fcnchen (Bayern) ein polizeibekannter Rechtsradikaler eine Gruppe Jugendlicher an und beschimpft sie als \u201eJuden\u201c, die \u201evergast\u201c werden w\u00fcrden. Auch die herbeigerufenen Polizist*innen greift er an und skandiert dabei \u201eHeil Hitler\u201c- und \u201eSieg Heil\u201c-Rufe. Er wird \u00fcberw\u00e4ltigt und festgenommen. Am Rande einer Demonstration gegen den Krieg in Nordsyrien in Berlin <a href=\"https:\/\/www.berliner-zeitung.de\/berlin\/polizei\/polizeibericht-verwirrter-mann-laeuft-mit-besteckmesser-umher---polizeieinsatz-32206520\">am 16. Oktober<\/a> zeigt ein Mann mehrfach den Hitlergru\u00df und singt ein antisemitisches Lied. Er wird festgenommen und zeigt dann auch im Polizeigewahrsam den Hitlergru\u00df; gegen ihn wird wegen Volksverhetzung ermittelt. In M\u00fcnchen (Bayern) erz\u00e4hlt <a href=\"https:\/\/www.abendzeitung-muenchen.de\/inhalt.antisemitische-poebelei-daemlich-mann-erzaehlt-polizisten-in-muenchen-judenwitze.622b2614-7460-40ac-bbb4-6db9c176da\u00dff.html\">am 16. Oktober<\/a> ein Mann einer vorbeikommenden Polizeistreife antisemitische Witze und zeigt den Hitler-Gru\u00df; er wird festgenommen. <a href=\"https:\/\/www.spiegel.de\/panorama\/justiz\/berlin-mann-soll-34-jaehrigen-in-kreuzberg-antisemitisch-beleidigt-haben-a-1292097.html\">Am 17. Oktober<\/a> wird in Berlin ein betrunkener Mann aus einem Lokal verwiesen nachdem er sich dort antisemitisch ge\u00e4u\u00dfert hatte. Vor dem Lokal beleidigt er daraufhin einen anderen Mann antisemitisch und versucht ihn zu schlagen und zu treten. Die Polizei ermittelt wegen Volksverhetzung und versuchter K\u00f6rperverletzung. Wenige Stunden nach einer Veranstaltung mit dem Antisemitismus-Beauftragten der Bundesregierung schlagen <a href=\"https:\/\/www.spiegel.de\/politik\/deutschland\/berlin-angriff-auf-cdu-wahlkreisbuero-von-klaus-dieter-groehler-a-1292788.html\">am 21. Oktober<\/a> Unbekannte die Scheiben des Wahlkreisb\u00fcros eines CDU-Bundestagsabgeordneten in Berlin ein. Nach Angaben der StA M\u00fcnchen (Bayern) <a href=\"https:\/\/www.abendzeitung-muenchen.de\/inhalt.staatsanwaltschaft-muenchen-antisemitische-straftaten-haben-stark-zugenommen.e2eab655-093f-4d21-9641-62548c465e48.html\">vom 24. Oktober<\/a> liegt die Zahl der dortigen Ermittlungsverfahren wegen antisemitischer Straftaten bisher bei 78 Eing\u00e4ngen. <a href=\"https:\/\/www.berliner-zeitung.de\/berlin\/beschimpft-und-bespukt-verfahren-um-antisemitischen-angriff-in-berlin-eingestellt-33380774\">Am 28. Oktober<\/a> stellt die StA Berlin das Verfahren wegen der antisemitischen Attacken gegen einen Rabbiner im Juli ein da die verantwortlichen nicht \u201ezweifelsfrei\u201c feststellbar waren. Am gleichen Tag wird in Berlin ein 70-J\u00e4hriger von einem Mann antisemitisch beleidigt und massiv geschlagen. Eine vorbeikommende Passantin <a href=\"https:\/\/www.morgenpost.de\/berlin\/polizeibericht\/article227499249\/Karow-Pankow-Senior-70-wird-antisemitisch-beleidigt-als-er-sich-wehrte-schlug-der-Mann-zu.html\">kann den Schl\u00e4ger stoppen<\/a>.<\/p>\n<p><b>Bundesnachrichtendienst (BND):<\/b> Durch <a href=\"https:\/\/www.faz.net\/aktuell\/politik\/inland\/bnd-soll-bislang-unbekanntes-video-von-anis-amri-besitzen-16414828.html\">Pressemeldungen<\/a> wird bekannt, dass der BND im Besitz eines bisher unbekannten Videos ist, in dem der sp\u00e4tere Attent\u00e4ter auf dem Berliner Weihnachtsmarkt im Dezember 2016 entsprechende Drohungen ausspricht. Das Video sei dem BND von einem ausl\u00e4ndischen Geheimdienst mit der Ma\u00dfgabe \u00fcbermittelt worden, es nicht an das Bundeskriminalamt (BKA) weiterzugeben.<\/p>\n<p><b>Angriffe auf Polizist*innen:<\/b> In Fl\u00f6rsheim (Hessen) st\u00f6rt eine Rentnerin Polizist*innen bei einer Fallaufnahne und <a href=\"https:\/\/www.fr.de\/rhein-main\/main-taunus-kreis\/floersheim-70-jaehrige-geht-polizisten-endet-krankenhaus-zr-13068510.html\">wird schlie\u00dflich handgreiflich<\/a>. Sie wird in Gewahrsam genommen. Bei einem eskalierten Beziehungsstreit bei\u00dft <a href=\"https:\/\/www.fr.de\/frankfurt\/frankfurt-am-main-ort28687\/frankfurt-nach-streit-ex-mann-aggressive-frau-beisst-polizistin-zr-13072047.html\">am 5. Oktober<\/a> in Frankfurt\/M. (Hessen) eine Frau eine Polizistin in die Hand. Nach einem Unfall <a href=\"https:\/\/www.berliner-zeitung.de\/berlin\/polizei\/polizeibericht-auto-brennt-in-wilmersdorf-33206520\">am 7. Oktober<\/a> in Berlin greift ein betrunkener Radfahrer einen Polizisten an und verletzt ihn im Gesicht. Bei einer pro-kurdischen Demonstration in Berlin gegen die t\u00fcrkische Aggression in Nordsyrien nehmen <a href=\"https:\/\/www.tagesspiegel.de\/berlin\/prokurdische-demo-in-neukoelln-demonstranten-schlagen-polizisten-nieder\/25129836.html\">am 12. Oktober<\/a> Demonstranten das Schusswaffen-Magazin eines Polizisten an sich. Sie k\u00f6nnen unerkannt entkommen. Beim Abtransport einer Weltkriegsbombe ignoriert <a href=\"https:\/\/www.spiegel.de\/panorama\/justiz\/koeln-passant-schlaegt-polizist-wegen-absperrung-ins-gesicht-a-1291696.html\">am 15. Oktober<\/a> in K\u00f6ln (NRW) ein Mann die polizeiliche Absperrung; als ein Beamter ihn stoppt, schl\u00e4gt ihm der Mann ins Gesicht. In Berlin greift am gleichen Tag ein Randalierer die Polizisten an und versucht einem die Dienstwaffe zu entrei\u00dfen. Ebenfalls <a href=\"https:\/\/www.sueddeutsche.de\/muenchen\/muenchen-rechtsradikaler-angriff-jugendliche-neuhausen-1.4644631\">am 15. Oktober<\/a> greift in M\u00fcnchen (Bayern) ein polizeibekannter Rechtsradikaler herbeigerufene Polizist*innen an nachdem er zuvor eine Gruppe Jugendlicher angegriffen und als \u201eJuden\u201c, die \u201evergast\u201c werden w\u00fcrden, beschimpft hatte. Er wird \u00fcberw\u00e4ltigt und festgenommen. Auf dem Flughafen M\u00fcnchen (Bayern) erschreckt und beleidigt <a href=\"https:\/\/www.welt.de\/vermischtes\/article202247894\/Flughafen-Muenchen-Mann-mit-Clownsmaske-greift-nach-Maschinenpistole.html\">am 18. Oktober<\/a> ein Mann mit Clownsmaske die Passant*innen. Als herbeigerufene Polizist*innen erscheinen, attackiert er diese mit Fu\u00dftritten und versucht einer Beamtin die Maschinenpistole zu entrei\u00dfen. Er wird festgenommen.<\/p>\n<p>Bei dem Versuch in M\u00f6nchengladbach (NRW) einen aggressiven, unter Drogen stehenden Mann, unter Kontrolle zu bringen, verletzt dieser <a href=\"https:\/\/www.faz.net\/aktuell\/gesellschaft\/kriminalitaet\/moenchenglasbach-mann-verletzt-acht-polizisten-mit-schlaegen-16442521.html\">am 19. Oktober<\/a> acht Beamte bevor ihm Handschellen angelegt werden k\u00f6nnen. <a href=\"https:\/\/www.abendzeitung-muenchen.de\/inhalt.olympiapark-in-muenchen-student-rennt-nackt-durch-wohnheim-und-tritt-polizei-tuer-ein.204298ca-84b0-4729-8870-9566d5b9e6f1.html\">Am 22. Oktober<\/a> l\u00e4uft in M\u00fcnchen (Bayern) ein Student nackt durch das Studentenwohnheim, dringt in zwei Wohnungen ein und randaliert dort, bevor er zur Polizeiinspektion l\u00e4uft, die T\u00fcr eintritt und einen Polizisten bei\u00dft. Um seiner Abschiebung zu entgehen greift <a href=\"https:\/\/www.sueddeutsche.de\/muenchen\/abschiebung-messerangriff-auf-polizisten-1.4655315\">am 23. Oktober<\/a> in Neuhausen (Bayern) ein Nigerianer die Polizisten mit einem K\u00fcchenmesser an und verletzt einen Beamten leicht. Die StA leitet ein Verfahren wegen eines versuchten T\u00f6tungsdeliktes ein. <a href=\"https:\/\/www.abendzeitung-muenchen.de\/inhalt.prozess-in-muenchen-versuchter-wadenbiss-mann-greift-polizisten-an-5fdbca99-b522-46ee-bsc8-ef4b3a2879cb.html\">Am 25. Oktober<\/a> beginnt in M\u00fcnchen (Bayern) der Prozess gegen einen Mann, der nach einem Autounfall im August 2018 versucht hatte, einen Polizisten in die Wade zu bei\u00dfen. Nachdem <a href=\"https:\/\/www.faz.net\/aktuell\/gesellschaft\/kriminalitaet\/unbekannte-greifen-polizisten-und-feuerwehrleute.in-leipzig-an-16452477.html\">am gleichen Tag<\/a> in Leipzig (Sachsen) ein Baustellenbrand gel\u00f6scht ist, wird dieser von Unbekannten wieder angefacht. Die zur\u00fcckkehrenden Feuerwehrleute und Polizist*innen werden laut der Poliziei von einer etwa 50-k\u00f6pfigen Gruppe mit Steinen, Flaschen und Feuerwerksk\u00f6rpern angegriffen; zwei Beamt*innen seien verletzt worden. Mehrere Personen werden vor\u00fcbergehend festgenommen. Die Feuerwehr <a href=\"https:\/\/kreuzer-leipzig.de\/2019\/11\/04\/das-ist-doch-subjektiv\/\">dementiert die Darstellung der Polizei<\/a> allerdings sp\u00e4ter mit Nachdruck. Ebenfalls <a href=\"https:\/\/www.welt.de\/vermischtes\/article202527042\/Frankenthal-Frau-ruft-Rettungswagen-und-geht-dann-auf-Fahrer-los.html\">am 25. Oktober<\/a> greift in Frankenthal (Rheinland-Pfalz) eine betrunkene Frau den Fahrer eines herbeigerufenen Rettungswagens an und attackiert in der Folge auch einen Polizisten. Sie und ihr Partner, der die Beamten beleidigt hatte, werden in Gewahrsam genommen. In Liebenburg (Niedersachsen) richtet <a href=\"https:\/\/www.tagesspiegel.de\/gesellschaft\/panorama\/sek-einsatz-im-kreis-goslar-mann-bedroht-polizisten-mit-armbrust\/25165420.html\">am 28. Oktober<\/a> ein Mann, der zuvor seine Frau mit einem Messer bedroht hatte, eine Armbrust auf die eintreffenden Beamten eines Sondereinsatzkommandos (SEK); er kann unverletzt festgenommen werden. An Halloween <a href=\"https:\/\/www.morgenpost.de\/berlin\/polizeibericht\/article227533127\/Randale-an-Halloween-200-Jugendliche-greifen-Polizisten-an.html\">am 31. Oktober<\/a> greifen in mehreren Berliner Stadtteilen Jugendliche Polizeibeamt*innen an. In einem Hausflur werden dabei vorbereitete Brands\u00e4tze gefunden.<\/p>\n<p>4. Oktober: <b>Rechtsextremistische Terrorgruppe \u201eNationalsozialistischer Untergrund (NSU):<\/b> Durch Pressemeldungen wird bekannt, dass in Zwickau (Sachsen) von Unbekannten <a href=\"https:\/\/www.welt.de\/politik\/deutschland\/article201377436\/Zwickau-Unbekannte-saegen-Gedenkbaum-fuer-NSU-Mordopfer-Sinsek-ab.html\">der Baum abges\u00e4gt wurde<\/a>, der zum Gedenken an das NSU-Mordopfer Enver \u015eim\u015fek\u00a0gepflanzt worden war. Noch am gleichen Tag wird dort eine Bank mit einer Inschrift zum Gedenken der NSU-Opfer aufgestellt; diese wird <a href=\"https:\/\/www.spiegel.de\/panorama\/justiz\/gedenkbank-fuer-nsu-mordopfer-in-zwickau-beschaedigt-a-1290247.html\">am 5. Oktober<\/a> ebenfalls zertr\u00fcmmert. In bereits in f\u00fcnf der acht St\u00e4dte mit einem Mahnmal f\u00fcr die NSU-Opfer ist es <a href=\"https:\/\/www.welt.de\/politik\/deutschland\/article201795384\/NSU-Die-meisten-Mahnmale-fuer-Opfer-werden-geschaendet.html\">zu Sch\u00e4ndungen gekommen<\/a>. T\u00e4ter*innen konnten bisher nicht ermittelt werden.<\/p>\n<p>\u201e<b>Patriotische Europ\u00e4er gegen die Islamisierung des Abendlandes\u201c (Pegida):<\/b> In einer genehmigten 24-Stunden-Demonstration protestiert einem Berliner Park <a href=\"https:\/\/www.morgenpost.de\/bezirke\/friedrichshain-kreuzberg\/article227275483\/Goerlitzer-Park-140-Polizisten-schuetzen-Pegida-Demonstrant.html\">ein einzelnes Mitglied von Pegida M\u00fcnchen<\/a> gegen den dortigen Drogenhandel. 50 Personen demonstrieren gegen den Mann, der von 140 Polizist*innen gesch\u00fctzt werden muss. Im Laufe des Tages steigt die Zahl der rechten Pegida-Anh\u00e4nger auf f\u00fcnf; die der Gegendemonstrant*innen auf <a href=\"https:\/\/www.tagesspiegel.de\/berlin\/pegida-im-goerlitzer-park-hunderte-gegendemonstranten-fuenf-rechtsextreme\/25085914.html\">mehrere Hundert<\/a>. Am 5. Oktober demonstrieren f\u00fcnf Pegida-Anh\u00e4nger durch eine Berliner Stra\u00dfe mit besetzten H\u00e4usern; 200 Menschen demonstrieren dagegen, 280 Polizist*innen <a href=\"https:\/\/www.berliner-zeitung.de\/berlin\/polizei\/polizei-grosseinsatz-fuenf-pegida-demonstranten-aus-muenchen-in-rigaer-strasse-33271986\">trennen die Demonstrant*innen<\/a>. <a href=\"https:\/\/www.spiegel.de\/politik\/deutschland\/lutz-bachmann-pegida-gruender-drohen-wegen-einer-rede-wohl-ermittlungen-a-1290696.html\">Am 9. Oktober<\/a> teilt die Polizei in Dresden (Sachsen) mit, dass sie gegen den Pegida-Gr\u00fcnder Lutz Bachmann ein Ermittlungsverfahren wegen Volksverhetzung und Anstiftung von Straftaten eingeleitet hat. Auf einer Pegida-Demonstration hatte Bachmann Klimasch\u00fctzer*innen, Umweltsch\u00fctzer*innen und Gewerkschaftler*innen als \u201eParasiten\u201c, \u201eVolkssch\u00e4dlinge\u201c und \u201emiese Maden\u201c bezeichnet, die in einen Graben geworfen und zugesch\u00fcttet geh\u00f6rten. An einer Demonstration anl\u00e4sslich des f\u00fcnften Jahrestages der Pegida-Gr\u00fcndung nehmen <a href=\"https:\/\/www.spiegel.de\/politik\/deutschland\/pegida-in-dresden-demonstrieren-tausende-gegen-auslaenderfeindliche-bewegung-a-1292451.html\">am 20. Oktober<\/a> in Dresden (Sachsen) rund 3.000 Personen teil. Etwa 5.000 Menschen demonstrieren dagegen.<\/p>\n<p><b>Homophobe Angriffe:<\/b> In Berlin werden vier junge M\u00e4nner von einer anderen Gruppe Jugendlicher homophob <a href=\"https:\/\/www.morgenpost.de\/berlin\/polizeibericht\/article227283089\/Berlin-Charlottenbutg-Kleinwagen-ueberschlaegt-sich-auf-A100-Kudamm.html\">beleidigt und angegriffen<\/a>. Die T\u00e4ter k\u00f6nnen fl\u00fcchten. <a href=\"https:\/\/www.berliner-zeitung.de\/berlin\/polizei\/polizeibericht-ex-freundin-bedroht--fahndung-nach-37-jaehrigem--32206520\">Am 12. Oktober<\/a> beleidigt ein Taxifahrer in Berlin eine Frau homophob, bespuckt und schl\u00e4gt sie schlie\u00dflich. Wiederum in Berlin werden <a href=\"https:\/\/www.morgenpost.de\/berlin\/polizeibericht\/article227377477\/Polizei-und-Feuerwehr-Unfall-in-Mitte-mit-E-Auto-und-E-Roller.html\">am 16. Oktober<\/a> zwei M\u00e4nner von zwei anderen homophob beleidigt, geschlagen und getreten. Die T\u00e4ter k\u00f6nnen fl\u00fcchten. Auch bei einem weiteren Angriff <a href=\"https:\/\/www.berliner-zeitung.de\/berlin\/polizei\/polizeibericht-hand-kam-durchs-fenster---mann-ueberrascht-einbrecher-32206520\">am 18. Oktober<\/a> in Berlin kann der T\u00e4ter unerkannt fl\u00fcchten nachdem er zuvor in einer Gastst\u00e4tte unvermittelt einen anderen Mann ins Gesicht geschlagen und ihn homophob beleidigt hatte. Ebenfalls <a href=\"https:\/\/www.morgenpost.de\/berlin\/polizeibericht\/article227410185\/Blaulicht-Blog-Autofahrer-prallt-gegen-parkenden-Lkw.html\">am 19. Oktober<\/a> wird in einer Berliner U-Bahn wieder ein Mann homophob angep\u00f6belt und mit der Drohung anderenfalls ein Messer zu ziehen zum Aussteigen gen\u00f6tigt. <a href=\"https:\/\/www.morgenpost.de\/berlin\/polizeibericht\/article227477527\/Polizeimeldungen-Berlin-Berlin-Moabit-Polizei-nimmt-zwei-14-Jaehrige-nach-Brandserie-fest.html\">Am 26. Oktober<\/a> wird wiederum in Berlin ein Mann homophob und rassistisch beschimpft und geschlagen. Der T\u00e4ter kann festgenommen werden.<\/p>\n<p>6. Oktober: <b>Umweltdemonstrationen: <\/b>Im Rahmen eines weltweiten Klima-Protestes <a href=\"https:\/\/www.jetzt.de\/umwelt\/extinction-rebellion-die-bilder-des-internationalen-protests\">errichtet die Umweltbewegung \u201eExtinction Rebellion\u201c<\/a> vor dem Berliner Kanzleramt ein Klimacamp in dem eine Woche lang Workshops abgehalten werden sollen. Etwa 1.000 Menschen nehmen am ersten Tag <a href=\"https:\/\/www.berliner-zeitung.de\/berlin\/diskussionen-und-workshops-klimacamp-am-kanzleramt-eroeffnet-33273156\">daran teil<\/a>. Kurz vor Beginn des Berufsverkehrs besetzen am 7. Oktober einige 100 Aktivist*innen <a href=\"https:\/\/www.berliner-zeitung.de\/berlin\/extinction-rebellion-aktivisten-besetzen-siegessaeule-im-tiergarten-33276124\">einen Berliner Verkehrsknotenpunkt<\/a>. Gegen Mittag wird eine weitere Kreuzung <a href=\"https:\/\/www.morgenpost.de\/berlin\/article227292473\/Extinction-Rebellion-Berlin-Klima-Aktivisten-besetzen-Grossen-Stern-in-Tiergarten-und-Potsdamer-Platz.html\">mit Sesseln und Sofas blockiert<\/a>. Am Nachmittag beginnt die Polizei dort mit einer friedlichen R\u00e4umung indem sie die Protestierenden <a href=\"https:\/\/www.berliner-zeitung.de\/berlin\/newsblog-potsdamer-platz-weiter-besetzt---15-aktivisten-angekettet-33278024\">einzeln wegtr\u00e4gt<\/a>. Am fr\u00fchen Morgen des 8. Oktober setzt die Polizei ihre R\u00e4umung fort; die Besetzung des Verkehrsknotenpunktes an der Siegess\u00e4ule bleibt davon <a href=\"https:\/\/www.berliner-zeitung.de\/berlin\/newsblog-potsdamer-platz-weiter-besetzt---15-aktivisten-angekettet-33278024\">zun\u00e4chst unbehelligt<\/a>. Am Abend ist auch hier <a href=\"https:\/\/www.berliner-zeitung.de\/berlin\/newsblog-zu-extinction-rebellion-aktivisten-verbringen-nacht-an-der--siegessaeule-33278024\">ein Teil der Blockade aufgehoben<\/a>. Fr\u00fch am Morgen des <a href=\"https:\/\/www.tagesspiegel.de\/berlin\/newsblog-zu-extinction-rebellion-hunderte-aktivisten-blockieren-narschallbr\u00fccke-am-bundestag\/25089882.html\">9. Oktober<\/a> wird eine Br\u00fccke in der N\u00e4he des Bundestages besetzt. An einigen Stellen r\u00e4umt die Polizei die Blockaden um Verkehrswege frei zu machen. Auch am <a href=\"https:\/\/www.morgenpost.de\/berlin\/article227292473\/Extinction-Rebellion-Karl-Liebknecht-Bruecke-am-Berliner-Dom-blockiert.html\">10.<\/a>, <a href=\"https:\/\/www.berliner-zeitung.de\/berlin\/newsblog-extinction-rebellion\u2014klimaproteste-in-berlin-gehen-weiter--33278024\">11.<\/a> und <a href=\"https:\/\/www.berliner-zeitung.de\/berlin\/newsblog-extinction-rebellion-in-berlin-staus-in-kreuzberg--stresemannstrasse-blockiert-33278024\">12.<\/a> Oktober gehen die Aktionen weiter. An diesem Tag demonstrieren zudem auch Mitglieder von \u201eFridays for Future\u201c; etwa 550 von ihnen bilden eine Menschenkette <a href=\"https:\/\/www.berliner-zeitung.de\/berlin\/fridays-for-future-und-extinction-rebellion-was-die-jungen-klimaaktivisten-motiviert-33301466\">um das Rote Rathaus<\/a>. Am 13. Oktober beendet \u201eExtinction Rebellion\u201c die Aktionen und baut die Zelte seines \u201eKlimacamps\u201c <a href=\"https:\/\/www.berliner-zeitung.de\/berlin\/newsblog-extinction-rebellion-klima-camp-beendet---2200-akrivisten-beteiligten-sich-33278024\">vor dem Kanzleramt ab<\/a>.<\/p>\n<p>7. Oktober: <b>Ermittlungen gegen Polizeibeamt*innen:<\/b> Die Polizei in Frankfurt\/M. (Hessen) teilt mit, dass sie gegen einen ihrer Beamten ein Ermittlungs- und Disziplinarverfahren eingeleitet hat. Der Mann steht im Verdacht, auf einer \u201eBlaulicht\u201c-Party <a href=\"https:\/\/www.fr.de\/frankfurt\/frankfurt-polizist-soll-frau-sexuell-genoetigt-haben-13077615.html\">eine Frau sexuell gen\u00f6tigt und gew\u00fcrgt zu haben<\/a>. Durch eine <a href=\"https:\/\/www.fr.de\/politik\/reichsbuerger-reihen-polizei-disziplinarverfahren-gegen-extremisten-staatsdienst-13166960.html\">Presserecherche<\/a> wird bekannt, dass in Bayern gegen Polizist*innen 18 Disziplinarverfahren wegen Zugeh\u00f6rigkeit zur \u201eReichsb\u00fcrgerszene\u201c eingeleitet wurden (NRW = 4 \/ Sachsen-Anhalt = 4 \/Rheinland-Pfalz = 3 \/ Niedersachsen = 3 \/ Baden-W\u00fcrttemberg = 2 \/ Brandenburg = 1 \/ Hamburg = 1). Durch Presseberichte wird <a href=\"https:\/\/www.spiegel.de\/panorama\/justiz\/bischofsheim-polizisten-sollen-sich-in-asservatenkammer-bedient-haben-a-1293495.html\">am 26. Oktober<\/a> bekannt, dass gegen mehrere Beamte der Polizeistation Bischofsheim (Hessen), darunter auch den Dienststellenleiter, disziplinarrechtliche Ermittlungen gef\u00fchrt werden, in deren Zusammenhang sie zudem versetzt wurden. Im August war aufgefallen, dass aus der Asservatenkammer gr\u00f6\u00dfere Mengen Alkohol, Kosmetika und anderes verschwunden ist. Die StA Darmstadt ermittelt wegen des Verdachts auf \u201eUnterschlagung und Verwahrungsbruch\u201c.<\/p>\n<p><b>Polizeisch\u00fcsse:<\/b> In Witten (NRW) <a href=\"https:\/\/www.spiegel.de\/panorama\/justiz\/witten-mit-pistole-bewaffneter-mann-von-polizisten-angeschossen-a-1290451.html\">schie\u00dft die Polizei auf einen Mann<\/a>, der mit einer Schusswaffe hantiert und mitteilt, dass er nicht mehr leben wolle. Der Mann wird in die Schulter getroffen. Auf der Autobahnrastst\u00e4tte bei Michendorf (Brandenburg) wird am 15. Oktober <a href=\"https:\/\/www.morgenpost.de\/berlin\/polizeibericht\/article227367607\/SEK-Einsatz-an-der-A10-Bewaffneter-Mann-ueberwaeltigt.html\">ein bewaffneter Mann entdeckt<\/a>. Beim Eintreffen der Polizei droht er mit einer Schusswaffe und erkl\u00e4rt, einen Sprengstoffg\u00fcrtel zu tragen. Einen eingesetzten Polizeihund verletzt er mit einem Messer schwer. Bei seiner Festnahme durch ein SEK wird er angeschossen. Seine Waffen erweisen sich als Attrappen. In Hamburg f\u00e4hrt ein Geisterfahrer am 19. Oktober zun\u00e4chst in verkehrter Richtung \u00fcber die Autobahn. Als die Polizei ihn stoppen will, fl\u00fcchtet er stadteinw\u00e4rts und gef\u00e4hrdet dabei Fu\u00dfg\u00e4nger sowie Fahrradfahrer und f\u00e4hrt schlie\u00dflich direkt auf einen Polizisten zu; <a href=\"https:\/\/www.spiegel.de\/panorama\/justiz\/hamburg-neuallermoehe-polizei-schiesst-auf-geisterfahrer-a-1292447.html\">dieser schie\u00dft daraufhin auf ihn<\/a>. Der Autofahrer bleibt unverletzt und wird sp\u00e4ter festgenommen. Vor dem Pokalspiel zwischen Eintracht Frankfurt und FC St. Pauli greifen <a href=\"https:\/\/www.spiegel.de\/panorama\/justiz\/st-pauli-gegen-eintracht-frankfurt-polizei-feuerte-warnschuss-ab-a-1294521.html\">am 30. Oktober<\/a> in Hamburg St. Pauli-Hooligans Eintracht-Fans an; auch Polizeibeamte werden attackiert. Daraufhin gibt ein Polizist einen Warnschuss ab.<\/p>\n<p><b>Asyl:<\/b> Durch <a href=\"https:\/\/www.welt.de\/politik\/deutschland\/article201547326\/Asylbewerber-in-Deutschland-110-000-Antraege-seit-Januar-Zahl-sinkt.html\">Presseberichte<\/a> wird bekannt, dass in den ersten neun Monaten des Jahres knapp 110.300 Menschen Asyl in Deutschland beantragten. Durch Presseberichte wird am 14. Oktober bekannt, dass eine Fl\u00fcchtlingsunterkunft in M\u00fcnchen (Bayern) seit Jahren von Bettwanzen befallen ist und auch ansonsten hygienisch unhaltbare Zust\u00e4nde herrschen. <a href=\"https:\/\/www.sueddeutsche.de\/muenchen\/muenchen-wanzen-fluechtlingsunterkunft-hofmannstrasse-1.4638646\">Der Stadt ist dies bekannt<\/a>. Durch Presseberichte wird <a href=\"https:\/\/www.welt.de\/politik\/deutschland\/article202020322\/Migration-Jeder-dritte-syrische-Asylbewerber-ist-laut-BAMF-Kurde.html\">am 17. Oktober<\/a> bekannt, dass rund ein Drittel der seit 2011 nach Deutschland gekommenen Asylbewerber*innen syrische Kurden*innen sind (1. Halbjahr 2019: 5.966 \/ 2018 total: 13.736 \/ 2017: 17.776 \/ 2016: 77.213 \/ 2015: 39.506).<\/p>\n<p>9. Oktober: <b>Antisemitischer Mordanschlag:<\/b> In Halle\/Saale (Sachsen-Anhalt) versucht ein bewaffneter Mann in Kampfmontur zun\u00e4chst <a href=\"https:\/\/www.spiegel.de\/panorama\/justiz\/sachsen-anhalt-schuesse-in-halle-mindestens-zwei-tote-a-1290701.html\">in die \u00f6rtliche Synagoge einzudringen<\/a>. Als dies misslingt erschie\u00dft er auf der Stra\u00dfe willk\u00fcrlich zwei Menschen; zwei weitere werden verletzt. Anschlie\u00dfend fl\u00fcchtet er in einem Taxi, kann jedoch auf der Autobahn von der Polizei gestoppt werden. Bei seiner Festnahme <a href=\"https:\/\/www.faz.net\/aktuell\/politik\/inland\/anschlag-in-halle-taeter-wurde-von-der-polizei-angeschossen-16424546.html\">wird er angeschossen<\/a>. Bei seiner Vernehmung beim Bundesgerichtshof (BGH) <a href=\"https:\/\/www.spiegel.de\/panorama\/justiz\/halle-saale-attentaeter-gesteht-tat-und-best\u00e4tigt-rechtsextremistisches-motiv-a-1291046.html\">am 12. Oktober<\/a> r\u00e4umt er rechtsextremistische und antisemitische Motive f\u00fcr seine Tat ein. Seine Taten hat er live mit einer Helmkamera aufgenommen und <a href=\"https:\/\/www.faz.net\/aktuell\/politik\/inland\/anschlag-in-halle-taeter-wurde-von-der-polizei-angeschossen-16424546.html\">im Internet gestreamt<\/a>. Durch Presseberichte wird am 16. Oktober bekannt, dass das BKA nach einem Hinweis von US-Beh\u00f6rden unter dem Verdacht, das \u201eManifest\u201c des Attent\u00e4ters im Internet ver\u00f6ffentlicht zu haben, die Wohnung eines Mannes in M\u00f6nchengladbach (NRW) <a href=\"https:\/\/www.spiegel.de\/panorama\/justiz\/anschlag-in-halle-saale-wohnung-in-moenchengladbach-durchsucht-a-1291826.html\">durchsucht hat<\/a>.<\/p>\n<p>\u201e<b>Identit\u00e4re Bewegung\u201c:<\/b> Nachdem das VG K\u00f6ln (NRW) einen Eilantrag der \u201eIdentit\u00e4ren Bewegung\u201c (IDB) im September gegen ihre Erw\u00e4hnung im Verfassungsschutzbericht positiv entschieden hatte, wonach die rechtsextreme \u201eIdentit\u00e4re Bewegung\u201c nicht mehr als \u201eVerdachtsfall gef\u00fchrt werden darf (AZ: 13 L 1667\/19) <a href=\"https:\/\/www.faz.net\/aktuell\/politik\/inland\/verfassungsschutz-will-identitaere-weiter-rechtsextremistisch-nennen-16424320.html\">legt das BfV Beschwerde ein<\/a>. Der IDB werden ca. 600 Mitglieder zugerechnet.<\/p>\n<p><b>Festnahmen von mutma\u00dflichen Dschihadist*innen:<\/b> Der irakische Ehemann einer deutschen IS-R\u00fcckkehrerin, wird nach Deutschland ausgeliefert und <a href=\"https:\/\/www.spiegel.de\/politik\/deutschland\/islamischer-staat-iraker-in-deutschland-wegen-voelkermord-vorwurf-in-u-haft-a-1291134.html\">in Untersuchungshaft genommen<\/a>. Ihm und seiner Frau wird vorgeworfen, eine Jesidin und deren Tochter als Sklavinnen gehalten und das Kind angekettet in der Sonne verdurstet haben zu lassen. Der Frau wird deshalb bereits seit Dezember 2018 vor dem Oberlandesgericht (OLG) M\u00fcnchen (Bayern) der Prozess gemacht.<\/p>\n<p>10. Oktober: <b>Rassistische Handlungen:<\/b> In Berlin werden eine Frau und ihre Kinder von einer anderen Frau <a href=\"https:\/\/www.morgenpost.de\/berlin\/polizeibericht\/article227334541\/Blaulicht-Blog-Kleinerer-Brand-im-Krankenhaus-in-Zehlendorf.html\">rassistisch beschimpft<\/a>. <a href=\"https:\/\/www.morgenpost.de\/berlin\/polizeibericht\/article227477527\/Polizeimeldungen-Berlin-Berlin-Moabit-Polizei-nimmt-zwei-14-Jaehrige-nach-Brandserie-fest.html\">Am 26. Oktober<\/a> wird wiederum in Berlin eine Frau rassistisch beschimpft; die T\u00e4terin kann unerkannt fl\u00fcchten.<\/p>\n<p><b>Aff\u00e4re um ehemaligen Undercover-Agenten Mauss:<\/b> Vor dem LG Bochum (NRW) <a href=\"https:\/\/www.faz.net\/aktuell\/gesellschaft\/kriminalitaet\/warum-werner-mauss-wieder-vor-gericht-steht-16426980.html\">beginnt der neue Prozess gegen den fr\u00fcheren Undercover-Agenten Werner Mauss<\/a> wegen Steuerhinterziehung in Millionenh\u00f6he. Ein erstes Urteil aus dem Oktober 2017 hatte der BGH Anfang des Jahres aufgehoben.<\/p>\n<p>11. Oktober: <b>Demonstrationen gegen Rechts:<\/b> Nach dem antisemitischen Mordanschlag in Halle (Sachsen-Anhalt) versammeln sich vor der dortigen Synagoge etliche Menschen zu einer Lichterkette. Auch in M\u00fcnchen (Bayern) bilden Menschen um die dortige Synagoge eine Menschenkette. <a href=\"https:\/\/www.berliner-zeitung.de\/politik\/buerger-setzen-zeichen-gegen-antisemitismus-und-rechte-gewalt-33305574\">Am 12. Oktober<\/a> demonstrieren rund 3.000 Menschen in Marburg (Hessen) und in Hamburg etwa 1.200 Menschen gegen rechte Gewalt. <a href=\"https:\/\/www.spiegel.de\/politik\/deutschland\/unteilbar-demo-in-berlin-a-1291373.html\">Am 13. Oktober<\/a> versammeln sich in Berlin mehrere tausend Menschen zu einer Demonstration; in Frankfurt\/M. (Hessen) nehmen rund 900 Menschen an einer Gedenkveranstaltung <a href=\"https:\/\/www.fr.de\/frankfurt\/frankfurt-appell-gegen-rechte-hetze-13110792.html\">vor der dortigen Synagoge teil<\/a>. Gegen eine Kundgebung des rechten Vereins \u201eB\u00fcrgerbewegung Pax Europa\u201c in Offenbach (Hessen) demonstrieren <a href=\"https:\/\/www.fr.de\/rhein-main\/offenbach\/offenbach-ort29210\/offenbach-sieben-stunden-streit-kundgebung-aliceplatz-13168429.html\">am 25. Oktober<\/a> \u00fcber 150 Menschen.<\/p>\n<p>12. Oktober: <b>Waffenverlust bei Berliner Polizei:<\/b> Aus einer parlamentarischen Anfrage der Gr\u00fcnen-Fraktion im Berliner Abgeordnetenhaus <a href=\"https:\/\/www.tagesspiegel.de\/berlin\/bereits-zehn-schusswaffen-verschwunden-berliner-polizei-hat-erneut-eine-pistole-verloren\/25110286.html\">geht hervor<\/a>, dass seit 2010 bei der Berliner Polizei insgesamt 10 Schusswaffen als verloren gemeldet sind. Der letzte Fall datiert vom August. Eine gestohlene Pistole ist k\u00fcrzlich bei einer Flughafen-Kontrolle wiedergefunden worden.<\/p>\n<p><b>Fu\u00dfball-Hooligans:<\/b> In M\u00fclheim\/Ruhr (NRW) greifen nach einem Junioren-Amateurspiel Spieler der Gastmannschaft den Schiedsrichter an. Zu ebensolchen Szenen kommt es <a href=\"https:\/\/www.spiegel.de\/panorama\/gesellschaft\/fussball-schiedsrichter-angegriffen-und-mit-steinen-beworfen-a-1291556.html\">am 13. Oktober<\/a> w\u00e4hrend eines Kreisligaspiels. Hier wird der Schiedsrichter bis in seine Kabine verfolgt und dort weiter angriffen. In beiden F\u00e4llen ermittelt die Polizei wegen K\u00f6rperverletzung und weiterer Delikte. Am 25. Oktober setzt der Berliner Fu\u00dfball-Verband (BFV) alle Wochenendspiele im Berliner Amateurfu\u00dfball ab. Grund ist der Ausstand der Schiedsrichter*innen, den der Schiedsrichterausschuss zuvor wegen der gestiegenen Gewalt auf den Fu\u00dfballpl\u00e4tzen entschieden hatte. Bisher hat es demnach bereits <a href=\"https:\/\/www.morgenpost.de\/sport\/article227463923\/Berlins-Schiedsrichter-streiken-Alle-Amateurspiele-abgesagt.html\">109 Vorf\u00e4lle gegeben<\/a>, wobei in 53 F\u00e4llen Schiedsrichter die Opfer waren. Nach dem Europapokalspiel zwischen Eintracht Frankfurt und Standard L\u00fcttich <a href=\"https:\/\/www.fr.de\/eintracht-frankfurt\/eintracht-frankfurt-gegen-luettich-fans-attackieren-polizisten-zr-13170047.html\">am 25. Oktober<\/a> in Frankfurt\/M. (Hessen) greifen belgische Hooligans die Polizei an; vier Beamte werden leicht verletzt. Als ein Fu\u00dfballspieler bei einem Kreisliga-Spiel in M\u00fcnster (NRW) <a href=\"https:\/\/www.berliner-zeitung.de\/sport\/wegen-gelb-roter-karte-fussballspieler-schlaegt-schiedsrichter-bewusstlos-33376792\">am 27. Oktober<\/a> die gelb-rote Karte gezeigt bekommt, schl\u00e4gt er den Schiedsrichter bewusstlos; das Spiel wird abgebrochen. Vor dem Pokalspiel zwischen Eintracht Frankfurt und FC St. Pauli greifen am 30. Oktober in Hamburg St. Pauli-Hooligans Eintracht-Fans an; auch Polizeibeamt*innen werden angegriffen. Daraufhin gibt ein Polizist <a href=\"https:\/\/www.spiegel.de\/panorama\/justiz\/st-pauli-gegen-eintracht-frankfurt-polizei-feuerte-warnschuss-ab-a-1294521.html\">einen Warnschuss ab<\/a>. Am Stadion kommt es zu Auseinandersetzungen zwischen Eintracht-Hooligans und der Polizei.<\/p>\n<p>14. Oktober: <b>Homophobe Handlungen:<\/b> In Berlin werden zwei lesbische Frauen von drei Jugendlichen <a href=\"https:\/\/www.berliner-zeitung.de\/polizei\/polizeibericht-auto-prallt-mit-rettungswagen-zusammen---vier-verletzt-32206520\">homophob beleidigt und verfolgt<\/a> bevor die Gruppe fl\u00fcchtet. Die T\u00e4ter k\u00f6nnen sp\u00e4ter festgenommen werden.<\/p>\n<p><b>Rechtsextremer Mordanschlag:<\/b> Durch <a href=\"https:\/\/taz.de\/Mord-an-CDU-Politiker-Walter-Luebcke\/!5630290\/\">Presseberichte<\/a> wird bekannt, Dass die BAW pr\u00fcft, ob die bei der Ermordung des Regierungspr\u00e4sidenten von Kassel (Hessen), Walter L\u00fcbcke (CDU) eingesetzte Mordwaffe von der rechtsextremen Gruppe \u201eCombat 18\u201c in Pinneberg (Schleswig-Holstein) stammen k\u00f6nnte. <a href=\"https:\/\/www.tagesspiegel.de\/politik\/rechtsextreme-kriminalitaet-schon-12-500-straftaten-in-diesem-jahr\/25122206.html\">Am 16. Oktober<\/a> wird durch weitere Presseberichte bekannt, dass der mutma\u00dfliche M\u00f6rder des Regierungspr\u00e4sidenten sein Gest\u00e4ndnis unterdessen zur\u00fcckgezogen hat. <a href=\"https:\/\/www.spiegel.de\/panorama\/justiz\/fall-walter-luebcke-ex-verfassungsschuetzer-war-mit-stephan-ernst-dienstlich-befasst-a-1292028.html\">Am 17. Oktober<\/a> gibt Landesinnenminister Peter Beuth (CDU) im Innenausschuss des hessischen Landtages bekannt, dass der fr\u00fchere LfV-Mitarbeiter Andreas Temme mit dem mutma\u00dflichen M\u00f6rder bereits einmal \u201edienstlich befasst\u201c war. Temme war bereits nach einem NSU-Mord 2006 ins Zwielicht geraten. Durch Presseberichte unter Berufung auf ein bisher geheimes Protokoll aus dem hessischen NSU-Untersuchungsausschuss geht <a href=\"https:\/\/www.fr.de\/politik\/walter-luebcke-verfassungsschutz-stufte-mutmasslichen-moerder-stephan-e-brandgefaehrlich-zr-13166902.html\">am 25. Oktober<\/a> hervor, dass das LfV den sp\u00e4teren M\u00f6rder L\u00fcbckes bereits im Jahr 2010 als \u201ebrandgef\u00e4hrlich\u201c eingesch\u00e4tzt hatte.<\/p>\n<p><b>Schleuserkriminalit\u00e4t:<\/b> In einem Gro\u00dfeinsatz gegen eine Schleuserbande werden in Brandenburg, Berlin und Hamburg vier M\u00e4nner festgenommen; es wird <a href=\"https:\/\/www.tagesspiegel.de\/berlin\/grosseinsatz-in-berlin-brandenburg-und-hamburg-polizei-verhaftet-mutmassliche-schleuser\/25120020.html\">Haftbefehl erlassen<\/a>. <a href=\"https:\/\/www.spiegel.de\/panorama\/justiz\/trier-durchsuchungen-in-mehreren-bundeslaendern-zwei-haftbefehle-vollstreckt-a-1293137.html\">Am 24. Oktober<\/a> findet in Rheinland-Pfalz, NRW, Berlin und im Saarland eine Razzia gegen mutma\u00dfliche Mitglieder einer Schleuserbande statt; 28 Objekte werden durchsucht, zwei Personen festgenommen. Durch Presseberichte unter Berufung auf eine BPol-Statistik wird <a href=\"https:\/\/www.welt.de\/politik\/deutschland\/article202536196\/Migranten-600-Personen-in-Lkws-nach-Deutschland-geschleust.html\">am 27. Oktober<\/a> bekannt, dass bis Ende September insgesamt 600 in LKWs geschleuste Personen entdeckt wurden (2018: 825).<\/p>\n<p><b>Gafferproblematik:<\/b> Bei einem Polizeieinsatz gegen einen Randalierer in Berlin werden die Beamten von Gaffern <a href=\"https:\/\/www.morgenpost.de\/berlin\/polizeibericht\/article227378851\/Randalierer-verletzt-fuenf-Polizisten-Gaffer-werfen-Flaschen.html\">mit Flaschen, Dosen und Obst beworfen<\/a>. Am 20. Oktober zeigt die Polizei in Rosenheim (Bayern) 12 Gaffer an, die bei einem Verkehrsunfall auf der Autobahn durch ihr Verhalten den Verkehr und die Bergungsarbeiten <a href=\"https:\/\/www.berliner-zeitung.de\/panorama\/fast-bis-zum-stillstand-abgebremst-polizei-zeigt-autobahn-gaffer-an-33357720\">massiv behindert haben<\/a>.<\/p>\n<p>16. Oktober: <b>Dschihadismus:<\/b> Aus einer parlamentarischen Anfrage der Gr\u00fcnen-Bundestagsfraktion <a href=\"https:\/\/www.spiegel.de\/politik\/deutschland\/deutschland-polizei-stuft-deutlich-weniger-islamisten-als-gefaehrder-ein-a-1291770.html\">geht hervor<\/a>, dass die Polizeibeh\u00f6rden im September bundesweit 688 Islamist*innen als Gef\u00e4hrder gef\u00fchrt haben (M\u00e4rz: 748). <a href=\"https:\/\/www.berliner-zeitung.de\/politik\/bka-chef-seit-breitscheidplatz-sieben-anschlaege-verhindert-33354128\">Am 23. Oktober<\/a> erkl\u00e4rt BKA-Pr\u00e4sident Holger M\u00fcnch seit dem Berliner Weihnachtsmarkt-Anschlag 2016 seien bundesweit sieben islamistische Anschl\u00e4ge verhindert worden.<\/p>\n<p><b>B\u00fcrgerwehren:<\/b> In D\u00f6beln (Sachsen) <a href=\"https:\/\/www.berliner-zeitung.de\/panorama\/von-der-polizei-gestoppt-selbsternannte-buergerwehr-jagt-in-sachsen-auslaender-33326438\">stoppt die Polizei eine selbsternannte B\u00fcrgerwehr<\/a>. In orangefarbenen Warnwesten mit der Aufschrift \u201eSchutzzone\u201c waren drei M\u00e4nner unterwegs um \u201enach Cannabis riechende Ausl\u00e4nder zu verjagen\u201c.<\/p>\n<p>18. Oktober: <b>Grenzkontrollen:<\/b> Durch Presseberichte wird bekannt, dass das BPol-Pr\u00e4sidium Anfang des Monats seine Direktionen <a href=\"https:\/\/www.spiegel.de\/politik\/deutschland\/bundespolizei-verstaerkt-grenzueberwachung-wegen-illegaler-migration-a-1292220\">angewiesen hat<\/a>, \u201eab sofort bis auf Weiteres die grenzpolizeilichen Ma\u00dfnahmen zu intensivieren\u201c um illegale Migration zu verhindern. Der Erlass gilt f\u00fcr die Grenzbereiche zur Schweiz, den Niederlanden und Tschechien.<\/p>\n<p>21. Oktober: <b>Dschihadist*innen-Prozesse:<\/b> Vor dem OLG D\u00fcsseldorf (NRW) erhebt die BAW <a href=\"https:\/\/www.spiegel.de\/politik\/deutschland\/islamischer-staat-deutscche-entziehung-wegen-entziehung-minderjaehriger-angeklagt-a-1292593.html\">Anklage gegen eine deutsche IS-R\u00fcckkehrerin<\/a> wegen Mitgliedschaft in einer terroristischen Vereinigung, Versto\u00df gegen das Kriegswaffenkontrollgesetz und weiterer Delikte. Die Frau war bei ihrer R\u00fcckkehr im April festgenommen worden.<\/p>\n<p><b>Rechtsradikale Polizist*innen:<\/b> Durch <a href=\"https:\/\/abendzeitung-muenchen.de\/inhalt.strafrechtliche-relevanz-geprueft-wehrmachts-patch-auf-rucksack-muenchner-polizei-distanziert-sich.1f4ee3dd-b545-4c6d-b575-8cb7a6bffabc.html\">Presseberichte<\/a> wird bekannt, dass in M\u00fcnchen (Bayern) ein Polizeibeamter in Uniform und einem Rucksack mit einem Verbandsabzeichen der Wehrmacht fotografiert wurde. Die Polizei pr\u00fcft den Vorfall. <a href=\"https:\/\/www.spiegel.de\/panorama\/justiz\/bundeskriminalamt-rechte-nachwuchskommissare-beim-bka-a-1293377.html\">Am 25. Oktober<\/a> hei\u00dft es, dass beim BKA drei Kommissarsanw\u00e4rter durch Rechtsradikalismus aufgefallen sind. Gegen einen von ihnen wurde ein Hausverbot verh\u00e4ngt, eine Strafanzeige wegen Volksverhetzung erstattet und ein Entlassungsverfahren eingeleitet; ein zweiter sei gema\u00dfregelt worden, der dritte konnte bisher nicht ermittelt werden. Durch eine weitere Presserecherche wird <a href=\"https:\/\/www.fr.de\/politik\/reichsbuerger-reihen-polizei-disziplinarverfahren-gegen-extremisten-staatsdienst-13166960.html\">am 26. Oktober<\/a> bekannt, dass in Bayern gegen Polizist*innen 18 Disziplinarverfahren wegen Zugeh\u00f6rigkeit zur rechten \u201eReichsb\u00fcrgerszene\u201c eingeleitet wurden (NRW = 4 \/ Sachsen-Anhalt = 4 \/Rheinland-Pfalz = 3 \/ Niedersachsen = 3 \/ Baden-W\u00fcrttemberg = 2 \/ Brandenburg = 1 \/ Hamburg = 1).<\/p>\n<p>23. Oktober: <b>Neue Polizeibefugnisse:<\/b> Die Bundesregierung <a href=\"https:\/\/www.spiegel.de\/panorama\/justiz\/bundeskabinett-bringt-reform-des-strafverfahrens-auf-den-weg-a-1293017.html\">beschlie\u00dft ein Gesetz<\/a> zur Erweiterung der polizeilichen Befugnisse. Damit sollen DNA-Spuren k\u00fcnftig auch Merkmale wie Augen-, Haar- und Hautfarbe sowie das Alter bestimmen d\u00fcrfen. Die Neuregelung soll auch r\u00fcckwirkend gelten. <a href=\"https:\/\/www.spiegel.de\/panorama\/justiz\/deutscher-anwaltsverein-spricht-von-tabubruch-bei-fahndung-per-dna-analyse-a-1293383.html\">Erweitert werden auch<\/a> die Befugnisse zur heimlichen \u00dcberwachung von Emails und Telefonaten. Der Bundesrat muss den neuen Regelungen noch zustimmen. Der Deutsche Anwaltsverein \/DAV) spricht von einem \u201eTabubruch\u201c.<\/p>\n<p><b>G20-Gipfel:<\/b> Das VG Hamburg entscheidet, dass eine Anordnung des Datenschutzbeauftragten zur L\u00f6schung einer polizeilichen Datenbank zur Gesichtserkennungssoftware (Videmo 360) von Straft\u00e4tern beim G20-Gipfel rechtswidrig war (<a href=\"https:\/\/www.juris.de\/jportal\/portal\/t\/12c8\/page\/homerl.psml?nid=jnachr-JUNA191002698&amp;cmsuri=%2Fjuris%2Fde%2Fnachrichten%2Fzeigenachricht.jsp\">Az: 17 K 203\/19<\/a>). <a href=\"https:\/\/taz.de\/Auseinandersetzung-unter-Kollegen\/!5634959\">Am 30. Oktober<\/a> beginnt in Hamburg der Prozess gegen einen Polizisten wegen N\u00f6tigung und fahrl\u00e4ssige K\u00f6rperverletzung im Amt, der w\u00e4hrend des G20-Gipfels 2017 mit einem Kollegen aneinandergeraten war und diesen dabei leicht am Finger verletzt hatte.<\/p>\n<p><b>Fall Oury Jalloh:<\/b> Durch <a href=\"https:\/\/www.spiegel.de\/panorama\/justiz\/oury-jallohs-feuertod-in-der-polizeizelle-kein-neues-verfahren-a-1292965.html\">Presseberichte<\/a> wird bekannt, dass das OLG Naumburg (Sachsen-Anhalt) den Antrag eines Verwandten Jallohs auf ein Klageerzwingungsverfahren als unzul\u00e4ssig verworfen hat. Oury Jalloh war im Januar 2005 in einer Dessauer Polizeizelle verbrannt. Ob er die Matratze, auf der er gefesselt lag selbst angez\u00fcndet hatte, ist bis heute ungekl\u00e4rt. <a href=\"https:\/\/www.faz.net\/aktuell\/gesellschaft\/kriminalitaet\/fall-oury-jalloh-initiative-stellt-neues-gutachten-vor-16455685.html\">Am 28. Oktober<\/a> wird ein neues radiologisches Gutachten vom 18. Oktober bekannt, wonach Jalloh Knochenbr\u00fcche der Nase, des Sch\u00e4dels und einer Rippe erlitten hatte, die nach Angaben einer Aufkl\u00e4rungsinitiative \u201eeindeutig eingrenzbar\u201c auf wenige Stunden vor seinem Tod seien, jedoch nicht ber\u00fccksichtigt worden seien.<\/p>\n<p><b>R\u00fcge f\u00fcr Polizeisprecher:<\/b> In einer Pressemitteilung <a href=\"https:\/\/www.spiegel.de\/panorama\/justiz\/schleswig-holstein-polizeisprecher-aeussert-sympathie-fuer-blockade-von-schlachthof-und-wird-oeffentlich-geruegt-a-1293194.html\">r\u00fcffeln<\/a> Innenministerium und die Landespolizeidirektion Itzehoe (Schleswig-Holstein) einen Polizeipressesprecher, der in einem Interview nach der friedlichen Besetzung eines Schlachthofes, Sympathien f\u00fcr die Blockade ge\u00e4u\u00dfert hatte. Darin hei\u00dft es, Sympathien f\u00fcr derartige Aktionen \u201ehaben zu unterbleiben\u201c.<\/p>\n<p>24. Oktober: <b>Urteile gegen JVA-Mitarbeiter:<\/b> Durch <a href=\"https:\/\/www.spiegel.de\/politik\/deutschland\/hamburg-strafbefehl-nach-geldauszahlung-an-mounir-al-motassadeq-beantragt-a-1293194.html\">Presseberichte<\/a> wird bekannt, dass die StA Hamburg gegen den Sicherheitsdienstleiter der Justizvollzugsanstalt (JVA) Fuhlsb\u00fcttel einen Strafbefehl beantragt hat. Der Mann hatte Mounir al-Motassadeq, einem Terrorhelfer des Anschlags auf das World Trade Center im September 2011, bei dessen Haftentlassung und Abschiebung im Oktober 2018 rund 7.200 EUR Haftgeld ausgezahlt. Verfahren gegen andere JVA-Mitarbeiter wurden zuvor bereits gegen Geldbu\u00dfen eingestellt. <a href=\"https:\/\/www.spiegel.de\/panorama\/justiz\/dresden-haftbefehl-nach-messerattacke-verbreitet-elf-monate-zur-bewaehrung-a-1294148.html\">Am 30. Oktober<\/a> verurteilt das AG Dresden (Sachsen) einen JVA-Mitarbeiter zu 11 Monaten Haft auf Bew\u00e4hrung und 150 Stunden gemeinn\u00fctziger Arbeit. Der Mann hatte nach einer t\u00f6dlichen Messerattacke in Chemnitz 2018 den Haftbefehl eines tatverd\u00e4chtigen Fl\u00fcchtlings fotografiert und verbreitet.<\/p>\n<p>25. Oktober: <b>M\u00fcnchner Amoklauf:<\/b> Drei Jahre nach dem Amoklauf eines Jugendlichen in einem Einkaufscenter in M\u00fcnchen (Bayern) mit neun Toten und mehreren Verletzten hat das Landeskriminalamt (LKA) die Tat <a href=\"https:\/\/www.polizei.bayern.de\/lka\/news\/presse\/aktuell\/index.html\/304761\">nun als rechts motivierte Tat eingestuft<\/a>. Zun\u00e4chst war die Tat, die mit der Selbstt\u00f6tung des Sch\u00fctzen geendet hatte, als Racheakt wegen Mobbings <a href=\"https:\/\/www.sueddeutsche.de\/muenchen\/anschlag-muenchen-2016-rechtsextremismus-polizei-neubewertung-1.4655637\">eingeordnet worden<\/a>.<\/p>\n<p>26. Oktober: <b>\u201eReichsb\u00fcrger\u201c:<\/b> Bundesweit rechnet das BfV insgesamt rund <a href=\"https:\/\/www.fr.de\/politik\/reichsbuerger-reihen-polizei-disziplinarverfahren-gegen-extremisten-staatsdienst-13166960.html\">19.000 Personen der rechten \u201eReichsb\u00fcrgerszene zu<\/a> (2018: 16.500). Auf einem Berliner S-Bahnhof wird <a href=\"https:\/\/www.tagesspiegel.de\/berlin\/mit-pistolenattrappe-und-kampfmontur-reichsbuerger-loest-einsatz-der-bundespolizei-aus\/25178606.html\">am 31. Oktober<\/a> ein, der \u201eReichsb\u00fcrger-Szene zugerechneter Mann in Kampfmontur, Waffenholster und einer Pistolenattrappe festgestellt. Alarmierte BPol-Beamte nehmen ihn fest.<\/p>\n<p>\u201e<b>Reichsb\u00fcrger\u201c bei der Polizei:<\/b> Durch eine <a href=\"https:\/\/www.fr.de\/politik\/reichsbuerger-reihen-polizei-disziplinarverfahren-gegen-extremisten-staatsdienst-13166960.html\">Presserecherche<\/a> wird bekannt, dass in Bayern gegen Polizist*innen 18 Disziplinarverfahren wegen Zugeh\u00f6rigkeit zur \u201eReichsb\u00fcrgerszene\u201c eingeleitet wurden (NRW = 4 \/ Sachsen-Anhalt = 4 \/Rheinland-Pfalz = 3 \/ Niedersachsen = 3 \/ Baden-W\u00fcrttemberg = 2 \/ Brandenburg = 1 \/ Hamburg = 1).<\/p>\n<p><b>Kinderpornografie:<\/b> <a href=\"https:\/\/www.morgenpost.de\/vermischtes\/article227473939\/Bundesweite-Razzia-wegen-Verdachts-auf-Kinderpornografie.html\">Bundesweit<\/a> durchsucht die Polizei 21 Wohnungen von teils Minderj\u00e4hrigen wegen des Verdachts des Besitzes kinderpornografischer Schriften und Videos. Computer und Datentr\u00e4ger werden beschlagnahmt. <a href=\"https:\/\/www.spiegel.de\/panorama\/justiz\/nordrhein-westfalen-und-hessen-polizei-hebt-mutmassliches-kinderporno-netzwerk-aus-a-1294239.html\">Am 31. Oktober<\/a> nimmt die Polizei in NRW und Hessen drei M\u00e4nner Kindesmissbrauch und der verbreitung von Kinderpornografie fest.<\/p>\n<p><b>Drogenfahndung:<\/b> In Langen und Wiesbaden (beide Hessen) nehmen Fahnder der Gemeinsamen Ermittlungsgruppe Rauschgift (GER) aus Polizei und Zoll <a href=\"https:\/\/www.faz.net\/aktuell\/gesellschaft\/kriminalitaet\/fahnder-zerschlagen-rauschgiftbande-in-hessen-16459197.html\">sieben Mitglieder einer Rauschgiftbande fest<\/a>. Rund 140 Kilo Haschisch und Marihuana werden beschlagnahmt.<\/p>\n<p>29. Oktober: <b>Prozess gegen Folterer:<\/b> Vor dem OLG Koblenz (Rheinland-Pfalz) erhebt die BAW <a href=\"https:\/\/www.spiegel.de\/politik\/deutschland\/syrien-ex-geheimdienstler-wegen-folter-in-koblenz-angeklagt-a-1293667.html\">Anklage gegen zwei fr\u00fchere syrische Geheimdienstler<\/a>, die sich in den Jahren 2012\/2013 abgesetzt und in diesem Februar festgenommen worden waren. Ihnen werden Verbrechen gegen die Menschlichkeit vorgeworfen.<\/p>\n<h3>Beitragsbild: Der Baum, der im Gedenken an das erste Mordopfer des NSU, Enver \u015eim\u015fek in Zwickau gepflanzt wurde, ist abges\u00e4gt worden (Stadt Zwickau).<\/h3>\n","protected":false},"excerpt":{"rendered":"<p>zusammengestellt von Otto Diederichs 1. Oktober: Prozesse gegen Polizist*innen: Ein Berliner Amtsgericht (AG) verurteilt einen<\/p>\n","protected":false},"author":2,"featured_media":15866,"comment_status":"open","ping_status":"open","sticky":false,"template":"","format":"standard","meta":{"footnotes":""},"categories":[6],"tags":[216,667,820,1094,1186,1195],"class_list":["post-15864","post","type-post","status-publish","format-standard","has-post-thumbnail","hentry","category-chronologien","tag-antisemitismus","tag-geheimdienste","tag-justiz","tag-polizei","tag-rassismus","tag-rechtsextremismus"],"_links":{"self":[{"href":"https:\/\/wp-dev.daten.cool\/index.php?rest_route=\/wp\/v2\/posts\/15864","targetHints":{"allow":["GET"]}}],"collection":[{"href":"https:\/\/wp-dev.daten.cool\/index.php?rest_route=\/wp\/v2\/posts"}],"about":[{"href":"https:\/\/wp-dev.daten.cool\/index.php?rest_route=\/wp\/v2\/types\/post"}],"author":[{"embeddable":true,"href":"https:\/\/wp-dev.daten.cool\/index.php?rest_route=\/wp\/v2\/users\/2"}],"replies":[{"embeddable":true,"href":"https:\/\/wp-dev.daten.cool\/index.php?rest_route=%2Fwp%2Fv2%2Fcomments&post=15864"}],"version-history":[{"count":0,"href":"https:\/\/wp-dev.daten.cool\/index.php?rest_route=\/wp\/v2\/posts\/15864\/revisions"}],"wp:featuredmedia":[{"embeddable":true,"href":"https:\/\/wp-dev.daten.cool\/index.php?rest_route=\/wp\/v2\/media\/15866"}],"wp:attachment":[{"href":"https:\/\/wp-dev.daten.cool\/index.php?rest_route=%2Fwp%2Fv2%2Fmedia&parent=15864"}],"wp:term":[{"taxonomy":"category","embeddable":true,"href":"https:\/\/wp-dev.daten.cool\/index.php?rest_route=%2Fwp%2Fv2%2Fcategories&post=15864"},{"taxonomy":"post_tag","embeddable":true,"href":"https:\/\/wp-dev.daten.cool\/index.php?rest_route=%2Fwp%2Fv2%2Ftags&post=15864"}],"curies":[{"name":"wp","href":"https:\/\/api.w.org\/{rel}","templated":true}]}}