{"id":15975,"date":"2019-11-28T07:44:06","date_gmt":"2019-11-28T07:44:06","guid":{"rendered":"https:\/\/www.cilip.de\/?p=15975"},"modified":"2019-11-28T07:44:06","modified_gmt":"2019-11-28T07:44:06","slug":"frontex-weitet-operationen-in-eu-nachbarlaendern-aus","status":"publish","type":"post","link":"https:\/\/wp-dev.daten.cool\/?p=15975","title":{"rendered":"Frontex weitet Operationen in EU-Nachbarl\u00e4ndern aus"},"content":{"rendered":"<p><b>Nach Albanien und Montenegro hat die EU-Kommission ein Frontex-Statusabkommen mit Serbien geschlossen, Nordmazedonien und Bosnien-Herzegowina sollen folgen. Der erste Einsatz der EU-Grenztruppe in Albanien wurde mittlerweile aufgestockt. <\/b><\/p>\n<p>Die Europ\u00e4ische Kommission hat auch mit Serbien eine Vereinbarung \u00fcber die \u201eZusammenarbeit beim Grenzmanagement\u201c <a href=\"https:\/\/www.consilium.europa.eu\/de\/press\/press-releases\/2019\/11\/19\/border-management-eu-signs-agreement-with-serbia-on-european-border-and-coast-guard-cooperation\/\">unterzeichnet<\/a>. Das sogenannte Statusabkommen regelt die Durchf\u00fchrung Gemeinsamer Aktionen (Joint Operations) mit der EU-Grenzagentur Frontex an den gemeinsamen Grenzen mit der Europ\u00e4ischen Union. Es wurde von der Kommission bereits im Januar <a href=\"http:\/\/statewatch.org\/news\/2019\/may\/eu-frontex-status-agreement-serbia-21-1-19.pdf\">ver\u00f6ffentlicht<\/a> und jetzt vom serbischen Parlament ratifiziert. Das Hoheitsgebiet des Kosovo ist von der Vereinbarung ausgeschlossen.<\/p>\n<p>Zu den Zielen des Abkommens geh\u00f6ren gem\u00e4\u00df der Frontex-Verordnung die Bek\u00e4mpfung irregul\u00e4rer Migration und der grenz\u00fcberschreitenden Kriminalit\u00e4t. Die EU verspricht der serbischen Grenzpolizei au\u00dferdem eine \u201everst\u00e4rkte technische und operative Unterst\u00fctzung\u201c.<!--more--><\/p>\n<h4>Musterstatusabkommen f\u00fcr \u201evorrangige Drittl\u00e4nder\u201c<\/h4>\n<p>Die Vereinbarung mit Serbien folgt einem Musterstatusabkommen, das die Kommission im Rahmen der \u201eEurop\u00e4ischen Migrationsagenda\u201c f\u00fcr die operationelle Zusammenarbeit mit \u201evorrangigen Drittl\u00e4ndern\u201c <a href=\"https:\/\/ec.europa.eu\/commission\/presscorner\/detail\/de\/IP_17_123\">gebilligt hat<\/a>. Zuerst hatte die Kommission vor einem Jahr ein <a href=\"https:\/\/eur-lex.europa.eu\/legal-content\/DE\/TXT\/?uri=CELEX:22019A0218(01)\">Statusabkommen<\/a> mit Albanien geschlossen, eine \u00e4hnliche Vereinbarung folgte am 7. Oktober dieses Jahres <a href=\"https:\/\/ec.europa.eu\/commission\/presscorner\/detail\/de\/IP_19_6008\">mit Montenegro<\/a>. Weitere Statusabkommen mit <a href=\"http:\/\/statewatch.org\/news\/2019\/may\/eu-frontex-status-agreement-bih-26-3-19.pdf\">Bosnien-Herzegowina<\/a> und <a href=\"http:\/\/statewatch.org\/news\/2019\/may\/eu-frontex-status-agreement-macedonia-25-9-18.pdf\">Nordmazedonien<\/a> sind ausgehandelt, m\u00fcssen aber noch von den nationalen Parlamenten ratifiziert werden. Auch das Europ\u00e4ische Parlament muss seine Zustimmung geben.<\/p>\n<figure id=\"attachment_15978\" aria-describedby=\"caption-attachment-15978\" style=\"width: 250px\" class=\"wp-caption alignright\"><a href=\"http:\/\/www.cilip.de\/wp-content\/uploads\/2019\/11\/Statusabkommen-November-2019.png\"><img loading=\"lazy\" decoding=\"async\" class=\"size-medium wp-image-15978\" src=\"https:\/\/www.cilip.de\/wp-content\/uploads\/2019\/11\/Statusabkommen-November-2019-250x213.png\" alt=\"\" width=\"250\" height=\"213\" \/><\/a><figcaption id=\"caption-attachment-15978\" class=\"wp-caption-text\">Derzeitige Statusabkommen: Eins in Kraft, zwei unterzeichnet, zwei m\u00fcssen noch ratifiziert werden (<a href=\"https:\/\/www.consilium.europa.eu\/de\/press\/press-releases\/2019\/11\/19\/border-management-eu-signs-agreement-with-serbia-on-european-border-and-coast-guard-cooperation\/\">Europ\u00e4ische Union<\/a>).<\/figcaption><\/figure>\n<p>Nach Abschluss aller f\u00fcnf Statusabkommen k\u00f6nnte Frontex auf dem gesamten Westbalkan mit Ausnahme des Kosovo eingesetzt werden. Der EU-Kommissar f\u00fcr Migration, Inneres und B\u00fcrgerschaft, Dimitris Avramopoulos, bezeichnet die Vereinbarungen als \u201en\u00e4chsten Schritt hin zu einer Ann\u00e4herung der westlichen Balkanstaaten an die EU\u201c. Alle betreffenden L\u00e4nder gelten als EU-Beitrittskandidaten, die Zustimmung zu den Frontex-Operationen <a href=\"https:\/\/ec.europa.eu\/home-affairs\/news\/european-border-coast-guard-agreement-operational-cooperation-reached-bosnia-herzegovina_en\">soll die Verhandlungen bef\u00f6rdern<\/a>.<\/p>\n<p>Diese Ann\u00e4herung d\u00fcrfte jedoch durch die Entscheidung der franz\u00f6sischen Regierung, Nordmazedonien und Albanien trotz Erf\u00fcllung der notwendigen Bedingungen <a href=\"https:\/\/www.derstandard.de\/story\/2000111055426\/macron-sorgt-fuer-wirbel-auf-dem-balkan\">Verhandlungen zu einem EU-Beitritt zu verwehren<\/a>, Schaden nehmen. Das nordmazedonische Parlament k\u00f6nnte deshalb das geplante Frontex-Abkommen verz\u00f6gern. Das Gleiche gilt f\u00fcr Bosnien-Herzegowina, das Frankreichs Pr\u00e4sident Macron wegen zur\u00fcckgekehrter Jihadisten als \u201etickende Zeitbombe\u201c bezeichnete.<\/p>\n<h4>Polizeiliche Vollmachten und Immunit\u00e4t<\/h4>\n<p>Die von Frontex entsandten Grenzpolizist*innen aus den EU-Mitgliedstaaten erhalten einen Sonderausweis des Einsatzstaates und tragen dort ihre eigenen Uniformen mit einer blauen Frontex-Armbinde. Sie tragen au\u00dferdem Dienstwaffen, Munition und Ausr\u00fcstung ihres Herkunftsmitgliedstaats und d\u00fcrfen Gewalt anwenden.<\/p>\n<p>Die Beamt*innen genie\u00dfen im Rahmen der Frontex-Eins\u00e4tze Immunit\u00e4t. Wird dabei ein strafrechtlicher Versto\u00df festgestellt, wird die Handlung von der Gerichtsbarkeit des Herkunftsmitgliedstaats verfolgt. Die Frontex-Teammitglieder genie\u00dfen auch \u201euneingeschr\u00e4nkten Schutz\u201c vor zivil- und verwaltungsrechtlicher Verfolgung im Einsatzstaat. Dieser haftet zudem f\u00fcr Sch\u00e4den, die ein Teammitglied w\u00e4hrend einer \u201eim Einklang mit dem Einsatzplan durchgef\u00fchrten Aktion\u201c verursacht.<\/p>\n<h4>Einsatzplan mit Griechenland abgesprochen<\/h4>\n<p>Nach Abschluss des Statusabkommens mit Albanien dauerte es ein halbes Jahr, bis Frontex dort seine bislang <a href=\"https:\/\/eeas.europa.eu\/headquarters\/headquarters-homepage\/62894\/albania-and-frontex-launch-first-ever-joint-operation-outside-eu_bs\">\u201eallererste gemeinsame Aktion\u201c<\/a> auf dem Hoheitsgebiet eines benachbarten Drittstaates gestartet hat. Laut Frontex haben die Regierungen in \u00d6sterreich, Kroatien, Tschechien, Estland, Finnland, Frankreich, Deutschland, Lettland, den Niederlanden, Rum\u00e4nien, Polen und Slowenien Personal entsandt, insgesamt sollen 16 Streifenfahrzeuge und ein Thermovisionswagen eingesetzt werden. Stellt Frontex \u201epl\u00f6tzliche Ver\u00e4nderungen der Migrationsstr\u00f6me\u201c in Albanien fest, k\u00f6nnen weitere \u201eSoforteinsatzteams f\u00fcr Grenzsicherungszwecke\u201c entsandt werden.<\/p>\n<figure id=\"attachment_15974\" aria-describedby=\"caption-attachment-15974\" style=\"width: 250px\" class=\"wp-caption alignright\"><a href=\"http:\/\/www.cilip.de\/wp-content\/uploads\/2019\/11\/Frontex_JO_Albanien.png\"><img loading=\"lazy\" decoding=\"async\" class=\"size-medium wp-image-15974\" src=\"https:\/\/www.cilip.de\/wp-content\/uploads\/2019\/11\/Frontex_JO_Albanien-250x117.png\" alt=\"\" width=\"250\" height=\"117\" \/><\/a><figcaption id=\"caption-attachment-15974\" class=\"wp-caption-text\">Ziele der Frontex-Mission in Albanien (<a href=\"https:\/\/frontex.europa.eu\/assets\/Images_News\/2019\/FactsheetAlbania.pdf\">Frontex<\/a>).<\/figcaption><\/figure>\n<p>Gem\u00e4\u00df dem Einsatzplan, der laut Frontex mit der Regierung Griechenlands abgesprochen ist, findet die Operation entlang der gesamten \u201egr\u00fcnen\u201c Grenze statt und umfasst neben der Grenz\u00fcberwachung in den Abschnitten Sopik, \u00c7ar\u00e7ov\u00eb, Leskovik, Shtik\u00eb, Kapshtic\u00eb und Livadhja auch die Grenzkontrolle an den albanisch-griechischen \u00dcbergangsstellen Kakavija, Tre Urat (\u00c7ar\u00e7ov\u00eb), Kapshtic\u00eb, Rips und Qafe Bote. F\u00fcr die Koordinierung des Einsatzes hat Frontex Unterst\u00fctzungsb\u00fcros in den Orten Gjirokaster, Kakavija und Kapshtic\u00eb eingerichtet.<\/p>\n<p>Mittlerweile ist die Operation, die mit 50 EU-Beamt*innen begann, auf 66 Einsatzkr\u00e4fte angewachsen. Ein Sechstel stammt von der deutschen Bundespolizei, die auch sechs von derzeit zw\u00f6lf eingesetzten Streifenfahrzeugen mitgebracht hat. Neben der operativen Grenzkontrolle sind in Albanien auch Ausbildungsma\u00dfnahmen geplant. Die Operation soll au\u00dferdem den Austausch von operativen Informationen und \u201ebew\u00e4hrten Verfahren\u201c erleichtern.<\/p>\n<h4>Keine albanischen Menschenrechtsgruppen eingebunden<\/h4>\n<p>Ab dem 4. Dezember gilt die neue Frontex-Verordnung. Die Grenzagentur <a href=\"https:\/\/www.cilip.de\/2019\/09\/30\/neue-frontex-verordnung-aufruestung-der-festung-europa\/\">erh\u00e4lt mehr Kompetenzen und baut eine Grenztruppe mit 10.000 Einsatzkr\u00e4ften auf<\/a>. Die Ma\u00dfnahmen von Frontex werden unter anderem von einer Grundrechtebeauftragten beobachtet. Frontex hat au\u00dferdem ein <a href=\"https:\/\/frontex.europa.eu\/fundamental-rights\/consultative-forum\/general\/\">Konsultativforum<\/a> mit Nichtregierungsorganisationen eingerichtet, das die Agentur zur Vermeidung von Verst\u00f6\u00dfen beraten soll.<\/p>\n<p>F\u00fcr die \u201eGemeinsamen Operationen\u201c in Drittstaaten empfiehlt das Konsultativforum, dort t\u00e4tige Menschenrechtsgruppen in den Einsatzplan zu involvieren. Das deutsche Bundesinnenministerium, das elf Beamt*innen nach Albanien entsendet, hat von einer Einbindung albanischer Nichtregierungsorganisationen allerdings <a href=\"http:\/\/dipbt.bundestag.de\/doc\/btd\/19\/116\/1911678.pdf\">\u201ekeine Erkenntnisse\u201c<\/a>. Welche albanischen Organisationen hierf\u00fcr angefragt werden k\u00f6nnten, wei\u00df die Bundesregierung auch nicht.<\/p>\n<p><em>Beitragsbild: Beginn des Frontex-Einsatzes in Albanien (<a href=\"https:\/\/www.flickr.com\/photos\/133852281@N02\/47906692631\/\">Frontex<\/a>).<\/em><\/p>\n","protected":false},"excerpt":{"rendered":"<p>Nach Albanien und Montenegro hat die EU-Kommission ein Frontex-Statusabkommen mit Serbien geschlossen, Nordmazedonien und Bosnien-Herzegowina<\/p>\n","protected":false},"author":3,"featured_media":16029,"comment_status":"open","ping_status":"open","sticky":false,"template":"","format":"standard","meta":{"footnotes":""},"categories":[5],"tags":[193,323,639,857,969,1003,1280],"class_list":["post-15975","post","type-post","status-publish","format-standard","has-post-thumbnail","hentry","category-blog","tag-albanien","tag-bosnien-herzegowina","tag-frontex","tag-konsultativforum","tag-montenegro","tag-nordmazedonien","tag-serbien"],"_links":{"self":[{"href":"https:\/\/wp-dev.daten.cool\/index.php?rest_route=\/wp\/v2\/posts\/15975","targetHints":{"allow":["GET"]}}],"collection":[{"href":"https:\/\/wp-dev.daten.cool\/index.php?rest_route=\/wp\/v2\/posts"}],"about":[{"href":"https:\/\/wp-dev.daten.cool\/index.php?rest_route=\/wp\/v2\/types\/post"}],"author":[{"embeddable":true,"href":"https:\/\/wp-dev.daten.cool\/index.php?rest_route=\/wp\/v2\/users\/3"}],"replies":[{"embeddable":true,"href":"https:\/\/wp-dev.daten.cool\/index.php?rest_route=%2Fwp%2Fv2%2Fcomments&post=15975"}],"version-history":[{"count":0,"href":"https:\/\/wp-dev.daten.cool\/index.php?rest_route=\/wp\/v2\/posts\/15975\/revisions"}],"wp:featuredmedia":[{"embeddable":true,"href":"https:\/\/wp-dev.daten.cool\/index.php?rest_route=\/wp\/v2\/media\/16029"}],"wp:attachment":[{"href":"https:\/\/wp-dev.daten.cool\/index.php?rest_route=%2Fwp%2Fv2%2Fmedia&parent=15975"}],"wp:term":[{"taxonomy":"category","embeddable":true,"href":"https:\/\/wp-dev.daten.cool\/index.php?rest_route=%2Fwp%2Fv2%2Fcategories&post=15975"},{"taxonomy":"post_tag","embeddable":true,"href":"https:\/\/wp-dev.daten.cool\/index.php?rest_route=%2Fwp%2Fv2%2Ftags&post=15975"}],"curies":[{"name":"wp","href":"https:\/\/api.w.org\/{rel}","templated":true}]}}