{"id":16564,"date":"2020-04-03T18:26:05","date_gmt":"2020-04-03T18:26:05","guid":{"rendered":"https:\/\/www.cilip.de\/?p=16564"},"modified":"2020-04-03T18:26:05","modified_gmt":"2020-04-03T18:26:05","slug":"chronologie-maerz-2020","status":"publish","type":"post","link":"https:\/\/wp-dev.daten.cool\/?p=16564","title":{"rendered":"Chronologie M\u00e4rz 2020"},"content":{"rendered":"<h3>zusammengestellt von Otto Diederichs<\/h3>\n<p>2. M\u00e4rz: <b>Rechtsextremismus:<\/b> In Schleswig-Holstein, Niedersachsen und Hessen <a href=\"https:\/\/www.spiegel.de\/politik\/deutschland\/aryan-circle-germany-was-ueber-die-neonazi-gruppe-bekannt-ist-a-cf9231c4-5ede-4177-917b-192a6b9f9258\">durchsucht die Polizei die Wohnungen<\/a> von 12 Verd\u00e4chtigen der Mitte 2019 gegr\u00fcndeten rechtsextremistischen Gruppierung \u201eAryan Circle Germany\u201c wegen Bildung einer kriminellen Vereinigung. Beweismittel werden sichergestellt; <a href=\"https:\/\/www.spiegel.de\/politik\/deutschland\/schleswig-holstein-razzia-gegen-rechtsextreme-aryan-circle-germany-a-62b6976e-56e7-41d5-8ac2-72d46cac70ce\">laut Staatsanwaltschaft (StA)<\/a> liegen derzeit jedoch keine Hinweise zu geplanten Anschl\u00e4gen vor. Durch Presseberichte wird <a href=\"https:\/\/www.spiegel.de\/panorama\/justiz\/aryan-circle-razzia-goettinger-polizisten-vergassen-karton-mit-beweismitteln-a-f348090f-4d2f-43bf-965d-61797c2206aa\">am 6. M\u00e4rz<\/a> bekannt, dass die Polizei vor einer der Wohnungen den Karton mit den Beweismitteln vergessen hat; er ist seitdem verschwunden. <a href=\"https:\/\/www.spiegel.de\/panorama\/justiz\/berlin-prozess-gegen-neonazi-hendrik-moebus-wegen-volksverhetzung-a-9f2cd23f-a49e-46b9-91e5-3352c7e34b8c\">Am 9. M\u00e4rz<\/a> beginnt vor einem Berliner Amtsgericht (AG) der Prozess gegen einen Mann wegen Volksverhetzung und Verbreitung verfassungswidriger Kennzeichen. Er soll rechtsextremistische CDs und T-Shirts mit Nazi-Symbolen im Internet vertrieben haben. Einem Mitangeklagten wird der Druck der Shirts zur Last gelegt. Durch Presseberichte wird <a href=\"https:\/\/www.tagesspiegel.de\/berlin\/volkslehrer-aus-berlin-staatsanwaltschaft-erhebt-anklage-gegen-rechtsextremen-youtuber\/25643134.html\">am 14. M\u00e4rz<\/a> bekannt, dass die StA Berlin gegen einen rechtsextremen Youtuber Anklage wegen Zeigen des Hitlergru\u00dfes, Verharmlosung von Gr\u00e4ueltaten des Nationalsozialismus und anderer Delikte erhoben hat. Durch eine parlamentarische Anfrage der Linksfraktion im Bundestag wird <a href=\"https:\/\/www.morgenpost.de\/politik\/inland\/article228763885\/Weniger-Terror-Ermittlungen-gegen-Islamisten.html\">am 24. M\u00e4rz<\/a> bekannt, dass die Bundesanwaltschaft (BAW) im Jahr 2019 insgesamt 24 Ermittlungsverfahren im Bereich des Rechtsextremismus eingeleitet haben (2018: 6). Aus einer parlamentarischen Anfrage der FDP-Bundestagsfraktion geht <a href=\"https:\/\/www.tagesspiegel.de\/politik\/80-veroeffentlichungen-im-jahr-2019-rekordzahl-rechtsextremer-tontraeger-auf-dem-index\/25688932.html\">am 27. M\u00e4rz<\/a> hervor, dass 2019 insgesamt 80 rechtsextreme Tontr\u00e4ger als jugendgef\u00e4hrdend eingestuft und auf den Index gesetzt wurden (2018: 69).<!--more--><\/p>\n<p><b>Schleusungen:<\/b> In insgesamt sieben Bundesl\u00e4ndern mit Schwerpunkt Berlin <a href=\"https:\/\/www.morgenpost.de\/berlin\/article228601359\/Grossrazzia-gegen-vietnamesische-Schleuserbande-in-Berlin.html\">durchsucht die Bundespolizei (BPol) 30 Objekte<\/a> einer mutma\u00dflichen vietnamesischen kriminellen Gruppe; f\u00fcnf Personen werden festgenommen.<\/p>\n<p align=\"left\"><b>Fu\u00dfball:<\/b> In sechs St\u00e4dten in NRW <a href=\"https:\/\/www.nrz.de\/staedte\/oberhausen\/razzia-polizei-durchsucht-31-objekte-in-sechs-staedten-id228600019.html\">durchsucht die Polizei insgesamt 31 Objekte<\/a> von mutma\u00dflichen Fu\u00dfball-Hooligans. Hintergrund ist eine Massenschl\u00e4gerei, die Ende September 2019 in Oberhausen stattfand; zu Festnahmen kommt es nicht.<\/p>\n<p>3. M\u00e4rz: <b>Milit\u00e4rischer Abschirmdienst (MAD):<\/b> Aus Presseberichten auf Grundlage des MAD-Jahresbericht geht hervor, dass der Geheimdienst 2019 insgesamt 14 <a href=\"https:\/\/www.spiegel.de\/politik\/deutschland\/bundeswehr-militaerischer-abschirmdienst-stuft-14-mitarbeiter-als-extremisten-ein-a-0c387570-b393-4136-a06f-17c3e5507ae9\">Angeh\u00f6rige der Bundeswehr als Extremisten eingestuft<\/a> hat, darunter acht als Rechtsextremisten (Verdachtsf\u00e4lle: 592). <a href=\"https:\/\/www.spiegel.de\/politik\/deutschland\/bundeswehr-geheimdienst-mad-enttarnt-neun-rechtsextreme-soldaten-beim-ksk-a-72803ae1-72bb-4e04-90a7-b80993e1eeee\">Am 5. M\u00e4rz<\/a> teilt der MAD-Chef den Abgeordneten des Bundestages mit, dass sich bei neun von rund 20 Angeh\u00f6rigen des Kommandos Spezialkr\u00e4fte (KSK) ein Rechtsextremismusverdacht best\u00e4tigt habe. Einer sei bereits entlassen worden, zwei wurden versetzt und gegen drei ein Dienstverbot erlassen.<\/p>\n<p><b>Ermittlungen gegen <\/b><b>Polizeibeamt*<\/b><b>i<\/b><b>nnen<\/b><b>:<\/b> Durch Presseberichte wird bekannt, dass die Polizei in M\u00fcnchen (Bayern) aktuell gegen acht ihrer Beamten <a href=\"https:\/\/www.sueddeutsche.de\/muenchen\/muenchen-prozess-drogen-polizisten-1.4829582\">wegen Kokainmissbrauchs ermittelt<\/a>. Drei Beamte konnten identifiziert werden; insgesamt besteht gegen 20 Beamte ein Anfangsverdacht. Am <a href=\"https:\/\/www.spiegel.de\/panorama\/essen-frau-will-auf-der-wache-anzeige-erstatten-und-berichtet-von-polizeigewalt-a-607cd8f6-104e-45ce-9799-f1089d33b8dd\">4. M\u00e4rz<\/a> will eine Nigerianerin auf einer Polizeiwache in Essen (NRW) einen Diebstahl anzeigen. Dabei kommt es zu einem Streit zwischen den Beamt*innen und ihr und ihren Verwandten, sowie in der Folge zu K\u00f6rperverletzungen und rassistischen Beleidigungen. Einige der Begleitpersonen m\u00fcssen im Krankenhaus behandelt werden. Die Polizei weist die Rassismusvorw\u00fcrfe zur\u00fcck und nennt die ausge\u00fcbte Gewalt unn\u00f6tig. Gegen die beteiligten Beamt*innen wird ermittelt. Am <a href=\"https:\/\/www.sueddeutsche.de\/muenchen\/muenchen-polizeiskandal-usk-abschlussbericht-1.4832040\">5. M\u00e4rz<\/a> wird durch den Untersuchungsbericht des bayerischen Innenministeriums bekannt, dass gegen 15 Beamte des polizeilichen Unterst\u00fctzungskommando (USK) M\u00fcnchen (Bayern) ein Ermittlungsverfahren und ein Strafbefehl wegen Volksverhetzung eingeleitet wurden. 11 Beamte wurden zwangsversetzt, ein weiterer hatte die freiwillige Entlassung eingereicht. Die Beamten hatten in einer Chatgruppe u.a. rechte und antisemitische Videos ausgetauscht. Durch Presseberichte wird am <a href=\"https:\/\/www.spiegel.de\/panorama\/justiz\/offenburg-ermittlungen-gegen-polizeischueler-wegen-rechtsextremer-chatnachrichten-eingestellt-a-0990074d-7fbe-4501-ba55-3de06e9d1d19\">6. M\u00e4rz<\/a> bekannt, dass die StA die Ermittlungen gegen sieben baden-w\u00fcrttembergische Polizeisch\u00fcler wegen Austausch von rechtsextremen Botschaften in einer Chatgruppe eingestellt hat. Die StA Essen (NRW) ermittelt gegen einen Beamten der Polizei Gelsenkirchen (NRW) wegen Volksverhetzung. Dies wird am <a href=\"https:\/\/www.spiegel.de\/panorama\/justiz\/gelsenkirchen-polizist-soll-sich-in-sozialen-medien-volksverhetzend-geaeussert-haben-a-1a9de2eb-6c4c-400d-a6b5-5d57dc28a02f\">10. M\u00e4rz<\/a> durch Presseberichte bekannt. Dem Mann wird vorgeworfen, im Internet rechtsradikale Inhalte verbreitet zu haben. Die Polizei hat ein Straf- und ein Disziplinarverfahren eingeleitet. Durch Presseberichte wird <a href=\"https:\/\/www.morgenpost.de\/berlin\/polizeibericht\/article228667563\/Berlin-Spandau-14-Kilogramm-Marihuana-im-Kofferraum-entdeckt.html\">am 11. M\u00e4rz<\/a> bekannt, dass das Landeskriminalamt (LKA) Berlin gegen einen Polizei-Auszubildenden ermittelt, der in der Nacht zum 2. M\u00e4rz vor einem Lokal mit einer Schreckschusspistole herum geschossen haben soll. Am <a href=\"https:\/\/www.spiegel.de\/panorama\/justiz\/leipzig-connewitz-verdacht-auf-polizeigewalt-staatsanwaltschaft-ermittelt-a-cbe0abe6-f599-4ba1-8e32-73097cd28446\">13. M\u00e4rz<\/a> wird durch Presseberichte bekannt, dass die StA Leipzig (Sachsen) gegen unbekannte Polizeibeamt*innen wegen K\u00f6rperverletzung im Amt w\u00e4hrend der Silvesternacht ermittelt. Zwei Frauen hatten eine entsprechende Anzeige erstattet. <a href=\"https:\/\/www.spiegel.de\/panorama\/justiz\/recklinghausen-vermisster-junge-im-schrank-entdeckt-ermittlungen-gegen-polizistin-a-c9655ad1-e510-4304-bf21-ec221092cfe2\">Am 18. M\u00e4rz<\/a> wird durch Presseberichte bekannt, dass gegen eine Polizistin in NRW ein Disziplinar- und ein Ermittlungsverfahren laufen, weil sie einem Hinweis auf ein entf\u00fchrtes Kind nicht nachgegangen war und somit keine \u201eordnungsgem\u00e4\u00dfe kriminalfachliche Bearbeitung\u201c durchgef\u00fchrt hatte.<\/p>\n<p><b>Rechtsradikale <\/b><b>Polizist*innen: <\/b>Aus einer <a href=\"https:\/\/taz.de\/Rechtsextreme-in-Sicherheitsbehoerden\/!5666416\/\">Presseumfrage<\/a> geht hervor, dass die Bundesl\u00e4nder von etwa 90 F\u00e4llen von Rechtsradikalismus innerhalb der Polizei ausgehen (Berlin: 19; Hessen = 13; Mecklenburg-Vorpommern = 9; Sachsen = 6). Durch <a href=\"https:\/\/www.spiegel.de\/panorama\/justiz\/rechte-szene-uniter-mitbegruender-arbeitet-jetzt-bei-der-kriminalpolizei-a-00000000-0002-0001-0000-000169828670\">Presseberichte<\/a> wird bekannt, dass ein Mitarbeiter des rechten Vereins \u201eUniter\u201c bei der Kriminalpolizei in Baden-W\u00fcrttemberg arbeitet; zuvor war er beim Landesamt f\u00fcr Verfassungsschutz (LfV) besch\u00e4ftigt. \u201eUniter\u201c wird vom Bundesamt f\u00fcr Verfassungsschutz (BfV) als Pr\u00fcffall gef\u00fchrt.<\/p>\n<p><b>Prozess<\/b><b> gegen JVA-Mitarbeiter: <\/b>Vor dem Landgericht (LG) Berlin <a href=\"https:\/\/www.spiegel.de\/panorama\/justiz\/prozess-gegen-berliner-jva-beamten-drogen-und-handys-vom-wachmann-a-8c737c31-5eea-4ef5-a764-df191ae73b7d\">beginnt der Prozess<\/a> gegen einen rechtsradikalen Justizvollzugsbeamten, der Gefangene mit Handys, Drogen und Bargeld beliefert hatte. Er war im Juni 2019 ertappt worden. <a href=\"https:\/\/www.spiegel.de\/panorama\/justiz\/berlin-jva-beamter-zu-drei-jahren-und-drei-monaten-gefaengnis-verurteilt-a-5f090c15-133e-46e8-8c6b-70b5460a1a23\">Am 27. M\u00e4rz<\/a> verurteilt ihn das Gericht wegen schwerer Bestechlichkeit zu einer Haftstrafe von drei Jahren und drei Monaten.<\/p>\n<p>4. M\u00e4rz: <b>Polizei und Datenschutz: <\/b>Durch eine parlamentarische Anfrage der Linksfraktion im Landtag <a href=\"https:\/\/www.ndr.de\/nachrichten\/mecklenburg-vorpommern\/Datenmissbrauch-Erneut-Ermittlungen-bei-der-Polizei,polizei5768.html\">wird bekannt<\/a>, dass mindestens 10 Beamt*innen der Polizei Mecklenburg-Vorpommerns seit Anfang 2019 missbr\u00e4uchlich pers\u00f6nliche Daten von B\u00fcrgern abgerufen haben. Weitere Beamt*innen <a href=\"https:\/\/www.nordkurier.de\/mecklenburg-vorpommern\/mindestens-acht-weitere-unerlaubte-datenabfragen-der-polizei-0438613203.html\">stehen im Verdacht<\/a>.<\/p>\n<p>5. M\u00e4rz: <b>Terroranschlag auf Berliner Weihnachtsmarkt:<\/b> Der Untersuchungsausschuss des Berliner Abgeordnetenhaus <a href=\"https:\/\/www.welt.de\/politik\/deutschland\/article206327255\/Anschlag-am-Breitscheidplatz-Polizei-Einsatz-abseits-des-Protokolls.html\">vernimmt zwei LKA-Beamte<\/a>, deren Einsatz vor der Moschee, in der der Attent\u00e4ter Anis Amri kurz vor dem Anschlag aufgetaucht war, nicht in den offiziellen Akten nicht auftaucht. <a href=\"https:\/\/www.spiegel.de\/panorama\/justiz\/berlin-anschlag-ex-v-mann-erhebt-schwere-vorwuerfe-gegen-behoerden-im-fall-anis-amri-a-6b6d5e41-8358-441b-b904-a18c4e241967\">In der Presse<\/a> erhebt ein fr\u00fcherer V-Mann der Polizei NRW schwere Vorw\u00fcrfe: Er habe mehrfach vor Amri gewarnt, dies sei jedoch ignoriert worden. <a href=\"https:\/\/www.morgenpost.de\/berlin\/article228670051\/Untersuchungsausschuss-befragt-Wegbegleiter-von-Amri.html\">Am 12. M\u00e4rz<\/a> soll der V-Mann vor dem Untersuchungsausschuss des Bundestages aussagen. Vor dem Untersuchungsausschuss des Berliner Abgeordnetenhauses sagt am 14. M\u00e4rz der Leiter der polizeilichen \u201eNachbereitungskommission\u201c aus, die nach dem Anschlag eingerichtet worden war. <a href=\"https:\/\/www.morgenpost.de\/berlin\/article228693387\/Anschlag-auf-dem-Breitscheidplatz-Die-Nacht-der-Pannen.html\">Er berichtet<\/a> \u00fcber eine ganze Reihe von Pannen und Fehlern, die vor, w\u00e4hrend und nach dem Terroranschlag gemacht worden waren.<\/p>\n<p align=\"left\"><b>Prozess<\/b><b>e<\/b><b> gegen Polizis<\/b><b>t*i<\/b><b>nn<\/b><b>en: <\/b>Durch <a href=\"https:\/\/www.sueddeutsche.de\/muenchen\/muenchen-polizeiskandal-usk-abschlussbericht-1.4832040\">Presseberichte<\/a> wird bekannt, das ein Beamter des M\u00fcnchner USK wegen Volksverhetzung zu einer Geldstrafe von 3.500 EUR verurteilt wurde. Er hatte ein antisemitisches Video verschickt. Ein zweiter Fall wurde eingestellt.<\/p>\n<p align=\"left\">6. M\u00e4rz: <b>Dschihadist*<\/b><b>i<\/b><b>nn<\/b><b>en-Prozesse:<\/b> Vor dem Oberlandesgericht (OLG) D\u00fcsseldorf (NRW) <a href=\"https:\/\/www.faz.net\/aktuell\/politik\/inland\/kinder-zum-is-verschleppt-prozess-gegen-mutter-carla-josephine-s-16666972.html\">beginnt der Prozess<\/a> gegen eine deutsche Konvertitin wegen Mitgliedschaft in der Terrororganisation \u201eIslamischer Staat\u201c (IS),sie ist gest\u00e4ndig. Vor dem OLG Frankfurt\/M. (Hessen) wird <a href=\"https:\/\/www.fr.de\/frankfurt\/prozess-gegen-mutmasslichen-is-terroristen-frankfurt-zeugen-sagen-13594752.html\">gegen einen ehemaligen IS-K\u00e4mpfer prozessiert<\/a>, dessen Ehefrau als Hauptzeugin des Prozesses gilt. Sie steht unter Zeugenschutz. <a href=\"https:\/\/www.faz.net\/aktuell\/politik\/inland\/anklage-gegen-witwe-von-is-dschihadist-cuspert-erhoben-16681377.html\">Am 16. M\u00e4rz<\/a> erhebt die BAW Anklage gegen eine Deutsch-Tunesierin vor dem OLG Hamburg wegen Mitgliedschaft im IS. Die Frau war im Herbst 2016 nach Deutschland zur\u00fcckgekehrt. Der Bundesgerichtshof (BGH) <a href=\"https:\/\/www.faz.net\/aktuell\/politik\/inland\/abu-walaa-prozess-mitangeklagter-legt-gestaendnis-ab-16683046.html\">entscheidet am 17. M\u00e4rz<\/a> dass die Verteidiger in einem IS-Prozess ihr Mandat nicht niederlegen d\u00fcrfen, weil ihr Mandant \u00fcberraschend ein Gest\u00e4ndnis abgelegt hat. <a href=\"https:\/\/www.spiegel.de\/politik\/deutschland\/hamburger-islamist-zu-mehrjaehriger-haftstrafe-verurteilt-a-73258fcb-a0fe-4bf9-9535-95f5ae0d0192\">Am 19. M\u00e4rz<\/a> verurteilt das OLG Hamburg einen Mann wegen IS-Mitgliedschaft zu einer dreieinhalbj\u00e4hrigen Haftstrafe. Am 26. M\u00e4rz verurteilt das OLG D\u00fcsseldorf (NRW) einen islamistischen Tunesier wegen Herstellung einer biologischen Waffe und Vorbereitung einer schweren staatsgef\u00e4hrdenden Straftat zu 10 Jahren Haft. Der Mann hatte in K\u00f6ln (NRW) eine Rizin-Bombe z\u00fcnden wollen. Das Verfahren gegen seine Frau <a href=\"https:\/\/www.spiegel.de\/panorama\/justiz\/koeln-zehn-jahre-haft-fuer-islamistischen-rizin-bombenbauer-a-a33f4f43-a2bf-47ee-bc0a-80f66d089111\">wurde abgetrennt<\/a>.<\/p>\n<p><b>Demonstrationen gegen Rechts: <\/b>In M\u00fcnchen (Bayern) <a href=\"https:\/\/www.sueddeutsche.de\/muenchen\/muenchen-demonstration-kommunalwahl-afd-1.4835537\">demonstrieren 5.500 Menschen<\/a> gegen Rechts und warnen davor, bei den anstehenden Kommunalwahlen die \u201eAlternative f\u00fcr Deutschland\u201c (AfD) zu w\u00e4hlen.<\/p>\n<p>7. M\u00e4rz: <b>Antisemitismus:<\/b> In Berlin wird eine Hauswand mit antisemitischen Spr\u00fcchen und <a href=\"https:\/\/www.tagesspiegel.de\/berlin\/polizei-justiz\/nahe-charlottenburger-synagoge-antisemitische-schmiererei-an-hauswand\/25621880.html\">rechtsradikalen Symbolen bespr\u00fcht<\/a>.<\/p>\n<p>8. M\u00e4rz: <b>Homophobe Handlungen:<\/b> An einer Bushaltestelle in Berlin <a href=\"https:\/\/www.morgenpost.de\/berlin\/polizeibericht\/article228649551\/Polizei-Feuerwehr-Berlin-Blaulicht-Unfall-Verbrechen-Kriminalitaet.html\">greift ein Mann eine Transfrau mit einem Metallrohr an<\/a> und verletzt sie. Er fl\u00fcchtet, wird jedoch wenig sp\u00e4ter in Tatortn\u00e4he festgenommen.<\/p>\n<p align=\"left\"><b>Rechtsradikal<\/b><b>ismus<\/b><b>:<\/b> In Berlin <a href=\"https:\/\/www.morgenpost.de\/berlin\/polizeibericht\/article228649551\/Polizei-Feuerwehr-Berlin-Blaulicht-Unfall-Verbrechen-Kriminalitaet.html\">zeigt ein Mann der Frauentags-Demonstration den Hitlergru\u00df<\/a>. Die Polizei nimmt die Personalien auf. Durch eine parlamentarische Anfrage der Links-Fraktion im Bundestag <a href=\"https:\/\/www.faz.net\/aktuell\/politik\/inland\/2019-weniger-aufmaersche-von-rechten-als-in-vorherigen-jahren-16689602.html\">wird am 21. M\u00e4rz bekannt<\/a>, dass es 2019 bundesweit zu 124 rechtsradikalen Demonstrationen mit etwa 20.000 Teilnehmer*innen gekommen ist (2018: 195; ca. 32.000 \/ 2015: 590; ca. 100.000). Rechtsrock-Konzerte fanden 372 mit rund 22.232 Teilnehmer*innen statt (2018: 320; ca. 30.000 \/ 2015: 211; ca. 30.000).<\/p>\n<p>9. M\u00e4rz: <b>Polizeiliche Kriminalstatistik (PKS)<\/b> Laut der <a href=\"https:\/\/www.faz.net\/aktuell\/rhein-main\/frankfurter-polizei-hoechststand-bei-aufklaerungsquote-16670865.html\">vorgestellten PKS f\u00fcr Frankfurt\/M<\/a> (Hessen) ist die Zahl der registrierten Kriminalit\u00e4t im Jahr 2019 um 2,8% gesunken und liegt bei 114.421 F\u00e4llen (Mord, Totschlag: 78; Betrug: 34; Stra\u00dfenkriminalit\u00e4t: 15.829; Wohnungseinbr\u00fcche: 1.072; politisch motivierte Delikte: 460; Verbreitung von Pornografie: 94). In M\u00fcnchen (Bayern) stellt Innenminister Joachim Herrmann (CSU) <a href=\"https:\/\/www.sueddeutsche.de\/bayern\/bayern-kriminalstatistik-zahlen-2019-1.4837690\">die bayerische PKS vor<\/a>. Danach wurden im Bundesland 2019 insgesamt 567.961 F\u00e4lle registriert (Internetkriminalit\u00e4t: 29.717; Straftaten gegen sexuelle Selbstbestimmung: 9.050). <a href=\"https:\/\/www.faz.net\/aktuell\/rhein-main\/kriminalstatistik-wiesbaden-ist-eine-sichere-grossstadt-16678592\/verbotszone-in-der-16678675.html\">Die PKS f\u00fcr Wiesbaden<\/a> (Hessen) weist f\u00fcr 2019 insgesamt 20.121 registrierte Straftaten aus. Durch weitere <a href=\"https:\/\/www.spiegel.de\/panorama\/justiz\/kriminalstatistik-straftaten-auf-niedrigstem-stand-seit-1992-a-d28bcdc2-3cb8-469b-a535-ce35b41b766b\">Presseberichte<\/a> wird am 24. M\u00e4rz bekannt, dass die gesamtdeutsche PKS <a href=\"https:\/\/www.morgenpost.de\/vermischtes\/article228760695\/Zahl-der-Diebstaehle-auf-niedrigstem-Stand-seit-1987.html\">f\u00fcr das Jahr 2019<\/a> insgesamt 5,43 Mio. Straftaten verzeichnet (Diebst\u00e4hle: 1.822.212; Gewaltkriminalit\u00e4t: 185.377).<\/p>\n<p align=\"left\"><b>Rassistische<\/b><b> Angriffe:<\/b> In Dresden (Sachsen) ger\u00e4t in einer Stra\u00dfenbahn ein Mann mit zwei Syrern in Streit, wobei er sie auch rassistisch beschimpft. Als ein Libyer der Streit schlichten will, <a href=\"https:\/\/www.welt.de\/vermischtes\/article206485271\/Dresden-Mann-nach-mutmasslich-rassistischem-Messerangriff-in-U-Haft.html\">sticht ihm der Mann mit einem Messer in den Hals<\/a>. Er wird in Untersuchungshaft genommen. <a href=\"https:\/\/www.morgenpost.de\/berlin\/polizeibericht\/article228702485\/Blaulicht-Blog-Auto-geraet-in-Gegenverkehr-zwei-verletzte-Motorradfahrer.html\">Am 15. M\u00e4rz<\/a> beleidigt in einem Berliner Bus eine Frau und ihre kleine Tochter rassistisch und bedroht sie mit einem Messer.<\/p>\n<p>10. M\u00e4rz: <b>Organisierte Kriminalit\u00e4t <\/b><b>(OK)<\/b><b>:<\/b> In einer gemeinsamen Aktion <a href=\"https:\/\/www.morgenpost.de\/berlin\/polizeibericht\/article228660593\/Zoll-und-LKA-finden-2-5-Tonnen-illegalen-Shisha-Tabak.html\">durchsuchen Beamt*innen von Polizei und Zoll<\/a> f\u00fcnf Objekte in Berlin und beschlagnahmen insgesamt 2,5 Tonnen illegalen Shisha-Tabak.<\/p>\n<p><b>Private Sicherheitsdienste:<\/b> Aus einer parlamentarische Anfrage der Linksfraktion im Bundestag <a href=\"https:\/\/www.tagesspiegel.de\/politik\/bundeswehr-schuetzt-sich-nicht-mehr-selbst-private-wachleute-vor-kasernen-kosten-jaehrlich-430-millionen-euro\/25625904.html\">geht hervor<\/a>, dass der Schutz der deutschen Bundeswehrkasernen durch private Wachdienste im Jahr 2019 insgesamt 431,6 Mio. EUR kostete (2014: 238,6 Mio. EUR).<\/p>\n<p>12. M\u00e4rz: <b>Alternative f\u00fcr Deutschland (AfD):<\/b> Das BfV stuft den Anfang 2019 als Verdachtsfall eingestuften rechtsnationalen \u201eFl\u00fcgel\u201c der AfD <a href=\"https:\/\/www.spiegel.de\/politik\/deutschland\/afd-verfassungsschutz-stuft-fluegel-als-beobachtungsfall-ein-a-1436d2da-ded7-4c62-9209-3ab648d104cf\">zum Beobachtungsobjekt hoch<\/a>. <a href=\"https:\/\/www.spiegel.de\/politik\/deutschland\/bjoern-hoeckes-thueringer-afd-landesverband-als-verdachtsfall-eingestuft-a-d6b02007-97c1-4d17-8180-975ef67828b5\">Am gleichen Tag<\/a> erkl\u00e4rt das LfV Th\u00fcringen den gesamten Th\u00fcringer AfD-Landesverband zum Verdachtsfall. <a href=\"https:\/\/www.spiegel.de\/politik\/deutschland\/wolfgang-gedeon-antisemit-wird-aus-der-afd-ausgeschlossen-a-136b111c-c261-405e-9bda-28bab8e3e9a2\">Am 20. M\u00e4rz<\/a> schlie\u00dft das Bundesschiedsgericht der AfD den baden-w\u00fcrttembergischen Landtagsabgeordneten Wolfgang Gedeon wegen \u201eVerst\u00f6\u00dfen gegen die Grunds\u00e4tze der AfD\u201c aus der Partei aus. <a href=\"https:\/\/www.faz.net\/aktuell\/politik\/inland\/afd-schiedsgericht-wirft-abgeordneten-wolfgang-gedeon-16688048.html\">Der Antisemit Gedeon<\/a> hatte die dortige Fraktion schon 2016 verlassen m\u00fcssen und ist seither fraktionslos. Am gleichen Tag erkl\u00e4rt der AfD-Bundesvorstand seine Erwartung, dass sich der \u201eFl\u00fcgel\u201c aufl\u00f6st. <a href=\"https:\/\/www.welt.de\/politik\/deutschland\/article206707887\/Hoecke-gibt-nach-Rechtsextremer-Fluegel-der-AfD-aufgeloest.html\">Am 21. M\u00e4rz<\/a> beschlie\u00dft der \u201eFl\u00fcgel\u201c daraufhin seine formelle Aufl\u00f6sung. <a href=\"https:\/\/www.spiegel.de\/politik\/deutschland\/afd-bjoern-hoecke-erringt-erfolg-vor-gericht-a-56ff4177-bcb1-47d7-a78d-bb0fcbf48467\">Am 23. M\u00e4rz<\/a> untersagt das LG Hamburg dem Berliner FDP-Fraktionschef, den Th\u00fcringer AfD-Abgeordneten Bj\u00f6rn H\u00f6cke einen Faschisten zu nennen. <a href=\"https:\/\/www.spiegel.de\/politik\/deutschland\/afd-andreas-kalbitz-und-bjoern-hoecke-rufen-offiziell-zur-fluegel-aufloesung-auf-a-bfa6c908-deed-46c9-a75a-9c1e538f6618\">Am 26. M\u00e4rz<\/a> wird der \u201eFl\u00fcgel\u201c offiziell aufgel\u00f6st, der \u201epolitische Einsatz\u201c gehe jedoch weiter.<\/p>\n<p>\u201e<b>Revolution Chemnitz\u201c:<\/b> Im Prozess gegen die mutma\u00dfliche rechtsextreme Terrorgruppe vor dem OLG Dresden (Sachsen) <a href=\"https:\/\/www.faz.net\/aktuell\/politik\/inland\/hohe-haftstrafen-gegen-revolution-chemnitz-gefordert-16676347.html\">fordert die BAW hohe Haftstrafen f\u00fcr die acht Angeklagten<\/a>. <a href=\"https:\/\/www.spiegel.de\/panorama\/justiz\/haftstrafen-im-prozess-um-revolution-chemnitz-verhaengt-a-450a89fd-4558-4e9e-b933-798bbd993cfa\">Am 24. M\u00e4rz<\/a> verurteilt das OLG Sachsen die Angeklagten wegen Gr\u00fcndung und Mitgliedschaft in einer terroristischen Vereinigung zu Haftstrafen zwischen 2 Jahren und drei Monaten und f\u00fcnfeinhalb Jahren.<\/p>\n<p align=\"left\"><b>Sammelabschiebung:<\/b> In Kabul <a href=\"https:\/\/www.tagesspiegel.de\/politik\/33-sammelabschiebung-nach-afghanistan-deutschland-fliegt-39-maenner-nach-kabul\/25636414.html\">landet ein Flug mit 39 abgeschobenen Afghanen<\/a>. Es ist der 33. Abschiebeflug aus Deutschland.<\/p>\n<p>\u201e<b>Reichsb\u00fcrger\u201c:<\/b> Das Verwaltungsgericht (VG) Darmstadt (Hessen) entzieht einem, als \u201eReichsb\u00fcrger\u201c eingestuften Mann, <a href=\"https:\/\/www.faz.net\/aktuell\/gesellschaft\/kriminalitaet\/keine-waffen-fuer-reichsbuerger-16676876.html\">den Waffenschein<\/a>. Am 16. M\u00e4rz teilt der hessische Innenminister Peter Beuth (CDU) mit, dass seit 2017 \u201eReichsb\u00fcrgern\u201c in Hessen insgesamt 304 Schusswaffen entzogen wurden. <a href=\"https:\/\/www.faz.net\/aktuell\/gesellschaft\/kriminalitaet\/reichsbuerger-in-hessen-scharfe-waffen-werden-eingezogen-16682282.html\">Laut LfV<\/a> gibt es in dem Bundesland etwa 1.000 \u201eReichsb\u00fcrger\u201c. <a href=\"https:\/\/www.sueddeutsche.de\/politik\/reichsbuerger-seehofer-1.4850716\">Am 19. M\u00e4rz<\/a> verbietet Bundesinnenminister Horst Seehofer \/CSU) die \u201eReichsb\u00fcrger\u201c-Gruppierung \u201eGeeinte deutsche V\u00f6lker und St\u00e4mme\u201c; in 10 Bundesl\u00e4ndern finden Hausdurchsuchungen statt. Dabei werden auch abges\u00e4gte Schrotflinten, Armbr\u00fcste <a href=\"https:\/\/www.spiegel.de\/panorama\/justiz\/reichsbuerger-razzia-ermittler-finden-drei-abgesaegte-schrotflinten-a-21a93cc1-3816-4406-9416-c9ecce11559e\">und andere Waffen sichergestellt<\/a>.<\/p>\n<p><b>\u00dcberwachungskameras:<\/b> Das VG K\u00f6ln (NRW) <a href=\"https:\/\/www.juris.de\/jportal\/portal\/t\/1efw\/page\/homerl.psml?nid=jnachr-JUNA200300627&amp;cmsuri=%2Fjuris%2Fde%2Fnachrichten%2Fzeigenachricht.jsp\">entscheidet<\/a>, dass die Polizei \u00f6ffentliche Kameras zur Stra\u00dfen\u00fcberwachung f\u00fcr die Dauer von Demonstrationen und Versammlungen verh\u00fcllen muss. Allein deren Pr\u00e4senz k\u00f6nne auf Teilnehmer*innen eine einsch\u00fcchternde und abschreckende Wirkung haben. Gegen das Urteil ist Beschwerde m\u00f6glich (Az: 20L 453\/20). Am 13. M\u00e4rz best\u00e4tigt das OVG das Urteil (<a href=\"https:\/\/www.ovg.nrw.de\/behoerde\/presse\/pressemitteilungen\/19_200313\/index.php\">Az: 15 B 332\/20<\/a>).<\/p>\n<p><b>Angriffe auf Polizist*innen:<\/b> In Berlin wird die Polizei alarmiert, weil ein Mann seine Frau misshandelt. Als die Beamt*innen die Wohnung betreten, werden sie sofort <a href=\"https:\/\/www.morgenpost.de\/berlin\/polizeibericht\/article228685285\/Polizei-Feuerwehr-Berlin-Auto-prallt-in-Tiergarten-gegen-Laterne.html\">von dem Mann angegriffen<\/a>. Zwei Beamt*innen werden verletzt. Als die Polizei in Berlin <a href=\"https:\/\/www.tagesspiegel.de\/berlin\/polizei-justiz\/aktuelle-polizeimeldungen-aus-berlin-jugendlicher-attackiert-und-verletzt-polizisten-joints-gefunden\/25616846.html\">am 21. M\u00e4rz<\/a> eine Gruppe gr\u00f6lender junger M\u00e4nner kontrollieren will, werden sie von einem von Ihnen angegriffen und getreten. <a href=\"https:\/\/www.morgenpost.de\/article228747239\/Blaulicht-Blog-Mann-schiesst-mit-Waffe-aus-Fenster-SEK.html\">Ebenfalls am 21. M\u00e4rz<\/a> f\u00e4hrt in Berlin ein Autofahrer, der kontrolliert werden soll, auf einen Polizisten zu und f\u00e4hrt ihm \u00fcber den Fu\u00df; der Beamte muss ambulant behandelt werden. <a href=\"https:\/\/www.morgenpost.de\/article228769465\/Berlin-Karow-Mann-attackiert-Polizisten-mit-Holzlatte.html\">Am 24. M\u00e4rz<\/a> verw\u00fcstet in Berlin ein Mann den Innenraum einer Kirche und greift die alarmierten Polizist*innen mit einer Holzlatte an; sie bleiben unverletzt.<\/p>\n<p>20. M\u00e4rz: <b>Kriminelle Polizist*innen:<\/b> Durch <a href=\"https:\/\/www.spiegel.de\/panorama\/justiz\/thueringen-polizisten-sollen-frau-in-gewahrsam-vergewaltigt-und-gefilmt-haben-a-3be143a9-ddca-4734-a4fd-2c93ef9bf958\">Presseberichte<\/a> wird bekannt, dass in Th\u00fcringen zwei Polizeibeamte wegen des Verdachts der Vergewaltigung im Dienst verhaftet wurden. Sie sollen eine Polin mit gef\u00e4lschtem Pass in deren Wohnung vergewaltigt, dies gefilmt und das dazu benutzte Handy sp\u00e4ter in einen Bach geworfen haben. Die Aufnahmen konnten jedoch rekonstruiert werden.<\/p>\n<p>22. M\u00e4rz: <b>L<\/b><b>inker Aktivismus:<\/b> In Berlin <a href=\"https:\/\/www.tagesspiegel.de\/berlin\/fahndungsplakate-mit-zivilbeamten-wie-linksextreme-in-berlin-jagd-auf-polizisten-machen\/25691338.html\">entdeckt die Polizei<\/a> Plakate der linksradikalen Szene, auf denen 16 \u201eszenekundige\u201c Staatsschutzbeamt*innen und aus Spezialeinheiten zur &#8222;Fahndung&#8220; ausschrieben sind. Durch eine parlamentarische Anfrage der Linksfraktion im Bundestag wird <a href=\"https:\/\/www.morgenpost.de\/politik\/inland\/article228763885\/Weniger-Terror-Ermittlungen-gegen-Islamisten.html\">am 24. M\u00e4rz<\/a> bekannt, dass die BAW im Jahr 2019 insgesamt sechs Ermittlungsverfahren im Bereich des &#8222;Linksextremismus&#8220; eingeleitet hat (2018: 2).<\/p>\n<p>23. M\u00e4rz: <b>Spionage:<\/b> Das OLG Koblenz (Rheinland-Pfalz) <a href=\"https:\/\/www.welt.de\/politik\/deutschland\/article206756997\/Bundeswehr-Knapp-sieben-Jahre-Haft-wegen-Spionage-fuer-den-Iran.html\">verurteilt einen \u00dcbersetzer der Bundeswehr<\/a> wegen Spionage f\u00fcr den Iran zu einer knapp siebenj\u00e4hrigen Haftstrafe. Seine Ehefrau erh\u00e4lt eine zehnmonatige Bew\u00e4hrungsstrafe.<\/p>\n<p>24. M\u00e4rz: <b>Ermittlungen gegen Dschihadist*<\/b><b>i<\/b><b>nn<\/b><b>en:<\/b> Durch eine parlamentarische Anfrage der Linksfraktion im Bundestag <a href=\"https:\/\/www.morgenpost.de\/politik\/inland\/article228763885\/Weniger-Terror-Ermittlungen-gegen-Islamisten.html\">wird bekannt<\/a>, dass die BAW 2019 insgesamt 161 Ermittlungsverfahren mit Bezug zum IS eingeleitet haben (2018: 132).<\/p>\n<p align=\"left\">25. M\u00e4rz: <b>Rechtsextremer Mordanschlag:<\/b> Durch <a href=\"https:\/\/www.morgenpost.de\/politik\/inland\/article228775133\/Mutmasslichem-Luebcke-Moerder-Anklage-wegen-zweiter-Bluttat.html\">Presseberichte<\/a> wird bekannt, dass bei dem M\u00f6rder des Kasseler Regierungspr\u00e4sidenten Walter L\u00fcbcke ein Messer gefunden wurde, mit dem 2016 in Lohfelden (Hessen) ein irakischer Asylbewerber niedergestochen worden war.<\/p>\n<p align=\"left\">27. M\u00e4rz: <b>Rechtsradikale und rassistische Angriffe auf Fl\u00fcchtlinge:<\/b> Aus einer parlamentarischen Anfrage der Linksfraktion im Bundestag <a href=\"https:\/\/www.faz.net\/aktuell\/politik\/inland\/mehr-als-1700-straftaten-gegen-migranten-16698912.html\">geht hervor<\/a>, dass im vergangenen Jahr insgesamt 1.620 Angriffe auf Fl\u00fcchtlinge verzeichnet wurden (2018: 1.775). 229 Menschen wurden dabei verletzt.<\/p>\n<p align=\"left\"><b>Rechtsradikale und rassistische Angriffe auf<\/b><b> Fl\u00fcchtlingsheime:<\/b> Aus einer parlamentarischen Anfrage der Linksfraktion im Bundestag <a href=\"https:\/\/www.faz.net\/aktuell\/politik\/inland\/mehr-als-1700-straftaten-gegen-migranten-16698912.html\">geht hervor<\/a>, dass im vergangenen Jahr insgesamt 128 Angriffe auf Fl\u00fcchtlinge verzeichnet wurden (2018: 173).<\/p>\n<p align=\"left\">30. M\u00e4rz: <b>Datenschutz:<\/b> Durch eine parlamentarische Anfrage der FDP-Fraktion im Berliner Abgeordnetenhaus <a href=\"https:\/\/www.morgenpost.de\/berlin\/article228802349\/Mehr-als-14-7-Millionen-Euro-Bussgeld-wegen-DSGVO-Verstoessen.html\">wird bekannt<\/a>, dass die Berliner Datenschutzbeauftragte im vergangenen Jahr gegen Unternehmen insgesamt 45 Bu\u00dfgelder in H\u00f6he von rund 14,7 Mio. EUR wegen Verst\u00f6\u00dfen gegen den Datenschutz verh\u00e4ngt hat. Eingegangen sind bisher jedoch nur 201.800 EUR.<\/p>\n<h3 align=\"left\">Beitragsbild: Bastelbogen der Polizei NRW (<a href=\"https:\/\/paderborn.polizei.nrw\/sites\/default\/files\/2020-03\/Bastelbogen%20Streifenwagen%20BMW.pdf\">Polizei Paderborn<\/a>).<\/h3>\n","protected":false},"excerpt":{"rendered":"<p>zusammengestellt von Otto Diederichs 2. M\u00e4rz: Rechtsextremismus: In Schleswig-Holstein, Niedersachsen und Hessen durchsucht die Polizei<\/p>\n","protected":false},"author":2,"featured_media":16580,"comment_status":"open","ping_status":"open","sticky":false,"template":"","format":"standard","meta":{"footnotes":""},"categories":[6],"tags":[820,1094,1186,1195,1216],"class_list":["post-16564","post","type-post","status-publish","format-standard","has-post-thumbnail","hentry","category-chronologien","tag-justiz","tag-polizei","tag-rassismus","tag-rechtsextremismus","tag-repression"],"_links":{"self":[{"href":"https:\/\/wp-dev.daten.cool\/index.php?rest_route=\/wp\/v2\/posts\/16564","targetHints":{"allow":["GET"]}}],"collection":[{"href":"https:\/\/wp-dev.daten.cool\/index.php?rest_route=\/wp\/v2\/posts"}],"about":[{"href":"https:\/\/wp-dev.daten.cool\/index.php?rest_route=\/wp\/v2\/types\/post"}],"author":[{"embeddable":true,"href":"https:\/\/wp-dev.daten.cool\/index.php?rest_route=\/wp\/v2\/users\/2"}],"replies":[{"embeddable":true,"href":"https:\/\/wp-dev.daten.cool\/index.php?rest_route=%2Fwp%2Fv2%2Fcomments&post=16564"}],"version-history":[{"count":0,"href":"https:\/\/wp-dev.daten.cool\/index.php?rest_route=\/wp\/v2\/posts\/16564\/revisions"}],"wp:featuredmedia":[{"embeddable":true,"href":"https:\/\/wp-dev.daten.cool\/index.php?rest_route=\/wp\/v2\/media\/16580"}],"wp:attachment":[{"href":"https:\/\/wp-dev.daten.cool\/index.php?rest_route=%2Fwp%2Fv2%2Fmedia&parent=16564"}],"wp:term":[{"taxonomy":"category","embeddable":true,"href":"https:\/\/wp-dev.daten.cool\/index.php?rest_route=%2Fwp%2Fv2%2Fcategories&post=16564"},{"taxonomy":"post_tag","embeddable":true,"href":"https:\/\/wp-dev.daten.cool\/index.php?rest_route=%2Fwp%2Fv2%2Ftags&post=16564"}],"curies":[{"name":"wp","href":"https:\/\/api.w.org\/{rel}","templated":true}]}}