{"id":16976,"date":"2020-02-26T15:43:59","date_gmt":"2020-02-26T15:43:59","guid":{"rendered":"https:\/\/www.cilip.de\/?p=16976"},"modified":"2020-02-26T15:43:59","modified_gmt":"2020-02-26T15:43:59","slug":"schwieriger-start-der-europaeischen-staatsanwaltschaft","status":"publish","type":"post","link":"https:\/\/wp-dev.daten.cool\/?p=16976","title":{"rendered":"Schwieriger Start der Europ\u00e4ischen Staatsanwaltschaft"},"content":{"rendered":"<p>Am 16. Oktober haben der EU-Parlamentspr\u00e4sident und die Fraktionsvorsitzenden die Rum\u00e4nin Laura Codruta K\u00f6vesi als erste Generalstaatsanw\u00e4ltin der Europ\u00e4ischen Union f\u00f6rmlich best\u00e4tigt.<a href=\"#_ftn1\" name=\"_ftnref1\">[1]<\/a> Sie leitet nun die neue Europ\u00e4ische Staatsanwaltschaft (EUStA), die ab November 2020 eigene Ermittlungen anstellen darf.<a href=\"#_ftn2\" name=\"_ftnref2\">[2]<\/a> Diese sind zun\u00e4chst auf Straftaten zulasten des EU-Haushaltes beschr\u00e4nkt, darunter Betrug, Korruption, grenz\u00fcberschreitender Mehrwertsteuerbetrug ab einer Schadensh\u00f6he von 10 Mio. Euro. Die EUStA kann au\u00dferdem Strafverfolgungsma\u00dfnahmen ergreifen und vor den zust\u00e4ndigen Gerichten der Mitgliedstaaten die Aufgaben der Staatsanwaltschaft wahrnehmen. Derzeit beteiligen sich 22 Mitgliedstaaten an der EUStA.<!--more--><\/p>\n<p>K\u00f6vesi rechnet mit zun\u00e4chst 3.000 F\u00e4llen aus den Mitgliedstaaten, jedes Jahr k\u00f6nnten dann rund 2.000 weitere hinzukommen.<a href=\"#_ftn3\" name=\"_ftnref3\">[3]<\/a> Weil derzeit nur 29 Mitarbeiter*innen eingestellt worden sind, bef\u00fcrchtet die Generalstaatsanw\u00e4ltin einen schleppenden Start der EUStA. Zudem muss das Kollegium der aus den beteiligten Mitgliedstaaten entsandten Europ\u00e4ischen Staatsanw\u00e4lt*innen noch gebildet werden. Erst wenn dieses vollst\u00e4ndig ist, k\u00f6nnen Kooperationsvertr\u00e4ge mit Agenturen wie Eurojust oder Europol geschlossen werden. In jedem Mitgliedstaat werden au\u00dferdem \u201eDelegierte Europ\u00e4ische Staatsanw\u00e4lte\u201c bestimmt. Deren Zahl stuft K\u00f6vesi als zu gering ein.<\/p>\n<p>K\u00f6vesis Ernennung war lange umstritten. Die Abgeordneten hatten sie neben dem Franzosen Jean-Fran\u00e7ois Bohnert und dem Deutschen Andr\u00e9s Ritter als bevorzugte Kandidatin vorgeschlagen, der zust\u00e4ndige Ausschuss f\u00fcr b\u00fcrgerliche Freiheiten (LIBE) nominierte sie schlie\u00dflich. Der Rat der EU-Justizminister favorisierte dagegen Bohnert. Erst im September sprach sich die Mehrheit der EU-Mitgliedsstaaten f\u00fcr K\u00f6vesi aus. Rum\u00e4nien selbst lehnte ihre Ernennung bis zum Ende ab. K\u00f6vesi war Leiterin der rum\u00e4nischen Korruptionsbek\u00e4mpfungsbeh\u00f6rde und leitete dort mehr als 300 Ermittlungsverfahren gegen Minister*innen, Abgeordnete und Kommunalpolitiker*innen ein. Rum\u00e4nische Beh\u00f6rden ermittelten gegen K\u00f6vesi, zwei Disziplinarverfahren wurden allerdings eingestellt. Weitere Ermittlungen erfolgten ab Fr\u00fchjahr 2019 wegen des Vorwurfs der Korruption, diese wurden ebenfalls eingestellt. In einem neuen Sonderermittlungsausschuss wird nun abermals gegen K\u00f6vesi wegen Korruption, Amtsmissbrauch und Falschaussage ermittelt. Beobachter*in\u00adnen bewerten dies als eine Kampagne, die durch den vorbestraften Chef der regierenden Sozialdemokraten (PSD), Liviu Dragnea, gesteuert werde.<a href=\"#_ftn4\" name=\"_ftnref4\">[4]<\/a> Der Oberste Kassations- und Justizgerichtshof hatte Dragnea \u2013 wegen Korruption \u2013 zu drei Jahren und sechs Monaten Haft verurteilt.<\/p>\n<h6><a href=\"#_ftnref1\" name=\"_ftn1\">[1]<\/a> \u201eLaura Codru\u0163a K\u00f6vesi wird erste Europ\u00e4ische Generalstaatsanw\u00e4ltin\u201c, Pressemitteilung des Europ\u00e4ischen Parlaments v. 22.10.2019<\/h6>\n<h6><a href=\"#_ftnref2\" name=\"_ftn2\">[2]<\/a> vgl. Verordnung (EU) 2017\/1939, in: Amtsblatt der EU L 283 v. 31.10.2017<\/h6>\n<h6><a href=\"#_ftnref3\" name=\"_ftn3\">[3]<\/a> <a href=\"https:\/\/multimedia.europarl.europa.eu\/de\/libe-committee-meeting-establishment-of-european-public-prosecutor-office-presentation-of-state-of-p_20200206_EP-099756A_BBO_387_p\">https:\/\/multimedia.europarl.europa.eu\/de\/libe-committee-meeting-establishment-of-european-public-prosecutor-office-presentation-of-state-of-p_20200206_EP-099756A _BBO_370<\/a><\/h6>\n<h6><a href=\"#_ftnref4\" name=\"_ftn4\">[4]<\/a>\u00a0\u201eDie Gef\u00fcrchtete\u201c, S\u00fcddeutsche Zeitung v. 2.4.2019<\/h6>\n","protected":false},"excerpt":{"rendered":"<p>Am 16. Oktober haben der EU-Parlamentspr\u00e4sident und die Fraktionsvorsitzenden die Rum\u00e4nin Laura Codruta K\u00f6vesi als<\/p>\n","protected":false},"author":3,"featured_media":0,"comment_status":"open","ping_status":"open","sticky":false,"template":"","format":"standard","meta":{"footnotes":""},"categories":[125,145],"tags":[],"class_list":["post-16976","post","type-post","status-publish","format-standard","hentry","category-cilip-121","category-meldungen-europa"],"_links":{"self":[{"href":"https:\/\/wp-dev.daten.cool\/index.php?rest_route=\/wp\/v2\/posts\/16976","targetHints":{"allow":["GET"]}}],"collection":[{"href":"https:\/\/wp-dev.daten.cool\/index.php?rest_route=\/wp\/v2\/posts"}],"about":[{"href":"https:\/\/wp-dev.daten.cool\/index.php?rest_route=\/wp\/v2\/types\/post"}],"author":[{"embeddable":true,"href":"https:\/\/wp-dev.daten.cool\/index.php?rest_route=\/wp\/v2\/users\/3"}],"replies":[{"embeddable":true,"href":"https:\/\/wp-dev.daten.cool\/index.php?rest_route=%2Fwp%2Fv2%2Fcomments&post=16976"}],"version-history":[{"count":0,"href":"https:\/\/wp-dev.daten.cool\/index.php?rest_route=\/wp\/v2\/posts\/16976\/revisions"}],"wp:attachment":[{"href":"https:\/\/wp-dev.daten.cool\/index.php?rest_route=%2Fwp%2Fv2%2Fmedia&parent=16976"}],"wp:term":[{"taxonomy":"category","embeddable":true,"href":"https:\/\/wp-dev.daten.cool\/index.php?rest_route=%2Fwp%2Fv2%2Fcategories&post=16976"},{"taxonomy":"post_tag","embeddable":true,"href":"https:\/\/wp-dev.daten.cool\/index.php?rest_route=%2Fwp%2Fv2%2Ftags&post=16976"}],"curies":[{"name":"wp","href":"https:\/\/api.w.org\/{rel}","templated":true}]}}