{"id":16982,"date":"2020-04-16T05:57:00","date_gmt":"2020-04-16T05:57:00","guid":{"rendered":"https:\/\/www.cilip.de\/?p=16982"},"modified":"2020-04-16T05:57:00","modified_gmt":"2020-04-16T05:57:00","slug":"polizeihilfe-fuer-chile-spitzeln-wie-in-bawue","status":"publish","type":"post","link":"https:\/\/wp-dev.daten.cool\/?p=16982","title":{"rendered":"Polizeihilfe f\u00fcr Chile: Spitzeln wie in BaW\u00fc"},"content":{"rendered":"<p>Das Landeskriminalamt (LKA) Baden-W\u00fcrttemberg hilft der chilenischen Polizei beim Aufbau einer Einheit f\u00fcr verdeckte Ermittlungen. Das ist der Antwort des Bundesinnenministeriums auf eine schriftliche Anfrage von Ulla Jelpke (Linke) zu entnehmen.<a href=\"#_ftn1\" name=\"_ftnref1\">[1]<\/a> Mit welcher der beiden chilenischen Polizeiorganisationen das LKA kooperiert, gab das Ministerium zwar nicht bekannt. Es ist aber zu vermuten, dass die Einheit f\u00fcr verdeckte Ermittlungen in der Kriminalpolizei (Polic\u00eda de Investigaciones) aufgebaut wird. F\u00fcr alle anderen polizeilichen Aufgaben ist die Gendarmerie (Carabineros) zust\u00e4ndig. Sie geh\u00f6rt zum Verteidigungsministerium, ihre Einheiten werden aber vom Innenminister befehligt.<!--more--><\/p>\n<p>Die Truppe ging brutal gegen die Revolte vor, die Mitte Oktober zun\u00e4chst in der Hauptstadt Santiago wegen Fahrpreiserh\u00f6hungen ausbrach und sich schnell auf das ganze Land ausbreitete. Mehr als 30 Menschen wurden bei Zusammenst\u00f6\u00dfen mit der Polizei get\u00f6tet, ebenso viele verloren ihr Augenlicht durch Tr\u00e4nengas oder Gummigeschosse.<\/p>\n<p>Eine zentrale Forderung der Proteste war die bedingungslose Aufl\u00f6sung der Carabineros. Dessen ungeachtet stellte Chiles Pr\u00e4sident Sebasti\u00e1n Pi\u00f1era Mitte M\u00e4rz 2020 einen Plan zur Reform der Truppe vor. An einer Kommission zur Ausarbeitung von Vorschl\u00e4gen war auch der deutsche Inspekteur der Bereitschaftspolizei der L\u00e4nder, Andreas Backhoff, beteiligt.<a href=\"#_ftn2\" name=\"_ftnref2\">[2]<\/a> Er empfahl, die Eins\u00e4tze der Carabineros nachvollziehbar zu dokumentieren und mit \u201eproaktiver Kommunikation\u201c zu erkl\u00e4ren. Einen Tag nach Ver\u00f6ffentlichung des Reformplans rief Pi\u00f1era den Ausnahmezustand aus, den er mit dem Ausbruch der Corona-Epidemie begr\u00fcndete, und schickte zur Unterst\u00fctzung der Carabineros das Milit\u00e4r auf die Stra\u00dfe. Bis zu diesem faktischen Ende der f\u00fcnfmonatigen Proteste z\u00e4hlte das chilenische Menschenrechtsinstitut INDH fast 4.000 Verletzte, mehrere Tausend Demonstrant*innen sind in Haft.<\/p>\n<p>Den \u201eArbeitsbesuch\u201c des LKA Baden-W\u00fcrttemberg zu verdeckten Ermittlungen hat das Bundeskriminalamt (BKA) finanziert. Die Bundesbeh\u00f6rde ist selbst mit Ausbildungsma\u00dfnahmen in Chile aktiv: Im Rahmen der deutschen \u201ePolizeiaufbauhilfe\u201c wurden dortige Polizeibeh\u00f6rden im vergangenen Jahr mit einem Stipendienprogramm unterst\u00fctzt. Seit Ende 2019 hat das Bundesinnenministerium die Zusammenarbeit mit seinen chilenischen Partnern intensiviert. Auf Wunsch der chilenischen Regierung reisten im Dezember 2019 und im Februar 2020 Polizeidelegationen nach Santiago. Daran nahmen auch Angeh\u00f6rige der Berliner Polizei teil, die die chilenischen Polizeibeh\u00f6rden unter anderem zu \u201eKommunikation und B\u00fcrgerfreundlichkeit\u201c berieten.<a href=\"#_ftn3\" name=\"_ftnref3\">[3]<\/a><\/p>\n<p>Als Mitglied von Interpol hat das BKA Mitte Oktober 2019 auch an der Generalversammlung der internationalen Polizeiorganisation in Santiago teilgenommen. Zur Stunde des Ausbruchs der Aufst\u00e4nde wurde dort der ehemalige BKA-Vizepr\u00e4sident J\u00fcrgen Stock f\u00fcr eine zweite Amtszeit als Interpol-Generalsekret\u00e4r best\u00e4tigt.<\/p>\n<h6><a href=\"#_ftnref1\" name=\"_ftn1\">[1]<\/a> BT-Drs. 19\/17884 v. 13.3.2020, Frage 25<\/h6>\n<h6><a href=\"#_ftnref2\" name=\"_ftn2\">[2]<\/a> <a href=\"https:\/\/cdn.digital.gob.cl\/filer_public\/52\/fe\/52fe7434-e81b-48b9-b314-79cd56ce134f\/consejo_carabineros_v2.pdf\">https:\/\/cdn.digital.gob.cl\/filer_public\/52\/fe\/52fe7434-e81b-48b9-b314-79cd56ce134f\/consejo_carabineros_v2.pdf<\/a><\/h6>\n<h6><a href=\"#_ftnref3\" name=\"_ftn3\">[3]<\/a> Abgeordnetenhaus Berlin, Drs. 8\/22545, eingegangen am 21.2.2020<\/h6>\n<h3>Beitragsbild: Motorisierte Carabineros bei Protesten in Santiago (Matthias Monroy).<\/h3>\n","protected":false},"excerpt":{"rendered":"<p>Das Landeskriminalamt (LKA) Baden-W\u00fcrttemberg hilft der chilenischen Polizei beim Aufbau einer Einheit f\u00fcr verdeckte Ermittlungen.<\/p>\n","protected":false},"author":3,"featured_media":17057,"comment_status":"open","ping_status":"open","sticky":false,"template":"","format":"standard","meta":{"footnotes":""},"categories":[125,146],"tags":[],"class_list":["post-16982","post","type-post","status-publish","format-standard","has-post-thumbnail","hentry","category-cilip-121","category-meldungen-inland"],"_links":{"self":[{"href":"https:\/\/wp-dev.daten.cool\/index.php?rest_route=\/wp\/v2\/posts\/16982","targetHints":{"allow":["GET"]}}],"collection":[{"href":"https:\/\/wp-dev.daten.cool\/index.php?rest_route=\/wp\/v2\/posts"}],"about":[{"href":"https:\/\/wp-dev.daten.cool\/index.php?rest_route=\/wp\/v2\/types\/post"}],"author":[{"embeddable":true,"href":"https:\/\/wp-dev.daten.cool\/index.php?rest_route=\/wp\/v2\/users\/3"}],"replies":[{"embeddable":true,"href":"https:\/\/wp-dev.daten.cool\/index.php?rest_route=%2Fwp%2Fv2%2Fcomments&post=16982"}],"version-history":[{"count":0,"href":"https:\/\/wp-dev.daten.cool\/index.php?rest_route=\/wp\/v2\/posts\/16982\/revisions"}],"wp:featuredmedia":[{"embeddable":true,"href":"https:\/\/wp-dev.daten.cool\/index.php?rest_route=\/wp\/v2\/media\/17057"}],"wp:attachment":[{"href":"https:\/\/wp-dev.daten.cool\/index.php?rest_route=%2Fwp%2Fv2%2Fmedia&parent=16982"}],"wp:term":[{"taxonomy":"category","embeddable":true,"href":"https:\/\/wp-dev.daten.cool\/index.php?rest_route=%2Fwp%2Fv2%2Fcategories&post=16982"},{"taxonomy":"post_tag","embeddable":true,"href":"https:\/\/wp-dev.daten.cool\/index.php?rest_route=%2Fwp%2Fv2%2Ftags&post=16982"}],"curies":[{"name":"wp","href":"https:\/\/api.w.org\/{rel}","templated":true}]}}