{"id":17055,"date":"2020-04-15T13:45:21","date_gmt":"2020-04-15T13:45:21","guid":{"rendered":"https:\/\/www.cilip.de\/?p=17055"},"modified":"2020-04-15T13:45:21","modified_gmt":"2020-04-15T13:45:21","slug":"neue-deutsch-franzoesische-polizeieinheit","status":"publish","type":"post","link":"https:\/\/wp-dev.daten.cool\/?p=17055","title":{"rendered":"Neue deutsch-franz\u00f6sische Polizeieinheit"},"content":{"rendered":"<p>Die Bundespolizei und die Gendarmerie Nationale aus Frankreich haben eine \u201edeutsch-franz\u00f6sische Einsatzeinheit\u201c (DFEE) gebildet.<a href=\"#_ftn1\" name=\"_ftnref1\">[1]<\/a> Im Januar 2019 hatten die Regierungen der beiden L\u00e4nder im Aachener Vertrag die Einrichtung der Truppe f\u00fcr \u201eStabilisierungsoperationen in Drittstaaten\u201c verabredet, Einzelheiten regelt eine Verwaltungsvereinbarung. Vorgesehen sind Eins\u00e4tze in \u201efrankophonen Drittstaaten\u201c, bei Gro\u00dfveranstaltungen und \u201eim gemeinsamen Grenzgebiet\u201c.<\/p>\n<p>Die DFEE besteht derzeit aus jeweils zehn Angeh\u00f6rigen von Bundespolizei und Gendarmerie, in diesem Jahr soll sie auf jeweils 15 Beamt*innen anwachsen. Von deutscher Seite stammen die Polizist*innen aus der Kaserne im rheinland-pf\u00e4lzischen Bad Bergzabern. <!--more-->Laut dem Bundesinnenministerium (BMI) handelt es sich bei der DFEE trotz des Namens \u201enicht um eine feste eigenst\u00e4ndige Organisationseinheit\u201c, sie werde vielmehr \u201eanlassbezogen aufgerufen\u201c.<a href=\"#_ftn2\" name=\"_ftnref2\">[2]<\/a> Eins\u00e4tze erfolgten bereits vor Unterzeichnung der Verwaltungsvereinbarung auf dem M\u00fcnchner Oktoberfest und dem Cannstatter Wasen, anschlie\u00dfend war die Truppe zur Vorbereitung der Tour de France und zu einem Champions League-Spiel in Dortmund sowie \u2013 erstmals in voller St\u00e4rke &#8211; beim G-7-Gipfel in Frankreich eingesetzt. Im Grenzgebiet wird die DFEE au\u00dferdem im Rahmen sogenannter \u201eHubschraubersprungfahndungen\u201c angefordert. Rechtsgrundlage der gemeinsamen Eins\u00e4tze sind laut BMI das bilaterale Mondorfer Abkommen \u201e\u00fcber die Zusammenarbeit der Polizei- und Zollbeh\u00f6rden in den Grenzgebieten\u201c von 1997, den Pr\u00fcmer Vertrag von 2005 sowie die Pr\u00fcm-Beschl\u00fcsse der EU von 2008.<\/p>\n<p>Die Beamt*innen der DFEE treffen sich auch regelm\u00e4\u00dfig zu \u201eFortbildungsveranstaltungen\u201c. Neben Sprachtrainings geht es dabei unter anderem um Grundlagen der \u201epolizeilichen Auslandsverwendung\u201c sowie die unterschiedliche \u201ePolizeitaktik\u201c in beiden L\u00e4ndern. Trainings erfolgten am Nationalen Ausbildungszentrum der Gendarmerie in St. Astier und einem Gendarmerie-Standort im ostfranz\u00f6sischen Baccarat sowie bei der Bundespolizei in Bad Bergzabern. Alle weiteren geplanten Veranstaltungen sind derzeit wegen der Corona-Pandemie ausgesetzt.<\/p>\n<p>Die Gendarmerie Nationale geh\u00f6rt nach wie vor zum Verteidigungsministerium und wurde erst 2009 gleichzeitig dem Innenministerium unterstellt.<a href=\"#_ftn3\" name=\"_ftnref3\">[3]<\/a> Die Bundespolizei arbeitet nunmehr also eng mit einer Polizeibeh\u00f6rde zusammen, deren Angeh\u00f6rige eine milit\u00e4rische Grundausbildung durchlaufen und Kombattantenstatus haben. Die franz\u00f6sische Gendarmerie geh\u00f6rt mit den italienischen Carabinieri zu den Gr\u00fcndern der \u201eEurop\u00e4ischen Gendarmerietruppe\u201c (EUROGENDFOR).<\/p>\n<h6><a href=\"#_ftnref1\" name=\"_ftn1\">[1]<\/a> \u201eDeutsch-Franz\u00f6sische Einsatzeinheit unterst\u00fctzt Bundespolizei im Wiesn-Einsatz&#8220;, Meldung der Bundespolizeidirektion M\u00fcnchen v. 5.10.2019<\/h6>\n<h6><a href=\"#_ftnref2\" name=\"_ftn2\">[2]<\/a> BT-Drs. 19\/18092 v. 8.4.2020<\/h6>\n<h6><a href=\"#_ftnref3\" name=\"_ftn3\">[3]<\/a> <a href=\"http:\/\/www.senat.fr\/dossier-legislatif\/pjl07-499.html\">www.senat.fr\/dossier-legislatif\/pjl07-499.html<\/a><\/h6>\n","protected":false},"excerpt":{"rendered":"<p>Die Bundespolizei und die Gendarmerie Nationale aus Frankreich haben eine \u201edeutsch-franz\u00f6sische Einsatzeinheit\u201c (DFEE) gebildet.[1] Im<\/p>\n","protected":false},"author":3,"featured_media":0,"comment_status":"open","ping_status":"open","sticky":false,"template":"","format":"standard","meta":{"footnotes":""},"categories":[125,146],"tags":[],"class_list":["post-17055","post","type-post","status-publish","format-standard","hentry","category-cilip-121","category-meldungen-inland"],"_links":{"self":[{"href":"https:\/\/wp-dev.daten.cool\/index.php?rest_route=\/wp\/v2\/posts\/17055","targetHints":{"allow":["GET"]}}],"collection":[{"href":"https:\/\/wp-dev.daten.cool\/index.php?rest_route=\/wp\/v2\/posts"}],"about":[{"href":"https:\/\/wp-dev.daten.cool\/index.php?rest_route=\/wp\/v2\/types\/post"}],"author":[{"embeddable":true,"href":"https:\/\/wp-dev.daten.cool\/index.php?rest_route=\/wp\/v2\/users\/3"}],"replies":[{"embeddable":true,"href":"https:\/\/wp-dev.daten.cool\/index.php?rest_route=%2Fwp%2Fv2%2Fcomments&post=17055"}],"version-history":[{"count":0,"href":"https:\/\/wp-dev.daten.cool\/index.php?rest_route=\/wp\/v2\/posts\/17055\/revisions"}],"wp:attachment":[{"href":"https:\/\/wp-dev.daten.cool\/index.php?rest_route=%2Fwp%2Fv2%2Fmedia&parent=17055"}],"wp:term":[{"taxonomy":"category","embeddable":true,"href":"https:\/\/wp-dev.daten.cool\/index.php?rest_route=%2Fwp%2Fv2%2Fcategories&post=17055"},{"taxonomy":"post_tag","embeddable":true,"href":"https:\/\/wp-dev.daten.cool\/index.php?rest_route=%2Fwp%2Fv2%2Ftags&post=17055"}],"curies":[{"name":"wp","href":"https:\/\/api.w.org\/{rel}","templated":true}]}}