{"id":1716,"date":"2001-02-09T21:40:20","date_gmt":"2001-02-09T21:40:20","guid":{"rendered":"http:\/\/www.cilip.de\/?p=1716"},"modified":"2001-02-09T21:40:20","modified_gmt":"2001-02-09T21:40:20","slug":"chronologie-3","status":"publish","type":"post","link":"https:\/\/wp-dev.daten.cool\/?p=1716","title":{"rendered":"Chronologie"},"content":{"rendered":"<h3>von Andrea B\u00f6hm<\/h3>\n<h3>November 2000<\/h3>\n<p>02.11.:\u00a0<b>Schlag gegen Drogenschmuggler<\/b>: Bei der Kontrolle eines albanischen Lastzuges auf der Autobahn Salzburg-M\u00fcnchen stellen Beamte der Mobilen Kontrollgruppe des Hauptzollamtes Bad Reichenhall 411 Kilogramm Haschisch und Marihuana im Gro\u00dfhandelswert von mehr als zwei Millionen DM sicher. Am deutsch-tschechischen Grenz\u00fcbergang im bayerischen Waidhaus finden Zollfahnder in einem Ford-Transit 87 Kilogramm Heroin.<\/p>\n<p>03.11.:\u00a0<b>Kein Prozess gegen &#8222;feige Polizisten&#8220;<\/b>: Das Amtsgericht (AG) Tiergarten (Berlin) lehnt in einem Beschluss die Er\u00f6ffnung eines Hauptsacheverfahrens gegen sechs Berliner Polizisten ab. Die Beamten hatten im Juni 1998 vor einem Lokal verharrt und nicht eingegriffen, als die Wirtin von zwei R\u00e4ubern zur Invalidin geschlagen wurde.<!--more--><\/p>\n<p>07.11.:\u00a0<b>Polizeibeamte wegen Misshandlungen verurteilt<\/b>: Das AG Landau (Rheinland-Pfalz) verh\u00e4ngt gegen vier Bundesgrenzschutz (BGS)-Beamte Bew\u00e4hrungsstrafen zwischen sechs und 15 Monaten sowie Geldstrafen. Es sieht es als erwiesen an, dass die Angeklagten bei einem Einsatz vor zwei Jahren einen togolesischen Asylsuchenden geschlagen und gesto\u00dfen hatten.<\/p>\n<p>13.11.:<b>\u00a0Urteil im &#8222;Hetzjagd-Prozess&#8220;<\/b>: Das Cottbuser Landgericht (LG) verurteilt neun Rechtsextreme, die den algerischen Asylsuchenden Farid Guendoul am 13.2.1999 in Guben zu Tode gehetzt hatten, zu Jugendstrafen bis zu drei Jahren. Sechs Haftstrafen werden auf Bew\u00e4hrung ausgesetzt. Zwei weitere Angeklagte werden nur verwarnt.<\/p>\n<p>15.11.:\u00a0<b>Haftstrafe gegen<\/b> <b>&#8222;Kalif von K\u00f6ln&#8220;<\/b>: Wegen Aufforderung zum Mord an einem Rivalen verurteilt das Oberlandesgericht (OLG) D\u00fcsseldorf den t\u00fcrkischen Islamisten Metin Kaplan (alias &#8222;Kalif von K\u00f6ln&#8220;) zu vier Jahren Gef\u00e4ngnis.<\/p>\n<p>20.11.:\u00a0<b>Prozessserie gegen AKW-Gegner begonnen<\/b>: Begleitet von Protesten wird vor dem AG Dannenberg das erste von 30 Verfahren gegen Atomkraftgegner er\u00f6ffnet. Ihnen wird Hausfriedensbruch, N\u00f6tigung und K\u00f6rperverletzung zur Last gelegt. Sie waren an der zweit\u00e4gigen Besetzung des Informationshauses der deutschen Atomindustrie in Gorleben im Juni 1998 beteiligt.<\/p>\n<p>21.11.:\u00a0<b>Prozessauftakt gegen mutma\u00dfliches RAF-Mitglied<\/b>: Vor dem OLG Stuttgart beginnt die Verhandlung gegen die im September 1999 in Wien festgenommene Andrea Klump. Die Bundesanwaltschaft wirft ihr versuchten Mord und Mitgliedschaft in einer terroristischen Vereinigung vor.<\/p>\n<p>22.11.:\u00a0<b>R\u00fccktritt des saarl\u00e4ndischen Innenministers<\/b>: Der CDU-Politiker Klaus Meiser soll in die &#8222;Caritas-Aff\u00e4re&#8220; um die Scheinfinanzierung des FC Saarbr\u00fccken verwickelt sein, die schon dem SPD-Politiker Reinhard Klimmt das Amt des Bundesverkehrsministers kostete.<\/p>\n<p>23.11.:\u00a0<b>Mordanschuldigungen publik gemacht<\/b>: Nach einem Bericht der Bild-Zeitung nimmt die Polizei drei zun\u00e4chst der rechtsextremistischen Szene zugerechneten Jugendlichen unter Mordverdacht fest. Sie werden beschuldigt, im Juni 1997 in einem Freibad im s\u00e4chsischen Sebnitz einen sechsj\u00e4hrigen Jungen eines deutsch-irakischen Ehepaares gefoltert und ertr\u00e4nkt zu haben. Am 27.11. werden sie wieder freigelassen, die Hauptbelastungszeugen hatten sich als unglaubw\u00fcrdig erwiesen. Am 25.1.2001 gibt die Staatsanwaltschaft Dresden bekannt, dass auch das dritte gerichtsmedizinische Gutachten Gewalteinwirkung mit gr\u00f6\u00dftm\u00f6glicher Sicherheit ausgeschlossen hatte.<\/p>\n<p>24.11.:\u00a0<b>Fenstersprung eines kurdischen Asylbewerbers<\/b>: Als uniformierte Polizeibeamte mit gezogenen Pistolen eine Berliner Beratungsstelle f\u00fcr Folteropfer st\u00fcrmen, springt ein 17-j\u00e4hriger Kurde aus Angst vor der Abschiebung aus dem Fenster und verletzt sich lebensgef\u00e4hrlich. Ein Ermittlungsverfahren wird eingeleitet &#8211; allerdings nicht gegen die Polizisten, sondern gegen den Therapeuten und seine Sekret\u00e4rin wegen unterlassener Hilfeleistung und Widerstandes gegen die Staatsgewalt.<\/p>\n<p>25.11.:\u00a0<b>\u00dcbergriff bei NPD-Gegendemonstration<\/b>: Bei einer Demonstration mit insgesamt 3.000 TeilnehmerInnen gegen den Aufmarsch von 1.400 NPD-Anh\u00e4ngerInnen in Berlin schl\u00e4gt ein Polizist einem japanischen Fernsehjournalisten mit der Faust ins Gesicht. Das Opfer erleidet einen Jochbeinriss. Der SFB strahlt am 1.12. ein Amateurvideo aus, das den \u00dcbergriff dokumentiert. Am 6.12. wird der Tatverd\u00e4chtige identifiziert.<\/p>\n<p>27.11.:\u00a0<b>Polizeiliche Zusammenarbeit vereinbart<\/b>: Der hessische Innenminister Volker Bouffier und sein Th\u00fcringer Kollege Christian K\u00f6ckert unterzeichnen eine &#8222;Sicherheitskooperation&#8220; der beiden L\u00e4nderpolizeien zur Bek\u00e4mpfung schwerer und organisierter Kriminalit\u00e4t.<br \/>\n<b>Mehr Telefon\u00fcberwachung<\/b>: Laut Bundesjustizministerium (BMJ) h\u00f6rten die Strafverfolgungsbeh\u00f6rden 1999 in 3.034 Verfahren mit 12.651 Einzelanordnungen den Telefon- und Faxverkehr von 6.443 Personen ab.<\/p>\n<p>28.11.:\u00a0<b>Bew\u00e4hrungsstrafe wegen Reizgas-Angriff<\/b>: Das AG Frankfurt (Main) verurteilt einen BGS-Beamten, der in der Asyl-Unterkunft am Frankfurter Flughafen einen Algerier ohne jeden Grund mit Reizgas bespr\u00fcht hatte, zu einer siebenmonatigen Bew\u00e4hrungsstrafe.<br \/>\n<b>Drogentod eines M\u00fcnchener Polizisten<\/b>: In einer Privatwohnung wird ein 25-j\u00e4hriger Polizeiobermeister tot aufgefunden. Bei der Obduktion werden Heroin- und Alkoholreste in seinem Blut nachgewiesen.<\/p>\n<p>29.11.:\u00a0<b>Neuer Chef der Polizei-Gewerkschaft<\/b>: Der Hamburger Kriminalhauptkommissar Konrad Freiberg wird vom Gewerkschaftsbeirat zum neuen Bundesvorsitzenden der Gewerkschaft der Polizei (GdP) gew\u00e4hlt.<\/p>\n<p>30.11.:\u00a0<b>Angebliche RZ-Mitglieder angeklagt<\/b>: Der Generalbundesanwalt erhebt vor dem Berliner Kammergericht Klage gegen vier mutma\u00dfliche Mitglieder der &#8222;Revolution\u00e4ren Zellen&#8220; (RZ). Den drei M\u00e4nnern und einer Frau wird die Beteiligung an Sprengstoffanschl\u00e4gen und Mitgliedschaft in einer terroristischen Vereinigung vorgeworfen.<\/p>\n<h3>Dezember 2000<\/h3>\n<p>01.12.:\u00a0<b>Prostitution nicht sittenwidrig<\/b>: Das Verwaltungsgericht (VG) Berlin erkl\u00e4rt die bisherige Rechtsprechung zur Sittenwidrigkeit von Prostitution ohne kriminelle Begleiterscheinungen f\u00fcr \u00fcberholt und gibt einer Bordellbesitzerin Recht, die gegen den Entzug ihrer Gastst\u00e4ttenerlaubnis geklagt hatte.<\/p>\n<p>04.12.:\u00a0<b>Falsche Wohnungen gest\u00fcrmt<\/b>: Nachdem vor einem Frankfurter Lokal drei Bauarbeiter erschossen werden, st\u00fcrmt ein Sondereinsatzkommando der Polizei auf der Suche nach dem Todessch\u00fctzen versehentlich die Wohnungen zweier Unbeteiligter. Bei der Durchsuchung richteten die Beamten erheblichen Sachschaden an.<\/p>\n<p>07.12.:\u00a0<b>Anschlag auf D\u00fcsseldorfer Synagoge aufgekl\u00e4rt<\/b>: Generalbundesanwalt Kay Nehm gibt bekannt, dass der Brandanschlag von Anfang Oktober offensichtlich durch die gewaltt\u00e4tigen Auseinandersetzungen im Nahen Osten motiviert gewesen sei. Ein staatenloser Araber und ein marokkanischst\u00e4mmiger Deutscher seien festgenommen worden.<\/p>\n<p>08.12.:\u00a0<b>NPD-Verbotsantrag verabschiedet: <\/b>Mit den Stimmen von SPD, Gr\u00fcnen und PDS beschlie\u00dft der Bundestag<b> <\/b>als drittes Verfassungsorgan nach Bundesregierung und Bundesrat dem Bundesverfassungsgericht (BVerfG) einen Verbotsantrag gegen die NPD vorzulegen. Der Antrag der Bundesregierung wird am 30.1.2001 beim BVerfG eingereicht.<br \/>\n<b>Weitere Verurteilung im Prozess um Konsulatsbesetzung<\/b>: Im Prozess um die versuchte Besetzung des israelischen Generalkonsulates in Berlin durch kurdische Demonstranten im Februar 1999 wird ein 19-J\u00e4hriger zu gemeinn\u00fctziger Arbeit verurteilt und zudem ein Jahr unter Aufsicht eines Betreuers gestellt.<\/p>\n<p>09.12.:\u00a0<b>Afrikaner von Rechtsextremisten niedergeschlagen<\/b>: Ein 16-j\u00e4hriger Schwarzafrikaner wird im oberbayerischen M\u00fchldorf von zehn jugendlichen Skinheads zusammengeschlagen und schwer verletzt. Am 17.12. jagen zwei rechtsextremistische Jugendliche zwei afrikanische Asylbewerber durch die Mindener Innenstadt, nachdem sie zuvor einem der Opfer ins Gesicht geschlagen hatten.<\/p>\n<p>12.12.:\u00a0<b>V\u00f6lkermord-Urteil zul\u00e4ssig<\/b>: Das BVerfG best\u00e4tigt das erste rechtskr\u00e4ftige Urteil eines deutschen Strafgerichts wegen V\u00f6lkermordes und nimmt die Verfassungsbeschwerde eines bosnischen Serben nicht zur Entscheidung an. (Az.: 2 BvR 1290\/99)<br \/>\n<b>Volksverhetzung auch von Australien aus strafbar<\/b>: Der Bundesgerichtshof (BGH) entscheidet, dass Volksverhetzung (&#8222;Auschwitzl\u00fcge&#8220;) via Internet auch dann in Deutschland bestraft werden kann, wenn sie von einem Ausl\u00e4nder au\u00dferhalb von Deutschland ins Netz gestellt wurde. (Az.: 1 StR 184\/00)<\/p>\n<p>13.12.:\u00a0<b>Video\u00fcberwachung in Brandenburg k\u00fcnftig erlaubt<\/b>: Mit den Stimmen der Regierungsfraktionen SPD und CDU segnet der brandenburgische Landtag eine entsprechende Polizeigesetz-\u00c4nderung ab. Am 14.12. beschlie\u00dft auch der Landtag von Baden-W\u00fcrttemberg, dass \u00f6ffentliche Stra\u00dfen und Pl\u00e4tze mit Videokameras \u00fcberwacht werden d\u00fcrfen.<br \/>\n<b>Keine weiteren Ermittlungen gegen mutma\u00dfliches RAF-Mitglied<\/b>: Die Bundesanwaltschaft gibt die Einstellung des Ermittlungsverfahrens gegen Barbara Meyer bekannt. Der 44-j\u00e4hrigen konnte keine Beteiligung an Straftaten der Roten Armee Fraktion im Jahre 1985 und keine RAF-Mitgliedschaft f\u00fcr die Zeit nach 1986 nachgewiesen werden.<\/p>\n<p>14.12.:\u00a0<b>&#8222;Genetischer Fingerabdruck&#8220; gebilligt<\/b>: Das BVerfG erkl\u00e4rt die Speicherung von DNA-Profilen<b> <\/b>nach dem DNA-Identit\u00e4tsfeststellungsgesetz von 1998 f\u00fcr verfassungsgem\u00e4\u00df. (Az.: 2 BvR 1741\/99)<\/p>\n<p>15.12.:\u00a0<b>Dauer der Abschiebehaft begrenzt<\/b>: Das BVerfG entscheidet, dass die Abschiebehaft f\u00fcr ausgewiesene Ausl\u00e4nder in der Regel drei Monate nicht \u00fcberschreiten darf und gibt der Beschwerde eines Kurden statt. (Az.: 2 BvR 347\/00)<\/p>\n<p>16.12.:\u00a0<b>Nazi-Gegner im Polizeikessel<\/b>: Am Rande eines Neonazi-Aufmarsches in Dortmund kesselt die Polizei 573 GegendemonstrantInnen stundenlang ein und nimmt sie in Gewahrsam. Am 20.12. reicht die Fraktionsvizechefin der Gr\u00fcnen im Landtag Dienstaufsichtsbeschwerde gegen den Dortmunder Polizeipr\u00e4sidenten Hans Schulze ein.<\/p>\n<p>18.12.:\u00a0<b>Kronzeuge verurteilt<\/b>: Das Berliner Kammergericht verurteilt den 41-j\u00e4hrigen Tarek Mousli wegen Anschl\u00e4gen der RZ in den 80er Jahren zu zwei Jahren Haft auf Bew\u00e4hrung. Mousli hatte Ende 1999 umfassend gegen andere angebliche RZ-Mitglieder ausgesagt und nahm die am 30.12.1999 ausgelaufene Kronzeugenregelung in Anspruch.<\/p>\n<p>20.12.:\u00a0<b>Haas-Urteil best\u00e4tigt<\/b>: Das BVerfG best\u00e4tigt die f\u00fcnfj\u00e4hrige Haftstrafe gegen die angebliche RAF-Sympathisantin Monika Haas trotz Bedenken an der Prozessf\u00fchrung des OLG Frankfurt. (Az.: 2 BvR 591\/00)<\/p>\n<p>21.12.:\u00a0<b>Polizistenmord geahndet<\/b>: Das LG Wuppertal verurteilt den &#8222;Polizistenm\u00f6rder von Remscheid&#8220; zu zw\u00f6lf Jahren Haft und weist ihn in die geschlossene Psychiatrie ein. Der Mann hatte im Februar eine Polizistin erstochen, nachdem er zuvor seine Ehefrau misshandelt hatte.<br \/>\n<b>Geldstrafe f\u00fcr Farbbeutel-Werfer:<\/b> Wegen seiner Farbbeutel-Attacke auf Bundesau\u00dfenminister Joschka Fischer beim Sonderparteitag der Gr\u00fcnen im Mai 1999 in Bielefeld muss ein 37-j\u00e4hriger Mann 3.600 DM Geldstrafe zahlen. Das AG Bielefeld wertete den Angriff als gef\u00e4hrliche K\u00f6rperverletzung im minder schweren Fall.<\/p>\n<p>22.12.:\u00a0<b>Generalbundesanwalt darf gegen Rechtsextreme ermitteln<\/b>: In einem Grundsatzurteil best\u00e4tigt der BGH die Zust\u00e4ndigkeit des Generalbundesanwalts in Verfahren gegen rechtsextremistische Gewaltt\u00e4ter &#8211; vorausgesetzt, der Fall habe wegen der Signalwirkung f\u00fcr potentielle Nachahmungst\u00e4ter oder einer Beeintr\u00e4chtigung des Ansehens der Bundesrepublik im Ausland eine besondere Bedeutung. (Az.:\u00a02 StR 378\/00)<br \/>\n<b>Milde Strafen f\u00fcr rechte Schl\u00e4ger<\/b>: Der \u00dcbergriff von Rechtsextremisten auf eine Gruppe Afrikaner in einer Stra\u00dfenbahn in Cottbus im Juni 1999 wird vom LG Cottbus mit einer 17-monatigen Haft- und mehreren Bew\u00e4hrungsstrafen geahndet.<br \/>\n<b>Redeverbot f\u00fcr &#8222;Kritische Polizisten&#8220;<\/b>: Per einstweiliger Verf\u00fcgung untersagt das LG Berlin der Bundesarbeitsgemeinschaft Kritischer PolizistInnen, Mobbing-Vorw\u00fcrfe gegen die Berliner Polizei im Zusammenhang mit dem Suizid eines Polizeibeamten am 3.11. zu verbreiten.<\/p>\n<p>26.12.:\u00a0<b>Rechtsextremer Angriff in Guben<\/b>: Drei rechtsextreme Jugendliche greifen einen asiatisch aussehenden jungen Deutschen an und verletzen ihn durch einen Messerstich in den R\u00fccken. Einer der T\u00e4ter war bereits im sogenannten Hetzjagd-Prozess zu 200 Stunden gemeinn\u00fctziger Arbeit verurteilt worden.<\/p>\n<p>28.12.:\u00a0<b>Bin Laden-Anh\u00e4nger verhaftet<\/b>: Wegen Mitgliedschaft in einer kriminellen Vereinigung und Versto\u00dfes gegen das Waffengesetz l\u00e4sst die Bundesanwaltschaft vier aus Algerien, Irak und Frankreich stammende islamische Fundamentalisten festnehmen. Die M\u00e4nner seien in Lagern des Terroristen Osama bin Laden f\u00fcr Terroranschl\u00e4ge trainiert worden.<\/p>\n<h3>Januar 2001<\/h3>\n<p>04.01.:\u00a0<b>Asylstatistik ver\u00f6ffentlicht<\/b>: Im Jahr 2000 beantragten 78.564 Menschen in Deutschland Asyl, 16.549 (17,4%) weniger als 1999. Dies ist der geringste Stand seit 1987. Hauptherkunftsl\u00e4nder waren der Irak, die Bundesrepublik Jugoslawien, die T\u00fcrkei und Afghanistan.<\/p>\n<p>05.01.:\u00a0<b>Haft f\u00fcr Funktion\u00e4r der DHKP-C<\/b>: Das Hanseatische OLG in Hamburg verurteilt den Deutschland-Chef der als linksextremistisch eingestuften t\u00fcrkischen Organisation DHKP-C wegen R\u00e4delsf\u00fchrerschaft in einer terroristischen Vereinigung zu sechseinhalb Jahren Haft.<\/p>\n<p>08.01.:\u00a0<b>Zahl der Todesopfer rechter Gewalt nach oben korrigiert<\/b>: Die Bundesregierung geht nunmehr von 36 (zuvor 25) Todesf\u00e4llen mit rechtsextremistischem, fremdenfeindlichem oder antisemitischem Hintergrund in den vergangenen zehneinhalb Jahren aus. <a href=\"https:\/\/www.cilip.de\/2001\/02\/09\/offenbarungseid-der-polizeistatistiker-registrierung-rechtsextremistischer-straftaten\/\">(S. den Beitrag von Mark Holzberger in diesem Heft.)<\/a><\/p>\n<p>12.01:\u00a0<b>Skinhead-\u00dcberfall in M\u00fcnchen<\/b>: Vor einem M\u00fcnchener Lokal wird ein Grieche von Skinheads angegriffen und schwer verletzt. Die Polizei nimmt 18 T\u00e4ter fest. Eine Sonderkommission wird gebildet.<\/p>\n<p>18.01.:\u00a0<b>Misshandlungsvorw\u00fcrfe gegen Grenzsch\u00fctzer und \u00c4rzte<\/b>: Ein Inder und ein Kameruner erkl\u00e4ren in einer eidesstattlichen Versicherung, zwei \u00c4rzte h\u00e4tten ihnen mithilfe mehrerer BGS-Beamter gegen ihren Willen gewaltsam Medikamente verabreicht, um ihre Abschiebung zu erleichtern.<\/p>\n<p>21.01.:\u00a0<b>&#8222;\u00dcbereifer&#8220; eines LKA-Agenten bleibt straflos<\/b>: Es wird bekannt, dass die Staatsanwaltschaft das Verfahren gegen einen Beamten des baden-w\u00fcrttembergischen Landeskriminalamtes eingestellt hat, der als verdeckter Ermittler in der Karlsruher Neonazi-Szene aktiv war. Der Polizist hatte w\u00e4hrend seines Einsatzes eine f\u00fchrende Rolle bei der Ausdehnung der rechtsextremen Aktivit\u00e4ten gespielt.<br \/>\n<b>Entsch\u00e4digung f\u00fcr Opfer rechter Gewalt bereitgestellt<\/b>: Die von der Bundesregierung im Haushalt des BMJ eingeplante Summe von 10 Millionen DM gilt r\u00fcckwirkend bis Anfang 1999.<\/p>\n<p>23.01.:\u00a0<b>Zahl der Todessopfer deutscher Asylpolitik ver\u00f6ffentlicht<\/b>: Nach Angaben der Berliner Antirassistischen Initiative sind seit 1993 durch staatliche Ma\u00dfnahmen 239 Fl\u00fcchtlinge ums Leben gekommen.<br \/>\n<b>Verfahren gegen Gel\u00f6bnis-Gegnerinnen eingestellt<\/b>: Das AG Tiergarten (Berlin) beurteilt die medienwirksame St\u00f6rung des \u00f6ffentlichen Soldatengel\u00f6bnisses im Juli 1999 durch mehrere nackte Frauen als &#8222;groben Unfug&#8220;, aber nicht als Straftat.<\/p>\n<p>24.01.:<b>\u00a0&#8222;Hell&#8217;s Angels D\u00fcsseldorf&#8220; aufgel\u00f6st<\/b>: Nordrhein-Westfalens Innenminister Fritz Behrends verbietet den Verein &#8222;Hell&#8217;s Angels Germany Chapter D\u00fcsseldorf&#8220;. Zeitgleich finden umfangreiche polizeiliche Durchsuchungen bei Vereinsmitgliedern statt.<br \/>\n<b>Observation durch Satellit erlaubt<\/b>: Der BGH erkl\u00e4rt die \u00dcberwachung der PKWs von Beschuldigten durch das satellitengest\u00fctzte Navigationssystem GPS in Ermittlungsverfahren f\u00fcr rechtm\u00e4\u00dfig. (Az.: 3 StR 324\/00)<br \/>\n<b>Filmverbot im Gerichtssaal bleibt bestehen<\/b>: In einem Grundsatzurteil best\u00e4tigt das BVerfG das seit 1964 bestehende Verbot von Fernsehaufnahmen in Prozessen. (Az.: 1 BvR 2623\/95, 1 BvR 622\/99)<br \/>\n<b>Dauerhafte Kooperation von BGS und Bremer Polizei<\/b>: Bundesinnenminister (BMI) Otto Schily und der Bremer Innensenator Bernt Schulte unterzeichnen eine Vereinbarung, durch die die &#8222;Aktion Sicherheitsnetz&#8220;, eine Kooperation zwischen der Polizei Bremen und dem BGS, in eine dauerhafte &#8222;Sicherheitspartnerschaft&#8220; \u00fcberf\u00fchrt wird.<\/p>\n<p>26.01.:\u00a0<b>Verbot rechter Aufm\u00e4rsche an Gedenktagen weiter m\u00f6glich<\/b>: Laut Urteil des BVerfG k\u00f6nnen rechtsextremistische Demonstrationen an Gedenktagen auch in Zukunft untersagt werden, wenn dem Tag eine gesellschaftlich wichtige Symbolkraft zukomme. (Az.: 1 BvQ 8\/01)<\/p>\n<p>27.01.:\u00a0<b>Aktionsprogramm der Bundesregierung vorgestellt<\/b>: Die Bundesregierung will zuk\u00fcnftig die Arbeit kleiner Initiativen gegen Rechtsextremismus mit 40 Mio. DM unterst\u00fctzten. Weitere 25 Mio. DM kommen aus Mitteln des Europ\u00e4ischen Sozialfonds hinzu. Der Schwerpunkt der Projekte liegt in Ostdeutschland.<\/p>\n<h3>Februar 2001<\/h3>\n<p>02.02.:\u00a0<b>Haftstrafe gegen<\/b> <b>Rechtsextreme wegen Mordes verh\u00e4ngt<\/b>: Das LG Stralsund wertet die T\u00f6tung eines Obdachlosen im Juli 2000 in Ahlbeck (Usedom) als rechtsradikale Tat und verurteilt einen 19-J\u00e4hrigen und zwei 16-J\u00e4hrige zu zw\u00f6lf, sechs bzw. drei Jahren Haft.<\/p>\n<p>03.02.: \u00a0<b>Aufl\u00f6sung eines Skinhead-Konzerts:<\/b> In Hamburg l\u00f6sen 800 PolizistInnen aus ganz Norddeutschland ein Skinhead-Konzert auf. Ein Polizist und vier Skins werden verletzt. Gegen drei Personen wird wegen Landfriedensbruchs ermittelt.<\/p>\n<p>09.02:\u00a0<b>Polizist wegen t\u00f6dlicher Sch\u00fcsse verurteilt<\/b>: Das LG Chemnitz verurteilt einen Polizeibeamten wegen fahrl\u00e4ssiger T\u00f6tung eines Hafturlaubers zu einer Bew\u00e4hrungsstrafe von zwei Jahren. Der Polizist hatte den Mann aus Angst vor dessen Kampfhund erschossen.<\/p>\n<p>15.02.:\u00a0<b>Opec-Prozess abgeschlossen<\/b>: Das LG Frankfurt verurteilt Hans Joachim Klein wegen gemeinschaftlichen Mordes und Geiselnahme zu neun Jahren Haft. Der Angeklagte Rudolf Schindler wird freigesprochen. Klein, dem die Beteiligung an dem Attentat auf die Opec-Konferenz 1975 in Wien, bei dem drei Menschen starben, zur Last gelegt wurde, profitierte noch von der Kronzeugenregelung. Am 20.2. erhebt Generalbundesanwalt Kay Nehm Anklage gegen den freigesprochenen Schindler wegen R\u00e4delsf\u00fchrerschaft in einer terroristischen Vereinigung und Beteiligung an einen Sprengstoffattentat.<br \/>\n<b>Bosnische Fl\u00fcchtlinge d\u00fcrfen bleiben<\/b>: Die Innenministerkonferenz (IMK) beschlie\u00dft, bosnischen Fl\u00fcchtlingen unter bestimmten Voraussetzungen ein dauerhaftes Bleiberecht in Deutschland einzur\u00e4umen.<\/p>\n<p>19.02.:\u00a0<b>BGS-Verst\u00e4rkung gegen Rechtsextremismus<\/b>: In der Niederlausitz (Cottbus) unterst\u00fctzt eine 80-k\u00f6pfige BGS-Sondereinheit die brandenburgische Polizei bei der &#8222;Bek\u00e4mpfung des Rechtsextremismus&#8220;.<br \/>\n<b>Neue Dienstvorschrift<\/b>: Der IMK-Vorsitzende, Sachsen-Anhalts Innenminister Manfred P\u00fcchel, verk\u00fcndet, dass die Polizei bundesweit k\u00fcnftig auch bei scheinbar harmlosen Kontrollen ihre Hand an der Dienstwaffe halten werde. Die Eigensicherung der Beamten solle erh\u00f6ht werden.<\/p>\n<p>20.02.:\u00a0<b>Chancen auf Asyl f\u00fcr afghanische Fl\u00fcchtlinge verbessert<\/b>: In zwei Urteilen erkennt das Bundesverwaltungsgericht die fl\u00e4chendeckende Verfolgung von RegimegegnerInnen und anderen Personen durch die herrschenden Taliban als relevant f\u00fcr die Anerkennung als Fl\u00fcchtling an. (Az.: BVerwG 9 C 20.00, 21.00)<\/p>\n<p>21.02.:\u00a0<b>Verfolgung von Kriegsverbrechern gest\u00e4rkt<\/b>: Der BGH erweitert die Zust\u00e4ndigkeit deutscher Gerichte auf K\u00f6rperverletzungsdelikte und Freiheitsberaubungen im Ausland, wie sie w\u00e4hrend der &#8222;ethnischen S\u00e4uberungen&#8220; in Bosnien-Herzegowina 1992 an muslimischen Zivilisten begangen worden waren. (Az.: 3 StR 372\/00)<br \/>\n<b>Urteil zum Anschlag auf Asylunterkunft<\/b>: Das LG Wuppertal verurteilt vier Rechtsextreme wegen des Brandanschlages auf ein Wohnheim in Wuppertal im September 2000 zu Haftstrafen von bis zu zehn Jahren.<br \/>\n<b>Polizistin wegen &#8222;Kniebiesler&#8220; ger\u00fcgt<\/b>: Eine 22-j\u00e4hrige Beamtin der bayerischen Bereitschaftspolizei wird vom Verwaltungsgericht M\u00fcnchen mit einer f\u00f6rmlichen Missbilligung bedacht. Sie hatte einen Kollegen als &#8222;Kniebieseler&#8220; tituliert. Das eher harmlose schw\u00e4bische Schm\u00e4hwort bezeichnet eine noch ungereifte, erfahrungsarme Pers\u00f6nlichkeit.<\/p>\n<p>23.02.:\u00a0<b>Kooperation zwischen Deutschland und Litauen vereinbart<\/b>: BMI Otto Schily und sein litauischer Kollege Vytautas Markevi\u00e8ius unterzeichnen ein Abkommen zur &#8222;Bek\u00e4mpfung der Organisierten Kriminalit\u00e4t&#8220;, insbesondere von Drogendelikten, Waffen- und Menschenhandel, Schleusung, Geldw\u00e4sche sowie Eigentumskriminalit\u00e4t.<\/p>\n<p><i>Andrea B\u00f6hm studiert Politikwissenschaft an der FU Berlin und ist Redaktionsmitglied von B\u00fcrgerrechte &amp; Polizei\/CILIP.<\/i><\/p>\n","protected":false},"excerpt":{"rendered":"<p>von Andrea B\u00f6hm November 2000 02.11.:\u00a0Schlag gegen Drogenschmuggler: Bei der Kontrolle eines albanischen Lastzuges auf<\/p>\n","protected":false},"author":2,"featured_media":0,"comment_status":"open","ping_status":"open","sticky":false,"template":"","format":"standard","meta":{"footnotes":""},"categories":[6,74],"tags":[],"class_list":["post-1716","post","type-post","status-publish","format-standard","hentry","category-chronologien","category-cilip-068"],"_links":{"self":[{"href":"https:\/\/wp-dev.daten.cool\/index.php?rest_route=\/wp\/v2\/posts\/1716","targetHints":{"allow":["GET"]}}],"collection":[{"href":"https:\/\/wp-dev.daten.cool\/index.php?rest_route=\/wp\/v2\/posts"}],"about":[{"href":"https:\/\/wp-dev.daten.cool\/index.php?rest_route=\/wp\/v2\/types\/post"}],"author":[{"embeddable":true,"href":"https:\/\/wp-dev.daten.cool\/index.php?rest_route=\/wp\/v2\/users\/2"}],"replies":[{"embeddable":true,"href":"https:\/\/wp-dev.daten.cool\/index.php?rest_route=%2Fwp%2Fv2%2Fcomments&post=1716"}],"version-history":[{"count":0,"href":"https:\/\/wp-dev.daten.cool\/index.php?rest_route=\/wp\/v2\/posts\/1716\/revisions"}],"wp:attachment":[{"href":"https:\/\/wp-dev.daten.cool\/index.php?rest_route=%2Fwp%2Fv2%2Fmedia&parent=1716"}],"wp:term":[{"taxonomy":"category","embeddable":true,"href":"https:\/\/wp-dev.daten.cool\/index.php?rest_route=%2Fwp%2Fv2%2Fcategories&post=1716"},{"taxonomy":"post_tag","embeddable":true,"href":"https:\/\/wp-dev.daten.cool\/index.php?rest_route=%2Fwp%2Fv2%2Ftags&post=1716"}],"curies":[{"name":"wp","href":"https:\/\/api.w.org\/{rel}","templated":true}]}}