{"id":17338,"date":"2020-04-24T20:10:49","date_gmt":"2020-04-24T20:10:49","guid":{"rendered":"https:\/\/www.cilip.de\/?p=17338"},"modified":"2020-04-24T20:10:49","modified_gmt":"2020-04-24T20:10:49","slug":"fuer-die-sofortige-aufloesung-und-evakuierung-der-lager-in-griechenland","status":"publish","type":"post","link":"https:\/\/wp-dev.daten.cool\/?p=17338","title":{"rendered":"F\u00fcr die sofortige Aufl\u00f6sung und Evakuierung der Lager in Griechenland!"},"content":{"rendered":"<p><strong>Redebeitrag auf der Demonstration <a href=\"https:\/\/www.rav.de\/projekte\/griechische-lager-evakuieren\/\">&#8222;Menschenrechte wahren \u2013 Lager aufl\u00f6sen \u2013 Evakuierung jetzt!&#8220;<\/a> am 24. April 2020 in Berlin.<\/strong><\/p>\n<p>Zun\u00e4chst m\u00f6chte ich mich ganz ausdr\u00fccklich beim RAV f\u00fcr das organisieren dieser Kundgebung unter widrigen Bedingungen bedanken. Widrig, da hier in Berlin das Versammlungsrecht in den letzten Wochen nicht mehr viel galt und die Berliner Polizei fast jede Meinungskundgabe, gerade in Solidarit\u00e4t mit Gefl\u00fcchteten, zu unterbinden versucht hat, selbst Autokorsos ohne jede Ansteckungsgefahr oder das symbolische Abstellen alter Schuhe hier am Brandenburger Tor.<!--more--><\/p>\n<p>Doch so heftig wir derzeit alle von solchen Verboten und anderen staatlichen Versuchen betroffen sind, der Ausbreitung des Virus mit autorit\u00e4ren Ma\u00dfnahmen beizukommen: Am st\u00e4rksten betroffen sind mal wieder diejenigen, die eh an den Rand der Gesellschaft gedr\u00e4ngt sind. Und ganz besonders die, die gerade deshalb zu Opfern des Virus zu werden drohen, weil sie schon jetzt Betroffene einer rassistischen Politik der Ausgrenzung sind. Nicht nur an den Au\u00dfengrenzen, sondern mitten in Deutschland werden Gefl\u00fcchtete weiter in \u00fcberf\u00fcllten Lagern wie in Ellwangen untergebracht, in denen Schutzvorkehrungen wie Mindestabst\u00e4nde schlicht nicht umsetzbar sind.<\/p>\n<p>Doch dort, an den Au\u00dfengrenzen zeigt sich Europa ganz unverh\u00fcllt als ein Europa der autorit\u00e4ren Ma\u00dfnahmen, in dem rechtsstaatliche Garantien und Menschenrechte l\u00e4ngst nicht mehr gelten. Bereits vor der Coronakrise wurden die Grenzen geschlossen und das Grundrecht auf Asyl suspendiert. Das Virus wurde nun zum Anlass genommen, die Seenotrettung vollends zu unterbinden \u2013 wohl wissend, dass allein diese Ma\u00dfnahme unz\u00e4hligen Menschen das Leben kosten wird.<\/p>\n<p>Wir sind heute hier um die Aufl\u00f6sung und Evakuierung der Lager in Griechenland zu fordern.<\/p>\n<p>In Lagern werden Menschen \u2013 systematisch entrechtet und ihrer Selbstbestimmung beraubt \u2013 zum blo\u00dfen Objekt staatlicher Ma\u00dfnahmen degradiert. Das ganze Prinzip Lager negiert den Menschen in seiner W\u00fcrde und Individualit\u00e4t. Nicht jedes Lager ist so alptraumhaft und unmenschlich wie es die von der EU weiterhin tolerierten und unterst\u00fctzten Lager in Libyen sind. Und nicht jedes Lager ist so systematisch verelendet wie Moria und all die anderen in Griechenland.<\/p>\n<p>Doch in allen Lagern, in denen Menschen untergebracht sind um sie besser verwalten, kontrollieren und ggf. abschieben zu k\u00f6nnen, sind sie unmittelbar ausgeliefert: dem Zugriff und der Willk\u00fcr der Verwaltenden und nunmehr auch einer Pandemie, die t\u00f6dlich ist gerade f\u00fcr Menschen, die geschw\u00e4cht sind und keinen Zugang zu ausreichender \u00e4rztlicher Versorgung haben.<\/p>\n<p>Wir fordern daher, gemeinsam mit den anderen Anwesenden und zahllosen Menschen, die heute nicht mitdemonstrieren d\u00fcrfen, die sofortige Aufl\u00f6sung und Evakuierung der Lager!<\/p>\n","protected":false},"excerpt":{"rendered":"<p>Redebeitrag auf der Demonstration &#8222;Menschenrechte wahren \u2013 Lager aufl\u00f6sen \u2013 Evakuierung jetzt!&#8220; am 24. April<\/p>\n","protected":false},"author":2,"featured_media":0,"comment_status":"open","ping_status":"open","sticky":false,"template":"","format":"standard","meta":{"footnotes":""},"categories":[5],"tags":[233,615,718,970],"class_list":["post-17338","post","type-post","status-publish","format-standard","hentry","category-blog","tag-asyl","tag-fluechtlingspolitik","tag-griechenland","tag-moria"],"_links":{"self":[{"href":"https:\/\/wp-dev.daten.cool\/index.php?rest_route=\/wp\/v2\/posts\/17338","targetHints":{"allow":["GET"]}}],"collection":[{"href":"https:\/\/wp-dev.daten.cool\/index.php?rest_route=\/wp\/v2\/posts"}],"about":[{"href":"https:\/\/wp-dev.daten.cool\/index.php?rest_route=\/wp\/v2\/types\/post"}],"author":[{"embeddable":true,"href":"https:\/\/wp-dev.daten.cool\/index.php?rest_route=\/wp\/v2\/users\/2"}],"replies":[{"embeddable":true,"href":"https:\/\/wp-dev.daten.cool\/index.php?rest_route=%2Fwp%2Fv2%2Fcomments&post=17338"}],"version-history":[{"count":0,"href":"https:\/\/wp-dev.daten.cool\/index.php?rest_route=\/wp\/v2\/posts\/17338\/revisions"}],"wp:attachment":[{"href":"https:\/\/wp-dev.daten.cool\/index.php?rest_route=%2Fwp%2Fv2%2Fmedia&parent=17338"}],"wp:term":[{"taxonomy":"category","embeddable":true,"href":"https:\/\/wp-dev.daten.cool\/index.php?rest_route=%2Fwp%2Fv2%2Fcategories&post=17338"},{"taxonomy":"post_tag","embeddable":true,"href":"https:\/\/wp-dev.daten.cool\/index.php?rest_route=%2Fwp%2Fv2%2Ftags&post=17338"}],"curies":[{"name":"wp","href":"https:\/\/api.w.org\/{rel}","templated":true}]}}