{"id":17815,"date":"2020-07-04T18:47:55","date_gmt":"2020-07-04T18:47:55","guid":{"rendered":"https:\/\/www.cilip.de\/?p=17815"},"modified":"2020-07-04T18:47:55","modified_gmt":"2020-07-04T18:47:55","slug":"chronologie-juni-2020","status":"publish","type":"post","link":"https:\/\/wp-dev.daten.cool\/?p=17815","title":{"rendered":"Chronologie Juni 2020"},"content":{"rendered":"<h3>zusammengestellt von Otto Diederichs<\/h3>\n<p>1. Juni: <b>Alternative f\u00fcr Deutschland (AfD):<\/b> Durch Presseberichte <a href=\"https:\/\/www.tagesspiegel.de\/berlin\/lob-fuer-nazis-leugnung-des-holocausts-berliner-afd-politiker-bernd-pachal-als-bundespolizist-gefeuert\/25877424.html\">wird bekannt<\/a>, dass das Oberverwaltungsgericht (OVG) Berlin-Brandenburg Anfang M\u00e4rz letztinstanzlich beschlossen hatte, dass der Berliner AfD-Politiker Bernd Pachal wegen Verletzung der Pflicht zur Verfassungstreue, Leugnung des Holocausts und anderer Delikte aus dem Dienst der Bundespolizei (BPol) entlassen werden konnte. Auf eine entsprechende Klage der AfD entscheidet das Bundesverfassungsgericht (BVerfG) <a href=\"https:\/\/www.spiegel.de\/politik\/deutschland\/horst-seehofer-durfte-afd-nicht-staatszersetzend-nennen-a-6c366b3c-36c4-48ee-aa59-1f1fd22dffaf\">am 9. Juni<\/a>, das Bundesinnenminister Horst Seehofer (CSU) ein AfD-kritisches Interview nicht auf der offiziellen Internetseite seines Ministeriums ver\u00f6ffentlichen durfte. Der brandenburgische AfD-Landeschef Andreas Kalbitz hat gegen seinen Parteiausschluss im Mai wegen rechtsextremer Umtriebe beim Landgericht (LG) Berlin <a href=\"https:\/\/www.tagesspiegel.de\/berlin\/brandenburg-bisheriger-afd-landeschef-kalbitz-klagt-gegen-rauswurf-aus-partei\/25907236.html\">einen Eilantrag eingereicht<\/a>. <a href=\"https:\/\/www.spiegel.de\/politik\/deutschland\/afd-verfassungsschutz-beobachtet-landesverband-brandenburg-a-63829f6a-4e8a-4cb6-8f0b-71a6087b22cc\">Am 15. Juni<\/a> teilt das Innenministerium Brandenburg mit, dass das dortige Landesamt f\u00fcr Verfassungsschutz (LfV) den kompletten AfD-Landesverband als rechtsextremen Verdachtsfall eingestuft und unter Beobachtung gestellt hat. <a href=\"https:\/\/www.faz.net\/aktuell\/politik\/inland\/andreas-kalbitz-bleibt-vorerst-in-der-afd-16823249.html\">Am 19. Juni<\/a> erkl\u00e4rt das LG Berlin den Parteiausschluss von Andreas Kalbitz durch den AfD-Bundesvorstand f\u00fcr unzul\u00e4ssig und verweist an das Bundesschiedsgericht der Partei. <a href=\"https:\/\/www.tagesspiegel.de\/berlin\/nach-gescheitertem-parteirauswurf-brandenburgs-afd-fraktion-waehlt-kalbitz-zum-chef\/25942154.html\">Am 23. Juni<\/a> w\u00e4hlt die brandenburgische AFD Kalbitz als Chef ihrer Landtagsfraktion zur\u00fcck. <a href=\"https:\/\/www.faz.net\/aktuell\/politik\/inland\/andreas-kalbitz-soll-afd-vorerst-wieder-verlassen-16832204.html\">Am gleichen Tag<\/a> entscheidet das AfD-Bundesgeschiedsgericht dass Kalbitz die Partei vorerst wieder verlassen muss. <!--more--><\/p>\n<p>2. Juni: <b>Angriffe auf Polizist*innen:<\/b> Unbekannte <a href=\"https:\/\/www.spiegel.de\/panorama\/justiz\/leipzig-versuchter-anschlag-auf-sachsens-ex-polizeichef-bernd-merbitz-a-468e9a8c-b7fd-4204-b2b2-e5352ab52a95\">manipulieren das Auto<\/a> von Sachsens fr\u00fcherem Polizeipr\u00e4sidenten Bernd Merbitz. Am 4. Juni pr\u00e4sentiert Bayerns Innenminister Joachim Herrmann (CSU) das \u201eLagebild\u201c zur Gewalt gegen Polizist*innen. Demnach kam es 2019 <a href=\"https:\/\/www.sueddeutsche.de\/bayern\/bayern-gewalt-gegen-polizisten-bilanz-2019-1.4926735\">zu 7.959 F\u00e4llen von verbalen oder k\u00f6rperlichen Angriffen<\/a> auf bayerische Beamt*innen (2010: 6.278), 2.600 wurden dabei verletzt. Als Polizist*innen in Berlin am 5. Juni wegen einer n\u00e4chtlichen Ruhest\u00f6rung in einem Skaterpark erscheinen, werden sie von etwa 130 Personen <a href=\"https:\/\/www.morgenpost.de\/berlin\/polizeibericht\/article229265374\/Blaulicht-Blog.html\">mit Steinen beworfen<\/a>. Nach einem Aufruf im Internet treffen sich am 12. Juni erneut rund 500 Jugendliche <a href=\"https:\/\/www.tagesspiegel.de\/berlin\/teppich-aus-glasscherben-500-jugendliche-und-130-polizisten-bei-partynacht-im-gleisdreieckpark\/25912984.html\">zu einer Party<\/a> in einem Berliner Park. Als die Polizei die Feier aufl\u00f6sen will, wird sie angegriffen; 15 Personen werden festgenommen, zudem gibt es Anzeigen und Platzverweise. Am 18. Juni fordern Polizisten in Berlin einen Mann auf, vom Dach eines geparkten Autos herunterzukommen. Der Mann tritt und schl\u00e4gt sofort in Richtung der Beamten; anschlie\u00dfend versucht er einem der Polizisten die Pistole zu entrei\u00dfen und bei\u00dft ihn ins Bein. <a href=\"https:\/\/www.morgenpost.de\/berlin\/polizeibericht\/article229344588\/Mann-beisst-Polizist-ins-Bein.html\">Er wird in Gewahrsam genommen<\/a>. Als am 22. Juni in M\u00fcnchen (Bayern) eine Seniorin zur Polizeiwache gebracht wird, <a href=\"https:\/\/www.sueddeutsche.de\/muenchen\/muenchen-polizei-krankenhaus-1.4945146\">leistet sie heftigen Widerstand<\/a> und tritt einer Polizist*in gegen den Unterschenkel, die dabei eine schwere Knieverletzung erleidet. Als am 26. Juni in Apolda (Th\u00fcringen) ein Autofahrer kontrolliert werden soll, fl\u00fcchtet er zun\u00e4chst. Als die Polizei ihn schlie\u00dflich stoppen kann, <a href=\"https:\/\/www.welt.de\/vermischtes\/article210432977\/Thueringen-Mann-ueberfaehrt-Polizist-mit-Auto-Beamter-schwer-verletzt.html\">\u00fcberf\u00e4hrt er einen der Beamt*innen<\/a> und flieht erneut. Nach dem Mann wird gefahndet.<\/p>\n<p><b>Ermittlungen gegen Polizeibeamt*innen:<\/b> In Halle (Sachsen-Anhalt) wird eine Polizeistreife zu der Synagoge geschickt, an der im Oktober 2019 ein Mordversuch stattfand, weil dort ein Hakenkreuz entdeckt worden war. Ein Beamter soll das aus Papiertaschent\u00fcchern geformte Hakenkreuz stillschweigend entfernt und <a href=\"https:\/\/www.tagesspiegel.de\/politik\/verdacht-auf-strafvereitelung-polizist-in-halle-soll-illegal-hakenkreuz-beseitigt-haben\/25892558.html\">gemeldet haben, es sei nichts gefunden worden<\/a>. Gegen den Mann wurde ein Ermittlungsverfahren wegen Strafvereitelung im Amt eingeleitet. Durch <a href=\"https:\/\/www.tagesspiegel.de\/berlin\/nach-breitscheidplatz-anschlag-berliner-polizist-soll-interna-an-afd-leute-gegeben-haben\/25889972.html\">Presseberichte<\/a> wird am 5. Juni bekannt, dass die Staatsanwaltschaft (StA) Berlin gegen einen Polizeibeamten ermittelt, der im Verdacht steht, bereits kurz nach dem Terroranschlag auf den Berliner Weihnachtsmarkt im Dezember 2016 erste interne Informationen \u00fcber eine Chatgruppe an Freunde in der AfD weitergegeben zu haben. Am 11. Juni wird durch Presseberichte bekannt, dass das Landeskriminalamt (LKA) Leipzig (Sachsen) gegen eine Polizeibeamtin wegen des Verdachts ermittelt, innerhalb von vier Jahren <a href=\"https:\/\/www.spiegel.de\/panorama\/justiz\/leipzig-polizistin-soll-hunderte-beschlagnahmte-fahrraeder-verkauft-haben-korruptionsverdacht-a-696b3408-46db-45d9-8fb3-adaa52612f15\">\u00fcber 1.000 sichergestellte Fahrr\u00e4der illegal verkauft zu haben<\/a>. Polizei in Stuttgart (Baden-W\u00fcrttemberg) <a href=\"https:\/\/www.welt.de\/politik\/deutschland\/article210432777\/Stuttgart-Polizei-ermittelt-in-den-eigenen-Reihen-nach-Krawallnacht.html\">ermittelt zu einem Polizisten<\/a>, der sich in der &#8222;Krawallnacht&#8220; vom 20.\/21. Juni rassistisch \u00fcber die Akteur*innen ge\u00e4u\u00dfert hatte, wie eine Tonaufnahme belegt. Eine parlamentarische Anfrage der Linksfraktion in der Hamburger B\u00fcrgerschaft wird am 27. Juni ergibt, dass die StA in Zusammenhang mit den Ausschreitungen bei dem G20-Gipfel 2017 von insgesamt 157 Ermittlungsverfahren gegen Polizist*innen <a href=\"https:\/\/taz.de\/Rolle-der-Polizei-bei-G20-in-Hamburg\/!5692769\/\">120 eingestellt hat<\/a>, in keinem Fall erfolgten Anklagen.<\/p>\n<p><b>Hausbesetzung:<\/b> Das Berliner Kriminalgericht (KG) <a href=\"https:\/\/taz.de\/Urteil-gegen-Hausprojekt-Liebig-34\/!5690410\/\">verurteilt die Besetzer*innen des besetzten Hauses &#8222;Liebig 34&#8220;<\/a> dazu, das Haus zu r\u00e4umen; au\u00dferdem m\u00fcssen sie angefallene Kosten des klagenden Hausbesitzers in H\u00f6he von etwa 20.000 EUR tragen.<\/p>\n<p>3. Juni: <b>Rechtsextremismus:<\/b> Durch eine parlamentarische Anfrage der FDP-Bundestagsfraktion <a href=\"https:\/\/www.spiegel.de\/politik\/deutschland\/deutschland-zahl-rechtsextremer-steigt-erneut-an-a-cf17356b-2330-493a-972e-93f0d8b44af1\">wird bekannt<\/a>, dass das Bundeskriminalamt (BKA) aktuell 65 Personen als rechtsextreme Gef\u00e4hrder*innen f\u00fchrt. Der Verfassungsschutz rechnet bundesweit <a href=\"https:\/\/www.faz.net\/aktuell\/politik\/inland\/verfassungsschutz-mehr-als-30-000-rechtsextremisten-in-deutschland-16800419.html\">\u00fcber 30.000 Personen dem Rechtsextremismus zu<\/a> (2018: 24.100, davon gewaltorientiert: 12.700). Mehrere Politiker*innen in Niedersachsen haben rechtsextremistische <a href=\"https:\/\/www.tagesspiegel.de\/politik\/umschlaege-mit-pulverartiger-substanz-politiker-in-niedersachsen-erhalten-rechtsextremistische-drohbriefe\/25889100.html\">Drohbriefe mit verd\u00e4chtigen Substanzen erhalten<\/a>. In Berlin werden mehrere Lokale und andere Geb\u00e4ude <a href=\"https:\/\/www.tagesspiegel.de\/berlin\/berlin-neukoelln-unbekannte-beschmieren-mehrere-gebaeude-mit-rechtsextremen-symbolen\/25890418.html\">mit rechtsextremistischen Parolen und Hakenkreuzen beschmiert<\/a>. Am 6. Juni wird in L\u00fcneburg (Niedersachsen) <a href=\"https:\/\/www.tagesspiegel.de\/gesellschaft\/panorama\/rechtsradikale-dateien-und-waffen-sichergestellt-mann-aus-hildesheim-drohte-mit-anschlag-auf-muslime\/25896376.html\">ein Mann festgenommen<\/a>, der im Internet einen Anschlag auf Muslime angek\u00fcndigt und dabei den rechtsextremen Attent\u00e4ter im neuseel\u00e4ndischen Christchurch als sein Vorbild benannt hatte. In D\u00fcsseldorf (NRW) stellt Landesinnenminister Herbert Reul (CDU) am 9. Juni den Jahresbericht 2019 des LfV vor. Danach gibt es in NRW <a href=\"https:\/\/www.welt.de\/politik\/deutschland\/article209232731\/NRW-Verfassungsschutz-warnt-vor-zunehmender-Digitalisierung-des-Extremismus.html\">insgesamt 4.075 Rechtsextremist*innen<\/a>. Durch <a href=\"https:\/\/www.spiegel.de\/politik\/deutschland\/bundeswehr-kommando-spezialkraefte-hauptmann-schickt-hilferuf-an-kramp-karrenbauer-a-17a4b656-bedb-4539-a948-e179708027b9\">Presseberichte<\/a> wird am 12. Juni bekannt, dass ein Hauptmann des &#8222;Kommando Spezialkr\u00e4fte&#8220; (KSK) der Bundeswehr Anfang Juni in einem Schreiben an Verteidigungsministerin Annegret Kramp-Karrenbauer (CDU) beklagt, dass dort rechtsextreme Tendenzen \u201egeduldet, teilweise wissentlich vertuscht\u201c w\u00fcrden. Am 16. Juni <a href=\"https:\/\/checkpoint.tagesspiegel.de\/langmeldung\/5WW3StPukF6AUqCYxcuhBa?utm_source=tagesspiegel&amp;utm_medium=hp-teaser&amp;utm_campaign=rassismus-bleibt-alltag-in-berlin\">wird bekannt<\/a>, dass die Polizei in Berlin in diesem Jahr bereits 416 rechtsextremistische Delikte erfasst hat. Davon ein Terrorismusdelikt, 36 Gewaltdelikte, 98 F\u00e4lle von Volksverhetzung, 73 F\u00e4lle von Propaganda und 135 F\u00e4lle von Beleidigung und \u00fcbler Nachrede. Am 18. Juni teilt die Generalstaatsanwaltschaft (GStA) Celle (Niedersachsen) mit, dass sie im Fall eines Sprengstoffanschlags auf eine Frau aus Einbeck, die sich gegen Rechtsextremismus engagiert, <a href=\"https:\/\/www.spiegel.de\/panorama\/justiz\/einbeck-in-niedersachsen-ermittlungen-nach-wohl-rechtsextremem-anschlag-a-a840608e-d1d2-49c8-b89e-0e0c38beb181\">gegen zwei in Untersuchungshaft sitzende M\u00e4nner ermittelt<\/a>. Wie sich herausstellt, wurden dabei so genannte Polenb\u00f6ller verwendet, die die Polizei bei einer Razzia Anfang April gefunden, <a href=\"https:\/\/www.spiegel.de\/panorama\/justiz\/einbeck-knallkoerper-vom-lka-a-00000000-0002-0001-0000-000171773524\">jedoch wieder zur\u00fcckgegeben hatte<\/a>. Am 19, Juni werden in Gelsenkirchen (NRW) an mehreren Orten der Stadt <a href=\"https:\/\/www.faz.net\/aktuell\/politik\/inland\/gelsenkirchen-partei-mlpd-errichtet-lenin-statue-16824813.html\">Hakenkreuze, SS-Runen sowie andere Nazi-Symbole und Parolen geschmiert<\/a>. Als mutma\u00dflicher Hintergrund wird die Aufstellung einer Lenin-Statue vor der Parteizentrale der &#8222;Marxistisch-Leninistischen Partei Deutschlands&#8220; (MLPD) vermutet, die die MLPD vor Gericht erstritten hatte. Laut einem Pressebericht vom 22. Juni ordnet das Bundesamt f\u00fcr Verfassungsschutz (BfV) in seinem Jahresbericht 2019 bundesweit <a href=\"https:\/\/www.spiegel.de\/politik\/deutschland\/verfassungsschutzbericht-2019-afd-fluegel-sorgt-fuer-anstieg-bei-rechtsextremisten-a-315cfa7a-9d14-4372-8e22-0753ed92e9d0\">insgesamt 32.080 des Rechtsextremismus zu<\/a> (2018: 24.100); darunter fallen erstmals auch etwa 7.000 Anh\u00e4nger*innen des \u201eFl\u00fcgels\u201c der AfD und rund 1.600 Mitglieder der AfD-Jugendorganisation. 13.000 Personen gelten dem BfV als \u201egewaltorientiert\u201c (2018: 12.700). Am 23. Juni verbietet Bundesinnenminister Horst Seehofer <a href=\"https:\/\/www.faz.net\/aktuell\/politik\/inland\/innenminister-horst-seehofer-verbietet-rechtsextremistische-vereinigung-nordadler-16828093.html\">die rechtsextremistische Gruppe \u201eNordadler\u201c<\/a>; in NRW, Sachsen, Brandenburg und Niedersachsen f\u00fchrt die Polizei Razzien durch. Durch <a href=\"https:\/\/www.spiegel.de\/panorama\/waffen-und-munition-bei-rechtsextremem-beschlagnahmt-a-15f7f396-39de-481f-93f7-504c7671712d\">Presseberichte<\/a> wird am 24. Juni bekannt, dass die Polizei bei der Durchsuchung Mitte des Monats bei einem Rechtsextremisten in Netphen (NRW) mehrere Waffen und Munition beschlagnahmt hat.<\/p>\n<p><b>Schleuserkriminalit\u00e4t:<\/b> Das LG Hanau (Hessen) verurteilt f\u00fcnf Mitglieder eines bundesweiten Menschenh\u00e4ndlerrings wegen Einschleusung, Zwangsprostitution und anderer Delikte zu Haftstrafen <a href=\"https:\/\/www.spiegel.de\/panorama\/justiz\/hanau-zwangsprostitution-und-menschenhandel-bordellbetreiber-zu-mehrjaehrigen-freiheitsstrafen-verurteilt-a-4bdea063-e20e-46af-9980-736fbfdb3581\">zwischen viereinhalb und knapp neun Jahren<\/a> sowie Bew\u00e4hrungsstrafen zwischen zwischen zwei und drei Jahren. In Halle (Sachsen-Anhalt), Berlin und Blankenfelde (Brandenburg) <a href=\"https:\/\/www.morgenpost.de\/berlin\/article229244382\/Razzia-gegen-mutmassliche-Schleuser-in-drei-Bundeslaendern.html\">durchsucht die BPol Objekte von drei Verd\u00e4chtigen<\/a> einer mutma\u00dflichen Schleuserbande. Computer, Gesch\u00e4ftsunterlagen, Munition und Drogen werden sichergestellt; zu Festnahmen kommt es nicht. Am 24. Juni <a href=\"https:\/\/www.morgenpost.de\/berlin\/article229376552\/Grossrazzia-in-Berlin-gegen-Schleuser-Bande.html\">durchsucht die BPol in Berlin 11 Objekte<\/a> unter dem Verdacht der Schleuserkriminalit\u00e4t; ein Haftbefehl wird vollstreckt, gef\u00e4lschte Dokumente und Bargeld werden sichergestellt.<\/p>\n<p><b>Dschihadismus:<\/b> Durch eine parlamentarische Anfrage der FDP-Bundestagsfraktion wird bekannt, dass das BKA im Februar <a href=\"https:\/\/www.welt.de\/politik\/deutschland\/article208819425\/BKA-Immer-mehr-Personen-als-rechtsextreme-Gefaehrder-eingestuft.html\">insgesamt rund 600 Personen als islamistische Gef\u00e4hrder*innen f\u00fchrt<\/a>. Durch Presseberichte wird am 18. Juni bekannt, dass dem Milit\u00e4rische Abschirmdienst (MAD) im vergangenen Jahr ein Soldat der Bundeswehr-Eliteeinheit KSK <a href=\"https:\/\/www.spiegel.de\/politik\/deutschland\/bundeswehr-ksk-elitesoldat-als-islamist-enttarnt-a-74a2a501-29b0-46e8-9e01-6fd619fe8377\">als Islamist aufgefallen war<\/a> und nach einem Disziplinarverdahren entlassen wurde.<\/p>\n<p><b>Dschihadist*innen-Prozesse:<\/b> Das Oberlandesgericht (OLG) D\u00fcsseldorf (NRW) verurteilt einen Iraker wegen Mitgliedschaft in der Terrororganisation \u201eIslamischer Staat\u201c (IS) <a href=\"https:\/\/www.sueddeutsche.de\/politik\/is-terror-urteil-1.4925888\">zu einer Haftstrafe von vier Jahren und drei Monaten<\/a> (Az: III-6 StS 2\/19). Am 12. Juni <a href=\"https:\/\/www.sueddeutsche.de\/politik\/is-cyber-dschihadist-1.4934001\">verurteilt das OLG D\u00fcsseldorf (NRW) einen Deutsch-Tunesier<\/a> wegen Propaganda f\u00fcr den IS und materieller Unterst\u00fctzung der Terrorgruppe &#8222;Ahrar al-Scham&#8220; zu einer Haftstrafe von f\u00fcnf Jahren. Am 26. Juni verurteilt das OLG D\u00fcsseldorf eine zum Islam konvertierte Deutsche wegen der Vorbereitung eines Anschlags mit einer Giftbombe <a href=\"https:\/\/www.spiegel.de\/panorama\/justiz\/koeln-rizin-bombenbauerin-zu-langer-haft-verurteilt-a-960050f0-5c22-4b73-ab8e-3ae19f074749\">zu acht Jahren Haft<\/a>; ihr Mann war bereits zuvor zu 10 Jahren Haft verurteilt worden.<\/p>\n<p><b>Rechtsradikale Polizist*innen: <\/b>Hessens Innenminister Peter Beuth (CDU) gibt den Stand der Ermittlungen gegen mutma\u00dfliche rechtsradikale Polizist*innen bekannt. Seit 2015 seien <a href=\"https:\/\/www.fr.de\/rhein-main\/kein-rechtes-netzwerk-innerhalb-hessischen-polizei-13786463.html\">mehr als 70 Polizeibedienstete \u00fcberpr\u00fcft<\/a> worden, in der Mehrzahl habe sich der Verdacht nicht best\u00e4tigt. In 30 F\u00e4llen pr\u00fcft die StA eine Anklageerhebung.<\/p>\n<p><b>Homophobe Handlungen:<\/b> In Berlin wird eine Frau von einem fl\u00fcchtig bekannten Jugendlichen <a href=\"https:\/\/www.morgenpost.de\/berlin\/polizeibericht\/article229250314\/Blaulicht-Blog-Feuer-in-Fluechtlingsunterkunft-Verletzte.html\">transphob beleidigt und mit einem Stein beworfen<\/a>. Am 13. Juni wird in Berlin die Scheibe am Denkmal f\u00fcr im Nationalsozialismus verfolgte Homosexuelle <a href=\"https:\/\/www.tagesspiegel.de\/berlin\/mit-zwei-flaschen-beworfen-scheibe-am-denkmal-fuer-verfolgte-homosexuelle-zerschlagen\/25915340.html\">eingeschlagen<\/a>. In Berlin werden am 19. Juni zwei M\u00e4nner von vier Unbekannten <a href=\"https:\/\/www.morgenpost.de\/berlin\/polizeibericht\/article229353034\/Frau-vom-Wasserturm-am-Ostkreuz-gerettet.html\">homophob beleidigt und geschlagen<\/a>. Wiederum in Berlin beleidigt am 21. Juni ein unbekannter Jogger <a href=\"https:\/\/www.morgenpost.de\/berlin\/polizeibericht\/article229355634\/Blaulicht-Blog-Polizisten-bei-Unfall-schwer-verletzt.html\">einen W\u00fcrstchenverk\u00e4ufer homophob<\/a>. Am 30. Juni ger\u00e4t in einer Berliner Bar ein Mann mit einem Unbekannten in Streit. Dieser beleidigt ihn dabei homophob und <a href=\"https:\/\/www.morgenpost.de\/berlin\/polizeibericht\/article229423700\/Blaulicht-Blog-Mann-schwulenfeindlich-beleidigt.html\">schl\u00e4gt ihm mit der Faust ins Gesicht<\/a>.<\/p>\n<p>4. Juni:<b> Rechtsextremer Mordanschlag:<\/b> In 12 Bundesl\u00e4ndern mit Schwerpunkt in NRW, Hessen und Bayern <a href=\"https:\/\/www.spiegel.de\/panorama\/justiz\/walter-luebcke-durchsuchungen-wegen-online-hetze-in-zwoelf-bundeslaendern-a-2661f7a5-9829-4eca-9d69-c0e311e860df\">durchsucht die Polizei die Wohnungen von 40 Beschuldigten<\/a>. Sie stehen im Verdacht, in verschiedenen sozialen Netzwerken strafrechtlich relevante Hasskommentare \u00fcber den, im Juni 2019 ermordeten Kasseler Regierungspr\u00e4sidenten Walter L\u00fcbcke (CDU), verbreitet zu haben. Am 11. Juni <a href=\"https:\/\/www.fr.de\/rhein-main\/fall-luebcke-hessischer-geheimdienst-unter-druck-13795154.html\">best\u00e4tigt das LfV Hessen Presserecherchen<\/a>, wonach der sp\u00e4tere mutma\u00dfliche M\u00f6rder von Walter L\u00fcbcke im Jahr 2015 nur eine Waffenbesitzkarte zum legalen Erwerb erhalten hatte, weil das Amt dem Verwaltungsgericht (VG) Kassel Informationen \u00fcber rechtsextreme Aktivit\u00e4ten des Mannes vorenthalten hatte. Vor dem OLG Frankfurt\/M. (Hessen) <a href=\"https:\/\/www.spiegel.de\/panorama\/justiz\/walter-luebcke-prozess-beginnt-in-frankfurt-am-main-der-ueberblick-a-903dcfaa-9f69-4065-9f3b-162f08ee14c7\">beginnt am 16. Juni der Prozess<\/a> gegen den mutma\u00dflichen M\u00f6rder von Walter L\u00fcbcke und seinen mutma\u00dflichen Helfer. Vor Prozessbeginn muss der Sitzungssaal zun\u00e4chst <a href=\"https:\/\/www.fr.de\/rhein-main\/frankfurt-bombendrohung-luebcke-prozess-13804005.html\">mit einem Sprengstoffsuchhund abgesucht werden<\/a>, da eine Bombendrohung eingegangen ist. Am 25. Juni setzt der Hessische Landtag mit den Stimmen aller Fraktionen <a href=\"https:\/\/www.faz.net\/aktuell\/politik\/inland\/hessischer-landtag-untersuchungsausschuss-zum-luebcke-mord-16832413.html\">einen Untersuchungsausschuss zum Mordfall L\u00fcbcke ein<\/a>.<\/p>\n<p><b>Antidiskriminierungsgesetz:<\/b> Das Berliner Abgeordnetenhaus <a href=\"https:\/\/www.welt.de\/politik\/deutschland\/article208974193\/Kein-Rassismus-Problem-Union-protestiert-scharf-gegen-Berliner-Gesetz.html\">verabschiedet ein Antidiskriminierungsgesetz<\/a> auf staatliches Handeln. Es verbietet allen Beh\u00f6rden, der Polizei, Schulen und Kitas Menschen aufgrund ihrer Herkunft, Hautfarbe, Geschlecht, Behinderungen und anderem zu diskriminieren. Am 16. Juni erkl\u00e4rt Mecklenburg-Vorpommerns Innenminister Lorenz Caffier (CDU) aufgrund des Antidiskriminierungsgesetzes \u201ebis auf Weiteres\u201c keine Polizist*innen mehr zu Hilfseins\u00e4tzen nach Berlin zu entsenden. <a href=\"https:\/\/www.tagesspiegel.de\/berlin\/-keine-bundespolizisten-mehr-fuer-berlin-kann-meine-beamten-nicht-dieser-diskriminierung-aussetzen-sagt-seehofer\/25924252.html\">Das gleiche erkl\u00e4rt am 17. Juni auch Bundesinnenminister Horst Seehofer<\/a> f\u00fcr Bundespolizist*innen. Dem schlie\u00dfen sich am gleichen Tag auf der Innenministerkonferenz <a href=\"https:\/\/www.tagesspiegel.de\/berlin\/debatte-um-antidiskriminierungsgesetz-berlins-innensenator-geisel-verspricht-schutz-fuer-auswaertige-polizisten\/25929922.html\">weitere Innenminister an<\/a>, <a href=\"https:\/\/www.spiegel.de\/politik\/deutschland\/berlin-innenminister-einigen-sich-ueber-umstrittenes-antidiskriminierungsgesetz-a-8b679739-0a79-41cd-ba78-737303e04e5f\">einigen sich dann jedoch mit Berlin darauf<\/a>, dass das Gesetz f\u00fcr Beamt*innen anderer Bundesl\u00e4nder keine Auswirkungen hat. Dies hatte der Berliner Innensenator Andreas Geisel (SPD) jedoch bereits fr\u00fcher mehrfach \u00f6ffentlich bekr\u00e4ftigt.<\/p>\n<p><b>Prozesse gegen Polizist*innen:<\/b> Vor dem Amtsgericht (AG) Frankfurt\/M. (Hessen) <a href=\"https:\/\/www.faz.net\/aktuell\/gesellschaft\/kriminalitaet\/schwarzen-rassistisch-beleidigt-geldstrafe-fuer-polizisten-16800465.html\">beginnt der Prozess gegen einen Polizeibeamten<\/a>, der im Dezember 2018 im Polizeigewahrsam einen Nigerianer als \u201eDreckige N*sau\u201c und \u201eTier\u201c bezeichnet haben soll. Im Prozess gegen zwei Polizeibeamte <a href=\"https:\/\/www.spiegel.de\/panorama\/justiz\/gericht-laesst-vergewaltigungsvorwuerfe-gegen-polizisten-fallen-a-47074592-c70c-44f1-8317-0f271193d911\">l\u00e4sst das LG Erfurt (Th\u00fcringen) am 29. Juni die Vergewaltigungsvorw\u00fcrfe fallen<\/a>, da die Hauptbelastungszeugin nicht erreichbar ist. Gegen die M\u00e4nner, die im September 2019 eine Frau mit falschen Personalpapieren nach einer Verkehrskontrolle vergewaltigt haben sollen, haben den Geschlechtsverkehr zwar gestanden, er soll jedoch einvernehmlich gewesen sein. Gegen die suspendierten Beamten wird nun nur noch wegen sexuellen Missbrauchs unter Ausnutzung ihres Amtsstatus verhandelt.<\/p>\n<p><b>Presseangriffe:<\/b> Vor dem LG Berlin bep\u00f6beln Unterst\u00fctzer*innen eines vor Gericht stehenden, Rechtsextremisten ein Kamerateam des ZDF <a href=\"https:\/\/www.tagesspiegel.de\/berlin\/tumult-vor-dem-berliner-landgericht-justizbeamte-behindern-zdf-kamerateam-bei-neonazi-prozess\/25888166.html\">und greifen es an<\/a>. Daraufhin dr\u00e4ngen Justizbeamte das Team ab und greifen ihm in die Kamera. <a href=\"https:\/\/www.tagesspiegel.de\/gesellschaft\/medien\/polizisten-mit-muell-verglichen-polizeigewerkschaften-zeigen-taz-an\/25921506.html\">Am 16. Juni<\/a> erstatten die Gewerkschaft der Polizei (GdP) und die Deutsche Polizeigewerkschaft (DPolG) <a href=\"https:\/\/www.welt.de\/vermischtes\/article209717747\/Deutsche-Polizeigewerkschaft-erstattet-Strafanzeige-gegen-taz.html\">Strafanzeige wegen Volksverhetzung gegen die Berliner tageszeitung<\/a> (taz) wegen einer Kolumne zur Abschaffung der Polizei. Nach Intervention von Bundeskanzlerin Angela Merkel (CDU) zieht Bundesinnenminister Horst Seehofer seine vorherige Ank\u00fcndigung einer Strafanzeige am 25. Juni wieder zur\u00fcck und l\u00e4dt die taz-Chefredaktion <a href=\"https:\/\/www.spiegel.de\/politik\/deutschland\/horst-seehofer-erstattet-keine-anzeige-gegen-taz-koluministin-a-b9e41bad-6902-4f82-b3b8-998458e9609f\">stattdessen zu einem Gespr\u00e4ch<\/a>. Insgesamt liegen zu diesem Zeitpunkt bei der StA bereits \u00fcber 25 Anzeigen vor. In Berlin bedrohen am 27. Juni Teilnehmer*innen einer Verschw\u00f6rungs-Kundgebung gegen Corona-Auflagen filmende Journalist*innen und greifen sie an; die Polizei <a href=\"https:\/\/www.spiegel.de\/panorama\/berlin-journalisten-auf-kundgebung-von-verschwoerungsideologen-angegriffen-a-a6bb0b63-da5b-4577-ba64-1e7c06c65426\">greift nicht ein<\/a>. Am 28. Juni best\u00e4tigt die taz-Chefredaktion, dass die Autorin des umstrittenen Artikels <a href=\"https:\/\/www.tagesspiegel.de\/gesellschaft\/medien\/sie-forderte-die-abschaffung-der-polizei-laut-medienbericht-wird-taz-autorin-bedroht\/25957262.html\">massiv bedroht wird<\/a> und die taz deshalb Kontakt zur Polizei aufgenommen hat.<\/p>\n<p>5. Juni: <b>Demonstrationen gegen Corona-Auflagen:<\/b> In M\u00fcnchen (Bayern) <a href=\"https:\/\/www.abendzeitung-muenchen.de\/inhalt.verfassungsbeschwerde-eingereicht-corona-demo-am-samstag-aus-protest-gegen-auflagen-abgesagt.9c9eb6ff-4bad-4dfc-8c47-947ce900e00d.html\">sagt der Veranstalter eine f\u00fcr den n\u00e4chsten Tag geplante Demonstration ab<\/a>, weil statt der angemeldeten 10.000 Teilnehmer*innen nur 1.000 genehmigt worden waren und reicht Klage beim BVerfG ein. Zuvor hatten das VG M\u00fcnchen und der Bayerische Verwaltungsgerichtshof (VGH) die Klage zur\u00fcckgewiesen. Am 10. Juni verurteilt das AG Pirna (Sachsen) zwei Anti-Corona-Demonstranten, die bei einer Demonstration gegen Corona-Auflagen Mitte Mai gewaltsam Polizeiketten durchbrochen und Beamt*innen beschimpft hatten, zu Haftstrafen von sechs bis acht Monaten; <a href=\"https:\/\/www.faz.net\/aktuell\/politik\/inland\/gewalt-gegen-polizei-anti-corona-demonstranten-verurteilt-16809961.html\">jeweils ausgesetzt als mehrj\u00e4hrige Bew\u00e4hrungsstrafen<\/a>. Am 13. Juni beteiligen sich in M\u00fcnchen (Bayern) an zwei verschiedenen Orten <a href=\"https:\/\/www.abendzeitung-muenchen.de\/inhalt.ueberlaufene-isar-und-parks-trotz-durchsagen-der-polizei-muenchen-abstaende-wurden-oft-nicht-eingehalten.e41ced65-9208-43c9-9fcf-038f1789e62b.html\">zwischen 500 und 1.000 Menschen an Anti-Corona-Demonstrationen<\/a>. Am 25. Juni lehnt das VG Hannover (Niedersachsen) einen Eilantrag gegen das Tragen von Mund-und-Nasenschutz bei einer geplanten Demonstration ab und erkl\u00e4rt die Verf\u00fcgung der Stadt f\u00fcr rechtens (<a href=\"https:\/\/www.juris.de\/jportal\/portal\/t\/a8e\/page\/homerl.psml?nid=jnachr-JUNA200602283&amp;cmsuri=%2Fjuris%2Fde%2Fnachrichten%2Fzeigenachricht.jsp\">Az: 10 B 3500\/20<\/a>).<\/p>\n<p><b>Kindesmissbrauch:<\/b> In Niedersachsen, Hessen und Brandenburg f\u00fchrt die Polizei <a href=\"https:\/\/www.morgenpost.de\/vermischtes\/article229262062\/Kindesmissbrauch-Razzien-in-mehreren-Bundeslaendern.html\">Razzien wegen Kindesmissbrauch und Kinderpornografie<\/a> durch. 11 Personen werden festgenommen, f\u00fcr sieben wird <a href=\"https:\/\/www.spiegel.de\/panorama\/justiz\/bundesweiter-missbrauchsfall-polizei-nimmt-elf-verdaechtige-in-mehreren-bundeslaendern-fest-a-b38af84e-080e-4341-ba1e-52aed7039c56\">Untersuchungshaft angeordnet<\/a>. Am 29. Juni teilt NRW-Justizminister Peter Biesenbach (CDU) mit, dass bei den Ermittlungen in einem Missbrauchsfall auf Spuren von insgesamt \u00fcber 30.000 Verd\u00e4chtigen aufgetaucht sind. Es handele sich dabei nicht um Einzelt\u00e4ter sondern <a href=\"https:\/\/www.spiegel.de\/panorama\/missbrauchskomplex-bergisch-gladbach-spuren-von-mehr-als-30-000-verdaechtigen-entdeckt-a-a7dfba3b-f539-4947-b076-901d403643fb\">um ein \u201evernetztes Onlinegeflecht\u201c<\/a>.<\/p>\n<p><b>Rechtsradikalismus:<\/b> Der Landesvorstand der CDU Sachsen-Anhalt <a href=\"https:\/\/www.spiegel.de\/politik\/deutschland\/sieg-heil-aeusserung-cdu-spitze-in-sachsen-anhalt-will-mitglied-ausschliessen-a-c8a8a5f1-936b-4a5a-8bd2-e9f1583ab459\">beschlie\u00dft<\/a>, ein Parteimitglied wegen Kontakten zur rechten &#8222;Prepper&#8220;-Gruppierung aus der Partei auszuschlie\u00dfen. Am 12. Juni <a href=\"https:\/\/www.spiegel.de\/politik\/deutschland\/sachsen-anhalt-cdu-politiker-kai-mehliss-tritt-aus-partei-aus-a-8729d52b-a972-40a8-a6c8-96b3c3c4a4e6\">tritt der Mann aus der Partei aus<\/a>. Am 22. Juni erh\u00e4lt ein Stadtrat in Mainz (Hessen), der zugleich bei &#8222;Fridays for Future&#8220; aktiv ist, eine Droh-Mail unter einer Polizeiadresse. <a href=\"https:\/\/www.fr.de\/rhein-main\/wiesbaden\/landeskriminalamt-org27351\/hessen-polizei-mainz-kommunalpolitiker-bedroht-echtheit-fraglich-zr-13806454.html\">Ermittlungen des LKA ergeben<\/a>, dass die Adresse falsch ist.<\/p>\n<p>6. Juni: <b>Rassistische Angriffe:<\/b> In Saarbr\u00fccken (Saarland) beleidigt ein Mann an einer Bushaltestelle einen Studenten aus Gabun rassistisch und versucht ihn zu erstechen. Es wird <a href=\"https:\/\/www.faz.net\/aktuell\/gesellschaft\/kriminalitaet\/haftbefehl-nach-offenbar-rassistischem-mordversuch-in-saarbruecken-erlassen-16804346.html\">Haftbefehl erlassen<\/a>. Am 12. Juni beleidigt in Berlin ein betrunkener Mann zwei Frauen rassistisch und greift sie mit einem Bolzenschneider an. Er kann auf einem nahegelegenen Spielplatz festgenommen werden, wo er ebenfalls ein Kind <a href=\"https:\/\/www.morgenpost.de\/berlin\/polizeibericht\/article229306444\/Polizei-Feuerwehr-Berlin-Radfahrerin-bei-Unfall-in-Mitte-verletzt.html\">rassistisch beleidigt<\/a>. Am 28. Juni wird auf einer Tankstelle in Berlin ein Mann <a href=\"https:\/\/www.morgenpost.de\/berlin\/polizeibericht\/article229402632\/Mann-aus-Weissem-See-gerettet-und-reanimiert.html\">rassistisch beleidigt und anschlie\u00dfend verfolgt<\/a>, bis er einen Polizeiabschnitt anf\u00e4hrt.<\/p>\n<p><b>Antirassismus-Demonstrationen:<\/b> Nach dem gewaltsamen Tod des Afroamerikaners George Floyd bei seiner Festnahme in Minneapolis (USA) kommt es auch <a href=\"https:\/\/www.spiegel.de\/panorama\/gesellschaft\/tausende-demonstrieren-in-deutschen-staedten-gegen-rassismus-a-e04d5b13-8299-48d2-8b6e-5b33d51eb5f2\">in rund 20 deutschen St\u00e4dten<\/a> zu Antirassismus-Demonstrationen. In Berlin ist die angemeldete Zahl von 1.500 Teilnehmer*innen bereits zu Beginn \u00fcberschritten. Insgesamt nehmen rund 15.000 Personen daran teil, die Versammlung wird daher vorzeitig beendet. Anschlie\u00dfend kommt es zu <a href=\"https:\/\/www.tagesspiegel.de\/berlin\/proteste-in-berlin-15-000-menschen-auf-dem-alex-flaschenwuerfe-auf-polizisten-nach-demo\/25893082.html\">Auseinandersetzungen und \u00dcbergriffen der Polizei<\/a>; 93 Personen werden festgenommen. Bereits am Vorabend war es in dem Berliner Stadtteil Neuk\u00f6lln zu Ausschreitungen von rund 100 Personen gekommen, zu denen sich im Internet <a href=\"https:\/\/www.tagesspiegel.de\/berlin\/polizei-justiz\/zusammenhang-mit-george-floyd-demonstrationen-randale-in-neukoelln-linksextreme-veroeffentlichen-bekennerschreiben\/25892888.html\">eine linke Gruppierung bekennt<\/a>. In M\u00fcnchen (Bayern) <a href=\"https:\/\/www.sueddeutsche.de\/muenchen\/muenchen-george-floyd-silent-demo-rassismus-koenigsplatz-1.4929264\">beteiligen sich 25.000 Menschen<\/a> an einer Kundgebung (angemeldet: 200). In Hamburg sind es <a href=\"https:\/\/www.spiegel.de\/panorama\/gesellschaft\/tausende-demonstrieren-in-deutschen-staedten-gegen-rassismus-a-e04d5b13-8299-48d2-8b6e-5b33d51eb5f2\">rund 9.000 Teilnehmer*innen<\/a> (angemeldet:525); nach Ende der Demonstrationen werden 35 Jugendliche <a href=\"https:\/\/taz.de\/Antirassimus-Demo-in-Hamburg\/!5687842\/\">f\u00fcr mehrere Stunden in Gewahrsam genommen<\/a>. In Frankfurt\/M. (Hessen) <a href=\"https:\/\/www.fr.de\/frankfurt\/frankfurt-am-main-ort28687\/blacklivesmatter-frankfurt-8000-menschen-demonstrieren-gegen-rassistische-rassismus-zr-13785875.html\">beteiligen sich 8.000 Menschen<\/a>; in D\u00fcsseldorf und K\u00f6ln (NRW) <a href=\"https:\/\/www.spiegel.de\/panorama\/gesellschaft\/tausende-demonstrieren-in-deutschen-staedten-gegen-rassismus-a-e04d5b13-8299-48d2-8b6e-5b33d51eb5f2\">jeweils rund 1.000<\/a>. Am 12. Juli demonstrieren in Frankfurt\/M. (Hessen) Dutzende Menschen vor dem amerikanischen Generalkonsulat <a href=\"https:\/\/www.fr.de\/frankfurt\/deutschland-rassismusproblem-13796843.html\">gegen Rassismus und Polizeigewalt<\/a>. Im Rahmen einer bundesweiten Aktion bilden am 13. Juni in mehreren St\u00e4dten Personen <a href=\"https:\/\/www.tagesspiegel.de\/berlin\/unteilbar-demo-in-berlin-tausende-menschen-spannen-band-der-solidaritaet-durch-berlin\/25914312.html\">Menschenketten gegen soziale Ungerechtigkeit und Rassismus<\/a>. Dazu aufgerufen hat ein aus 130 Initiativen und Gruppen gebildetes B\u00fcndnis #Unteilbar. Zudem gibt es einzelne Themenabschnitte zu Klimaschutz, Feminismus und Kinderrechten. <a href=\"https:\/\/www.morgenpost.de\/berlin\/article229299560\/Unteilbar-Demonstration-Berliner-Polizei-zufrieden.html\">Verschiedenen Angaben zufolge<\/a> bilden in Berlin zwischen 8.000 und 20.000 Teilnehmer*innen eine \u00fcber neun Kilometer lange <a href=\"https:\/\/www.tagesspiegel.de\/berlin\/unteilbar-demo-in-berlin-tausende-menschen-spannen-band-der-solidaritaet-durch-berlin\/25914312.html\">Menschenkette<\/a> <a href=\"https:\/\/www.tagesspiegel.de\/berlin\/unteilbar-demo-in-berlin-tausende-menschen-spannen-band-der-solidaritaet-durch-berlin\/25914312.html\">durch mehrere Bezirke<\/a>. In Hamburg beteiligen sich rund 840 Personen, in Leipzig (Sachsen) sind es 1.400 Teilnehmer*innen; <a href=\"https:\/\/www.welt.de\/politik\/deutschland\/article209566681\/Unteilbar-Tausende-Menschen-bei-Demos-gegen-Rassismus.html\">weitere Demonstrationen<\/a> gibt es in Freiburg (Baden-W\u00fcrttemberg), Chemnitz und Plauen (Sachsen), Detmold (Niedersachsen) M\u00fcnster (NRW) und Passau (Bayern. Rund 1.000 Menschen <a href=\"https:\/\/www.morgenpost.de\/bezirke\/mitte\/article229401434\/Mehr-als-1000-Menschen-demonstrieren-gegen-Rassismus.html\">beteiligen sich am 27. Juni in Berlin<\/a> an einer Anti-Rassismus-Demonstration.<\/p>\n<p>7. Juli: <b>Angriffe auf Obdachlose:<\/b> In Bad Belzig (Brandenburg) wird eine Streifenbesatzung gerufen, weil ein betrunkener Obdachloser Passanten bel\u00e4stigt. Die Polizisten treiben den Mann vor sich her, schikanieren ihn und filmen sich dabei. Als sie das Video in einer WhatsApp-Gruppe hochladen, <a href=\"https:\/\/www.tagesspiegel.de\/berlin\/polizei-justiz\/1-30-minuten-menschenverachtung-polizisten-schikanieren-obdachlosen-und-filmen-ihn-dabei\/25908096.html\">werden sie angezeigt<\/a> .<\/p>\n<p>9. Juni: <b>Demonstrationsrecht:<\/b> Das LG K\u00f6ln (NRW) lehnt Entsch\u00e4digungsforderungen wegen rechtswidriger Freiheitsentziehung ab. Geklagt hatten 57 Demonstrant*innen, die bei einer Gegendemonstration gegen eine Kundgebung der rechten \u201ePro NRW\u201c-Initiative im Januar 2017 von der Polizei umstellt und nach viereinhalb Stunden aufgel\u00f6st worden war (<a href=\"https:\/\/www.juris.de\/jportal\/portal\/t\/xr2\/page\/homerl.psml?nid=jnachr-JUNA200702317&amp;cmsuri=%2Fjuris%2Fde%2Fnachrichten%2Fzeigenachricht.jsp\">Az: 5 O 32\/20<\/a>).<\/p>\n<p><b>Rassistische Handlungen:<\/b> Aus dem Jahresbericht der, seit 2006 bestehenden Antidiskriminierungsstelle des Bundes <a href=\"https:\/\/www.tagesspiegel.de\/politik\/bericht-der-antidiskriminierungsstelle-rassismus-bleibt-das-hauptproblem\/25898410.html\">geht hervor<\/a>, dass im vergangenen Jahr insgesamt 1.176 Meldungen eingingen (2015: 545). In 3.580 F\u00e4llen wurden <a href=\"https:\/\/www.faz.net\/aktuell\/politik\/inland\/in-deutschland-immer-mehr-faelle-von-rassistischer-diskriminierung-16806923.html\">Rechtsausk\u00fcnfte gegeben<\/a>. Am gleichen Tag wird in einem Berliner Drogeriemarkt eine Frau wegen der angeblichen Unvereinbarkeit ihres deutschen Nachnamens und ihrer Hautfarbe rassistisch beleidigt. Die Polizei <a href=\"https:\/\/www.morgenpost.de\/berlin\/polizeibericht\/article229301890\/Frau-in-Drogerie-rassistisch-beleidigt-Aufklaerung-gefordert.html\">pr\u00fcft zudem das Verhalten<\/a> der Anzeige aufnehmenden Beamt*innen. Am 18. Juni wird in Berlin der Security-Mitarbeiter einer Bank, als er eine Frau auf ihren fehlenden Corona-Mundschutz anspricht, von dieser rassistisch beschimpft; <a href=\"https:\/\/www.morgenpost.de\/berlin\/polizeibericht\/article229344588\/Verletzter-bei-Verpuffung-in-Restaurant.html\">die Frau fl\u00fcchtet unerkannt<\/a>. Am gleichen Tag beleidigt in einem Berliner Bus eine Frau einen anderen Fahrgast rassistisch; die alarmierte Polizei <a href=\"https:\/\/www.morgenpost.de\/berlin\/polizeibericht\/article229344588\/Mann-beisst-Polizist-ins-Bein.html\">stellt ihre Personalien fest<\/a>.<\/p>\n<p><b>Repression gegen linken Aktivismus:<\/b> In D\u00fcsseldorf (NRW) stellt Landesinnenminister Herbert Reul (CDU) <a href=\"https:\/\/www.welt.de\/politik\/deutschland\/article209232731\/NRW-Verfassungsschutz-warnt-vor-zunehmender-Digitalisierung-des-Extremismus.html\">den Jahresbericht 2019 des LfV vor<\/a>. Danach gibt es in NRW insgesamt 2.525 Linksextremisten. Am 10. Juni <a href=\"https:\/\/www.welt.de\/politik\/deutschland\/article209317531\/Linksextremismus-Soko-LinX-ermittelt-Durchsuchungen-in-Leipzig-Connewitz.html\">durchsucht die Polizei in Leipzig<\/a> (Sachsen) zeitgleich mehrere Wohnungen im, als linksextremistisch geltenden, Stadtteil Connewitz. Am 17. Juni l\u00e4sst die Bundesanwaltschaft (BAW) R\u00e4ume des ASTA der Universit\u00e4t in Frankfurt\/M. (Hessen) unter dem Verdacht der Mitgliedschaft in einer terroristischen Vereinigung durchsuchen. Hintergrund ist ein <a href=\"https:\/\/www.fr.de\/frankfurt\/frankfurt-am-main-ort28687\/razzia-uni-frankfurt-terroristische-vereinigung-zr-13801846.html\">Brandanschlag auf den Bundesgerichtshof<\/a> (BGH) in Leipzig (Sachsen) im Januar 2019. <a href=\"https:\/\/www.welt.de\/politik\/deutschland\/article210051823\/Verfassungsschutz-Linksextremistisch-motivierte-Straftaten-steigen-um-40-Prozent.html\">Laut einem Pressebericht<\/a> vom 22. Juni ordnet das BfV in seinem Jahresbericht 2019 bundesweit insgesamt 33.500 Personen dem Linksextremismus zu (2018: 32.000); davon gelten 9.200 Personen als gewaltorientiert. An Gewaltdelikten wurden 6.449 Taten registriert (2018: 4.622), davon zwei versuchte T\u00f6tungsdelikte (2018: 0).<\/p>\n<p>10. Juni: <b>Asyl:<\/b> Laut einer Statistik des Europ\u00e4ischen Asylunterst\u00fctzungsb\u00fcros EASO wurden wegen der Grenzschlie\u00dfungen aufgrund der Corona-Pandemie in Europa im April <a href=\"https:\/\/www.faz.net\/aktuell\/politik\/inland\/zahl-der-asylantraege-auf-tiefsten-stand-seit-ueber-einem-jahrzehnt-16809011.html\">lediglich 8.730 Asylantr\u00e4ge gestellt<\/a> (Februar: 61.421). Aus dem am 25. Juni ver\u00f6ffentlichten Jahresbericht der <a href=\"https:\/\/www.welt.de\/politik\/deutschland\/article210346545\/Erstmals-wieder-Anstieg-von-Asylantraegen-in-Europa-Deutschland-als-Ausnahme.html\">geht hervor<\/a>, dass 2019 insgesamt 165.615 Menschen einen Asylantrag in Deutschland stellten.<\/p>\n<p><b>Rockerkriminalit\u00e4t:<\/b> In M\u00fcnchen (Bayern) stechen zwei M\u00e4nner auf einen, aus einem Supermarkt kommenden Mann ein. Anschlie\u00dfend <a href=\"https:\/\/www.sueddeutsche.de\/muenchen\/muenchen-auto-menschenmenge-polizei-1.4932939\">fahren sie mit einem Transporter in die Gruppe<\/a> der dem Verletzten zu Hilfe Geeilten. T\u00e4ter und Opfer stammen aus dem Rockermilieu. Drei der sechs Angreifer <a href=\"https:\/\/www.spiegel.de\/panorama\/justiz\/muenchen-polizei-nimmt-drei-menschen-nach-autofahrt-in-menschenmenge-fest-ermittlungen-im-rocker-milieu-a-78dfe1d4-6698-4bf4-9ac1-0f8f766b90e3\">werden festgenommen<\/a>. Durch Presseberichte wird am 12. Juni bekannt, dass die urspr\u00fcnglich Festgenommen wieder auf freien Fu\u00df gesetzt wurden und nach drei Fl\u00fcchtigen gefahndet wird; zudem fanden <a href=\"https:\/\/www.abendzeitung-muenchen.de\/inhalt.drei-angreifer-namentlich-bekannt-fehde-im-rockermilieu-muenchner-polizei-durchsucht-fuenf-wohnungen.912a81e9-3dc8-4b88-a152-a13855a1bb13.html\">mehrere Wohnungsdurchsuchungen statt<\/a>. Am 27. Juni verurteilt das Schwurgericht Essen (NRW) vier Rocker der \u201eBandidos\u201c wegen K\u00f6rperverletzung mit Todesfolge <a href=\"https:\/\/www.spiegel.de\/panorama\/justiz\/nordrhein-westfalen-vier-bandidos-zu-mehrjaehrigen-haftstrafen-verurteilt-a-7056bb98-efa9-462f-ab9d-4015023b27c6\">zu mehrj\u00e4hrigen Haftstrafen<\/a>. Sie hatten im September 2018 ein Mitglied einer rivalisierenden Roickergruppe \u00fcberfallen und erstochen.<\/p>\n<p>12. Juni: <b>Terroranschlag auf Berliner Weihnachtsmarkt:<\/b> Im Berliner Untersuchungsausschuss <a href=\"https:\/\/www.tagesspiegel.de\/berlin\/drogen-frauen-und-asylrecht-was-das-bka-ueber-den-amri-vertrauten-bilel-ben-ammar-weiss\/25911290.html\">sagt ein Leitender BKA-Beamter aus<\/a>, man habe keine Mitt\u00e4ter des Attent\u00e4ters vom Dezember 2018 feststellen k\u00f6nnen und es gebe auch keine Erkenntnisse, dass ihm jemand bei der Flucht geholfen habe. Am 16. Juni ver\u00f6ffentlicht eine Abgeordnete der Linksfraktion im Bundestag ein Schreiben des nordrhein-westf\u00e4lischen Innenminister Herbert Reul (CDU) wonach er aus \u201eF\u00fcrsorge\u201c-Gr\u00fcnden die geplante Vernehmung eines Polizei-V-Mannes <a href=\"https:\/\/www.spiegel.de\/panorama\/justiz\/fall-anis-amri-nrw-innenminister-will-v-mann-nicht-vor-ausschuss-aussagen-lassen-a-8af7264e-f5ba-491a-8a17-9772ebfeca05\">durch den Untersuchungsausschuss ablehnt<\/a>. Stattdessen bietet er eine schriftliche Befragung an.<\/p>\n<p><b>Abschiebungen:<\/b> In Darmstadt (Hessen) <a href=\"https:\/\/www.fr.de\/rhein-main\/darmstadt\/darmstadt-protestaktion-gegen-abschiebehaft-13796783.html\">demonstrieren 15 Personen<\/a> f\u00fcr eine ersatzlose Abschaffung der Abschiebehaft. Am 18. Juni verl\u00e4ngert die Innenministerkonferenz (IMK) den seit 2012 geltenden Abschiebestopp f\u00fcr Syrien <a href=\"https:\/\/www.spiegel.de\/politik\/deutschland\/innenministerkonferenz-abschiebestopp-fuer-syrien-wird-verlaengert-a-b9c6059f-011e-416a-816f-b181ab55ac68\">bis zum Jahresende<\/a>.<\/p>\n<p>14. Juni. <b>Polizeisch\u00fcsse:<\/b> Durch Presseberichte unter Berufung auf Statistiken der Bundesl\u00e4nder schossen Polizeibeamt*innen im vergangenen Jahr insgesamt 67 Mal auf Personen. Dabei wurden <a href=\"https:\/\/www.spiegel.de\/panorama\/justiz\/polizei-in-deutschland-erschoss-vergangenes-jahr-14-menschen-a-f6f72254-3f2b-4ec2-a0da-a1368081d3f3\">14 Menschen get\u00f6tet<\/a> und 29 verletzt; zudem gab es 63 Warnsch\u00fcsse.<\/p>\n<p>15. Juni: <b>Verfassungsschutz:<\/b> Durch Presseberichte wird bekannt, dass das LfV Niedersachsen statt eines Rechtsextremisten \u00fcber l\u00e4ngere Zeit einen unbescholtenen B\u00fcrger abgeh\u00f6rt hatte. Die Mitarbeiterin, die den Irrtum wochenlang verschwiegen hatte, <a href=\"https:\/\/taz.de\/Panne-beim-Verfassungsschutz\/!5689644\/\">wurde versetzt<\/a>; f\u00fcr s\u00e4mtliche Arbeitsbereiche wurde <a href=\"https:\/\/www.spiegel.de\/panorama\/justiz\/niedersachsen-verfassungsschutz-prueft-nach-schwerer-panne-alle-ablaeufe-a-9d363d93-0c2e-4158-afa4-9d6d447edaf9\">eine \u00dcberpr\u00fcfung angeordnet<\/a>. Am 30. Juni gibt Sachsens Innenminister Roland W\u00f6ller (CDU) <a href=\"https:\/\/www.spiegel.de\/politik\/deutschland\/saechsischer-verfassungsschutzchef-meyer-plath-muss-gehen-a-4bc52a3a-8bbe-4316-b0b0-58e7bf59dca4\">die Entlassung von LfV-Chef Gordian Meyer-Plath bekannt<\/a>. Er wird durch Dirk Martin Christian aus dem Innenministerium ersetzt.<\/p>\n<p><b>Kriminelle Polizist*innen:<\/b> Im Prozess vor dem LG M\u00fcnchen (Bayern) <a href=\"https:\/\/www.spiegel.de\/panorama\/justiz\/muenchen-polizist-gesteht-missbrauch-an-mehreren-jungen-ich-war-neugierig-a-1ffd29d5-4150-4a97-98bc-037d668c70fc\">gesteht ein Polizeibeamter<\/a> den dutzendfachen sexuellen Missbrauch von mehreren Jungen. Am 19. Juni verurteilt das Gericht ihn zu einer Haftstrafe <a href=\"https:\/\/www.spiegel.de\/panorama\/justiz\/muenchen-polizist-wegen-kindesmissbrauchs-zu-mehr-als-vier-jahren-haft-verurteilt-a-69c11a7e-b492-40e1-895b-b7f476628fe1\">von vier Jahren und vier Monaten<\/a>.<\/p>\n<p><b>Organisierte Kriminalit\u00e4t:<\/b> Der Co-Chef des kolumbianischen Medellin-Drogenkartells, Carlos Lehder Rivas wird von den USA <a href=\"https:\/\/www.spiegel.de\/panorama\/justiz\/carlos-lehder-pablo-escobars-rechte-hand-nach-deutschland-ausgeliefert-a-cdfe8fa1-10d6-460c-b6f8-4de176d3bd59\">an Deutschland ausgeliefert<\/a>. Durch Presseberichte wird am 16 Juni bekannt, dass NRW im April ein Aussteigerprogramm f\u00fcr Angeh\u00f6rige krimineller Familienclans gestartet hat. Es richtet sich prim\u00e4r an Kinder und Jugendliche, die mit ersten Straftaten auffallen und hat derzeit 11 Teilnehmende. Am 16. Juni <a href=\"https:\/\/www.spiegel.de\/panorama\/justiz\/clan-mitglieder-in-nrw-aussteiger-programm-mit-11-jugendlichen-gestartet-a-59ce828c-0699-4fde-ae3b-98051f2ca6de\">durchsucht die Polizei bundesweit 27 Objekte<\/a> einer Gruppe, die bei einem Einbruch in die Asservatenhalle des Hauptzollamtes in Berlin, 5,2 Millionen unversteuerte Zigaretten und 8,6 Shisha-Tabak gestohlen haben soll. Acht Personen <a href=\"https:\/\/www.spiegel.de\/panorama\/justiz\/berlin-acht-verdaechtige-nach-einbruch-in-asservatenhalle-in-haft-a-a5998c12-28df-4215-a318-bf6590e328cd\">werden festgenommen<\/a>. Bei einer bundesweiten Razzia gegen illegalen Internethandel werden 11 Haftbefehle vollstreckt und weitere 32 Personen vorl\u00e4ufig festgenommen. Waffen, Drogen, Computer und gr\u00f6\u00dfere Datenmengen werden beschlagnahmt. Auch in Polen und \u00d6sterreich finden in diesem Zusammenhang <a href=\"https:\/\/www.faz.net\/aktuell\/gesellschaft\/kriminalitaet\/cyberkriminalitaet-43-menschen-bei-razzien-festgenommen-16830329.html\">Durchsuchungen statt<\/a>. Am 23. Juni f\u00fchren Polizist*innen in K\u00f6ln (NRW), R\u00f6dermark (Hessen) und im franz\u00f6sischen Bondy eine Razzia gegen eine Einbrecherbande durch; <a href=\"https:\/\/www.faz.net\/aktuell\/gesellschaft\/kriminalitaet\/razzia-gegen-einbrecherbande-in-nrw-hessen-und-frankreich-16829976.html\">acht Haftbefehle werden vollstreckt<\/a>. F\u00fcnf Immobilien im Wert von 2,4 Mio. EUR <a href=\"https:\/\/www.welt.de\/vermischtes\/article210264379\/Koeln-Hessen-Paris-Acht-Festnahmen-bei-Razzia-gegen-Grossfamilie.html\">werden beschlagnahmt<\/a> und weitere Wertgegenst\u00e4nde in H\u00f6he von etwa 200.000 EUR sichergestellt. Am 25. Juni <a href=\"https:\/\/www.spiegel.de\/panorama\/justiz\/berlin-handel-mit-luxuskarossen-polizei-fasst-mutmassliche-autoschieber-a-d34100b3-ad8a-4c5e-a4c6-773cefe40866\">durchsuchen Zollfahnder*innen in f\u00fcnf Bundesl\u00e4ndern<\/a> Objekte einer internationalen Autoschieberbande. 25 Luxusfahrzeuge, die mit gef\u00e4lschten Papieren importiert wurden und weitere Wertgegenst\u00e4nde von rund 900.000 EUR werden sichergestellt; 12 Haftbefehle werden vollstreckt.<\/p>\n<p>17. Juni: <b>G20-Gipfel:<\/b> Seit anderthalb Jahren wird der, unter Ausschluss der \u00d6ffentlichkeit, verhandelte Prozess gegen f\u00fcnf junge M\u00e4nner wegen der Auseinandersetzungen w\u00e4hrend des G20-Gipfels im Juli 2017 <a href=\"https:\/\/taz.de\/G20-Elbchaussee-Prozess-jetzt-oeffentlich\/!5689867\/\">wieder f\u00fcr die \u00d6ffentlichkeit freigegeben<\/a>.<\/p>\n<p><b>Ex-Privatagent Mauss:<\/b> Das LG Bochum (NRW) setzt den Prozess gegen den Ex-Agenten Werner Mauss wegen mutma\u00dflicher Steuerhinterziehung in H\u00f6he von 14 Mio. EUR <a href=\"https:\/\/www.sueddeutsche.de\/politik\/ex-geheimagent-werner-mauss-prozee-geplatzt-1.4941052\">zum zweiten Mal aus<\/a>, da Unterlagen aus der Schweiz, Luxemburg und Israel fehlen.<\/p>\n<p>18. Juni: <b>Polizeilicher Todesschuss:<\/b> In einer Arztpraxis in Twist (Niedersachsen) bedroht ein Asylbewerber aus Guinea mehrere Menschen mit einem Messer. Als er damit auch auf die herbeigerufenen Polizisten zugeht, <a href=\"https:\/\/www.faz.net\/aktuell\/gesellschaft\/kriminalitaet\/mann-aus-osnabrueck-stirbt-nach-polizeischuss-in-bein-16822659.html\">schie\u00dft ihm ein Beamter in den Oberschenkel<\/a>. Auf dem Weg ins Krankenhaus muss er reanimiert werden; in der Nacht stirbt der Mann. In Bremen wird die Polizei zu einem Wohnkomplex gerufen, weil im dortigen Innenhof ein Mann, der sich in einer \u201epsychisch sozialen Krise\u201c befindet, mit einem Messer hantiert. Aufforderungen, das Messer wegzulegen, ignoriert er. Als die Beamt*innen daraufhin Pfefferspray einsetzen, greift der Mann sie an; <a href=\"https:\/\/www.welt.de\/vermischtes\/article209881651\/Rassismusdebatte-nach-toedlichen-Polizeischuessen-von-Bremen.html\">ein Beamter gibt von hinten zwei Sch\u00fcsse auf ihn ab<\/a> und verletzt ihn schwer. Der Mann <a href=\"https:\/\/taz.de\/Polizist-erschiesst-psychisch-Kranken\/15601703\/\">stirbt im Krankenhaus<\/a>.<\/p>\n<p><b>Milit\u00e4rischer Abschirmdienst (MAD):<\/b> Durch Presseberichte wird bekannt, dass ein MAD-Mitarbeiter, der an den Ermittlungen und der Durchsuchungsaktion im Mai auf dem Grundst\u00fcck eines rechtsextremen KSK-Soldaten in Collm (Sachsen), bei der Sprengstoff und Waffen gefunden worden waren, beteiligt war, diese Informationen an einen anderen, befreundeten KSK-Soldaten weitergegeben und ihn vor eventuellen weiteren Aktionen gewarnt hatte. Der Mann wurde <a href=\"https:\/\/www.spiegel.de\/politik\/deutschland\/mad-fahnder-gab-ermittlungsdetails-an-ksk-soldaten-weiter-a-e478e6b8-22a4-462d-a828-71494e8d0fca\">vom Dienst suspendiert<\/a> und es wird wegen Geheimnisverrat ermittelt.<\/p>\n<p>Durch Presserecherchen <a href=\"https:\/\/sueddeutsche.de\/politik\/bundeswehr-mad-dienstgeheimnisse-1.4941888\">wird am 19. Juni bekannt<\/a>, dass mindestens acht KSK-Soldaten regelm\u00e4\u00dfig \u00fcber Interna des MAD informiert worden sind.<\/p>\n<p>19. Juni: <b>Polizeischuss:<\/b> In einem Supermarkt in Augsburg (Bayern) legt ein ertappter Ladendieb in einem Raum Feuer. Als er die herbeigerufenen Polizisten mit einem Messer bedroht, <a href=\"https:\/\/www.faz.net\/aktuell\/gesellschaft\/kriminalitaet\/einsatz-eskaliert-in-augsburg-polizist-schiesst-mutmasslichen-ladendieb-an-16823934.html\">schie\u00dft ein Beamter auf ihn<\/a> und verletzt ihn schwer.<\/p>\n<p><b>Antisemitismus:<\/b> Die Polizei in Brandenburg best\u00e4tigt, dass sie gegen den Verschw\u00f6rungserz\u00e4hler Attila Hildmann <a href=\"https:\/\/www.morgenpost.de\/berlin\/article229346576\/Antisemitismus-Staatsschutz-ermittelt-gegen-Attila-Hildmann.html\">wegen antisemitischer \u00c4u\u00dferungen Ermittlungen f\u00fchrt<\/a>.<\/p>\n<p>20. Juni: <b>Widerstand gegen Corona-Auflagen:<\/b> Rund um ein wegen mehrfacher Corona-Infektionen, unter Quarant\u00e4ne stehendes Hochhaus in G\u00f6ttingen (Niedersachsen) <a href=\"https:\/\/www.welt.de\/vermischtes\/article210027741\/Goettinger-Brennpunkt-unter-Quarantaene-Acht-Polizisten-bei-Krawallen-verletzt.html\">bedr\u00e4ngen etwa 80 bis 100 Bewohner*innen die Polizei<\/a> und versuchen, <a href=\"https:\/\/www.faz.net\/aktuell\/gesellschaft\/kriminalitaet\/goettingen-polizisten-mit-eisenstangen-und-flaschen-beworfen-16825685.html\">die Absperrungen zu durchbrechen<\/a>.<\/p>\n<p>21. Juni: <b>Ausschreitungen gegen Polizei<\/b>: Ausgel\u00f6st durch eine Drogenkontrolle beginnt in der Innenstadt von Stuttgart (Baden-W\u00fcrttemberg) gegen Mitternacht <a href=\"https:\/\/www.stuttgarter-zeitung.de\/inhalt.krawalle-in-stuttgart-polizei-nennt-erste-hintergruende-zu-den-ausschreitungen.b545276f-8621-4ed3-8908-dc346c55e494.html\">eine mehrst\u00fcndige Stra\u00dfenschlacht<\/a>, an der sich mehrere Hundert Jugendliche beteiligen. Zeitweilig ger\u00e4t die Situation <a href=\"https:\/\/www.spiegel.de\/panorama\/justiz\/stuttgart-verletzte-und-pluenderungen-bei-ausschreitungen-a-be8c0389-4987-4cff-93ce-6ac5c1e7911f\">nach Polizeiangaben \u201ev\u00f6llig au\u00dfer Kontrolle\u201c<\/a>. Etwa 100 zus\u00e4tzliche Beamt*innen werden aus dem Umland zusammengezogen. Bei 40 Gesch\u00e4ften werden die Scheiben eingeschlagen und es kommt zu Pl\u00fcnderungen. Etwa 20 Beamt*innen werden verletzt; <a href=\"https:\/\/www.sueddeutsche.de\/panorama\/stuttgart-randale-gewalt-1.4943574\">24 Personen festgenommen<\/a>. Acht von ihnen werden <a href=\"https:\/\/www.spiegel.de\/panorama\/krawalle-in-stuttgart-acht-mutmassliche-randalierer-in-untersuchungshaft-a-f8297178-7ee6-44cb-8650-9337ffdecf39\">in Untersuchungshaft genommen<\/a>, einer wegen versuchtem Totschlag.<\/p>\n<p>22. Juni: <b>Umweltdemonstrationen:<\/b> Im Hambacher Forst zwischen K\u00f6ln und Aachen (NRW) beginnt die Polizei mit einem R\u00e4umungseinsatz. Sie teilt jedoch zuvor mit, dabei gehe nicht um die R\u00e4umung der Baumh\u00e4user sondern um die Entfernung von Barrikaden, Derzeit ist das urspr\u00fcngliche Tagebau-Abbaugebiet <a href=\"https:\/\/www.sueddeutsche.de\/panorama\/hambacher-forst-polizei-1.4944878\">von etwa 100 Demonstrant*innen besetzt<\/a>. Zwei gro\u00dfe und mehrere kleinere Barrikaden werden abgebaut. Dabei werden die Polizist*Innen <a href=\"https:\/\/www.welt.de\/politik\/deutschland\/article210128771\/Hambacher-Forst-Vermummte-bewerfen-Polizei-Ende-Gelaende-beklagt-Schikane.html\">mit Steinen und B\u00f6llern beworfen<\/a>; zwei Frauen in Gewahrsam genommen.<\/p>\n<p>23. Juni: <b>Salafismus:<\/b> In Berlin <a href=\"https:\/\/www.morgenpost.de\/berlin\/polizeibericht\/article229369140\/Razzia-wegen-Betrugs-bei-Corona-Soforthilfen-in-Moschee.html\">durchsucht die Polizei drei Objekte<\/a>, darunter eine salafistische Moschee, unter dem Verdacht des Subventionsbetruges bei Corona-Soforthilfen. Der Verdacht richtet sich gegen zwei M\u00e4nner der Szene; Beweismittel werden beschlagnahmt, <a href=\"https:\/\/www.tagesspiegel.de\/berlin\/polizei-justiz\/ermittlungen-auch-in-tempelhofer-moschee-razzien-wegen-verdachts-auf-corona-betrug\/25941054.html\">zu Festnahmen kommt es nicht<\/a>.<\/p>\n<p>\u201e<b>Identit\u00e4re Bewegung\u201c:<\/b> Die \u201eIdentit\u00e4re Bewegung\u201c darf vom BFV als \u201egesichert rechtsextrem\u201c eingestuft werden. Das VG Berlin <a href=\"https:\/\/www.morgenpost.de\/berlin\/article229370102\/Identitaere-Bewegung-gesichert-rechtsextrem.html\">wies den Antrag der \u201eIdentit\u00e4ren\u201c gegen die Einstufung zur\u00fcck<\/a>; gegen den Beschluss ist Beschwerde m\u00f6glich.<\/p>\n<p>24. Juni: <b>Polizeiliche Sch\u00fcsse:<\/b> Wegen des Verdachts des illegalen Waffenbesitzes dringt in Hamm (NRW) ein Sondereinsatzkommando (SEK) <a href=\"https:\/\/www.faz.net\/aktuell\/gesellschaft\/kriminalitaet\/hamm-konvertit-soll-auf-polizisten-geschossen-haben-16830825.html\">in eine Wohnung ein und wird sofort beschossen<\/a>. Der T\u00e4ter verfehlt die Beamt*innen jedoch und diese schie\u00dfen zur\u00fcck. Er wird von drei Sch\u00fcssen in die Beine getroffen.<\/p>\n<p><b>Private Sicherheitsdienste:<\/b> Durch Presseberichte wird bekannt, dass die StA gegen einen Mitarbeiter des Sicherheitsdienstes im \u201eAnkerzentrum\u201c von Bamberg (Bayern) <a href=\"https:\/\/www.sueddeutsche.de\/bayern\/bamberg-gewalt-fluechtling-ermittlungen-1.4945150\">wegen des Verdachts der gef\u00e4hrlichen K\u00f6rperverletzung ermittelt<\/a>, nachdem er einen der dortigen Fl\u00fcchtlinge gegen den Kopf getreten hat.<\/p>\n<p>25. Juni: <b>Verluste von Dienstwaffen:<\/b> Nachdem in Quickborn (Schleswig-Holstein) ein Beamter w\u00e4hrend eines Einsatzes seine Dienstwaffe verloren hat, <a href=\"https:\/\/www.welt.de\/vermischtes\/article210439025\/Schleswig-Holstein-Polizei-verliert-bei-Einsatz-schussbereite-Pistole.html\">wird bekannt<\/a>, dass deutschen Sicherheitsbeh\u00f6rden bei den vergangenen 10 Jahren insgesamt 47 Dienstwaffen verloren gingen. Bei der Bundeswehr sind es 58 Schusswaffen.<\/p>\n<p>26. Juni: <b>Demonstrationen gegen Rechts:<\/b> Nach einer Serie von rechten Anschl\u00e4gen in einem Berliner Stadtteil <a href=\"https:\/\/www.tagesspiegel.de\/berlin\/ermittler-vermuten-neue-anschlagsserie-linke-demonstrieren-gegen-rechten-terror-in-neukoelln\/25954432.html\">demonstrieren dort rund 2.000 Menschen<\/a> gegen rechten Terror.<\/p>\n<p>\u201e<b>Revolution Chemnitz\u201c:<\/b> Das AG Chemnitz (Sachsen) verurteilt sechs mutma\u00dfliche Mitl\u00e4ufer der rechtsextremen Terrorgruppe wegen eines \u00dcberfalls auf Parkbesucher im September 2018 <a href=\"https:\/\/www.faz.net\/aktuell\/politik\/inland\/haftstrafen-fuer-mutmassliche-mitlaeufer-von-revolution-chemnitz-16834778.html\">zu Haftstrafen zwischen sechs Monaten und einem Jahr<\/a>.<\/p>\n<p><b>Rechtsradikalismus bei der Bundeswehr:<\/b> Aus einer Bundeswehr\u00fcbung wird ein Reserveoffizier herausgeholt und gegen ihn ein sofortiges Uniform- und Dienstverbot verh\u00e4ngt. Der Mann aus Niedersachsen war dem MAD als Teilnehmer von zwei rechtsradikalen Chatgruppen aufgefallen. Bei der Durchsuchung seiner Datentr\u00e4ger ist der MAD auf eine Adressen- und Telefonliste <a href=\"https:\/\/www.spiegel.de\/politik\/deutschland\/bundeswehr-ermittler-finden-politiker-liste-bei-rechtsextremem-reservisten-a-729b2dfe-fee6-472a-a7d9-2935a482b7c7\">von 17 Politiker*innen und Prominenten gesto\u00dfen<\/a>.<\/p>\n<p>30. Juni: <b>Drogenfahndung:<\/b> Bei einer Razzia in Weimar (Th\u00fcringen) und Berlin werden <a href=\"https:\/\/www.morgenpost.de\/berlin\/article229414344\/Drogenring-gesprengt-Kokain-und-Tausende-Euro-gefunden.html\">acht Verd\u00e4chtige eines Drogenrings festgenommen<\/a>. Gr\u00f6\u00dfere Mengen verschiedener Drogen und mehrere 1.000 EUR Bargeld werden sichergestellt.<\/p>\n<p><em>Beitragsbild: F\u00fcr den &#8222;Tatortbesuch&#8220; von Innenminister Seehofer und der Presse am 22. Juni in Stuttgart wurde das Samstagnacht demolierte Polizeiauto als Kulisse aufgefahren und wie ein Kunstwerk enth\u00fcllt (<a href=\"https:\/\/twitter.com\/Fotografie_JV\/status\/1275049246555811842\/photo\/1\">Jens Volle<\/a>).<\/em><\/p>\n","protected":false},"excerpt":{"rendered":"<p>zusammengestellt von Otto Diederichs 1. Juni: Alternative f\u00fcr Deutschland (AfD): Durch Presseberichte wird bekannt, dass<\/p>\n","protected":false},"author":2,"featured_media":17813,"comment_status":"open","ping_status":"open","sticky":false,"template":"","format":"standard","meta":{"footnotes":""},"categories":[6],"tags":[667,820,1094,1186,1195,1216],"class_list":["post-17815","post","type-post","status-publish","format-standard","has-post-thumbnail","hentry","category-chronologien","tag-geheimdienste","tag-justiz","tag-polizei","tag-rassismus","tag-rechtsextremismus","tag-repression"],"_links":{"self":[{"href":"https:\/\/wp-dev.daten.cool\/index.php?rest_route=\/wp\/v2\/posts\/17815","targetHints":{"allow":["GET"]}}],"collection":[{"href":"https:\/\/wp-dev.daten.cool\/index.php?rest_route=\/wp\/v2\/posts"}],"about":[{"href":"https:\/\/wp-dev.daten.cool\/index.php?rest_route=\/wp\/v2\/types\/post"}],"author":[{"embeddable":true,"href":"https:\/\/wp-dev.daten.cool\/index.php?rest_route=\/wp\/v2\/users\/2"}],"replies":[{"embeddable":true,"href":"https:\/\/wp-dev.daten.cool\/index.php?rest_route=%2Fwp%2Fv2%2Fcomments&post=17815"}],"version-history":[{"count":0,"href":"https:\/\/wp-dev.daten.cool\/index.php?rest_route=\/wp\/v2\/posts\/17815\/revisions"}],"wp:featuredmedia":[{"embeddable":true,"href":"https:\/\/wp-dev.daten.cool\/index.php?rest_route=\/wp\/v2\/media\/17813"}],"wp:attachment":[{"href":"https:\/\/wp-dev.daten.cool\/index.php?rest_route=%2Fwp%2Fv2%2Fmedia&parent=17815"}],"wp:term":[{"taxonomy":"category","embeddable":true,"href":"https:\/\/wp-dev.daten.cool\/index.php?rest_route=%2Fwp%2Fv2%2Fcategories&post=17815"},{"taxonomy":"post_tag","embeddable":true,"href":"https:\/\/wp-dev.daten.cool\/index.php?rest_route=%2Fwp%2Fv2%2Ftags&post=17815"}],"curies":[{"name":"wp","href":"https:\/\/api.w.org\/{rel}","templated":true}]}}