{"id":17828,"date":"2020-08-03T11:51:19","date_gmt":"2020-08-03T11:51:19","guid":{"rendered":"https:\/\/www.cilip.de\/?p=17828"},"modified":"2020-08-03T11:51:19","modified_gmt":"2020-08-03T11:51:19","slug":"chronologie-juli-2020","status":"publish","type":"post","link":"https:\/\/wp-dev.daten.cool\/?p=17828","title":{"rendered":"Chronologie Juli 2020"},"content":{"rendered":"<h3>zusammengestellt von Otto Diederichs<\/h3>\n<p>1. Juli: <b>Schleuserkriminalit\u00e4t:<\/b> In f\u00fcnf Bundesl\u00e4ndern <a href=\"https:\/\/www.morgenpost.de\/vermischtes\/article229423248\/Grosseinsatz-gegen-Schleuserbande-in-fuenf-Bundeslaendern.html\">durchsucht die Bundespolizei<\/a> (BPol) Objekte einer mutma\u00dflichen Schleuser- und Passf\u00e4lschergruppe. Mehrere Personen <a href=\"https:\/\/www.spiegel.de\/panorama\/razzien-der-bundespolizei-pate-der-passfaelscher-verhaftet-a-6f1411f4-11ae-4d1b-a3a4-aeebfde2a04d\">werden verhaftet<\/a>, darunter ein Mann, der albanische Kriminelle mit falschen P\u00e4ssen versorgt haben soll. Bei der Kontrolle eines t\u00fcrkischen Obstlasters an der tschechisch-s\u00e4chsischen Grenze werden am 14. Juli <a href=\"https:\/\/www.tagesspiegel.de\/politik\/lkw-an-tschechisch-saechsischer-grenze-gestoppt-31-migranten-in-kuehllaster-entdeckt\/26006686.html\">31 Migrant*innen entdeckt<\/a>.<\/p>\n<p>2. Juli: <b>Terroranschlag auf Berliner Weihnachtsmarkt:<\/b> Der Untersuchungsausschuss des Bundestages <a href=\"https:\/\/www.spiegel.de\/politik\/deutschland\/fall-anis-amri-untersuchungsausschuss-des-bundestags-laedt-maassen-vor-a-00e704b1-6462-443f-abc9-cd974e4835a5\">beschlie\u00dft die Vorladung<\/a> des fr\u00fcheren Pr\u00e4sidenten des Bundesamtes f\u00fcr Verfassungsschutz (BfV), Hans-Georg Maa\u00dfen. Durch <a href=\"https:\/\/www.sueddeutsche.de\/politik\/amri-v-mann-untersuchungsausschuss-1.4982265\">Presseberichte<\/a> wird am 28. Juli bekannt, dass das Innenministerium NRW dem Untersuchungsausschuss die pers\u00f6nliche Zeugenaussage eines ehemaligen V-Mannes verweigert, obwohl dieser sich dazu bereit erkl\u00e4rt hatte. Als Begr\u00fcndung wird angegeben, das Leben des Mannes sei dadurch in Gefahr.<!--more--><\/p>\n<p><b>Verfassungsschutz:<\/b> Der ehemalige Leiter des s\u00e4chsischen Landesamtes f\u00fcr Verfassungsschutz (LfV) sei Ende Juni <a href=\"https:\/\/www.spiegel.de\/politik\/deutschland\/wegen-afd-datensammlung-chef-des-saechsischen-verfassungsschutzes-abgesetzt-a-3da6e651-e1a8-4d5c-8677-c83d0255a16c\">angeblich zu wegen &#8222;zu forschem Vorgehen&#8220;<\/a> gegen Rechtsextremisten in der Partei \u201eAlternative f\u00fcr Deutschland\u201c (AfD) versetzt worden. So habe er sich etwa geweigert, Daten von acht AfD-Mitgliedern zu l\u00f6schen. Am 22. Juli <a href=\"https:\/\/www.faz.net\/aktuell\/politik\/inland\/bayerns-verfassungsschutzbericht-darf-nicht-mehr-verbreitet-werden-16871420.html\">entschied das Verwaltungsgericht (VG) M\u00fcnchen<\/a> (Bayern), dass der bayerische Verfassungsschutzbericht 2019 in seiner jetzigen Form nicht mehr verbreitet werden darf. Geklagt hatte die \u201eZeitgeschichtliche Forschungsstelle Ingolstadt, die in dem Bericht als rechtsextrem bezeichnet wird. Die Argumente des LfV waren dem Gericht nicht schl\u00fcssig genug. Durch <a href=\"https:\/\/www.spiegel.de\/politik\/deutschland\/afd-mitarbeiterin-spionierte-fuer-den-verfassungsschutz-in-moscheen-a-00000000-0002-0001-0000-000172178896\">Presseberichte<\/a> wird am 24. Juli bekannt, dass eine Islamfeindin, die fr\u00fcher f\u00fcr das bayerische LfV als V-Person aus Moscheen berichtete, nun als Mitarbeiterin der AfD-Bundestagsfraktion arbeitet.<\/p>\n<p><b>Repression gegen linken Aktivismus<\/b><b>:<\/b> In sieben St\u00e4dten in Baden-W\u00fcrttemberg <a href=\"https:\/\/www.welt.de\/vermischtes\/article210843385\/Baden-Wuerttemberg-Razzien-nach-Angriff-bei-Corona-Demo.html\">durchsucht die Polizei neun Objekte<\/a> von Anh\u00e4nger*innenn der linken Szene. Sie stehen im Verdacht, im Mai drei Menschen auf dem Weg zu einer Demonstration gegen Corona-Auflagen angegriffen und einen dabei lebensgef\u00e4hrlich verletzt zu haben. F\u00fcr 2019 verzeichnet der Verfassungsschutzbericht, den Bundesinnenminister Horst Seehofer (CSU) am 9. Juli in Berlin vorstellt, <a href=\"https:\/\/www.sueddeutsche.de\/politik\/seehofer-verfassungsschutz-bericht-1.4961764\">bundesweit \u00fcber 6.400 linksextremistische Taten<\/a> (Berlin: 205 \/ NRW: 200). Laut einer Statistik des Landeskriminalamt (LKA) Bayern, die am 17. Juli bekannt wird, sind dem LKA mit Stand vom Juni des Jahres insgesamt 37 \u201eFeindeslisten\u201c mit Namen und Daten von politischen Gegner*innen bekannt; davon entfallen <a href=\"https:\/\/www.spiegel.de\/panorama\/lka-zaehlt-37-feindeslisten-von-extremisten-in-bayern-a-61eacc21-8109-4b53-b74f-abeb888805d0\">11 Listen auf linke Gruppen<\/a>.<\/p>\n<p><b>Dschihadismus:<\/b> Der Europ\u00e4ische Gerichtshof (EuGH) erkl\u00e4rt die Unterbringung von dschihadistischen \u201eGef\u00e4hrdern\u201c vor ihrer Abschiebung in regul\u00e4ren Gef\u00e4ngnissen <a href=\"https:\/\/www.spiegel.de\/politik\/deutschland\/abschiebehaft-eugh-gestattet-unterbringung-von-gefaehrdern-im-gefaengnis-a-5ebdc910-ebe7-40b1-b889-455f0474ed91\">f\u00fcr rechtm\u00e4\u00dfig<\/a>, wenn dies aus Sicherheitsgr\u00fcnden erforderlich ist; sie m\u00fcssen allerdings getrennt von den \u00fcbrigen Strafgefangenen untergebracht werden. Geklagt hatte ein dschihadismusverd\u00e4chtiger Tunesier. Durch Presseberichte wird am 4. Juli bekannt, dass das Bundeskriminalamt (BKA) Anfang des Monats bundesweit 630 islamistische &#8222;Gef\u00e4hrder&#8220; gez\u00e4hlt hat (Juli 2019: 702); hinzu kommen 510 sogenannte relevante Personen. 110 &#8222;Gef\u00e4hrder&#8220; sind in Deutschland <a href=\"https:\/\/www.welt.de\/politik\/deutschland\/article211015095\/Bundeskriminalamt-Zahl-islamistischer-Gefaehrder-in-Deutschland-sinkt.html\">aktuell inhaftiert<\/a>. Laut einer parlamentarischen Anfrage der AfD-Bundestagsfraktion, <a href=\"https:\/\/www.welt.de\/politik\/deutschland\/article211304317\/Mehrheit-der-islamistischen-Gefaehrder-und-Helfer-ohne-deutschen-Pass.html\">die am 9. Juli bekannt wird<\/a>, waren es Ende Dezember 2019 noch 377 (M\u00e4rz 2020: 362 &#8222;Gef\u00e4hrder&#8220;, 436 relevante Personen). Am 15. Juli durchsuchen Polizeibamt*innen in Berlin in einer Gro\u00dfrazzia 19 Wohnungen und Gewerber\u00e4ume von 12 Verd\u00e4chtigen unter dem Vorwurf der Terrorfinanzierung; <a href=\"https:\/\/www.faz.net\/aktuell\/politik\/inland\/razzia-bei-islamistischer-szene-in-berlin-16861574.html\">zu Festnahmen kommt es nicht<\/a>.<\/p>\n<p><b>Homophobe Handlungen:<\/b> Die Staatsanwaltschaft (StA) in Bremen <a href=\"https:\/\/www.spiegel.de\/panorama\/gesellschaft\/bremen-pastor-olaf-latzel-wegen-volksverhetzung-angeklagt-a-8a5e30b0-b407-4f71-9c95-0573662352a4\">erhebt Anklage<\/a> wegen Volksverhetzung gegen einen evangelischen Pastor. Er hatte im Oktober 2019 Homosexuelle pauschal als Verbrecher und Homosexualit\u00e4t als \u201eDegenerationsform der Gesellschaft\u201c bezeichnet. In Berlin wird am 29. Juli eine Transfrau <a href=\"https:\/\/www.tagesspiegel.de\/berlin\/polizei-justiz\/polizeimeldungen-aus-berlin-transfrau-beschimpft-und-mit-stein-beworfen\/25616846.html\">von einer M\u00e4nnergruppe beschimpft<\/a> und mit einem Stein beworfen, bevor die Gruppe unerkannt fl\u00fcchtet. Durch Presseberichte wird am gleichen Tag bekannt, dass in M\u00fcnchen Mitte Juli eine \u201eTransperson\u201c beim Verlassen eines Backshops <a href=\"https:\/\/www.faz.net\/aktuell\/gesellschaft\/kriminalitaet\/angriff-auf-transperson-in-muenchen-16883150.html\">von einem Mann beleidigt<\/a> und anschlie\u00dfend gemeinsam mit zwei anderen M\u00e4nnern geschlagen und getreten wurde. Zwei T\u00e4ter k\u00f6nnen festgenommen werden.<\/p>\n<p><b>Angriff<\/b><b>e<\/b><b> a<\/b><b>uf<\/b><b> Politiker*in<\/b><b>nen<\/b><b>:<\/b> Die Partei \u201eDie Linke\u201c in <a href=\"https:\/\/www.sueddeutsche.de\/bayern\/koesching-angriff-politikerin-linke-1.4955048\">Bayern teilt mit<\/a>, dass Ende Juni eine Bezirksr\u00e4tin ihrer Partei von einem Unbekannten \u00fcberfallen und versucht wurde, sie zu strangulieren. Die Frau konnte sich befreien und fliehen. Durch <a href=\"https:\/\/www.spiegel.de\/panorama\/lka-zaehlt-37-feindeslisten-von-extremisten-in-bayern-a-61eacc21-8109-4b53-b74f-abeb888805d0\">Pressever\u00f6ffentlichungen<\/a> wird am 17. Juli bekannt, dass in Bayern im Jahr 2019 insgesamt 272 Straftaten gegen kommunalpolitische Amts- und Mandatstr\u00e4ger*innen angezeigt wurden (2017: 194).<\/p>\n<p><b>Antisemitismus:<\/b> Das Amtsgericht (AG) Freiburg (Baden-W\u00fcrttemberg) hat einen Mann, der einem anderen die Kippa vom Kopf gerissen hatte, zu einer halbj\u00e4hrigen Bew\u00e4hrungsstrafe <a href=\"https:\/\/www.spiegel.de\/panorama\/justiz\/freiiburg-kippa-vom-kopf-gerissen-taeter-zu-bewaehrungsstrafe-verurteilt-a-62ff482e-4726-4a7b-828a-75aed894e78f\">und einer Geldauflage von 3.000 EUR verurteilt<\/a>. In M\u00fcnchen wird am 9. Juli ein Rabbiner von vier M\u00e4nner <a href=\"https:\/\/www.abendzeitung-muenchen.de\/inhalt.staatsschutz-ermittelt-antisemitische-beleidigungen-muenchner-rabbi-attackiert.ee9db1d9-c4e5-4a1b-9e04-92aeee2be40d.html\">massiv bep\u00f6belt und beleidigt<\/a>.<\/p>\n<p>3. Juli: <b>\u201eNSU 2.0\u201c-<\/b><b>Drohschreiben: <\/b>Durch <a href=\"https:\/\/www.fr.de\/rhein-main\/hessische-linken-politikerin-janine-wissler-rechtextreme-drohungen-nsu-13821532.html\">Pressever\u00f6ffentlichungen<\/a> wird bekannt, dass die Fraktionsvorsitzende der \u201eLinken\u201c im hessischen Landtag, Janine Wissler, bereits im Februar Drohmails mit rechtsextremen Beschimpfungen erhalten hat. Dabei wurden auch Daten verwendet, die \u00f6ffentlich nicht zug\u00e4nglich sind. Die Spur, der mit \u201eNSU 2.0\u201c unterzeichneten Schreiben, <a href=\"https:\/\/www.fr.de\/rhein-main\/janine-wissler-linke-politikerin-drohungen-polizei-hessen-13826661.html\">f\u00fchren zu einem Polizeicomputer in Wiesbaden (Hessen)<\/a>. Am 9. Juli wird bekannt, dass Wissler in den vergangenen vier Tagen erneut zwei Schreiben mit <a href=\"https:\/\/www.spiegel.de\/politik\/deutschland\/nsu-2-0-hessische-linkenfraktionschefin-erhaelt-weitere-drohmails-a-99a3ae3a-8406-42e5-b306-65a881c62dcd\">Todesdrohungen erhalten hat<\/a>. Auch andere Landespolitiker, darunter Innenminister Peter Beuth (CDU) und Ministerpr\u00e4sident Volker Bouffier (CDU) haben bereits <a href=\"https:\/\/www.spiegel.de\/panorama\/janine-wissler-linken-politikerin-erhaelt-morddrohungen-spur-fuehrt-zur-polizei-a-5021cb40-5a2f-4538-a83d-c8e6af17274e\">\u00e4hnliche Drohschreiben erhalten<\/a>. Unterdessen konnte ein Polizeibeamter ermittelt werden, unter dessen Kennung die Computerabfragen durchgef\u00fchrt wurden. Der Mann <a href=\"https:\/\/www.spiegel.de\/panorama\/janine-wissler-linken-politikerin-erhaelt-morddrohungen-spur-fuehrt-zur-polizei-a-5021cb40-5a2f-4538-a83d-c8e6af17274e\">bestreitet die Abfragen<\/a>. Innenminister Beuth <a href=\"https:\/\/www.spiegel.de\/panorama\/nsu-2-0-hessischer-sonderermittler-soll-drohmails-untersuchen-a-ab078c57-d804-4e39-bbfa-878d1cd5b096\">setzt am 10. Juli einen Sonderermittler ein<\/a>. Auch die Linken-Bundestagsabgeordnete Martina Renner und die Vorsitzende der Linksfraktion im Berliner Abgeordnetenhaus haben bereits derartige Drohschreiben erhalten, <a href=\"https:\/\/taz.de\/NSU-20-Drohschreiben\/!5698848\/\">wie Presserecherchen am gleichen Tag vermelden<\/a>, zudem steht die Linke-Bundestagsabgeordnete <a href=\"https:\/\/www.tagesspiegel.de\/berlin\/von-neonazis-beobachtet-von-tuerkischen-faschisten-bedroht-berliner-bundestagsabgeordnete-steht-auf-feindesliste\/25997982.html\">Evrim Sommer<\/a> auf einer rechten \u201eFeindesliste\u201c. Am 14. Juli erhalten die Linke-Politikerinnen <a href=\"https:\/\/www.spiegel.de\/politik\/deutschland\/idil-baydar-und-janine-wissler-erhalten-erneut-drohmails-a-2e514bd5-4154-41bf-a632-977fce18e86a\">erneute \u201eNSU 2.0\u201c-Drohschreiben<\/a>. Unter Berufung auf einen internen Polizeivermerk hei\u00dft es am 14. Juli, dass eine t\u00fcrkisch-st\u00e4mmige Kabarettistin ebenfalls rechtsextreme Drohschreiben mit \u00f6ffentlich nicht zug\u00e4nglichen pers\u00f6nlichen Daten bekommen hat, die <a href=\"https:\/\/www.welt.de\/vermischtes\/article211571107\/Polizeirechner-in-Hessen-fragt-persoenliche-Daten-von-Kabarettistin-ab.html\">von einem hessischen Polizeicomputer abgerufen wurden<\/a>. Ebenfalls am 14. Juli <a href=\"https:\/\/www.spiegel.de\/panorama\/justiz\/hessens-landespolizeipraesident-udo-muench-tritt-wegen-affaere-um-drohmails-zurueck-a-ea95597d-4a2a-438c-a25d-2f6fd9acef63\">tritt Hessens Landespolizeipr\u00e4sident Udo M\u00fcnch zur\u00fcck<\/a>. Er hatte diese Informationen nach eigenen Angaben nicht bewusst wahrgenommen und somit nicht entsprechend weitergegeben. <a href=\"https:\/\/www.spiegel.de\/panorama\/justiz\/hessen-zugriffsrechte-fuer-hessische-polizei-werden-zurueckgesetzt-a-182aa1bd-e53d-4be3-972e-b2b7b3447a9c\">Am gleichen Tag<\/a> werden die Zugriffsdaten aller hessischen Polizeibeamt*innen auf sensible Daten vorerst gel\u00f6scht und neu vergeben. Drei Tage sp\u00e4ter tritt der bisherige Polizeipr\u00e4sident von S\u00fcdosthessen, Roland Ullmann, <a href=\"https:\/\/www.fr.de\/rhein-main\/hessens-neuer-landespolizeipraesident-polizist-anpacken-will-13836335.html\">M\u00fcnchs Nachfolge an<\/a>. Durch <a href=\"https:\/\/www.spiegel.de\/politik\/deutschland\/nsu-2-0-auch-redaktionen-erhielten-rechtsextreme-drohschreiben-a-d5e38eab-4f5d-4d79-92e2-ab5c91b4a6d8\">Presseberichte<\/a> wird am 17. Juli bekannt, dass auch Redaktionen und Journalist*innen bereits mit \u201eNSU 2.0\u201c unterzeichnete Drohmails erhalten haben. In der Nacht zum 21. Juli erhalten mehrere Politiker*innen und andere Personen <a href=\"https:\/\/www.morgenpost.de\/berlin\/article229560980\/NSU-2-0-Drohmails-an-Goering-Eckardt-Kipping-und-Chebli.html\">erneut Drohschreiben<\/a>. Am gleichen Tag berichtet Tag berichtet Hessens Innenminister Peter Beuth (CDU) dem Landtags-Innenausschuss, dass dem hessischen LKA Informationen <a href=\"https:\/\/www.spiegel.de\/panorama\/justiz\/nsu-2-0-landeskriminalamt-hessen-weiss-von-69-rechtsextremen-drohmails-a-35a3dab9-e60d-45aa-bce1-3e4d0a263d72\">\u00fcber 69 solcher Schreiben an 27 Personen in acht Bundesl\u00e4ndern vorliegen<\/a>. Sie w\u00fcrden seit etwa zwei Jahren fast immer von einer gleichlautenden Adresse verschickt. Am 24. Juli durchsucht die Polizei in Landshut (Bayern) die Wohnung eines ehemaligen Polizisten unter dem Verdacht der Bedrohung, Volksverhetzung und Verunglimpfung von Verfassungsorganen. Der bereits fr\u00fcher wegen rechtsextremer Straftaten bekannte Polizist und seine Ehefrau <a href=\"https:\/\/www.spiegel.de\/panorama\/justiz\/nsu-2-0-drohmails-ermittler-nehmen-zwei-personen-vorlaeufig-fest-a-fd3d1c70-29c8-4a00-ba4a-b9bcc627c136\">werden kurzfristig festgenommen<\/a>; die Auswertung der beschlagnahmten Datentr\u00e4ger dauert an. Da auch drei Schusswaffen und weitere \u201eZufallsfunde\u201c entdeckt wurden, er\u00f6ffnet die Generalstaatsanwaltschaft (GStA) M\u00fcnchen <a href=\"https:\/\/www.faz.net\/aktuell\/politik\/inland\/nsu-2-0-polizist-aus-landshut-besass-illegale-schusswaffen-16879838.html\">ein gesondertes Verfahren wegen illegalem Waffenbesitz<\/a>. Zudem wird am 28. Juli bekannt, dass der Mann f\u00fcr mehrere rechtsradikale Portale schreibt und im Mai 2019 an einer Konferenz rechter Medien der AfD-Bundestagsfraktion teilnahm. Eine Urheberschaft der NSU-Drohschreiben <a href=\"https:\/\/www.welt.de\/politik\/deutschland\/article212410757\/Drohschreiben-von-NSU-2-0-Beschuldigter-trat-bei-AfD-Medienkonferenz-im-Bundestag-auf.html\">streitet er jedoch ab<\/a>.<\/p>\n<p><b>Gaffer<\/b><b>problematik<\/b><b>:<\/b> Der Bundestag <a href=\"https:\/\/www.welt.de\/vermischtes\/article210920935\/Bundestag-billigt-Gesetz-zum-schaerferen-Vorgehen-gegen-Gaffer.html\">verabschiedet ein Gesetz<\/a>, dass unter anderem auch das Fotografieren von Unfallopfern unter Strafe stellt.<br \/>\n<b><\/b><\/p>\n<p><b>Neue Verfassungsrichterin:<\/b> Der Bundesrat w\u00e4hlt die, auf Datenschutz- und Digitalrecht spezialisierte, Universit\u00e4tsprofessorin Ines H\u00e4rtel <a href=\"https:\/\/www.spiegel.de\/politik\/deutschland\/bundesrat-waehlt-ines-haertel-zur-verfassungsrichterin-a-2f98df1f-d13c-46f0-a93d-a7393e0227f0\">einstimmig als Bundesverfassungsrichterin<\/a>.<\/p>\n<p><b>Dschihadist*<\/b><b>i<\/b><b>nn<\/b><b>en-Prozesse:<\/b> Vor dem Oberlandesgericht (OLG) Celle (Niedersachsen) <a href=\"https:\/\/www.spiegel.de\/politik\/deutschland\/prozess-in-celle-islamischer-staat-mutmassliche-anwerberin-von-braeuten-legt-teilgestaendnis-ab-a-3166cb9c-9205-45eb-a6f2-763b9cdb9904\">beginnt der Prozess<\/a> gegen eine Deutsch-Syrerin, die Frauen zur Heirat mit K\u00e4mpfern der Terror-Organisation \u201eIslamischer Staat\u201c (IS) angeworben haben soll; sie r\u00e4umt die Vorw\u00fcrfe teilweise ein. Vor dem OLG D\u00fcsseldorf (NRW) erhebt die Bundesanwaltschaft (BAW) <a href=\"https:\/\/www.spiegel.de\/politik\/deutschland\/deutschland-generalbundesanwalt-klagt-terrorverdaechtigen-tadschiken-an-a-7f78498b-e2a2-4363-96ad-37780b0ba5e1\">Anklage gegen ein mutma\u00dflich tadschikisches Mitglied<\/a> des \u201eIslamischen Staat\u201c (IS). Der Mann soll mehrere Anschl\u00e4ge in Deutschland geplant haben und befindet sich seit M\u00e4rz 2019 in Untersuchungshaft.<br \/>\n<b><\/b><\/p>\n<p><b>Rechtsradikalismus<\/b><b> bei <\/b><b>der<\/b><b> Bundeswehr:<\/b> Die StA L\u00fcneburg (Niedersachsen) leitet ein Ermittlungsverfahren gegen den Ende vergangenen Monats vom Bundeswehrgeheimdienst entdeckten rechtsradikalen Reservisten und zwei weitere Beschuldigte wegen Versto\u00df gegen das Waffengesetz ein. Zugleich <a href=\"https:\/\/www.spiegel.de\/politik\/deutschland\/bundeswehr-rechtsextremer-reservist-razzia-in-drei-bundeslaendern-a-43689c6d-b9f0-44bb-bbd9-8fa2fc7e412a\">durchsucht die Polizei<\/a> sieben Objekte in Niedersachsen,Nordrhein-Westfalen und Mecklenburg-Vorpommern; dabei ergeben sich Verdachtsmomente gegen einen weiteren Verd\u00e4chtigen. Durch Presseberichte wird am 9. Juli bekannt, dass seit Mai 2017 insgesamt \u00fcber 800 Reservist*innen <a href=\"https:\/\/www.faz.net\/aktuell\/politik\/inland\/ueber-800-reservisten-von-bundeswehruebungen-ausgeschlossen-16853975.html\">von Bundeswehr\u00fcbungen ausgeschlossen<\/a> worden sind (Mai 2019: 773). Am 10. Juli wird durch weitere Presseberichte bekannt, dass bei den Durchsuchungen in Niedersachsen zu Monatsbeginn auch <a href=\"https:\/\/www.sueddeutsche.de\/politik\/bundeswehr-waffenfund-rechtsextremismus-1.4963536\">eine Hand- und eine Panzergranate gefunden wurde<\/a>. Durch eine parlamentarische Anfrage der Linke-Bundestagsfraktion wird am 17. Juli bekannt, dass der Milit\u00e4rische Abschirmdienst (MAD) <a href=\"https:\/\/www.tagesspiegel.de\/politik\/tuerkischstaemmige-rechtsextremisten-in-der-bundeswehr-mad-ermittelt-gegen-moegliche-graue-woelfe-anhaenger\/26016088.html\">gegen vier t\u00fcrkischst\u00e4mmige Soldaten ermittelt<\/a>, die verd\u00e4chtig sind, zur rechtsextremen t\u00fcrkischen Organisation \u201eGraue W\u00f6lfe\u201c zu geh\u00f6ren. Am 23. Juli wird durch Presseberichte bekannt, dass das Verteidigungsministerium <a href=\"https:\/\/www.sueddeutsche.de\/politik\/bundeswehr-rechtsextremismus-social-media-1.4976448\">den Fall eines Oberstleutnants pr\u00fcft<\/a>, der im Internet seit Jahren mit einem Mitglied der rechtsextremen \u201eIdentit\u00e4ren Bewegung\u201c vernetzt ist. Am 30. Juli wird die 2. Kompanie des \u201eKommando Spezialkr\u00e4fte\u201c (KSK) in Calw (Baden-W\u00fcrttemberg) <a href=\"https:\/\/www.morgenpost.de\/politik\/inland\/article229660042\/KSK-Kompanie-nach-rechtsextremistischen-Vorfaellen-aufgeloest.html\">aufgel\u00f6st<\/a>. Einige Soldaten verbleiben im KSK, andere werden an andere Standorte versetzt.<\/p>\n<p><b>Rechtsextremismus:<\/b><b> <\/b>Bei einer Razzia der Polizei in sechs Objekten der rechtsextremistischen Gruppe \u201eFreie Kr\u00e4fte Prignitz\u201c in Brandenburg, Mecklenburg-Vorpommern und Sachsen-Anhalt werden <a href=\"https:\/\/www.spiegel.de\/panorama\/justiz\/wittenberge-in-brandenburg-neonazi-gruppe-soll-anschlag-auf-moschee-geplant-haben-a-17f6a0c8-41ef-46f7-aed4-9332c03818ba\">Munition, Hieb- und Stichwaffen, sowie Nazidevolutionalien und Speichermedien sichergestellt<\/a>. Hintergrund sind Informationen, wonach die Gruppe einen Brandanschlag auf eine Moschee und Angriffe auf Gesch\u00e4fte von Migranten plante. Zu Festnahmen kommt es nicht. Durch Presseberichte wird am 4. Juli bekannt, dass das BKA Anfang Juni bundesweit <a href=\"https:\/\/www.welt.de\/politik\/deutschland\/article211015095\/Bundeskriminalamt-Zahl-islamistischer-Gefaehrder-in-Deutschland-sinkt.html\">65 rechtsextreme &#8222;Gef\u00e4hrder&#8220; gez\u00e4hlt hat<\/a>. Am 6. Juli <a href=\"https:\/\/www.morgenpost.de\/berlin\/article229455930\/Ermittler-Rechtsextremisten-sammelten-Infos-ueber-Polizisten.html\">gibt das Polizeipr\u00e4sidium Potsdam (Brandenburg) bekannt<\/a>, dass die ersten Auswertungen von Speichermedien der Gruppe \u201eFreie Kr\u00e4fte Prignitz\u201c ergeben hat, dass diese systematisch Daten \u00fcber Polizist*innen und deren Familienverh\u00e4ltnisse, Dienststellen und Tarnkennzeichen von Zivilfahrzeugen gesammelt hat. Bei mehreren Gerichten <a href=\"https:\/\/www.tagesspiegel.de\/politik\/nach-bombendrohungen-mehrere-gerichte-werden-geraeumt\/25982560.html\">gehen am 7. Juli Bombendrohungen ein,<\/a> an vier Standorten r\u00e4umt die Polizei die Geb\u00e4ude. F\u00fcr 2019 verzeichnet der Verfassungsschutzbericht, den Bundesinnenminister Horst Seehofer (CSU) am 9. Juli in Berlin vorstellt, <a href=\"https:\/\/www.sueddeutsche.de\/politik\/seehofer-verfassungsschutz-bericht-1.4961764\">bundesweit \u00fcber 22.300 rechtsextremistische Taten<\/a> (Berlin: 150 \/ NRW: 158). Durch weitere Presseberichte wird am gleichen Tag bekannt, dass das LfV Berlin in der Hauptstadt <a href=\"https:\/\/www.morgenpost.de\/berlin\/article229480300\/Berlin-bei-Gewalt-von-Links-und-Rechtsextremisten-weit-vorn.html\">700 Personen als gewaltbereite Rechtsextremist*innen einordnet<\/a>. Am 10. Juli wird durch Presseberichte bekannt, dass der Antisemitismusbeauftragte der Bundesregierung kurz nach seinem Amtsantritt im Mai <a href=\"https:\/\/www.spiegel.de\/panorama\/justiz\/felix-klein-antisemitismusbeauftragter-erhaelt-schmaehpost-und-wehrt-sich-a-00000000-0002-0001-0000-000171973707\">ein rechtsextremistisches Hetzschreiben erhalten hat<\/a>, das in Form und Inhalt einem Drohbrief an eine Synagogengemeinde in Halle\/Saale (Sachsen-Anhalt) vom gleichen Monat gleicht. Am 13. Juli wird in einem Gef\u00e4ngnis in Dortmund (NRW) ein mutma\u00dflicher Unterst\u00fctzer der rechtsextremen \u201eGruppe S\u201c <a href=\"https:\/\/www.spiegel.de\/panorama\/justiz\/dortmund-mutmasslicher-terror-unterstuetzer-der-gruppe-s-tot-in-jva-aufgefunden-a-9c33bc0b-cb46-4ae5-bee4-d7348fb33c0c\">tot in seiner Zelle aufgefunden<\/a>. Fremdverschulden ist nach ersten Ermittlungen nicht erkennbar. Durch weitere Presseberichte wird am gleichen Tag bekannt, dass in Hannover (Niedersachsen) t\u00fcrkische Gesch\u00e4ftsleute seit einigen Tagen <a href=\"https:\/\/www.faz.net\/aktuell\/politik\/inland\/tuerkische-geschaeftsleute-in-hannover-per-brief-bedroht-16860091.html\">Drohbriefe erhalten<\/a>, in denen sie beschimpft werden und das Anz\u00fcnden von Moscheen angedroht wird. Unterzeichnet sind die Schreiben mit \u201eDie Deutschen\u201c. Am 16. Juli durchsucht die Polizei in mehreren Bundesl\u00e4ndern die Wohnungen von acht M\u00e4nnern, die die rechtsextreme \u201eGoyim Partei Deutschland\u201c gegr\u00fcndet und \u00fcber eine Internetseite massiv rechtes Gedankengut verbreitet und zur T\u00f6tung von Juden aufgerufen haben sollen; <a href=\"https:\/\/www.faz.net\/aktuell\/gesellschaft\/kriminalitaet\/rechtsextremistengruppe-festnahme-mutmasslicher-raedelsfuehrer-16864642.html\">zwei M\u00e4nner werden festgenommen<\/a>. <a href=\"https:\/\/www.spiegel.de\/panorama\/lka-zaehlt-37-feindeslisten-von-extremisten-in-bayern-a-61eacc21-8109-4b53-b74f-abeb888805d0\">Laut einer Statistik des LKA Bayern<\/a> sind mit Stand vom Juni des Jahres insgesamt 37 \u201eFeindeslisten\u201c mit Namen und Daten von politischen Gegner*innen bekannt; davon entfallen 18 Listen auf rechte Gruppen. Auf einem Fluss bei Leipzig (Sachsen) fahren am 25. Juli 30 bis 37 Rechtsextremist*innen <a href=\"https:\/\/www.spiegel.de\/panorama\/justiz\/leipzig-rechtsextreme-mit-hakenkreuzfahne-auf-schlauchboot-tour-a-b6926276-66cf-4bf2-b1b5-41ccd83616d5\">stundenlang auf mehreren Schlauchbooten mit gehisster Hakenkreuzflagge<\/a>; zudem zeigen und skandieren sie den Hitlergru\u00df. Versuche der Polizei die Boote zu stoppen, scheitern. In der Nacht zum 31. Juli werfen in Hanau (Hessen) Unbekannte <a href=\"https:\/\/www.fr.de\/rhein-main\/main-kinzig-kreis\/hanau-ort66348\/hanau-brand-anschlag-tuerkisches-cafe-molotov-cocktail-90015085.html\">zwei Molotow-Cocktails auf ein t\u00fcrkisches Lokal,<\/a> es entsteht Sachschaden.<\/p>\n<p><b>Anklage gegen <\/b><b>Polizeigewerkschafter:<\/b> Durch Presseberichte wird bekannt, dass die Polizei Hamburg dem fr\u00fcheren Chef der Kripo-Gewerkschaft \u201eBund Deutscher Kriminalbeamter\u201c (BDK), gegen den die StA <a href=\"https:\/\/www.spiegel.de\/panorama\/justiz\/hamburg-polizei-stellt-ex-chef-von-kripogewerkschaft-kalt-a-4cf8112d-c01e-4d75-bf78-cfb7b9b6fde3\">Anklage wegen Betrugs in einem besonders schweren Fall erhoben hat<\/a>, bereits im Mai die Aus\u00fcbung der Dienstgesch\u00e4fte untersagt hat. Er musste seinen Dienstausweis abgeben und darf die Polizeir\u00e4ume nicht mehr betreten.<\/p>\n<p>4. Juni: <b>Antirassismus-Demonstrationen:<\/b> <a href=\"https:\/\/www.tagesspiegel.de\/berlin\/weitgehend-friedlicher-demo-samstag-in-berlin-fast-2000-menschen-protestieren-gegen-rassismus\/25976448.html\">Etwa 1.800 Menschen<\/a> demonstrieren in Berlin friedlich gegen Rassismus. Auch ein <a href=\"https:\/\/www.morgenpost.de\/berlin\/article229448740\/Fast-2000-Berliner-protestieren-gegen-Rassismus.html\">Fahrradkorso mit rund 150<\/a> Teilnehmer* \u00ecnnen verl\u00e4uft st\u00f6rungsfrei. Am 11. Juli nehmen in M\u00fcnchen an einer Demonstration gegen Rassismus nach unterschiedlichen Angaben zwischen 1.100 und 2.500 Menschen teil. <a href=\"https:\/\/www.abendzeitung-muenchen.de\/inhalt.demos-werden-kleiner-black-lives-matter-in-muenchen-weiter-friedlich-und-wuetend.c17b740f-3b86-4f6d-9547-e8b9e566d592.html\">An einer zweiten Demonstration<\/a> beteiligen sich zwischen 700 und 1.000 Personen. Zwischen 1.600 und 2.000 Menschen <a href=\"https:\/\/www.neues-deutschland.de\/artikel\/1139348.migrantifa-yallah-yallah-gegen-polizeigewalt.html\">demonstrieren am 18. Juli in Berlin gegen Rassismus<\/a>.<\/p>\n<p><b>Demonstrationen gegen Corona-Auflagen:<\/b> Bei einem Autokorso gegen Corona-Auflagen mit rund 130 Teilnehmer*innen in Berlin werden zwei Ermittlungsverfahren <a href=\"https:\/\/www.morgenpost.de\/berlin\/article229448740\/Fast-2000-Berliner-protestieren-gegen-Rassismus.html\">wegen wechselseitiger Beleidigung eingeleitet<\/a>. Am 23. Juli <a href=\"https:\/\/www.morgenpost.de\/berlin\/article229579390\/Senat-verbietet-Hildmann-Demo.html\">verbietet die Berliner Innenbeh\u00f6rde<\/a> eine Anti-Corona-Demonstration des rechten Vegan-Kochs Attila Hildmann wegen fortdauernder Verst\u00f6\u00dfe gegen die Auflagen, volksverhetzender Reden und Aufforderung zu Straftaten bei vorangegangener Demonstrationen.<\/p>\n<p>6. Juli: <b>G20-Gipfel:<\/b> Das AG Hamburg spricht einen fr\u00fcheren Polizeibeamten und seine Freundin wegen eines Bierdosenwurfes in Richtung ehemaliger Kollegen beim G20-Gipfel 2017 vom Vorwurf der vors\u00e4tzlichen versuchten K\u00f6rperverletzung frei. Ihnen sei <a href=\"https:\/\/taz.de\/G20-Prozess-gegen-Polizisten\/!5693978\/\">nicht nachzuweisen gewesen, dass sie die Beamten h\u00e4tten treffen wollen<\/a>. Am 10. Juli <a href=\"https:\/\/www.welt.de\/regionales\/hamburg\/article211396385\/G-20-Gipfel-in-Hamburg-Elbchaussee-Randalierer-muss-ins-Gefaengnis.html\">verurteilt das Landgericht (LG) Hamburg f\u00fcnf junge M\u00e4nner<\/a> wegen der Ausschreitungen beim G20-Gipfel. Drei der Angeklagten erhalten Haftstrafen zwischen drei Jahren und Bew\u00e4hrungen von knapp anderthalb Jahren; die anderen zwei m\u00fcssen 20 Arbeitsstunden ableisten.<\/p>\n<p><b>Fall Oury Jalloh:<\/b> Durch <a href=\"https:\/\/www.spiegel.de\/politik\/deutschland\/oury-jalloh-justizministerium-in-sachsen-anhalt-verweigert-sonderermittlern-gespraeche-mit-staatsanwaelten-a-cc02613e-33d9-4c6c-bf67-476137ae5225\">Presseberichte<\/a> wird bekannt, dass das Justizministerium Sachsen-Anhalt den, vom Landtag eingesetzten, Sonderermittlern direkte Gespr\u00e4che zum Fall Oury Jalloh mit Staatsanw\u00e4lten und Richtern verweigert. Jalloh war im Januar 2005 in einer Gewahrsamszelle des Polizeireviers Dessau-Ro\u00dflau verbrannt. Die genauen Umst\u00e4nde sind aufgrund zahlreicher Pannen bei den Ermittlungen bis heute nicht gekl\u00e4rt.<\/p>\n<p>\u201e<b>Reichsb\u00fcrger\u201c:<\/b> Das Polizeipr\u00e4sidium Rosenheim (Bayern) gibt bekannt, dass das VG M\u00fcnchen einen Polizisten wegen fehlender verfassungsm\u00e4\u00dfiger Treue <a href=\"https:\/\/www.sueddeutsche.de\/bayern\/polizeipraesidium-oberbayern-sued-polizist-reichsbuerger-1.4959236\">aus dem Beamtenverh\u00e4ltnis entfernt hat<\/a>. Gegen den Mann, der den \u201eReichsb\u00fcrgern\u201c nahesteht, wird bereits seit Mitte 2018 ein Disziplinarverfahren gef\u00fchrt. <a href=\"https:\/\/www.spiegel.de\/panorama\/justiz\/reichsbuerger-razzia-polizei-nimmt-einen-verdaechtigen-fest-a-da2fda2b-f9ee-4cb7-a586-5353b7ceb660\">Am 8. Juli<\/a> durchsuchen unter dem Verdacht auf illegalen Waffenhandel in Bayern, Sachsen, Sachsen-Anhalt und \u00d6sterreich Polizisten 12 Objekte von Mitgliedern der \u201eReichsb\u00fcrger\u201c-Szene. Waffen, Munition und Datentr\u00e4ger werden beschlagnahmt; eine Person wird festgenommen.<\/p>\n<p><b>Angriffe auf Polizist*innen:<\/b> Bei einer Verkehrskontrolle in Berlin will ein Motorradfahrer sich der Geschwindigkeitskontrolle zu entziehen, indem er versucht den anhaltenden Beamten zu umfahren. Dabei erfasst er ihn mit dem Au\u00dfenspiegel. Der Beamte erleidet einen Rippenbruch; der Motorradfahrer <a href=\"https:\/\/www.morgenpost.de\/berlin\/polizeibericht\/article229462054\/Rummelsburg-Polizist-bei-Verkehrskontrolle-angefahren-und-verletzt.html\">kann unerkannt entkommen<\/a>. Am 8. Juli fl\u00fcchtet ein Angeklagter aus dem LG Bitterfeld (Sachsen-Anhalt), greift zwei Wachtmeister an und verletzt sie; anschlie\u00dfend kapert er ein Auto und <a href=\"https:\/\/www.spiegel.de\/panorama\/justiz\/bitterfeld-wolfen-haeftling-attackiert-wachtmeister-und-entkommt-mit-auto-a-e1fcecce-7674-4076-bfc9-e5efaf2e3733\">kann kurzfristig entkommen<\/a>. Als am 9. Juli in M\u00fcnchen (Bayern) Polizist*innen eine Schl\u00e4gerei von Jugendlichen aufl\u00f6sen wollen, werden sie <a href=\"https:\/\/www.sueddeutsche.de\/muenchen\/muenchen-tassiloplatz-attacke-polizei-1.4963449\">von zweien massiv angegriffen<\/a>; die T\u00e4ter k\u00f6nnen festgenommen werden. An anderer Stelle in der Stadt spuckt eine junge Frau eine Polizistin an; als sie daraufhin festgenommen werden soll, <a href=\"https:\/\/www.sueddeutsche.de\/muenchen\/muenchen-gewalt-gegen-polizei-1.4965072\">versuchen Umstehende sie gewaltsam zu befreien<\/a>. Als eine Polizeistreife am 12. Juli in einem Berliner Park eine illegale Party von mehr als 100 Personen aufl\u00f6sen will, werden die Beamt*innen beim Eintreffen <a href=\"https:\/\/www.morgenpost.de\/berlin\/polizeibericht\/article229511960\/Park-am-Gleisdreieck-Angriff-auf-Polizisten-bei-Party.html\">mit Steinen beworfen<\/a>. Am 15. Juli nehmen StA und Polizei in Frankfurt\/M. (Hessen) <a href=\"https:\/\/www.fr.de\/frankfurt\/frankfurt-am-main-ort28687\/frankfurt-corona-kontrolle-polizei-versuchter-mord-verdacht-angriff-sachsenhausen-taeter-wurf-blumenkuebel-zr-13774331.html\">Ermittlungen wegen versuchten Mordes<\/a> auf. Hintergrund ist ein schwerer Blumenk\u00fcbel der Mitte Mai w\u00e4hrend Kontrollen der Corona-Regeln von einem Unbekannten aus gro\u00dfer H\u00f6he auf die Beamt*innen geworfen wurde und eine Polizistin nur knapp verfehlte. Am 20. Juli greift in M\u00fcnchen (Bayern) ein Autofahrer bei der Unfallaufnahme <a href=\"https:\/\/www.abendzeitung-muenchen.de\/inhalt.58-jaehriger-musste-gefesselt-werden-erst-unfall-gebaut-dann-polizisten-attackiert-festnahme.a6774bbb-1f93-420b-b98c-480c4f10a14e.html\">einen Polizisten an und verletzt ihn leicht<\/a>. In Berlin spricht am 23. Juli ein Mann eine Polizeistreife an, <a href=\"https:\/\/www.morgenpost.de\/berlin\/polizeibericht\/article229582556\/A10-Lkw-brennt-auf-dem-suedlichen-Berliner-Ring.html\">schl\u00e4gt dann die Polizistin nieder<\/a> und schl\u00e4gt und tritt anschlie\u00dfend ihren Kollegen bevor er durch den Einsatz von Pfefferspray festgenommen werden kann. Ebenfalls in Berlin entzieht sich am 30. Juli ein Autofahrer einer Verkehrskontrolle indem er <a href=\"https:\/\/www.morgenpost.de\/berlin\/polizeibericht\/article229709488\/Rauchwolke-ueber-Berlin-Papierlager-geht-in-Kreuzberg-in-Flammen-auf.html\">beschleunigt auf eine Polizistin zuf\u00e4hrt<\/a>. Die Beamtin kann rechtzeitig zur Seite springen und verletzt sich dabei leicht. Der Fahrer ist fl\u00fcchtig.<br \/>\n<b><\/b><\/p>\n<p><b>Fu\u00dfball-Hooligans:<\/b> Nach dem Klassenerhalt beim Spiel von &#8222;Werder Bremen&#8220; gegen den &#8222;FC Heidenheim&#8220; werden die Bremer Spieler auf dem Weg zum Bus von Heidenheim-Fans mit Bier \u00fcbergossen und angegriffen. Auch der Bus wird mit Steinen und Flaschen beworfen. In Bremen <a href=\"https:\/\/www.morgenpost.de\/sport\/article229463578\/Profis-von-Werder-Bremen-von-Heidenheim-Fans-attackiert.html\">greifen am Abend Hooligans die Polizei an<\/a>.<\/p>\n<p>7. Juli: <b>Oktoberfestattentat 1980:<\/b> Der Generalbundesanwalt (GBA) <a href=\"https:\/\/www.spiegel.de\/politik\/deutschland\/oktoberfestattentat-generalbundesanwalt-stellt-ermittlungen-ein-a-13f84a6c-6c78-4192-930e-a4f0c5b2928a\">stellt die Ermittlungen zum Oktoberfestattentat endg\u00fcltig ein<\/a>. Ein mutma\u00dflicher rechtsextremistischer Hintergrund war nicht zu kl\u00e4ren. Bei dem Anschlag im September 1980 starben 13 Menschen, \u00fcber 200 wurden teilweise schwer verletzt.<\/p>\n<p><b>Rechtsradikale <\/b><b>Polizist*innen: <\/b>Vor dem AG Rosenheim (Bayern) <a href=\"https:\/\/www.spiegel.de\/panorama\/justiz\/rosenheim-prozess-gegen-polizisten-die-den-hitlergruss-gezeigt-haben-sollen-a-00000000-0002-0001-0000-000171875105\">beginnt der Prozess gegen zwei BPol-Beamte<\/a>, die sich im August 2018 in einer Kneipe rassistisch ge\u00e4u\u00dfert und den Hitlergru\u00df gezeigt haben sollen. Durch die parlamentarische Anfrage der Gr\u00fcnen-Fraktion im Berliner Abgeordnetenhaus <a href=\"https:\/\/www.morgenpost.de\/berlin\/article229464668\/Polizeiakademie-Fuenf-rechtsextreme-Vorfaelle-in-vier-Jahren.html\">wird am gleichen Tag bekannt<\/a>, dass es an der Berliner Polizeischule seit 2017 zu insgesamt f\u00fcnf rechtsextremistischen oder rassistischen Vorf\u00e4llen gekommen ist. Am 10. Juli <a href=\"https:\/\/www.spiegel.de\/panorama\/justiz\/rosenheim-geldstrafe-und-freispruch-fuer-bundespolizisten-a-1f95060e-8f27-4e0b-bc90-2f3c6c1653d3\">verurteilt das AG Rosenheim einen der beiden BPol-Beamten<\/a> zu einer Geldstrafe von 90 Tagess\u00e4tzen, der andere wird freigesprochen. Durch Pressever\u00f6ffentlichungen wird am 20. Juli bekannt, dass der Berliner Vorsitzende der Deutschen Polizeigewerkschaft (DPolG),Bodo Pfalzgraf, zumindest bis in die 1990er Jahre umfassend in rechten Kreisen vernetzt war, <a href=\"https:\/\/taz.de\/Rechte-Vergangenheit\/!5695858\/\">wie aus einer Mitgliederliste hervorgeht<\/a>.<\/p>\n<p><b>Polizeilicher Todesschuss:<\/b> In Mainz (Hessen) wird die Polizei alarmiert, weil ein Mann einen anderen mit einem Messer angreift. Als die Beamten eintreffen, <a href=\"https:\/\/www.ludwigshafen24.de\/region\/mainz-polizei-einsatz-gonsenheim-schuesse-waffe-angreifer-mann-tot-getoetet-ermittler-verletzte-90007824.html\">fl\u00fcchtet der Mann zun\u00e4chst in eine Wohnung<\/a>, kommt dann wieder zur\u00fcck und greift auch die Polizisten mit seinem Messer an. Als er durch den Einsatz von Pfefferspray und eines Tasers nicht aufzuhalten ist, schie\u00dft ein Beamter viermal auf ihn und <a href=\"https:\/\/www.faz.net\/aktuell\/gesellschaft\/kriminalitaet\/mainz-polizei-erschiesst-mann-nach-messerangriff-16851146.html\">trifft ihn t\u00f6dlich<\/a>. Am 15. Juli wird die Polizei dar\u00fcber informiert, dass aus der forensischen Psychiatrie in Bad Schussenried (Baden-W\u00fcrttemberg) zwei Personen geflohen sind. Als sie die Gesuchten in der Innenstadt entdecken, wird ein Beamter von dem Mann mit einem Messer angegriffen. Als er dieses trotz Aufforderung nicht ablegt, schie\u00dft der Beamte und verletzt den Mann so schwer, <a href=\"https:\/\/www.stuttgarter-zeitung.de\/inhalt.bad-schussenried-ein-toter-bei-polizeieinsatz.15253e2e-cd41-4257-8d7e-e8e975199636.html\">dass er kurz darauf im Krankenhaus stirbt<\/a>. Auch die Frau greift einen Beamten mit einem Messer an und wird daraufhin in den Oberschenkel geschossen.<\/p>\n<p><b>Beschwerden \u00fcber Polizei:<\/b> Aus der parlamentarischen Anfrage der Gr\u00fcnen-Fraktion im Berliner Abgeordnetenhaus geht hervor, dass 2019 insgesamt <a href=\"https:\/\/www.morgenpost.de\/berlin\/article229462156\/1820-Beschwerden-ueber-Polizei-Nur-zwoelf-Prozent-berechtigt.html\">1.820 Beschwerden \u00fcber ihre Beamt*innen bei der Polizei eingingen<\/a> (2018: 2.016 \/ 2017: 1.944 \/ 2016: 1.868). Lediglich rund 12% wurden von der Beh\u00f6rde anerkannt.<br \/>\n<b><\/b><\/p>\n<p><b>Presseangriffe:<\/b> In K\u00f6ln (NRW) <a href=\"https:\/\/www.morgenpost.de\/vermischtes\/article229475290\/RTL-Fernsehteam-bei-Dreharbeiten-in-Koeln-attackiert.html\">wird ein Kamera-Team des Privatsenders RTL angegriffen<\/a>; dabei wird deren Fahrzeug besch\u00e4digt, verletzt wird niemand. Die Polizei rechnet die Angreifer*innen einer Einbrecherbande zu, gegen die Haftbefehle vollstreckt wurden. Am 22. Juli erhebt die StA Leipzig (Sachsen) gegen einen Mann, der im Januar Journalist*innen bedroht und angegriffen hatte, <a href=\"https:\/\/www.spiegel.de\/panorama\/justiz\/leipzig-mann-wegen-angriffs-auf-journalisten-bei-demonstration-angeklagt-a-9b855efc-c2b3-4f33-b57c-4ad8fa58176e\">Anklage wegen N\u00f6tigung, vors\u00e4tzliche K\u00f6rperverletzung und Sachbesch\u00e4digung<\/a>.<\/p>\n<p>8. Juli: <b>Ermittlungen<\/b><b> gegen Folterer:<\/b> In Baden-W\u00fcrttemberg und Hessen durchsucht die Polizei Wohnungen und Unterk\u00fcnfte von sieben gambischen Asylbewerbern. Die seit etwa 2017 in Deutschland aufh\u00e4ltigen Personen haben in ihren Anh\u00f6rungen zugeben zu einer gambischen milit\u00e4rischen Foltereinheit geh\u00f6rt zu haben. <a href=\"https:\/\/www.spiegel.de\/politik\/deutschland\/razzien-bei-gambiern-in-deutschland-wegen-folterverdacht-a-95a7e834-bc90-4252-950d-88c8f05b7347\">Nun ermittelt der GBA<\/a>.<\/p>\n<p>9. Juli: <b>Alternative f\u00fcr Deutschland (AfD):<\/b> Erstmals verzeichnet das BfV in seinem Verfassungsschutzbericht 2019, den Bundesinnenminister Horst Seehofer (CSU) am 9. Juli in Berlin vorstellt, <a href=\"https:\/\/www.sueddeutsche.de\/politik\/seehofer-verfassungsschutz-bericht-1.4961764\">die AfD-Jugendorganisation und den rechtsextremen \u201eFl\u00fcgel\u201c<\/a> der Partei. Dem \u201eFl\u00fcgel\u201c werden bundesweit mehr als 7.000 Mitglieder zugerechnet. Durch <a href=\"https:\/\/www.tagesspiegel.de\/berlin\/aufloesungserscheinungen-bei-den-rechten-immer-mehr-afd-mitglieder-bieten-verfassungsschutz-spitzeldienste-an\/25990714.html\">Presseberichte<\/a> wird am gleichen Tag bekannt, dass sich bei den Verfassungsschutz\u00e4mtern der L\u00e4nder zunehmend AfD-Mitglieder als \u201eSelbstanbieter\u201c melden um Informationen \u00fcber Rechtsextreme in der Partei zu liefern. Am 14. Juli verh\u00fcllen in Berlin die AfD-Politikerin Beatrix von Storch und Mitglieder der AFD-Jugendorganisation \u201eJunge Alternative\u201c eine Karl-Marx-B\u00fcste mit einem Plastiksack um gegen die Rassismusdebatte in Deutschland zu protestieren. Die Polizei <a href=\"https:\/\/www.tagesspiegel.de\/berlin\/marx-denkmal-mit-plastiksack-verhuellt-staatsschutz-ermittelt-gegen-berliner-afd-politikerin-von-storch\/26007096.html\">ermittelt wegen Versto\u00df gegen das Versammlungsgesetz<\/a>, da die Aktion nicht angemeldet war. Am 17. Juli <a href=\"https:\/\/www.sueddeutsche.de\/bayern\/bayern-afd-verfassungsschutz-prozess-1.4970390\">untersagt das VG M\u00fcnchen<\/a> dem LfV, ein AFD-Mitglied in einem schw\u00e4bischen Bezirkstag wegen mutma\u00dflicher rechtsradikaler Internet-Aktivit\u00e4ten zu beobachten. Durch <a href=\"https:\/\/www.spiegel.de\/politik\/deutschland\/brandenburg-afd-ortsverband-waehlt-fruehere-npd-politikerin-in-vorstand-a-bb43e79c-ff86-482b-80d9-1008373ac006\">Presseberichte<\/a> wird am 23. Juli bekannt, dass der AfD-Ortsverband Bernau (Brandenburg) eine ehemalige Stadtverordnete der NPD in seinen Vorstand gew\u00e4hlt hat. Der im Mai aus der Partei ausgeschlossene Brandenburger AfD-Politiker Andreas Kalbitz <a href=\"https:\/\/www.tagesspiegel.de\/politik\/bundesschiedsgericht-bestaetigt-entscheidung-kalbitz-bleibt-aus-der-afd-ausgeschlossen\/26037616.html\">bleibt weiterhin ausgeschlossen<\/a>. Das entscheidet am 25. Juli das Bundesschiedsgericht der AFD. Am 27. Juli entscheidet das LG Berlin, dass der Parteiausschluss des ehemaligen Co-Vorsitzenden der AfD Mecklenburg-Vorpommerns Dennis Augustin, <a href=\"https:\/\/www.spiegel.de\/politik\/deutschland\/augustin-scheitert-mit-eilantrag-gegen-annullierung-seiner-afd-mitgliedschaft-a-b47a69dc-b112-4125-bb59-f5efb1e085a0\">rechtens ist<\/a>. Augustin, weiterhin Mitglied der AfD-Fraktion eines brandenburgischen Kreistages, war im Juli 2019 ausgeschlossen worden, weil er eine fr\u00fchere Mitgliedschaft in der NPD-Jugendorganisation verschwiegen hatte (Az: 41 O 207\/20). Am 30. Juli reicht Kalbitz beim LG Berlin einen <a href=\"https:\/\/www.tagesspiegel.de\/berlin\/machtkampf-in-der-afd-brandenburg-kalbitz-geht-gegen-rauswurf-juristisch-vor\/26053580.html\">Eilantrag auf einstweiligen Rechtsschutz<\/a> gegen seinen Parteiausschluss ein.<\/p>\n<p><b>Spionage:<\/b> Aus dem Verfassungsschutzbericht 2019 geht hervor, dass das BKA im Dezember 2019 einen Mitarbeiter des Bundespresseamtes unter dem Verdacht der Spionage f\u00fcr den \u00e4gyptischen Geheimdienst GIS <a href=\"https:\/\/www.faz.net\/aktuell\/politik\/inland\/mitarbeiter-des-bundespresseamtes-unter-spionageverdacht-16854383.html\">festgenommen hat<\/a>. Er soll Informationen \u00fcber \u00e4gyptische Oppositionelle in Deutschland geliefert haben.<\/p>\n<p>10. Juli: <b>\u201e<\/b><b>Identit\u00e4re Bewegung\u201c:<\/b> Nach Facebook und Instagram sperrt auch der Kurznachrichtendienst Twitter die Konten von mehreren Mitgliedern der rechten \u201eIdentit\u00e4ren Bewegung\u201c. <a href=\"https:\/\/www.spiegel.de\/netzwelt\/netzpolitik\/twitter-sperrt-konten-von-rechtsextremen-identitaeren-a-8f13a40f-c040-427d-b83f-8b457ed59a8c\">Ebenfalls gesperrt<\/a> wurden Konten von Ablegern in anderen europ\u00e4ischen Staaten. In Deutschland gibt es rund 600 Mitglieder. Am 14. Juli zieht auch das Videoportal Youtube nach und <a href=\"https:\/\/www.tagesspiegel.de\/gesellschaft\/medien\/accounts-von-martin-sellner-gesperrt-youtube-und-twitter-gehen-gegen-identitaere-bewegung-vor\/26004266.html\">sperrt drei Konten<\/a>.<\/p>\n<p><b>N\u00e4chtliche Ausschreitungen<\/b>: Bei der Kontrolle eines betrunkenen Jugendlichen kommt es in Stuttgart (Baden-W\u00fcrttemberg) zu Ausschreitungen. Weitere Polizeikr\u00e4fte m\u00fcssen eingesetzt werden; eine Person wird schwer, vier Polizisten leicht verletzt; <a href=\"https:\/\/www.welt.de\/vermischtes\/article211457365\/Stuttgart-Festnahmen-wegen-Auseinandersetzungen-vier-Polizisten-verletzt.html\">11 Personen werden festgenommen<\/a>. Als Polizeibeamt*innen am 19. Juli in Frankfurt\/M. (Hessen) eine Schl\u00e4gerei beenden wollen, <a href=\"https:\/\/www.welt.de\/vermischtes\/article211861709\/Frankfurt-39-Festnahmen-nach-naechtlichen-Krawallen-auf-Opernplatz.html\">werden sie von Hunderten der etwa 3.000 Menschen angegriffen<\/a>, die in der Innenstadt eine Party feiern. 39 Personen werden festgenommen. Am 20. Juli verh\u00e4ngt die Stadt ein <a href=\"https:\/\/www.spiegel.de\/panorama\/justiz\/frankfurt-stadt-verhaengt-betretungsverbot-fuer-opernplatz-a-b7c20797-3f2f-48a7-b038-59cf05035df4\">zeitlich begrenztes Betretungsverbot<\/a> an den Wochenenden f\u00fcr den Opernplatz, von dem die Auseinandersetzungen ausgingen. Am 29. Juli beschlie\u00dft der Gemeinderat in Stuttgart (Baden-W\u00fcrttemberg), <a href=\"https:\/\/www.spiegel.de\/panorama\/leute\/stuttgart-videoueberwachung-von-zentralen-plaetzen-in-beschlossen-a-7098b2bc-67fb-444e-8f4b-878190356e58\">zentrale Pl\u00e4tze an den Wochenenden k\u00fcnftig mit rund 30 Videokameras zu \u00fcberwachen<\/a>, um Krawalle m\u00f6glichst fr\u00fchzeitig zu erkennen.<\/p>\n<p>12. Juli: <b>Mann entwaffnet Polizisten:<\/b> In Oppenau (Baden-W\u00fcrttemberg) wird die Polizei alarmiert, weil sich ein verd\u00e4chtiger Mann an einer H\u00fctte aufh\u00e4lt. Von dem polizeibekannten Mann werden die Beamt*innen dann <a href=\"https:\/\/www.spiegel.de\/panorama\/oppenau-im-schwarzwald-mit-pfeil-und-bogen-bewaffneter-mann-entwaffnet-polizisten-und-fluechtet-a-d33e0ca6-4359-499b-8f4e-1e5d13e98c6c\">mit Pfeil und Bogen bedroht und entwaffnet<\/a>, bevor der Mann in den Wald fl\u00fcchtet. Am 17. Juli wird er <a href=\"https:\/\/www.spiegel.de\/panorama\/oppenau-im-schwarwald-polizei-fasst-gesuchten-31-jaehrigen-a-0ba2065f-16ce-41a9-9a4d-4c0e85541a7e\">gestellt und festgenommen<\/a>.<\/p>\n<p><b>Rassistische Handlungen:<\/b> In Berlin beleidigt auf einem Spielplatz <a href=\"https:\/\/www.morgenpost.de\/berlin\/polizeibericht\/article229504714\/Neukoelln-Radfahrer-bei-Unfall-schwer-verletzt.html\">eine unbekannte Frau ein afghanisches M\u00e4dchen rassistisch<\/a>. Am 22. Juli beleidigt in M\u00fcnchen ein Mann eine dunkelh\u00e4utige Sch\u00fclerin rassistisch; gegen ihn wird <a href=\"https:\/\/www.abendzeitung-muenchen.de\/inhalt.zwei-verschiedene-vorfaelle-rassismus-in-muenchen-dunkelhaeutige-frauen-beleidigt.56a25494-d2c5-4b4f-91e4-9a3bd2254f18.html\">Strafanzeige wegen Beleidigung gestellt<\/a>. Ebenfalls in M\u00fcnchen beschimpft am 23. Juli ein unbekannter Mann <a href=\"https:\/\/www.abendzeitung-muenchen.de\/inhalt.zwei-verschiedene-vorfaelle-rassismus-in-muenchen-dunkelhaeutige-frauen-beleidigt.56a25494-d2c5-4b4f-91e4-9a3bd2254f18.html\">eine dunkelh\u00e4utige US-Amerikanerin rassistisch<\/a>. Am 27. Juli beleidigen in Berlin zwei Betrunkene einen Mann, der sie auffordert nicht in einen Hauseingang zu urinieren, <a href=\"https:\/\/www.morgenpost.de\/berlin\/polizeibericht\/article229607540\/Blaulicht-Blog-Wildpinkler-beleidigen-Mann-rassistisch.html\">rassistisch und bedrohen ihn<\/a>, bevor sie fl\u00fcchten. Sie werden kurz darauf festgenommen. Ebenfalls in Berlin beleidigt am 31. Juli ein betrunkener Mann <a href=\"https:\/\/www.morgenpost.de\/berlin\/polizeibericht\/article229709488\/Rauchwolke-ueber-Berlin-Papierlager-geht-in-Kreuzberg-in-Flammen-auf.html\">ein jugendliches P\u00e4rchen rassistisch und sexistisch<\/a>. Die von Zeugen gerufene Polizei nimmt den Mann vorl\u00e4ufig fest.<\/p>\n<p>13. Juli: <b>Prozess<\/b><b>e<\/b><b> gegen Polizis<\/b><b>t*i<\/b><b>nn<\/b><b>en:<\/b> Das LG Erfurt (Th\u00fcringen) verurteilt zwei Polizeibeamte wegen sexuellen Missbrauch unter Ausnutzung einer Amtsstellung <a href=\"https:\/\/www.spiegel.de\/panorama\/justiz\/urteil-in-erfurt-polizisten-wegen-sexuellen-missbrauchs-zu-freiheitsstrafe-verurteilt-a-aad34d33-fd64-4d1c-8210-cee8afffe1ff\">zu einer Haftstrafe von zwei Jahren und drei Monaten<\/a>. Eine Verurteilung wegen Vergewaltigung war nicht m\u00f6glich weil die anzeigende Polin als Zeugin nicht mehr auffindbar war. Die Suche nach ihr war ergebnislos verlaufen. Am 14. Juli verurteilt das AG W\u00fcrzburg (Bayern) einen Polizeisch\u00fcler wegen fahrl\u00e4ssiger T\u00f6tung zu einer Jugendstrafe <a href=\"https:\/\/www.spiegel.de\/panorama\/justiz\/wuerzburg-polizeischueler-zu-15-monaten-haft-auf-bewaehrung-verurteilt-a-94215fba-ed4d-417a-b063-1984e667dd8b\">von einem Jahr und drei Monaten auf Bew\u00e4hrung<\/a> und einer Geldbu\u00dfe von 2.400 EUR. Der Mann hatte im Februar 2019 mit seiner Dienstwaffe hantiert und dabei versehentlich einen Kollegen erschossen. Ebenfalls am 14. Juli spricht ein Gericht in K\u00f6ln (NRW) einen Beamten <a href=\"https:\/\/www.sueddeutsche.de\/panorama\/polizeigewalt-polizei-prozess-journalist-1.4968854\">vom Vorwurf der schweren K\u00f6rperverletzung an einem Sportjournalisten im November 2018 frei<\/a>. Die Ermittlungen zum Vorfall und Kolleg*innen-Aussagen weisen etliche Merkw\u00fcrdigkeiten auf.<\/p>\n<p><b>Festnahme von Kriegsverbrechern:<\/b> In Naumburg (Sachsen-Anhalt) und Essen (NRW) werden <a href=\"https:\/\/www.spiegel.de\/politik\/deutschland\/syrien-ermittler-nehmen-zwei-mutmassliche-kriegsverbrecher-in-deutschland-fest-a-99fc7a30-05e8-4904-a726-70c736769a55\">zwei Syrer festgenommen<\/a>, die 2012 an der Hinrichtung eines Offiziers der syrischen Regierungstruppen beteiligt gewesen sein sollen.<\/p>\n<p>14. Juli: <b>A<\/b><b>bschiebung<\/b><b>en<\/b><b>:<\/b> Aufgrund der weltweiten Corona-Krise ist die <a href=\"https:\/\/www.faz.net\/aktuell\/politik\/inland\/asylbewerber-viel-weniger-abschiebungen-wegen-pandemie-16859800.html\">Zahl der Abschiebungen auf 5.022 Personen gesunken<\/a> (2019: 10.951). Als ausreisepflichtig gelten 266.605 Personen (2019: 245.597) (Stand Mai 2020) wie das Bundesinnenministerium mitteilt. Im April diesen Jahres wurden 30 Menschen abgeschoben, im Mai waren es 92 und im Juni <a href=\"https:\/\/taz.de\/Deutsche-Fluechtlingspolitik\/!5699574\/\">insgesamt 406 Menschen<\/a>. Das AG Aschaffenburg (Bayern) spricht ebenfalls am 17. Juli einen Mann <a href=\"https:\/\/www.fr.de\/rhein-main\/kein-aufruf-straftaten-13835101.html\">von der Aufforderung zu Straftaten frei<\/a>, der als Verantwortlicher im Impressum einer Webseite f\u00fcr B\u00fcrgerasyl dazu aufgerufen hatte, von Abschiebung bedrohte Menschen notfalls in der eigenen Wohnung zu verstecken. Am 31. Juli wird durch Presseberichte bekannt, dass ein Libanese, der im Juli 2000 als \u201eKofferbomber\u201c Z\u00fcge im Hauptbahnhof K\u00f6ln (NRW) sprengen wollte, bereits <a href=\"https:\/\/www.welt.de\/politik\/deutschland\/article212631173\/Terrorist-Kofferbomber-von-Koeln-in-den-Libanon-abgeschoben.html\">Anfang Juni in sein Heimatland abgeschoben wurde<\/a>.<br \/>\n<b><\/b><\/p>\n<p><b>Sammelabschiebung:<\/b> Erstmals seit Beginn der Corona-Pandemie <a href=\"https:\/\/www.sueddeutsche.de\/politik\/abschiebung-coronavirus-1.4967943\">schiebt die BPol 19 Menschen aus Pakistan ab<\/a>; an Bord des Flugzeugs sind bereits zehn weitere aus Griechenland.<\/p>\n<p><b>Strafvereitelung beim Zoll:<\/b> In K\u00f6ln (NRW) <a href=\"https:\/\/www.tagesspiegel.de\/politik\/verdacht-auf-strafvereitelung-staatsanwaltschaft-laesst-raeume-von-zoll-spezialeinheit-durchsuchen\/26002598.html\">durchsucht die Polizei<\/a> die R\u00e4ume der f\u00fcr Finanzermittlungen zust\u00e4ndigen Zoll-Spezialeinheit Financial Intelligence Unit (FIU) unter dem Verdacht der Strafvereitelung im Amt. Die Beamt*innen sollen zwischen Mitte 2018 bis Anfang 2020 mindestens acht Geldw\u00e4scheverdachtsf\u00e4lle nicht weitergeleitet haben.<\/p>\n<p><b>Polizeisch<\/b><b>\u00fc<\/b><b>ss<\/b><b>e<\/b><b>:<\/b> Um einen mutma\u00dflichen Serienvergewaltiger an der Flucht zu hindern, geben Polizisten in einem Waldst\u00fcck bei Potsdam (Brandenburg) <a href=\"https:\/\/www.tagesspiegel.de\/berlin\/polizei-justiz\/festnahme-in-berlin-wannsee-polizei-nimmt-mutmasslichen-serienvergewaltiger-fest\/26005002.html\">mehrere Warnsch\u00fcsse ab<\/a>. Der Mann kann trotzdem zun\u00e4chst entkommen, sp\u00e4ter jedoch in Berlin festgenommen werden. 15. Juli: Bei der Suche nach dem fl\u00fcchtigen Straft\u00e4ter in Oppenau (Baden-W\u00fcrttemberg) gibt ein Polizeibeamter beim Entladen eines Fahrzeugs <a href=\"https:\/\/www.badische-zeitung.de\/polizist-schiesst-in-oppenau-aber-nur-aus-versehen\">versehentlich einen Schuss ab<\/a>. Als ein Autofahrer am 16. Juli in Berlin versucht, vor einer Verkehrskontrolle zu fl\u00fcchten, schie\u00dft ein Beamter zweimal auf das Fahrzeug. Der Mann setzt die Flucht fort und rammt dabei drei andere Fahrzeuge bevor er zu Fu\u00df weiter fl\u00fcchtet. Er kann <a href=\"https:\/\/www.tagesspiegel.de\/berlin\/polizei-justiz\/polizist-schiesst-zwei-mal-auf-auto-verkehrskontrolle-eskaliert-verfolgungsjagd-in-neukoelln\/26011342.html\">kurz darauf festgenommen werden<\/a>. In dem Wagen wird eine <a href=\"https:\/\/www.tagesspiegel.de\/berlin\/polizei-justiz\/polizist-schiesst-zwei-mal-auf-auto-verfolgungsjagd-in-neukoelln-verwirrung-um-bargeldfund\/26011342.html\">gr\u00f6\u00dfere Summe Bargeld gefunden<\/a>. In Berlin bestiehlt am 18. Juli ein P\u00e4rchen einen Mann; als dieser es bemerkt, hetzt der Mann den mitgef\u00fchrten Hund auf ihn. Eintreffende Polizeibeamt*innen nehmen den Mann fest. Die zun\u00e4chst geflohene Frau wird ebenfalls gestellt, woraufhin der Hund andere Beamt*innen angreift. Ein Polizist erschie\u00dft das Tier. In Korbach (Hessen) \u00fcberf\u00e4llt ein Mann am 29. Juli eine Tankstelle, greift dabei die Angestellte an und verletzt sie schwer. Bei seiner Festnahme wird er <a href=\"https:\/\/www.fr.de\/rhein-main\/angeschossener-verdaechtiger-in-haft-90015884.html\">von der Polizei angeschossen<\/a>.<\/p>\n<p><b>Kinderpornografie:<\/b> In zwei Landkreisen in Bayern durchsucht die Polizei neun Geb\u00e4ude wegen des Verdachts auf Kinderpornografie und beschlagnahmt dabei auch Datentr\u00e4ger von f\u00fcnf Kindern und Jugendlichen; <a href=\"https:\/\/www.sueddeutsche.de\/bayern\/memmingen-polizei-kinderpornografie-razzia-1.4968633\">ermittelt wird gegen neun Verd\u00e4chtige<\/a>.<\/p>\n<p><b>Datenschutz:<\/b> Der EuGH erkl\u00e4rt die bisherige Datenschutzvereinbarung der EU mit den USA <a href=\"https:\/\/www.tagesspiegel.de\/politik\/eugh-urteil-facebook-vs-schrems-eu-beschluss-zu-datenaustausch-mit-usa-ungueltig\/26009406.html\">f\u00fcr ung\u00fcltig<\/a>. Am 17. Juli erkl\u00e4rt das Bundesverfassungsgericht (BVerfG) die staatlichen Zugriffsm\u00f6glichkeiten auf pers\u00f6nliche Daten von Handy- und Internetnutzern <a href=\"https:\/\/www.tagesspiegel.de\/politik\/entscheidung-zu-bestandsdaten-verfassungsrichter-schraenken-zugriff-auf-persoenliche-daten-ein\/26013532.html\">f\u00fcr zu weit gefasst<\/a> und somit f\u00fcr verfassungswidrig. Sie m\u00fcssen nun bis sp\u00e4testens Ende 2021 \u00fcberarbeitet werden (Az: 1 BvR 1873\/13 u.a.).<br \/>\n<b><\/b><\/p>\n<p><b>Rechtsradikalismus:<\/b> Ein Sportpilot bemerkt auf dem Dach einer leerstehenden Sporthalle in Neubrandenburg (Mecklenburg-Vorpommern) gro\u00dfe Hakenkreuze und andere illegale Symbole. <a href=\"https:\/\/www.spiegel.de\/panorama\/justiz\/neubrandenburg-polizei-ermittelt-wegen-ns-symbolen-auf-dach-einer-sporthalle-a-8575a303-611a-444e-969e-e4fe72aa5d6a\">Die Polizei ermittelt<\/a>. Auf einem Bahnsteig nehmen Bpol-Beamte in Berlin am 27. Juli <a href=\"https:\/\/www.morgenpost.de\/berlin\/polizeibericht\/article229607540\/Blaulicht-Blog-Wildpinkler-beleidigen-Mann-rassistisch.html\">einen betrunkenen Mann vorl\u00e4ufig fest<\/a>, der dort verfassungsfeindliche Parolen gr\u00f6lt.<\/p>\n<p><b>A<\/b><b>syl:<\/b> Gegenw\u00e4rtig befinden sich <a href=\"https:\/\/www.spiegel.de\/politik\/deutschland\/statistisches-bundesamt-neuantraege-auf-asyl-auf-niedrigstem-stand-seit-2012-a-d422918d-00f9-4aaa-bb20-4e0ee9b2159b\">knapp 1,8 Mio. Asylsuchende in Deutschland<\/a>, wie am 23. Juli aus Presseberichten hervorgeht. Am 24. Juli landet auf dem Airport in Calden (Hessen) ein Flugzeug <a href=\"https:\/\/www.spiegel.de\/politik\/deutschland\/deutschland-83-menschen-aus-griechischen-fluechtlingslagern-angekommen-a-69aac334-0347-40a2-8511-4d972b4de544\">mit 83 Menschen aus \u00fcberf\u00fcllten griechischen Fl\u00fcchtlingslagern<\/a>. Insgesamt sollen <a href=\"https:\/\/www.tagesspiegel.de\/berlin\/lager-auf-griechischen-inseln-berlin-nimmt-142-gefluechtete-kinder-und-jugendliche-auf\/25996998.html\">928 Fl\u00fcchtlinge aufgenommen werden<\/a>. Eine urspr\u00fcngliche Bereitschaft der Bundesl\u00e4nder, insgesamt 2.100 Personen aufzunehmen, hatte Bundesinnenminister Horst Seehofer (CSU) Mitte des Monats mit Verweis auf die grunds\u00e4tzliche Bundeskompetenz <a href=\"https:\/\/www.tagesspiegel.de\/politik\/elendscamps-auf-griechischen-inseln-seehofer-verweigert-bundeslaendern-aufnahme-von-gefluechteten\/26000204.html\">verweigert<\/a>. Durch Presseberichte wird am 30. Juli bekannt, dass Bundesinnenminister Horst Seehofer (CSU) Berlin schriftlich <a href=\"https:\/\/www.tagesspiegel.de\/berlin\/brief-an-innensenator-geisel-seehofer-verbietet-berlin-aufnahme-von-fluechtlingen\/26048558.html\">verboten hat, weitere Gefl\u00fcchtete aufzunehmen<\/a>. Am 31. Juli <a href=\"https:\/\/www.morgenpost.de\/berlin\/article229706838\/Weitere-Fluechtlinge-aus-Griechenland-in-Berlin-angekommen.html\">landet wie vorgesehen<\/a> ein Flugzeug mit 18 Menschen aus griechischen Lagern in Berlin.<\/p>\n<p>20. Juli. <b>Ermittlungen gegen <\/b><b>Polizeibeamt*<\/b><b>i<\/b><b>nnen<\/b><b>:<\/b> In Berlin <a href=\"https:\/\/www.morgenpost.de\/berlin\/polizeibericht\/article229565084\/Berliner-Polizisten-sollen-im-Dienst-Drogen-genommen-haben.html\">ermittelt die Polizei gegen zwei ihrer Beamten<\/a>, die im Dienst Drogen genommen haben sollen. Bei der Durchsuchung ihrer Wohnungen und Arbeitspl\u00e4tze waren entsprechende Substanzen gefunden worden. Am 23. Juli stellt die Berliner StA <a href=\"https:\/\/www.morgenpost.de\/bezirke\/friedrichshain-kreuzberg\/article229581378\/Ermittlungen-im-Fall-der-getoeteten-Maria-B-eingestellt.html\">die Ermittlungen zu einem polizeilichen Todesschuss auf eine Frau im Januar ein<\/a>. Diese war mit einem Messer auf ihren Mitbewohner und einen Polizisten losgegangen. Daraufhin nehmen am 24. Juli etwa 150 bis 200 Personen <a href=\"https:\/\/www.morgenpost.de\/berlin\/polizeibericht\/article229582556\/Blaulicht-Blog-Gedenkdemonstration-fuer-erschossene-Maria-B.html\">an einer Gedenkdemonstration f\u00fcr sie teil<\/a>.<\/p>\n<p>21. Juli: <b>Antisemitischer<\/b><b> Mordanschlag:<\/b> Vor dem LG Magdeburg (Sachsen-Anhalt) <a href=\"https:\/\/www.spiegel.de\/panorama\/justiz\/anschlag-in-halle-im-prozess-sind-147-zeugen-und-43-nebenklaeger-zugelassen-a-26daa175-121f-4f99-8ec9-df2f1c64f65d\">beginnt der Prozess<\/a> gegen den T\u00e4ter des Anschlags auf eine Synagoge in Halle\/Saale im Oktober 2019. <a href=\"https:\/\/www.sueddeutsche.de\/politik\/halle-synagoge-prozess-antisemitismus-terrorismus-1.4981998\">Mehrfach<\/a> breitet der Angeklagte bei seinen Aussagen ein antisemitisch, rassistisch und homophob gepr\u00e4gtes Weltbild aus.<\/p>\n<p><b>Polizei und Datenschutz: <\/b>Durch <a href=\"https:\/\/www.welt.de\/politik\/deutschland\/article211970641\/In-Echtzeit-So-soll-das-BKA-WhatsApp-Nachrichten-mitlesen.html\">Presseberichte<\/a> unter Berufung auf ein internes BKA-Schreiben wird bekannt, dass das BKA in der Lage ist, heimlich verschl\u00fcsselte WhatsApp-Chats mitzulesen. Das BKA wollte sich dazu nicht \u00e4u\u00dfern. Eine Presseumfrage bei den Innenministerien und Datenschutzbeauftragten der Bundesl\u00e4nder <a href=\"https:\/\/www.faz.net\/aktuell\/politik\/inland\/datenabfragen-mehr-als-400-verfahren-gegen-polizisten-16876625.html\">macht am 26. Juli bekannt<\/a>, dass seit 2018 \u00fcber 400 Ordnungswidrigkeits-, Disziplinar- und Strafverfahren wegen unberechtigter Datenabfragen gegen Polizeibeamt*innen eingeleitet wurden. Durch weitere <a href=\"https:\/\/www.welt.de\/politik\/deutschland\/article212362479\/50-Strafverfahren-wegen-Verdachts-auf-Datenschutzverstoss-bei-Polizei.html\">Presseberichte<\/a> wird am 27. Juli bekannt, dass gegen Berliner Polizist*innen 2018 insgesamt 24 Strafverfahren wegen Verdacht des Versto\u00dfes gegen das Landesdatenschutzgesetz eingeleitet wurden (eingestellt: 23); 2019 waren es 25 Verfahren (eingestellt: 16), acht Strafverfahren sind noch nicht abgeschlossen. Am 31. Juli wird bekannt, dass die Polizei in Bayern und anderen Bundesl\u00e4ndern die Corona-Listen von Restaurants, mit deren Hilfe die Gesundheits\u00e4mter bei Covid-19-Erkrankungen lediglich potentielle Kontaktpersonen identifizieren sollen, ebenfalls auswertet, Bayerns Innenminister Joachim Herrmann (CSU) <a href=\"https:\/\/www.spiegel.de\/panorama\/justiz\/corona-gaestelisten-joachim-herrmann-verteidigt-nutzung-von-durch-polizei-a-64d25ef3-009c-4dac-a4a2-2da6aabc8729\">weist die Kritik von Datensch\u00fctzer*innen daran zur\u00fcck<\/a>.<\/p>\n<p><b>Kriminelle Polizist*innen:<\/b> Die Polizei in Berlin teilt mit, dass gegen einen Mitarbeiter der Bu\u00dfgeldstelle, der Protokolle von Geschwindigkeits\u00fcberschreitungen vernichtet und Daten gel\u00f6scht hat, <a href=\"https:\/\/www.tagesspiegel.de\/berlin\/polizei-justiz\/protokolle-von-geschwindigkeitsmessungen-vernichtet-gegen-mitarbeiter-in-berliner-bussgeldstelle-wird-ermittelt\/26025498.html\">Strafanzeige erstattet wurde<\/a>. Durch eine parlamentarische Anfrage der FDP-Bundestagsfraktion <a href=\"https:\/\/www.welt.de\/politik\/article212215843\/Bundespolizei-57-Beamte-vom-Dienst-suspendiert.html\">wird am 26. Juli bekannt<\/a>, dass seit 2015 insgesamt 57 BPol-Beamt*innen wegen schwerer Dienstverst\u00f6\u00dfe suspendiert wurden. In 33 F\u00e4llen wurde Anklage erhoben, in 19 F\u00e4llen kam es zu Verurteilungen; entlassen wurden sieben Beamte.<\/p>\n<p>22. Juli: <b>Rassistische<\/b><b> Angriffe:<\/b> In einer Berliner U-Bahn wird ein Mann wegen seiner Hautfarbe von einem P\u00e4rchen <a href=\"https:\/\/www.morgenpost.de\/berlin\/polizeibericht\/article229576704\/Berlin-Tiergarten-Zwei-Maenner-verletzen-sich-im-Streit-schwer.html\">rassistisch beleidigt und geschlagen<\/a>. Auch eine Frau, die in die Situation eingreift, wird geschlagen. Die alarmierte Polizei nimmt die Personalien der T\u00e4ter*innen auf.<\/p>\n<p>23. Juli: <b>Organisierte Kriminalit\u00e4t <\/b><b>(OK)<\/b><b>:<\/b> In mehreren St\u00e4dten in NRW durchsucht die Polizei Wohnungen und Firmen von Personen, die der organisierten &#8222;Clankriminalit\u00e4t&#8220; zugerechnet werden. Ausl\u00f6ser ist die Entf\u00fchrung eines niederl\u00e4ndischen Autoh\u00e4ndlers; <a href=\"https:\/\/www.spiegel.de\/panorama\/nordrhein-westfalen-vier-maenner-bei-razzia-festgenommen-verdacht-auf-clankriminalitaet-a-71e57686-8439-42c0-9b28-400040303f68\">vier M\u00e4nner werden festgenommen<\/a>. Am 29. Juli werden in Berlin bei einer Razzia gegen &#8222;Clankriminalit\u00e4t&#8220; sieben Lokale durchsucht; 57 Personen werden \u00fcberpr\u00fcft, eine festgenommen. Zudem werden <a href=\"https:\/\/www.morgenpost.de\/berlin\/polizeibericht\/article229645630\/Blaulicht-Blog-Auto-rast-gegen-Baum-und-faengt-Feuer.html\">Waffen, Drogen und ein Fahrzeug beschlagnahmt<\/a>. Durch Presseberichte wird am 30. Juli bekannt, dass Beschwerden gegen die Beschlagnahme von 77 Immobilien im Wert von neun Mio. EUR eines arabischen Clans im Juli 2018 bisher <a href=\"https:\/\/www.morgenpost.de\/berlin\/article229647996\/77-Clan-Immobilien-beschlagnahmt-Beschwerden-abgewiesen.html\">s\u00e4mtlich abgewiesen wurden<\/a>.<\/p>\n<p>24. Juli: <b>Festnahme von Justizbeamten:<\/b> In Hessen wurde ein Oberstaatsanwalt unter dem Vorwurf der Bestechlichkeit <a href=\"https:\/\/www.fr.de\/frankfurt\/frankfurt-am-main-ort28687\/frankfurt-bestechung-justiz-u-haft-obertstaatsanwalt-betrug-polizei-13843575.html\">festgenommen<\/a>. Er soll einem Unternehmer seit 2015 <a href=\"https:\/\/www.spiegel.de\/panorama\/justiz\/frankfurt-am-main-hoher-justizbeamter-wegen-verdachts-auf-bestechlichkeit-verhaftet-a-fe929f88-d99a-4e39-b850-3aa239e91a3f\">Gutachtensauftr\u00e4ge in Strafverfahren vermittelt<\/a> und daf\u00fcr mehr als 240.000 EUR erhalten haben.<br \/>\n<b><\/b><\/p>\n<p><b>Festnahmen von mutma\u00dflichen Dschihadist*innen:<\/b> Auf dem Flughafen Frankfurt\/M. (Hessen) <a href=\"https:\/\/www.morgenpost.de\/politik\/inland\/article229599778\/Mutmassliche-IS-Rueckkehrerin-in-Frankfurt-festgenommen.html\">nimmt die Polizei eine mutma\u00dfliche IS-R\u00fcckkehrerin fest<\/a>, Die 2015 nach Syrien ausgereiste Frau befand sich zuvor in t\u00fcrkischer Abschiebehaft. Am 28. Juli nimmt die Polizei in Essen (NRW) eine 2018 zur\u00fcckgekehrte Frau fest, die 2015 mit ihren vier Kindern nach Syrien ausgereist war und sich dem IS angeschlossen haben soll. Ihr Schwager wird <a href=\"https:\/\/www1.wdr.de\/nachrichten\/ruhrgebiet\/terrorfestnahme-von-is-rueckkehrerin-in-essen-100.html\">ebenfalls festgenommen<\/a>; ihm wird vorgeworfen, den IS finanziell unterst\u00fctzt zu haben.<\/p>\n<p>27. Juli: <b>Rechtsextremer Mordanschlag:<\/b> Im Prozess um den Mord an dem Kasseler Regierungspr\u00e4sidenten Walter L\u00fcbcke vor dem Oberlandesgericht (OLG) Frankfurt\/M. (Hessen) beantragt der mutma\u00dfliche M\u00f6rder Stephan Ernst, <a href=\"https:\/\/www.spiegel.de\/panorama\/justiz\/fall-walter-luebcke-stephan-ernst-beantragt-abberufung-seines-pflichtverteidigers-a-a787525d-76f9-4bf9-a1f2-202cc9c549f9\">die Abberufung eines seiner Pflichtverteidiger<\/a>. Am 28. Juli <a href=\"https:\/\/www.spiegel.de\/panorama\/justiz\/walter-luebcke-prozess-in-frankfurt-anwalt-frank-hannig-abberufen-vertrauen-zu-stephan-ernst-zerstoert-a-b22afae1-54a1-401d-880f-37d586d06ecb\">entpflichtet das Gericht den Anwalt<\/a>.<\/p>\n<p>28. Juli: <b>Verurteilung wegen Terrorismus:<\/b> Das OLG M\u00fcnchen (Bayern) verurteilt 10 Mitglieder der t\u00fcrkischen kommunistischen Partei TKP\/ML wegen Mitgliedschaft in einer terroristischen Vereinigung im Ausland zu Haftstrafen <a href=\"https:\/\/www.spiegel.de\/politik\/deutschland\/muenchen-tuerkische-kommunisten-zu-mehrjaehrigen-haftstrafen-verurteilt-a-621a6a8a-835f-4138-84f4-03555d5b18d0\">zwischen sechseinhalb und zweidreiviertel Jahren<\/a>.<\/p>\n<p><b>Rechtsradikaler Mordanschlag in Hanau<\/b>: Durch <a href=\"https:\/\/www.fr.de\/rhein-main\/main-kinzig-kreis\/hanau-ort66348\/anschlag-von-hanau-waffenerlaubnis-trotz-verfahren-90014948.html\">Presseberichte<\/a> wird bekannt, dass dem rechtsradikalen T\u00e4ter, der im Februar in Hanau (Hessen) neun Menschen erschossen hatte, im Jahr 2018 noch die Waffenerlaubnis verl\u00e4ngert worden war, obwohl bei ihm bereits 2002 eine paranoide Schizophrenie festgestellt und er seinen Wohnsitz bereits vor Jahren nach M\u00fcnchen (Bayern) verlegt und dort straff\u00e4llig geworden war. Es hatte zwischen den zust\u00e4ndigen Beh\u00f6rden keinen Informationsaustausch gegeben.<\/p>\n<p><em>Beitragsbild: <a href=\"https:\/\/commons.wikimedia.org\/wiki\/User:Reise_Reise\" target=\"_blank\" rel=\"noopener noreferrer\">Reise Reise<\/a>, <a href=\"https:\/\/commons.wikimedia.org\/wiki\/File:Halle_Synagoge_T\u00fcr_(03).jpg\" target=\"_blank\" rel=\"noopener noreferrer\">Halle Synagoge T\u00fcr (03)<\/a>, <a href=\"https:\/\/creativecommons.org\/licenses\/by-sa\/4.0\/legalcode\" target=\"_blank\" rel=\"license noopener noreferrer\">CC BY-SA 4.0<\/a><\/em><\/p>\n","protected":false},"excerpt":{"rendered":"<p>zusammengestellt von Otto Diederichs 1. Juli: Schleuserkriminalit\u00e4t: In f\u00fcnf Bundesl\u00e4ndern durchsucht die Bundespolizei (BPol) Objekte<\/p>\n","protected":false},"author":2,"featured_media":17837,"comment_status":"open","ping_status":"open","sticky":false,"template":"","format":"standard","meta":{"footnotes":""},"categories":[6],"tags":[216,667,820,1094,1186,1195],"class_list":["post-17828","post","type-post","status-publish","format-standard","has-post-thumbnail","hentry","category-chronologien","tag-antisemitismus","tag-geheimdienste","tag-justiz","tag-polizei","tag-rassismus","tag-rechtsextremismus"],"_links":{"self":[{"href":"https:\/\/wp-dev.daten.cool\/index.php?rest_route=\/wp\/v2\/posts\/17828","targetHints":{"allow":["GET"]}}],"collection":[{"href":"https:\/\/wp-dev.daten.cool\/index.php?rest_route=\/wp\/v2\/posts"}],"about":[{"href":"https:\/\/wp-dev.daten.cool\/index.php?rest_route=\/wp\/v2\/types\/post"}],"author":[{"embeddable":true,"href":"https:\/\/wp-dev.daten.cool\/index.php?rest_route=\/wp\/v2\/users\/2"}],"replies":[{"embeddable":true,"href":"https:\/\/wp-dev.daten.cool\/index.php?rest_route=%2Fwp%2Fv2%2Fcomments&post=17828"}],"version-history":[{"count":0,"href":"https:\/\/wp-dev.daten.cool\/index.php?rest_route=\/wp\/v2\/posts\/17828\/revisions"}],"wp:featuredmedia":[{"embeddable":true,"href":"https:\/\/wp-dev.daten.cool\/index.php?rest_route=\/wp\/v2\/media\/17837"}],"wp:attachment":[{"href":"https:\/\/wp-dev.daten.cool\/index.php?rest_route=%2Fwp%2Fv2%2Fmedia&parent=17828"}],"wp:term":[{"taxonomy":"category","embeddable":true,"href":"https:\/\/wp-dev.daten.cool\/index.php?rest_route=%2Fwp%2Fv2%2Fcategories&post=17828"},{"taxonomy":"post_tag","embeddable":true,"href":"https:\/\/wp-dev.daten.cool\/index.php?rest_route=%2Fwp%2Fv2%2Ftags&post=17828"}],"curies":[{"name":"wp","href":"https:\/\/api.w.org\/{rel}","templated":true}]}}