{"id":17856,"date":"2020-07-25T15:17:51","date_gmt":"2020-07-25T15:17:51","guid":{"rendered":"https:\/\/www.cilip.de\/?p=17856"},"modified":"2020-07-25T15:17:51","modified_gmt":"2020-07-25T15:17:51","slug":"europaeische-polizeipartnerschaft","status":"publish","type":"post","link":"https:\/\/wp-dev.daten.cool\/?p=17856","title":{"rendered":"\u201eEurop\u00e4ische Polizeipartnerschaft\u201c"},"content":{"rendered":"<p>Am 1. Juli hat die Bundesregierung die halbj\u00e4hrlich wechselnde EU-Rats\u00adpr\u00e4\u00adsi\u00addent\u00adschaft \u00fcbernommen, zuletzt hatte Deutschland diesen Vorsitz im ersten Halbjahr 2007 inne.<a href=\"#_ftn1\" name=\"_ftnref1\">[1]<\/a> Im Bereich Justiz und Inneres steht das Programm des Innen- und des Justizministeriums unter dem Motto: \u201eein Europa der Sicherheit und der gemeinsamen Werte\u201c; die Bundesregierung setzt dort auf eine \u201eEurop\u00e4ische Polizeipartnerschaft\u201c: Gem\u00e4\u00df diesem Prinzip sollen europ\u00e4ische Polizist*innen nicht nur in ihrem eigenen Land, sondern auch in anderen Mitgliedstaaten alle Informationen abrufen k\u00f6nnen, die sie f\u00fcr erforderlich halten.<!--more--><\/p>\n<p>Unter dieses Ziel fasst die Bundesregierung z.B. die Ausweitung der bestehenden Pr\u00fcm-Ver\u00adfahren, mit denen DNA- und Fingerabdruckdaten in allen EU-Mitgliedstaaten abgefragt werden k\u00f6nnen. In einem \u201eNext Ge\u00adne\u00adra\u00adtion Pr\u00fcm\u201c (Pr\u00fcm.nG) k\u00f6nnten auch Gesichtsbilddateien durchsucht werden.<a href=\"#_ftn2\" name=\"_ftnref2\">[2]<\/a> Das Bundesinnenministerium wird im Rah\u00admen der Ratspr\u00e4\u00adsidentschaft auch sein Steckenpferd \u201eEurop\u00e4ischer Kriminalaktennach\u00ad\u00adweis\u201c (EPRIS) weiterverfolgen. Damit sollen alle EU-Po\u00adli\u00adzeibeh\u00f6r\u00adden gegenseitig Polizeiakten abfragen k\u00f6nnen. Dies betr\u00e4fe auch Personen, zu denen Ermittlungen wieder ein\u00adge\u00adstellt werden.<a href=\"#_ftn3\" name=\"_ftnref3\">[3]<\/a><\/p>\n<p>Zu den deutschen Priorit\u00e4ten geh\u00f6rt auch die Weiterverfolgung des Pro\u00adjekts \u201eInteroperabilit\u00e4t\u201c, mit dem die EU biometrische Daten aus ver\u00adschiedenen Systemen in einer einzigen Datei verschmelzen will, damit diese von einem noch gr\u00f6\u00dferen Kreis berechtigter Beh\u00f6rden mit einer neuen Suchmaschine durchst\u00f6bert werden. 300 Mio. Euro soll allein die Gesichtserkennung f\u00fcr das System kosten.<a href=\"#_ftn4\" name=\"_ftnref4\">[4]<\/a> Alle Details werden in der neuen Ratsarbeitsgruppe \u201eDatenaustausch im Bereich Justiz und Inneres\u201c (IXIM) ausgehandelt.<a href=\"#_ftn5\" name=\"_ftnref5\">[5]<\/a><\/p>\n<p>Die Bundesregierung will sich zudem dringend um den Abschluss der \u201eVerordnung zur Verhinderung der Verbreitung terroristischer Online-Inhalte\u201c bem\u00fchen. Das alte EU-Par\u00adla\u00adment hatte hierzu gefordert, dass polizeiliche Anordnungen zur Entfernung von Postings nicht grenz\u00ad\u00fcber\u00adschreitend erteilt werden d\u00fcrfen, sondern auf das eigene Land beschr\u00e4nkt bleiben sollen. Der Rat ist damit nicht einverstanden.<\/p>\n<p>Im Programm der deutschen Ratspr\u00e4sidentschaft hei\u00dft es au\u00dferdem vage, dass der Austausch von gesundheitsbezogenen Daten europaweit verbessert werden soll. Die Bundesregierung wirbt f\u00fcr einen rechtssicheren europ\u00e4ischen \u201eGesundheitsdatenraum\u201c und will hierf\u00fcr einen Verhaltenskodex vorschlagen. So schl\u00e4gt die Bundesregierung vor, Passagierdaten zur Nachverfolgung von Corona-Infektionen zu nutzen.<a href=\"#_ftn6\" name=\"_ftnref6\">[6]<\/a><\/p>\n<p>Die Justiz- und Innenminister*innen wollen \u00fcber die Initiativen auf ihren Treffen am 8.\/9. Oktober 2020 in Luxemburg sowie am 3.\/4. Dezember in Br\u00fcssel beraten. Alle offen gebliebenen Vorhaben werden im kommenden Jahr von Portugal und Slowenien weitergef\u00fchrt, die zusammen mit Deutschland die derzeitige Trio-Ratspr\u00e4sidentschaft bilden.<\/p>\n<h6><a href=\"#_ftnref1\" name=\"_ftn1\">[1]<\/a> <a href=\"http:\/\/www.eu2020.de\">www.eu2020.de<\/a><\/h6>\n<h6><a href=\"#_ftnref2\" name=\"_ftn2\">[2]<\/a> vgl. Pr\u00fcm mit Gesichtsbildern, in: B\u00fcrgerrechte &amp; Polizei\/CILIP 120 (Nov. 2019), S. 96f.<\/h6>\n<h6><a href=\"#_ftnref3\" name=\"_ftn3\">[3]<\/a> vgl. EU-Vernetzung von Polizeiakten, in: B\u00fcrgerrechte &amp; Polizei\/CILIP 118-119 (Juni 2019), S. 172f.<\/h6>\n<h6><a href=\"#_ftnref4\" name=\"_ftn4\">[4]<\/a> <a href=\"https:\/\/ted.europa.eu\/udl?uri=TED:NOTICE:221106-2019:TEXT:EN:HTML\">https:\/\/ted.europa.eu\/udl?uri=TED:NOTICE:221106-2019:TEXT:EN:HTML<\/a><\/h6>\n<h6><a href=\"#_ftnref5\" name=\"_ftn5\">[5]<\/a> vgl. BR-Drs. 113\/20 v. 5.3.20<\/h6>\n<h6><a href=\"#_ftnref6\" name=\"_ftn6\">[6]<\/a> Ratsdok. 9031\/20 v. 2.7.2020<\/h6>\n","protected":false},"excerpt":{"rendered":"<p>Am 1. Juli hat die Bundesregierung die halbj\u00e4hrlich wechselnde EU-Rats\u00adpr\u00e4\u00adsi\u00addent\u00adschaft \u00fcbernommen, zuletzt hatte Deutschland diesen<\/p>\n","protected":false},"author":3,"featured_media":0,"comment_status":"open","ping_status":"open","sticky":false,"template":"","format":"standard","meta":{"footnotes":""},"categories":[127,145],"tags":[],"class_list":["post-17856","post","type-post","status-publish","format-standard","hentry","category-cilip-123","category-meldungen-europa"],"_links":{"self":[{"href":"https:\/\/wp-dev.daten.cool\/index.php?rest_route=\/wp\/v2\/posts\/17856","targetHints":{"allow":["GET"]}}],"collection":[{"href":"https:\/\/wp-dev.daten.cool\/index.php?rest_route=\/wp\/v2\/posts"}],"about":[{"href":"https:\/\/wp-dev.daten.cool\/index.php?rest_route=\/wp\/v2\/types\/post"}],"author":[{"embeddable":true,"href":"https:\/\/wp-dev.daten.cool\/index.php?rest_route=\/wp\/v2\/users\/3"}],"replies":[{"embeddable":true,"href":"https:\/\/wp-dev.daten.cool\/index.php?rest_route=%2Fwp%2Fv2%2Fcomments&post=17856"}],"version-history":[{"count":0,"href":"https:\/\/wp-dev.daten.cool\/index.php?rest_route=\/wp\/v2\/posts\/17856\/revisions"}],"wp:attachment":[{"href":"https:\/\/wp-dev.daten.cool\/index.php?rest_route=%2Fwp%2Fv2%2Fmedia&parent=17856"}],"wp:term":[{"taxonomy":"category","embeddable":true,"href":"https:\/\/wp-dev.daten.cool\/index.php?rest_route=%2Fwp%2Fv2%2Fcategories&post=17856"},{"taxonomy":"post_tag","embeddable":true,"href":"https:\/\/wp-dev.daten.cool\/index.php?rest_route=%2Fwp%2Fv2%2Ftags&post=17856"}],"curies":[{"name":"wp","href":"https:\/\/api.w.org\/{rel}","templated":true}]}}