{"id":17860,"date":"2020-08-08T15:23:55","date_gmt":"2020-08-08T15:23:55","guid":{"rendered":"https:\/\/www.cilip.de\/?p=17860"},"modified":"2020-08-08T15:23:55","modified_gmt":"2020-08-08T15:23:55","slug":"vorbereitungen-fuer-eine-neue-europol-verordnung","status":"publish","type":"post","link":"https:\/\/wp-dev.daten.cool\/?p=17860","title":{"rendered":"Vorbereitungen f\u00fcr eine neue Europol-Verordnung"},"content":{"rendered":"<p>Ende 2020 will die EU-Kommission einen Vorschlag zur Ausweitung des Mandats des europ\u00e4ischen Polizeiamtes Europol vorlegen.<a href=\"#_ftn1\" name=\"_ftnref1\">[1]<\/a> Mit dem Ziel die \u201eoperative Polizeikooperation\u201c zu st\u00e4rken, soll die seit Mai 2017 g\u00fcltige Europol-Verordnung 2016\/794 novelliert werden. Ein im Fr\u00fchjahr 2020 ver\u00f6ffentlichtes Papier gibt erste Hinweise, wohin die Reise gehen wird.<a href=\"#_ftn2\" name=\"_ftnref2\">[2]<\/a> Erstens soll Europol eine Rechtsgrundlage f\u00fcr das eigenst\u00e4ndige Sammeln von Daten aus den Best\u00e4nden von Privatunternehmen erhalten, eventuell sogar durch automatisierte Abfragen. Bislang darf das Polizeiamt solche Daten nur verarbeiten, wenn sie durch nationale Beh\u00f6rden \u00fcbermittelt wurden. <!--more-->Zweitens sollen bestimmte Analyseaktivit\u00e4ten zur Bek\u00e4mpfung von Terrorismus, Cyber- und Schlepperkriminalit\u00e4t eine eindeutige Rechtsgrundlage erhalten, nachdem es in der Vergangenheit Konflikte um deren Rechtm\u00e4\u00dfigkeit gegeben hatte. Drittens wird diskutiert, dass Europol k\u00fcnftig aus Drittstaaten \u00fcbermittelte Daten ins Schengener Informationssystem einstellen und Daten mit dem Pr\u00fcm-Netzwerk abgleichen k\u00f6nnen soll. Viertens soll Europol selbst beim Fehlen operativer Abkommen Daten mit Drittstaaten austauschen k\u00f6nnen, wenn dort nach eigener Einsch\u00e4tzung angemessene Datenschutzstandards existieren. F\u00fcnftens soll das Mandat Europols gest\u00e4rkt werden, um grenz\u00fcberschreitende Ermittlungen in den Mitgliedstaaten einzuleiten und Ermittlungen der neuen Europ\u00e4ischen Staatsanwaltschaft zu unterst\u00fctzen. Und sechstens soll Europols Datenschutzregime mit den Regeln zur Datenverarbeitung bei EU-Agenturen wie Frontex oder Eurojust harmonisiert werden. Hierzu sollen entweder der Anwendungsbereich der Richtlinie 2018\/1725 zum Datenschutz bei Organen und Einrichtungen der EU auf Europol erweitert werden oder aber die Regeln der Partneragenturen angepasst werden.<\/p>\n<p>F\u00fcr die deutsche EU-Ratspr\u00e4sidentschaft hat das Thema Priorit\u00e4t. Das Bundesinnenministerium (BMI) bekennt sich offensiv zum Ausbau von Europols Rolle als \u201eZentralstelle\u201c,<a href=\"#_ftn3\" name=\"_ftnref3\">[3]<\/a> und Niedersachsens Innenminister, der bis Jahresende kurioserweise den Vorsitz des Gemeinsamen Parlamentarischen Kontrollausschusses zu Europol f\u00fchrt, tr\u00e4umt bereits von einem \u201eeurop\u00e4ischen FBI\u201c.<a href=\"#_ftn4\" name=\"_ftnref4\">[4]<\/a> Bis September 2020 will die EU-Kommission ein \u201eImpact Assessment\u201c erstellen, verzichtet aber, anders als 2016, auf eine Evaluation der bisherigen Rechtsgrundlage. Die entscheidenden Weichen werden voraussichtlich im Oktober auf einer vom BMI organisierten Konferenz zur Zukunft Europols und auf dem Treffen der EU-Innenminister Anfang Dezember 2020 gestellt.<\/p>\n<h6><a href=\"#_ftnref1\" name=\"_ftn1\">[1]<\/a> COM(2020) 37 final v. 29.1.2020, S. 15<\/h6>\n<h6><a href=\"#_ftnref2\" name=\"_ftn2\">[2]<\/a> <a href=\"https:\/\/ec.europa.eu\/info\/law\/better-regulation\/have-your-say\/initiatives\/12387-Strengthening-of-Europol-s-mandate\">https:\/\/ec.europa.eu\/info\/law\/better-regulation\/have-your-say\/initiatives\/12387-Strengthening-of-Europol-s-mandate<\/a><\/h6>\n<h6><a href=\"#_ftnref3\" name=\"_ftn3\">[3]<\/a> Bundesministerium des Innern, f\u00fcr Bau und Heimat: Arbeitsprogramm f\u00fcr die deutsche EU-Ratspr\u00e4sidentschaft im zweiten Halbjahr 2020, Berlin 2020, S. 8<\/h6>\n<h6><a href=\"#_ftnref4\" name=\"_ftn4\">[4]<\/a> \u201eMinister Pistorius und MdB Susanne Mittag \u00fcbernehmen Vorsitz im Gemeinsamen Parlamentarischen Kontrollausschuss zu Europol\u201c, Pressemitteilung Nieders\u00e4chsisches Ministerium f\u00fcr Inneres und Sport v. 23.7.2020<\/h6>\n","protected":false},"excerpt":{"rendered":"<p>Ende 2020 will die EU-Kommission einen Vorschlag zur Ausweitung des Mandats des europ\u00e4ischen Polizeiamtes Europol<\/p>\n","protected":false},"author":12,"featured_media":0,"comment_status":"open","ping_status":"open","sticky":false,"template":"","format":"standard","meta":{"footnotes":""},"categories":[127,145],"tags":[],"class_list":["post-17860","post","type-post","status-publish","format-standard","hentry","category-cilip-123","category-meldungen-europa"],"_links":{"self":[{"href":"https:\/\/wp-dev.daten.cool\/index.php?rest_route=\/wp\/v2\/posts\/17860","targetHints":{"allow":["GET"]}}],"collection":[{"href":"https:\/\/wp-dev.daten.cool\/index.php?rest_route=\/wp\/v2\/posts"}],"about":[{"href":"https:\/\/wp-dev.daten.cool\/index.php?rest_route=\/wp\/v2\/types\/post"}],"author":[{"embeddable":true,"href":"https:\/\/wp-dev.daten.cool\/index.php?rest_route=\/wp\/v2\/users\/12"}],"replies":[{"embeddable":true,"href":"https:\/\/wp-dev.daten.cool\/index.php?rest_route=%2Fwp%2Fv2%2Fcomments&post=17860"}],"version-history":[{"count":0,"href":"https:\/\/wp-dev.daten.cool\/index.php?rest_route=\/wp\/v2\/posts\/17860\/revisions"}],"wp:attachment":[{"href":"https:\/\/wp-dev.daten.cool\/index.php?rest_route=%2Fwp%2Fv2%2Fmedia&parent=17860"}],"wp:term":[{"taxonomy":"category","embeddable":true,"href":"https:\/\/wp-dev.daten.cool\/index.php?rest_route=%2Fwp%2Fv2%2Fcategories&post=17860"},{"taxonomy":"post_tag","embeddable":true,"href":"https:\/\/wp-dev.daten.cool\/index.php?rest_route=%2Fwp%2Fv2%2Ftags&post=17860"}],"curies":[{"name":"wp","href":"https:\/\/api.w.org\/{rel}","templated":true}]}}