{"id":17928,"date":"2020-09-09T12:52:02","date_gmt":"2020-09-09T12:52:02","guid":{"rendered":"https:\/\/www.cilip.de\/?p=17928"},"modified":"2020-09-09T12:52:02","modified_gmt":"2020-09-09T12:52:02","slug":"redaktionsmitteilung-38","status":"publish","type":"post","link":"https:\/\/wp-dev.daten.cool\/?p=17928","title":{"rendered":"Redaktionsmitteilung"},"content":{"rendered":"<p>Am 22. Juni 2020, einem Montag, kam Bundesinnenminister Horst Seehofer zum Pressetermin nach Stuttgart. Gemeinsam mit Landes\u00adinnenminister Thomas Strobl begab er sich zum Schlossplatz, dem Ort der Randale vom Samstag zuvor (20. Juni), an der mehrere hundert junge Leute teilgenommen hatten und bei der Schau\u00adfenster eingeschlagen, Gesch\u00e4fte gepl\u00fcndert und Polizist*innen angegriffen worden waren. Sorgenvoll schauten die beiden Herren durch die entglasten Fenster jenes demolierten Polizeiautos, das man eigens zum Pressetermin nochmal auf den Schlossplatz gebracht hatte. <!--more--><\/p>\n<p>Das Foto auf unserem Titelblatt dokumentiert die Absurdit\u00e4ten polizeilich-innenministerieller Medienarbeit. Aber was hat es mit der \u201ePolizei im Alltag\u201c, dem Schwerpunktthema dieses Heftes, zu tun? Zweierlei: Erstens war der Anlass, der die Randale ausl\u00f6ste, ausgesprochen allt\u00e4glich: die Kontrolle eines 17-J\u00e4hrigen wegen eines \u201eDrogendelikts\u201c. Solche Kontrollen wegen ein paar Gramm Hanf finden an Treffpunkten junger Leute nicht nur in Stuttgart mit steter Regelm\u00e4\u00dfigkeit statt. Ob sie nicht nur Anlass, sondern vielleicht auch eine der Ursachen der \u201enie dagewesenen Dimension der Gewalt gegen die Po\u00adli\u00adzei\u201c (Polizeipr\u00e4sident Frank Lutz) gewesen sein k\u00f6nnten, wollte die Stuttgarter Polizei aber nicht wissen. Auch ihre Reaktion auf die Randale entsprach \u2013 zweitens \u2013 dem \u00fcblichen Schema: Sie fragte nicht nur nach der Staatsangeh\u00f6rigkeit der Tatverd\u00e4chtigen, sondern recherchierte bundesweit nach einem m\u00f6glichen Migrationshintergrund der Eltern.<\/p>\n<p>Was Polizei im Alltag bedeutet, h\u00e4ngt ab von der sozialen Position der Polizierten. Das ist die zentrale Aussage dieses Heftes.<\/p>\n<p>***<\/p>\n<p>Die n\u00e4chste Ausgabe von B\u00fcrgerrechte &amp; Polizei\/CILIP wird sich einmal mehr mit dem Thema \u201eStaatsgewalt gegen Rechts\u201c befassen, das uns schon anl\u00e4sslich des NPD-Verbotsverfahrens 2001 und erst recht im Zusammenhang mit dem NSU besch\u00e4ftigte.<\/p>\n<h3>Beitragsbild: Seehofer-Besuch am 22. Juni in Stuttgart (Jens Volle)<\/h3>\n","protected":false},"excerpt":{"rendered":"<p>Am 22. Juni 2020, einem Montag, kam Bundesinnenminister Horst Seehofer zum Pressetermin nach Stuttgart. Gemeinsam<\/p>\n","protected":false},"author":9,"featured_media":17927,"comment_status":"open","ping_status":"open","sticky":false,"template":"","format":"standard","meta":{"footnotes":""},"categories":[127,141],"tags":[],"class_list":["post-17928","post","type-post","status-publish","format-standard","has-post-thumbnail","hentry","category-cilip-123","category-editorials"],"_links":{"self":[{"href":"https:\/\/wp-dev.daten.cool\/index.php?rest_route=\/wp\/v2\/posts\/17928","targetHints":{"allow":["GET"]}}],"collection":[{"href":"https:\/\/wp-dev.daten.cool\/index.php?rest_route=\/wp\/v2\/posts"}],"about":[{"href":"https:\/\/wp-dev.daten.cool\/index.php?rest_route=\/wp\/v2\/types\/post"}],"author":[{"embeddable":true,"href":"https:\/\/wp-dev.daten.cool\/index.php?rest_route=\/wp\/v2\/users\/9"}],"replies":[{"embeddable":true,"href":"https:\/\/wp-dev.daten.cool\/index.php?rest_route=%2Fwp%2Fv2%2Fcomments&post=17928"}],"version-history":[{"count":0,"href":"https:\/\/wp-dev.daten.cool\/index.php?rest_route=\/wp\/v2\/posts\/17928\/revisions"}],"wp:featuredmedia":[{"embeddable":true,"href":"https:\/\/wp-dev.daten.cool\/index.php?rest_route=\/wp\/v2\/media\/17927"}],"wp:attachment":[{"href":"https:\/\/wp-dev.daten.cool\/index.php?rest_route=%2Fwp%2Fv2%2Fmedia&parent=17928"}],"wp:term":[{"taxonomy":"category","embeddable":true,"href":"https:\/\/wp-dev.daten.cool\/index.php?rest_route=%2Fwp%2Fv2%2Fcategories&post=17928"},{"taxonomy":"post_tag","embeddable":true,"href":"https:\/\/wp-dev.daten.cool\/index.php?rest_route=%2Fwp%2Fv2%2Ftags&post=17928"}],"curies":[{"name":"wp","href":"https:\/\/api.w.org\/{rel}","templated":true}]}}