{"id":18137,"date":"2012-11-29T14:05:46","date_gmt":"2012-11-29T14:05:46","guid":{"rendered":"https:\/\/www.cilip.de\/?p=18137"},"modified":"2012-11-29T14:05:46","modified_gmt":"2012-11-29T14:05:46","slug":"polizeiliche-todesschuesse-2011-richtige-und-falsche-kommentare-zur-statistik","status":"publish","type":"post","link":"https:\/\/wp-dev.daten.cool\/?p=18137","title":{"rendered":"Polizeiliche Todessch\u00fcsse 2011:\u00a0Richtige und falsche Kommentare zur Statistik"},"content":{"rendered":"<h3>von Otto Diederichs<\/h3>\n<p><strong>Insgesamt 36-mal haben im vergangenen Jahr Polizisten auf Personen geschossen. Sechs Menschen wurden dabei get\u00f6tet und weitere 15 verletzt. Dies geht aus der j\u00e4hrlichen Schusswaffengebrauchsstatistik der Innenministerkonferenz (IMK) hervor.<\/strong><\/p>\n<p>Mecklenburg-Vorpommerns Innenminister Lorenz Caffier (CDU), derzeit IMK-Vorsitzender, lie\u00df die Statistik umgehend ver\u00f6ffentlichen,<a href=\"#_ftn1\" name=\"_ftnref1\">[1]<\/a> nachdem die CILIP-Redaktion Anfang Mai nachgefragt hatte. Das ist ungew\u00f6hnlich; in den zur\u00fcckliegenden Jahren war hierzu meist mehrfache Dr\u00e4ngelei und gelegentlich bei der Recherche auch erst einmal ein Umweg notwendig.<!--more--><\/p>\n<p>Es sei \u201eerfreulich, dass die Tendenz aller Formen des Schusswaffengebrauchs durch Polizeibeamte gegen Personen weiter r\u00fcckl\u00e4ufig sei\u201c, kommentierte Caffier die Statistik. Diese Aussage ist richtig und falsch zugleich. Richtig ist sie, wenn man die Zahl der Toten (2011: 6\/2010: 8) und Verletzten (2011: 15\/2010: 23) oder die der Warnsch\u00fcsse (2011: 49\/2010: 59) betrachtet. Zur\u00fcck gegangen sind auch die Sch\u00fcsse \u201ezum T\u00f6ten gef\u00e4hrlicher, kranker oder verletzter Tiere\u201c (2011: 8.812\/2010: 9.336).<\/p>\n<p>Als falsch oder zumindest irref\u00fchrend erweist sich die Erkl\u00e4rung jedoch, wenn man auch die Rubrik \u201eSchusswaffengebrauch gegen Sachen\u201c betrachtet. Denn auch hinter dieser euphemistischen Formulierung verbergen sich letztlich zumeist indirekte Schussabgaben auf Menschen. Im Regelfall n\u00e4mlich handelt es sich bei dieser \u201eSache\u201c um ein Fahrzeug, auf das etwa zur Fluchtvereitelung oder Gefangenenbefreiung geschossen wird. Und hier sind die Zahlen im Vergleich zum Vorjahr kr\u00e4ftig angestiegen (2011: 30\/2010: 10).<a href=\"#_ftn2\" name=\"_ftnref2\">[2]<\/a><\/p>\n<h4>Sch\u00f6n gef\u00e4rbt<\/h4>\n<p>Erstaunen muss zudem, dass es im letzten Jahr keinen einzigen Fall von \u201eunzul\u00e4ssigem Schusswaffengebrauch\u201c gegeben haben soll. Dies zumal, da zumindest im Frankfurter Fall vom 19. Mai 2011 (Tabelle Fall 1) noch ein Verfahren anh\u00e4ngig ist. Hier haben die Anw\u00e4lte der Angeh\u00f6rigen im M\u00e4rz 2012 gegen die staatsanwaltschaftliche Einstellung des Ermittlungsverfahrens gegen die Todessch\u00fctzin im M\u00e4rz 2012 Beschwerde eingelegt, also knappe zwei Monate vor Caffiers Presseerkl\u00e4rung.<a href=\"#_ftn3\" name=\"_ftnref3\">[3]<\/a> Im Monheimer Fall vom 1. Dezember 2011 (Tabelle Fall 6) erkl\u00e4rte die ermittelnde Staatsanw\u00e4ltin bereits drei Tage nach den Sch\u00fcssen, es werde \u201ekeine weiteren strafrechtlichen Ma\u00dfnahmen\u201c gegen die Polizistin geben.<a href=\"#_ftn4\" name=\"_ftnref4\">[4]<\/a> Wie die Mutter des Get\u00f6teten darauf reagiert hat, ist derzeit nicht bekannt. Eine entsprechende Anfrage bei der D\u00fcsseldorfer Staatsanwaltschaft blieb unbeantwortet.<a href=\"#_ftn5\" name=\"_ftnref5\">[5]<\/a><\/p>\n<h4>Nachtr\u00e4ge 2010<\/h4>\n<p>Nachzutragen bleiben an dieser Stelle zudem weitere Entwicklungen in zwei F\u00e4llen, die bei der seinerzeitigen CILIP-Ver\u00f6ffentlichung leider nicht bekannt waren oder sich erst sp\u00e4ter ereigneten.<\/p>\n<p>Dies betrifft zun\u00e4chst den Todesschuss vom 26. Januar 2010 in Frankfurt\/M., bei dem ein Mann in einem Krankenhaus zun\u00e4chst seine Freundin mit einem Messer bedroht und damit anschlie\u00dfend die Polizisten angegriffen hatte.<a href=\"#_ftn6\" name=\"_ftnref6\">[6]<\/a> So wurde etwa im Dezember 2010 bekannt, dass im Rahmen der Beweissicherung eine Videoaufzeichnung sichergestellt wurde, bei der jedoch wichtige Sequenzen fehlen sollen.<a href=\"#_ftn7\" name=\"_ftnref7\">[7]<\/a> Zudem gab es sp\u00e4tere Zeugenaussagen, wonach einer der Beamten den nach den Sch\u00fcssen am Boden Liegenden gegen den Kopf getreten habe. Gest\u00fctzt wird dies durch ein gerichtsmedizinisches Gutachten, wonach der Tote Kopfverletzungen aufwies, die \u201ewahrscheinlich von einem Tritt herr\u00fchrten.\u201c<a href=\"#_ftn8\" name=\"_ftnref8\">[8]<\/a> Weiterhin soll es einen Funkspruch der Beamten vom Tatort geben, der im Gegensatz zu ihren sp\u00e4teren Zeugenaussagen stehe.<a href=\"#_ftn9\" name=\"_ftnref9\">[9]<\/a> Gleichwohl wurde das staatsanwaltliche Ermittlungsverfahren im November 2011 eingestellt. Dagegen hat Familie des Get\u00f6teten Beschwerde eingelegt. Ein Ergebnis ist hierzu nicht bekannt.<a href=\"#_ftn10\" name=\"_ftnref10\">[10]<\/a><\/p>\n<p>Bei dem anderen Vorgang handelt es sich um den t\u00f6dlichen Schuss in Hennef am 13. Mai 2010.<a href=\"#_ftn11\" name=\"_ftnref11\">[11]<\/a> Hier war ein Mann nach einer Schl\u00e4gerei vor der Polizei gefl\u00fcchtet und erschossen worden. Die Staatsanwaltschaft erhob am 11. M\u00e4rz 2011 Anklage gegen den Beamten wegen fahrl\u00e4ssiger T\u00f6tung.<a href=\"#_ftn12\" name=\"_ftnref12\">[12]<\/a> Anfang April 2011 begann der Prozess, die Staatsanwaltschaft forderte eine Geldstrafe in H\u00f6he von 2.700 Euro (90 Tagess\u00e4tze \u00e0 30 Euro); am 15. April 2011 wurde der Beamte freigesprochen.<a href=\"#_ftn13\" name=\"_ftnref13\">[13]<\/a><\/p>\n<p><a href=\"http:\/\/www.cilip.de\/wp-content\/uploads\/2020\/09\/Polizeiliche-Todesschuesse-2011-1.png\"><img loading=\"lazy\" decoding=\"async\" class=\"aligncenter size-full wp-image-18138\" src=\"https:\/\/www.cilip.de\/wp-content\/uploads\/2020\/09\/Polizeiliche-Todesschuesse-2011-1.png\" alt=\"\" width=\"646\" height=\"408\" srcset=\"https:\/\/wp-dev.daten.cool\/wp-content\/uploads\/2020\/09\/Polizeiliche-Todesschuesse-2011-1.png 646w, https:\/\/wp-dev.daten.cool\/wp-content\/uploads\/2020\/09\/Polizeiliche-Todesschuesse-2011-1-300x189.png 300w\" sizes=\"auto, (max-width: 646px) 100vw, 646px\" \/><\/a> <a href=\"http:\/\/www.cilip.de\/wp-content\/uploads\/2020\/09\/Polizeiliche-Todesschuesse-2011-2.png\"><img loading=\"lazy\" decoding=\"async\" class=\"aligncenter size-full wp-image-18139\" src=\"https:\/\/www.cilip.de\/wp-content\/uploads\/2020\/09\/Polizeiliche-Todesschuesse-2011-2.png\" alt=\"\" width=\"650\" height=\"409\" srcset=\"https:\/\/wp-dev.daten.cool\/wp-content\/uploads\/2020\/09\/Polizeiliche-Todesschuesse-2011-2.png 650w, https:\/\/wp-dev.daten.cool\/wp-content\/uploads\/2020\/09\/Polizeiliche-Todesschuesse-2011-2-300x189.png 300w\" sizes=\"auto, (max-width: 650px) 100vw, 650px\" \/><\/a><\/p>\n<h6><a href=\"#_ftnref1\" name=\"_ftn1\">[1]<\/a> \u00a0\u00a0\u00a0\u00a0 Presseerkl\u00e4rung v. 8.5.2011<\/h6>\n<h6><a href=\"#_ftnref2\" name=\"_ftn2\">[2]<\/a> \u00a0\u00a0\u00a0 Zahlen zu 2009 siehe: B\u00fcrgerrechte &amp; Polizei\/CILIP 99 (2\/2011), S. 77<\/h6>\n<h6><a href=\"#_ftnref3\" name=\"_ftn3\">[3]<\/a> \u00a0\u00a0\u00a0 vgl. Spiegel-online v. 22.03.2012, Frankfurter Rundschau v. 23.03.2012<\/h6>\n<h6><a href=\"#_ftnref4\" name=\"_ftn4\">[4]<\/a> \u00a0\u00a0\u00a0 Vgl. Rheinische Post, der Westen u. Welt-online v. 04.12.2011<\/h6>\n<h6><a href=\"#_ftnref5\" name=\"_ftn5\">[5]<\/a> \u00a0\u00a0\u00a0 Telefonische u. Email-Anfrage der Redaktion v. 21.06.2012<\/h6>\n<h6><a href=\"#_ftnref6\" name=\"_ftn6\">[6]<\/a> \u00a0\u00a0\u00a0 siehe: B\u00fcrgerrechte &amp; Polizei\/CILIP Nr. 99 (2\/2011), S. 79 (Fall 1)<\/h6>\n<h6><a href=\"#_ftnref7\" name=\"_ftn7\">[7]<\/a> \u00a0\u00a0\u00a0 vgl. FAZ.NET v. 3.12.2010<\/h6>\n<h6><a href=\"#_ftnref8\" name=\"_ftn8\">[8]<\/a> \u00a0\u00a0\u00a0 ebd.<\/h6>\n<h6><a href=\"#_ftnref9\" name=\"_ftn9\">[9]<\/a> \u00a0\u00a0\u00a0 Frankfurter Rundschau v. 21.6.2010<\/h6>\n<h6><a href=\"#_ftnref10\" name=\"_ftn10\">[10]<\/a> \u00a0 ebd.<\/h6>\n<h6><a href=\"#_ftnref11\" name=\"_ftn11\">[11]<\/a> \u00a0\u00a0 siehe: B\u00fcrgerrechte &amp; Polizei\/CILIP Nr. 99 (2\/2011), S. 79 (Fall 3)<\/h6>\n<h6><a href=\"#_ftnref12\" name=\"_ftn12\">[12]<\/a> \u00a0 vgl. dapd v. 11.3.2011 u. General-Anzeiger online v. 12.3.2011<\/h6>\n<h6><a href=\"#_ftnref13\" name=\"_ftn13\">[13]<\/a> \u00a0 vgl. General-Anzeiger online v. 14.4.2011 u. 15.04.2011)<\/h6>\n","protected":false},"excerpt":{"rendered":"<p>von Otto Diederichs Insgesamt 36-mal haben im vergangenen Jahr Polizisten auf Personen geschossen. Sechs Menschen<\/p>\n","protected":false},"author":2,"featured_media":0,"comment_status":"open","ping_status":"open","sticky":false,"template":"","format":"standard","meta":{"footnotes":""},"categories":[107,147],"tags":[774,820,1094,1437],"class_list":["post-18137","post","type-post","status-publish","format-standard","hentry","category-cilip-101-102","category-polizeiliche-todesschuesse","tag-innenministerkonferenz","tag-justiz","tag-polizei","tag-todesschuesse"],"_links":{"self":[{"href":"https:\/\/wp-dev.daten.cool\/index.php?rest_route=\/wp\/v2\/posts\/18137","targetHints":{"allow":["GET"]}}],"collection":[{"href":"https:\/\/wp-dev.daten.cool\/index.php?rest_route=\/wp\/v2\/posts"}],"about":[{"href":"https:\/\/wp-dev.daten.cool\/index.php?rest_route=\/wp\/v2\/types\/post"}],"author":[{"embeddable":true,"href":"https:\/\/wp-dev.daten.cool\/index.php?rest_route=\/wp\/v2\/users\/2"}],"replies":[{"embeddable":true,"href":"https:\/\/wp-dev.daten.cool\/index.php?rest_route=%2Fwp%2Fv2%2Fcomments&post=18137"}],"version-history":[{"count":0,"href":"https:\/\/wp-dev.daten.cool\/index.php?rest_route=\/wp\/v2\/posts\/18137\/revisions"}],"wp:attachment":[{"href":"https:\/\/wp-dev.daten.cool\/index.php?rest_route=%2Fwp%2Fv2%2Fmedia&parent=18137"}],"wp:term":[{"taxonomy":"category","embeddable":true,"href":"https:\/\/wp-dev.daten.cool\/index.php?rest_route=%2Fwp%2Fv2%2Fcategories&post=18137"},{"taxonomy":"post_tag","embeddable":true,"href":"https:\/\/wp-dev.daten.cool\/index.php?rest_route=%2Fwp%2Fv2%2Ftags&post=18137"}],"curies":[{"name":"wp","href":"https:\/\/api.w.org\/{rel}","templated":true}]}}