{"id":18206,"date":"2018-11-30T14:29:31","date_gmt":"2018-11-30T14:29:31","guid":{"rendered":"https:\/\/www.cilip.de\/?p=18206"},"modified":"2018-11-30T14:29:31","modified_gmt":"2018-11-30T14:29:31","slug":"polizeiliche-todesschuesse-2017-erneut-ungereimtheiten-bei-der-offiziellen-zaehlung","status":"publish","type":"post","link":"https:\/\/wp-dev.daten.cool\/?p=18206","title":{"rendered":"Polizeiliche Todessch\u00fcsse 2017:\u00a0Erneut Ungereimtheiten bei der offiziellen Z\u00e4hlung"},"content":{"rendered":"<h3>von Otto Diederichs<\/h3>\n<p><strong>16 Menschen starben im vergangenen Jahr aufgrund polizeilichen Schusswaffeneinsatzes. Das ist die h\u00f6chste Zahl polizeilicher Todessch\u00fcsse seit 1999.<\/strong><\/p>\n<p>Gem\u00e4\u00df der Schusswaffengebrauchsstatistik, die die Deutsche Hochschule f\u00fcr Polizei (DHPol) im Auftrag der Innenministerkonferenz erstellt, haben deutsche PolizistInnen 2017 insgesamt 13.513 Mal im Einsatz geschossen (2016: 12.750).<a href=\"#_ftn1\" name=\"_ftnref1\">[1]<\/a> Der Gro\u00dfteil der Sch\u00fcsse erfolgte wie \u00fcblich zum \u201eT\u00f6ten gef\u00e4hrlicher, kranker oder verletzter Tiere\u201c (2017: 13.400; 2016: 12.656). Ein Anstieg gegen\u00fcber dem Vorjahr zeigt sich jedoch insbesondere bei den Sch\u00fcssen auf Personen (2017: 75; 2016: 52) und \u2013 wenn auch weniger deutlich \u2013 bei den Sch\u00fcssen auf Sachen, worunter auch der Einsatz gegen Fluchtfahrzeuge gerechnet wird (2017: 17; 2016: 15).<a href=\"#_ftn2\" name=\"_ftnref2\">[2]<\/a><!--more--><\/p>\n<p>Die Zahl der Verletzten beziffert die DHPol-Statistik mit 39 (2016: 29), die der Get\u00f6teten mit 14. Bereits im April hatte die <em>Neue<\/em> <em>Osnabr\u00fccker Zeitung<\/em> unter Berufung auf eine Umfrage \u201eunter den Innenministerien und Polizeibeh\u00f6rden der Bundesl\u00e4nder\u201c 15 Todessch\u00fcsse vermeldet.<a href=\"#_ftn3\" name=\"_ftnref3\">[3]<\/a> Aus der Pressebeobachtung von B\u00fcrgerrechte &amp; Polizei\/CILIP ergab sich hingegen zun\u00e4chst eine Zahl von 16 t\u00f6dlich verlaufenen Schusswaffen-Eins\u00e4tzen. Da die einzelnen Bundesl\u00e4nder der DHPol f\u00fcr ihre Statistik lediglich nackte Zahlen liefern und die Polizeihochschule dar\u00fcber hinaus gehalten ist, keine weiteren Angaben zu machen, war eine Abkl\u00e4rung der Diskrepanzen \u00fcber die DHPol nicht m\u00f6glich.<\/p>\n<h4>Zusatzrecherchen<\/h4>\n<p>Stattdessen \u00fcberpr\u00fcften wir unsere Fallsammlung durch eine neuerliche Presserecherche: Ausgeschlossen werden konnte so ein f\u00e4lschlich aufgenommener Fall aus Baden-W\u00fcrttemberg: Dabei hatte sich Mitte September in Steinheim bei der Festnahme eines Mannes, der zuvor auf einen Pizzaboten geschossen hatte, ein Schuss aus der Waffe eines Polizeibeamten gel\u00f6st, den Mann ins Gesicht getroffen und lebensgef\u00e4hrlich verletzt. Der genaue Hergang und sonstige Umst\u00e4nde des Falls blieben weitgehend ungekl\u00e4rt.<a href=\"#_ftn4\" name=\"_ftnref4\">[4]<\/a> Soweit ersichtlich, hat der Mann aber \u00fcberlebt.<\/p>\n<p>Die anschlie\u00dfende Umfrage bei den Innenministerien beziehungsweise Se\u00adnatsinnen\u00adver\u00adwaltungen der L\u00e4nder f\u00fchrte jedoch keineswegs zu einer Kl\u00e4rung der Diskrepanzen zwischen der offiziellen und unserer Z\u00e4hlung. Im Gegenteil: Das s\u00e4chsische Innenministerium meldete einen zus\u00e4tzlichen \u201et\u00f6dlichen Fall von Schusswaffengebrauch durch Polizeibeamte\u201c,<a href=\"#_ftn5\" name=\"_ftnref5\">[5]<\/a> der uns bis dahin unbekannt geblieben war, weil die entsprechende Meldung nicht \u00fcber die regionalen Medien hinausgekommen war (Fall 13 der Tabelle).<a href=\"#_ftn6\" name=\"_ftnref6\">[6]<\/a><\/p>\n<p>Es bleibt also bei 16 polizeilichen Todessch\u00fcssen \u2013 das ist die h\u00f6chste Zahl seit 1999. Damals waren 19 Menschen aufgrund polizeilicher Sch\u00fcsse gestorben. Seitdem gab es nur noch sechsmal zweistellige Zahlen: 2004: 10 F\u00e4lle, 2007: 12, 2008: 10 und in den vergangenen drei Jahren 2015: 11, 2016: 13 und 2017: 16 F\u00e4lle. Ein Trend l\u00e4sst sich daraus nicht ableiten, Besorgnis erregend bleiben die Zahlen dennoch. Dies umso mehr, als auch unter den 2017 bei Polizeieins\u00e4tzen get\u00f6teten Personen vier als psychisch labil oder auff\u00e4llig galten und f\u00fcnf weitere sich zumindest in einem vergleichbaren Zustand befanden (siehe Tabelle). Auch im Interesse der BeamtInnen wird sich die Polizeiausbildung um den polizeilichen Umgang mit psychisch kranken oder \u201everwirrten\u201c Personen k\u00fcmmern m\u00fcssen.<\/p>\n<p><a href=\"http:\/\/www.cilip.de\/wp-content\/uploads\/2019\/11\/Polizeiliche-Todesschuesse-2017-1.png\"><img loading=\"lazy\" decoding=\"async\" class=\"aligncenter size-full wp-image-18210\" src=\"https:\/\/www.cilip.de\/wp-content\/uploads\/2019\/11\/Polizeiliche-Todesschuesse-2017-1.png\" alt=\"\" width=\"837\" height=\"523\" srcset=\"https:\/\/wp-dev.daten.cool\/wp-content\/uploads\/2019\/11\/Polizeiliche-Todesschuesse-2017-1.png 837w, https:\/\/wp-dev.daten.cool\/wp-content\/uploads\/2019\/11\/Polizeiliche-Todesschuesse-2017-1-300x187.png 300w, https:\/\/wp-dev.daten.cool\/wp-content\/uploads\/2019\/11\/Polizeiliche-Todesschuesse-2017-1-768x480.png 768w\" sizes=\"auto, (max-width: 837px) 100vw, 837px\" \/><\/a> <a href=\"http:\/\/www.cilip.de\/wp-content\/uploads\/2019\/11\/Polizeiliche-Todesschuesse-2017-2.png\"><img loading=\"lazy\" decoding=\"async\" class=\"aligncenter size-full wp-image-18209\" src=\"https:\/\/www.cilip.de\/wp-content\/uploads\/2019\/11\/Polizeiliche-Todesschuesse-2017-2.png\" alt=\"\" width=\"839\" height=\"522\" srcset=\"https:\/\/wp-dev.daten.cool\/wp-content\/uploads\/2019\/11\/Polizeiliche-Todesschuesse-2017-2.png 839w, https:\/\/wp-dev.daten.cool\/wp-content\/uploads\/2019\/11\/Polizeiliche-Todesschuesse-2017-2-300x187.png 300w, https:\/\/wp-dev.daten.cool\/wp-content\/uploads\/2019\/11\/Polizeiliche-Todesschuesse-2017-2-768x478.png 768w\" sizes=\"auto, (max-width: 839px) 100vw, 839px\" \/><\/a> <a href=\"http:\/\/www.cilip.de\/wp-content\/uploads\/2019\/11\/Polizeiliche-Todesschuesse-2017-3.png\"><img loading=\"lazy\" decoding=\"async\" class=\"aligncenter size-full wp-image-18211\" src=\"https:\/\/www.cilip.de\/wp-content\/uploads\/2019\/11\/Polizeiliche-Todesschuesse-2017-3.png\" alt=\"\" width=\"787\" height=\"493\" srcset=\"https:\/\/wp-dev.daten.cool\/wp-content\/uploads\/2019\/11\/Polizeiliche-Todesschuesse-2017-3.png 787w, https:\/\/wp-dev.daten.cool\/wp-content\/uploads\/2019\/11\/Polizeiliche-Todesschuesse-2017-3-300x188.png 300w, https:\/\/wp-dev.daten.cool\/wp-content\/uploads\/2019\/11\/Polizeiliche-Todesschuesse-2017-3-768x481.png 768w\" sizes=\"auto, (max-width: 787px) 100vw, 787px\" \/><\/a> <a href=\"http:\/\/www.cilip.de\/wp-content\/uploads\/2019\/11\/Polizeiliche-Todesschuesse-2017-4.png\"><img loading=\"lazy\" decoding=\"async\" class=\"aligncenter size-full wp-image-18212\" src=\"https:\/\/www.cilip.de\/wp-content\/uploads\/2019\/11\/Polizeiliche-Todesschuesse-2017-4.png\" alt=\"\" width=\"786\" height=\"495\" srcset=\"https:\/\/wp-dev.daten.cool\/wp-content\/uploads\/2019\/11\/Polizeiliche-Todesschuesse-2017-4.png 786w, https:\/\/wp-dev.daten.cool\/wp-content\/uploads\/2019\/11\/Polizeiliche-Todesschuesse-2017-4-300x189.png 300w, https:\/\/wp-dev.daten.cool\/wp-content\/uploads\/2019\/11\/Polizeiliche-Todesschuesse-2017-4-768x484.png 768w\" sizes=\"auto, (max-width: 786px) 100vw, 786px\" \/><\/a><\/p>\n<h6><a href=\"#_ftnref1\" name=\"_ftn1\">[1]<\/a> \u00a0\u00a0\u00a0\u00a0 DHPol-Schusswaffengebrauchsstatistik f\u00fcr 2017 v. 26.6.2018; Zahlen f\u00fcr 2016 siehe Diederichs, O.: Polizeiliche Todessch\u00fcsse 2016, in: B\u00fcrgerrechte &amp; Polizei\/CILIP 113, September 2017, S. 49-53<\/h6>\n<h6><a href=\"#_ftnref2\" name=\"_ftn2\">[2]<\/a> \u00a0\u00a0\u00a0 \u201eunzul\u00e4ssiger Schusswaffengebrauch\u201c 2017: 1, 2016: 0; \u201eunbeabsichtigte Schussausl\u00f6sung\u201c: 2017:10, 2016: 4<\/h6>\n<h6><a href=\"#_ftnref3\" name=\"_ftn3\">[3]<\/a> \u00a0\u00a0\u00a0 Neue Osnabr\u00fccker Zeitung v. 21.4.2018<\/h6>\n<h6><a href=\"#_ftnref4\" name=\"_ftn4\">[4]<\/a> \u00a0\u00a0\u00a0 Stuttgarter Nachrichten v. 15. und 18.9.2017<\/h6>\n<h6><a href=\"#_ftnref5\" name=\"_ftn5\">[5]<\/a> \u00a0\u00a0\u00a0 S\u00e4chsisches Ministerium des Innern Pressestelle: E-Mail v. 9.8.2018<\/h6>\n<h6><a href=\"#_ftnref6\" name=\"_ftn6\">[6]<\/a> \u00a0\u00a0\u00a0 Polizei Sachsen: Pressemeldung v. 3.8.2017, Panorama Landkreis G\u00f6rlitz v. 4.8.2017, S\u00e4chsische Zeitung v. 5.8.2017<\/h6>\n","protected":false},"excerpt":{"rendered":"<p>von Otto Diederichs 16 Menschen starben im vergangenen Jahr aufgrund polizeilichen Schusswaffeneinsatzes. Das ist die<\/p>\n","protected":false},"author":2,"featured_media":0,"comment_status":"open","ping_status":"open","sticky":false,"template":"","format":"standard","meta":{"footnotes":""},"categories":[122,147],"tags":[774,820,1094,1437],"class_list":["post-18206","post","type-post","status-publish","format-standard","hentry","category-cilip-117","category-polizeiliche-todesschuesse","tag-innenministerkonferenz","tag-justiz","tag-polizei","tag-todesschuesse"],"_links":{"self":[{"href":"https:\/\/wp-dev.daten.cool\/index.php?rest_route=\/wp\/v2\/posts\/18206","targetHints":{"allow":["GET"]}}],"collection":[{"href":"https:\/\/wp-dev.daten.cool\/index.php?rest_route=\/wp\/v2\/posts"}],"about":[{"href":"https:\/\/wp-dev.daten.cool\/index.php?rest_route=\/wp\/v2\/types\/post"}],"author":[{"embeddable":true,"href":"https:\/\/wp-dev.daten.cool\/index.php?rest_route=\/wp\/v2\/users\/2"}],"replies":[{"embeddable":true,"href":"https:\/\/wp-dev.daten.cool\/index.php?rest_route=%2Fwp%2Fv2%2Fcomments&post=18206"}],"version-history":[{"count":0,"href":"https:\/\/wp-dev.daten.cool\/index.php?rest_route=\/wp\/v2\/posts\/18206\/revisions"}],"wp:attachment":[{"href":"https:\/\/wp-dev.daten.cool\/index.php?rest_route=%2Fwp%2Fv2%2Fmedia&parent=18206"}],"wp:term":[{"taxonomy":"category","embeddable":true,"href":"https:\/\/wp-dev.daten.cool\/index.php?rest_route=%2Fwp%2Fv2%2Fcategories&post=18206"},{"taxonomy":"post_tag","embeddable":true,"href":"https:\/\/wp-dev.daten.cool\/index.php?rest_route=%2Fwp%2Fv2%2Ftags&post=18206"}],"curies":[{"name":"wp","href":"https:\/\/api.w.org\/{rel}","templated":true}]}}