{"id":1826,"date":"2000-08-09T22:52:49","date_gmt":"2000-08-09T22:52:49","guid":{"rendered":"http:\/\/www.cilip.de\/?p=1826"},"modified":"2000-08-09T22:52:49","modified_gmt":"2000-08-09T22:52:49","slug":"herbsttagung-des-komitees-fuer-grundrechte-und-demokratie-vom-15-17-september-2000-in-kooperation-mit-der-evangelischen-akademie-arnoldshain","status":"publish","type":"post","link":"https:\/\/wp-dev.daten.cool\/?p=1826","title":{"rendered":"Herbsttagung des Komitees f\u00fcr Grundrechte und Demokratie vom 15.-17. September 2000 in Kooperation mit der Evangelischen Akademie Arnoldshain"},"content":{"rendered":"<p><strong>&#8222;Verpolizeilichung der Bundesrepublik Deutschland&#8220; &#8211; Polizei und B\u00fcrgerrechte in den St\u00e4dten<\/strong><\/p>\n<p><strong>Tagungsprogramm<\/strong><\/p>\n<p><strong>Freitag, den 15.9.2000<\/strong><\/p>\n<p>Anreise bis 18.30 Uhr<br \/>\n19.30 Uhr: <i>Prof. Dr. Roland Roth<\/i>, Berlin: Begr\u00fc\u00dfung<br \/>\n20.00 Uhr: <i>Prof. Dr. Fritz Sack<\/i>, Hamburg: Pr\u00e4vention als staatliches Sicherheitsversprechen &#8211; Wandlungen des Gewaltmonopols in Deutschland<\/p>\n<p><strong>Samstag, den 16.9.2000<\/strong><\/p>\n<p><b>Arbeitsgruppen von 9.30 Uhr bis 12.30 Uhr<\/b><br \/>\nAG 1: Neue polizeiliche Befugnisse in der Praxis (<i>Prof. Dr. Martin Kutscha<\/i>, Berlin; <i>Martin Herrnkind<\/i>, BAG Kritische PolizistInnen)<br \/>\nAG 2: Gemeinde als Ordnungsraum: Kommunale Satzungen und die Verdr\u00e4ngung von Randgruppen (<i>Prof. Dr. Wolfgang Hecker<\/i>, Wiesbaden; <i>Stephan Lanz<\/i>, spacelab, Berlin, Frankfurt\/M.)<br \/>\nAG 3: Lokale Sicherheitsstrategien zwischen Pr\u00e4vention und Repression (<i>Christine Hohmeyer, Martina Kant, PD Dr. Norbert P\u00fctter<\/i>, Institut f\u00fcr B\u00fcrgerrechte &amp; \u00f6ffentliche Sicherheit \/ CILIP, Berlin)<\/p>\n<p><b>Arbeitsgruppen von 14.30 Uhr bis 17.30 Uhr<\/b><br \/>\nAG 4: Privatisierung \u00f6ffentlicher R\u00e4ume (<i>Dr. Hubert Beste<\/i>, Frankfurt)<br \/>\nAG 5: Kontrolltechnologien im \u00f6ffentlichen Raum, insbes. Video\u00fcberwachung (<i>Dr. Detlef Nogala<\/i>, Freiburg)<br \/>\nAG 6: Kontrolle der Polizei durch die B\u00fcrgerInnen (<i>Bonner Forum B\u00fcrger und Polizei; Antirassismusb\u00fcro Bremen<\/i>)<br \/>\nab 17.30 Uhr bis 18.30 Uhr: Plenumsdiskussion: Fragestellungen, b\u00fcrgerrechtliche Perspektiven<br \/>\nab 20.00 Uhr: ggf. Fortsetzung Plenumsdiskussion<br \/>\nab 21.00 Uhr: Themenbezogenes Kabarett<\/p>\n<p><strong>Sonntag, den 17.9.2000<\/strong><\/p>\n<p>9.00 Uhr: N.N., Lokale Sicherheit im Kontext vielf\u00e4ltiger Entgrenzungen<br \/>\n10.30 Uhr: Aussprache, Plenum und Vorhaben (Erkl\u00e4rung, Arbeitsgruppe)<br \/>\n13.00 Uhr: Mittagessen und Tagungsende<!--more--><\/p>\n<p><b>Anmeldeunterlagen erhalten Sie beim:<\/b> Komitee f\u00fcr Grundrechte und Demokratie, Aquinostr. 7-11, 50670 K\u00f6ln, Tel.: 0221- 9 72 69 30, Fax: 0221- 9 72 69 31; eMail: <a href=\"mailto:Grundrechtekomitee@t-online.de\">Grundrechtekomitee@t-online.de<\/a><br \/>\nDie <b>Teilnahmekosten<\/b> betragen incl. \u00dcbernachtung und Vollverpflegung f\u00fcr zwei Tage 150,- DM (DZ)\/180,- DM (EZ) StudentInnen, Arbeitslose und Sozialhilfeempf\u00e4ngerInnen bezahlen einen reduzierten Beitrag von 80,- DM.<br \/>\n<b>Anschrift der Tagungsst\u00e4tte:<\/b><br \/>\nEv. Akademie Arnoldshain, Martin-Niem\u00f6ller-Haus, Im Eichwaldsfeld 3, 61389 Schmitten\/Taunus<br \/>\nTel.: 06084\/944-125, Fax: 06084\/944-138; eMail: <a href=\"mailto:EvAkademie@t-online.de\">EvAkademie@t-online.de<\/a><\/p>\n","protected":false},"excerpt":{"rendered":"<p>&#8222;Verpolizeilichung der Bundesrepublik Deutschland&#8220; &#8211; Polizei und B\u00fcrgerrechte in den St\u00e4dten Tagungsprogramm Freitag, den 15.9.2000<\/p>\n","protected":false},"author":2,"featured_media":0,"comment_status":"open","ping_status":"open","sticky":false,"template":"","format":"standard","meta":{"footnotes":""},"categories":[72],"tags":[],"class_list":["post-1826","post","type-post","status-publish","format-standard","hentry","category-cilip-066"],"_links":{"self":[{"href":"https:\/\/wp-dev.daten.cool\/index.php?rest_route=\/wp\/v2\/posts\/1826","targetHints":{"allow":["GET"]}}],"collection":[{"href":"https:\/\/wp-dev.daten.cool\/index.php?rest_route=\/wp\/v2\/posts"}],"about":[{"href":"https:\/\/wp-dev.daten.cool\/index.php?rest_route=\/wp\/v2\/types\/post"}],"author":[{"embeddable":true,"href":"https:\/\/wp-dev.daten.cool\/index.php?rest_route=\/wp\/v2\/users\/2"}],"replies":[{"embeddable":true,"href":"https:\/\/wp-dev.daten.cool\/index.php?rest_route=%2Fwp%2Fv2%2Fcomments&post=1826"}],"version-history":[{"count":0,"href":"https:\/\/wp-dev.daten.cool\/index.php?rest_route=\/wp\/v2\/posts\/1826\/revisions"}],"wp:attachment":[{"href":"https:\/\/wp-dev.daten.cool\/index.php?rest_route=%2Fwp%2Fv2%2Fmedia&parent=1826"}],"wp:term":[{"taxonomy":"category","embeddable":true,"href":"https:\/\/wp-dev.daten.cool\/index.php?rest_route=%2Fwp%2Fv2%2Fcategories&post=1826"},{"taxonomy":"post_tag","embeddable":true,"href":"https:\/\/wp-dev.daten.cool\/index.php?rest_route=%2Fwp%2Fv2%2Ftags&post=1826"}],"curies":[{"name":"wp","href":"https:\/\/api.w.org\/{rel}","templated":true}]}}