{"id":18296,"date":"1986-06-01T22:31:11","date_gmt":"1986-06-01T22:31:11","guid":{"rendered":"https:\/\/www.cilip.de\/?p=18296"},"modified":"1986-06-01T22:31:11","modified_gmt":"1986-06-01T22:31:11","slug":"polizeiliche-schusswaffeneinsatz-1985","status":"publish","type":"post","link":"https:\/\/wp-dev.daten.cool\/?p=18296","title":{"rendered":"Polizeilicher Schu\u00dfwaffeneinsatz 1985"},"content":{"rendered":"<p><strong>Jahr f\u00fcr Jahr hei\u00dft es stereotyp in den Presseerkl\u00e4rungen der IMK zum polizeilichen Schu\u00dfwaffeneinsatz, da\u00df die Statistik den &#8222;umsichtigen und zur\u00fcckhaltenden Schu\u00dfwaffengebrauch durch Polizeibeamte&#8220; belege. Dies geht allerdings nur um den Preis, nicht Stellung zu nehmen zu den Einzelf\u00e4llen und Situationen, in denen es zum t\u00f6dlichen Schu\u00dfwaffeneinsatz kam, die wir in unserer tabellarischen Falldokumentation erfa\u00dft haben. Da wir f\u00fcr 1985 nur 7 der insgesamt 10 F\u00e4lle t\u00f6dlichen polizeilichen Schu\u00dfwaffeneinsatzes erfassen konnten, bitten wir erneut unsere Leser\/innen, uns entsprechende Pressemeldungen insbesondere aus der Lokalpresse zuzuschicken.<\/strong><\/p>\n<p>Aufmerksam zu machen ist auch auf Besonderheiten der IMK-Statistik, die weiterhin nicht komplett zur Verf\u00fcgung gestellt wird, sondern nur in Form interpretierender Einzeldaten aus der Gesamtstatistik im Rahmen einer Pressemitteilung. Die IMK-Statistik hat f\u00fcr 1984 einen Fall weniger erfa\u00dft als wir, mit der Begr\u00fcndung, da\u00df im konkreten Fall (K\u00f6ln am 01.07.1984) der t\u00f6dliche Schu\u00df bei einer Kontrolle unbeabsichtigt gefallen sei. Auch f\u00fcr das Jahr 1979 mu\u00dften wir gegen\u00fcber der IMK-Statistik und unserer eigenen Dokumentation einen Fall nachtragen. Am 08. Februar 1980 starb in Berlin R. Schmidt an den Folgen einer Schu\u00dfverletzung, die er in Zusammenhang mit einem \u00dcberfall auf einen Geld-Transport am 18.12.1979 erlitten hatte. Es scheint, da\u00df jene F\u00e4lle, in denen zwischen polizeilichem Schu\u00dfwaffeneinsatz und der Todesfolge eine langere Zeitspanne liegt, von der IMK nicht erfa\u00dft werden.<!--more--><\/p>\n<p>Unsere \u00dcbersicht \u00fcber den polizeilichen Schu\u00dfwaffengebrauch 1974-1985 zeigt von Jahr zu Jahrerhebliche Schwankungen in der Zahl der Todesopfer, die nur sehr schwer zu erkl\u00e4ren sind. Erkennbar ist jedoch bei der Kategorie &#8222;gezielte Sch\u00fcsse auf Menschen&#8220; ein relativ kontinuierlicher R\u00fcckgang des Schu\u00dfwaffeneinsatzes, ohne da\u00df dementsprechend auch t\u00f6dliche Konsequenzen zur\u00fcckgehen w\u00fcrden.<\/p>\n<p>Die Polizei hat im Verlauf der letzten 10 Jahre im Trend seltener auf Menschen geschossen, daf\u00fcr aber in diesen F\u00e4llen mit h\u00f6herem t\u00f6dlichen &#8222;Erfolg&#8220;. Konnte die Hoffnung aufkommen, da\u00df nach dem extremen Jahr 1983 mit 24 Toten jene 6 Todesf\u00e4lle im Folgejahr 1984 Ausdruck einer Trendwende sein k\u00f6nnte, so wird diese Hoffnung ged\u00e4mpft durch die Zahl von 10 Todesopfern im letzten Jahr. In keinem der von uns dokumentierten 7 der insgesamt 10 F\u00e4lle kam es zum Schu\u00dfwechsel; der einzige T\u00e4ter, der einen Polizisten erscho\u00df, war selbst Polizist (Fall 4), nur in 2 F\u00e4llen wurden Polizisten verletzt (darunter der oben genannte Todesfall). Es dominieren weiterhin kleine Alltagssituat ionen, in denen es zum t\u00f6dlichen Schu\u00dfwaffeneinsatz kommt.<\/p>\n<p>Wir kennen Kriminalbeamte, die entgegen dem Dienstreglement ihre Schu\u00dfwaffen im Spind lassen, wenn sie zum Einsatz m\u00fcssen, um nicht in gef\u00e4hrlichen undloder un\u00fcbersichtlichen Situationen zur Schu\u00dfwaff e greifen zu k\u00f6nnen &#8211; eine Form polizeilicher Pr\u00e4vention, die uns sehr sympathisch ist. Die Forderung allerdings, die Polizei zumindest in bestimmten Alltagssituationen und bei bestimmten Eins\u00e4tzen (so etwa bei Demonstrationen, bei Verkehrslenkungsaufgaben) ohne Schu\u00dfwaffe in den Dienst zu schicken, scheint an Grundfesten der Polizei und der staatlichen Ordnung zu r\u00fctteln, sieht man die polizeilichen und politischen Reaktionen auf entsprechende Forderungen (vgl. den Beitrag von Albert Kl\u00fctsch in dieser Ausgabe).<\/p>\n<p>In Berlin ist die Alternative Liste mit der Forderung an den Senat herangetreten, den polizeilichen Streifendienst sowie die Beamten im geschlossenen Einsatz das Tragen einer Schu\u00dfwaffe zu untersagen (vgl. Landespressedienst vom 7.1 1.1985). Wenig \u00fcberraschend war, da\u00df die anderen, im Abgeordnetenhaus vertretenen Parteien diese Initiative vom Tisch kehrten. Aber immerhin ist mit den Initiativen des NRW-SPD-Abgeordneten Albert Kl\u00fctsch und der Berliner AL ein Anfang gemacht worden, diese Forderung in die politsche Diskussion zu bringen.<\/p>\n<p><a href=\"https:\/\/wp-dev.daten.cool\/wp-content\/uploads\/2020\/10\/Polizeiliche-Todesschuesse-1985-1.png\"><img loading=\"lazy\" decoding=\"async\" class=\"aligncenter size-full wp-image-18298\" src=\"https:\/\/www.cilip.de\/wp-content\/uploads\/2020\/10\/Polizeiliche-Todesschuesse-1985-1.png\" alt=\"\" width=\"820\" height=\"588\" srcset=\"https:\/\/wp-dev.daten.cool\/wp-content\/uploads\/2020\/10\/Polizeiliche-Todesschuesse-1985-1.png 820w, https:\/\/wp-dev.daten.cool\/wp-content\/uploads\/2020\/10\/Polizeiliche-Todesschuesse-1985-1-300x215.png 300w, https:\/\/wp-dev.daten.cool\/wp-content\/uploads\/2020\/10\/Polizeiliche-Todesschuesse-1985-1-768x551.png 768w\" sizes=\"auto, (max-width: 820px) 100vw, 820px\" \/><\/a> <a href=\"https:\/\/wp-dev.daten.cool\/wp-content\/uploads\/2020\/10\/Polizeiliche-Todesschuesse-1985-2.png\"><img loading=\"lazy\" decoding=\"async\" class=\"aligncenter size-full wp-image-18299\" src=\"https:\/\/www.cilip.de\/wp-content\/uploads\/2020\/10\/Polizeiliche-Todesschuesse-1985-2.png\" alt=\"\" width=\"657\" height=\"548\" srcset=\"https:\/\/wp-dev.daten.cool\/wp-content\/uploads\/2020\/10\/Polizeiliche-Todesschuesse-1985-2.png 657w, https:\/\/wp-dev.daten.cool\/wp-content\/uploads\/2020\/10\/Polizeiliche-Todesschuesse-1985-2-300x250.png 300w\" sizes=\"auto, (max-width: 657px) 100vw, 657px\" \/><\/a> <a href=\"https:\/\/wp-dev.daten.cool\/wp-content\/uploads\/2020\/10\/Polizeiliche-Todesschuesse-1974-1985.png\"><img loading=\"lazy\" decoding=\"async\" class=\"aligncenter size-full wp-image-18297\" src=\"https:\/\/www.cilip.de\/wp-content\/uploads\/2020\/10\/Polizeiliche-Todesschuesse-1974-1985.png\" alt=\"\" width=\"817\" height=\"562\" srcset=\"https:\/\/wp-dev.daten.cool\/wp-content\/uploads\/2020\/10\/Polizeiliche-Todesschuesse-1974-1985.png 817w, https:\/\/wp-dev.daten.cool\/wp-content\/uploads\/2020\/10\/Polizeiliche-Todesschuesse-1974-1985-300x206.png 300w, https:\/\/wp-dev.daten.cool\/wp-content\/uploads\/2020\/10\/Polizeiliche-Todesschuesse-1974-1985-768x528.png 768w\" sizes=\"auto, (max-width: 817px) 100vw, 817px\" \/><\/a><\/p>\n<h4>Polizeilicher Schu\u00dfwaffengebrauch 1985 &#8211; Nachtrag<\/h4>\n<p>Im folgenden dokumentieren wir als Nachtrag zu Heft Nr. 24 S. 56 ff. die F\u00e4lle Nr. 8 und Nr. 9 des t\u00f6dlichen polizeilichen Schu\u00dfwaffeneinsatzes f\u00fcr das Jahr 1985. Da wir bis jetzt erst 9 der insgesamt 10 F\u00e4lle dokumentieren konnten und dieser Nachtrag einem Leser von B\u00fcrgerrechte &amp; Polizei zu verdanken ist, bitten wir nochmals unsere Leser\/innen, uns entsprechende Pressemeldungen insbesondere aus der Lokalpresse zuzuschicken.<\/p>\n<p><a href=\"https:\/\/wp-dev.daten.cool\/wp-content\/uploads\/1986\/06\/Toedliche-Polizeischuesse-1985-Nachtrag.png\"><img loading=\"lazy\" decoding=\"async\" class=\"aligncenter size-full wp-image-18302\" src=\"https:\/\/www.cilip.de\/wp-content\/uploads\/1986\/06\/Toedliche-Polizeischuesse-1985-Nachtrag.png\" alt=\"\" width=\"465\" height=\"519\" srcset=\"https:\/\/wp-dev.daten.cool\/wp-content\/uploads\/1986\/06\/Toedliche-Polizeischuesse-1985-Nachtrag.png 465w, https:\/\/wp-dev.daten.cool\/wp-content\/uploads\/1986\/06\/Toedliche-Polizeischuesse-1985-Nachtrag-269x300.png 269w\" sizes=\"auto, (max-width: 465px) 100vw, 465px\" \/><\/a><\/p>\n","protected":false},"excerpt":{"rendered":"<p>Jahr f\u00fcr Jahr hei\u00dft es stereotyp in den Presseerkl\u00e4rungen der IMK zum polizeilichen Schu\u00dfwaffeneinsatz, da\u00df<\/p>\n","protected":false},"author":2,"featured_media":0,"comment_status":"open","ping_status":"open","sticky":false,"template":"","format":"standard","meta":{"footnotes":""},"categories":[30,147],"tags":[774,820,1094,1437],"class_list":["post-18296","post","type-post","status-publish","format-standard","hentry","category-cilip-024","category-polizeiliche-todesschuesse","tag-innenministerkonferenz","tag-justiz","tag-polizei","tag-todesschuesse"],"_links":{"self":[{"href":"https:\/\/wp-dev.daten.cool\/index.php?rest_route=\/wp\/v2\/posts\/18296","targetHints":{"allow":["GET"]}}],"collection":[{"href":"https:\/\/wp-dev.daten.cool\/index.php?rest_route=\/wp\/v2\/posts"}],"about":[{"href":"https:\/\/wp-dev.daten.cool\/index.php?rest_route=\/wp\/v2\/types\/post"}],"author":[{"embeddable":true,"href":"https:\/\/wp-dev.daten.cool\/index.php?rest_route=\/wp\/v2\/users\/2"}],"replies":[{"embeddable":true,"href":"https:\/\/wp-dev.daten.cool\/index.php?rest_route=%2Fwp%2Fv2%2Fcomments&post=18296"}],"version-history":[{"count":0,"href":"https:\/\/wp-dev.daten.cool\/index.php?rest_route=\/wp\/v2\/posts\/18296\/revisions"}],"wp:attachment":[{"href":"https:\/\/wp-dev.daten.cool\/index.php?rest_route=%2Fwp%2Fv2%2Fmedia&parent=18296"}],"wp:term":[{"taxonomy":"category","embeddable":true,"href":"https:\/\/wp-dev.daten.cool\/index.php?rest_route=%2Fwp%2Fv2%2Fcategories&post=18296"},{"taxonomy":"post_tag","embeddable":true,"href":"https:\/\/wp-dev.daten.cool\/index.php?rest_route=%2Fwp%2Fv2%2Ftags&post=18296"}],"curies":[{"name":"wp","href":"https:\/\/api.w.org\/{rel}","templated":true}]}}