{"id":18313,"date":"1985-07-02T08:15:37","date_gmt":"1985-07-02T08:15:37","guid":{"rendered":"https:\/\/www.cilip.de\/?p=18313"},"modified":"1985-07-02T08:15:37","modified_gmt":"1985-07-02T08:15:37","slug":"deutlicher-rueckgang-polizeilicher-todesschuesse-1984-ein-hoffnungsschimmer","status":"publish","type":"post","link":"https:\/\/wp-dev.daten.cool\/?p=18313","title":{"rendered":"Deutlicher R\u00fcckgang polizeilicher Todessch\u00fcsse 1984: Ein Hoffnungsschimmer?"},"content":{"rendered":"<p><strong>Griffen 1983 Polizeibeamte in 24 F\u00e4llen mit t\u00f6dlichem Ergebnis zur Schu\u00dfwaffe, so zeigt unsere inoffizielle Z\u00e4hlung f\u00fcr das Jahr 1984 nur sechs Opfer polizeilichen Schu\u00dfwaffeneinsatzes.<\/strong><\/p>\n<p>Sofern alle F\u00e4lle erfa\u00dft worden sind, w\u00e4re dies seit 1974 die niedrigste Zahl an Opfern t\u00f6dlichen Schu\u00dfwaffeneinsatzes durch die Polizei (vgl. CILIP 16\/983, S.72 ff.). Ob korrespondierend zum deutlichen R\u00fcckgang der Todesf\u00e4lle auch insgesamt deutlich weniger auf Menschen geschossen wurde als in den Jahren zuvor, ist erst zu beurteilen, wenn die Polizeif\u00fchrungsakademie respektive die Inneministerkonferenz die inoffizielle Statistik f\u00fcr das Jahr 1984 vorlegt. Bisher sind die Zahlen verweigert worden.<!--more--><\/p>\n<p>Erkl\u00e4rungen f\u00fcr diesen erheblichen R\u00fcckgang der Todesf\u00e4lle im Jahre 1984 zu finden, f\u00e4llt schwer. Zu widerspr\u00fcchlich sind die denkbaren Einflu\u00dffaktoren.<\/p>\n<p>Zum einen w\u00e4re zu hoffen, da\u00df die auf den Negativrekord an Todessch\u00fcssen und einige untypisch deutliche erstinstanzliche Gerichtsurteile gegen polizeiliche Todessch\u00fctzen an den Polizeibeamten nicht spurlos vorbeigegangen sind. Einige ausf\u00fchrliche Artikel in ministeriellen Polizeizeitschriften (Die Streife 1-2\/1985, S. 12; BGS 5\/1984, S. 6) sowie die Anordnung des NRW-Innenministers, durch technische Ver\u00e4nderungen an den Maschinenpistolen der Landespolizei die Umschaltung auf Dauerfeuer zu erschweren, zeigen an, da\u00df in den Polizeif\u00fchrungen \u00dcberlegungen zur Vermeidung spektakiilkrer Todessch\u00fcsse angestellt worden sind (vgl. Die Streife 9\/1984, S. 9). Andererseits sieht die Innenininisterkonferenz keinen Anla\u00df, aus dem Negativrekord des Jahres 1983 Konsequenzen zu ziehen. So erkl\u00e4rte 1984 der stellvertretende Vorsitzende der IMK, Schleswig-Holsteins Innenminister Claussen, da\u00df die Statistik \u00fcber den Schu\u00dfwaffengebrauch f\u00fcr die Jahre 1982 und 1983 belege, &#8222;da\u00df die Schu\u00dfwaffe von den Polizeibeamten der Bundesrepublik Deutschland keinesfalls leichtfertig, sondern mit gr\u00f6\u00dfter Umsicht und Zur\u00fcckhaltung benutzt wird&#8220; (Polizei-Verkehr-Technik 11\/1984, S. 417). Im selben, na\u00dfforschen, selbstgerechten Ton hei\u00dft es in einer Erkl\u00e4rung der IMK vom 26. Apr il 1985, da\u00df &#8222;bei der Anwendung von Schu\u00dfwaffen gegen Personen Polizeibeamte au\u00dfergew\u00f6hnliche Zur\u00fcckhaltung&#8220; zeigen w\u00fcrden und keinerlei &#8222;R\u00fcckschl\u00fcsse auf allgenieine Unzul\u00e4nglichkeiten bei den gesetzlichen Grundlagen, der Ausbildung und der Ausr\u00fcstung der Polizei gezogen werden k\u00f6nnen&#8220; (vgl. Kasten). Angesichts dieser Haltung der politischen F\u00fchrung der bundesdeutschen Polizei ist kaum damit zu rechnen, da\u00df dem Schu\u00dfwaffeneinsatz gegen Demonstranten, von dem f\u00fcr das Jahr 1984 zumindest zwei F\u00e4lle bekannt geworden sind (Warnsch\u00fcsse bei Blockaden in Nordenham am 26.6.1984 und in Hanau am 25.9.1984), ein Riegel vorgeschoben wird.<\/p>\n<p>Unver\u00e4ndert &#8222;t\u00f6richt&#8220; &#8211; so ein Kommentar im GdP-Organ &#8222;Deutsche Polizei&#8220; (6\/1984, S. 8) ist auch die Nicht-Ver\u00f6ffentlichungspraxis der IMK in bezug auf die Statistik polizeilichen Schu\u00dfwaffengebrauchs. Bis heute ist die Jahresstatistik 1984 allen nachfragenden Journalisten verweigert worden, und zu erwarten ist eine Statistik, die weniger Informationen enth\u00e4lt als die seit 1974 von der Polizeif\u00fchrungsakademie gef\u00fchrte. Im IMK-Beschlu\u00df vom 13. Juni 1984 hei\u00dft es: &#8222;Die Polizei-F\u00fchrungsakademie wird gebeten, aufgrund der Meldungen der L\u00e4nder und des Bundes eine Jahresgesamtstatistik (nicht gegliedert) zu erstellen. Der Vorsitzende der IMK wird erm\u00e4chtigt, erforderlichenfalls die Jahresgesamtstatistik zu ver\u00f6ffentlichen.&#8220; (Die Streife, 7-8\/1984, S. 11).<\/p>\n<p><a href=\"https:\/\/wp-dev.daten.cool\/wp-content\/uploads\/2020\/10\/Polizeiliche-Todesschuesse-1984.png\"><img loading=\"lazy\" decoding=\"async\" class=\"aligncenter size-full wp-image-18314\" src=\"https:\/\/www.cilip.de\/wp-content\/uploads\/2020\/10\/Polizeiliche-Todesschuesse-1984.png\" alt=\"\" width=\"868\" height=\"476\" srcset=\"https:\/\/wp-dev.daten.cool\/wp-content\/uploads\/2020\/10\/Polizeiliche-Todesschuesse-1984.png 868w, https:\/\/wp-dev.daten.cool\/wp-content\/uploads\/2020\/10\/Polizeiliche-Todesschuesse-1984-300x165.png 300w, https:\/\/wp-dev.daten.cool\/wp-content\/uploads\/2020\/10\/Polizeiliche-Todesschuesse-1984-768x421.png 768w\" sizes=\"auto, (max-width: 868px) 100vw, 868px\" \/><\/a><\/p>\n<p><a href=\"https:\/\/wp-dev.daten.cool\/wp-content\/uploads\/2020\/10\/Polizeiliche-Todesschuesse-1984-Die-Streife.png\"><img loading=\"lazy\" decoding=\"async\" class=\"aligncenter size-full wp-image-18315\" src=\"https:\/\/www.cilip.de\/wp-content\/uploads\/2020\/10\/Polizeiliche-Todesschuesse-1984-Die-Streife.png\" alt=\"\" width=\"557\" height=\"474\" srcset=\"https:\/\/wp-dev.daten.cool\/wp-content\/uploads\/2020\/10\/Polizeiliche-Todesschuesse-1984-Die-Streife.png 557w, https:\/\/wp-dev.daten.cool\/wp-content\/uploads\/2020\/10\/Polizeiliche-Todesschuesse-1984-Die-Streife-300x255.png 300w\" sizes=\"auto, (max-width: 557px) 100vw, 557px\" \/><\/a><\/p>\n","protected":false},"excerpt":{"rendered":"<p>Griffen 1983 Polizeibeamte in 24 F\u00e4llen mit t\u00f6dlichem Ergebnis zur Schu\u00dfwaffe, so zeigt unsere inoffizielle<\/p>\n","protected":false},"author":2,"featured_media":0,"comment_status":"open","ping_status":"open","sticky":false,"template":"","format":"standard","meta":{"footnotes":""},"categories":[26,147],"tags":[774,820,1094,1437],"class_list":["post-18313","post","type-post","status-publish","format-standard","hentry","category-cilip-020","category-polizeiliche-todesschuesse","tag-innenministerkonferenz","tag-justiz","tag-polizei","tag-todesschuesse"],"_links":{"self":[{"href":"https:\/\/wp-dev.daten.cool\/index.php?rest_route=\/wp\/v2\/posts\/18313","targetHints":{"allow":["GET"]}}],"collection":[{"href":"https:\/\/wp-dev.daten.cool\/index.php?rest_route=\/wp\/v2\/posts"}],"about":[{"href":"https:\/\/wp-dev.daten.cool\/index.php?rest_route=\/wp\/v2\/types\/post"}],"author":[{"embeddable":true,"href":"https:\/\/wp-dev.daten.cool\/index.php?rest_route=\/wp\/v2\/users\/2"}],"replies":[{"embeddable":true,"href":"https:\/\/wp-dev.daten.cool\/index.php?rest_route=%2Fwp%2Fv2%2Fcomments&post=18313"}],"version-history":[{"count":0,"href":"https:\/\/wp-dev.daten.cool\/index.php?rest_route=\/wp\/v2\/posts\/18313\/revisions"}],"wp:attachment":[{"href":"https:\/\/wp-dev.daten.cool\/index.php?rest_route=%2Fwp%2Fv2%2Fmedia&parent=18313"}],"wp:term":[{"taxonomy":"category","embeddable":true,"href":"https:\/\/wp-dev.daten.cool\/index.php?rest_route=%2Fwp%2Fv2%2Fcategories&post=18313"},{"taxonomy":"post_tag","embeddable":true,"href":"https:\/\/wp-dev.daten.cool\/index.php?rest_route=%2Fwp%2Fv2%2Ftags&post=18313"}],"curies":[{"name":"wp","href":"https:\/\/api.w.org\/{rel}","templated":true}]}}