{"id":18378,"date":"2020-10-05T14:05:51","date_gmt":"2020-10-05T14:05:51","guid":{"rendered":"https:\/\/www.cilip.de\/?p=18378"},"modified":"2020-10-05T14:05:51","modified_gmt":"2020-10-05T14:05:51","slug":"chronologie-september-2020","status":"publish","type":"post","link":"https:\/\/wp-dev.daten.cool\/?p=18378","title":{"rendered":"Chronologie September 2020"},"content":{"rendered":"<h3>zusammengestellt von Otto Diederichs<\/h3>\n<p>1. September: <b>Prozesse gegen Polizist*innen:<\/b> Der Bayerische Verwaltungsgerichtshof (VerwGH) <a href=\"https:\/\/www.spiegel.de\/panorama\/justiz\/muenchen-polizist-betankt-privatwagen-auf-staatskosten-und-verliert-pension-a-9f65e8e9-aaf9-4614-8fd0-ebbb501df49b\">entscheidet<\/a>, dass einem Polizeibeamten, der mehrfach sein Privatfahrzeug mit der dienstlichen Tankkarte betankt und verbotene Munition in seinen Spind versteckt hatte, die Pension entzogen wird (Az.: 16a D 18.1918). Am 23. September urteilt das Oberverwaltungsgericht (OVG) Berlin-Brandenburg, dass ein Berliner Polizeibeamter, der mehrfach Geld aus Fundsachen entwendet hatte, <a href=\"https:\/\/www.tagesspiegel.de\/berlin\/er-stahl-270-euro-aus-gefundenen-geldboersen-berliner-polizist-soll-beamtenstatus-verlieren\/26212950.html\">aus dem Dienst entfernt wird und den Beamtenstatus verliert<\/a>. Am 25. September <a href=\"https:\/\/www.fr.de\/meinung\/stuttgarter-krawallnacht-polizeihauptmeister-audio-rassismus-rechtssystem-ermittlungen-anzeige-grundgesetz-90052515.html\">wird bekannt<\/a>, dass die StA Stuttgart (Baden-W\u00fcrttemberg) die Anzeige gegen einen Polizeif\u00fchrer abgelehnt hat, der w\u00e4hrend eines Einsatzes im Juni ihm unterstellte Beamt*innen per Voice Message dar\u00fcber informierte, bei den randalierenden Jugendlichen handele es sich \u201enur um Kanaken\u201c. Die StA stufte die \u00c4u\u00dferung als nicht strafrelevante \u201eprivate Meinung\u201c ein. Durch <a href=\"https:\/\/www.sueddeutsche.de\/bayern\/helmstadt-betrug-prozess-erbe-1.5050329\">Presseberichte<\/a> wird am 30. September bekannt, dass sich vor dem Sch\u00f6ffengericht W\u00fcrzburg (Baden-W\u00fcrttemberg) gegen einen Polizeibeamten verhandelt wird, der einen schwer Krebs erkrankten Freund um rund 60.000 EUR betrogen haben soll.<!--more--><\/p>\n<p><b>Kriminelle Polizist*innen: <\/b>In Braunschweig (Niedersachsen) <a href=\"https:\/\/www.spiegel.de\/panorama\/justiz\/erfurt-polizist-nach-messerattacke-auf-ex-partnerin-festgenommen-a-b8e568f9-9b11-43e7-8bab-0498058122a1\">wird ein Th\u00fcringer Polizeibeamter festgenommen<\/a>, der seiner Ex-Freundin am Vortag in Erfurt (Th\u00fcringen) aufgelauert und sie mit mehreren Messerschnitten im Gesicht verletzt hatte, bevor er geflohen war. Am 23. September durchsuchen Polizeibeamt*innen aus mehreren Bundesl\u00e4ndern 30 Wohnungen und sieben Dienststellen von 21 bayerischen Polizisten und 17 weiteren Beschuldigten wegen des Besitzes von Drogen und Dopingmitteln sowie des Diebstahls aus Asservatenkammern. Gegen einige von ihnen wird auch <a href=\"https:\/\/www.sueddeutsche.de\/muenchen\/muenchen-polizei-ermittlungen-drogen-1.5041753\">wegen der Verfolgung Unschuldiger ermittelt<\/a>. Die Ermittlungen laufen seit Anfang des Jahres. Vor dem Untersuchungsausschuss des Berliner Abgeordnetenhauses <a href=\"https:\/\/www.rbb24.de\/politik\/beitrag\/2020\/09\/berlin-amri-untersuchungsausschuss-polizei-pakistani-misshandlun.html\">schildert am 25. September<\/a> ein nach dem Anschlag zu Unrecht festgenommener Pakistaner, dass er mehrere Stunden mit hinter dem Kopf gefesselten H\u00e4nden auf einer Pritsche liegend ausharren musste, obwohl der Polizei l\u00e4ngst klar war, dass er mit dem Anschlag nichts zu tun hatte. Erst einen Tag sp\u00e4ter sei er wieder freigelassen worden.<\/p>\n<p><b>Hasskriminalit\u00e4t:<\/b> Die Berliner Justiz <a href=\"https:\/\/www.morgenpost.de\/berlin\/article230383568\/Staatsanwaltschaft-geht-gezielt-gegen-Hassverbrechen-vor.html\">richtet eine Zentralstelle Hasskriminalit\u00e4t ein<\/a>. Sie soll antisemitische, rassistische und andere menschenfeindliche Straftaten k\u00fcnftig effektiver verfolgen.<\/p>\n<p><b>Kindesmissbrauch:<\/b> Bundesweit durchsucht die Polizei die Wohnungen von 50 Tatverd\u00e4chtigen in Zusammenhang mit dem <a href=\"https:\/\/www.spiegel.de\/panorama\/justiz\/fall-bergisch-gladbach-bundesweite-durchsuchungen-im-missbrauchs-komplex-a-728da89b-188d-4cf5-b48e-a9cac19fa53d\">Missbrauchskomplex Bergisch-Gladbach (NRW)<\/a> unter dem Verdacht des Besitzes und der Verbreitung von Kinderpornografie; vier Personen werden bei dem Einsatz verletzt. <a href=\"https:\/\/www.tagesspiegel.de\/gesellschaft\/missbrauchskomplex-bergisch-gladbach-mehr-als-2000-beweismittel-bei-razzien-sichergestellt\/26151150.html\">Mehr als 2.000 Beweismittel<\/a> werden sichergestellt. Insgesamt wird in dem Komplex allein in NRW gegen 84 Beschuldigte ermittelt, eine Person ist in Haft, acht in Untersuchungshaft. Am <a href=\"https:\/\/www.spiegel.de\/panorama\/justiz\/christoph-metzelder-staatsanwaltschaft-erhebt-anklage-wegen-kinderpornografie-a-e74e44cf-b5f8-40c4-b5e3-3ce16c57fc68\">4. August<\/a> wird durch Presseberichte bekannt, dass die Staatsanwaltschaft (StA) D\u00fcsseldorf (NRW) Anklage wegen Besitz und Weitergabe von Bildmaterial \u00fcber Kindesmissbrauch gegen den <a href=\"https:\/\/www.spiegel.de\/panorama\/justiz\/christoph-metzelder-ermittlungen-wegen-kinderpornografie-offenbar-297-strafbare-dateien-auf-seinem-handy-a-98809c81-a44c-46e9-b492-a5ceb35ca119\">Ex-Fu\u00dfballprofi Christoph Metzelder<\/a> erhebt. Er soll knapp 300 Dateien auf seinem Handy gespeichert haben. Durch weitere Presseberichte wird <a href=\"https:\/\/www.spiegel.de\/panorama\/justiz\/koblenz-ex-mitarbeiter-von-kinderschutzbund-soll-kinderpornografie-verschickt-haben-a-50ee442b-10ee-4315-8205-a034677ac1d1\">am gleichen Tag<\/a> bekannt, dass die StA Koblenz (Rheinland-Pfalz) gegen einen fr\u00fcheren Mitarbeiter des dortigen Kinderschutzbundes wegen der Verbreitung kinderpornografischen Materials ermittelt. Am <a href=\"https:\/\/www.spiegel.de\/panorama\/justiz\/fall-bergisch-gladbach-hohe-haftstrafen-fuer-zwei-maenner-im-fall-bergisch-gladbach-a-14dc734a-68f1-44b6-bb73-1e4331b89e39\">11. September<\/a> verurteilt das Landgericht (LG) M\u00f6nchengladbach (NRW) zwei M\u00e4nner wegen schwerem sexuellen Kindesmissbrauch sowie Besitz und Verbreitung von Kinderpornografie zu Haftstrafen von dreizehn- und vierzehneinhalb Jahren.<\/p>\n<p><b>Angriffe auf Polizist*innen:<\/b> Als Polizist*innen in D\u00fcsseldorf (NRW) einen <a href=\"https:\/\/www.welt.de\/vermischtes\/live206935325\/Corona-live-Maskenverweigerer-attackiert-und-verletzt-Polizisten-in-Duesseldorf.html\">Mann, der sich weigert einen Mundschutz zu tragen<\/a>, aus einem Bus f\u00fchren wollen, greift dieser sie an. Die Beamtin wird dabei so stark verletzt, dass sie vom Dienst abtreten muss. Gegen den T\u00e4ter wird ein Strafverfahren eingeleitet. In N\u00fcrnberg (Bayern) wird die Polizei am <a href=\"https:\/\/www.sueddeutsche.de\/bayern\/nuernberg-messerangriff-polizei-1.5024984\">7. September<\/a> zu einem gewaltt\u00e4tigen Mietstreit gerufen. Bei ihrem Eintreffen werden die Beamten von einer Frau mit einem Messer angegriffen; sie wird \u00fcberw\u00e4ltigt und in eine Psychiatrie gebracht. Bei einem Einsatz wegen h\u00e4uslicher Gewalt am <a href=\"https:\/\/www.morgenpost.de\/berlin\/polizeibericht\/article230377622\/Kreuzberg-Haeusliche-Gewalt-Taeter-verletzt-drei-Polizisten.html\">9. September<\/a> in Berlin werden die Beamten vom Mann sofort massiv angegriffen und so verletzt, dass drei von ihnen vom Dienst abtreten m\u00fcssen; auch der T\u00e4ter wird verletzt ins Krankenhaus gebracht. Nach einer Kurden-Demonstration am <a href=\"https:\/\/www.spiegel.de\/panorama\/justiz\/niedersachsen-mehr-als-80-aktivisten-offenbar-ohne-ticket-im-zug-polizeieinsatz-mit-200-beamten-a-6348ea1d-0bae-4f2f-99e5-ab28915fba0b\">10. September<\/a> in Schleswig-Holstein greifen in einem Zug etwa 80 Teilnehmer*innen ohne Fahrkarten zun\u00e4chst das Zugpersonal und anschlie\u00dfend die alarmierten Polizist*innen an. Gegen sie werden Ermittlungsverfahren eingeleitet. Bei einer Unfallaufnahme am <a href=\"https:\/\/www.morgenpost.de\/berlin\/polizeibericht\/article230441760\/Blaulicht-Blog-Autos-brennen-in-Neukoelln.html\">17. September<\/a> in Berlin sch\u00fcttet ein Mann einer Polizistin seinen hei\u00dfen Kaffee ins Gesicht. In Kelsterbach (Hessen) kommt es am <a href=\"https:\/\/www.fr.de\/rhein-main\/kreis-gross-gerau\/kelsterbach-gross-gerau-polizei-geraet-bei-familienstreit-ins-visier-der-hausbewohner-zr-90047949.html\">18. September<\/a> zu einem heftigen Streit zweier Familien. Als die Polizei einen der Beteiligten festnehmen will, wird sie von sechs Personen angegriffen um die Festnahme zu verhindern. Mehrere Personen verbarrikadieren sich, es kommt zu einem polizeilichen Gro\u00dfeinsatz. Ebenfalls werden am <a href=\"https:\/\/www.spiegel.de\/panorama\/gesellschaft\/frankfurt-am-main-polizisten-mit-flaschen-und-steinen-beworfen-a-c4615440-1de2-47bd-8faa-d26039ca0d2\">20. September<\/a> in Frankfurt\/M. (Hessen) Polizisten massiv angegriffen, als sie eine Kneipenschlie\u00dfung durchsetzen wollen, Etwa 50 Personen bewerfen die Beamt*innen mit Steinen, Flaschen und Gl\u00e4sern; ein Beamter wird von einer Flasche im Gesicht getroffen und muss im Krankenhaus behandelt werden. Drei M\u00e4nner werden festgenommen. <a href=\"https:\/\/www.fr.de\/frankfurt\/frankfurt-massiver-widerstandbei-polizeikontrollen-90049457.html\">Wenige Stunden zuvor<\/a> waren Polizeibeamte bereits bei einer Personenkontrolle von einer etwa 150-k\u00f6pfigen Menge beschimpft und angegriffen worden. Als Polizist*innen am <a href=\"https:\/\/www.morgenpost.de\/berlin\/article230463014\/Corona-Berlin-Newsblog-Infizierte-aktuell-Zahlen-Bezirke-Neuinfektionen-Coronavirus-Covid-19.html\">25. September<\/a> in einem Park in Berlin eine illegale Party aufl\u00f6sen wollen, werden sie mit Flaschen beworfen. Mehrere Jugendliche werden vor\u00fcbergehend festgenommen. Bei einem schwerem Autounfall am <a href=\"https:\/\/www.sueddeutsche.de\/bayern\/fuerth-unfall-gaffer-polizei-1.5049141\">28. September<\/a> in F\u00fcrth (Bayern) w\u00fcrgt ein Gaffer einen Polizisten, der ihn auffordert das Filmen einzustellen. Er wird kurzfristig festgenommen und Ermittlungsverfahren eingeleitet.<\/p>\n<p><b>Umweltdemonstrationen:<\/b> Die Polizei Aachen (NRW) best\u00e4tigt, dass sieben Umweltdemonstrant*innen, die zuvor im Braunkohletagebaugebiet Garzweiler einen Kohlebagger besetzt hatten, im Polizeigewahrsam in einen <a href=\"https:\/\/www.welt.de\/politik\/deutschland\/article214794818\/Hungerstreik-Braunkohlegegner-protestieren-gegen-Haftbedingungen.html\">Hungerstreik<\/a> getreten sind. Der Verfassungsgerichtshof (VGH) in Kassel (Hessen) entscheidet am 11. September, dass ein Protestcamp gegen den Bau einer Autobahn und die R\u00e4umung einer Waldbesetzung durchgef\u00fchrt werden darf und annulliert damit eine anderslautende Entscheidung des Verfassungsgericht (VG) Gie\u00dfen (<a href=\"https:\/\/www.juris.de\/jportal\/portal\/t\/bhh\/page\/homerl.psml?nid=jnachr-JUNA200903199&amp;cmsuri=%2Fjuris%2Fde%2Fnachrichten%2Fzeigenachricht.jsp\">Az: 2 B 2254\/20, 2 B 2255\/20, 2B 2256\/20<\/a>). Am <a href=\"https:\/\/www.fr.de\/rhein-main\/dannenroeder-forst-polizei-entfernt-barrikaden-90045788.html\">16. September<\/a> werden bei der R\u00e4umung von Barrikaden auf den Zufahrtswegen des bestzten Waldst\u00fccks zwei Personen festgenommen, die versuchen ein Kranfahrzeug zu besetzen. Das VG Gie\u00dfen (Hessen) entscheidet am 23. September, dass das Verbot von Blockadeaktionen gegen den Ausbau einer Autobahn rechtm\u00e4\u00dfig ist (<a href=\"https:\/\/www.juris.de\/jportal\/portal\/t\/qpv\/page\/homerl.psml?nid=jnachr-JUNA200903355&amp;cmsuri=%2Fjuris%2Fde%2Fnachrichten%2Fzeigenachricht.jsp\">Az: 4 L 3142\/20.GI<\/a>). Nach einer Kontrolle der Infektionsschutzma\u00dfnahmen durch das Ordnungsamt am <a href=\"https:\/\/www.morgenpost.de\/politik\/inland\/article230511572\/Streit-um-Corona-Auflagen-Klimacamp-in-Aachen-droht-Raeumung.html\">24. September<\/a> erteilt die Stadt Aachen (NRW) einem Klimacamp die Genehmigung weiterhin bestehen zu bleiben. Am <a href=\"https:\/\/taz.de\/Gericht-watscht-Hamburger-Behoerden-ab\/!5716433\/\">25. September<\/a> beschlie\u00dft der VGH Hamburg, dass drei Klimademonstration in der Stadt unter Einhaltung der Corona-Auflagen stattfinden d\u00fcrfen. (Az:14 E 4035\/20) (VG HH 25-9-2020 FFF.pdf). Nach unterschiedlichen Angaben beteiligen sich am <a href=\"https:\/\/www.welt.de\/politik\/deutschland\/article216653072\/NRW-Ende-Gelaende-blockiert-Tagebau-Garzweiler-und-Gaskraftwerk.html\">26.September<\/a> zwischen 1.000 und 3.000 Teilnehmer*innen an einer Demonstration gegen den Braunkohle-Tagebau in Garzweiler (NRW). Rund 200 Personen besetzen dabei kurzfristig Anlagen am Rande des Tagebaus und ein Kraftwerk. Die Polizei setzt <a href=\"https:\/\/www.morgenpost.de\/politik\/inland\/article230525010\/Anti-Braunkohle-Proteste-im-Rheinland.html\">Pfefferspray und Hunde<\/a> ein. Am <a href=\"https:\/\/www.morgenpost.de\/berlin\/article230548588\/Sitzblockade-auf-Bruecke-Aktivist-zu-Geldstrafe-verurteilt.html\">29. September<\/a> verurteilt ein Berliner Amtsgericht (AG) einen Klima-Aktivisten, der sich bei einer Sitzblockade angekettet hatte, wegen Widerstandes zu einer Geldstrafe von 1.350 EUR.<\/p>\n<p>2. September: <b>Polizei und Datenschutz:<\/b> Durch eine <a href=\"https:\/\/www.sueddeutsche.de\/bayern\/bayern-polizei-corona-gaestelisten-ermittlungen-1.5018271\">parlamentarische Anfrage der FDP-Fraktion im Bayerischen Landtag<\/a> wird bekannt, dass die bayerische Polizei Corona-G\u00e4stelisten von Gastst\u00e4tten, die eigentlich nur der Nachverfolgung von m\u00f6glichen Infektionsketten dienen d\u00fcrfen, auch zur Verfolgung von Kleinkriminalit\u00e4t genutzt hat. Auch in anderen Bundesl\u00e4ndern wurde so verfahren.<\/p>\n<p><b>Salafismus:<\/b> Vor dem LG Frankfurt\/M. (Hessen) beginnt der <a href=\"https:\/\/www.fr.de\/frankfurt\/prozess-in-frankfurt-angeklagter-kuendigte-selbstmordattentat-an-90035803.html\">Prozess gegen einen radikalen Salafisten<\/a> wegen Vorbereitung einer schweren staatsgef\u00e4hrdenden Gewalttat und Versto\u00df gegen das Kriegswaffenkontrollgesetz. Der Mann hatte versucht, einen Selbstmordanschlag auf ein Lokal in Frankfurt\/M. zu ver\u00fcben, der jedoch gescheitert war.<\/p>\n<p><b>Demonstrationen gegen Corona-Auflagen:<\/b> Mit rund 180 Teilnehmer*innen findet <a href=\"https:\/\/www.morgenpost.de\/berlin\/article230309960\/Demos-taeglich-an-Siegessaeule-Maskenpflicht-ab-Samstag.html\">in Berlin erneut eine Anti-Corona-Demonstration<\/a> statt; zu Zwischenf\u00e4llen kommt es nicht. Durch Presseberichte wird am <a href=\"https:\/\/www.morgenpost.de\/berlin\/article230343810\/Querdenker-zeigen-Innensenator-Geisel-an.html\">6. September<\/a> bekannt, dass eine Rechtsanw\u00e4ltin aus Dortmund (NRW) Berlins Innensenator Andreas Geisel (SPD) wegen Rechtsbeugung angezeigt hat, weil er die Anti-Corona-Demonstration am 29. August verbieten wollte. Durch eine parlamentarische Anfrage der Linksfraktion im Bundestag wird <a href=\"https:\/\/www.welt.de\/politik\/deutschland\/article215113620\/Verfassungsschutz-Ueber-90-Corona-Kundgebungen-von-Rechtsextremisten-dominiert.html\">ebenfalls am 6. September<\/a> bekannt, dass nach Z\u00e4hlung des Bundesamtes f\u00fcr Verfassungsschutz (BfV) seit Ende April mehr als 90 Anti-Corona-Demonstrationen von Rechtsextremisten dominiert wurden; der <a href=\"https:\/\/www.berliner-zeitung.de\/news\/ueber-90-corona-kundgebungen-von-rechtsextremisten-dominiert-li.103297\">Schwerpunkt liegt dabei in Sachsen-Anhalt<\/a>. Am <a href=\"https:\/\/www.fr.de\/rhein-main\/darmstadt\/gernsheimquerdenker-vor-schule-gestoppt-90040467.html\">8. September<\/a> versuchen in Gernsheim (Hessen) vier Anti-Corona-Aktivist*innen vor einem Gymnasium Flugbl\u00e4tter gegen das Tragen von Mund-Nasen-Schutz zu verteilen. Die Aktion wird von Sch\u00fcler*innen und Lehrer*innen verhindert. Laut eines vorl\u00e4ufigen Berichtes des Landesamtes f\u00fcr Verfassungsschutz (LfV) Berlin vom <a href=\"https:\/\/www.tagesspiegel.de\/berlin\/berliner-verfassungsschutz-legt-zahlen-vor-bis-zu-3000-rechtsextremisten-und-reichsbuerger-bei-corona-demo\/26173214.html\">9. September<\/a> hatten sich an der Demonstration Ende August, bei der die Reichstagstreppe gest\u00fcrmt worden war, etwa 3.000 Rechtsextremisten und Reichsb\u00fcrger beteiligt, von denen rund 500 den Sturm angef\u00fchrt h\u00e4tten. Am <a href=\"https:\/\/www.sueddeutsche.de\/muenchen\/muenchen-corona-demo-odeonsplatz-theresienwiese-1.5027613\">10. September<\/a> verbietet M\u00fcnchen (Bayern) eine f\u00fcr das Wochenende angek\u00fcndigte Anti-Corona-Demonstration in der Innenstadt und genehmigt sie mit strengen Auflagen und beschr\u00e4nkter Teilnehmer*innen-Zahl lediglich in einem Au\u00dfenbereich. Am gleichen Tag erkl\u00e4rt das VG Hannover (Niedersachsen) die, von der Polizei erlassenen Auflagen bei einer geplanten Anti-Corona-Demonstration f\u00fcr rechtens (<a href=\"https:\/\/www.juris.de\/jportal\/portal\/t\/x1b\/page\/homerl.psml?nid=jnachr-JUNA200903171&amp;cmsuri=%2Fjuris%2Fde%2Fnachrichten%2Fzeigenachricht.jsp\">Az: 10 B 4681\/20<\/a>). Der VGH M\u00fcnchen (Bayern) hebt das Verbot der Stadt M\u00fcnchen f\u00fcr die Anti-Corona-Demonstration am <a href=\"https:\/\/www.sueddeutsche.de\/muenchen\/muenchen-corona-demo-gerichtsentscheidung-1.5028800\">12. September<\/a> teilweise auf und gestattet sie von der Innenstadt bis zur Theresienwiese; die weiteren Auflagen behalten ihre G\u00fcltigkeit. Nach einigen 100 Metern <a href=\"https:\/\/www.sueddeutsche.de\/muenchen\/muenchen-corona-demo-odeonsplatz-stopp-1.5028800\">stoppt die Polizei den Zug<\/a>, da sich mehr als die genehmigten 500 Personen daran beteiligen und die Hygiene-Anordnungen nicht eingehalten werden. Die <a href=\"https:\/\/www.morgenpost.de\/politik\/inland\/article230398738\/Muenchner-Corona-Demo-darf-nicht-so-stattfinden-wie-geplant.html\">Versammlungsleitung bricht die Demonstration ab<\/a> und fordert die Menschen auf, sich zur Abschlusskundgebung zu begeben, an der sich dann letztlich etwa <a href=\"https:\/\/www.sueddeutsche.de\/muenchen\/muenchen-corona-demo-bilanz-1.5029752\">10.000 Menschen<\/a> beteiligen. In Hannover beteiligen sich <a href=\"https:\/\/www.morgenpost.de\/politik\/inland\/article230398738\/Muenchner-Corona-Demo-darf-nicht-so-stattfinden-wie-geplant.html\">am 12. September<\/a> rund 1.100 Personen an einer Anti-Corona-Demonstration. Etwa 20 Personen werden wegen Widerstand, K\u00f6rperverletzung oder anderer Straftaten festgenommen, zudem stellt die Polizei rund 100 Anzeigen wegen Versto\u00df gegen die Maskenpflicht. An einer <a href=\"https:\/\/www.sueddeutsche.de\/muenchen\/muenchen-corona-demo-theresienwiese-juergen-fliege-1.5028800\">Gegendemonstration<\/a> beteiligen sich mehrere 100 Menschen. An einer Anti-Corona-Demonstration in Wiesbaden (Hessen) am <a href=\"https:\/\/www.fr.de\/rhein-main\/wiesbaden\/wiesbaden-corona-demo-querdenken-protest-coronavirus-polizei-querdenken-zr-90042544.html\">12. September<\/a> beteiligen sich 150 Menschen; zudem gibt es eine Mahnwache mit 50 Teilnehmer*innen. Am <a href=\"https:\/\/www.morgenpost.de\/politik\/inland\/article230468772\/Wenige-Tausend-bei-Demo-gegen-Corona-Massnahmen-in-Duesseldorf.html\">19. September<\/a> demonstrieren in D\u00fcsseldorf (NRW) etwa 5.000 bis 6.000 Menschen gegen die Corona-Beschr\u00e4nkungen; der Mindestabstand wird von den Teilnehmer*innen eingehalten, es kommt lediglich zu einzelnen kleineren Rangeleien. An einer Gegendemonstration beteiligen sich einige 100 Personen. In einem Park in Frankfurt\/M. (Hessen) versammeln sich zeitgleich etwa 300 bis 350 Personen zu einer Anti-Corona-Kundgebung; an der Gegenkundgebung beteiligen sich rund zwei Dutzend Teilnehmer*innen.<\/p>\n<p>3. September: <b>Rechtsextremer Mordanschlag:<\/b> Durch Presseberichte wird bekannt, dass das Oberlandesgericht (OLG) Hessen und der Generalbundesanwalt (GBA) eine \u00dcbersendung der Akten zum <a href=\"https:\/\/www.fr.de\/rhein-main\/landespolitik\/fall-luebcke-konflikt-zwischen-gericht-und-hessischem-landtag-90035772.html\">Mord an dem Kasseler Regierungspr\u00e4sidenten Walter L\u00fcbcke (CDU)<\/a> an den Untersuchungsausschuss des Hessischen Landtages abgelehnt haben. Dadurch werde der Prozess gegen den mutma\u00dflichen M\u00f6rder gef\u00e4hrdet. Im Mordprozess vor dem OLG Frankfurt\/M. (Hessen) erkl\u00e4rt der neue Verteidiger des Hauptangeklagten, der f\u00fcr den Tatablauf unterdessen <a href=\"https:\/\/www.faz.net\/aktuell\/politik\/inland\/luebcke-prozess-nun-geraten-die-verteidiger-in-den-fokus-16942642.html\">drei verschiedene Versionen<\/a> angegeben hat, der fr\u00fchere <a href=\"https:\/\/www.spiegel.de\/panorama\/justiz\/mordfall-walter-luebcke-anwalt-des-hauptangeklagten-belastet-ex-verteidiger-a-9046c4cd-43de-4f3e-97d3-6c41c6716c1b\">Verteidiger habe sich Teile des zweiten Gest\u00e4ndnisses selbst ausgedacht<\/a>. Am <a href=\"https:\/\/www.fr.de\/rhein-main\/mordfall-luebcke-markus-als-einzelgaenger-und-waffennarr-90046756.html\">17. September<\/a> sagt die ehemalige Partnerin \u2013 selbst fr\u00fcher in der Neonazi-Szene verhaftet \u2013 des M\u00f6rders aus, dieser sei immer schon ein Einzelg\u00e4nger und Waffennarr gewesen. Am <a href=\"https:\/\/www.spiegel.de\/panorama\/justiz\/fall-walter-luebcke-ex-verteidiger-frank-hannig-verweigert-aussage-als-zeuge-a-4b6a23fe-f399-4fe9-8f22-0ce49c4b67fd\">22. September<\/a> will das OLG den fr\u00fcheren Anwalt des Hauptangeklagten zu den gegen ihn erhobenen Anschuldigen anh\u00f6ren. Dieser verweigert jedoch die Aussage und begr\u00fcndet dies mit einer m\u00f6glichen Strafverfolgung. Am <a href=\"https:\/\/www.spiegel.de\/panorama\/justiz\/walter-luebcke-prozess-in-frankfurt-mitangeklagter-markus-h-kommt-frei-a-5b35e9db-e3c8-4b42-930c-9dc358de51d1\">30. September<\/a> wird der bisher wegen Beihilfe Mitangeklagte am Mord an Walter L\u00fcbcke aus der Untersuchungshaft entlassen, da er nach Ansicht des OLG \u201enicht mehr verd\u00e4chtig\u201c ist.<\/p>\n<p>\u201e<b>NSU 2.0\u201c-Drohschreiben: <\/b>Durch Presseberichte wird bekannt, dass eine t\u00fcrkisch-st\u00e4mmige Rechtsanw\u00e4ltin in Hessen, die im NSU-Prozess t\u00e4tig war, erneut mit <a href=\"https:\/\/www.fr.de\/rhein-main\/nsu-drohungen-nehmen-kein-ende-90036609.html\">\u201eNSU 2.0\u201c-Schreiben<\/a> bedroht wurde, obwohl ihre neue Adresse nicht \u00f6ffentlich zug\u00e4nglich ist. Weiter wird bekannt, dass auch in Berlin und Hamburg Polizist*innen im Verdacht stehen, in einigen F\u00e4llen hinter solchen Drohschreiben zu stecken. Durch weitere Presseberichte wird am <a href=\"https:\/\/www.sueddeutsche.de\/politik\/nsu-2-0-vier-polizisten-verdaechtig-1.5022521\">6. September<\/a> bekannt, dass bei den Untersuchungen der Drohmail-Aff\u00e4re vier Polizist*innen in Hamburg und Berlin aufgefallen sind, die unberechtigte Computer-Abfragen durchgef\u00fchrt haben. Die Indizienlage sei jedoch sehr d\u00fcnn, alle vier Beamt*innen seien weiter im Dienst. Durch Presseberichte wird am <a href=\"https:\/\/www.tagesspiegel.de\/berlin\/datenabfrage-zu-jan-boehmermann-kein-bezug-zu-nsu-2-0-drohbrief-bei-berliner-polizist\/26199102.html\">18. September<\/a> bekannt, dass eine Datenabfrage von einem Berliner Polizeicomputer zum ZDF-Moderator Jan B\u00f6hmermann im Juli 2019 keinen Bezug zu \u201eNSU 2.0\u201c-Drohschreiben hat, sondern dienstlich begr\u00fcndet war. Durch weitere Presseberichte wird zudem bekannt, dass im \u201eNSU 2.0\u201c-Komplex, dem unterdessen <a href=\"https:\/\/www.faz.net\/aktuell\/politik\/inland\/hessen-arbeitete-frankfurter-kripo-beamter-als-soeldner-im-irak-16959723.html\">88 Drohschreiben<\/a> zugeordnet werden, gegen 50 Beschuldigte ermittelt wird. Ebenfalls durch Presseberichte wird am <a href=\"https:\/\/www.fr.de\/panorama\/nsu-comedians-kebekus-und-ehring-bedroht-polizeicomputer-abrufe-90047712.hrml\">20. September<\/a> bekannt, dass im August auch zwei Comedians Drohschreiben erhalten hatten. <b> <\/b><\/p>\n<p><b>Ermittlungen gegen Polizeibeamt*innen: <\/b>Gegen einen Kriminalbeamten, der <a href=\"https:\/\/www.abendzeitung-muenchen.de\/muenchen\/bayerische-polizisten-auf-corona-demo-erste-konsequenzen-art-666507\">bei der Anti-Corona-Demonstration in Berlin am 29. August als Redner<\/a> aufgetreten war, wird dienstrechtlich ermittelt; zudem wurde er in den Innendienst versetzt. Dies erkl\u00e4rt das Polizeipr\u00e4sidium Augsburg (Bayern). Ebenfalls dienstaufsichtliche Ermittlungen werden aus diesem Grund gegen einen Beamten des Pr\u00e4sidiums N\u00fcrnberg (Bayern) gef\u00fchrt. Auch er wurde in den Innendienst ohne B\u00fcrger*innenkontakt versetzt. Am <a href=\"https:\/\/www.sueddeutsche.de\/muenchen\/muenchen-gaertnerplatz-polizei-konrolle-1.5021992\">5. September<\/a> gibt die Polizei in M\u00fcnchen (Bayern) bekannt, dass gegen einen ihrer Beamten ermittelt wird, der bei einem Einsatz wegen Ruhest\u00f6rung einen Mann mit seinem Schlagstock verletzt hatte. In G\u00f6ttingen (Niedersachsen) schl\u00e4gt ein Polizeibeamter bei einem Einsatz wegen Ruhest\u00f6rung einem <a href=\"https:\/\/www.morgenpost.de\/vermischtes\/article230467820\/Goettingen-Polizist-schlaegt-Teenager-vor-laufender-Kamera.html\">19-J\u00e4hrigen vor laufender Kamera ins Gesicht<\/a>; das Polizeipr\u00e4sidium leitet ein Strafverfahren ein. Die StA Frankfurt\/M. (Hessen) gibt am <a href=\"https:\/\/www.fr.de\/frankfurt\/frankfurt-polizist-mit-zweifelhaften-rechtsverstaendnis-90047690.html\">18. September<\/a> bekannt, dass sie gegen einen Polizeibeamten, der in seinem Urlaub ungenehmigt als S\u00f6ldner <a href=\"https:\/\/www.faz.net\/aktuell\/politik\/inland\/hessen-arbeitete-frankfurter-kripo-beamter-als-soeldner-im-irak-16959723.html\">f\u00fcr eine im Verdacht des Rechtsextremismus stehende Sicherheitsfirma im Irak gearbeitet<\/a> hatte, wegen des Verdachts der Bestechlichkeit und des Verrats von Dienstgeheimnissen ermittelt. Bereits seit Ende August ist der Mann <a href=\"https:\/\/www.fr.de\/frankfurt\/frankfurt-polizist-mit-zweifelhaften-rechtsverstaendnis-90047690.html\">vom Dienst suspendiert<\/a>, zudem wurde zus\u00e4tzlich ein Disziplinarverfahren eingeleitet.<\/p>\n<p><b>Proteste nach Hausr\u00e4umung: <\/b>Nach der <a href=\"https:\/\/www.faz.net\/aktuell\/politik\/inland\/leipzig-demonstranten-bewerfen-polizei-mit-pyrotechnik-16938288.html\">R\u00e4umung eines besetzten Hauses in Leipzig<\/a> (Sachsen) kommt es am Abend bei einer unangemeldeten Protestdemonstration zu schweren Auseinandersetzungen mit der Polizei. Rund 500 Personen errichten Barrikaden und z\u00fcnden M\u00fcllcontainer an. 22 Personen werden festgenommen. F\u00fcr den 4. Oktober wird <a href=\"https:\/\/www.spiegel.de\/panorama\/justiz\/leipzig-vermummte-demonstranten-greifen-polizei-an-a-567320ec-c27d-4987-8581-01dbdf2b2be8\">zu einer erneuten Besetzung aufgerufen<\/a>. Am Abend versammeln sich etwa 200 Personen erneut zu einer <a href=\"https:\/\/www.faz.net\/aktuell\/politik\/inland\/gewaltausbruch-in-leipzig-vermummte-greifen-polizei-an-16939197.html\">Spontandemonstration<\/a>. Auch sie verl\u00e4uft konflikthaft, wird von der Polizei jedoch rasch aufgel\u00f6st; <a href=\"https:\/\/www.welt.de\/politik\/deutschland\/article215112432\/Leipzig-Connewitz-Nach-Jagdszenen-mit-Vermummten-Polizei-prueft-Konsequenzen.html\">gegen etwa 15 Personen werden Ermittlungsverfahren eingeleitet<\/a>. Zum dritten Mal hintereinander findet auch am <a href=\"https:\/\/www.spiegel.de\/panorama\/justiz\/leipzig-dritte-krawallnacht-in-folge-im-stadtteil-connewitz-a-87e96b1d-dc71-4852-988c-aa994799bba3\">5. September<\/a> eine Demonstration mit etwa 500 Teilnehmer*innen statt, die diesmal jedoch angemeldet ist. Auch sie verl\u00e4uft konflikthaft. Am <a href=\"https:\/\/www.spiegel.de\/panorama\/justiz\/polizei-sachsen-entschuldigt-sich-fuer-retweet-ueber-linkes-pack-nach-gewalt-in-leipzig-a-654ab138-2c06-485d-9efc-19af4ac55db3\">6. September<\/a> stellt die Polizei auf ihrem offiziellen Twitter-Account den Tweet eines anderen Nutzers ein, wonach es sich bei den Demonstrant*innen um \u201elinkes Pack\u201c handelt, l\u00f6scht ihn jedoch rasch wieder und entschuldigt sich. Am <a href=\"https:\/\/www.tagesspiegel.de\/berlin\/einen-monat-nach-syndikat-raeumung-linke-demonstranten-ziehen-durch-kreuzberg\/26182928.html\">12. September<\/a> demonstrieren in Berlin Personen \u201eim unteren vierstelligen Bereich\u201c gegen eine Berliner Hausr\u00e4umung, Sie l\u00f6st sich am Abend friedlich auf. \u00c4hnliche Kundgebungen finden auch in Leipzig (Sachsen) und Hamburg statt.<\/p>\n<p><b>Repression gegen linken Aktivismus:<\/b> Der GBA leitet ein <a href=\"https:\/\/www.spiegel.de\/politik\/deutschland\/horst-seehofer-und-winfried-kretschmann-erhielten-drohschreiben-von-linksextremen-a-4b770e2b-a863-4bbd-a3dc-2017eca87dda\">Ermittlungsverfahren wegen Bildung einer terroristischen Vereinigung gegen eine \u201eRevolution\u00e4re Aktionszelle\u201c (RAZ)<\/a> ein. Die Gruppe soll seit Ende 2019 <a href=\"https:\/\/www.sueddeutsche.de\/bayern\/bayern-joachim-herrmann-drohbrief-patrone-1.5027575\">mehr als 30 Drohbriefe an Politiker*innen<\/a> verschickt haben, darunter Bundesinnenminister Horst Seehofer (CSU), Ministerpr\u00e4sident Winfried Kretschmann (Gr\u00fcne), Bayerns Innenminister Joachim Herrmann (CSU) und <a href=\"https:\/\/www.tagesspiegel.de\/berlin\/linksextreme-bedrohten-politiker-innensenator-geisel-bekam-schreiben-mit-patronenhuelsen\/26173584.ht\">Berlins Innensenator Andreas Geisel<\/a> (SPD); zudem sollen sie diverse <a href=\"https:\/\/www.spiegel.de\/politik\/deutschland\/linksextremismus-generalbundesanwalt-ermittelt-nach-drohbriefen-an-politiker-a-00000000-0002-0001-0000-000172863204\">Brands\u00e4tze<\/a> deponiert haben. Ebenfalls am <a href=\"https:\/\/taz.de\/Empoerung-ueber-Verfassungsschutz\/!5709624\/)\">3. September<\/a> erkl\u00e4rt der Hamburger LfV-Pr\u00e4sident in einem lokalen Pressemedium die Fl\u00fcchtlingsinitiative Seebr\u00fccke zur \u201elinksextremistisch beeinflussten Organisation\u201c. Am <a href=\"https:\/\/www.morgenpost.de\/berlin\/polizeibericht\/article230433000\/Razzia-gegen-Linksextremisten-in-Berlin.html\">16. September<\/a> durchsuchen Beamte des Bundeskriminalamtes (BKA) die Wohnungen von f\u00fcnf mutma\u00dflichen Linksextremisten; ihnen wird die Gr\u00fcndung einer kriminellen Vereinigung vorgeworfen. Zu Festnahmen kommt es nicht. Zudem werden <a href=\"https:\/\/www.tagesspiegel.de\/berlin\/polizei-justiz\/durchsuchungen-in-berlin-ermittler-gehen-gegen-mutmassliche-linksextremisten-vor\/26191006.html\">Verbindungen zu den Ausschreitungen zum G20-Gipfel<\/a> im Juli 2017 in Hamburg untersucht.<\/p>\n<p><b>Alternative f\u00fcr Deutschland (AfD):<\/b> Das AG Harburg (Hamburg) verurteilt ein <a href=\"https:\/\/www.mopo.de\/hamburg\/er-hat-selbst-geschossen--hamburger-afd-mitglied-taeuscht-ueberfall-durch-antifa-vor-37281566\">AfD-Mitglied zu Geldstrafe von 700 EUR<\/a>. Der Mann hatte im September 2010 mehrfach per Notruf die Polizei alarmiert und behauptet, Mitglieder der Antifa h\u00e4tten ihn in seiner Wohnung \u00fcberfallen, Gegenst\u00e4nde in Brand gesetzt und Sch\u00fcsse abgegeben. S\u00e4mtliche Vorf\u00e4lle waren vorget\u00e4uscht, die Sch\u00fcsse hatte er selbst abgegeben. Am <a href=\"https:\/\/www.spiegel.de\/politik\/deutschland\/afd-stefan-raepple-nach-gewaltaufruf-aus-fraktion-in-baden-wuerttemberg-geworfen-a-8471a3c1-1f55-4dd5-a807-284d1966655a\">28. September<\/a> wirft die AfD im Landtag von Stuttgart (Baden-W\u00fcrttemberg) einen Abgeordneten aus ihrer Fraktion, nachdem dieser bei einer Anti-Corona-Demonstration in Mainz (Rheinland-Pfalz) am 26. September zum gewaltsamen Sturz der Regierung aufgerufen hatte. Durch weitere Presseberichte wird am <a href=\"https:\/\/www.welt.de\/politik\/deutschland\/article216749848\/Lueth-AfD-Fraktionsvorstand-entlaesst-frueheren-Sprecher-fristlos.html\">29. September<\/a> bekannt, dass die AfD-Bundestagsfraktion ihrem Pressesprecher gek\u00fcndigt hat, nachdem dieser im Februar in einer Bar Gewaltfantasien \u00fcber Migranten verbreitet hatte. Die schleswig-holsteinische Innenministerin Sabine S\u00fctterlin-Waack (CDU) teilt <a href=\"https:\/\/www.spiegel.de\/politik\/deutschland\/afd-fluegel-verfassungsschutz-in-schleswig-holstein-beobachtet-nachfolgeaktivitaeten-a-00267800-940a-480c-b5a5-664351c117ec\">am selben Tag<\/a> mit, dass das LfV den offiziell aufgel\u00f6sten rechtsradikalen \u201eFl\u00fcgel\u201c der AfD als Beobachtungsobjekt eingestuft hat, da dessen Aktivit\u00e4ten weiter bestehen w\u00fcrden.<\/p>\n<p>4. September: <b>Anklage gegen Polizeigewerkschafter:<\/b> Durch Presseberichte wird bekannt, dass StA Kiel (Schleswig-Holstein) gegen den <a href=\"https:\/\/www.spiegel.de\/panorama\/justiz\/kiel-staatsanwaltschaft-klagt-ex-vize-von-polizeigewerkschaft-an-a-e0ed03ce-bbac-478b-83bb-3b66217b7010\">ehemaligen Vizevorsitzenden des dortigen Landesverbandes der Deutschen Polizeigewerkschaft (DPolG)<\/a> Anklage wegen des Verrats von Dienstgeheimnissen in mindestens 10 F\u00e4llen erhebt.<\/p>\n<p align=\"left\"><b>Kurdische Arbeiterpartei PKK:<\/b> Das VG Hannover (Niedersachsen) entscheidet, dass eine Auflage der Polizei, die es verbietet, bei einer PKK-Demonstration f\u00fcr den inhaftierten PKK-F\u00fchrers Abdullah \u00d6calan dessen Fotos zu zeigen, rechtm\u00e4\u00dfig ist (<a href=\"https:\/\/www.juris.de\/jportal\/portal\/t\/jz7\/page\/homerl.psml?nid=jnachr-JUNA200903092&amp;cmsuri=%2Fjuris%2Fde%2Fnachrichten%2Fzeigenachricht.jsp\">Az: 10 B 459\/20<\/a>). Am <a href=\"https:\/\/www.sueddeutsche.de\/muenchen\/muenchen-prozess-pkk-terrorismus-1.5021215\">5. September<\/a> beginnt vor dem OLG M\u00fcnchen (Bayern) der Prozess gegen einen mutma\u00dflichen Funktion\u00e4r der kurdischen Arbeiterpartei PKK wegen mehrerer Straftaten gegen Polizeibeamte und das Schwenken der PKK-Fahne. Die PKK ist seit 1993 als Terrororganisation verboten.<\/p>\n<p>5. September: <b>Asyl:<\/b> In Frankfurt\/M. und vielen anderen St\u00e4dten in Hessen findet ein <a href=\"https:\/\/www.fr.de\/rhein-main\/beschaemende-blutspur-durch-hessen-90038094.html\">Aktionstag f\u00fcr Gefl\u00fcchtete<\/a> und gegen Rassismus statt. In einer Gro\u00dfaktion stellen am <a href=\"https:\/\/www.tagesspiegel.de\/berlin\/protestaktion-vor-dem-berliner-reichstagsgebaeude-13-000-stuehle-fuer-gefluechtete-in-moria\/26166374.html\">7. September<\/a> verschiedene Organisationen 13.000 St\u00fchle auf der Wiese vor dem Reichstag in Berlin auf, um auf die Gefl\u00fcchteten im griechischen Lager Moria aufmerksam zu machen. Am <a href=\"https:\/\/www.berliner-zeitung.de\/mensch-metropole\/berlin-nach-brandkatastrophe-moria-demo-fuer-aufnahme-von-menschen-aus-moria-li.104099\">9. September<\/a> demonstrieren in Berlin rund 10.000 Personen f\u00fcr eine Aufnahme der Menschen aus dem abgebrannten Lager Moria. In <a href=\"https:\/\/www.spiegel.de\/politik\/ausland\/moria-tausende-demonstranten-fordern-aufnahme-von-fluechtlingen-a-a9e8fe62-f54b-4b1d-aa43-4a4dee5ded3a\">K\u00f6ln (NRW) sind es etwa 3.000 Teilnehmer*innen, in Hamburg 2.500\u00a0 und in Frankfurt\/M. (Hessen) rund 300<\/a>. Auf politischen Druck erkl\u00e4rt Bundesinnenminister Horst Seehofer (CSU) nach l\u00e4ngerer Verweigerung am <a href=\"https:\/\/www.spiegel.de\/politik\/deutschland\/moria-deutschland-nimmt-bis-zu-150-minderjaehrige-auf-a-3c396c4f-2670-4357-8269-93df31263ebb\">11. September<\/a>, 100 bis 150 minderj\u00e4hrige Fl\u00fcchtlinge aus Moria aufzunehmen. Am <a href=\"https:\/\/www.welt.de\/politik\/deutschland\/article215610740\/Demo-in-Leipzig-600-haben-Spass-mehr-als-tausend-haben-Bereitschaft.html\">12. September<\/a> demonstrieren in Leipzig (Sachsen) rund 600 Menschen gegen die \u201eFestung Europa\u201c. Am <a href=\"https:\/\/www.spiegel.de\/politik\/deutschland\/moria-bundesregierung-will-1553-fluechtlinge-aus-griechenland-aufnehmen-a-848ab100-e4e9-4100-b389-77f890f37a3b\">15. September<\/a> gibt die Bundesregierung bekannt, dass sie noch einmal 1.553 Fl\u00fcchtlinge von den griechischen Inseln aufnehmen werde. Am <a href=\"https:\/\/www.spiegel.de\/politik\/deutschland\/bundesrat-lehnt-eigenstaendige-aufnahme-von-asylbewerbern-durch-laender-ab-a-35f3ee0a-d97a-4d6d-922f-bb46e374a781\">18. September<\/a> lehnt der Bundesrat eine Initiative zweier Bundesl\u00e4nder ab, die notwendige Zustimmung des Bundesinnenministeriums zur Aufnahme von Fl\u00fcchtlingen abzuschaffen. Erneut demonstrieren am <a href=\"https:\/\/www.tagesspiegel.de\/berlin\/unter-dem-motto-wir-haben-platz-tausende-demonstrieren-in-berlin-fuer-die-aufnahme-von-gefluechteten\/26202806.html\">20. September<\/a> mindestens 5.000 Menschen in Berlin f\u00fcr die Aufnahme von Fl\u00fcchtlingen; in <a href=\"https:\/\/www.fr.de\/frankfurt\/demo-in-frankfurt-gefluechtete-aus-moria-aufnehmen-90048598.html\">Frankfurt\/M. (Hessen) demonstrieren rund 450 Menschen<\/a>. Am <a href=\"https:\/\/www.spiegel.de\/politik\/deutschland\/fluechtlinge-migranten-aus-moria-in-hannover-gelandet-a-9cf36e2e-a8c9-4f5b-8ad6-75e40439260b\">30. September<\/a> landen auf dem Flughafen Hannover (Niedersachsen) 139 Fl\u00fcchtlinge aus dem griechischen Lager Moria, darunter 51 unbegleitete Minderj\u00e4hrige.<\/p>\n<p>6. September: <b>Rechtsradikale Polizist*innen:<\/b> Durch eine Presseumfrage wird bekannt, dass in den letzten f\u00fcnf Jahren bei den Polizeien der L\u00e4nder <a href=\"https:\/\/www.tagesspiegel.de\/politik\/170-faelle-mit-rechtsextremem-oder-rassistischem-gedankengut-rechte-netzwerke-und-einzelfaelle-bei-der-polizei\/26162960.html\">mindestens 170 Beamt*innen durch rechtsradikales und\/oder rassistisches Gedankengut<\/a> aufgefallen sind (Bayern: 30 \/ Schleswig-Holstein: 6 \/ NRW: 21 \/ Baden-W\u00fcrttemberg: 18 \/ Mecklenburg-Vorpommern: 18 \/ Hamburg: 5 \/ Brandenburg: 1 \/ Saarland: 1 \/ Bremen: 0 \/ \u00fcbrige Bundesl\u00e4nder: keine Angaben). Durch Presseberichte wird am <a href=\"https:\/\/www.sueddeutsche.de\/politik\/rechtsextremismus-reichsbuerger-polizei-nrw-1.5022523\">7. September<\/a> bekannt, dass ein Polizeibeamter des Polizeipr\u00e4sidiums Hamm (NRW) seit Februar in Untersuchungshaft sitzt, weil er im Verdacht steht Unterst\u00fctzer einer mutma\u00dflich rechtsterroristischen Vereinigung \u201eGruppe S\u201c zu sein. Das VG Potsdam (Brandenburg) hatte bereits Mitte August <a href=\"https:\/\/www.rnd.de\/panorama\/kundigung-nach-nazi-spruchen-polizei-anwarter-siegt-vor-gericht-und-wird-weiter-ausgebildet-IWPAZUSNGVAKPN6YZJBICNHGLQ.html\">entschieden<\/a>, dass ein Polizeisch\u00fcler der wegen rechtswidriger Aussagen von der Polizeischule verwiesen worden war, weiter ausgebildet werden muss. Auch gegen zwei weitere Kollegen wird ermittelt. Am <a href=\"https:\/\/www.morgenpost.de\/vermischtes\/article230434600\/Innenminister-Rechtes-Netzwerk-bei-NRW-Polizei-aufgedeckt.html\">15. September<\/a> durchsucht die Polizei in NRW insgesamt 34 Dienststellen und Wohnungen von Polizist*innen unter dem Verdacht der Volksverhetzung und des Verwendens verbotener Kennzeichen. Sie waren an rechten Chatgruppen beteiligt. Dies gibt NRW-Innenminister Herbert Reul (CDU) am <a href=\"https:\/\/www.welt.de\/politik\/deutschland\/article215843050\/Rechtsextreme-Chat-Gruppen-bei-Polizei-in-NRW-aufgedeckt.html\">16. September<\/a> bekannt. 29 Polizist*innen werden suspendiert und m\u00fcssen ihre Dienstwaffen abgeben; gegen sie wird <a href=\"https:\/\/www.sueddeutsche.de\/politik\/rechtsextremismus-polizei-nrw-herbert-reul-1.5035246\">strafrechtlich ermittelt, gegen 14 mit dem Ziel der Dienstentfernung<\/a>. Zudem wird am <a href=\"https:\/\/www.tagesspiegel.de\/politik\/nrw-minister-zu-rechtsextremen-polizisten-das-hat-eine-abscheulichkeit-die-ich-nicht-fuer-moeglich-gehalten-haette\/26195248.html\">16. September<\/a> eine weitere Beamtin suspendiert, bei ihr wurden bei den bei den Durchsuchungen dienstliche Munition, ein Gewehr und Drogen gefunden. Mit den <a href=\"https:\/\/www.spiegel.de\/panorama\/polizeiskandal-in-nrw-rechtsextreme-chats-munition-und-drogen-bei-polizistin-entdeckt-a-2da56577-78fe-47e0-8769-15055099c7b0\">rechtsradikalen Chats<\/a> hat sie nichts zu tun, diese werden ihrem Freund zugeordnet. Durch Presseberichte wird am <a href=\"https:\/\/www.spiegel.de\/panorama\/rechtsextreme-chatgruppe-in-nrw-beschuldigte-polizisten-raeumen-fehlverhalten-ein-a-dbcba7ea-cf97-4508-b725-a61f3c88e808\">18. September<\/a> bekannt, dass einige der Beamt*innen eigenes Fehlverhalten einger\u00e4umt und die Postings zugegeben haben. <a href=\"https:\/\/www.tagesspiegel.de\/politik\/ermittlungen-in-mecklenburg-vorpommern-polizisten-wegen-rechtsextremer-chats-vom-dienst-suspendiert\/26201092.html\">Am gleichen Tag<\/a> teilt der Innenminister von Mecklenburg-Vorpommern, Lorenz Caffier (CDU) mit, dass zwei Polizisten wegen rechtsradikaler Umtriebe vom Dienst suspendiert wurden; gegen zwei weitere wurden Disziplinarverfahren eingeleitet. Insgesamt stehen damit 18 Polizeibedienstete im Verdacht des Rechtsradikalismus. Im Innenausschuss des Landtages erkl\u00e4rt NRW-Innenminister Reul (CDU) am <a href=\"https:\/\/www.morgenpost.de\/politik\/inland\/article230509076\/Weitere-16-Verdachtsfaelle-bei-der-NRW-Polizei-aufgetaucht.html\">24. September<\/a>, dass weitere 16 Hinweise zu rechtsradikalen oder rassistischen \u00c4u\u00dferungen von Polizist*innen eingegangen sind. Aktuell sei die Zahl der verd\u00e4chtigen Beamt*innen auf 31 gestiegen. Zugleich wird bekannt, dass seit 2017 insgesamt 100 Polizist*innen und vier Mitarbeiter*innen des Innenministeriums in den Verdacht rechten Verhaltens geraten sind; 71 entsprechende Verfahren sind noch nicht abgeschlossen. Am <a href=\"https:\/\/www.spiegel.de\/panorama\/justiz\/polizist-nach-rechtsextremen-aeusserungen-vom-dienst-suspendiert-a-2e1263df-f5ba-4d29-b406-d1ef5f0558eb\">25. September<\/a> informiert das Landeskriminalamt (LKA) Baden-W\u00fcrttemberg die Kollegen in Leipzig (Sachsen) \u00fcber Erkenntnisse zu rechtsextremen und rassistischen Chat\u00e4u\u00dferungen eines Leipziger Polizisten. Der Mann wird am n\u00e4chsten Tag vom Dienst suspendiert und Ermittlungen eingeleitet. In Bielefeld (NRW) durchsucht die Polizei am <a href=\"https:\/\/www.nw.de\/lokal\/bielefeld\/mitte\/22872102_Staatsschutz-Bielefelder-Polizist-postet-rechtsextremistische-Inhalte.html\">30. September<\/a> eines fr\u00fcheren Dienstgruppenleiters, der im Verdacht steht, in einer privaten Chatgruppe rechtsextremistische Symbole gepostet zu haben.<\/p>\n<p><b>Polizeisch\u00fcsse:<\/b> In Berlin wollen Polizisten ein Fahrzeug kontrollieren, das mit stark \u00fcberh\u00f6hter Geschwindigkeit unterwegs ist. Der Fahrer gibt daraufhin noch einmal Gas und f\u00e4hrt direkt auf einen Beamten zu. Dieser <a href=\"https:\/\/www.berliner-zeitung.de\/news\/gesundbrunnen-autofahrer-haelt-auf-polizisten-zu-beamter-schiesst-li.103328\">gibt daraufhin mehrere Sch\u00fcsse auf das Fahrzeug ab<\/a>. Der Fahrer kann dennoch fl\u00fcchten, der Beamte bleibt unverletzt.\u00a0In Gro\u00dfbeeren (Brandenburg) gibt am 3. September ein Polizeibeamter <a href=\"https:\/\/www.bz-berlin.de\/berlin\/umland\/fahrer-von-geklautem-wohnmobil-fluechtet-vor-der-polizei-in-maisfeld\">einen Warnschuss ab<\/a>, um einen, in ein Maisfeld fl\u00fcchtenden, Fahrzeugdieb zu stoppen. Am\u00a020. September schie\u00dft ein Polizeibeamter in Taunusstein (Hessen) im Verlauf eines Einsatzes auf einen Mann und <a href=\"https:\/\/www.faz.net\/aktuell\/gesellschaft\/kriminalitaet\/zwei-mal-betrunken-kontr\u00f6lliert-mit-traktor-umgekippr-16964072.html\">verletzt ihn schwer<\/a>. Der Mann wird ins Krankenhaus gebracht, Lebensgefahr besteht nicht. N\u00e4here Einzelheiten sind nicht bekannt. Am\u00a022.September schie\u00dft ein Polizeibeamter in M\u00fcnchen (Bayern) auf eine psychisch kranke Frau, die ihn mit einem Messer bedroht und <a href=\"https:\/\/www.abendzeitung-muenchen.de\/muenchen\/stadtviertel\/festnahme-in-der-poccistrasse-schuss-aus-dienstwaffe-loest-sich-art-671518\">trifft sie in den Oberk\u00f6rper<\/a>. Sie wird in ein Krankenhaus gebracht. Bei der Festnahme eines Verd\u00e4chtigen im Rahmen einer Drogenrazzia l\u00f6st sich am 23. September aus der Waffe eines Polizisten <a href=\"https:\/\/www.sueddeutsche.de\/muenchen\/muenchen-drogenrazzia-schuss-dienstwaffe-1.5043334\">ein unbeabsichtigter Schuss<\/a>, verletzt wird niemand. Am 26. September eskaliert in Hanau (Hessen) ein Familienstreit soweit, dass einer der Beteiligten <a href=\"https:\/\/www.fr.de\/rhein-main\/main-kinzig-kreis\/hanau-nachbarschaftsstreit-artet-aus-spezialeinheit-der-polizei-suedhessen-muss-anruecken-zr-90054285.html\">eine Schusswaffe einsetzt<\/a>. Ein alarmiertes SEK kann den Mann \u00fcberw\u00e4ltigen; auch dabei f\u00e4llt ein Schuss. Verletzt wird niemand. N\u00e4here Einzelheiten sind nicht bekannt. Am\u00a029. September wird die Polizei in Lengfeld (Th\u00fcringen) zu einem Fall von h\u00e4uslicher Gewalt gerufen. Da der Mann sich in der Wohnung verbarrikadiert hat, verschaffen sich die Beamten gewaltsam Zutritt und werden daraufhin mit einer Axt angegriffen. Ein hinzugezogenes SEK \u00fcberw\u00e4ltigt und <a href=\"https:\/\/www.spiegel.de\/panorama\/thueringen-25-jaehriger-bei-polizeieinsatz-durch-schuesse-verletzt-a-8a0828f2-9c88-45ab-8ffd-181211782b84\">verletzt ihn mit Sch\u00fcssen<\/a>, der Mann wird in ein Krankenhaus gebracht.<\/p>\n<p>7. September: <b>Rechtsextremismus:<\/b> <a href=\"https:\/\/www.morgenpost.de\/brandenburg\/article230351326\/Rekordwert-bei-Zahl-potenziell-Rechtsextremer-in-Brandenburg.html\">Laut dem Verfassungsschutzbericht<\/a> 2019 des LfV Brandenburg gibt es in dem Bundesland insgesamt 2.765 Rechtsextremisten (2018: 1.676). Am 9. September <a href=\"https:\/\/www.morgenpost.de\/berlin\/polizeibericht\/article230369234\/Neukoelln-Berliner-Neo-Nazi-soll-bei-Corona-Hilfe-betrogen-haben.html\">durchsucht die Polizei<\/a> in Berlin drei Objekte eines Rechtsextremisten unter dem Verdacht des Subventionsbetruges bei Corona-Hilfen. Gegen den Mann wird zudem bereits in Zusammenhang mit einer Anschlagsserie ermittelt. In Seevetal (Niedersachsen) durchsucht die Polizei am 11. September die Wohnung eines Rechtsextremisten unter dem Verdacht des Versto\u00dfes gegen das Waffen- und das Kriegswaffenkontrollgesetz. 250 Schusswaffen und mehrere 1000 Schuss Munition <a href=\"https:\/\/www.spiegel.de\/politik\/deutschland\/seevetal-in-niedersachen-waffenfund-bei-mutmasslichem-rechtsextremisten-a-bcdce966-8944-4f74-9bc6-4a4489b7f770\">werden sichergestellt<\/a>. Am 14. September <a href=\"https:\/\/www.spiegel.de\/panorama\/justiz\/halle-rechtsextremer-netzaktivist-sven-liebich-zu-bewaehrungsstrafe-verurteilt-a-47c7901c-b984-4663-add3-a0fa494bf7d1\">verurteilt das AG Halle<\/a> (Sachsen-Anhalt) einen bekannten Rechtsextremisten wegen Volksverhetzung, Verleumdung und anderer Straftaten zu 11 Monaten Haft, die f\u00fcr drei Jahre zur Bew\u00e4hrung ausgesetzt werden. Das Urteil ist noch nicht rechtskr\u00e4ftig. In Hessen f\u00fchrt die Polizei am 16. September <a href=\"https:\/\/www.faz.net\/aktuell\/politik\/inland\/hessen-ns-devotionalien-bei-durchsuchungen-gefunden-16957482.html\">eine Razzia gegen bekannte Rechtsextremist*innen<\/a> durch. Nach Beh\u00f6rdenangaben wurden seit 2019 mehr als 220 Durchsuchungen durchgef\u00fchrt, dabei insgesamt 196 Haftbefehle vollstreckt. Am 25. September <a href=\"https:\/\/www.juedische-allgemeine.de\/politik\/neonazi-gruppe-bleibt-verboten\/\">best\u00e4tigt das Bundesverwaltungsgericht<\/a> (BVerwG) Leipzig (Sachsen) das Verbot der rechtsextremistischen Gruppierung \u201eCombat 18\u201c (Az: BVerwG 6 VR1.20). Aus <a href=\"https:\/\/www.spiegel.de\/panorama\/justiz\/anschlagsserie-in-berlin-neukoelln-polizei-war-jahrelang-unterbesetzt-a-7139e16d-f18b-4008-a8d0-62aa63af019b\">Presseberichten<\/a> geht am 26. September hervor, dass der Abschlussbericht einer Sonderkommission zur Aufkl\u00e4rung von 72 rechtsextremistischen Anschl\u00e4gen im Berliner Bezirk Neuk\u00f6lln in den Jahren 2013 bis 2019 \u00fcber Jahre unterbesetzt war. Als Grund wird der Weihnachtsmarktanschlag von 2016 genannt. Die Neuk\u00f6llner Anschl\u00e4ge sind bislang immer noch nicht aufgekl\u00e4rt. In Magdeburg (Sachsen-Anhalt) l\u00f6st die Polizei am gleichen Tag eine <a href=\"https:\/\/www.spiegel.de\/panorama\/justiz\/polizei-sprengt-kampfsport-event-von-rechtsextremisten-a-4822eed4-224b-45ba-9d4a-5c0c78a37cde\">Kampfsport-Veranstaltung der militanten rechtsextremistischen Szene auf<\/a>. Am 27. September <a href=\"https:\/\/www.tagesspiegel.de\/berlin\/soko-fokus-zur-rechtsextremen-anschlagsserie-auswaertige-polizisten-mussten-neukoellner-neonazis-observieren\/26223318.html\">wird bekannt<\/a>, dass sich ein Beamter des LKA Berlin im M\u00e4rz 2018 mit einem der Tatverd\u00e4chtigen in der rechtsextremistischen Anschlagserie offenbar privat in einer Kneipe getroffen hatte. Nach dem Bekanntwerden des Treffens im Fr\u00fchjahr 2019 waren daraufhin Observationskr\u00e4fte aus anderen Bundesl\u00e4ndern angefordert worden. Im Innenausschuss des Berliner Abgeordnetenhauses stellt die Polizei am 28. September den <a href=\"https:\/\/www.tagesspiegel.de\/berlin\/hohe-wahrscheinlichkeit-fuer-taeterschaft-was-im-soko-abschlussbericht-zur-neukoellner-anschlagsserie-steht\/26224862.html\">Abschlussbericht einer im Mai 2019 eingerichteten Sonderkommission<\/a> zur Anschlagsserie im Stadtteil Neuk\u00f6lln vor: Die Polizei habe zwar drei namentlich bekannte Rechtsextremisten im Visier gehabt, ihnen aber nichts nachweisen k\u00f6nnen. Am 29. September klagt die StA Celle (Niedersachsen) einen jungen Rechtsextremisten <a href=\"https:\/\/www.spiegel.de\/panorama\/hildesheim-21-jaehriger-soll-rechtsextremistische-anschlaege-geplant-haben-a-00d13d14-bba0-48d3-b662-0b8cfa17b043\">wegen Volksverhetzung und Terrorvorbereitung an<\/a>. Der Mann hatte im Mai im Internet Anschl\u00e4ge auf Muslime angedroht und sich dazu <a href=\"https:\/\/www.sueddeutsche.de\/politik\/celle-anschlagsplaene-christchurch-rechtextremismus-1.5048893\">bereits Waffen beschafft<\/a>. Im Bereich Greifswald (Mecklenburg-Vorpommern) <a href=\"https:\/\/www.spiegel.de\/panorama\/justiz\/rechtsextremismus-verdacht-in-mecklenburg-vorpommern-polizei-durchsucht-gebaeude-nach-waffen-a-99dd5f9a-33f9-45dc-bb96-ba2c0ef65a26\">durchsucht die Polizei<\/a> am 30. September mehrere Objekte eines Rechtsextremisten. Der Mann steht im Verdacht, eine schwere staatsgef\u00e4hrdende Gewalttat vorzubereiten.<\/p>\n<p align=\"left\"><b>Oktoberfestattentat 1980:<\/b> Auf eine parlamentarische Anfrage der Gr\u00fcnen-Fraktion zum Oktoberfestattentat <a href=\"https:\/\/www.spiegel.de\/politik\/deutschland\/oktoberfest-attentat-1980-bundesregierung-schweigt-zu-v-leuten-a-f848dbdc-8c92-448a-b9d4-883ffe65356f\">verweigert die Bundesregierung die Antwort<\/a> auf wesentliche Fragen, weil diese \u201emit sehr hoher Wahrscheinlichkeit\u201c die Enttarnung von V-Leuten erm\u00f6glichen w\u00fcrde. Bei dem rechtsradikalen Attentat waren 13 Menschen get\u00f6tet und \u00fcber 200 verletzt worden.<\/p>\n<p align=\"left\"><b>Presseangriffe durch Polizei:<\/b> Ein Kameramann, der im September 2019 bei Arbeiten in Treuenbrietzen (Brandenburg) von einem Polizisten angegriffen und schwer verletzt worden war, wurde im August vom Gericht <a href=\"https:\/\/www.berliner-zeitung.de\/mensch-metropole\/polizist-wuergt-einen-fotografen-kollegen-decken-den-beamten-li.103763\">freigesprochen<\/a>. Der Polizist hatte ihn, unterst\u00fctzt von Kollegen, als Angreifer angezeigt.<\/p>\n<p><b>Angriffe auf Obdachlose:<\/b> In Berlin <a href=\"https:\/\/www.tagesspiegel.de\/berlin\/polizei-nimmt-mann-in-mitte-fest-schlafender-obdachloser-angegriffen-und-mit-messer-verletzt\/26168008.html\">sticht ein Mann<\/a> mit einem Messer mehrfach auf einen schlafenden Obdachlosen ein bevor er fl\u00fcchtet; er wird wenig sp\u00e4ter festgenommen. Der Schwerverletzte muss station\u00e4r in einem Krankenhaus aufgenommen werden. Am 17. September findet wiederum in Berlin eine Frau <a href=\"https:\/\/www.morgenpost.de\/berlin\/polizeibericht\/article230453996\/Blaulicht-Blog-Auto-ueberschlaegt-sich-bei-Unfall.html\">einen bewusstlosen Obdachlosen<\/a>. Er war von einem Unbekannten niedergeschlagen und mit einem Messer verletzt worden. Der Mann wird ins Krankenhaus gebracht. In Berlin <a href=\"https:\/\/www.morgenpost.de\/berlin\/polizeibericht\/article230534866\/Autofahrerin-schleift-Obdachlosen-mit-und-laesst-ihn-liegen.html\">erfasst am 28. September<\/a> eine betrunkene Autofahrerin bei der Einfahrt in eine Tiefgarage einen im Eingang liegenden Obdachlosen, schleift ihn mit und l\u00e4sst ihn schwerverletzt liegen. Der Mann muss ins Krankenhaus gebracht werden.<\/p>\n<p>8. September: <b>Antisemitismus:<\/b> Aus dem Bericht der \u201eRecherche- und Informationsstelle Antisemitismus\u201c (RIAS) <a href=\"https:\/\/www.berliner-zeitung.de\/mensch-metropole\/sperrfrist-dienstagfrueh-gerne-sehr-fruehschaemt-ihr-euch-nicht-ihr-juden-75-antisemitische-vorfaelle-mit-corona-bezug-in-berlin-li.103473\">geht hervor<\/a>, dass es in Berlin seit M\u00e4rz zu 75 antisemitischen Vorf\u00e4llen gekommen ist. Zudem kam es bundesweit bei mindestens 123 Anti-Corona-Demonstrationen <a href=\"https:\/\/www.spiegel.de\/politik\/deutschland\/corona-demos-antisemitismus-vorfaelle-bei-123-veranstaltungen-gezaehlt-a-c607b6ee-a5df-48c4-bc97-62054e647ccb\">zu antisemitischen \u00c4u\u00dferungen<\/a>, RIAS geht hier jedoch von einer hohen Dunkelziffer aus. Vor der israelischen Botschaft in Berlin ruft ein Mann am 7. September antisemitische und volksverhetzende Parolen. Er wird <a href=\"https:\/\/www.morgenpost.de\/berlin\/polizeibericht\/article230359488\/Pankow-Polizisten-fangen-Hausschwein-ein.html\">kurzfristig festgenommen<\/a> und erh\u00e4lt einen Platzverweis. Durch Presseberichte wird am 8. September bekannt, dass bei einem Verbindungstreffen einer Burschenschaft in Heidelberg (Baden-W\u00fcrttemberg) Ende August ein j\u00fcdischer Besucher von acht Personen <a href=\"https:\/\/www.spiegel.de\/panorama\/bildung\/heidelberg-burschenschafter-sollen-mann-antisemitisch-beleidigt-und-mit-guerteln-geschlagen-haben-a-98e63489-4fc1-4528-906f-9baea39b80cd\">antisemitisch beleidigt und misshandelt wurde<\/a>. Gegen die T\u00e4ter*innen wird ermittelt.<\/p>\n<p><b>Drogenfahndung:<\/b> Das BKA <a href=\"https:\/\/www.morgenpost.de\/vermischtes\/article230360480\/Drogenhandel-in-Deutschland-nimmt-zu-vor-allem-bei-Kokain.html\">teilt mit<\/a>, dass in der Bundesrepublik 2019 insgesamt 31 illegale Drogenlabore ausgehoben wurden (2018; 19). Zudem wurden im vergangenen Jahr insgesamt 359.747 Drogendelikte registriert (2018: 350.662); davon 20.107 F\u00e4lle von Kokainmissbrauch (2018: 17.920). In Bremen durchsuchen am 16. September Polizei- und Zollbeamt*innen 20 Wohnungen von mutma\u00dflichen Drogenh\u00e4ndlern. Gr\u00f6\u00dfere Drogenmengen, Waffen und ein f\u00fcnfstelliger Bargeldbetrag <a href=\"https:\/\/www.spiegel.de\/panorama\/bremen-hunderte-beamte-bei-razzia-gegen-drogenhaendler-im-einsatz-a-4f2c427a-099f-4fe2-8fa4-822a36db7fd4\">werden beschlagnahmt<\/a> und sechs Haftbefehle vollstreckt.<\/p>\n<p><b>Rechtsradikalismus:<\/b> In Berlin wird die Polizei <a href=\"https:\/\/www.morgenpost.de\/berlin\/polizeibericht\/article230368516\/Koepenick-Verfolgungsjagd-mit-Polizei-endet-an-Parkbank.html\">zu einem Fall von H\u00e4uslicher Gewalt gerufen<\/a>. Als die Beamt*innen den Mann aus der Wohnung bringen, beschimpft er sie als Nazis und zeigt den Hitlergru\u00df. Bei einer Mahnwache f\u00fcr mehr Fl\u00fcchtlingshilfen wird die Polizei in Limburg (Hessen) am 15. September <a href=\"https:\/\/www.welt.de\/politik\/deutschland\/article215828062\/Limburg-Mann-zeigt-Hitlergruss-bei-Moria-Kundgebung-Festnahme.html\">auf einen Mann aufmerksam gemacht<\/a>, der den Hitlergru\u00df zeigt. Er wird festgenommen und ein Strafverfahren eingeleitet. Das Landratsamt Merseburg (Sachsen-Anhalt) <a href=\"https:\/\/www.volksstimme.de\/sachsen-anhalt\/kritik-nazi-vorwuerfe-gegen-amtsleiter\">best\u00e4tigt am 17. September<\/a>, dass das Arbeitsverh\u00e4ltnis mit dem Leiter des Ausl\u00e4nderamtes Saalekreis wegen dessen rechtsradikalen Verhaltens aufgehoben wurde. Am 18. September <a href=\"https:\/\/www.berliner-zeitung.de\/news\/bremen-verbietet-reichskriegsflaggen-und-reichsfahnen-li.106184\">verbietet Bremen<\/a> das \u00f6ffentliche Zeigen von Reichsfahnen und Reichskriegsflaggen. In der Innenstadt von Wuppertal (NRW) gr\u00f6lt am 19. September eine 10-k\u00f6pfige Gruppe Jugendlicher Naziparolen. Die Polizei stellt die Personalien fest und erteilt Platzverweise. Kurze Zeit sp\u00e4ter beschmiert die Gruppe Autos mit Hakenkreuzen und greift zwei M\u00e4nner an. Drei M\u00e4nner und eine Frau werden vorl\u00e4ufig festgenommen. Gegen sie wird wegen Volksverhetzung, gef\u00e4hrlicher K\u00f6rperverletzung und Sachbesch\u00e4digung <a href=\"https:\/\/www.spiegel.de\/panorama\/wuppertal-gruppe-ruft-nazi-parolen-und-greift-passanten-an-a-beee6ece-63ec-4c78-a4ad-750f15a9256e\">ermittelt<\/a>.<\/p>\n<p>9. September: <b>Terrorgruppe \u201eNationalsozialistischer Untergrund\u201c (NSU):<\/b> Durch <a href=\"https:\/\/taz.de\/Verurteilter-Waffenlieferant-des-NSU\/!5708013\/\">Presseberichte<\/a> wird bekannt, dass der Unterst\u00fctzer und Waffenlieferant des NSU Carsten S. Mitte Juni aus der Haft entlassen wurde und sich im Zeugenschutzprogramm befindet.<\/p>\n<p><b>Rechtsradikalismus bei der Bundeswehr:<\/b> Durch Presseberichte wird bekannt, dass der Milit\u00e4rische Abschirmdienst (MAD) aktuell 712 rechtsradikale\/rechtsextremistische Verdachtsf\u00e4lle <a href=\"https:\/\/www.spiegel.de\/politik\/deutschland\/bundeswehr-mad-bearbeitet-mehr-verdachtsfaelle-wegen-rechtsextremismus-a-007c0e3d-794f-4831-85bb-699ce2d53237\">bei der Bundeswehr pr\u00fcft<\/a> (August: 638). Am 14. September <a href=\"https:\/\/www.tagesspiegel.de\/politik\/durchsuchung-im-raum-neubrandenburg-bundeswehrsoldat-unter-terrorverdacht\/26185096.html\">durchsuchen Polizeibeamt*innen<\/a> in Neubrandenburg (Mecklenburg-Vorpommern) die Wohn- und B\u00fcror\u00e4ume eines Bundeswehrsoldaten mit Kontakten in die rechtsextreme Szene unter dem Verdacht der Vorbereitung einer schweren staatsgef\u00e4hrdenden Gewalttat.<\/p>\n<p><b>Justizskandale:<\/b> Nach einem Skandal um einen korrupten Oberstaatsanwalt (OStA) gibt die hessische Justizministerin in Wiesbaden (Hessen) <a href=\"https:\/\/www.fr.de\/rhein-main\/hessische-ministerin-strafft-kontrolle-der-justiz-90040492.html\">bekannt<\/a>, dass sie eine neue Stabsstelle in der Innenrevision geschaffen hat, die direkt dem Staatssekret\u00e4r unterstellt ist. Durch Presseberichte wird am 18. September bekannt, dass der, der Korruption beschuldigte OStA ein Gest\u00e4ndnis abgelegt hat und daraufhin aus der Untersuchungshaft <a href=\"https:\/\/www.spiegel.de\/panorama\/justiz\/frankfurt-korruption-bei-staatsanwaltschaft-alexander-b-nach-gestaendnis-vorerst-frei-a-de18295c-6d6d-4271-a503-6a4bf6244c63\">entlassen wurde<\/a>.<\/p>\n<p>11. September: <b>Fall Oury Jalloh:<\/b> Nach der Kenntnisnahme eines Untersuchungsberichtes zum Tod des Asylbewerbers Oury Jalloh in einer Polizeizelle in Dessau (Sachsen-Anhalt) im Januar 2005 <a href=\"https:\/\/www.faz.net\/aktuell\/politik\/inland\/landtag-verzichtet-auf-konsequenzen-aus-jalloh-bericht-16948590.html\">stellt die Landesregierung fest<\/a>, dass die Polizei in dem Fall rechtswidrig gehandelt hat. Die juristische Aufarbeitung wird damit f\u00fcr abgeschlossen erkl\u00e4rt und auf weitere Konsequenzen verzichtet. Jalloh war an H\u00e4nden und F\u00fc\u00dfen gefesselt in der Zelle verbrannt.<\/p>\n<p>12. September: <b>Rockerkriminalit\u00e4t:<\/b> Mit einem Motorradkorso <a href=\"https:\/\/www.tagesspiegel.de\/berlin\/staus-wegen-motorrad-demonstration-1600-mitglieder-von-rockerbanden-protestierten-in-berlin-gegen-abzeichen-verbot\/26182058.html\">demonstrieren in Berlin<\/a> 1.600 Rocker der \u201eHells Angels\u201c und der \u201eBandidos\u201c gegen das seit 2017 geltende Verbot ihrer Vereinsabzeichen. Zu Zwischenf\u00e4llen kommt es nicht. Im Rahmen einer gr\u00f6\u00dferen Razzien wegen Geldw\u00e4sche wird in Frankfurt\/M. (Hessen) am 30. September ein Mitglied einer Rockergruppe <a href=\"https:\/\/www.faz.net\/aktuell\/gesellschaft\/kriminalitaet\/rocker-bei-razzia-wegen-geldwaesche-und-betrugsverdacht-verhaftet-16978488.html\">festgenommen<\/a>. Mit ihm beschuldigt werden noch zwei weitere M\u00e4nner.<\/p>\n<p align=\"left\">\u201e<b>Reichsb\u00fcrger\u201c:<\/b> Durch Presseberichte wird bekannt, dass die Gemeinde Brieselang (Brandenburg) im M\u00e4rz eine \u201eReichsb\u00fcrgerin\u201c <a href=\"https:\/\/www.tagesspiegel.de\/berlin\/die-reichsbauplanerin-rechtsextremistin-darf-brandenburger-gemeinde-gestalten\/26181374.html\">als neue Bauleiterin eingestellt hat<\/a>. Ihr Lebenspartner betreibt im benachbarten Rathenow mit einem \u201eB\u00fcrger Meister B\u00fcro\u201c, eine Anlaufstelle Reichsb\u00fcrger und Rechtsextremisten. Am 14. September wird die Frau <a href=\"https:\/\/www.tagesspiegel.de\/berlin\/reichsbuergerin-in-der-verwaltung-brieselanger-bauleiterin-nach-extremismusvorwuerfen-beurlaubt\/26192448.html\">vom Dienst freigestellt<\/a> und dann am 22. September <a href=\"https:\/\/www.tagesspiegel.de\/berlin\/wegen-verbindung-zu-reichsbuergern-brandenburger-bauleiterin-nach-extremismusvorwuerfen-entlassen\/26213324.html\">entlassen<\/a>.<\/p>\n<p>14. September: <b>Verfassungsschutz:<\/b> Durch Forschungen eines Historikers <a href=\"https:\/\/www.stuttgarter-zeitung.de\/inhalt.verfassungsschuetzer-aus-dem-suedwesten-der-spezialist-fuer-linke-war-einst-ss-mann.3386adb1-ca25-4a09-a431-be5e06f640dc.html\">wird bekannt<\/a>, dass ein fr\u00fcherer SS-Hauptscharf\u00fchrer und Gestapo-Beamter mit der Gr\u00fcndung des LfV Baden-W\u00fcrttemberg 1951 zu einem Verfassungssch\u00fctzer gemacht wurde, der f\u00fcr die politische Linke zust\u00e4ndig war. Durch <a href=\"https:\/\/www.tagesspiegel.de\/politik\/mitglied-bei-uniter-verfassungsschutz-chef-haldenwang-hatte-wohl-rechtsextremen-leibwaechter\/26198260.html\">Presseberichte<\/a> unter Berufung auf das Bundesministerium des Innern (BMI) wird am 18. September bekannt, dass ein Leibw\u00e4chter des BfV-Pr\u00e4sidenten Thomas Haldenwang, der unter Rechtsextremismus-Verdacht stehenden Gruppierung \u201eUniter\u201c angeh\u00f6rt. Laut einem Lagebericht des BfV, der am 27. September durch Presseberichte bekannt wird, <a href=\"https:\/\/www.welt.de\/politik\/deutschland\/article216656210\/Bericht-Gut-350-Verdachtsfaelle-auf-Rechtsextremismus-in-Behoerden.html\">verzeichnet das BfV<\/a> mehr als 350 Verdachtsf\u00e4lle von Rechtsextremismus in den deutschen Sicherheitsbeh\u00f6rden. Erfasst ist der Zeitraum von Januar 2017 bis Ende M\u00e4rz 2020. <a href=\"https:\/\/www.spiegel.de\/politik\/deutschland\/rechtsextremismus-350-verdachtsfaelle-in-deutschen-sicherheitsbehoerden-a-27263780-1cc6-4672-9bac-d1ba141388a1\">Besonders betroffen ist Hessen<\/a>.<\/p>\n<p align=\"left\"><b>Demonstrationsrecht:<\/b> Das VG Gie\u00dfen (Hessen) <a href=\"https:\/\/www.juris.de\/jportal\/portal\/t\/qdc\/page\/homerl.psml?nid=jnachr-JUNA200903222&amp;cmsuri=%2Fjuris%2Fde%2Fnachrichten%2Fzeigenachricht.jsp\">entscheidet<\/a>, dass Blockadetrainings grunds\u00e4tzlich als friedliche Versammlungen im Sinne des Grundgesetzes gelten. Das Urteil ist noch nicht rechtskr\u00e4ftig (Az: 4 L 3000\/20.GI).<\/p>\n<p>17. September: <b>Terroranschlag auf Berliner Weihnachtsmarkt:<\/b> Der Untersuchungsausschuss des Bundestages <a href=\"https:\/\/www.morgenpost.de\/berlin\/article230451420\/Amri-U-Ausschuss-Noch-ein-Beamter-muss-vor-die-Tuer.html\">verweist einen Zuh\u00f6rer des Saales<\/a> nachdem sich herausstellt, dass er nach dem Anschlag als Verbindungsbeamter der Bundespolizei (BPol) kurzzeitig in die Ermittlungen eingebunden war und somit als Zeuge in Frage kommen k\u00f6nnte. Durch <a href=\"https:\/\/www.tagesspiegel.de\/berlin\/vor-breitscheidplatz-anschlag-verfassungsschutz-uebersah-monatelang-brisante-amri-fotos\/26200590.html\">Presseberichte<\/a> wird am 18. September bekannt, dass Fotos, die den sp\u00e4teren Attent\u00e4ters Anis Amri gemeinsam mit zwei bekannten Islamisten zeigen, beim LfV Berlin nach dem Anschlag im Dezember 2016 monatelang unentdeckt herumlagen.<\/p>\n<p>18. September: <b>Abschiebungen:<\/b> In Hessen nimmt die Polizei einen 19-j\u00e4hrigen Guineer <a href=\"https:\/\/www.fr.de\/rhein-main\/hessen-zur-abschiebung-vor-der-schule-aufgegriffen-90046755.html\">in Abschiebehaft<\/a>, den sie zuvor aus seiner Schule geholt hatte.<\/p>\n<p><b>Beschwerdestelle der Polizei:<\/b> Die Polizei Hamburg richtet eine mit 18 Mitarbeiter*innen besetzte neue <a href=\"https:\/\/www.welt.de\/regionales\/hamburg\/article215956868\/Polizei-Hamburg-Beschwerdestelle-soll-rechtsextreme-Umtriebe-aufdecken.html\">Beschwerdestelle ein<\/a>. Sie ist direkt beim Polizeipr\u00e4sidenten angesiedelt, aber nicht weisungsgebunden.<\/p>\n<p><b>Rassistische Handlungen:<\/b> In Berlin nimmt die Polizei einen Mann <a href=\"https:\/\/www.morgenpost.de\/berlin\/polizeibericht\/article230453996\/Blaulicht-Blog-Auto-ueberschlaegt-sich-bei-Unfall.html\">vorl\u00e4ufig fest<\/a>, der vor einer Fl\u00fcchtlingsunterkunft rassistisch herum p\u00f6belt. Wegen des Fackelwurfs auf die Wohnwagen von Roma-Familien im Mai 2019 <a href=\"https:\/\/www.spiegel.de\/panorama\/justiz\/ulm-bewaehrungsstrafen-fuer-angeklagte-nach-fackelwurf-auf-roma-familien-a-fb5745dd-062a-4359-b352-ce3e02d1ca1a\">verurteilt das LG Ulm<\/a> (Bayern) die Angeklagten zu Jugendstrafen am 23. September auf Bew\u00e4hrung und den Besuch einer KZ-Gedenkst\u00e4tte. In Heidenau (Sachsen) wird am gleichen Tag eine junge afghanische Frau unvermittelt <a href=\"https:\/\/www.welt.de\/vermischtes\/article216504472\/Heidenau-bei-Dresden-Junge-Frau-mit-Kopftuch-beleidigt-und-geschlagen.html\">von drei M\u00e4nnern geschubst<\/a>, geschlagen und beleidigt bevor sie ihr das Kopftuch abrei\u00dfen. Die Frau wird leicht verletzt; die T\u00e4ter k\u00f6nnen unerkannt fl\u00fcchten. In einer Fl\u00fcchtlingsunterkunft in Berlin <a href=\"https:\/\/www.morgenpost.de\/berlin\/polizeibericht\/article230525600\/Blaulicht-Blog-Raser-rammt-auf-Flucht-Polizeiauto.html\">beleidigt am 26. September<\/a> ein Mann einen anderen Mann und dessen Mutter rassistisch; st\u00f6\u00dft dem Mann einen Stuhl in den R\u00fccken und schl\u00e4gt ihn ins Gesicht. Der T\u00e4ter wird von Sicherheitsleuten \u00fcberw\u00e4ltigt und der Polizei \u00fcbergeben.<\/p>\n<p>22. September: <b>Organisierte Kriminalit\u00e4t (OK):<\/b> Gemeinsam mit Beamten der Steuerfahndung <a href=\"https:\/\/www.tagesspiegel.de\/berlin\/polizei-justiz\/300-polizisten-im-einsatz-erneute-razzia-bei-clanchef-abou-chaker\/26207082.html\">durchsuchen<\/a> Polizist*innen insgesamt 18 Objekte eines arabischen Clans in Berlin und Brandenburg.<\/p>\n<p><b>Europol:<\/b> In einer weltweiten Aktion sind Polizeibeh\u00f6rden gegen Kriminalit\u00e4t im Darknet vorgegangen. In Deutschland wurden dabei 42 Personen festgenommen und gr\u00f6\u00dfere Geldmengen und Drogen sichergestellt. Das <a href=\"https:\/\/www.spiegel.de\/panorama\/justiz\/usa-und-europa-polizei-nimmt-179-mutmassliche-darknet-haendler-fest-a-6e0fc556-809a-40e0-aaca-99268d848652\">teilt die Europ\u00e4ische Polizeibeh\u00f6rde Europol mit<\/a>.<\/p>\n<p>24. September:<b> Milit\u00e4rischer Abschirmdienst (MAD):<\/b> In Zusammenhang mit der Aff\u00e4re um rechtsextreme Soldaten entl\u00e4sst Verteidigungsministerin Annegret Kramp-Karrenbauer <a href=\"https:\/\/www.spiegel.de\/politik\/deutschland\/annegret-kramp-karrenbauer-entlaesst-mad-praesident-christof-gramm-a-bf3e24a4-9cc7-443d-a9c6-72c4cd0f3b37\">den Chef des MAD<\/a>, Christof Gramm. Gramm war seit 2015 MAD-Chef.<\/p>\n<p><b>Homophobe Handlungen:<\/b> In Berlin wird ein Mann von f\u00fcnf Unbekannten <a href=\"https:\/\/www.tagesspiegel.de\/berlin\/polizei-justiz\/polizeimeldungen-aus-berlin-im-blog-mann-homophob-beleidigt-und-mit-warnbarke-geschlagen\/25616846.html\">homophob beleidigt<\/a> und mit einer Verkehrswarnbake geschlagen.<\/p>\n<p>28. September: <b>Dschihadist*innen-Prozesse:<\/b> In Hamburg <a href=\"https:\/\/www.spiegel.de\/panorama\/justiz\/hamburgerin-lebte-mit-kindern-beim-islamischen-staat-einmal-dschihad-und-zurueck-a-00000000-0002-0001-0000-000173216501\">beginnt der Prozess<\/a> gegen eine Frau, die in Syrien einige Jahre beim \u201eIslamischen Staat\u201c (IS) gelebt hatte, bevor sie zur\u00fcck nach Deutschland gekommen war.<\/p>\n<p><em>Beitragsbild: Polizeikritisches Adbusting in Berlin (<a href=\"https:\/\/de.indymedia.org\/node\/106642\">Indymedia<\/a>).<\/em><\/p>\n","protected":false},"excerpt":{"rendered":"<p>zusammengestellt von Otto Diederichs 1. September: Prozesse gegen Polizist*innen: Der Bayerische Verwaltungsgerichtshof (VerwGH) entscheidet, dass<\/p>\n","protected":false},"author":2,"featured_media":18229,"comment_status":"open","ping_status":"open","sticky":false,"template":"","format":"standard","meta":{"footnotes":""},"categories":[6],"tags":[667,820,1094,1132,1186,1195],"class_list":["post-18378","post","type-post","status-publish","format-standard","has-post-thumbnail","hentry","category-chronologien","tag-geheimdienste","tag-justiz","tag-polizei","tag-polizeischuesse","tag-rassismus","tag-rechtsextremismus"],"_links":{"self":[{"href":"https:\/\/wp-dev.daten.cool\/index.php?rest_route=\/wp\/v2\/posts\/18378","targetHints":{"allow":["GET"]}}],"collection":[{"href":"https:\/\/wp-dev.daten.cool\/index.php?rest_route=\/wp\/v2\/posts"}],"about":[{"href":"https:\/\/wp-dev.daten.cool\/index.php?rest_route=\/wp\/v2\/types\/post"}],"author":[{"embeddable":true,"href":"https:\/\/wp-dev.daten.cool\/index.php?rest_route=\/wp\/v2\/users\/2"}],"replies":[{"embeddable":true,"href":"https:\/\/wp-dev.daten.cool\/index.php?rest_route=%2Fwp%2Fv2%2Fcomments&post=18378"}],"version-history":[{"count":0,"href":"https:\/\/wp-dev.daten.cool\/index.php?rest_route=\/wp\/v2\/posts\/18378\/revisions"}],"wp:featuredmedia":[{"embeddable":true,"href":"https:\/\/wp-dev.daten.cool\/index.php?rest_route=\/wp\/v2\/media\/18229"}],"wp:attachment":[{"href":"https:\/\/wp-dev.daten.cool\/index.php?rest_route=%2Fwp%2Fv2%2Fmedia&parent=18378"}],"wp:term":[{"taxonomy":"category","embeddable":true,"href":"https:\/\/wp-dev.daten.cool\/index.php?rest_route=%2Fwp%2Fv2%2Fcategories&post=18378"},{"taxonomy":"post_tag","embeddable":true,"href":"https:\/\/wp-dev.daten.cool\/index.php?rest_route=%2Fwp%2Fv2%2Ftags&post=18378"}],"curies":[{"name":"wp","href":"https:\/\/api.w.org\/{rel}","templated":true}]}}