{"id":18611,"date":"2020-11-22T13:41:26","date_gmt":"2020-11-22T13:41:26","guid":{"rendered":"https:\/\/www.cilip.de\/?p=18611"},"modified":"2020-11-22T13:41:26","modified_gmt":"2020-11-22T13:41:26","slug":"2000-neue-behoerden-fuer-das-sis-ii","status":"publish","type":"post","link":"https:\/\/wp-dev.daten.cool\/?p=18611","title":{"rendered":"2.000 neue Beh\u00f6rden f\u00fcr das SIS II"},"content":{"rendered":"<p>Derzeit stehen mehr als 90 Millionen Personen und Gegenst\u00e4nde zur Fahndung oder auch Einreiseverweigerung im Schengener Informationssystem (SIS II), die Ausschreibungen werden vor allem von Grenz-, Polizei-, Zoll- oder Einwanderungsbeh\u00f6rden sowie Geheimdiensten genutzt. Dieser Kreis vergr\u00f6\u00dfert sich nun deutlich, in Deutschland werden im Projekt \u201eSIS 3.0\u201c rund 2.000 weitere Bundes-, Landes- und Kommunalbeh\u00f6rden an das Fahndungssystem angeschlossen.<a href=\"#_ftn1\" name=\"_ftnref1\">[1]<\/a> Hintergrund ist die Umsetzung von drei neuen EU-Verordnungen zum Rechtsrahmen des SIS II. In Deutschland sollen etwa Zulassungsstellen f\u00fcr Wasserfahrzeuge oder Schifffahrts\u00e4mter auf Bundes- und Landesebene, das Luftfahrtbundesamt mit seinen Dienststellen oder die deutschen Botschaften in den SIS-Verbund aufgenommen werden. Letztere d\u00fcrfen beispielsweise k\u00fcnftig R\u00fcckkehrentscheidungen und Einreisesperren f\u00fcr abgelehnte Asylsuchende eigenst\u00e4ndig in das SIS II eintragen.<!--more--><\/p>\n<p>Am Ende des mehrj\u00e4hrigen Verfahrens werden zudem die Waffenbeh\u00f6rden an den SIS-Verbund angebunden, sie sollen dort etwa zur Fahndung ausgeschriebene Schusswaffen abfragen k\u00f6nnen. Zu einem sp\u00e4teren Zeitpunkt erfolgt auch die Vernetzung mit Einb\u00fcrgerungs- und Justizbeh\u00f6rden. Ebenfalls angebunden werden private Zulassungsstellen f\u00fcr den Freizeitsport, darunter Verb\u00e4nde f\u00fcr Flug und Modellflug oder den Fallschirmsport sowie der Allgemeine Deutscher Automobil-Club. Sie d\u00fcrfen das SIS zwar nicht direkt, aber mit einem Umweg \u00fcber Polizeibeh\u00f6rden nutzen.<\/p>\n<p>F\u00fcr das Projekt \u201eSIS 3.0\u201c hat das Bundeskriminalamt (BKA) vor zwei Jahren eine Arbeitsgruppe mit 94 Mitarbeiter*innen eingerichtet, die sich zu zwei Dritteln aus privaten Dienstleistern zusammensetzt. Sie ist f\u00fcr technische Schnittstellen zust\u00e4ndig, entwirft Schulungsprogramme f\u00fcr die Neuzug\u00e4nge und f\u00fchrt diese auch durch. Das BKA erh\u00e4lt daf\u00fcr vom Bundesinnenministerium bis 2024 insgesamt 68,5 Millionen Euro, einen Teil davon finanziert die EU-Kommission aus dem Fonds f\u00fcr die Innere Sicherheit.<\/p>\n<h6><a href=\"#_ftnref1\" name=\"_ftn1\">[1]<\/a> BT-Drs. 19\/23614 v. 23.10.2020<\/h6>\n","protected":false},"excerpt":{"rendered":"<p>Derzeit stehen mehr als 90 Millionen Personen und Gegenst\u00e4nde zur Fahndung oder auch Einreiseverweigerung im<\/p>\n","protected":false},"author":3,"featured_media":0,"comment_status":"open","ping_status":"open","sticky":false,"template":"","format":"standard","meta":{"footnotes":""},"categories":[128,146],"tags":[],"class_list":["post-18611","post","type-post","status-publish","format-standard","hentry","category-cilip-124","category-meldungen-inland"],"_links":{"self":[{"href":"https:\/\/wp-dev.daten.cool\/index.php?rest_route=\/wp\/v2\/posts\/18611","targetHints":{"allow":["GET"]}}],"collection":[{"href":"https:\/\/wp-dev.daten.cool\/index.php?rest_route=\/wp\/v2\/posts"}],"about":[{"href":"https:\/\/wp-dev.daten.cool\/index.php?rest_route=\/wp\/v2\/types\/post"}],"author":[{"embeddable":true,"href":"https:\/\/wp-dev.daten.cool\/index.php?rest_route=\/wp\/v2\/users\/3"}],"replies":[{"embeddable":true,"href":"https:\/\/wp-dev.daten.cool\/index.php?rest_route=%2Fwp%2Fv2%2Fcomments&post=18611"}],"version-history":[{"count":0,"href":"https:\/\/wp-dev.daten.cool\/index.php?rest_route=\/wp\/v2\/posts\/18611\/revisions"}],"wp:attachment":[{"href":"https:\/\/wp-dev.daten.cool\/index.php?rest_route=%2Fwp%2Fv2%2Fmedia&parent=18611"}],"wp:term":[{"taxonomy":"category","embeddable":true,"href":"https:\/\/wp-dev.daten.cool\/index.php?rest_route=%2Fwp%2Fv2%2Fcategories&post=18611"},{"taxonomy":"post_tag","embeddable":true,"href":"https:\/\/wp-dev.daten.cool\/index.php?rest_route=%2Fwp%2Fv2%2Ftags&post=18611"}],"curies":[{"name":"wp","href":"https:\/\/api.w.org\/{rel}","templated":true}]}}