{"id":18613,"date":"2020-11-22T13:43:40","date_gmt":"2020-11-22T13:43:40","guid":{"rendered":"https:\/\/www.cilip.de\/?p=18613"},"modified":"2020-11-22T13:43:40","modified_gmt":"2020-11-22T13:43:40","slug":"taser-fuer-die-bundespolizei","status":"publish","type":"post","link":"https:\/\/wp-dev.daten.cool\/?p=18613","title":{"rendered":"Taser f\u00fcr die Bundespolizei"},"content":{"rendered":"<p>Die Bundespolizei-Inspektionen Berlin-Ostbahnhof, Kaiserslautern und Frankfurt\/Main-Hauptbahnhof haben Anfang September ein Pilotprojekt zum Einsatz von rund 30 Tasern begonnen. Bislang war bei der Bundespolizei nur die Spezialeinheit GSG 9 mit solchen \u201eDistanzElektroImpulsGer\u00e4ten\u201c (DEIG) ausger\u00fcstet, laut einem Bericht des \u201eSpiegel\u201c wurden sie dort aber nie genutzt.<a href=\"#_ftn1\" name=\"_ftnref1\">[1]<\/a> Taser schie\u00dfen mit einem Draht verbundene Pfeile ab, die in die Haut eindringen und f\u00fcr mehrere Sekunden einen Stromimpuls von 50.000 Volt abgeben. Die Betroffenen sp\u00fcren einen sehr starken Schmerz und sind f\u00fcr kurze Zeit gel\u00e4hmt.<\/p>\n<p>Bei der GSG 9 sind die Ger\u00e4te der Schusswaffe gleichgestellt, in dem neuen Pilotprojekt der Bundespolizei gelten sie als \u201eHilfsmittel der k\u00f6rperlichen Gewalt\u201c. <!--more-->So steht es in einer Verwaltungsvorschrift vom 7. August, die das Bundesministerium des Innern f\u00fcr das Modell \u201eTaser X2\u201c des US-Herstellers Axon im Ministerialblatt ver\u00f6ffentlicht hat.<a href=\"#_ftn2\" name=\"_ftnref2\">[2]<\/a> Ihre Anwendung ist in \u00a7 2 Absatz 3 des Gesetzes \u00fcber den unmittelbaren Zwang bei Aus\u00fcbung \u00f6ffentlicher Gewalt (UZwG) geregelt. Die Taser sind damit Fesseln, Wasserwerfern, Diensthunden oder auch Dienstpferden gleichgestellt.<\/p>\n<p>Gem\u00e4\u00df der Verwaltungsvorschrift sollen die Beamt*innen den Einsatz androhen und sollen die Elektroschockwaffe dann \u201em\u00f6glichst gegen den R\u00fccken\u201c oder auf den unteren Oberk\u00f6rper der Zielperson abfeuern. Nicht erlaubt ist die gleichzeitige Nutzung zweier Ger\u00e4te gegen eine Person. Sch\u00fcsse auf Herzkranke und Schwangere sollen vermieden werden. In Situationen, die eine \u201eunverh\u00e4ltnism\u00e4\u00dfig hohe Gef\u00e4hrdung\u201c verursachen k\u00f6nnten, sollen andere Mittel genutzt werden.<\/p>\n<p>Laut einer Amnesty-Studie zu Tasern in den Niederlanden sind Eins\u00e4tze dort h\u00e4ufig unzul\u00e4ssig oder unverh\u00e4ltnism\u00e4\u00dfig, unter anderem wurden H\u00e4ftlinge oder Festgenommene in Handschellen getasert.<a href=\"#_ftn3\" name=\"_ftnref3\">[3]<\/a> Bestimmungen dazu enth\u00e4lt die Verwaltungsvorschrift der Bundespolizei nicht. Untersagt wird aber der sogenannte \u201eKontaktmodus\u201c, in dem das Ger\u00e4t direkt an den K\u00f6rper gehalten wird und dabei starke Schmerzen, aber keine L\u00e4hmung verursacht. Zur \u201eRisikominimierung\u201c sollen die Beamt*innen in dem Pilotprojekt Defibrillatoren zur Notfall-Behandlung von Herzrhythmusst\u00f6rungen mitf\u00fchren und in deren Anwendung geschult werden.<\/p>\n<h6><a href=\"#_ftnref1\" name=\"_ftn1\">[1]<\/a> \u201eBundespolizei testet Taser auf Bahnh\u00f6fen\u201c v. 21.8.2020<\/h6>\n<h6><a href=\"#_ftnref2\" name=\"_ftn2\">[2]<\/a> Der Bezug des Dokuments ist kostenpflichtig, die Plattform \u201eFrag den Staat\u201c hat es online gestellt: <a href=\"https:\/\/fragdenstaat.de\/dokumente\/7558-gmbl-taser\">https:\/\/fragdenstaat.de\/dokumente\/7558-gmbl-taser<\/a><\/h6>\n<h6><a href=\"#_ftnref3\" name=\"_ftn3\">[3]<\/a> <a href=\"https:\/\/amnesty-polizei.de\/der-taser-ein-gescheitertes-experiment\">https:\/\/amnesty-polizei.de\/der-taser-ein-gescheitertes-experiment<\/a><\/h6>\n<h3>Beitragsbild: Taser bei der Polizei in (<a href=\"https:\/\/www.presseportal.de\/blaulicht\/pm\/43561\/3786138\">Polizeipr\u00e4sidium S\u00fcdosthessen<\/a>).<\/h3>\n","protected":false},"excerpt":{"rendered":"<p>Die Bundespolizei-Inspektionen Berlin-Ostbahnhof, Kaiserslautern und Frankfurt\/Main-Hauptbahnhof haben Anfang September ein Pilotprojekt zum Einsatz von rund<\/p>\n","protected":false},"author":3,"featured_media":18619,"comment_status":"open","ping_status":"open","sticky":false,"template":"","format":"standard","meta":{"footnotes":""},"categories":[128,146],"tags":[],"class_list":["post-18613","post","type-post","status-publish","format-standard","has-post-thumbnail","hentry","category-cilip-124","category-meldungen-inland"],"_links":{"self":[{"href":"https:\/\/wp-dev.daten.cool\/index.php?rest_route=\/wp\/v2\/posts\/18613","targetHints":{"allow":["GET"]}}],"collection":[{"href":"https:\/\/wp-dev.daten.cool\/index.php?rest_route=\/wp\/v2\/posts"}],"about":[{"href":"https:\/\/wp-dev.daten.cool\/index.php?rest_route=\/wp\/v2\/types\/post"}],"author":[{"embeddable":true,"href":"https:\/\/wp-dev.daten.cool\/index.php?rest_route=\/wp\/v2\/users\/3"}],"replies":[{"embeddable":true,"href":"https:\/\/wp-dev.daten.cool\/index.php?rest_route=%2Fwp%2Fv2%2Fcomments&post=18613"}],"version-history":[{"count":0,"href":"https:\/\/wp-dev.daten.cool\/index.php?rest_route=\/wp\/v2\/posts\/18613\/revisions"}],"wp:featuredmedia":[{"embeddable":true,"href":"https:\/\/wp-dev.daten.cool\/index.php?rest_route=\/wp\/v2\/media\/18619"}],"wp:attachment":[{"href":"https:\/\/wp-dev.daten.cool\/index.php?rest_route=%2Fwp%2Fv2%2Fmedia&parent=18613"}],"wp:term":[{"taxonomy":"category","embeddable":true,"href":"https:\/\/wp-dev.daten.cool\/index.php?rest_route=%2Fwp%2Fv2%2Fcategories&post=18613"},{"taxonomy":"post_tag","embeddable":true,"href":"https:\/\/wp-dev.daten.cool\/index.php?rest_route=%2Fwp%2Fv2%2Ftags&post=18613"}],"curies":[{"name":"wp","href":"https:\/\/api.w.org\/{rel}","templated":true}]}}