{"id":18625,"date":"2020-11-25T10:55:41","date_gmt":"2020-11-25T10:55:41","guid":{"rendered":"https:\/\/www.cilip.de\/?p=18625"},"modified":"2020-11-25T10:55:41","modified_gmt":"2020-11-25T10:55:41","slug":"gefaehrder-bald-als-arbeitsbegriff-der-eu","status":"publish","type":"post","link":"https:\/\/wp-dev.daten.cool\/?p=18625","title":{"rendered":"\u201eGef\u00e4hrder\u201c bald als Arbeitsbegriff der EU?"},"content":{"rendered":"<p>Im Rahmen ihres EU-Vorsitzes will die Bundesregierung ein \u201egemeinsames Verst\u00e4ndnis und gemeinsame Kriterien\u201c zur Einstufung sogenannter \u201eGef\u00e4hrder\u201c entwickeln. Das Bundesinnenministerium hat hierf\u00fcr Schlussfolgerungen entworfen, die auf Antworten auf einen Fragebogen an alle Mitgliedstaaten basieren.<a href=\"#_ftn1\" name=\"_ftnref1\">[1]<\/a> Das Dokument vermeidet den Versuch einer EU-weiten Legaldefinition von \u201eGef\u00e4hrdern\u201c, die es auch in Deutschland nicht gibt, sondern zielt auf die Entwicklung eines einheitlichen \u201eArbeitsbegriffs\u201c. Auf Englisch werden \u201eGef\u00e4hrder\u201c in dem Dokument als \u201ePersonen, die eine potentielle terroristische oder gewaltt\u00e4tige extremistische Bedrohung darstellen\u201c (\u201epersons considered a po\u00adtential terrorist or violent extremist threat\u201c)erl\u00e4utert. In \u00dcbersetzungen des deutschen Vorschlags in andere Sprachen wird jedoch stets das deutsche Wort \u201eGef\u00e4hrder\u201c benutzt.<!--more--><\/p>\n<p>Daten zu \u201eGef\u00e4hrdern\u201c sollen dem Vorschlag zufolge verst\u00e4rkt in europ\u00e4ische Datenbanken und Informationssysteme eingegeben werden. Damit sollen die Beh\u00f6rden der Mitgliedstaaten bef\u00e4higt werden, \u201eBedrohungen fr\u00fcher zu erkennen, Straftaten zu verhindern und Ressourcen besser gezielt einzusetzen\u201c. Schon l\u00e4nger schreiben europ\u00e4ische Polizeibeh\u00f6rden und Geheimdienste Personen, die als \u201epotentielle terroristische oder gewaltt\u00e4tige extremistische Bedrohung\u201c angesehen werden, insbesondere im gemeinsam betriebenen Schengener Informationssystem (SIS II) zur verdeckten Beobachtung und gezielten Kontrolle aus. M\u00f6glich w\u00e4re, die Speicherung zuk\u00fcnftig mit einem Marker \u201eGef\u00e4hrder\u201c zu versehen. Eine \u00e4hnliche M\u00f6glichkeit wurde im SIS II erst k\u00fcrzlich als \u201eAktivit\u00e4t mit Terrorismusbezug\u201c eingef\u00fchrt.<\/p>\n<p>Auch Geheimdienste k\u00f6nnen diese Ausschreibungen im SIS II nutzen. Im Rahmen der \u201eCounter Terrorism Group\u201c unterhalten die Inlandsdienste aller Schengen-Staaten eine gemeinsame Datenbank und ein Echtzeit-Informationssystem beim niederl\u00e4ndischen Geheimdienst AIVD in Den Haag.<a href=\"#_ftn2\" name=\"_ftnref2\">[2]<\/a> Sie dienen dem Austausch \u00fcber Personen, die dem \u201eislamistischem Terrorismus\u201c zugerechnet werden. Dabei d\u00fcrfte es sich in weiten Teilen um den Kreis handeln, der nun europaweit als \u201eGef\u00e4hrder\u201c bezeichnet werden soll.<\/p>\n<h6><a href=\"#_ftnref1\" name=\"_ftn1\">[1]<\/a>\u00a0Ratsdok. 11591\/20 v. 12.10.2020, abrufbar unter <a href=\"https:\/\/www.statewatch.org\/news\/2020\/october\/eu-german-presidency-seeks-common-approach-for-data-sharing-on-potential-terrorists\">https:\/\/www.statewatch.org\/news\/2020\/october\/eu-german-presidency-seeks-common-approach-for-data-sharing-on-potential-terrorists<\/a>; vgl. zum Begriff auch Busch, H.: Wie der \u201aGef\u00e4hrder\u2018 sich ins Recht schleicht, CILIP-Blog, abrufbar unter <a href=\"https:\/\/www.cilip.de\/2017\/02\/15\/wie-der-gefaehrder-sich-ins-recht-schleicht\">https:\/\/www.cilip.de\/2017\/02\/15\/wie-der-gefaehrder-sich-ins-recht-schleicht<\/a><\/h6>\n<h6><a href=\"#_ftnref2\" name=\"_ftn2\">[2]<\/a> <a href=\"https:\/\/netzpolitik.org\/2016\/zusammenarbeit-europaeischer-geheimdienste-erste-operative-ergebnisse-in-den-haag\">https:\/\/netzpolitik.org\/2016\/zusammenarbeit-europaeischer-geheimdienste-erste-operative-ergebnisse-in-den-haag<\/a><\/h6>\n","protected":false},"excerpt":{"rendered":"<p>Im Rahmen ihres EU-Vorsitzes will die Bundesregierung ein \u201egemeinsames Verst\u00e4ndnis und gemeinsame Kriterien\u201c zur Einstufung<\/p>\n","protected":false},"author":3,"featured_media":0,"comment_status":"open","ping_status":"open","sticky":false,"template":"","format":"standard","meta":{"footnotes":""},"categories":[128,145],"tags":[],"class_list":["post-18625","post","type-post","status-publish","format-standard","hentry","category-cilip-124","category-meldungen-europa"],"_links":{"self":[{"href":"https:\/\/wp-dev.daten.cool\/index.php?rest_route=\/wp\/v2\/posts\/18625","targetHints":{"allow":["GET"]}}],"collection":[{"href":"https:\/\/wp-dev.daten.cool\/index.php?rest_route=\/wp\/v2\/posts"}],"about":[{"href":"https:\/\/wp-dev.daten.cool\/index.php?rest_route=\/wp\/v2\/types\/post"}],"author":[{"embeddable":true,"href":"https:\/\/wp-dev.daten.cool\/index.php?rest_route=\/wp\/v2\/users\/3"}],"replies":[{"embeddable":true,"href":"https:\/\/wp-dev.daten.cool\/index.php?rest_route=%2Fwp%2Fv2%2Fcomments&post=18625"}],"version-history":[{"count":0,"href":"https:\/\/wp-dev.daten.cool\/index.php?rest_route=\/wp\/v2\/posts\/18625\/revisions"}],"wp:attachment":[{"href":"https:\/\/wp-dev.daten.cool\/index.php?rest_route=%2Fwp%2Fv2%2Fmedia&parent=18625"}],"wp:term":[{"taxonomy":"category","embeddable":true,"href":"https:\/\/wp-dev.daten.cool\/index.php?rest_route=%2Fwp%2Fv2%2Fcategories&post=18625"},{"taxonomy":"post_tag","embeddable":true,"href":"https:\/\/wp-dev.daten.cool\/index.php?rest_route=%2Fwp%2Fv2%2Ftags&post=18625"}],"curies":[{"name":"wp","href":"https:\/\/api.w.org\/{rel}","templated":true}]}}