{"id":18627,"date":"2020-11-25T15:57:12","date_gmt":"2020-11-25T15:57:12","guid":{"rendered":"https:\/\/www.cilip.de\/?p=18627"},"modified":"2020-11-25T15:57:12","modified_gmt":"2020-11-25T15:57:12","slug":"grosse-drohnen-im-mittelmeer","status":"publish","type":"post","link":"https:\/\/wp-dev.daten.cool\/?p=18627","title":{"rendered":"Gro\u00dfe Drohnen im Mittelmeer"},"content":{"rendered":"<p>Die EU-Grenzagentur Frontex hat den langfristigen Einsatz von Drohnen im Mittelmeer beschlossen. Einen Auftrag \u00fcber 50 Millionen Euro erh\u00e4lt nach eigener Auskunft der R\u00fcstungskonzern Airbus in Bremen,<a href=\"#_ftn1\" name=\"_ftnref1\">[1]<\/a> der hierf\u00fcr eine israelische \u201eHeron 1\u201c von Israel Aerospace Industries (IAI) anmietet. Airbus und Frontex hatten zuvor auf Kreta eine \u201eHeron 1\u201c f\u00fcr die EU-Grenz\u00fcberwachung erprobt. Laut \u201eTenders Electronic Dai\u00adly\u201c, dem Anzeiger f\u00fcr das \u00f6ffentliche Auftragswesen in Europa, hat auch die israelische Firma Elbit einen Zuschlag von \u00fcber 50 Millionen Euro f\u00fcr eine Frontex-Drohne erhalten.<a href=\"#_ftn2\" name=\"_ftnref2\">[2]<\/a> Dabei handelt es sich vermutlich um eine \u201eHermes 900\u201c, die \u00fcber die EU-Agentur f\u00fcr Meeressicherheit (EMSA) bereits f\u00fcr Frontex im Einsatz war.<!--more--><\/p>\n<p>Noch ist unklar, wo die Stationierung erfolgt; in der Ausschreibung ist die Rede von Griechenland, Italien oder Malta. Den Einsatzradius gibt Frontex mit fast 500 Kilometern an, die Drohnen sollen dabei mehr als 24 Stunden in der Luft bleiben. Die bei Missionen anfallenden Informationen will Frontex unter anderem an die libysche K\u00fcstenwache \u00fcber\u00admitteln.<\/p>\n<p>Auch das italienische Innenministerium will jetzt gro\u00dfe Drohnen im zentralen Mittelmeer einsetzen. Sie sollen bei Tag und Nacht irregul\u00e4re Migration aus L\u00e4ndern wie Libyen und Tunesien \u00fcberwachen. Die Kosten gibt die Regierung mit 7,2 Millionen Euro an,<a href=\"#_ftn3\" name=\"_ftnref3\">[3]<\/a> die EU-Kommission \u00fcbernimmt davon die H\u00e4lfte\u00fcber den Fonds f\u00fcr innere Sicherheit. Den Auftrag hat der italienische R\u00fcstungskonzern Leonardo erhalten. Der Vertrag hat eine Laufzeit von zun\u00e4chst einem Jahr und kann zweimal verl\u00e4ngert werden.Leonardo soll bis zu 1.800 Flugstunden bereitstellen. Die Stationierung erfolgt auf sizilianischen Flugh\u00e4fen, der Einsatzradius soll wie bei Frontex rund 550 Kilometer betragen.<\/p>\n<h6><a href=\"#_ftnref1\" name=\"_ftn1\">[1]<\/a> <a href=\"https:\/\/www.airbus.com\/newsroom\/press-releases\/en\/2020\/10\/european-border-and-coast-guard-agency-frontex-selects-airbus-and-its-partner-iai-for-maritime-aerial-surveillance-with-remotely-piloted-aircraft-systems-rpas.html\">https:\/\/www.airbus.com\/newsroom\/press-releases\/en\/2020\/10\/european-border-and-coast-guard-agency-frontex-selects-airbus-and-its-partner-iai-for-maritime-aerial-surveillance-with-remotely-piloted-aircraft-systems-rpas.html<\/a><\/h6>\n<h6><a href=\"#_ftnref2\" name=\"_ftn2\">[2]<\/a> <a href=\"https:\/\/ted.europa.eu\/udl?uri=TED:NOTICE:451105-2020:TEXT:FR:HTML&amp;WT\">https:\/\/ted.europa.eu\/udl?uri=TED:NOTICE:451105-2020:TEXT:FR:HTML&amp;WT<\/a><\/h6>\n<h6><a href=\"#_ftnref3\" name=\"_ftn3\">[3]<\/a> <a href=\"https:\/\/www.poliziadistato.it\/statics\/10\/3-gara-drone-capitolato-tecnico.pdf\">https:\/\/www.poliziadistato.it\/statics\/10\/3-gara-drone-capitolato-tecnico.pdf<\/a><a href=\"#_ftnref4\" name=\"_ftn4\"><\/a><\/h6>\n<h6>Beitragsbild: Hermes 900 (YouTube, <a href=\"https:\/\/www.youtube.com\/watch?v=BiLRE68UI6Y\">Screenshot<\/a>).<\/h6>\n","protected":false},"excerpt":{"rendered":"<p>Die EU-Grenzagentur Frontex hat den langfristigen Einsatz von Drohnen im Mittelmeer beschlossen. Einen Auftrag \u00fcber<\/p>\n","protected":false},"author":2,"featured_media":18631,"comment_status":"open","ping_status":"open","sticky":false,"template":"","format":"standard","meta":{"footnotes":""},"categories":[128,145],"tags":[],"class_list":["post-18627","post","type-post","status-publish","format-standard","has-post-thumbnail","hentry","category-cilip-124","category-meldungen-europa"],"_links":{"self":[{"href":"https:\/\/wp-dev.daten.cool\/index.php?rest_route=\/wp\/v2\/posts\/18627","targetHints":{"allow":["GET"]}}],"collection":[{"href":"https:\/\/wp-dev.daten.cool\/index.php?rest_route=\/wp\/v2\/posts"}],"about":[{"href":"https:\/\/wp-dev.daten.cool\/index.php?rest_route=\/wp\/v2\/types\/post"}],"author":[{"embeddable":true,"href":"https:\/\/wp-dev.daten.cool\/index.php?rest_route=\/wp\/v2\/users\/2"}],"replies":[{"embeddable":true,"href":"https:\/\/wp-dev.daten.cool\/index.php?rest_route=%2Fwp%2Fv2%2Fcomments&post=18627"}],"version-history":[{"count":0,"href":"https:\/\/wp-dev.daten.cool\/index.php?rest_route=\/wp\/v2\/posts\/18627\/revisions"}],"wp:featuredmedia":[{"embeddable":true,"href":"https:\/\/wp-dev.daten.cool\/index.php?rest_route=\/wp\/v2\/media\/18631"}],"wp:attachment":[{"href":"https:\/\/wp-dev.daten.cool\/index.php?rest_route=%2Fwp%2Fv2%2Fmedia&parent=18627"}],"wp:term":[{"taxonomy":"category","embeddable":true,"href":"https:\/\/wp-dev.daten.cool\/index.php?rest_route=%2Fwp%2Fv2%2Fcategories&post=18627"},{"taxonomy":"post_tag","embeddable":true,"href":"https:\/\/wp-dev.daten.cool\/index.php?rest_route=%2Fwp%2Fv2%2Ftags&post=18627"}],"curies":[{"name":"wp","href":"https:\/\/api.w.org\/{rel}","templated":true}]}}