{"id":18629,"date":"2020-11-24T17:58:34","date_gmt":"2020-11-24T17:58:34","guid":{"rendered":"https:\/\/www.cilip.de\/?p=18629"},"modified":"2020-11-24T17:58:34","modified_gmt":"2020-11-24T17:58:34","slug":"keine-waffen-fuer-frontex","status":"publish","type":"post","link":"https:\/\/wp-dev.daten.cool\/?p=18629","title":{"rendered":"Keine Waffen f\u00fcr Frontex"},"content":{"rendered":"<p>Die neue Frontex-Verordnung<a href=\"#_ftn1\" name=\"_ftnref1\">[1]<\/a> bestimmt den Aufbau einer \u201eSt\u00e4ndigen Reserve\u201c (\u201eStanding Corps\u201c), die bis 2027 aus 10.000 Polizist*innen f\u00fcr Kurz- und Langzeiteins\u00e4tze bestehen soll. Die meisten Einsatzkr\u00e4fte werden wie bislang \u00fcblich aus den Mitgliedstaaten entsandt, 3.000 von ihnen unterstehen aber als \u201eKategorie 1\u201c direkt dem Hauptquartier in Warschau. Sie sollen zum 1. Januar 2021 abrufbereit sein.<\/p>\n<p>Die Beamt*innen der \u201eKategorie 1\u201c tragen erstmals einheitliche EU-Uniformen, au\u00dferdem wird die neue Grenztruppe mit Einsatzmitteln zur Aus\u00fcbung von Zwang bewaffnet; genannt werden Dienstpistole, Schlagstock, Handschellen und Reizstoffe. Allerdings beinhaltet die neue Verordnung hierf\u00fcr keine Rechtsgrundlage. Mit ihrem Sitz in Warschau gilt Frontex nach polnischen Gesetzen und dem Sitzabkommen mit der polnischen Regierung nicht als Einheit, die Waffen oder Munition anschaffen, registrieren, lagern oder in Einsatzgebiete transportieren darf.<!--more--><\/p>\n<p>Zusammen mit der EU-Kommission sucht Frontex jetzt nach L\u00f6sungen.<a href=\"#_ftn2\" name=\"_ftnref2\">[2]<\/a> Ungeachtet der rechtlichen Unsicherheit hat die Agentur eine Ausschreibung f\u00fcr die Pistolen, Munition und \u201enicht-t\u00f6dliche Ausr\u00fcstung\u201c vorbereitet und Gespr\u00e4che mit Waffenlieferanten gef\u00fchrt. Diese h\u00e4tten im Falle einer Auftragsvergabe die schnelle Lieferung versprochen.<\/p>\n<h6><a href=\"#_ftnref1\" name=\"_ftn1\">[1]<\/a> Verordnung (EU) 2019\/1896v. 13.11.2019<\/h6>\n<h6><a href=\"#_ftnref2\" name=\"_ftn2\">[2]<\/a> BT-Drs. 19\/23647 v. 26.10.2020<\/h6>\n","protected":false},"excerpt":{"rendered":"<p>Die neue Frontex-Verordnung[1] bestimmt den Aufbau einer \u201eSt\u00e4ndigen Reserve\u201c (\u201eStanding Corps\u201c), die bis 2027 aus<\/p>\n","protected":false},"author":3,"featured_media":0,"comment_status":"open","ping_status":"open","sticky":false,"template":"","format":"standard","meta":{"footnotes":""},"categories":[128,145],"tags":[],"class_list":["post-18629","post","type-post","status-publish","format-standard","hentry","category-cilip-124","category-meldungen-europa"],"_links":{"self":[{"href":"https:\/\/wp-dev.daten.cool\/index.php?rest_route=\/wp\/v2\/posts\/18629","targetHints":{"allow":["GET"]}}],"collection":[{"href":"https:\/\/wp-dev.daten.cool\/index.php?rest_route=\/wp\/v2\/posts"}],"about":[{"href":"https:\/\/wp-dev.daten.cool\/index.php?rest_route=\/wp\/v2\/types\/post"}],"author":[{"embeddable":true,"href":"https:\/\/wp-dev.daten.cool\/index.php?rest_route=\/wp\/v2\/users\/3"}],"replies":[{"embeddable":true,"href":"https:\/\/wp-dev.daten.cool\/index.php?rest_route=%2Fwp%2Fv2%2Fcomments&post=18629"}],"version-history":[{"count":0,"href":"https:\/\/wp-dev.daten.cool\/index.php?rest_route=\/wp\/v2\/posts\/18629\/revisions"}],"wp:attachment":[{"href":"https:\/\/wp-dev.daten.cool\/index.php?rest_route=%2Fwp%2Fv2%2Fmedia&parent=18629"}],"wp:term":[{"taxonomy":"category","embeddable":true,"href":"https:\/\/wp-dev.daten.cool\/index.php?rest_route=%2Fwp%2Fv2%2Fcategories&post=18629"},{"taxonomy":"post_tag","embeddable":true,"href":"https:\/\/wp-dev.daten.cool\/index.php?rest_route=%2Fwp%2Fv2%2Ftags&post=18629"}],"curies":[{"name":"wp","href":"https:\/\/api.w.org\/{rel}","templated":true}]}}